{"id":23491,"date":"2022-06-27T13:15:55","date_gmt":"2022-06-27T13:15:55","guid":{"rendered":"https:\/\/crees.org.do\/?p=23491"},"modified":"2022-06-27T13:15:55","modified_gmt":"2022-06-27T13:15:55","slug":"los-fideicomisos-deben-ir-a-la-deuda-publica","status":"publish","type":"post","link":"https:\/\/crees.org.do\/?p=23491","title":{"rendered":"Los fideicomisos deben ir a la deuda p\u00fablica"},"content":{"rendered":"<p>Autor: Ubaldo Guzm\u00e1n Molina<\/p>\n<p>Fecha: 7 de junio del 2022<\/p>\n<p>Extra\u00eddo de: <a href=\"https:\/\/hoy.com.do\/los-fideicomisos-deben-ir-a-la-deuda-publica\/\">Peri\u00f3dico Hoy\u00a0<\/a><\/p>\n<p style=\"text-align: justify;\">La\u00a0<strong>deuda de los fideicomisos<\/strong>\u00a0debe ser considerada como deuda p\u00fablica, ya que actualmente no se registra como tal, plante\u00f3 ayer el vicepresidente del Centro Regional de Estrategias Econ\u00f3micas Sostenibles (Crees),\u00a0<strong>Miguel Collado Di Franco.<\/strong><\/p>\n<p style=\"text-align: justify;\">Consider\u00f3 que los RD$53,639 millones de deuda, hasta el 31 de diciembre del a\u00f1o pasado, del\u00a0<strong>fideicomiso RD Vial<\/strong>, deber\u00eda ser registrada como deuda p\u00fablica.<\/p>\n<p style=\"text-align: justify;\">\u201cEn el caso particular de los fideicomisos, la l\u00f3gica es que el fideicomitente, que es el Estado, est\u00e1 poniendo un activo en el fideicomiso y, por tanto, los pasivos que se contraigan para financiar cualquier actividad, el fideicomiso puede ser considerado como p\u00fablico\u201d, dijo.<\/p>\n<p style=\"text-align: justify;\">Expres\u00f3 que si se considera que\u00a0<strong>esos pasivos no son p\u00fablicos<\/strong>, se podr\u00eda abrir una llave para que el nuevo financiamiento se contraiga a trav\u00e9s de los fideicomisos, y no sea registrado como deuda p\u00fablica, con lo cual se estar\u00eda aumentando los\u00a0<strong>pasivos consolidados del Estado.<\/strong><\/p>\n<p style=\"text-align: justify;\">Consider\u00f3 que el Gobierno no debe embarcarse en un fideicomiso, sabiendo de antemano que no ser\u00e1 financieramente sostenible.<\/p>\n<p style=\"text-align: justify;\"><strong>Le puede interesar:\u00a0<a href=\"https:\/\/hoy.com.do\/?p=2470541\">Cambio de rumbo en la pol\u00edtica de inversi\u00f3n p\u00fablica<\/a><\/strong><\/p>\n<p style=\"text-align: justify;\">\u201cNo tiene sentido constituir un fideicomiso si no es financieramente sostenible, porque ser\u00eda financiar algo insostenible, a trav\u00e9s del fideicomiso, y ser\u00e1 deuda p\u00fablica si se hace\u201d, sostuvo al ser entrevistado por HOY.<\/p>\n<p style=\"text-align: justify;\">Recomend\u00f3 cuidado con las operaciones a trav\u00e9s de los fideicomisos, pues deben ser sostenibles, ya que las\u00a0<strong>deudas (los pasivos)<\/strong>\u00a0se corresponder\u00edan a deuda del Estado dominicano.<\/p>\n<p style=\"text-align: justify;\">Explic\u00f3 que de esa manera se estar\u00eda asumiendo deuda y no necesariamente ir\u00eda al Congreso, con lo cual se\u00a0<strong>aumentar\u00eda el pasivo p\u00fablico.<\/strong><\/p>\n<p style=\"text-align: justify;\">\u201cSi se hace el fideicomiso, debe ser muy transparente y la deuda irse consolidando dentro de la deuda del Estado\u201d, manifest\u00f3.<\/p>\n<p style=\"text-align: justify;\"><strong>Tambi\u00e9n puede leer:\u00a0<a href=\"https:\/\/hoy.com.do\/?p=2458250\">El Senado aprueba r\u00e9gimen para aplicar los fideicomisos<\/a><\/strong><\/p>\n<p style=\"text-align: justify;\">Plante\u00f3 que no solo el pasivo de los fideicomisos p\u00fablicos debe registrarse en la deuda p\u00fablica, sino, tambi\u00e9n, los endeudamientos del Banco de Reservas y del Banco Agr\u00edcola, as\u00ed como todas las instituciones descentralizadas, financieras o no financieras.<\/p>\n<p style=\"text-align: justify;\">De su lado, el experto\u00a0<strong>Carlos Sully Bonelly<\/strong>, sostiene que el fideicomiso Fitram, constituido para la contrataci\u00f3n y financiamiento del monorriel de Santiago y el Tren Santo Domingo, no ser\u00eda financieramente sostenible, y que, incluso, generar\u00eda m\u00e1s deuda sin control fiscal que el fideicomiso RD Vial.<\/p>\n<p>Este \u00faltimo se trata del primer fideicomiso p\u00fablico creado por el Estado, en 2013, a trav\u00e9s de la\u00a0<strong>Fiduciaria Reservas.<\/strong><\/p>\n<div class=\"pvc_clear\"><\/div>\n<p class=\"pvc_stats all \" data-element-id=\"23491\" style=\"\"><i class=\"pvc-stats-icon medium\" aria-hidden=\"true\"><svg aria-hidden=\"true\" focusable=\"false\" data-prefix=\"far\" data-icon=\"chart-bar\" role=\"img\" xmlns=\"http:\/\/www.w3.org\/2000\/svg\" viewBox=\"0 0 512 512\" class=\"svg-inline--fa fa-chart-bar fa-w-16 fa-2x\"><path fill=\"currentColor\" d=\"M396.8 352h22.4c6.4 0 12.8-6.4 12.8-12.8V108.8c0-6.4-6.4-12.8-12.8-12.8h-22.4c-6.4 0-12.8 6.4-12.8 12.8v230.4c0 6.4 6.4 12.8 12.8 12.8zm-192 0h22.4c6.4 0 12.8-6.4 12.8-12.8V140.8c0-6.4-6.4-12.8-12.8-12.8h-22.4c-6.4 0-12.8 6.4-12.8 12.8v198.4c0 6.4 6.4 12.8 12.8 12.8zm96 0h22.4c6.4 0 12.8-6.4 12.8-12.8V204.8c0-6.4-6.4-12.8-12.8-12.8h-22.4c-6.4 0-12.8 6.4-12.8 12.8v134.4c0 6.4 6.4 12.8 12.8 12.8zM496 400H48V80c0-8.84-7.16-16-16-16H16C7.16 64 0 71.16 0 80v336c0 17.67 14.33 32 32 32h464c8.84 0 16-7.16 16-16v-16c0-8.84-7.16-16-16-16zm-387.2-48h22.4c6.4 0 12.8-6.4 12.8-12.8v-70.4c0-6.4-6.4-12.8-12.8-12.8h-22.4c-6.4 0-12.8 6.4-12.8 12.8v70.4c0 6.4 6.4 12.8 12.8 12.8z\" class=\"\"><\/path><\/svg><\/i> Vistas Totales&nbsp;994&nbsp;, Vistas Hoy&nbsp;2&nbsp;<\/p>\n<div class=\"pvc_clear\"><\/div>\n","protected":false},"excerpt":{"rendered":"<p>Autor: Ubaldo Guzm\u00e1n Molina Fecha: 7 de junio del 2022 Extra\u00eddo de: Peri\u00f3dico Hoy\u00a0 La\u00a0deuda de los fideicomisos\u00a0debe ser considerada como deuda p\u00fablica, ya que actualmente no se registra como tal, plante\u00f3 ayer el vicepresidente del Centro Regional de Estrategias Econ\u00f3micas Sostenibles (Crees),\u00a0Miguel Collado Di Franco. Consider\u00f3 que los RD$53,639 millones de deuda, hasta el&#8230;<\/p>\n<div class=\"pvc_clear\"><\/div>\n<p class=\"pvc_stats all \" data-element-id=\"23491\" style=\"\"><i class=\"pvc-stats-icon medium\" aria-hidden=\"true\"><svg aria-hidden=\"true\" focusable=\"false\" data-prefix=\"far\" data-icon=\"chart-bar\" role=\"img\" xmlns=\"http:\/\/www.w3.org\/2000\/svg\" viewBox=\"0 0 512 512\" class=\"svg-inline--fa fa-chart-bar fa-w-16 fa-2x\"><path fill=\"currentColor\" d=\"M396.8 352h22.4c6.4 0 12.8-6.4 12.8-12.8V108.8c0-6.4-6.4-12.8-12.8-12.8h-22.4c-6.4 0-12.8 6.4-12.8 12.8v230.4c0 6.4 6.4 12.8 12.8 12.8zm-192 0h22.4c6.4 0 12.8-6.4 12.8-12.8V140.8c0-6.4-6.4-12.8-12.8-12.8h-22.4c-6.4 0-12.8 6.4-12.8 12.8v198.4c0 6.4 6.4 12.8 12.8 12.8zm96 0h22.4c6.4 0 12.8-6.4 12.8-12.8V204.8c0-6.4-6.4-12.8-12.8-12.8h-22.4c-6.4 0-12.8 6.4-12.8 12.8v134.4c0 6.4 6.4 12.8 12.8 12.8zM496 400H48V80c0-8.84-7.16-16-16-16H16C7.16 64 0 71.16 0 80v336c0 17.67 14.33 32 32 32h464c8.84 0 16-7.16 16-16v-16c0-8.84-7.16-16-16-16zm-387.2-48h22.4c6.4 0 12.8-6.4 12.8-12.8v-70.4c0-6.4-6.4-12.8-12.8-12.8h-22.4c-6.4 0-12.8 6.4-12.8 12.8v70.4c0 6.4 6.4 12.8 12.8 12.8z\" class=\"\"><\/path><\/svg><\/i> Vistas Totales&nbsp;994&nbsp;, Vistas Hoy&nbsp;2&nbsp;<\/p>\n<div class=\"pvc_clear\"><\/div>\n","protected":false},"author":2,"featured_media":23492,"comment_status":"closed","ping_status":"closed","sticky":false,"template":"","format":"standard","meta":{"footnotes":""},"categories":[19],"tags":[],"class_list":["post-23491","post","type-post","status-publish","format-standard","has-post-thumbnail","hentry","category-actualidad"],"yoast_head":"<!-- This site is optimized with the Yoast SEO plugin v25.2 - https:\/\/yoast.com\/wordpress\/plugins\/seo\/ -->\n<title>Los fideicomisos deben ir a la deuda p\u00fablica | CREES<\/title>\n<meta name=\"robots\" content=\"index, follow, max-snippet:-1, max-image-preview:large, max-video-preview:-1\" \/>\n<link rel=\"canonical\" href=\"https:\/\/crees.org.do\/?p=23491\" \/>\n<meta property=\"og:locale\" content=\"es_ES\" \/>\n<meta property=\"og:type\" content=\"article\" \/>\n<meta property=\"og:title\" content=\"Los fideicomisos deben ir a la deuda p\u00fablica | CREES\" \/>\n<meta property=\"og:description\" content=\"Autor: Ubaldo Guzm\u00e1n Molina Fecha: 7 de junio del 2022 Extra\u00eddo de: Peri\u00f3dico Hoy\u00a0 La\u00a0deuda de los fideicomisos\u00a0debe ser considerada como deuda p\u00fablica, ya que actualmente no se registra como tal, plante\u00f3 ayer el vicepresidente del Centro Regional de Estrategias Econ\u00f3micas Sostenibles (Crees),\u00a0Miguel Collado Di Franco. Consider\u00f3 que los RD$53,639 millones de deuda, hasta el...\" \/>\n<meta property=\"og:url\" content=\"https:\/\/crees.org.do\/?p=23491\" \/>\n<meta property=\"og:site_name\" content=\"CREES\" \/>\n<meta property=\"article:publisher\" content=\"https:\/\/www.facebook.com\/CREESRD\/\" \/>\n<meta property=\"article:published_time\" content=\"2022-06-27T13:15:55+00:00\" \/>\n<meta property=\"og:image\" content=\"https:\/\/crees.org.do\/wp-content\/uploads\/2022\/06\/Captura-23.jpg\" \/>\n\t<meta property=\"og:image:width\" content=\"720\" \/>\n\t<meta property=\"og:image:height\" content=\"525\" \/>\n\t<meta property=\"og:image:type\" content=\"image\/jpeg\" \/>\n<meta name=\"author\" content=\"Crees\" \/>\n<meta name=\"twitter:card\" content=\"summary_large_image\" \/>\n<meta name=\"twitter:creator\" content=\"@CREESRD\" \/>\n<meta name=\"twitter:site\" content=\"@CREESRD\" \/>\n<meta name=\"twitter:label1\" content=\"Escrito por\" \/>\n\t<meta name=\"twitter:data1\" content=\"Crees\" \/>\n\t<meta name=\"twitter:label2\" content=\"Tiempo de lectura\" \/>\n\t<meta name=\"twitter:data2\" content=\"2 minutos\" \/>\n<script type=\"application\/ld+json\" class=\"yoast-schema-graph\">{\"@context\":\"https:\/\/schema.org\",\"@graph\":[{\"@type\":\"Article\",\"@id\":\"https:\/\/crees.org.do\/?p=23491#article\",\"isPartOf\":{\"@id\":\"https:\/\/crees.org.do\/?p=23491\"},\"author\":{\"name\":\"Crees\",\"@id\":\"https:\/\/crees.org.do\/#\/schema\/person\/e7f97cd94d7bf9cd0e0ce30acb7d56b8\"},\"headline\":\"Los fideicomisos deben ir a la deuda p\u00fablica\",\"datePublished\":\"2022-06-27T13:15:55+00:00\",\"mainEntityOfPage\":{\"@id\":\"https:\/\/crees.org.do\/?p=23491\"},\"wordCount\":457,\"publisher\":{\"@id\":\"https:\/\/crees.org.do\/#organization\"},\"image\":{\"@id\":\"https:\/\/crees.org.do\/?p=23491#primaryimage\"},\"thumbnailUrl\":\"https:\/\/crees.org.do\/wp-content\/uploads\/2022\/06\/Captura-23.jpg\",\"articleSection\":[\"Actualidad\"],\"inLanguage\":\"es\"},{\"@type\":\"WebPage\",\"@id\":\"https:\/\/crees.org.do\/?p=23491\",\"url\":\"https:\/\/crees.org.do\/?p=23491\",\"name\":\"Los fideicomisos deben ir a la deuda p\u00fablica | CREES\",\"isPartOf\":{\"@id\":\"https:\/\/crees.org.do\/#website\"},\"primaryImageOfPage\":{\"@id\":\"https:\/\/crees.org.do\/?p=23491#primaryimage\"},\"image\":{\"@id\":\"https:\/\/crees.org.do\/?p=23491#primaryimage\"},\"thumbnailUrl\":\"https:\/\/crees.org.do\/wp-content\/uploads\/2022\/06\/Captura-23.jpg\",\"datePublished\":\"2022-06-27T13:15:55+00:00\",\"breadcrumb\":{\"@id\":\"https:\/\/crees.org.do\/?p=23491#breadcrumb\"},\"inLanguage\":\"es\",\"potentialAction\":[{\"@type\":\"ReadAction\",\"target\":[\"https:\/\/crees.org.do\/?p=23491\"]}]},{\"@type\":\"ImageObject\",\"inLanguage\":\"es\",\"@id\":\"https:\/\/crees.org.do\/?p=23491#primaryimage\",\"url\":\"https:\/\/crees.org.do\/wp-content\/uploads\/2022\/06\/Captura-23.jpg\",\"contentUrl\":\"https:\/\/crees.org.do\/wp-content\/uploads\/2022\/06\/Captura-23.jpg\",\"width\":720,\"height\":525},{\"@type\":\"BreadcrumbList\",\"@id\":\"https:\/\/crees.org.do\/?p=23491#breadcrumb\",\"itemListElement\":[{\"@type\":\"ListItem\",\"position\":1,\"name\":\"Portada\",\"item\":\"https:\/\/crees.org.do\/\"},{\"@type\":\"ListItem\",\"position\":2,\"name\":\"Los fideicomisos deben ir a la deuda p\u00fablica\"}]},{\"@type\":\"WebSite\",\"@id\":\"https:\/\/crees.org.do\/#website\",\"url\":\"https:\/\/crees.org.do\/\",\"name\":\"CREES\",\"description\":\"Centro Regional de Estrategias Econ\u00f3micas Sostenibles\",\"publisher\":{\"@id\":\"https:\/\/crees.org.do\/#organization\"},\"potentialAction\":[{\"@type\":\"SearchAction\",\"target\":{\"@type\":\"EntryPoint\",\"urlTemplate\":\"https:\/\/crees.org.do\/?s={search_term_string}\"},\"query-input\":{\"@type\":\"PropertyValueSpecification\",\"valueRequired\":true,\"valueName\":\"search_term_string\"}}],\"inLanguage\":\"es\"},{\"@type\":\"Organization\",\"@id\":\"https:\/\/crees.org.do\/#organization\",\"name\":\"CREES | Centro Regional de Estrategias Econ\u00f3micas Sostenibles\",\"url\":\"https:\/\/crees.org.do\/\",\"logo\":{\"@type\":\"ImageObject\",\"inLanguage\":\"es\",\"@id\":\"https:\/\/crees.org.do\/#\/schema\/logo\/image\/\",\"url\":\"https:\/\/crees.org.do\/wp-content\/uploads\/2022\/03\/crees-logo-1.jpg\",\"contentUrl\":\"https:\/\/crees.org.do\/wp-content\/uploads\/2022\/03\/crees-logo-1.jpg\",\"width\":244,\"height\":71,\"caption\":\"CREES | Centro Regional de Estrategias Econ\u00f3micas Sostenibles\"},\"image\":{\"@id\":\"https:\/\/crees.org.do\/#\/schema\/logo\/image\/\"},\"sameAs\":[\"https:\/\/www.facebook.com\/CREESRD\/\",\"https:\/\/x.com\/CREESRD\"]},{\"@type\":\"Person\",\"@id\":\"https:\/\/crees.org.do\/#\/schema\/person\/e7f97cd94d7bf9cd0e0ce30acb7d56b8\",\"name\":\"Crees\",\"image\":{\"@type\":\"ImageObject\",\"inLanguage\":\"es\",\"@id\":\"https:\/\/crees.org.do\/#\/schema\/person\/image\/\",\"url\":\"https:\/\/secure.gravatar.com\/avatar\/390ac8f0be5d9aa046152553e2dd7011b59a512d89c150f5e5f28bb8d9a0b165?s=96&d=mm&r=g\",\"contentUrl\":\"https:\/\/secure.gravatar.com\/avatar\/390ac8f0be5d9aa046152553e2dd7011b59a512d89c150f5e5f28bb8d9a0b165?s=96&d=mm&r=g\",\"caption\":\"Crees\"},\"url\":\"https:\/\/crees.org.do\/?author=2\"}]}<\/script>\n<!-- \/ Yoast SEO plugin. -->","yoast_head_json":{"title":"Los fideicomisos deben ir a la deuda p\u00fablica | CREES","robots":{"index":"index","follow":"follow","max-snippet":"max-snippet:-1","max-image-preview":"max-image-preview:large","max-video-preview":"max-video-preview:-1"},"canonical":"https:\/\/crees.org.do\/?p=23491","og_locale":"es_ES","og_type":"article","og_title":"Los fideicomisos deben ir a la deuda p\u00fablica | CREES","og_description":"Autor: Ubaldo Guzm\u00e1n Molina Fecha: 7 de junio del 2022 Extra\u00eddo de: Peri\u00f3dico Hoy\u00a0 La\u00a0deuda de los fideicomisos\u00a0debe ser considerada como deuda p\u00fablica, ya que actualmente no se registra como tal, plante\u00f3 ayer el vicepresidente del Centro Regional de Estrategias Econ\u00f3micas Sostenibles (Crees),\u00a0Miguel Collado Di Franco. Consider\u00f3 que los RD$53,639 millones de deuda, hasta el...","og_url":"https:\/\/crees.org.do\/?p=23491","og_site_name":"CREES","article_publisher":"https:\/\/www.facebook.com\/CREESRD\/","article_published_time":"2022-06-27T13:15:55+00:00","og_image":[{"width":720,"height":525,"url":"https:\/\/crees.org.do\/wp-content\/uploads\/2022\/06\/Captura-23.jpg","type":"image\/jpeg"}],"author":"Crees","twitter_card":"summary_large_image","twitter_creator":"@CREESRD","twitter_site":"@CREESRD","twitter_misc":{"Escrito por":"Crees","Tiempo de lectura":"2 minutos"},"schema":{"@context":"https:\/\/schema.org","@graph":[{"@type":"Article","@id":"https:\/\/crees.org.do\/?p=23491#article","isPartOf":{"@id":"https:\/\/crees.org.do\/?p=23491"},"author":{"name":"Crees","@id":"https:\/\/crees.org.do\/#\/schema\/person\/e7f97cd94d7bf9cd0e0ce30acb7d56b8"},"headline":"Los fideicomisos deben ir a la deuda p\u00fablica","datePublished":"2022-06-27T13:15:55+00:00","mainEntityOfPage":{"@id":"https:\/\/crees.org.do\/?p=23491"},"wordCount":457,"publisher":{"@id":"https:\/\/crees.org.do\/#organization"},"image":{"@id":"https:\/\/crees.org.do\/?p=23491#primaryimage"},"thumbnailUrl":"https:\/\/crees.org.do\/wp-content\/uploads\/2022\/06\/Captura-23.jpg","articleSection":["Actualidad"],"inLanguage":"es"},{"@type":"WebPage","@id":"https:\/\/crees.org.do\/?p=23491","url":"https:\/\/crees.org.do\/?p=23491","name":"Los fideicomisos deben ir a la deuda p\u00fablica | CREES","isPartOf":{"@id":"https:\/\/crees.org.do\/#website"},"primaryImageOfPage":{"@id":"https:\/\/crees.org.do\/?p=23491#primaryimage"},"image":{"@id":"https:\/\/crees.org.do\/?p=23491#primaryimage"},"thumbnailUrl":"https:\/\/crees.org.do\/wp-content\/uploads\/2022\/06\/Captura-23.jpg","datePublished":"2022-06-27T13:15:55+00:00","breadcrumb":{"@id":"https:\/\/crees.org.do\/?p=23491#breadcrumb"},"inLanguage":"es","potentialAction":[{"@type":"ReadAction","target":["https:\/\/crees.org.do\/?p=23491"]}]},{"@type":"ImageObject","inLanguage":"es","@id":"https:\/\/crees.org.do\/?p=23491#primaryimage","url":"https:\/\/crees.org.do\/wp-content\/uploads\/2022\/06\/Captura-23.jpg","contentUrl":"https:\/\/crees.org.do\/wp-content\/uploads\/2022\/06\/Captura-23.jpg","width":720,"height":525},{"@type":"BreadcrumbList","@id":"https:\/\/crees.org.do\/?p=23491#breadcrumb","itemListElement":[{"@type":"ListItem","position":1,"name":"Portada","item":"https:\/\/crees.org.do\/"},{"@type":"ListItem","position":2,"name":"Los fideicomisos deben ir a la deuda p\u00fablica"}]},{"@type":"WebSite","@id":"https:\/\/crees.org.do\/#website","url":"https:\/\/crees.org.do\/","name":"CREES","description":"Centro Regional de Estrategias Econ\u00f3micas Sostenibles","publisher":{"@id":"https:\/\/crees.org.do\/#organization"},"potentialAction":[{"@type":"SearchAction","target":{"@type":"EntryPoint","urlTemplate":"https:\/\/crees.org.do\/?s={search_term_string}"},"query-input":{"@type":"PropertyValueSpecification","valueRequired":true,"valueName":"search_term_string"}}],"inLanguage":"es"},{"@type":"Organization","@id":"https:\/\/crees.org.do\/#organization","name":"CREES | Centro Regional de Estrategias Econ\u00f3micas Sostenibles","url":"https:\/\/crees.org.do\/","logo":{"@type":"ImageObject","inLanguage":"es","@id":"https:\/\/crees.org.do\/#\/schema\/logo\/image\/","url":"https:\/\/crees.org.do\/wp-content\/uploads\/2022\/03\/crees-logo-1.jpg","contentUrl":"https:\/\/crees.org.do\/wp-content\/uploads\/2022\/03\/crees-logo-1.jpg","width":244,"height":71,"caption":"CREES | Centro Regional de Estrategias Econ\u00f3micas Sostenibles"},"image":{"@id":"https:\/\/crees.org.do\/#\/schema\/logo\/image\/"},"sameAs":["https:\/\/www.facebook.com\/CREESRD\/","https:\/\/x.com\/CREESRD"]},{"@type":"Person","@id":"https:\/\/crees.org.do\/#\/schema\/person\/e7f97cd94d7bf9cd0e0ce30acb7d56b8","name":"Crees","image":{"@type":"ImageObject","inLanguage":"es","@id":"https:\/\/crees.org.do\/#\/schema\/person\/image\/","url":"https:\/\/secure.gravatar.com\/avatar\/390ac8f0be5d9aa046152553e2dd7011b59a512d89c150f5e5f28bb8d9a0b165?s=96&d=mm&r=g","contentUrl":"https:\/\/secure.gravatar.com\/avatar\/390ac8f0be5d9aa046152553e2dd7011b59a512d89c150f5e5f28bb8d9a0b165?s=96&d=mm&r=g","caption":"Crees"},"url":"https:\/\/crees.org.do\/?author=2"}]}},"_links":{"self":[{"href":"https:\/\/crees.org.do\/index.php?rest_route=\/wp\/v2\/posts\/23491","targetHints":{"allow":["GET"]}}],"collection":[{"href":"https:\/\/crees.org.do\/index.php?rest_route=\/wp\/v2\/posts"}],"about":[{"href":"https:\/\/crees.org.do\/index.php?rest_route=\/wp\/v2\/types\/post"}],"author":[{"embeddable":true,"href":"https:\/\/crees.org.do\/index.php?rest_route=\/wp\/v2\/users\/2"}],"replies":[{"embeddable":true,"href":"https:\/\/crees.org.do\/index.php?rest_route=%2Fwp%2Fv2%2Fcomments&post=23491"}],"version-history":[{"count":1,"href":"https:\/\/crees.org.do\/index.php?rest_route=\/wp\/v2\/posts\/23491\/revisions"}],"predecessor-version":[{"id":23493,"href":"https:\/\/crees.org.do\/index.php?rest_route=\/wp\/v2\/posts\/23491\/revisions\/23493"}],"wp:featuredmedia":[{"embeddable":true,"href":"https:\/\/crees.org.do\/index.php?rest_route=\/wp\/v2\/media\/23492"}],"wp:attachment":[{"href":"https:\/\/crees.org.do\/index.php?rest_route=%2Fwp%2Fv2%2Fmedia&parent=23491"}],"wp:term":[{"taxonomy":"category","embeddable":true,"href":"https:\/\/crees.org.do\/index.php?rest_route=%2Fwp%2Fv2%2Fcategories&post=23491"},{"taxonomy":"post_tag","embeddable":true,"href":"https:\/\/crees.org.do\/index.php?rest_route=%2Fwp%2Fv2%2Ftags&post=23491"}],"curies":[{"name":"wp","href":"https:\/\/api.w.org\/{rel}","templated":true}]}}