{"id":23574,"date":"2022-07-29T20:44:16","date_gmt":"2022-07-29T20:44:16","guid":{"rendered":"https:\/\/crees.org.do\/?p=23574"},"modified":"2022-08-09T20:48:40","modified_gmt":"2022-08-09T20:48:40","slug":"llegada-acumulada-de-pasajeros-extranjeros-a-junio-de-2022","status":"publish","type":"post","link":"https:\/\/crees.org.do\/?p=23574","title":{"rendered":"Llegada acumulada de pasajeros extranjeros a junio de 2022"},"content":{"rendered":"<p><img fetchpriority=\"high\" decoding=\"async\" class=\"aligncenter wp-image-23575\" src=\"https:\/\/crees.org.do\/wp-content\/uploads\/2022\/08\/Slide-1-copy-6-8.png\" alt=\"\" width=\"896\" height=\"896\" srcset=\"https:\/\/crees.org.do\/wp-content\/uploads\/2022\/08\/Slide-1-copy-6-8.png 1200w, https:\/\/crees.org.do\/wp-content\/uploads\/2022\/08\/Slide-1-copy-6-8-450x450.png 450w, https:\/\/crees.org.do\/wp-content\/uploads\/2022\/08\/Slide-1-copy-6-8-2000x2000.png 2000w, https:\/\/crees.org.do\/wp-content\/uploads\/2022\/08\/Slide-1-copy-6-8-150x150.png 150w, https:\/\/crees.org.do\/wp-content\/uploads\/2022\/08\/Slide-1-copy-6-8-768x768.png 768w, https:\/\/crees.org.do\/wp-content\/uploads\/2022\/08\/Slide-1-copy-6-8-500x500.png 500w, https:\/\/crees.org.do\/wp-content\/uploads\/2022\/08\/Slide-1-copy-6-8-1536x1536.png 1536w, https:\/\/crees.org.do\/wp-content\/uploads\/2022\/08\/Slide-1-copy-6-8-2048x2048.png 2048w, https:\/\/crees.org.do\/wp-content\/uploads\/2022\/08\/Slide-1-copy-6-8-300x300.png 300w, https:\/\/crees.org.do\/wp-content\/uploads\/2022\/08\/Slide-1-copy-6-8-600x600.png 600w, https:\/\/crees.org.do\/wp-content\/uploads\/2022\/08\/Slide-1-copy-6-8-100x100.png 100w\" sizes=\"(max-width: 896px) 100vw, 896px\" \/><\/p>\n<p><img decoding=\"async\" class=\"wp-image-23576 aligncenter\" src=\"https:\/\/crees.org.do\/wp-content\/uploads\/2022\/08\/Screen-Shot-2022-07-29-at-9.45.32-AM.png\" alt=\"\" width=\"896\" height=\"896\" srcset=\"https:\/\/crees.org.do\/wp-content\/uploads\/2022\/08\/Screen-Shot-2022-07-29-at-9.45.32-AM.png 1436w, https:\/\/crees.org.do\/wp-content\/uploads\/2022\/08\/Screen-Shot-2022-07-29-at-9.45.32-AM-450x450.png 450w, https:\/\/crees.org.do\/wp-content\/uploads\/2022\/08\/Screen-Shot-2022-07-29-at-9.45.32-AM-150x150.png 150w, https:\/\/crees.org.do\/wp-content\/uploads\/2022\/08\/Screen-Shot-2022-07-29-at-9.45.32-AM-768x768.png 768w, https:\/\/crees.org.do\/wp-content\/uploads\/2022\/08\/Screen-Shot-2022-07-29-at-9.45.32-AM-500x500.png 500w, https:\/\/crees.org.do\/wp-content\/uploads\/2022\/08\/Screen-Shot-2022-07-29-at-9.45.32-AM-300x300.png 300w, https:\/\/crees.org.do\/wp-content\/uploads\/2022\/08\/Screen-Shot-2022-07-29-at-9.45.32-AM-600x600.png 600w, https:\/\/crees.org.do\/wp-content\/uploads\/2022\/08\/Screen-Shot-2022-07-29-at-9.45.32-AM-100x100.png 100w\" sizes=\"(max-width: 896px) 100vw, 896px\" \/><\/p>\n<p style=\"text-align: justify;\">En el periodo enero-junio de 2022 la llegada acumulada de pasajeros extranjeros no residentes fue de 2,911,074. Esto en comparaci\u00f3n con los 1,297,644 de 2021 representa un crecimiento interanual de 124.3%. Es decir, 1,613,430 visitantes m\u00e1s con respecto al mismo periodo del a\u00f1o 2021. En comparaci\u00f3n con el 2020, la llegada acumulada de pasajeros represent\u00f3 un aumento de 144.7%, equivalente a 1,721,597 visitantes m\u00e1s.<\/p>\n<p style=\"text-align: justify;\">La llegada de turistas norteamericanos, que actualmente representa el 46.5% del total de visitantes extranjeros, se increment\u00f3 en 74.0% en comparaci\u00f3n al mismo periodo del a\u00f1o pasado, lo que significa 575,179 turistas m\u00e1s. En particular, solo la llegada de turistas estadounidenses actualmente representa un 36.1% del total de visitantes extranjeros, equivalente a 1,050,991 turistas; la misma increment\u00f3 40.0% con respecto al mismo periodo del a\u00f1o pasado, lo que equivale a unos 300,228 turistas m\u00e1s.<\/p>\n<p style=\"text-align: justify;\">Por otro lado, la llegada de turistas europeos representa el 26.4% del total de visitantes extranjeros; y se increment\u00f3 en 294.6% en comparaci\u00f3n al mismo periodo del a\u00f1o pasado, lo que significa 574,287 turistas m\u00e1s.<\/p>\n<p style=\"text-align: justify;\">En el primer semestre de 2022 se registr\u00f3 un total de 3,547,143 visitantes no residentes, es decir, tanto extranjeros como dominicano que ingresaron al pa\u00eds por los diferentes aeropuertos internacionales. Esta cifra significa una diferencia de 1,649,500 visitantes m\u00e1s con respecto al mismo periodo del 2021 y una diferencia de 2,153,052 m\u00e1s con respecto al 2020.<\/p>\n<div class=\"pvc_clear\"><\/div>\n<p class=\"pvc_stats all \" data-element-id=\"23574\" style=\"\"><i class=\"pvc-stats-icon medium\" aria-hidden=\"true\"><svg aria-hidden=\"true\" focusable=\"false\" data-prefix=\"far\" data-icon=\"chart-bar\" role=\"img\" xmlns=\"http:\/\/www.w3.org\/2000\/svg\" viewBox=\"0 0 512 512\" class=\"svg-inline--fa fa-chart-bar fa-w-16 fa-2x\"><path fill=\"currentColor\" d=\"M396.8 352h22.4c6.4 0 12.8-6.4 12.8-12.8V108.8c0-6.4-6.4-12.8-12.8-12.8h-22.4c-6.4 0-12.8 6.4-12.8 12.8v230.4c0 6.4 6.4 12.8 12.8 12.8zm-192 0h22.4c6.4 0 12.8-6.4 12.8-12.8V140.8c0-6.4-6.4-12.8-12.8-12.8h-22.4c-6.4 0-12.8 6.4-12.8 12.8v198.4c0 6.4 6.4 12.8 12.8 12.8zm96 0h22.4c6.4 0 12.8-6.4 12.8-12.8V204.8c0-6.4-6.4-12.8-12.8-12.8h-22.4c-6.4 0-12.8 6.4-12.8 12.8v134.4c0 6.4 6.4 12.8 12.8 12.8zM496 400H48V80c0-8.84-7.16-16-16-16H16C7.16 64 0 71.16 0 80v336c0 17.67 14.33 32 32 32h464c8.84 0 16-7.16 16-16v-16c0-8.84-7.16-16-16-16zm-387.2-48h22.4c6.4 0 12.8-6.4 12.8-12.8v-70.4c0-6.4-6.4-12.8-12.8-12.8h-22.4c-6.4 0-12.8 6.4-12.8 12.8v70.4c0 6.4 6.4 12.8 12.8 12.8z\" class=\"\"><\/path><\/svg><\/i> Vistas Totales&nbsp;1,142&nbsp;, Vistas Hoy&nbsp;2&nbsp;<\/p>\n<div class=\"pvc_clear\"><\/div>\n","protected":false},"excerpt":{"rendered":"<p>En el periodo enero-junio de 2022 la llegada acumulada de pasajeros extranjeros no residentes fue de 2,911,074. Esto en comparaci\u00f3n con los 1,297,644 de 2021 representa un crecimiento interanual de 124.3%. Es decir, 1,613,430 visitantes m\u00e1s con respecto al mismo periodo del a\u00f1o 2021. En comparaci\u00f3n con el 2020, la llegada acumulada de pasajeros represent\u00f3&#8230;<\/p>\n<div class=\"pvc_clear\"><\/div>\n<p class=\"pvc_stats all \" data-element-id=\"23574\" style=\"\"><i class=\"pvc-stats-icon medium\" aria-hidden=\"true\"><svg aria-hidden=\"true\" focusable=\"false\" data-prefix=\"far\" data-icon=\"chart-bar\" role=\"img\" xmlns=\"http:\/\/www.w3.org\/2000\/svg\" viewBox=\"0 0 512 512\" class=\"svg-inline--fa fa-chart-bar fa-w-16 fa-2x\"><path fill=\"currentColor\" d=\"M396.8 352h22.4c6.4 0 12.8-6.4 12.8-12.8V108.8c0-6.4-6.4-12.8-12.8-12.8h-22.4c-6.4 0-12.8 6.4-12.8 12.8v230.4c0 6.4 6.4 12.8 12.8 12.8zm-192 0h22.4c6.4 0 12.8-6.4 12.8-12.8V140.8c0-6.4-6.4-12.8-12.8-12.8h-22.4c-6.4 0-12.8 6.4-12.8 12.8v198.4c0 6.4 6.4 12.8 12.8 12.8zm96 0h22.4c6.4 0 12.8-6.4 12.8-12.8V204.8c0-6.4-6.4-12.8-12.8-12.8h-22.4c-6.4 0-12.8 6.4-12.8 12.8v134.4c0 6.4 6.4 12.8 12.8 12.8zM496 400H48V80c0-8.84-7.16-16-16-16H16C7.16 64 0 71.16 0 80v336c0 17.67 14.33 32 32 32h464c8.84 0 16-7.16 16-16v-16c0-8.84-7.16-16-16-16zm-387.2-48h22.4c6.4 0 12.8-6.4 12.8-12.8v-70.4c0-6.4-6.4-12.8-12.8-12.8h-22.4c-6.4 0-12.8 6.4-12.8 12.8v70.4c0 6.4 6.4 12.8 12.8 12.8z\" class=\"\"><\/path><\/svg><\/i> Vistas Totales&nbsp;1,142&nbsp;, Vistas Hoy&nbsp;2&nbsp;<\/p>\n<div class=\"pvc_clear\"><\/div>\n","protected":false},"author":2,"featured_media":23575,"comment_status":"closed","ping_status":"closed","sticky":false,"template":"","format":"standard","meta":{"footnotes":""},"categories":[21],"tags":[],"class_list":["post-23574","post","type-post","status-publish","format-standard","has-post-thumbnail","hentry","category-blog"],"yoast_head":"<!-- This site is optimized with the Yoast SEO plugin v25.2 - https:\/\/yoast.com\/wordpress\/plugins\/seo\/ -->\n<title>Llegada acumulada de pasajeros extranjeros a junio de 2022 | CREES<\/title>\n<meta name=\"robots\" content=\"index, follow, max-snippet:-1, max-image-preview:large, max-video-preview:-1\" \/>\n<link rel=\"canonical\" href=\"https:\/\/crees.org.do\/?p=23574\" \/>\n<meta property=\"og:locale\" content=\"es_ES\" \/>\n<meta property=\"og:type\" content=\"article\" \/>\n<meta property=\"og:title\" content=\"Llegada acumulada de pasajeros extranjeros a junio de 2022 | CREES\" \/>\n<meta property=\"og:description\" content=\"En el periodo enero-junio de 2022 la llegada acumulada de pasajeros extranjeros no residentes fue de 2,911,074. Esto en comparaci\u00f3n con los 1,297,644 de 2021 representa un crecimiento interanual de 124.3%. Es decir, 1,613,430 visitantes m\u00e1s con respecto al mismo periodo del a\u00f1o 2021. En comparaci\u00f3n con el 2020, la llegada acumulada de pasajeros represent\u00f3...\" \/>\n<meta property=\"og:url\" content=\"https:\/\/crees.org.do\/?p=23574\" \/>\n<meta property=\"og:site_name\" content=\"CREES\" \/>\n<meta property=\"article:publisher\" content=\"https:\/\/www.facebook.com\/CREESRD\/\" \/>\n<meta property=\"article:published_time\" content=\"2022-07-29T20:44:16+00:00\" \/>\n<meta property=\"article:modified_time\" content=\"2022-08-09T20:48:40+00:00\" \/>\n<meta property=\"og:image\" content=\"https:\/\/crees.org.do\/wp-content\/uploads\/2022\/08\/Slide-1-copy-6-8.png\" \/>\n\t<meta property=\"og:image:width\" content=\"1200\" \/>\n\t<meta property=\"og:image:height\" content=\"1200\" \/>\n\t<meta property=\"og:image:type\" content=\"image\/png\" \/>\n<meta name=\"author\" content=\"Crees\" \/>\n<meta name=\"twitter:card\" content=\"summary_large_image\" \/>\n<meta name=\"twitter:creator\" content=\"@CREESRD\" \/>\n<meta name=\"twitter:site\" content=\"@CREESRD\" \/>\n<meta name=\"twitter:label1\" content=\"Escrito por\" \/>\n\t<meta name=\"twitter:data1\" content=\"Crees\" \/>\n\t<meta name=\"twitter:label2\" content=\"Tiempo de lectura\" \/>\n\t<meta name=\"twitter:data2\" content=\"1 minuto\" \/>\n<script type=\"application\/ld+json\" class=\"yoast-schema-graph\">{\"@context\":\"https:\/\/schema.org\",\"@graph\":[{\"@type\":\"Article\",\"@id\":\"https:\/\/crees.org.do\/?p=23574#article\",\"isPartOf\":{\"@id\":\"https:\/\/crees.org.do\/?p=23574\"},\"author\":{\"name\":\"Crees\",\"@id\":\"https:\/\/crees.org.do\/#\/schema\/person\/e7f97cd94d7bf9cd0e0ce30acb7d56b8\"},\"headline\":\"Llegada acumulada de pasajeros extranjeros a junio de 2022\",\"datePublished\":\"2022-07-29T20:44:16+00:00\",\"dateModified\":\"2022-08-09T20:48:40+00:00\",\"mainEntityOfPage\":{\"@id\":\"https:\/\/crees.org.do\/?p=23574\"},\"wordCount\":227,\"publisher\":{\"@id\":\"https:\/\/crees.org.do\/#organization\"},\"image\":{\"@id\":\"https:\/\/crees.org.do\/?p=23574#primaryimage\"},\"thumbnailUrl\":\"https:\/\/crees.org.do\/wp-content\/uploads\/2022\/08\/Slide-1-copy-6-8.png\",\"articleSection\":[\"Blog\"],\"inLanguage\":\"es\"},{\"@type\":\"WebPage\",\"@id\":\"https:\/\/crees.org.do\/?p=23574\",\"url\":\"https:\/\/crees.org.do\/?p=23574\",\"name\":\"Llegada acumulada de pasajeros extranjeros a junio de 2022 | CREES\",\"isPartOf\":{\"@id\":\"https:\/\/crees.org.do\/#website\"},\"primaryImageOfPage\":{\"@id\":\"https:\/\/crees.org.do\/?p=23574#primaryimage\"},\"image\":{\"@id\":\"https:\/\/crees.org.do\/?p=23574#primaryimage\"},\"thumbnailUrl\":\"https:\/\/crees.org.do\/wp-content\/uploads\/2022\/08\/Slide-1-copy-6-8.png\",\"datePublished\":\"2022-07-29T20:44:16+00:00\",\"dateModified\":\"2022-08-09T20:48:40+00:00\",\"breadcrumb\":{\"@id\":\"https:\/\/crees.org.do\/?p=23574#breadcrumb\"},\"inLanguage\":\"es\",\"potentialAction\":[{\"@type\":\"ReadAction\",\"target\":[\"https:\/\/crees.org.do\/?p=23574\"]}]},{\"@type\":\"ImageObject\",\"inLanguage\":\"es\",\"@id\":\"https:\/\/crees.org.do\/?p=23574#primaryimage\",\"url\":\"https:\/\/crees.org.do\/wp-content\/uploads\/2022\/08\/Slide-1-copy-6-8.png\",\"contentUrl\":\"https:\/\/crees.org.do\/wp-content\/uploads\/2022\/08\/Slide-1-copy-6-8.png\",\"width\":1200,\"height\":1200},{\"@type\":\"BreadcrumbList\",\"@id\":\"https:\/\/crees.org.do\/?p=23574#breadcrumb\",\"itemListElement\":[{\"@type\":\"ListItem\",\"position\":1,\"name\":\"Portada\",\"item\":\"https:\/\/crees.org.do\/\"},{\"@type\":\"ListItem\",\"position\":2,\"name\":\"Llegada acumulada de pasajeros extranjeros a junio de 2022\"}]},{\"@type\":\"WebSite\",\"@id\":\"https:\/\/crees.org.do\/#website\",\"url\":\"https:\/\/crees.org.do\/\",\"name\":\"CREES\",\"description\":\"Centro Regional de Estrategias Econ\u00f3micas Sostenibles\",\"publisher\":{\"@id\":\"https:\/\/crees.org.do\/#organization\"},\"potentialAction\":[{\"@type\":\"SearchAction\",\"target\":{\"@type\":\"EntryPoint\",\"urlTemplate\":\"https:\/\/crees.org.do\/?s={search_term_string}\"},\"query-input\":{\"@type\":\"PropertyValueSpecification\",\"valueRequired\":true,\"valueName\":\"search_term_string\"}}],\"inLanguage\":\"es\"},{\"@type\":\"Organization\",\"@id\":\"https:\/\/crees.org.do\/#organization\",\"name\":\"CREES | Centro Regional de Estrategias Econ\u00f3micas Sostenibles\",\"url\":\"https:\/\/crees.org.do\/\",\"logo\":{\"@type\":\"ImageObject\",\"inLanguage\":\"es\",\"@id\":\"https:\/\/crees.org.do\/#\/schema\/logo\/image\/\",\"url\":\"https:\/\/crees.org.do\/wp-content\/uploads\/2022\/03\/crees-logo-1.jpg\",\"contentUrl\":\"https:\/\/crees.org.do\/wp-content\/uploads\/2022\/03\/crees-logo-1.jpg\",\"width\":244,\"height\":71,\"caption\":\"CREES | Centro Regional de Estrategias Econ\u00f3micas Sostenibles\"},\"image\":{\"@id\":\"https:\/\/crees.org.do\/#\/schema\/logo\/image\/\"},\"sameAs\":[\"https:\/\/www.facebook.com\/CREESRD\/\",\"https:\/\/x.com\/CREESRD\"]},{\"@type\":\"Person\",\"@id\":\"https:\/\/crees.org.do\/#\/schema\/person\/e7f97cd94d7bf9cd0e0ce30acb7d56b8\",\"name\":\"Crees\",\"image\":{\"@type\":\"ImageObject\",\"inLanguage\":\"es\",\"@id\":\"https:\/\/crees.org.do\/#\/schema\/person\/image\/\",\"url\":\"https:\/\/secure.gravatar.com\/avatar\/390ac8f0be5d9aa046152553e2dd7011b59a512d89c150f5e5f28bb8d9a0b165?s=96&d=mm&r=g\",\"contentUrl\":\"https:\/\/secure.gravatar.com\/avatar\/390ac8f0be5d9aa046152553e2dd7011b59a512d89c150f5e5f28bb8d9a0b165?s=96&d=mm&r=g\",\"caption\":\"Crees\"},\"url\":\"https:\/\/crees.org.do\/?author=2\"}]}<\/script>\n<!-- \/ Yoast SEO plugin. -->","yoast_head_json":{"title":"Llegada acumulada de pasajeros extranjeros a junio de 2022 | CREES","robots":{"index":"index","follow":"follow","max-snippet":"max-snippet:-1","max-image-preview":"max-image-preview:large","max-video-preview":"max-video-preview:-1"},"canonical":"https:\/\/crees.org.do\/?p=23574","og_locale":"es_ES","og_type":"article","og_title":"Llegada acumulada de pasajeros extranjeros a junio de 2022 | CREES","og_description":"En el periodo enero-junio de 2022 la llegada acumulada de pasajeros extranjeros no residentes fue de 2,911,074. Esto en comparaci\u00f3n con los 1,297,644 de 2021 representa un crecimiento interanual de 124.3%. Es decir, 1,613,430 visitantes m\u00e1s con respecto al mismo periodo del a\u00f1o 2021. En comparaci\u00f3n con el 2020, la llegada acumulada de pasajeros represent\u00f3...","og_url":"https:\/\/crees.org.do\/?p=23574","og_site_name":"CREES","article_publisher":"https:\/\/www.facebook.com\/CREESRD\/","article_published_time":"2022-07-29T20:44:16+00:00","article_modified_time":"2022-08-09T20:48:40+00:00","og_image":[{"width":1200,"height":1200,"url":"https:\/\/crees.org.do\/wp-content\/uploads\/2022\/08\/Slide-1-copy-6-8.png","type":"image\/png"}],"author":"Crees","twitter_card":"summary_large_image","twitter_creator":"@CREESRD","twitter_site":"@CREESRD","twitter_misc":{"Escrito por":"Crees","Tiempo de lectura":"1 minuto"},"schema":{"@context":"https:\/\/schema.org","@graph":[{"@type":"Article","@id":"https:\/\/crees.org.do\/?p=23574#article","isPartOf":{"@id":"https:\/\/crees.org.do\/?p=23574"},"author":{"name":"Crees","@id":"https:\/\/crees.org.do\/#\/schema\/person\/e7f97cd94d7bf9cd0e0ce30acb7d56b8"},"headline":"Llegada acumulada de pasajeros extranjeros a junio de 2022","datePublished":"2022-07-29T20:44:16+00:00","dateModified":"2022-08-09T20:48:40+00:00","mainEntityOfPage":{"@id":"https:\/\/crees.org.do\/?p=23574"},"wordCount":227,"publisher":{"@id":"https:\/\/crees.org.do\/#organization"},"image":{"@id":"https:\/\/crees.org.do\/?p=23574#primaryimage"},"thumbnailUrl":"https:\/\/crees.org.do\/wp-content\/uploads\/2022\/08\/Slide-1-copy-6-8.png","articleSection":["Blog"],"inLanguage":"es"},{"@type":"WebPage","@id":"https:\/\/crees.org.do\/?p=23574","url":"https:\/\/crees.org.do\/?p=23574","name":"Llegada acumulada de pasajeros extranjeros a junio de 2022 | CREES","isPartOf":{"@id":"https:\/\/crees.org.do\/#website"},"primaryImageOfPage":{"@id":"https:\/\/crees.org.do\/?p=23574#primaryimage"},"image":{"@id":"https:\/\/crees.org.do\/?p=23574#primaryimage"},"thumbnailUrl":"https:\/\/crees.org.do\/wp-content\/uploads\/2022\/08\/Slide-1-copy-6-8.png","datePublished":"2022-07-29T20:44:16+00:00","dateModified":"2022-08-09T20:48:40+00:00","breadcrumb":{"@id":"https:\/\/crees.org.do\/?p=23574#breadcrumb"},"inLanguage":"es","potentialAction":[{"@type":"ReadAction","target":["https:\/\/crees.org.do\/?p=23574"]}]},{"@type":"ImageObject","inLanguage":"es","@id":"https:\/\/crees.org.do\/?p=23574#primaryimage","url":"https:\/\/crees.org.do\/wp-content\/uploads\/2022\/08\/Slide-1-copy-6-8.png","contentUrl":"https:\/\/crees.org.do\/wp-content\/uploads\/2022\/08\/Slide-1-copy-6-8.png","width":1200,"height":1200},{"@type":"BreadcrumbList","@id":"https:\/\/crees.org.do\/?p=23574#breadcrumb","itemListElement":[{"@type":"ListItem","position":1,"name":"Portada","item":"https:\/\/crees.org.do\/"},{"@type":"ListItem","position":2,"name":"Llegada acumulada de pasajeros extranjeros a junio de 2022"}]},{"@type":"WebSite","@id":"https:\/\/crees.org.do\/#website","url":"https:\/\/crees.org.do\/","name":"CREES","description":"Centro Regional de Estrategias Econ\u00f3micas Sostenibles","publisher":{"@id":"https:\/\/crees.org.do\/#organization"},"potentialAction":[{"@type":"SearchAction","target":{"@type":"EntryPoint","urlTemplate":"https:\/\/crees.org.do\/?s={search_term_string}"},"query-input":{"@type":"PropertyValueSpecification","valueRequired":true,"valueName":"search_term_string"}}],"inLanguage":"es"},{"@type":"Organization","@id":"https:\/\/crees.org.do\/#organization","name":"CREES | Centro Regional de Estrategias Econ\u00f3micas Sostenibles","url":"https:\/\/crees.org.do\/","logo":{"@type":"ImageObject","inLanguage":"es","@id":"https:\/\/crees.org.do\/#\/schema\/logo\/image\/","url":"https:\/\/crees.org.do\/wp-content\/uploads\/2022\/03\/crees-logo-1.jpg","contentUrl":"https:\/\/crees.org.do\/wp-content\/uploads\/2022\/03\/crees-logo-1.jpg","width":244,"height":71,"caption":"CREES | Centro Regional de Estrategias Econ\u00f3micas Sostenibles"},"image":{"@id":"https:\/\/crees.org.do\/#\/schema\/logo\/image\/"},"sameAs":["https:\/\/www.facebook.com\/CREESRD\/","https:\/\/x.com\/CREESRD"]},{"@type":"Person","@id":"https:\/\/crees.org.do\/#\/schema\/person\/e7f97cd94d7bf9cd0e0ce30acb7d56b8","name":"Crees","image":{"@type":"ImageObject","inLanguage":"es","@id":"https:\/\/crees.org.do\/#\/schema\/person\/image\/","url":"https:\/\/secure.gravatar.com\/avatar\/390ac8f0be5d9aa046152553e2dd7011b59a512d89c150f5e5f28bb8d9a0b165?s=96&d=mm&r=g","contentUrl":"https:\/\/secure.gravatar.com\/avatar\/390ac8f0be5d9aa046152553e2dd7011b59a512d89c150f5e5f28bb8d9a0b165?s=96&d=mm&r=g","caption":"Crees"},"url":"https:\/\/crees.org.do\/?author=2"}]}},"_links":{"self":[{"href":"https:\/\/crees.org.do\/index.php?rest_route=\/wp\/v2\/posts\/23574","targetHints":{"allow":["GET"]}}],"collection":[{"href":"https:\/\/crees.org.do\/index.php?rest_route=\/wp\/v2\/posts"}],"about":[{"href":"https:\/\/crees.org.do\/index.php?rest_route=\/wp\/v2\/types\/post"}],"author":[{"embeddable":true,"href":"https:\/\/crees.org.do\/index.php?rest_route=\/wp\/v2\/users\/2"}],"replies":[{"embeddable":true,"href":"https:\/\/crees.org.do\/index.php?rest_route=%2Fwp%2Fv2%2Fcomments&post=23574"}],"version-history":[{"count":1,"href":"https:\/\/crees.org.do\/index.php?rest_route=\/wp\/v2\/posts\/23574\/revisions"}],"predecessor-version":[{"id":23577,"href":"https:\/\/crees.org.do\/index.php?rest_route=\/wp\/v2\/posts\/23574\/revisions\/23577"}],"wp:featuredmedia":[{"embeddable":true,"href":"https:\/\/crees.org.do\/index.php?rest_route=\/wp\/v2\/media\/23575"}],"wp:attachment":[{"href":"https:\/\/crees.org.do\/index.php?rest_route=%2Fwp%2Fv2%2Fmedia&parent=23574"}],"wp:term":[{"taxonomy":"category","embeddable":true,"href":"https:\/\/crees.org.do\/index.php?rest_route=%2Fwp%2Fv2%2Fcategories&post=23574"},{"taxonomy":"post_tag","embeddable":true,"href":"https:\/\/crees.org.do\/index.php?rest_route=%2Fwp%2Fv2%2Ftags&post=23574"}],"curies":[{"name":"wp","href":"https:\/\/api.w.org\/{rel}","templated":true}]}}