{"id":23578,"date":"2022-07-28T20:47:36","date_gmt":"2022-07-28T20:47:36","guid":{"rendered":"https:\/\/crees.org.do\/?p=23578"},"modified":"2022-08-09T20:48:10","modified_gmt":"2022-08-09T20:48:10","slug":"la-economia-de-estados-unidos-se-contrajo-por-dos-trimestres-consecutivos-en-2022","status":"publish","type":"post","link":"https:\/\/crees.org.do\/?p=23578","title":{"rendered":"La econom\u00eda de Estados Unidos se contrajo por dos trimestres consecutivos  en 2022"},"content":{"rendered":"<p><img fetchpriority=\"high\" decoding=\"async\" class=\"wp-image-23579 aligncenter\" src=\"https:\/\/crees.org.do\/wp-content\/uploads\/2022\/08\/Slide-1-18.png\" alt=\"\" width=\"896\" height=\"896\" srcset=\"https:\/\/crees.org.do\/wp-content\/uploads\/2022\/08\/Slide-1-18.png 1200w, https:\/\/crees.org.do\/wp-content\/uploads\/2022\/08\/Slide-1-18-450x450.png 450w, https:\/\/crees.org.do\/wp-content\/uploads\/2022\/08\/Slide-1-18-2000x2000.png 2000w, https:\/\/crees.org.do\/wp-content\/uploads\/2022\/08\/Slide-1-18-150x150.png 150w, https:\/\/crees.org.do\/wp-content\/uploads\/2022\/08\/Slide-1-18-768x768.png 768w, https:\/\/crees.org.do\/wp-content\/uploads\/2022\/08\/Slide-1-18-500x500.png 500w, https:\/\/crees.org.do\/wp-content\/uploads\/2022\/08\/Slide-1-18-1536x1536.png 1536w, https:\/\/crees.org.do\/wp-content\/uploads\/2022\/08\/Slide-1-18-2048x2048.png 2048w, https:\/\/crees.org.do\/wp-content\/uploads\/2022\/08\/Slide-1-18-300x300.png 300w, https:\/\/crees.org.do\/wp-content\/uploads\/2022\/08\/Slide-1-18-600x600.png 600w, https:\/\/crees.org.do\/wp-content\/uploads\/2022\/08\/Slide-1-18-100x100.png 100w\" sizes=\"(max-width: 896px) 100vw, 896px\" \/><\/p>\n<h3><strong>Oficialmente, la econom\u00eda de Estados Unidos se <\/strong><strong>contrajo<\/strong><strong> por <\/strong><strong>dos trimestres consecutivos<\/strong><strong> en 2022<\/strong><\/h3>\n<p style=\"text-align: justify;\">De acuerdo con la estimaci\u00f3n oficial de la variaci\u00f3n del producto interno bruto (PIB) real de la Oficina de An\u00e1lisis Econ\u00f3mico de Estados Unidos, luego de haberse registrado una ca\u00edda de 1.6% en el primer trimestre, el PIB real cay\u00f3 0.9% en el segundo trimestre de 2022. A pesar de que la recesi\u00f3n no es oficial hasta que sea declarado por la Oficina Nacional de Investigaci\u00f3n Econ\u00f3mica de Estados Unidos, te\u00f3ricamente, que se hayan registrado dos trimestres consecutivos de contracci\u00f3n indicar\u00eda que Estados Unidos entr\u00f3 en recesi\u00f3n econ\u00f3mica en la primera mitad de este a\u00f1o.<\/p>\n<p style=\"text-align: justify;\">Durante el periodo de pandemia la econom\u00eda estadounidense estuvo estimulada artificialmente por las bajas tasas de inter\u00e9s y la emisi\u00f3n monetaria para financiar el gasto del gobierno. Ante la inflaci\u00f3n generada por la expansi\u00f3n monetaria, la Reserva Federal ha tenido que revertir su pol\u00edtica \u2013es decir, reducir los est\u00edmulos\u2013 aumentando las tasas de inter\u00e9s y dejando de monetizar los d\u00e9ficits generados por la pol\u00edtica fiscal expansiva del gobierno.<\/p>\n<p style=\"text-align: justify;\">\u00bfQu\u00e9 implicaciones tendr\u00eda la situaci\u00f3n econ\u00f3mica actual de EE. UU. en Rep\u00fablica Dominicana?<br \/>\nNaturalmente la desaceleraci\u00f3n econ\u00f3mica de Estados Unidos tendr\u00e1 un impacto a nivel local. Particularmente, podr\u00eda representar menos exportaciones, siendo Estados Unidos nuestro principal mercado. De igual forma, la reducci\u00f3n de actividad econ\u00f3mica podr\u00eda impactar la recepci\u00f3n de remesas.<\/p>\n<div class=\"pvc_clear\"><\/div>\n<p class=\"pvc_stats all \" data-element-id=\"23578\" style=\"\"><i class=\"pvc-stats-icon medium\" aria-hidden=\"true\"><svg aria-hidden=\"true\" focusable=\"false\" data-prefix=\"far\" data-icon=\"chart-bar\" role=\"img\" xmlns=\"http:\/\/www.w3.org\/2000\/svg\" viewBox=\"0 0 512 512\" class=\"svg-inline--fa fa-chart-bar fa-w-16 fa-2x\"><path fill=\"currentColor\" d=\"M396.8 352h22.4c6.4 0 12.8-6.4 12.8-12.8V108.8c0-6.4-6.4-12.8-12.8-12.8h-22.4c-6.4 0-12.8 6.4-12.8 12.8v230.4c0 6.4 6.4 12.8 12.8 12.8zm-192 0h22.4c6.4 0 12.8-6.4 12.8-12.8V140.8c0-6.4-6.4-12.8-12.8-12.8h-22.4c-6.4 0-12.8 6.4-12.8 12.8v198.4c0 6.4 6.4 12.8 12.8 12.8zm96 0h22.4c6.4 0 12.8-6.4 12.8-12.8V204.8c0-6.4-6.4-12.8-12.8-12.8h-22.4c-6.4 0-12.8 6.4-12.8 12.8v134.4c0 6.4 6.4 12.8 12.8 12.8zM496 400H48V80c0-8.84-7.16-16-16-16H16C7.16 64 0 71.16 0 80v336c0 17.67 14.33 32 32 32h464c8.84 0 16-7.16 16-16v-16c0-8.84-7.16-16-16-16zm-387.2-48h22.4c6.4 0 12.8-6.4 12.8-12.8v-70.4c0-6.4-6.4-12.8-12.8-12.8h-22.4c-6.4 0-12.8 6.4-12.8 12.8v70.4c0 6.4 6.4 12.8 12.8 12.8z\" class=\"\"><\/path><\/svg><\/i> Vistas Totales&nbsp;1,653&nbsp;, Vistas Hoy&nbsp;4&nbsp;<\/p>\n<div class=\"pvc_clear\"><\/div>\n","protected":false},"excerpt":{"rendered":"<p>Oficialmente, la econom\u00eda de Estados Unidos se contrajo por dos trimestres consecutivos en 2022 De acuerdo con la estimaci\u00f3n oficial de la variaci\u00f3n del producto interno bruto (PIB) real de la Oficina de An\u00e1lisis Econ\u00f3mico de Estados Unidos, luego de haberse registrado una ca\u00edda de 1.6% en el primer trimestre, el PIB real cay\u00f3 0.9%&#8230;<\/p>\n<div class=\"pvc_clear\"><\/div>\n<p class=\"pvc_stats all \" data-element-id=\"23578\" style=\"\"><i class=\"pvc-stats-icon medium\" aria-hidden=\"true\"><svg aria-hidden=\"true\" focusable=\"false\" data-prefix=\"far\" data-icon=\"chart-bar\" role=\"img\" xmlns=\"http:\/\/www.w3.org\/2000\/svg\" viewBox=\"0 0 512 512\" class=\"svg-inline--fa fa-chart-bar fa-w-16 fa-2x\"><path fill=\"currentColor\" d=\"M396.8 352h22.4c6.4 0 12.8-6.4 12.8-12.8V108.8c0-6.4-6.4-12.8-12.8-12.8h-22.4c-6.4 0-12.8 6.4-12.8 12.8v230.4c0 6.4 6.4 12.8 12.8 12.8zm-192 0h22.4c6.4 0 12.8-6.4 12.8-12.8V140.8c0-6.4-6.4-12.8-12.8-12.8h-22.4c-6.4 0-12.8 6.4-12.8 12.8v198.4c0 6.4 6.4 12.8 12.8 12.8zm96 0h22.4c6.4 0 12.8-6.4 12.8-12.8V204.8c0-6.4-6.4-12.8-12.8-12.8h-22.4c-6.4 0-12.8 6.4-12.8 12.8v134.4c0 6.4 6.4 12.8 12.8 12.8zM496 400H48V80c0-8.84-7.16-16-16-16H16C7.16 64 0 71.16 0 80v336c0 17.67 14.33 32 32 32h464c8.84 0 16-7.16 16-16v-16c0-8.84-7.16-16-16-16zm-387.2-48h22.4c6.4 0 12.8-6.4 12.8-12.8v-70.4c0-6.4-6.4-12.8-12.8-12.8h-22.4c-6.4 0-12.8 6.4-12.8 12.8v70.4c0 6.4 6.4 12.8 12.8 12.8z\" class=\"\"><\/path><\/svg><\/i> Vistas Totales&nbsp;1,653&nbsp;, Vistas Hoy&nbsp;4&nbsp;<\/p>\n<div class=\"pvc_clear\"><\/div>\n","protected":false},"author":2,"featured_media":0,"comment_status":"closed","ping_status":"closed","sticky":false,"template":"","format":"standard","meta":{"footnotes":""},"categories":[1],"tags":[],"class_list":["post-23578","post","type-post","status-publish","format-standard","hentry","category-crees"],"yoast_head":"<!-- This site is optimized with the Yoast SEO plugin v25.2 - https:\/\/yoast.com\/wordpress\/plugins\/seo\/ -->\n<title>La econom\u00eda de Estados Unidos se contrajo por dos trimestres consecutivos en 2022 | CREES<\/title>\n<meta name=\"robots\" content=\"index, follow, max-snippet:-1, max-image-preview:large, max-video-preview:-1\" \/>\n<link rel=\"canonical\" href=\"https:\/\/crees.org.do\/?p=23578\" \/>\n<meta property=\"og:locale\" content=\"es_ES\" \/>\n<meta property=\"og:type\" content=\"article\" \/>\n<meta property=\"og:title\" content=\"La econom\u00eda de Estados Unidos se contrajo por dos trimestres consecutivos en 2022 | CREES\" \/>\n<meta property=\"og:description\" content=\"Oficialmente, la econom\u00eda de Estados Unidos se contrajo por dos trimestres consecutivos en 2022 De acuerdo con la estimaci\u00f3n oficial de la variaci\u00f3n del producto interno bruto (PIB) real de la Oficina de An\u00e1lisis Econ\u00f3mico de Estados Unidos, luego de haberse registrado una ca\u00edda de 1.6% en el primer trimestre, el PIB real cay\u00f3 0.9%...\" \/>\n<meta property=\"og:url\" content=\"https:\/\/crees.org.do\/?p=23578\" \/>\n<meta property=\"og:site_name\" content=\"CREES\" \/>\n<meta property=\"article:publisher\" content=\"https:\/\/www.facebook.com\/CREESRD\/\" \/>\n<meta property=\"article:published_time\" content=\"2022-07-28T20:47:36+00:00\" \/>\n<meta property=\"article:modified_time\" content=\"2022-08-09T20:48:10+00:00\" \/>\n<meta property=\"og:image\" content=\"https:\/\/crees.org.do\/wp-content\/uploads\/2022\/08\/Slide-1-18.png\" \/>\n<meta name=\"author\" content=\"Crees\" \/>\n<meta name=\"twitter:card\" content=\"summary_large_image\" \/>\n<meta name=\"twitter:creator\" content=\"@CREESRD\" \/>\n<meta name=\"twitter:site\" content=\"@CREESRD\" \/>\n<meta name=\"twitter:label1\" content=\"Escrito por\" \/>\n\t<meta name=\"twitter:data1\" content=\"Crees\" \/>\n\t<meta name=\"twitter:label2\" content=\"Tiempo de lectura\" \/>\n\t<meta name=\"twitter:data2\" content=\"1 minuto\" \/>\n<script type=\"application\/ld+json\" class=\"yoast-schema-graph\">{\"@context\":\"https:\/\/schema.org\",\"@graph\":[{\"@type\":\"Article\",\"@id\":\"https:\/\/crees.org.do\/?p=23578#article\",\"isPartOf\":{\"@id\":\"https:\/\/crees.org.do\/?p=23578\"},\"author\":{\"name\":\"Crees\",\"@id\":\"https:\/\/crees.org.do\/#\/schema\/person\/e7f97cd94d7bf9cd0e0ce30acb7d56b8\"},\"headline\":\"La econom\u00eda de Estados Unidos se contrajo por dos trimestres consecutivos en 2022\",\"datePublished\":\"2022-07-28T20:47:36+00:00\",\"dateModified\":\"2022-08-09T20:48:10+00:00\",\"mainEntityOfPage\":{\"@id\":\"https:\/\/crees.org.do\/?p=23578\"},\"wordCount\":273,\"publisher\":{\"@id\":\"https:\/\/crees.org.do\/#organization\"},\"image\":{\"@id\":\"https:\/\/crees.org.do\/?p=23578#primaryimage\"},\"thumbnailUrl\":\"https:\/\/crees.org.do\/wp-content\/uploads\/2022\/08\/Slide-1-18.png\",\"articleSection\":[\"CREES\"],\"inLanguage\":\"es\"},{\"@type\":\"WebPage\",\"@id\":\"https:\/\/crees.org.do\/?p=23578\",\"url\":\"https:\/\/crees.org.do\/?p=23578\",\"name\":\"La econom\u00eda de Estados Unidos se contrajo por dos trimestres consecutivos en 2022 | CREES\",\"isPartOf\":{\"@id\":\"https:\/\/crees.org.do\/#website\"},\"primaryImageOfPage\":{\"@id\":\"https:\/\/crees.org.do\/?p=23578#primaryimage\"},\"image\":{\"@id\":\"https:\/\/crees.org.do\/?p=23578#primaryimage\"},\"thumbnailUrl\":\"https:\/\/crees.org.do\/wp-content\/uploads\/2022\/08\/Slide-1-18.png\",\"datePublished\":\"2022-07-28T20:47:36+00:00\",\"dateModified\":\"2022-08-09T20:48:10+00:00\",\"breadcrumb\":{\"@id\":\"https:\/\/crees.org.do\/?p=23578#breadcrumb\"},\"inLanguage\":\"es\",\"potentialAction\":[{\"@type\":\"ReadAction\",\"target\":[\"https:\/\/crees.org.do\/?p=23578\"]}]},{\"@type\":\"ImageObject\",\"inLanguage\":\"es\",\"@id\":\"https:\/\/crees.org.do\/?p=23578#primaryimage\",\"url\":\"https:\/\/crees.org.do\/wp-content\/uploads\/2022\/08\/Slide-1-18.png\",\"contentUrl\":\"https:\/\/crees.org.do\/wp-content\/uploads\/2022\/08\/Slide-1-18.png\",\"width\":1200,\"height\":1200},{\"@type\":\"BreadcrumbList\",\"@id\":\"https:\/\/crees.org.do\/?p=23578#breadcrumb\",\"itemListElement\":[{\"@type\":\"ListItem\",\"position\":1,\"name\":\"Portada\",\"item\":\"https:\/\/crees.org.do\/\"},{\"@type\":\"ListItem\",\"position\":2,\"name\":\"La econom\u00eda de Estados Unidos se contrajo por dos trimestres consecutivos en 2022\"}]},{\"@type\":\"WebSite\",\"@id\":\"https:\/\/crees.org.do\/#website\",\"url\":\"https:\/\/crees.org.do\/\",\"name\":\"CREES\",\"description\":\"Centro Regional de Estrategias Econ\u00f3micas Sostenibles\",\"publisher\":{\"@id\":\"https:\/\/crees.org.do\/#organization\"},\"potentialAction\":[{\"@type\":\"SearchAction\",\"target\":{\"@type\":\"EntryPoint\",\"urlTemplate\":\"https:\/\/crees.org.do\/?s={search_term_string}\"},\"query-input\":{\"@type\":\"PropertyValueSpecification\",\"valueRequired\":true,\"valueName\":\"search_term_string\"}}],\"inLanguage\":\"es\"},{\"@type\":\"Organization\",\"@id\":\"https:\/\/crees.org.do\/#organization\",\"name\":\"CREES | Centro Regional de Estrategias Econ\u00f3micas Sostenibles\",\"url\":\"https:\/\/crees.org.do\/\",\"logo\":{\"@type\":\"ImageObject\",\"inLanguage\":\"es\",\"@id\":\"https:\/\/crees.org.do\/#\/schema\/logo\/image\/\",\"url\":\"https:\/\/crees.org.do\/wp-content\/uploads\/2022\/03\/crees-logo-1.jpg\",\"contentUrl\":\"https:\/\/crees.org.do\/wp-content\/uploads\/2022\/03\/crees-logo-1.jpg\",\"width\":244,\"height\":71,\"caption\":\"CREES | Centro Regional de Estrategias Econ\u00f3micas Sostenibles\"},\"image\":{\"@id\":\"https:\/\/crees.org.do\/#\/schema\/logo\/image\/\"},\"sameAs\":[\"https:\/\/www.facebook.com\/CREESRD\/\",\"https:\/\/x.com\/CREESRD\"]},{\"@type\":\"Person\",\"@id\":\"https:\/\/crees.org.do\/#\/schema\/person\/e7f97cd94d7bf9cd0e0ce30acb7d56b8\",\"name\":\"Crees\",\"image\":{\"@type\":\"ImageObject\",\"inLanguage\":\"es\",\"@id\":\"https:\/\/crees.org.do\/#\/schema\/person\/image\/\",\"url\":\"https:\/\/secure.gravatar.com\/avatar\/390ac8f0be5d9aa046152553e2dd7011b59a512d89c150f5e5f28bb8d9a0b165?s=96&d=mm&r=g\",\"contentUrl\":\"https:\/\/secure.gravatar.com\/avatar\/390ac8f0be5d9aa046152553e2dd7011b59a512d89c150f5e5f28bb8d9a0b165?s=96&d=mm&r=g\",\"caption\":\"Crees\"},\"url\":\"https:\/\/crees.org.do\/?author=2\"}]}<\/script>\n<!-- \/ Yoast SEO plugin. -->","yoast_head_json":{"title":"La econom\u00eda de Estados Unidos se contrajo por dos trimestres consecutivos en 2022 | CREES","robots":{"index":"index","follow":"follow","max-snippet":"max-snippet:-1","max-image-preview":"max-image-preview:large","max-video-preview":"max-video-preview:-1"},"canonical":"https:\/\/crees.org.do\/?p=23578","og_locale":"es_ES","og_type":"article","og_title":"La econom\u00eda de Estados Unidos se contrajo por dos trimestres consecutivos en 2022 | CREES","og_description":"Oficialmente, la econom\u00eda de Estados Unidos se contrajo por dos trimestres consecutivos en 2022 De acuerdo con la estimaci\u00f3n oficial de la variaci\u00f3n del producto interno bruto (PIB) real de la Oficina de An\u00e1lisis Econ\u00f3mico de Estados Unidos, luego de haberse registrado una ca\u00edda de 1.6% en el primer trimestre, el PIB real cay\u00f3 0.9%...","og_url":"https:\/\/crees.org.do\/?p=23578","og_site_name":"CREES","article_publisher":"https:\/\/www.facebook.com\/CREESRD\/","article_published_time":"2022-07-28T20:47:36+00:00","article_modified_time":"2022-08-09T20:48:10+00:00","og_image":[{"url":"https:\/\/crees.org.do\/wp-content\/uploads\/2022\/08\/Slide-1-18.png","type":"","width":"","height":""}],"author":"Crees","twitter_card":"summary_large_image","twitter_creator":"@CREESRD","twitter_site":"@CREESRD","twitter_misc":{"Escrito por":"Crees","Tiempo de lectura":"1 minuto"},"schema":{"@context":"https:\/\/schema.org","@graph":[{"@type":"Article","@id":"https:\/\/crees.org.do\/?p=23578#article","isPartOf":{"@id":"https:\/\/crees.org.do\/?p=23578"},"author":{"name":"Crees","@id":"https:\/\/crees.org.do\/#\/schema\/person\/e7f97cd94d7bf9cd0e0ce30acb7d56b8"},"headline":"La econom\u00eda de Estados Unidos se contrajo por dos trimestres consecutivos en 2022","datePublished":"2022-07-28T20:47:36+00:00","dateModified":"2022-08-09T20:48:10+00:00","mainEntityOfPage":{"@id":"https:\/\/crees.org.do\/?p=23578"},"wordCount":273,"publisher":{"@id":"https:\/\/crees.org.do\/#organization"},"image":{"@id":"https:\/\/crees.org.do\/?p=23578#primaryimage"},"thumbnailUrl":"https:\/\/crees.org.do\/wp-content\/uploads\/2022\/08\/Slide-1-18.png","articleSection":["CREES"],"inLanguage":"es"},{"@type":"WebPage","@id":"https:\/\/crees.org.do\/?p=23578","url":"https:\/\/crees.org.do\/?p=23578","name":"La econom\u00eda de Estados Unidos se contrajo por dos trimestres consecutivos en 2022 | CREES","isPartOf":{"@id":"https:\/\/crees.org.do\/#website"},"primaryImageOfPage":{"@id":"https:\/\/crees.org.do\/?p=23578#primaryimage"},"image":{"@id":"https:\/\/crees.org.do\/?p=23578#primaryimage"},"thumbnailUrl":"https:\/\/crees.org.do\/wp-content\/uploads\/2022\/08\/Slide-1-18.png","datePublished":"2022-07-28T20:47:36+00:00","dateModified":"2022-08-09T20:48:10+00:00","breadcrumb":{"@id":"https:\/\/crees.org.do\/?p=23578#breadcrumb"},"inLanguage":"es","potentialAction":[{"@type":"ReadAction","target":["https:\/\/crees.org.do\/?p=23578"]}]},{"@type":"ImageObject","inLanguage":"es","@id":"https:\/\/crees.org.do\/?p=23578#primaryimage","url":"https:\/\/crees.org.do\/wp-content\/uploads\/2022\/08\/Slide-1-18.png","contentUrl":"https:\/\/crees.org.do\/wp-content\/uploads\/2022\/08\/Slide-1-18.png","width":1200,"height":1200},{"@type":"BreadcrumbList","@id":"https:\/\/crees.org.do\/?p=23578#breadcrumb","itemListElement":[{"@type":"ListItem","position":1,"name":"Portada","item":"https:\/\/crees.org.do\/"},{"@type":"ListItem","position":2,"name":"La econom\u00eda de Estados Unidos se contrajo por dos trimestres consecutivos en 2022"}]},{"@type":"WebSite","@id":"https:\/\/crees.org.do\/#website","url":"https:\/\/crees.org.do\/","name":"CREES","description":"Centro Regional de Estrategias Econ\u00f3micas Sostenibles","publisher":{"@id":"https:\/\/crees.org.do\/#organization"},"potentialAction":[{"@type":"SearchAction","target":{"@type":"EntryPoint","urlTemplate":"https:\/\/crees.org.do\/?s={search_term_string}"},"query-input":{"@type":"PropertyValueSpecification","valueRequired":true,"valueName":"search_term_string"}}],"inLanguage":"es"},{"@type":"Organization","@id":"https:\/\/crees.org.do\/#organization","name":"CREES | Centro Regional de Estrategias Econ\u00f3micas Sostenibles","url":"https:\/\/crees.org.do\/","logo":{"@type":"ImageObject","inLanguage":"es","@id":"https:\/\/crees.org.do\/#\/schema\/logo\/image\/","url":"https:\/\/crees.org.do\/wp-content\/uploads\/2022\/03\/crees-logo-1.jpg","contentUrl":"https:\/\/crees.org.do\/wp-content\/uploads\/2022\/03\/crees-logo-1.jpg","width":244,"height":71,"caption":"CREES | Centro Regional de Estrategias Econ\u00f3micas Sostenibles"},"image":{"@id":"https:\/\/crees.org.do\/#\/schema\/logo\/image\/"},"sameAs":["https:\/\/www.facebook.com\/CREESRD\/","https:\/\/x.com\/CREESRD"]},{"@type":"Person","@id":"https:\/\/crees.org.do\/#\/schema\/person\/e7f97cd94d7bf9cd0e0ce30acb7d56b8","name":"Crees","image":{"@type":"ImageObject","inLanguage":"es","@id":"https:\/\/crees.org.do\/#\/schema\/person\/image\/","url":"https:\/\/secure.gravatar.com\/avatar\/390ac8f0be5d9aa046152553e2dd7011b59a512d89c150f5e5f28bb8d9a0b165?s=96&d=mm&r=g","contentUrl":"https:\/\/secure.gravatar.com\/avatar\/390ac8f0be5d9aa046152553e2dd7011b59a512d89c150f5e5f28bb8d9a0b165?s=96&d=mm&r=g","caption":"Crees"},"url":"https:\/\/crees.org.do\/?author=2"}]}},"_links":{"self":[{"href":"https:\/\/crees.org.do\/index.php?rest_route=\/wp\/v2\/posts\/23578","targetHints":{"allow":["GET"]}}],"collection":[{"href":"https:\/\/crees.org.do\/index.php?rest_route=\/wp\/v2\/posts"}],"about":[{"href":"https:\/\/crees.org.do\/index.php?rest_route=\/wp\/v2\/types\/post"}],"author":[{"embeddable":true,"href":"https:\/\/crees.org.do\/index.php?rest_route=\/wp\/v2\/users\/2"}],"replies":[{"embeddable":true,"href":"https:\/\/crees.org.do\/index.php?rest_route=%2Fwp%2Fv2%2Fcomments&post=23578"}],"version-history":[{"count":2,"href":"https:\/\/crees.org.do\/index.php?rest_route=\/wp\/v2\/posts\/23578\/revisions"}],"predecessor-version":[{"id":23581,"href":"https:\/\/crees.org.do\/index.php?rest_route=\/wp\/v2\/posts\/23578\/revisions\/23581"}],"wp:attachment":[{"href":"https:\/\/crees.org.do\/index.php?rest_route=%2Fwp%2Fv2%2Fmedia&parent=23578"}],"wp:term":[{"taxonomy":"category","embeddable":true,"href":"https:\/\/crees.org.do\/index.php?rest_route=%2Fwp%2Fv2%2Fcategories&post=23578"},{"taxonomy":"post_tag","embeddable":true,"href":"https:\/\/crees.org.do\/index.php?rest_route=%2Fwp%2Fv2%2Ftags&post=23578"}],"curies":[{"name":"wp","href":"https:\/\/api.w.org\/{rel}","templated":true}]}}