{"id":23616,"date":"2022-07-12T18:27:35","date_gmt":"2022-07-12T18:27:35","guid":{"rendered":"https:\/\/crees.org.do\/?p=23616"},"modified":"2022-08-10T18:28:10","modified_gmt":"2022-08-10T18:28:10","slug":"senales-de-recesion-economica-de-estados-unidos","status":"publish","type":"post","link":"https:\/\/crees.org.do\/?p=23616","title":{"rendered":"Se\u00f1ales de recesi\u00f3n econ\u00f3mica de Estados Unidos"},"content":{"rendered":"<p><img fetchpriority=\"high\" decoding=\"async\" class=\"aligncenter wp-image-23617\" src=\"https:\/\/crees.org.do\/wp-content\/uploads\/2022\/08\/ndice-de-Sentimiento-del-Consumidor.png\" alt=\"\" width=\"896\" height=\"896\" srcset=\"https:\/\/crees.org.do\/wp-content\/uploads\/2022\/08\/ndice-de-Sentimiento-del-Consumidor.png 1200w, https:\/\/crees.org.do\/wp-content\/uploads\/2022\/08\/ndice-de-Sentimiento-del-Consumidor-450x450.png 450w, https:\/\/crees.org.do\/wp-content\/uploads\/2022\/08\/ndice-de-Sentimiento-del-Consumidor-2000x2000.png 2000w, https:\/\/crees.org.do\/wp-content\/uploads\/2022\/08\/ndice-de-Sentimiento-del-Consumidor-150x150.png 150w, https:\/\/crees.org.do\/wp-content\/uploads\/2022\/08\/ndice-de-Sentimiento-del-Consumidor-768x768.png 768w, https:\/\/crees.org.do\/wp-content\/uploads\/2022\/08\/ndice-de-Sentimiento-del-Consumidor-500x500.png 500w, https:\/\/crees.org.do\/wp-content\/uploads\/2022\/08\/ndice-de-Sentimiento-del-Consumidor-1536x1536.png 1536w, https:\/\/crees.org.do\/wp-content\/uploads\/2022\/08\/ndice-de-Sentimiento-del-Consumidor-2048x2048.png 2048w, https:\/\/crees.org.do\/wp-content\/uploads\/2022\/08\/ndice-de-Sentimiento-del-Consumidor-300x300.png 300w, https:\/\/crees.org.do\/wp-content\/uploads\/2022\/08\/ndice-de-Sentimiento-del-Consumidor-600x600.png 600w, https:\/\/crees.org.do\/wp-content\/uploads\/2022\/08\/ndice-de-Sentimiento-del-Consumidor-100x100.png 100w\" sizes=\"(max-width: 896px) 100vw, 896px\" \/><\/p>\n<h3>\u00cdndice de Sentimiento del Consumidor<\/h3>\n<p style=\"text-align: justify;\">Al cierre de junio de 2022 el \u00cdndice de Sentimiento del Consumidor de la Universidad de Michigan fue de 50.0, registrando as\u00ed el nivel de perspectivas econ\u00f3micas de los consumidores menos favorables desde el 2011. En comparaci\u00f3n con junio de 2021 el nivel actual representa una ca\u00edda de 41.5%; y con respecto al mismo mes de 2020 una ca\u00edda de 36.0%.<\/p>\n<p style=\"text-align: justify;\">La producci\u00f3n es el elemento m\u00e1s importante de una econom\u00eda debido a que de ella deriva el empleo y el ingreso que perciben los ciudadanos. Sin embargo, la misma depende del nivel de consumo o demanda de los consumidores. Por lo tanto, la confianza que sienten las personas sobre la estabilidad de sus ingresos y su comportamiento de gasto son indicadores relevantes para tratar de comprender el curso futuro de la econom\u00eda.<\/p>\n<p style=\"text-align: justify;\">Como consecuencia de la disminuci\u00f3n de la confianza de los consumidores estadounidenses tambi\u00e9n est\u00e1n disminuyendo las ventas al detalle. Esto, al igual que la desaceleraci\u00f3n en el ritmo de reducci\u00f3n del desempleo, son se\u00f1ales de la recesi\u00f3n en la que podr\u00eda estar entrando esta econom\u00eda. Para controlar la inflaci\u00f3n generada por la expansi\u00f3n monetaria, la Reserva Federal ha tenido que revertir su pol\u00edtica. Es decir que se han ido reduciendo los est\u00edmulos artificiales a la econom\u00eda y se han generando las condiciones para que se perciba una contracci\u00f3n econ\u00f3mica en el primer semestre de 2022.<\/p>\n<p style=\"text-align: justify;\">La Encuesta de la Universidad de Michigan sobre el \u00cdndice de Sentimiento del Consumidor es una encuesta mensual de los niveles de confianza del consumidor en los Estados Unidos. Es un instrumento que mide el grado de optimismo que sienten los consumidores sobre el estado general de la econom\u00eda, su situaci\u00f3n financiera personal, las condiciones comerciales y las condiciones de compra.<\/p>\n<div class=\"pvc_clear\"><\/div>\n<p class=\"pvc_stats all \" data-element-id=\"23616\" style=\"\"><i class=\"pvc-stats-icon medium\" aria-hidden=\"true\"><svg aria-hidden=\"true\" focusable=\"false\" data-prefix=\"far\" data-icon=\"chart-bar\" role=\"img\" xmlns=\"http:\/\/www.w3.org\/2000\/svg\" viewBox=\"0 0 512 512\" class=\"svg-inline--fa fa-chart-bar fa-w-16 fa-2x\"><path fill=\"currentColor\" d=\"M396.8 352h22.4c6.4 0 12.8-6.4 12.8-12.8V108.8c0-6.4-6.4-12.8-12.8-12.8h-22.4c-6.4 0-12.8 6.4-12.8 12.8v230.4c0 6.4 6.4 12.8 12.8 12.8zm-192 0h22.4c6.4 0 12.8-6.4 12.8-12.8V140.8c0-6.4-6.4-12.8-12.8-12.8h-22.4c-6.4 0-12.8 6.4-12.8 12.8v198.4c0 6.4 6.4 12.8 12.8 12.8zm96 0h22.4c6.4 0 12.8-6.4 12.8-12.8V204.8c0-6.4-6.4-12.8-12.8-12.8h-22.4c-6.4 0-12.8 6.4-12.8 12.8v134.4c0 6.4 6.4 12.8 12.8 12.8zM496 400H48V80c0-8.84-7.16-16-16-16H16C7.16 64 0 71.16 0 80v336c0 17.67 14.33 32 32 32h464c8.84 0 16-7.16 16-16v-16c0-8.84-7.16-16-16-16zm-387.2-48h22.4c6.4 0 12.8-6.4 12.8-12.8v-70.4c0-6.4-6.4-12.8-12.8-12.8h-22.4c-6.4 0-12.8 6.4-12.8 12.8v70.4c0 6.4 6.4 12.8 12.8 12.8z\" class=\"\"><\/path><\/svg><\/i> Vistas Totales&nbsp;904&nbsp;, Vistas Hoy&nbsp;6&nbsp;<\/p>\n<div class=\"pvc_clear\"><\/div>\n","protected":false},"excerpt":{"rendered":"<p>\u00cdndice de Sentimiento del Consumidor Al cierre de junio de 2022 el \u00cdndice de Sentimiento del Consumidor de la Universidad de Michigan fue de 50.0, registrando as\u00ed el nivel de perspectivas econ\u00f3micas de los consumidores menos favorables desde el 2011. En comparaci\u00f3n con junio de 2021 el nivel actual representa una ca\u00edda de 41.5%; y&#8230;<\/p>\n<div class=\"pvc_clear\"><\/div>\n<p class=\"pvc_stats all \" data-element-id=\"23616\" style=\"\"><i class=\"pvc-stats-icon medium\" aria-hidden=\"true\"><svg aria-hidden=\"true\" focusable=\"false\" data-prefix=\"far\" data-icon=\"chart-bar\" role=\"img\" xmlns=\"http:\/\/www.w3.org\/2000\/svg\" viewBox=\"0 0 512 512\" class=\"svg-inline--fa fa-chart-bar fa-w-16 fa-2x\"><path fill=\"currentColor\" d=\"M396.8 352h22.4c6.4 0 12.8-6.4 12.8-12.8V108.8c0-6.4-6.4-12.8-12.8-12.8h-22.4c-6.4 0-12.8 6.4-12.8 12.8v230.4c0 6.4 6.4 12.8 12.8 12.8zm-192 0h22.4c6.4 0 12.8-6.4 12.8-12.8V140.8c0-6.4-6.4-12.8-12.8-12.8h-22.4c-6.4 0-12.8 6.4-12.8 12.8v198.4c0 6.4 6.4 12.8 12.8 12.8zm96 0h22.4c6.4 0 12.8-6.4 12.8-12.8V204.8c0-6.4-6.4-12.8-12.8-12.8h-22.4c-6.4 0-12.8 6.4-12.8 12.8v134.4c0 6.4 6.4 12.8 12.8 12.8zM496 400H48V80c0-8.84-7.16-16-16-16H16C7.16 64 0 71.16 0 80v336c0 17.67 14.33 32 32 32h464c8.84 0 16-7.16 16-16v-16c0-8.84-7.16-16-16-16zm-387.2-48h22.4c6.4 0 12.8-6.4 12.8-12.8v-70.4c0-6.4-6.4-12.8-12.8-12.8h-22.4c-6.4 0-12.8 6.4-12.8 12.8v70.4c0 6.4 6.4 12.8 12.8 12.8z\" class=\"\"><\/path><\/svg><\/i> Vistas Totales&nbsp;904&nbsp;, Vistas Hoy&nbsp;6&nbsp;<\/p>\n<div class=\"pvc_clear\"><\/div>\n","protected":false},"author":2,"featured_media":23617,"comment_status":"closed","ping_status":"closed","sticky":false,"template":"","format":"standard","meta":{"footnotes":""},"categories":[21],"tags":[],"class_list":["post-23616","post","type-post","status-publish","format-standard","has-post-thumbnail","hentry","category-blog"],"yoast_head":"<!-- This site is optimized with the Yoast SEO plugin v25.2 - https:\/\/yoast.com\/wordpress\/plugins\/seo\/ -->\n<title>Se\u00f1ales de recesi\u00f3n econ\u00f3mica de Estados Unidos | CREES<\/title>\n<meta name=\"robots\" content=\"index, follow, max-snippet:-1, max-image-preview:large, max-video-preview:-1\" \/>\n<link rel=\"canonical\" href=\"https:\/\/crees.org.do\/?p=23616\" \/>\n<meta property=\"og:locale\" content=\"es_ES\" \/>\n<meta property=\"og:type\" content=\"article\" \/>\n<meta property=\"og:title\" content=\"Se\u00f1ales de recesi\u00f3n econ\u00f3mica de Estados Unidos | CREES\" \/>\n<meta property=\"og:description\" content=\"\u00cdndice de Sentimiento del Consumidor Al cierre de junio de 2022 el \u00cdndice de Sentimiento del Consumidor de la Universidad de Michigan fue de 50.0, registrando as\u00ed el nivel de perspectivas econ\u00f3micas de los consumidores menos favorables desde el 2011. En comparaci\u00f3n con junio de 2021 el nivel actual representa una ca\u00edda de 41.5%; y...\" \/>\n<meta property=\"og:url\" content=\"https:\/\/crees.org.do\/?p=23616\" \/>\n<meta property=\"og:site_name\" content=\"CREES\" \/>\n<meta property=\"article:publisher\" content=\"https:\/\/www.facebook.com\/CREESRD\/\" \/>\n<meta property=\"article:published_time\" content=\"2022-07-12T18:27:35+00:00\" \/>\n<meta property=\"article:modified_time\" content=\"2022-08-10T18:28:10+00:00\" \/>\n<meta property=\"og:image\" content=\"https:\/\/crees.org.do\/wp-content\/uploads\/2022\/08\/ndice-de-Sentimiento-del-Consumidor.png\" \/>\n\t<meta property=\"og:image:width\" content=\"1200\" \/>\n\t<meta property=\"og:image:height\" content=\"1200\" \/>\n\t<meta property=\"og:image:type\" content=\"image\/png\" \/>\n<meta name=\"author\" content=\"Crees\" \/>\n<meta name=\"twitter:card\" content=\"summary_large_image\" \/>\n<meta name=\"twitter:creator\" content=\"@CREESRD\" \/>\n<meta name=\"twitter:site\" content=\"@CREESRD\" \/>\n<meta name=\"twitter:label1\" content=\"Escrito por\" \/>\n\t<meta name=\"twitter:data1\" content=\"Crees\" \/>\n\t<meta name=\"twitter:label2\" content=\"Tiempo de lectura\" \/>\n\t<meta name=\"twitter:data2\" content=\"2 minutos\" \/>\n<script type=\"application\/ld+json\" class=\"yoast-schema-graph\">{\"@context\":\"https:\/\/schema.org\",\"@graph\":[{\"@type\":\"Article\",\"@id\":\"https:\/\/crees.org.do\/?p=23616#article\",\"isPartOf\":{\"@id\":\"https:\/\/crees.org.do\/?p=23616\"},\"author\":{\"name\":\"Crees\",\"@id\":\"https:\/\/crees.org.do\/#\/schema\/person\/e7f97cd94d7bf9cd0e0ce30acb7d56b8\"},\"headline\":\"Se\u00f1ales de recesi\u00f3n econ\u00f3mica de Estados Unidos\",\"datePublished\":\"2022-07-12T18:27:35+00:00\",\"dateModified\":\"2022-08-10T18:28:10+00:00\",\"mainEntityOfPage\":{\"@id\":\"https:\/\/crees.org.do\/?p=23616\"},\"wordCount\":322,\"publisher\":{\"@id\":\"https:\/\/crees.org.do\/#organization\"},\"image\":{\"@id\":\"https:\/\/crees.org.do\/?p=23616#primaryimage\"},\"thumbnailUrl\":\"https:\/\/crees.org.do\/wp-content\/uploads\/2022\/08\/ndice-de-Sentimiento-del-Consumidor.png\",\"articleSection\":[\"Blog\"],\"inLanguage\":\"es\"},{\"@type\":\"WebPage\",\"@id\":\"https:\/\/crees.org.do\/?p=23616\",\"url\":\"https:\/\/crees.org.do\/?p=23616\",\"name\":\"Se\u00f1ales de recesi\u00f3n econ\u00f3mica de Estados Unidos | CREES\",\"isPartOf\":{\"@id\":\"https:\/\/crees.org.do\/#website\"},\"primaryImageOfPage\":{\"@id\":\"https:\/\/crees.org.do\/?p=23616#primaryimage\"},\"image\":{\"@id\":\"https:\/\/crees.org.do\/?p=23616#primaryimage\"},\"thumbnailUrl\":\"https:\/\/crees.org.do\/wp-content\/uploads\/2022\/08\/ndice-de-Sentimiento-del-Consumidor.png\",\"datePublished\":\"2022-07-12T18:27:35+00:00\",\"dateModified\":\"2022-08-10T18:28:10+00:00\",\"breadcrumb\":{\"@id\":\"https:\/\/crees.org.do\/?p=23616#breadcrumb\"},\"inLanguage\":\"es\",\"potentialAction\":[{\"@type\":\"ReadAction\",\"target\":[\"https:\/\/crees.org.do\/?p=23616\"]}]},{\"@type\":\"ImageObject\",\"inLanguage\":\"es\",\"@id\":\"https:\/\/crees.org.do\/?p=23616#primaryimage\",\"url\":\"https:\/\/crees.org.do\/wp-content\/uploads\/2022\/08\/ndice-de-Sentimiento-del-Consumidor.png\",\"contentUrl\":\"https:\/\/crees.org.do\/wp-content\/uploads\/2022\/08\/ndice-de-Sentimiento-del-Consumidor.png\",\"width\":1200,\"height\":1200},{\"@type\":\"BreadcrumbList\",\"@id\":\"https:\/\/crees.org.do\/?p=23616#breadcrumb\",\"itemListElement\":[{\"@type\":\"ListItem\",\"position\":1,\"name\":\"Portada\",\"item\":\"https:\/\/crees.org.do\/\"},{\"@type\":\"ListItem\",\"position\":2,\"name\":\"Se\u00f1ales de recesi\u00f3n econ\u00f3mica de Estados Unidos\"}]},{\"@type\":\"WebSite\",\"@id\":\"https:\/\/crees.org.do\/#website\",\"url\":\"https:\/\/crees.org.do\/\",\"name\":\"CREES\",\"description\":\"Centro Regional de Estrategias Econ\u00f3micas Sostenibles\",\"publisher\":{\"@id\":\"https:\/\/crees.org.do\/#organization\"},\"potentialAction\":[{\"@type\":\"SearchAction\",\"target\":{\"@type\":\"EntryPoint\",\"urlTemplate\":\"https:\/\/crees.org.do\/?s={search_term_string}\"},\"query-input\":{\"@type\":\"PropertyValueSpecification\",\"valueRequired\":true,\"valueName\":\"search_term_string\"}}],\"inLanguage\":\"es\"},{\"@type\":\"Organization\",\"@id\":\"https:\/\/crees.org.do\/#organization\",\"name\":\"CREES | Centro Regional de Estrategias Econ\u00f3micas Sostenibles\",\"url\":\"https:\/\/crees.org.do\/\",\"logo\":{\"@type\":\"ImageObject\",\"inLanguage\":\"es\",\"@id\":\"https:\/\/crees.org.do\/#\/schema\/logo\/image\/\",\"url\":\"https:\/\/crees.org.do\/wp-content\/uploads\/2022\/03\/crees-logo-1.jpg\",\"contentUrl\":\"https:\/\/crees.org.do\/wp-content\/uploads\/2022\/03\/crees-logo-1.jpg\",\"width\":244,\"height\":71,\"caption\":\"CREES | Centro Regional de Estrategias Econ\u00f3micas Sostenibles\"},\"image\":{\"@id\":\"https:\/\/crees.org.do\/#\/schema\/logo\/image\/\"},\"sameAs\":[\"https:\/\/www.facebook.com\/CREESRD\/\",\"https:\/\/x.com\/CREESRD\"]},{\"@type\":\"Person\",\"@id\":\"https:\/\/crees.org.do\/#\/schema\/person\/e7f97cd94d7bf9cd0e0ce30acb7d56b8\",\"name\":\"Crees\",\"image\":{\"@type\":\"ImageObject\",\"inLanguage\":\"es\",\"@id\":\"https:\/\/crees.org.do\/#\/schema\/person\/image\/\",\"url\":\"https:\/\/secure.gravatar.com\/avatar\/390ac8f0be5d9aa046152553e2dd7011b59a512d89c150f5e5f28bb8d9a0b165?s=96&d=mm&r=g\",\"contentUrl\":\"https:\/\/secure.gravatar.com\/avatar\/390ac8f0be5d9aa046152553e2dd7011b59a512d89c150f5e5f28bb8d9a0b165?s=96&d=mm&r=g\",\"caption\":\"Crees\"},\"url\":\"https:\/\/crees.org.do\/?author=2\"}]}<\/script>\n<!-- \/ Yoast SEO plugin. -->","yoast_head_json":{"title":"Se\u00f1ales de recesi\u00f3n econ\u00f3mica de Estados Unidos | CREES","robots":{"index":"index","follow":"follow","max-snippet":"max-snippet:-1","max-image-preview":"max-image-preview:large","max-video-preview":"max-video-preview:-1"},"canonical":"https:\/\/crees.org.do\/?p=23616","og_locale":"es_ES","og_type":"article","og_title":"Se\u00f1ales de recesi\u00f3n econ\u00f3mica de Estados Unidos | CREES","og_description":"\u00cdndice de Sentimiento del Consumidor Al cierre de junio de 2022 el \u00cdndice de Sentimiento del Consumidor de la Universidad de Michigan fue de 50.0, registrando as\u00ed el nivel de perspectivas econ\u00f3micas de los consumidores menos favorables desde el 2011. En comparaci\u00f3n con junio de 2021 el nivel actual representa una ca\u00edda de 41.5%; y...","og_url":"https:\/\/crees.org.do\/?p=23616","og_site_name":"CREES","article_publisher":"https:\/\/www.facebook.com\/CREESRD\/","article_published_time":"2022-07-12T18:27:35+00:00","article_modified_time":"2022-08-10T18:28:10+00:00","og_image":[{"width":1200,"height":1200,"url":"https:\/\/crees.org.do\/wp-content\/uploads\/2022\/08\/ndice-de-Sentimiento-del-Consumidor.png","type":"image\/png"}],"author":"Crees","twitter_card":"summary_large_image","twitter_creator":"@CREESRD","twitter_site":"@CREESRD","twitter_misc":{"Escrito por":"Crees","Tiempo de lectura":"2 minutos"},"schema":{"@context":"https:\/\/schema.org","@graph":[{"@type":"Article","@id":"https:\/\/crees.org.do\/?p=23616#article","isPartOf":{"@id":"https:\/\/crees.org.do\/?p=23616"},"author":{"name":"Crees","@id":"https:\/\/crees.org.do\/#\/schema\/person\/e7f97cd94d7bf9cd0e0ce30acb7d56b8"},"headline":"Se\u00f1ales de recesi\u00f3n econ\u00f3mica de Estados Unidos","datePublished":"2022-07-12T18:27:35+00:00","dateModified":"2022-08-10T18:28:10+00:00","mainEntityOfPage":{"@id":"https:\/\/crees.org.do\/?p=23616"},"wordCount":322,"publisher":{"@id":"https:\/\/crees.org.do\/#organization"},"image":{"@id":"https:\/\/crees.org.do\/?p=23616#primaryimage"},"thumbnailUrl":"https:\/\/crees.org.do\/wp-content\/uploads\/2022\/08\/ndice-de-Sentimiento-del-Consumidor.png","articleSection":["Blog"],"inLanguage":"es"},{"@type":"WebPage","@id":"https:\/\/crees.org.do\/?p=23616","url":"https:\/\/crees.org.do\/?p=23616","name":"Se\u00f1ales de recesi\u00f3n econ\u00f3mica de Estados Unidos | CREES","isPartOf":{"@id":"https:\/\/crees.org.do\/#website"},"primaryImageOfPage":{"@id":"https:\/\/crees.org.do\/?p=23616#primaryimage"},"image":{"@id":"https:\/\/crees.org.do\/?p=23616#primaryimage"},"thumbnailUrl":"https:\/\/crees.org.do\/wp-content\/uploads\/2022\/08\/ndice-de-Sentimiento-del-Consumidor.png","datePublished":"2022-07-12T18:27:35+00:00","dateModified":"2022-08-10T18:28:10+00:00","breadcrumb":{"@id":"https:\/\/crees.org.do\/?p=23616#breadcrumb"},"inLanguage":"es","potentialAction":[{"@type":"ReadAction","target":["https:\/\/crees.org.do\/?p=23616"]}]},{"@type":"ImageObject","inLanguage":"es","@id":"https:\/\/crees.org.do\/?p=23616#primaryimage","url":"https:\/\/crees.org.do\/wp-content\/uploads\/2022\/08\/ndice-de-Sentimiento-del-Consumidor.png","contentUrl":"https:\/\/crees.org.do\/wp-content\/uploads\/2022\/08\/ndice-de-Sentimiento-del-Consumidor.png","width":1200,"height":1200},{"@type":"BreadcrumbList","@id":"https:\/\/crees.org.do\/?p=23616#breadcrumb","itemListElement":[{"@type":"ListItem","position":1,"name":"Portada","item":"https:\/\/crees.org.do\/"},{"@type":"ListItem","position":2,"name":"Se\u00f1ales de recesi\u00f3n econ\u00f3mica de Estados Unidos"}]},{"@type":"WebSite","@id":"https:\/\/crees.org.do\/#website","url":"https:\/\/crees.org.do\/","name":"CREES","description":"Centro Regional de Estrategias Econ\u00f3micas Sostenibles","publisher":{"@id":"https:\/\/crees.org.do\/#organization"},"potentialAction":[{"@type":"SearchAction","target":{"@type":"EntryPoint","urlTemplate":"https:\/\/crees.org.do\/?s={search_term_string}"},"query-input":{"@type":"PropertyValueSpecification","valueRequired":true,"valueName":"search_term_string"}}],"inLanguage":"es"},{"@type":"Organization","@id":"https:\/\/crees.org.do\/#organization","name":"CREES | Centro Regional de Estrategias Econ\u00f3micas Sostenibles","url":"https:\/\/crees.org.do\/","logo":{"@type":"ImageObject","inLanguage":"es","@id":"https:\/\/crees.org.do\/#\/schema\/logo\/image\/","url":"https:\/\/crees.org.do\/wp-content\/uploads\/2022\/03\/crees-logo-1.jpg","contentUrl":"https:\/\/crees.org.do\/wp-content\/uploads\/2022\/03\/crees-logo-1.jpg","width":244,"height":71,"caption":"CREES | Centro Regional de Estrategias Econ\u00f3micas Sostenibles"},"image":{"@id":"https:\/\/crees.org.do\/#\/schema\/logo\/image\/"},"sameAs":["https:\/\/www.facebook.com\/CREESRD\/","https:\/\/x.com\/CREESRD"]},{"@type":"Person","@id":"https:\/\/crees.org.do\/#\/schema\/person\/e7f97cd94d7bf9cd0e0ce30acb7d56b8","name":"Crees","image":{"@type":"ImageObject","inLanguage":"es","@id":"https:\/\/crees.org.do\/#\/schema\/person\/image\/","url":"https:\/\/secure.gravatar.com\/avatar\/390ac8f0be5d9aa046152553e2dd7011b59a512d89c150f5e5f28bb8d9a0b165?s=96&d=mm&r=g","contentUrl":"https:\/\/secure.gravatar.com\/avatar\/390ac8f0be5d9aa046152553e2dd7011b59a512d89c150f5e5f28bb8d9a0b165?s=96&d=mm&r=g","caption":"Crees"},"url":"https:\/\/crees.org.do\/?author=2"}]}},"_links":{"self":[{"href":"https:\/\/crees.org.do\/index.php?rest_route=\/wp\/v2\/posts\/23616","targetHints":{"allow":["GET"]}}],"collection":[{"href":"https:\/\/crees.org.do\/index.php?rest_route=\/wp\/v2\/posts"}],"about":[{"href":"https:\/\/crees.org.do\/index.php?rest_route=\/wp\/v2\/types\/post"}],"author":[{"embeddable":true,"href":"https:\/\/crees.org.do\/index.php?rest_route=\/wp\/v2\/users\/2"}],"replies":[{"embeddable":true,"href":"https:\/\/crees.org.do\/index.php?rest_route=%2Fwp%2Fv2%2Fcomments&post=23616"}],"version-history":[{"count":1,"href":"https:\/\/crees.org.do\/index.php?rest_route=\/wp\/v2\/posts\/23616\/revisions"}],"predecessor-version":[{"id":23618,"href":"https:\/\/crees.org.do\/index.php?rest_route=\/wp\/v2\/posts\/23616\/revisions\/23618"}],"wp:featuredmedia":[{"embeddable":true,"href":"https:\/\/crees.org.do\/index.php?rest_route=\/wp\/v2\/media\/23617"}],"wp:attachment":[{"href":"https:\/\/crees.org.do\/index.php?rest_route=%2Fwp%2Fv2%2Fmedia&parent=23616"}],"wp:term":[{"taxonomy":"category","embeddable":true,"href":"https:\/\/crees.org.do\/index.php?rest_route=%2Fwp%2Fv2%2Fcategories&post=23616"},{"taxonomy":"post_tag","embeddable":true,"href":"https:\/\/crees.org.do\/index.php?rest_route=%2Fwp%2Fv2%2Ftags&post=23616"}],"curies":[{"name":"wp","href":"https:\/\/api.w.org\/{rel}","templated":true}]}}