{"id":23619,"date":"2022-07-11T18:34:02","date_gmt":"2022-07-11T18:34:02","guid":{"rendered":"https:\/\/crees.org.do\/?p=23619"},"modified":"2022-08-10T18:34:24","modified_gmt":"2022-08-10T18:34:24","slug":"tasa-de-ocupacion-hotelera-ascendio-a-70-5-en-junio-de-2022","status":"publish","type":"post","link":"https:\/\/crees.org.do\/?p=23619","title":{"rendered":"Tasa de ocupaci\u00f3n hotelera ascendi\u00f3 a 70.5% en junio de 2022"},"content":{"rendered":"<p><img fetchpriority=\"high\" decoding=\"async\" class=\"aligncenter wp-image-23620\" src=\"https:\/\/crees.org.do\/wp-content\/uploads\/2022\/08\/Screen-Shot-2022-07-11-at-12.14.49-PM.png\" alt=\"\" width=\"896\" height=\"896\" srcset=\"https:\/\/crees.org.do\/wp-content\/uploads\/2022\/08\/Screen-Shot-2022-07-11-at-12.14.49-PM.png 1200w, https:\/\/crees.org.do\/wp-content\/uploads\/2022\/08\/Screen-Shot-2022-07-11-at-12.14.49-PM-450x450.png 450w, https:\/\/crees.org.do\/wp-content\/uploads\/2022\/08\/Screen-Shot-2022-07-11-at-12.14.49-PM-150x150.png 150w, https:\/\/crees.org.do\/wp-content\/uploads\/2022\/08\/Screen-Shot-2022-07-11-at-12.14.49-PM-768x768.png 768w, https:\/\/crees.org.do\/wp-content\/uploads\/2022\/08\/Screen-Shot-2022-07-11-at-12.14.49-PM-500x500.png 500w, https:\/\/crees.org.do\/wp-content\/uploads\/2022\/08\/Screen-Shot-2022-07-11-at-12.14.49-PM-300x300.png 300w, https:\/\/crees.org.do\/wp-content\/uploads\/2022\/08\/Screen-Shot-2022-07-11-at-12.14.49-PM-600x600.png 600w, https:\/\/crees.org.do\/wp-content\/uploads\/2022\/08\/Screen-Shot-2022-07-11-at-12.14.49-PM-100x100.png 100w\" sizes=\"(max-width: 896px) 100vw, 896px\" \/><\/p>\n<p style=\"text-align: justify;\">En junio de 2022 la tasa de ocupaci\u00f3n hotelera ascendi\u00f3 a 70.5%. Esto significa que la ocupaci\u00f3n hotelera estuvo 20.8 puntos porcentuales por encima de la tasa prevaleciente en el mismo mes del a\u00f1o 2021, cuando se situ\u00f3 en 49.7%. Si se compara con junio de 2019, la ocupaci\u00f3n se acerc\u00f3 a ese a\u00f1o de prepandemia, cuando fue de 71.5%. En el primer semestre de 2022, la ocupaci\u00f3n promedio represent\u00f3 71.7%.<\/p>\n<p>A partir del primer trimestre del 2020 y, como resultado del impacto de la pandemia de COVID-19 en la industria tur\u00edstica dominicana, la tasa promedio de ocupaci\u00f3n hotelera disminuy\u00f3 a cero por 3 meses. Luego, con la reapertura de la industria tur\u00edstica, la ocupaci\u00f3n hotelera empez\u00f3 a recuperase; tomando fuerza a partir de marzo de 2021 en la medida en que fueron flexibiliz\u00e1ndose las medidas y fue avanzando la inmunizaci\u00f3n de la poblaci\u00f3n en todo el mundo. En febrero de 2022 la tasa de ocupaci\u00f3n hotelera super\u00f3 el nivel promedio previo a la pandemia, ubic\u00e1ndose en 76.6%.<\/p>\n<p>Es preciso aclarar que la gr\u00e1fica muestra la serie de la tasa promedio de ocupaci\u00f3n en establecimientos de alojamiento tur\u00edstico del Banco Central de la Rep\u00fablica Dominicana hasta marzo de 2022. Para el periodo abril-junio 2022 muestra los datos de la tasa de ocupaci\u00f3n hotelera abierta del Ministerio de Turismo; que representa el total de habitaciones de alojamiento tur\u00edstico ocupadas sobre el total de habitaciones en operaci\u00f3n.<\/p>\n<div class=\"pvc_clear\"><\/div>\n<p class=\"pvc_stats all \" data-element-id=\"23619\" style=\"\"><i class=\"pvc-stats-icon medium\" aria-hidden=\"true\"><svg aria-hidden=\"true\" focusable=\"false\" data-prefix=\"far\" data-icon=\"chart-bar\" role=\"img\" xmlns=\"http:\/\/www.w3.org\/2000\/svg\" viewBox=\"0 0 512 512\" class=\"svg-inline--fa fa-chart-bar fa-w-16 fa-2x\"><path fill=\"currentColor\" d=\"M396.8 352h22.4c6.4 0 12.8-6.4 12.8-12.8V108.8c0-6.4-6.4-12.8-12.8-12.8h-22.4c-6.4 0-12.8 6.4-12.8 12.8v230.4c0 6.4 6.4 12.8 12.8 12.8zm-192 0h22.4c6.4 0 12.8-6.4 12.8-12.8V140.8c0-6.4-6.4-12.8-12.8-12.8h-22.4c-6.4 0-12.8 6.4-12.8 12.8v198.4c0 6.4 6.4 12.8 12.8 12.8zm96 0h22.4c6.4 0 12.8-6.4 12.8-12.8V204.8c0-6.4-6.4-12.8-12.8-12.8h-22.4c-6.4 0-12.8 6.4-12.8 12.8v134.4c0 6.4 6.4 12.8 12.8 12.8zM496 400H48V80c0-8.84-7.16-16-16-16H16C7.16 64 0 71.16 0 80v336c0 17.67 14.33 32 32 32h464c8.84 0 16-7.16 16-16v-16c0-8.84-7.16-16-16-16zm-387.2-48h22.4c6.4 0 12.8-6.4 12.8-12.8v-70.4c0-6.4-6.4-12.8-12.8-12.8h-22.4c-6.4 0-12.8 6.4-12.8 12.8v70.4c0 6.4 6.4 12.8 12.8 12.8z\" class=\"\"><\/path><\/svg><\/i> Vistas Totales&nbsp;982&nbsp;, Vistas Hoy&nbsp;6&nbsp;<\/p>\n<div class=\"pvc_clear\"><\/div>\n","protected":false},"excerpt":{"rendered":"<p>En junio de 2022 la tasa de ocupaci\u00f3n hotelera ascendi\u00f3 a 70.5%. Esto significa que la ocupaci\u00f3n hotelera estuvo 20.8 puntos porcentuales por encima de la tasa prevaleciente en el mismo mes del a\u00f1o 2021, cuando se situ\u00f3 en 49.7%. Si se compara con junio de 2019, la ocupaci\u00f3n se acerc\u00f3 a ese a\u00f1o de&#8230;<\/p>\n<div class=\"pvc_clear\"><\/div>\n<p class=\"pvc_stats all \" data-element-id=\"23619\" style=\"\"><i class=\"pvc-stats-icon medium\" aria-hidden=\"true\"><svg aria-hidden=\"true\" focusable=\"false\" data-prefix=\"far\" data-icon=\"chart-bar\" role=\"img\" xmlns=\"http:\/\/www.w3.org\/2000\/svg\" viewBox=\"0 0 512 512\" class=\"svg-inline--fa fa-chart-bar fa-w-16 fa-2x\"><path fill=\"currentColor\" d=\"M396.8 352h22.4c6.4 0 12.8-6.4 12.8-12.8V108.8c0-6.4-6.4-12.8-12.8-12.8h-22.4c-6.4 0-12.8 6.4-12.8 12.8v230.4c0 6.4 6.4 12.8 12.8 12.8zm-192 0h22.4c6.4 0 12.8-6.4 12.8-12.8V140.8c0-6.4-6.4-12.8-12.8-12.8h-22.4c-6.4 0-12.8 6.4-12.8 12.8v198.4c0 6.4 6.4 12.8 12.8 12.8zm96 0h22.4c6.4 0 12.8-6.4 12.8-12.8V204.8c0-6.4-6.4-12.8-12.8-12.8h-22.4c-6.4 0-12.8 6.4-12.8 12.8v134.4c0 6.4 6.4 12.8 12.8 12.8zM496 400H48V80c0-8.84-7.16-16-16-16H16C7.16 64 0 71.16 0 80v336c0 17.67 14.33 32 32 32h464c8.84 0 16-7.16 16-16v-16c0-8.84-7.16-16-16-16zm-387.2-48h22.4c6.4 0 12.8-6.4 12.8-12.8v-70.4c0-6.4-6.4-12.8-12.8-12.8h-22.4c-6.4 0-12.8 6.4-12.8 12.8v70.4c0 6.4 6.4 12.8 12.8 12.8z\" class=\"\"><\/path><\/svg><\/i> Vistas Totales&nbsp;982&nbsp;, Vistas Hoy&nbsp;6&nbsp;<\/p>\n<div class=\"pvc_clear\"><\/div>\n","protected":false},"author":2,"featured_media":23620,"comment_status":"closed","ping_status":"closed","sticky":false,"template":"","format":"standard","meta":{"footnotes":""},"categories":[21],"tags":[],"class_list":["post-23619","post","type-post","status-publish","format-standard","has-post-thumbnail","hentry","category-blog"],"yoast_head":"<!-- This site is optimized with the Yoast SEO plugin v25.2 - https:\/\/yoast.com\/wordpress\/plugins\/seo\/ -->\n<title>Tasa de ocupaci\u00f3n hotelera ascendi\u00f3 a 70.5% en junio de 2022 | CREES<\/title>\n<meta name=\"robots\" content=\"index, follow, max-snippet:-1, max-image-preview:large, max-video-preview:-1\" \/>\n<link rel=\"canonical\" href=\"https:\/\/crees.org.do\/?p=23619\" \/>\n<meta property=\"og:locale\" content=\"es_ES\" \/>\n<meta property=\"og:type\" content=\"article\" \/>\n<meta property=\"og:title\" content=\"Tasa de ocupaci\u00f3n hotelera ascendi\u00f3 a 70.5% en junio de 2022 | CREES\" \/>\n<meta property=\"og:description\" content=\"En junio de 2022 la tasa de ocupaci\u00f3n hotelera ascendi\u00f3 a 70.5%. Esto significa que la ocupaci\u00f3n hotelera estuvo 20.8 puntos porcentuales por encima de la tasa prevaleciente en el mismo mes del a\u00f1o 2021, cuando se situ\u00f3 en 49.7%. Si se compara con junio de 2019, la ocupaci\u00f3n se acerc\u00f3 a ese a\u00f1o de...\" \/>\n<meta property=\"og:url\" content=\"https:\/\/crees.org.do\/?p=23619\" \/>\n<meta property=\"og:site_name\" content=\"CREES\" \/>\n<meta property=\"article:publisher\" content=\"https:\/\/www.facebook.com\/CREESRD\/\" \/>\n<meta property=\"article:published_time\" content=\"2022-07-11T18:34:02+00:00\" \/>\n<meta property=\"article:modified_time\" content=\"2022-08-10T18:34:24+00:00\" \/>\n<meta property=\"og:image\" content=\"https:\/\/crees.org.do\/wp-content\/uploads\/2022\/08\/Screen-Shot-2022-07-11-at-12.14.49-PM.png\" \/>\n\t<meta property=\"og:image:width\" content=\"1200\" \/>\n\t<meta property=\"og:image:height\" content=\"1200\" \/>\n\t<meta property=\"og:image:type\" content=\"image\/png\" \/>\n<meta name=\"author\" content=\"Crees\" \/>\n<meta name=\"twitter:card\" content=\"summary_large_image\" \/>\n<meta name=\"twitter:creator\" content=\"@CREESRD\" \/>\n<meta name=\"twitter:site\" content=\"@CREESRD\" \/>\n<meta name=\"twitter:label1\" content=\"Escrito por\" \/>\n\t<meta name=\"twitter:data1\" content=\"Crees\" \/>\n\t<meta name=\"twitter:label2\" content=\"Tiempo de lectura\" \/>\n\t<meta name=\"twitter:data2\" content=\"1 minuto\" \/>\n<script type=\"application\/ld+json\" class=\"yoast-schema-graph\">{\"@context\":\"https:\/\/schema.org\",\"@graph\":[{\"@type\":\"Article\",\"@id\":\"https:\/\/crees.org.do\/?p=23619#article\",\"isPartOf\":{\"@id\":\"https:\/\/crees.org.do\/?p=23619\"},\"author\":{\"name\":\"Crees\",\"@id\":\"https:\/\/crees.org.do\/#\/schema\/person\/e7f97cd94d7bf9cd0e0ce30acb7d56b8\"},\"headline\":\"Tasa de ocupaci\u00f3n hotelera ascendi\u00f3 a 70.5% en junio de 2022\",\"datePublished\":\"2022-07-11T18:34:02+00:00\",\"dateModified\":\"2022-08-10T18:34:24+00:00\",\"mainEntityOfPage\":{\"@id\":\"https:\/\/crees.org.do\/?p=23619\"},\"wordCount\":251,\"publisher\":{\"@id\":\"https:\/\/crees.org.do\/#organization\"},\"image\":{\"@id\":\"https:\/\/crees.org.do\/?p=23619#primaryimage\"},\"thumbnailUrl\":\"https:\/\/crees.org.do\/wp-content\/uploads\/2022\/08\/Screen-Shot-2022-07-11-at-12.14.49-PM.png\",\"articleSection\":[\"Blog\"],\"inLanguage\":\"es\"},{\"@type\":\"WebPage\",\"@id\":\"https:\/\/crees.org.do\/?p=23619\",\"url\":\"https:\/\/crees.org.do\/?p=23619\",\"name\":\"Tasa de ocupaci\u00f3n hotelera ascendi\u00f3 a 70.5% en junio de 2022 | CREES\",\"isPartOf\":{\"@id\":\"https:\/\/crees.org.do\/#website\"},\"primaryImageOfPage\":{\"@id\":\"https:\/\/crees.org.do\/?p=23619#primaryimage\"},\"image\":{\"@id\":\"https:\/\/crees.org.do\/?p=23619#primaryimage\"},\"thumbnailUrl\":\"https:\/\/crees.org.do\/wp-content\/uploads\/2022\/08\/Screen-Shot-2022-07-11-at-12.14.49-PM.png\",\"datePublished\":\"2022-07-11T18:34:02+00:00\",\"dateModified\":\"2022-08-10T18:34:24+00:00\",\"breadcrumb\":{\"@id\":\"https:\/\/crees.org.do\/?p=23619#breadcrumb\"},\"inLanguage\":\"es\",\"potentialAction\":[{\"@type\":\"ReadAction\",\"target\":[\"https:\/\/crees.org.do\/?p=23619\"]}]},{\"@type\":\"ImageObject\",\"inLanguage\":\"es\",\"@id\":\"https:\/\/crees.org.do\/?p=23619#primaryimage\",\"url\":\"https:\/\/crees.org.do\/wp-content\/uploads\/2022\/08\/Screen-Shot-2022-07-11-at-12.14.49-PM.png\",\"contentUrl\":\"https:\/\/crees.org.do\/wp-content\/uploads\/2022\/08\/Screen-Shot-2022-07-11-at-12.14.49-PM.png\",\"width\":1200,\"height\":1200},{\"@type\":\"BreadcrumbList\",\"@id\":\"https:\/\/crees.org.do\/?p=23619#breadcrumb\",\"itemListElement\":[{\"@type\":\"ListItem\",\"position\":1,\"name\":\"Portada\",\"item\":\"https:\/\/crees.org.do\/\"},{\"@type\":\"ListItem\",\"position\":2,\"name\":\"Tasa de ocupaci\u00f3n hotelera ascendi\u00f3 a 70.5% en junio de 2022\"}]},{\"@type\":\"WebSite\",\"@id\":\"https:\/\/crees.org.do\/#website\",\"url\":\"https:\/\/crees.org.do\/\",\"name\":\"CREES\",\"description\":\"Centro Regional de Estrategias Econ\u00f3micas Sostenibles\",\"publisher\":{\"@id\":\"https:\/\/crees.org.do\/#organization\"},\"potentialAction\":[{\"@type\":\"SearchAction\",\"target\":{\"@type\":\"EntryPoint\",\"urlTemplate\":\"https:\/\/crees.org.do\/?s={search_term_string}\"},\"query-input\":{\"@type\":\"PropertyValueSpecification\",\"valueRequired\":true,\"valueName\":\"search_term_string\"}}],\"inLanguage\":\"es\"},{\"@type\":\"Organization\",\"@id\":\"https:\/\/crees.org.do\/#organization\",\"name\":\"CREES | Centro Regional de Estrategias Econ\u00f3micas Sostenibles\",\"url\":\"https:\/\/crees.org.do\/\",\"logo\":{\"@type\":\"ImageObject\",\"inLanguage\":\"es\",\"@id\":\"https:\/\/crees.org.do\/#\/schema\/logo\/image\/\",\"url\":\"https:\/\/crees.org.do\/wp-content\/uploads\/2022\/03\/crees-logo-1.jpg\",\"contentUrl\":\"https:\/\/crees.org.do\/wp-content\/uploads\/2022\/03\/crees-logo-1.jpg\",\"width\":244,\"height\":71,\"caption\":\"CREES | Centro Regional de Estrategias Econ\u00f3micas Sostenibles\"},\"image\":{\"@id\":\"https:\/\/crees.org.do\/#\/schema\/logo\/image\/\"},\"sameAs\":[\"https:\/\/www.facebook.com\/CREESRD\/\",\"https:\/\/x.com\/CREESRD\"]},{\"@type\":\"Person\",\"@id\":\"https:\/\/crees.org.do\/#\/schema\/person\/e7f97cd94d7bf9cd0e0ce30acb7d56b8\",\"name\":\"Crees\",\"image\":{\"@type\":\"ImageObject\",\"inLanguage\":\"es\",\"@id\":\"https:\/\/crees.org.do\/#\/schema\/person\/image\/\",\"url\":\"https:\/\/secure.gravatar.com\/avatar\/390ac8f0be5d9aa046152553e2dd7011b59a512d89c150f5e5f28bb8d9a0b165?s=96&d=mm&r=g\",\"contentUrl\":\"https:\/\/secure.gravatar.com\/avatar\/390ac8f0be5d9aa046152553e2dd7011b59a512d89c150f5e5f28bb8d9a0b165?s=96&d=mm&r=g\",\"caption\":\"Crees\"},\"url\":\"https:\/\/crees.org.do\/?author=2\"}]}<\/script>\n<!-- \/ Yoast SEO plugin. -->","yoast_head_json":{"title":"Tasa de ocupaci\u00f3n hotelera ascendi\u00f3 a 70.5% en junio de 2022 | CREES","robots":{"index":"index","follow":"follow","max-snippet":"max-snippet:-1","max-image-preview":"max-image-preview:large","max-video-preview":"max-video-preview:-1"},"canonical":"https:\/\/crees.org.do\/?p=23619","og_locale":"es_ES","og_type":"article","og_title":"Tasa de ocupaci\u00f3n hotelera ascendi\u00f3 a 70.5% en junio de 2022 | CREES","og_description":"En junio de 2022 la tasa de ocupaci\u00f3n hotelera ascendi\u00f3 a 70.5%. Esto significa que la ocupaci\u00f3n hotelera estuvo 20.8 puntos porcentuales por encima de la tasa prevaleciente en el mismo mes del a\u00f1o 2021, cuando se situ\u00f3 en 49.7%. Si se compara con junio de 2019, la ocupaci\u00f3n se acerc\u00f3 a ese a\u00f1o de...","og_url":"https:\/\/crees.org.do\/?p=23619","og_site_name":"CREES","article_publisher":"https:\/\/www.facebook.com\/CREESRD\/","article_published_time":"2022-07-11T18:34:02+00:00","article_modified_time":"2022-08-10T18:34:24+00:00","og_image":[{"width":1200,"height":1200,"url":"https:\/\/crees.org.do\/wp-content\/uploads\/2022\/08\/Screen-Shot-2022-07-11-at-12.14.49-PM.png","type":"image\/png"}],"author":"Crees","twitter_card":"summary_large_image","twitter_creator":"@CREESRD","twitter_site":"@CREESRD","twitter_misc":{"Escrito por":"Crees","Tiempo de lectura":"1 minuto"},"schema":{"@context":"https:\/\/schema.org","@graph":[{"@type":"Article","@id":"https:\/\/crees.org.do\/?p=23619#article","isPartOf":{"@id":"https:\/\/crees.org.do\/?p=23619"},"author":{"name":"Crees","@id":"https:\/\/crees.org.do\/#\/schema\/person\/e7f97cd94d7bf9cd0e0ce30acb7d56b8"},"headline":"Tasa de ocupaci\u00f3n hotelera ascendi\u00f3 a 70.5% en junio de 2022","datePublished":"2022-07-11T18:34:02+00:00","dateModified":"2022-08-10T18:34:24+00:00","mainEntityOfPage":{"@id":"https:\/\/crees.org.do\/?p=23619"},"wordCount":251,"publisher":{"@id":"https:\/\/crees.org.do\/#organization"},"image":{"@id":"https:\/\/crees.org.do\/?p=23619#primaryimage"},"thumbnailUrl":"https:\/\/crees.org.do\/wp-content\/uploads\/2022\/08\/Screen-Shot-2022-07-11-at-12.14.49-PM.png","articleSection":["Blog"],"inLanguage":"es"},{"@type":"WebPage","@id":"https:\/\/crees.org.do\/?p=23619","url":"https:\/\/crees.org.do\/?p=23619","name":"Tasa de ocupaci\u00f3n hotelera ascendi\u00f3 a 70.5% en junio de 2022 | CREES","isPartOf":{"@id":"https:\/\/crees.org.do\/#website"},"primaryImageOfPage":{"@id":"https:\/\/crees.org.do\/?p=23619#primaryimage"},"image":{"@id":"https:\/\/crees.org.do\/?p=23619#primaryimage"},"thumbnailUrl":"https:\/\/crees.org.do\/wp-content\/uploads\/2022\/08\/Screen-Shot-2022-07-11-at-12.14.49-PM.png","datePublished":"2022-07-11T18:34:02+00:00","dateModified":"2022-08-10T18:34:24+00:00","breadcrumb":{"@id":"https:\/\/crees.org.do\/?p=23619#breadcrumb"},"inLanguage":"es","potentialAction":[{"@type":"ReadAction","target":["https:\/\/crees.org.do\/?p=23619"]}]},{"@type":"ImageObject","inLanguage":"es","@id":"https:\/\/crees.org.do\/?p=23619#primaryimage","url":"https:\/\/crees.org.do\/wp-content\/uploads\/2022\/08\/Screen-Shot-2022-07-11-at-12.14.49-PM.png","contentUrl":"https:\/\/crees.org.do\/wp-content\/uploads\/2022\/08\/Screen-Shot-2022-07-11-at-12.14.49-PM.png","width":1200,"height":1200},{"@type":"BreadcrumbList","@id":"https:\/\/crees.org.do\/?p=23619#breadcrumb","itemListElement":[{"@type":"ListItem","position":1,"name":"Portada","item":"https:\/\/crees.org.do\/"},{"@type":"ListItem","position":2,"name":"Tasa de ocupaci\u00f3n hotelera ascendi\u00f3 a 70.5% en junio de 2022"}]},{"@type":"WebSite","@id":"https:\/\/crees.org.do\/#website","url":"https:\/\/crees.org.do\/","name":"CREES","description":"Centro Regional de Estrategias Econ\u00f3micas Sostenibles","publisher":{"@id":"https:\/\/crees.org.do\/#organization"},"potentialAction":[{"@type":"SearchAction","target":{"@type":"EntryPoint","urlTemplate":"https:\/\/crees.org.do\/?s={search_term_string}"},"query-input":{"@type":"PropertyValueSpecification","valueRequired":true,"valueName":"search_term_string"}}],"inLanguage":"es"},{"@type":"Organization","@id":"https:\/\/crees.org.do\/#organization","name":"CREES | Centro Regional de Estrategias Econ\u00f3micas Sostenibles","url":"https:\/\/crees.org.do\/","logo":{"@type":"ImageObject","inLanguage":"es","@id":"https:\/\/crees.org.do\/#\/schema\/logo\/image\/","url":"https:\/\/crees.org.do\/wp-content\/uploads\/2022\/03\/crees-logo-1.jpg","contentUrl":"https:\/\/crees.org.do\/wp-content\/uploads\/2022\/03\/crees-logo-1.jpg","width":244,"height":71,"caption":"CREES | Centro Regional de Estrategias Econ\u00f3micas Sostenibles"},"image":{"@id":"https:\/\/crees.org.do\/#\/schema\/logo\/image\/"},"sameAs":["https:\/\/www.facebook.com\/CREESRD\/","https:\/\/x.com\/CREESRD"]},{"@type":"Person","@id":"https:\/\/crees.org.do\/#\/schema\/person\/e7f97cd94d7bf9cd0e0ce30acb7d56b8","name":"Crees","image":{"@type":"ImageObject","inLanguage":"es","@id":"https:\/\/crees.org.do\/#\/schema\/person\/image\/","url":"https:\/\/secure.gravatar.com\/avatar\/390ac8f0be5d9aa046152553e2dd7011b59a512d89c150f5e5f28bb8d9a0b165?s=96&d=mm&r=g","contentUrl":"https:\/\/secure.gravatar.com\/avatar\/390ac8f0be5d9aa046152553e2dd7011b59a512d89c150f5e5f28bb8d9a0b165?s=96&d=mm&r=g","caption":"Crees"},"url":"https:\/\/crees.org.do\/?author=2"}]}},"_links":{"self":[{"href":"https:\/\/crees.org.do\/index.php?rest_route=\/wp\/v2\/posts\/23619","targetHints":{"allow":["GET"]}}],"collection":[{"href":"https:\/\/crees.org.do\/index.php?rest_route=\/wp\/v2\/posts"}],"about":[{"href":"https:\/\/crees.org.do\/index.php?rest_route=\/wp\/v2\/types\/post"}],"author":[{"embeddable":true,"href":"https:\/\/crees.org.do\/index.php?rest_route=\/wp\/v2\/users\/2"}],"replies":[{"embeddable":true,"href":"https:\/\/crees.org.do\/index.php?rest_route=%2Fwp%2Fv2%2Fcomments&post=23619"}],"version-history":[{"count":2,"href":"https:\/\/crees.org.do\/index.php?rest_route=\/wp\/v2\/posts\/23619\/revisions"}],"predecessor-version":[{"id":23622,"href":"https:\/\/crees.org.do\/index.php?rest_route=\/wp\/v2\/posts\/23619\/revisions\/23622"}],"wp:featuredmedia":[{"embeddable":true,"href":"https:\/\/crees.org.do\/index.php?rest_route=\/wp\/v2\/media\/23620"}],"wp:attachment":[{"href":"https:\/\/crees.org.do\/index.php?rest_route=%2Fwp%2Fv2%2Fmedia&parent=23619"}],"wp:term":[{"taxonomy":"category","embeddable":true,"href":"https:\/\/crees.org.do\/index.php?rest_route=%2Fwp%2Fv2%2Fcategories&post=23619"},{"taxonomy":"post_tag","embeddable":true,"href":"https:\/\/crees.org.do\/index.php?rest_route=%2Fwp%2Fv2%2Ftags&post=23619"}],"curies":[{"name":"wp","href":"https:\/\/api.w.org\/{rel}","templated":true}]}}