{"id":23623,"date":"2022-07-07T18:40:21","date_gmt":"2022-07-07T18:40:21","guid":{"rendered":"https:\/\/crees.org.do\/?p=23623"},"modified":"2022-08-10T18:40:54","modified_gmt":"2022-08-10T18:40:54","slug":"entro-la-economia-de-estados-unidos-en-recesion-en-la-primera-mitad-del-ano-2022","status":"publish","type":"post","link":"https:\/\/crees.org.do\/?p=23623","title":{"rendered":"\u00bfEntr\u00f3 la econom\u00eda de Estados Unidos en recesi\u00f3n en la primera mitad del a\u00f1o 2022?"},"content":{"rendered":"<p><img fetchpriority=\"high\" decoding=\"async\" class=\"aligncenter wp-image-23625\" src=\"https:\/\/crees.org.do\/wp-content\/uploads\/2022\/08\/Slide-1-copy-2-9.png\" alt=\"\" width=\"896\" height=\"896\" srcset=\"https:\/\/crees.org.do\/wp-content\/uploads\/2022\/08\/Slide-1-copy-2-9.png 1200w, https:\/\/crees.org.do\/wp-content\/uploads\/2022\/08\/Slide-1-copy-2-9-450x450.png 450w, https:\/\/crees.org.do\/wp-content\/uploads\/2022\/08\/Slide-1-copy-2-9-2000x2000.png 2000w, https:\/\/crees.org.do\/wp-content\/uploads\/2022\/08\/Slide-1-copy-2-9-150x150.png 150w, https:\/\/crees.org.do\/wp-content\/uploads\/2022\/08\/Slide-1-copy-2-9-768x768.png 768w, https:\/\/crees.org.do\/wp-content\/uploads\/2022\/08\/Slide-1-copy-2-9-500x500.png 500w, https:\/\/crees.org.do\/wp-content\/uploads\/2022\/08\/Slide-1-copy-2-9-1536x1536.png 1536w, https:\/\/crees.org.do\/wp-content\/uploads\/2022\/08\/Slide-1-copy-2-9-2048x2048.png 2048w, https:\/\/crees.org.do\/wp-content\/uploads\/2022\/08\/Slide-1-copy-2-9-300x300.png 300w, https:\/\/crees.org.do\/wp-content\/uploads\/2022\/08\/Slide-1-copy-2-9-600x600.png 600w, https:\/\/crees.org.do\/wp-content\/uploads\/2022\/08\/Slide-1-copy-2-9-100x100.png 100w\" sizes=\"(max-width: 896px) 100vw, 896px\" \/><\/p>\n<p style=\"text-align: justify;\">Se necesitan dos trimestres consecutivos de contracci\u00f3n para declarar oficialmente una econom\u00eda en recesi\u00f3n. En ese sentido, la econom\u00eda de los Estados Unidos est\u00e1 mostrando se\u00f1ales de desaceleraci\u00f3n, indicando que podr\u00eda haber entrado en recesi\u00f3n. Medidas como las ventas al detalle, el n\u00famero de permisos de construcci\u00f3n de viviendas, las solicitudes de desempleo, y encuestas a consumidores y ejecutivos de empresas, est\u00e1n se\u00f1alando la debilidad de la econom\u00eda luego de que el banco central de los Estados Unidos, la Reserva Federal, empezara a reducir los est\u00edmulos a la econom\u00eda.<\/p>\n<p>De forma preliminar, el modelo de estimaci\u00f3n de la Reserva Federal de Atlanta, est\u00e1 indicando que la econom\u00eda pudo haberse contra\u00eddo durante el segundo semestre. De acuerdo con la \u00faltima estimaci\u00f3n del indicador GPDNOW, la econom\u00eda estadounidense se contrajo en el segundo trimestre de 2022, presentando una ca\u00edda del producto interno bruto real de -1.9%. Si efectivamente se produjo una variaci\u00f3n negativa seguida de la contracci\u00f3n del primer trimestre de -1.6%, la econom\u00eda de Estados Unidos entr\u00f3 en recesi\u00f3n en la primera mitad de 2022.<\/p>\n<p>Los est\u00edmulos a la econom\u00eda, como la reducci\u00f3n artificial de las tasas de inter\u00e9s y el aumento en la emisi\u00f3n monetaria para financiar el gasto del gobierno de los Estados Unidos durante la pandemia, contribuyeron a un incremento artificial de la actividad econ\u00f3mica y a la creaci\u00f3n de inflaci\u00f3n de precios. Para reducir la inflaci\u00f3n ha sido necesario revertir esta pol\u00edtica expansiva y se est\u00e1n generando las condiciones para la contracci\u00f3n econ\u00f3mica que suelen acompa\u00f1ar a periodos de expansi\u00f3n monetaria.<\/p>\n<p>El indicador GPDNOW es la herramienta que tiene la Reserva Federal para observar la actividad econ\u00f3mica actual de Estados Unidos. La primera proyecci\u00f3n de una contracci\u00f3n para el segundo semestre fue el 30 de junio de -1.0%, la siguiente del 1 de julio de -2.1% y la m\u00e1s reciente, del 7 de julio, de -1.9%.<\/p>\n<div class=\"pvc_clear\"><\/div>\n<p class=\"pvc_stats all \" data-element-id=\"23623\" style=\"\"><i class=\"pvc-stats-icon medium\" aria-hidden=\"true\"><svg aria-hidden=\"true\" focusable=\"false\" data-prefix=\"far\" data-icon=\"chart-bar\" role=\"img\" xmlns=\"http:\/\/www.w3.org\/2000\/svg\" viewBox=\"0 0 512 512\" class=\"svg-inline--fa fa-chart-bar fa-w-16 fa-2x\"><path fill=\"currentColor\" d=\"M396.8 352h22.4c6.4 0 12.8-6.4 12.8-12.8V108.8c0-6.4-6.4-12.8-12.8-12.8h-22.4c-6.4 0-12.8 6.4-12.8 12.8v230.4c0 6.4 6.4 12.8 12.8 12.8zm-192 0h22.4c6.4 0 12.8-6.4 12.8-12.8V140.8c0-6.4-6.4-12.8-12.8-12.8h-22.4c-6.4 0-12.8 6.4-12.8 12.8v198.4c0 6.4 6.4 12.8 12.8 12.8zm96 0h22.4c6.4 0 12.8-6.4 12.8-12.8V204.8c0-6.4-6.4-12.8-12.8-12.8h-22.4c-6.4 0-12.8 6.4-12.8 12.8v134.4c0 6.4 6.4 12.8 12.8 12.8zM496 400H48V80c0-8.84-7.16-16-16-16H16C7.16 64 0 71.16 0 80v336c0 17.67 14.33 32 32 32h464c8.84 0 16-7.16 16-16v-16c0-8.84-7.16-16-16-16zm-387.2-48h22.4c6.4 0 12.8-6.4 12.8-12.8v-70.4c0-6.4-6.4-12.8-12.8-12.8h-22.4c-6.4 0-12.8 6.4-12.8 12.8v70.4c0 6.4 6.4 12.8 12.8 12.8z\" class=\"\"><\/path><\/svg><\/i> Vistas Totales&nbsp;892&nbsp;, Vistas Hoy&nbsp;4&nbsp;<\/p>\n<div class=\"pvc_clear\"><\/div>\n","protected":false},"excerpt":{"rendered":"<p>Se necesitan dos trimestres consecutivos de contracci\u00f3n para declarar oficialmente una econom\u00eda en recesi\u00f3n. En ese sentido, la econom\u00eda de los Estados Unidos est\u00e1 mostrando se\u00f1ales de desaceleraci\u00f3n, indicando que podr\u00eda haber entrado en recesi\u00f3n. Medidas como las ventas al detalle, el n\u00famero de permisos de construcci\u00f3n de viviendas, las solicitudes de desempleo, y encuestas&#8230;<\/p>\n<div class=\"pvc_clear\"><\/div>\n<p class=\"pvc_stats all \" data-element-id=\"23623\" style=\"\"><i class=\"pvc-stats-icon medium\" aria-hidden=\"true\"><svg aria-hidden=\"true\" focusable=\"false\" data-prefix=\"far\" data-icon=\"chart-bar\" role=\"img\" xmlns=\"http:\/\/www.w3.org\/2000\/svg\" viewBox=\"0 0 512 512\" class=\"svg-inline--fa fa-chart-bar fa-w-16 fa-2x\"><path fill=\"currentColor\" d=\"M396.8 352h22.4c6.4 0 12.8-6.4 12.8-12.8V108.8c0-6.4-6.4-12.8-12.8-12.8h-22.4c-6.4 0-12.8 6.4-12.8 12.8v230.4c0 6.4 6.4 12.8 12.8 12.8zm-192 0h22.4c6.4 0 12.8-6.4 12.8-12.8V140.8c0-6.4-6.4-12.8-12.8-12.8h-22.4c-6.4 0-12.8 6.4-12.8 12.8v198.4c0 6.4 6.4 12.8 12.8 12.8zm96 0h22.4c6.4 0 12.8-6.4 12.8-12.8V204.8c0-6.4-6.4-12.8-12.8-12.8h-22.4c-6.4 0-12.8 6.4-12.8 12.8v134.4c0 6.4 6.4 12.8 12.8 12.8zM496 400H48V80c0-8.84-7.16-16-16-16H16C7.16 64 0 71.16 0 80v336c0 17.67 14.33 32 32 32h464c8.84 0 16-7.16 16-16v-16c0-8.84-7.16-16-16-16zm-387.2-48h22.4c6.4 0 12.8-6.4 12.8-12.8v-70.4c0-6.4-6.4-12.8-12.8-12.8h-22.4c-6.4 0-12.8 6.4-12.8 12.8v70.4c0 6.4 6.4 12.8 12.8 12.8z\" class=\"\"><\/path><\/svg><\/i> Vistas Totales&nbsp;892&nbsp;, Vistas Hoy&nbsp;4&nbsp;<\/p>\n<div class=\"pvc_clear\"><\/div>\n","protected":false},"author":2,"featured_media":23625,"comment_status":"closed","ping_status":"closed","sticky":false,"template":"","format":"standard","meta":{"footnotes":""},"categories":[21],"tags":[],"class_list":["post-23623","post","type-post","status-publish","format-standard","has-post-thumbnail","hentry","category-blog"],"yoast_head":"<!-- This site is optimized with the Yoast SEO plugin v25.2 - https:\/\/yoast.com\/wordpress\/plugins\/seo\/ -->\n<title>\u00bfEntr\u00f3 la econom\u00eda de Estados Unidos en recesi\u00f3n en la primera mitad del a\u00f1o 2022? | CREES<\/title>\n<meta name=\"robots\" content=\"index, follow, max-snippet:-1, max-image-preview:large, max-video-preview:-1\" \/>\n<link rel=\"canonical\" href=\"https:\/\/crees.org.do\/?p=23623\" \/>\n<meta property=\"og:locale\" content=\"es_ES\" \/>\n<meta property=\"og:type\" content=\"article\" \/>\n<meta property=\"og:title\" content=\"\u00bfEntr\u00f3 la econom\u00eda de Estados Unidos en recesi\u00f3n en la primera mitad del a\u00f1o 2022? | CREES\" \/>\n<meta property=\"og:description\" content=\"Se necesitan dos trimestres consecutivos de contracci\u00f3n para declarar oficialmente una econom\u00eda en recesi\u00f3n. En ese sentido, la econom\u00eda de los Estados Unidos est\u00e1 mostrando se\u00f1ales de desaceleraci\u00f3n, indicando que podr\u00eda haber entrado en recesi\u00f3n. Medidas como las ventas al detalle, el n\u00famero de permisos de construcci\u00f3n de viviendas, las solicitudes de desempleo, y encuestas...\" \/>\n<meta property=\"og:url\" content=\"https:\/\/crees.org.do\/?p=23623\" \/>\n<meta property=\"og:site_name\" content=\"CREES\" \/>\n<meta property=\"article:publisher\" content=\"https:\/\/www.facebook.com\/CREESRD\/\" \/>\n<meta property=\"article:published_time\" content=\"2022-07-07T18:40:21+00:00\" \/>\n<meta property=\"article:modified_time\" content=\"2022-08-10T18:40:54+00:00\" \/>\n<meta property=\"og:image\" content=\"https:\/\/crees.org.do\/wp-content\/uploads\/2022\/08\/Slide-1-copy-2-9.png\" \/>\n\t<meta property=\"og:image:width\" content=\"1200\" \/>\n\t<meta property=\"og:image:height\" content=\"1200\" \/>\n\t<meta property=\"og:image:type\" content=\"image\/png\" \/>\n<meta name=\"author\" content=\"Crees\" \/>\n<meta name=\"twitter:card\" content=\"summary_large_image\" \/>\n<meta name=\"twitter:creator\" content=\"@CREESRD\" \/>\n<meta name=\"twitter:site\" content=\"@CREESRD\" \/>\n<meta name=\"twitter:label1\" content=\"Escrito por\" \/>\n\t<meta name=\"twitter:data1\" content=\"Crees\" \/>\n\t<meta name=\"twitter:label2\" content=\"Tiempo de lectura\" \/>\n\t<meta name=\"twitter:data2\" content=\"2 minutos\" \/>\n<script type=\"application\/ld+json\" class=\"yoast-schema-graph\">{\"@context\":\"https:\/\/schema.org\",\"@graph\":[{\"@type\":\"Article\",\"@id\":\"https:\/\/crees.org.do\/?p=23623#article\",\"isPartOf\":{\"@id\":\"https:\/\/crees.org.do\/?p=23623\"},\"author\":{\"name\":\"Crees\",\"@id\":\"https:\/\/crees.org.do\/#\/schema\/person\/e7f97cd94d7bf9cd0e0ce30acb7d56b8\"},\"headline\":\"\u00bfEntr\u00f3 la econom\u00eda de Estados Unidos en recesi\u00f3n en la primera mitad del a\u00f1o 2022?\",\"datePublished\":\"2022-07-07T18:40:21+00:00\",\"dateModified\":\"2022-08-10T18:40:54+00:00\",\"mainEntityOfPage\":{\"@id\":\"https:\/\/crees.org.do\/?p=23623\"},\"wordCount\":365,\"publisher\":{\"@id\":\"https:\/\/crees.org.do\/#organization\"},\"image\":{\"@id\":\"https:\/\/crees.org.do\/?p=23623#primaryimage\"},\"thumbnailUrl\":\"https:\/\/crees.org.do\/wp-content\/uploads\/2022\/08\/Slide-1-copy-2-9.png\",\"articleSection\":[\"Blog\"],\"inLanguage\":\"es\"},{\"@type\":\"WebPage\",\"@id\":\"https:\/\/crees.org.do\/?p=23623\",\"url\":\"https:\/\/crees.org.do\/?p=23623\",\"name\":\"\u00bfEntr\u00f3 la econom\u00eda de Estados Unidos en recesi\u00f3n en la primera mitad del a\u00f1o 2022? | CREES\",\"isPartOf\":{\"@id\":\"https:\/\/crees.org.do\/#website\"},\"primaryImageOfPage\":{\"@id\":\"https:\/\/crees.org.do\/?p=23623#primaryimage\"},\"image\":{\"@id\":\"https:\/\/crees.org.do\/?p=23623#primaryimage\"},\"thumbnailUrl\":\"https:\/\/crees.org.do\/wp-content\/uploads\/2022\/08\/Slide-1-copy-2-9.png\",\"datePublished\":\"2022-07-07T18:40:21+00:00\",\"dateModified\":\"2022-08-10T18:40:54+00:00\",\"breadcrumb\":{\"@id\":\"https:\/\/crees.org.do\/?p=23623#breadcrumb\"},\"inLanguage\":\"es\",\"potentialAction\":[{\"@type\":\"ReadAction\",\"target\":[\"https:\/\/crees.org.do\/?p=23623\"]}]},{\"@type\":\"ImageObject\",\"inLanguage\":\"es\",\"@id\":\"https:\/\/crees.org.do\/?p=23623#primaryimage\",\"url\":\"https:\/\/crees.org.do\/wp-content\/uploads\/2022\/08\/Slide-1-copy-2-9.png\",\"contentUrl\":\"https:\/\/crees.org.do\/wp-content\/uploads\/2022\/08\/Slide-1-copy-2-9.png\",\"width\":1200,\"height\":1200},{\"@type\":\"BreadcrumbList\",\"@id\":\"https:\/\/crees.org.do\/?p=23623#breadcrumb\",\"itemListElement\":[{\"@type\":\"ListItem\",\"position\":1,\"name\":\"Portada\",\"item\":\"https:\/\/crees.org.do\/\"},{\"@type\":\"ListItem\",\"position\":2,\"name\":\"\u00bfEntr\u00f3 la econom\u00eda de Estados Unidos en recesi\u00f3n en la primera mitad del a\u00f1o 2022?\"}]},{\"@type\":\"WebSite\",\"@id\":\"https:\/\/crees.org.do\/#website\",\"url\":\"https:\/\/crees.org.do\/\",\"name\":\"CREES\",\"description\":\"Centro Regional de Estrategias Econ\u00f3micas Sostenibles\",\"publisher\":{\"@id\":\"https:\/\/crees.org.do\/#organization\"},\"potentialAction\":[{\"@type\":\"SearchAction\",\"target\":{\"@type\":\"EntryPoint\",\"urlTemplate\":\"https:\/\/crees.org.do\/?s={search_term_string}\"},\"query-input\":{\"@type\":\"PropertyValueSpecification\",\"valueRequired\":true,\"valueName\":\"search_term_string\"}}],\"inLanguage\":\"es\"},{\"@type\":\"Organization\",\"@id\":\"https:\/\/crees.org.do\/#organization\",\"name\":\"CREES | Centro Regional de Estrategias Econ\u00f3micas Sostenibles\",\"url\":\"https:\/\/crees.org.do\/\",\"logo\":{\"@type\":\"ImageObject\",\"inLanguage\":\"es\",\"@id\":\"https:\/\/crees.org.do\/#\/schema\/logo\/image\/\",\"url\":\"https:\/\/crees.org.do\/wp-content\/uploads\/2022\/03\/crees-logo-1.jpg\",\"contentUrl\":\"https:\/\/crees.org.do\/wp-content\/uploads\/2022\/03\/crees-logo-1.jpg\",\"width\":244,\"height\":71,\"caption\":\"CREES | Centro Regional de Estrategias Econ\u00f3micas Sostenibles\"},\"image\":{\"@id\":\"https:\/\/crees.org.do\/#\/schema\/logo\/image\/\"},\"sameAs\":[\"https:\/\/www.facebook.com\/CREESRD\/\",\"https:\/\/x.com\/CREESRD\"]},{\"@type\":\"Person\",\"@id\":\"https:\/\/crees.org.do\/#\/schema\/person\/e7f97cd94d7bf9cd0e0ce30acb7d56b8\",\"name\":\"Crees\",\"image\":{\"@type\":\"ImageObject\",\"inLanguage\":\"es\",\"@id\":\"https:\/\/crees.org.do\/#\/schema\/person\/image\/\",\"url\":\"https:\/\/secure.gravatar.com\/avatar\/390ac8f0be5d9aa046152553e2dd7011b59a512d89c150f5e5f28bb8d9a0b165?s=96&d=mm&r=g\",\"contentUrl\":\"https:\/\/secure.gravatar.com\/avatar\/390ac8f0be5d9aa046152553e2dd7011b59a512d89c150f5e5f28bb8d9a0b165?s=96&d=mm&r=g\",\"caption\":\"Crees\"},\"url\":\"https:\/\/crees.org.do\/?author=2\"}]}<\/script>\n<!-- \/ Yoast SEO plugin. -->","yoast_head_json":{"title":"\u00bfEntr\u00f3 la econom\u00eda de Estados Unidos en recesi\u00f3n en la primera mitad del a\u00f1o 2022? | CREES","robots":{"index":"index","follow":"follow","max-snippet":"max-snippet:-1","max-image-preview":"max-image-preview:large","max-video-preview":"max-video-preview:-1"},"canonical":"https:\/\/crees.org.do\/?p=23623","og_locale":"es_ES","og_type":"article","og_title":"\u00bfEntr\u00f3 la econom\u00eda de Estados Unidos en recesi\u00f3n en la primera mitad del a\u00f1o 2022? | CREES","og_description":"Se necesitan dos trimestres consecutivos de contracci\u00f3n para declarar oficialmente una econom\u00eda en recesi\u00f3n. En ese sentido, la econom\u00eda de los Estados Unidos est\u00e1 mostrando se\u00f1ales de desaceleraci\u00f3n, indicando que podr\u00eda haber entrado en recesi\u00f3n. Medidas como las ventas al detalle, el n\u00famero de permisos de construcci\u00f3n de viviendas, las solicitudes de desempleo, y encuestas...","og_url":"https:\/\/crees.org.do\/?p=23623","og_site_name":"CREES","article_publisher":"https:\/\/www.facebook.com\/CREESRD\/","article_published_time":"2022-07-07T18:40:21+00:00","article_modified_time":"2022-08-10T18:40:54+00:00","og_image":[{"width":1200,"height":1200,"url":"https:\/\/crees.org.do\/wp-content\/uploads\/2022\/08\/Slide-1-copy-2-9.png","type":"image\/png"}],"author":"Crees","twitter_card":"summary_large_image","twitter_creator":"@CREESRD","twitter_site":"@CREESRD","twitter_misc":{"Escrito por":"Crees","Tiempo de lectura":"2 minutos"},"schema":{"@context":"https:\/\/schema.org","@graph":[{"@type":"Article","@id":"https:\/\/crees.org.do\/?p=23623#article","isPartOf":{"@id":"https:\/\/crees.org.do\/?p=23623"},"author":{"name":"Crees","@id":"https:\/\/crees.org.do\/#\/schema\/person\/e7f97cd94d7bf9cd0e0ce30acb7d56b8"},"headline":"\u00bfEntr\u00f3 la econom\u00eda de Estados Unidos en recesi\u00f3n en la primera mitad del a\u00f1o 2022?","datePublished":"2022-07-07T18:40:21+00:00","dateModified":"2022-08-10T18:40:54+00:00","mainEntityOfPage":{"@id":"https:\/\/crees.org.do\/?p=23623"},"wordCount":365,"publisher":{"@id":"https:\/\/crees.org.do\/#organization"},"image":{"@id":"https:\/\/crees.org.do\/?p=23623#primaryimage"},"thumbnailUrl":"https:\/\/crees.org.do\/wp-content\/uploads\/2022\/08\/Slide-1-copy-2-9.png","articleSection":["Blog"],"inLanguage":"es"},{"@type":"WebPage","@id":"https:\/\/crees.org.do\/?p=23623","url":"https:\/\/crees.org.do\/?p=23623","name":"\u00bfEntr\u00f3 la econom\u00eda de Estados Unidos en recesi\u00f3n en la primera mitad del a\u00f1o 2022? | CREES","isPartOf":{"@id":"https:\/\/crees.org.do\/#website"},"primaryImageOfPage":{"@id":"https:\/\/crees.org.do\/?p=23623#primaryimage"},"image":{"@id":"https:\/\/crees.org.do\/?p=23623#primaryimage"},"thumbnailUrl":"https:\/\/crees.org.do\/wp-content\/uploads\/2022\/08\/Slide-1-copy-2-9.png","datePublished":"2022-07-07T18:40:21+00:00","dateModified":"2022-08-10T18:40:54+00:00","breadcrumb":{"@id":"https:\/\/crees.org.do\/?p=23623#breadcrumb"},"inLanguage":"es","potentialAction":[{"@type":"ReadAction","target":["https:\/\/crees.org.do\/?p=23623"]}]},{"@type":"ImageObject","inLanguage":"es","@id":"https:\/\/crees.org.do\/?p=23623#primaryimage","url":"https:\/\/crees.org.do\/wp-content\/uploads\/2022\/08\/Slide-1-copy-2-9.png","contentUrl":"https:\/\/crees.org.do\/wp-content\/uploads\/2022\/08\/Slide-1-copy-2-9.png","width":1200,"height":1200},{"@type":"BreadcrumbList","@id":"https:\/\/crees.org.do\/?p=23623#breadcrumb","itemListElement":[{"@type":"ListItem","position":1,"name":"Portada","item":"https:\/\/crees.org.do\/"},{"@type":"ListItem","position":2,"name":"\u00bfEntr\u00f3 la econom\u00eda de Estados Unidos en recesi\u00f3n en la primera mitad del a\u00f1o 2022?"}]},{"@type":"WebSite","@id":"https:\/\/crees.org.do\/#website","url":"https:\/\/crees.org.do\/","name":"CREES","description":"Centro Regional de Estrategias Econ\u00f3micas Sostenibles","publisher":{"@id":"https:\/\/crees.org.do\/#organization"},"potentialAction":[{"@type":"SearchAction","target":{"@type":"EntryPoint","urlTemplate":"https:\/\/crees.org.do\/?s={search_term_string}"},"query-input":{"@type":"PropertyValueSpecification","valueRequired":true,"valueName":"search_term_string"}}],"inLanguage":"es"},{"@type":"Organization","@id":"https:\/\/crees.org.do\/#organization","name":"CREES | Centro Regional de Estrategias Econ\u00f3micas Sostenibles","url":"https:\/\/crees.org.do\/","logo":{"@type":"ImageObject","inLanguage":"es","@id":"https:\/\/crees.org.do\/#\/schema\/logo\/image\/","url":"https:\/\/crees.org.do\/wp-content\/uploads\/2022\/03\/crees-logo-1.jpg","contentUrl":"https:\/\/crees.org.do\/wp-content\/uploads\/2022\/03\/crees-logo-1.jpg","width":244,"height":71,"caption":"CREES | Centro Regional de Estrategias Econ\u00f3micas Sostenibles"},"image":{"@id":"https:\/\/crees.org.do\/#\/schema\/logo\/image\/"},"sameAs":["https:\/\/www.facebook.com\/CREESRD\/","https:\/\/x.com\/CREESRD"]},{"@type":"Person","@id":"https:\/\/crees.org.do\/#\/schema\/person\/e7f97cd94d7bf9cd0e0ce30acb7d56b8","name":"Crees","image":{"@type":"ImageObject","inLanguage":"es","@id":"https:\/\/crees.org.do\/#\/schema\/person\/image\/","url":"https:\/\/secure.gravatar.com\/avatar\/390ac8f0be5d9aa046152553e2dd7011b59a512d89c150f5e5f28bb8d9a0b165?s=96&d=mm&r=g","contentUrl":"https:\/\/secure.gravatar.com\/avatar\/390ac8f0be5d9aa046152553e2dd7011b59a512d89c150f5e5f28bb8d9a0b165?s=96&d=mm&r=g","caption":"Crees"},"url":"https:\/\/crees.org.do\/?author=2"}]}},"_links":{"self":[{"href":"https:\/\/crees.org.do\/index.php?rest_route=\/wp\/v2\/posts\/23623","targetHints":{"allow":["GET"]}}],"collection":[{"href":"https:\/\/crees.org.do\/index.php?rest_route=\/wp\/v2\/posts"}],"about":[{"href":"https:\/\/crees.org.do\/index.php?rest_route=\/wp\/v2\/types\/post"}],"author":[{"embeddable":true,"href":"https:\/\/crees.org.do\/index.php?rest_route=\/wp\/v2\/users\/2"}],"replies":[{"embeddable":true,"href":"https:\/\/crees.org.do\/index.php?rest_route=%2Fwp%2Fv2%2Fcomments&post=23623"}],"version-history":[{"count":2,"href":"https:\/\/crees.org.do\/index.php?rest_route=\/wp\/v2\/posts\/23623\/revisions"}],"predecessor-version":[{"id":23627,"href":"https:\/\/crees.org.do\/index.php?rest_route=\/wp\/v2\/posts\/23623\/revisions\/23627"}],"wp:featuredmedia":[{"embeddable":true,"href":"https:\/\/crees.org.do\/index.php?rest_route=\/wp\/v2\/media\/23625"}],"wp:attachment":[{"href":"https:\/\/crees.org.do\/index.php?rest_route=%2Fwp%2Fv2%2Fmedia&parent=23623"}],"wp:term":[{"taxonomy":"category","embeddable":true,"href":"https:\/\/crees.org.do\/index.php?rest_route=%2Fwp%2Fv2%2Fcategories&post=23623"},{"taxonomy":"post_tag","embeddable":true,"href":"https:\/\/crees.org.do\/index.php?rest_route=%2Fwp%2Fv2%2Ftags&post=23623"}],"curies":[{"name":"wp","href":"https:\/\/api.w.org\/{rel}","templated":true}]}}