{"id":23628,"date":"2022-07-06T18:46:04","date_gmt":"2022-07-06T18:46:04","guid":{"rendered":"https:\/\/crees.org.do\/?p=23628"},"modified":"2022-08-10T19:01:28","modified_gmt":"2022-08-10T19:01:28","slug":"la-inflacion-y-la-baja-productividad-no-permiten-mantener-el-valor-de-los-ingresos-reales-de-los-trabajadores-formales","status":"publish","type":"post","link":"https:\/\/crees.org.do\/?p=23628","title":{"rendered":"La inflaci\u00f3n y la baja productividad  no permiten mantener el valor de los ingresos reales de los trabajadores formales"},"content":{"rendered":"<p><img fetchpriority=\"high\" decoding=\"async\" class=\"aligncenter wp-image-23629\" src=\"https:\/\/crees.org.do\/wp-content\/uploads\/2022\/08\/Screen-Shot-2022-07-06-at-3.33.39-PM.png\" alt=\"\" width=\"896\" height=\"896\" srcset=\"https:\/\/crees.org.do\/wp-content\/uploads\/2022\/08\/Screen-Shot-2022-07-06-at-3.33.39-PM.png 1436w, https:\/\/crees.org.do\/wp-content\/uploads\/2022\/08\/Screen-Shot-2022-07-06-at-3.33.39-PM-450x450.png 450w, https:\/\/crees.org.do\/wp-content\/uploads\/2022\/08\/Screen-Shot-2022-07-06-at-3.33.39-PM-150x150.png 150w, https:\/\/crees.org.do\/wp-content\/uploads\/2022\/08\/Screen-Shot-2022-07-06-at-3.33.39-PM-768x768.png 768w, https:\/\/crees.org.do\/wp-content\/uploads\/2022\/08\/Screen-Shot-2022-07-06-at-3.33.39-PM-500x500.png 500w, https:\/\/crees.org.do\/wp-content\/uploads\/2022\/08\/Screen-Shot-2022-07-06-at-3.33.39-PM-300x300.png 300w, https:\/\/crees.org.do\/wp-content\/uploads\/2022\/08\/Screen-Shot-2022-07-06-at-3.33.39-PM-600x600.png 600w, https:\/\/crees.org.do\/wp-content\/uploads\/2022\/08\/Screen-Shot-2022-07-06-at-3.33.39-PM-100x100.png 100w\" sizes=\"(max-width: 896px) 100vw, 896px\" \/><\/p>\n<h3>\u00cdndice de salario promedio cotizable en el Sistema Dominicano de Seguridad Social<\/h3>\n<p style=\"text-align: justify;\">Sin aumentos de productividad, incrementos artificiales en los salarios aumentan el costo de las unidades producidas. Lo anterior se agrava en circunstancias como las presentes, en donde se han experimentado altos niveles de inflaci\u00f3n por m\u00e1s de un a\u00f1o.<\/p>\n<p>De acuerdo con los \u00faltimos datos disponibles sobre el salario promedio cotizable en el Sistema Dominicano de Seguridad Social (SDSS), a abril de 2022, el salario real promedio cotizable en el SDSS hab\u00eda disminuido 1.4% en comparaci\u00f3n con el de diciembre de 2021.<\/p>\n<p>En julio del a\u00f1o pasado se realizaron importantes ajustes salariales. Sin embargo, debido a la inflaci\u00f3n y la baja productividad no fue posible mantener el valor de los ingresos reales de los trabajadores formales.<\/p>\n<p>Con los aumentos sostenidos de precios que vive el mundo actualmente, las pol\u00edticas p\u00fablicas que adopten los pa\u00edses deben estar dirigidas a eliminar elementos que incrementan los costos internamente \u2014y, en consecuencia, los precios\u2014 y a propiciar un mejor clima de negocios para aumentar la cantidad de inversiones.<\/p>\n<p>En particular, la econom\u00eda dominicana se beneficiar\u00eda de: 1) menos regulaciones; 2) la eliminaci\u00f3n y reducci\u00f3n de impuestos; 3) la liberalizaci\u00f3n y flexibilizaci\u00f3n de mercados; 4) suprimir elementos ajenos al mercado que limitan la competencia en algunos segmentos; y 5) la reducci\u00f3n aquellos procesos burocr\u00e1ticos que limitan las inversiones.<\/p>\n<div class=\"pvc_clear\"><\/div>\n<p class=\"pvc_stats all \" data-element-id=\"23628\" style=\"\"><i class=\"pvc-stats-icon medium\" aria-hidden=\"true\"><svg aria-hidden=\"true\" focusable=\"false\" data-prefix=\"far\" data-icon=\"chart-bar\" role=\"img\" xmlns=\"http:\/\/www.w3.org\/2000\/svg\" viewBox=\"0 0 512 512\" class=\"svg-inline--fa fa-chart-bar fa-w-16 fa-2x\"><path fill=\"currentColor\" d=\"M396.8 352h22.4c6.4 0 12.8-6.4 12.8-12.8V108.8c0-6.4-6.4-12.8-12.8-12.8h-22.4c-6.4 0-12.8 6.4-12.8 12.8v230.4c0 6.4 6.4 12.8 12.8 12.8zm-192 0h22.4c6.4 0 12.8-6.4 12.8-12.8V140.8c0-6.4-6.4-12.8-12.8-12.8h-22.4c-6.4 0-12.8 6.4-12.8 12.8v198.4c0 6.4 6.4 12.8 12.8 12.8zm96 0h22.4c6.4 0 12.8-6.4 12.8-12.8V204.8c0-6.4-6.4-12.8-12.8-12.8h-22.4c-6.4 0-12.8 6.4-12.8 12.8v134.4c0 6.4 6.4 12.8 12.8 12.8zM496 400H48V80c0-8.84-7.16-16-16-16H16C7.16 64 0 71.16 0 80v336c0 17.67 14.33 32 32 32h464c8.84 0 16-7.16 16-16v-16c0-8.84-7.16-16-16-16zm-387.2-48h22.4c6.4 0 12.8-6.4 12.8-12.8v-70.4c0-6.4-6.4-12.8-12.8-12.8h-22.4c-6.4 0-12.8 6.4-12.8 12.8v70.4c0 6.4 6.4 12.8 12.8 12.8z\" class=\"\"><\/path><\/svg><\/i> Vistas Totales&nbsp;900&nbsp;, Vistas Hoy&nbsp;4&nbsp;<\/p>\n<div class=\"pvc_clear\"><\/div>\n","protected":false},"excerpt":{"rendered":"<p>\u00cdndice de salario promedio cotizable en el Sistema Dominicano de Seguridad Social Sin aumentos de productividad, incrementos artificiales en los salarios aumentan el costo de las unidades producidas. Lo anterior se agrava en circunstancias como las presentes, en donde se han experimentado altos niveles de inflaci\u00f3n por m\u00e1s de un a\u00f1o. De acuerdo con los&#8230;<\/p>\n<div class=\"pvc_clear\"><\/div>\n<p class=\"pvc_stats all \" data-element-id=\"23628\" style=\"\"><i class=\"pvc-stats-icon medium\" aria-hidden=\"true\"><svg aria-hidden=\"true\" focusable=\"false\" data-prefix=\"far\" data-icon=\"chart-bar\" role=\"img\" xmlns=\"http:\/\/www.w3.org\/2000\/svg\" viewBox=\"0 0 512 512\" class=\"svg-inline--fa fa-chart-bar fa-w-16 fa-2x\"><path fill=\"currentColor\" d=\"M396.8 352h22.4c6.4 0 12.8-6.4 12.8-12.8V108.8c0-6.4-6.4-12.8-12.8-12.8h-22.4c-6.4 0-12.8 6.4-12.8 12.8v230.4c0 6.4 6.4 12.8 12.8 12.8zm-192 0h22.4c6.4 0 12.8-6.4 12.8-12.8V140.8c0-6.4-6.4-12.8-12.8-12.8h-22.4c-6.4 0-12.8 6.4-12.8 12.8v198.4c0 6.4 6.4 12.8 12.8 12.8zm96 0h22.4c6.4 0 12.8-6.4 12.8-12.8V204.8c0-6.4-6.4-12.8-12.8-12.8h-22.4c-6.4 0-12.8 6.4-12.8 12.8v134.4c0 6.4 6.4 12.8 12.8 12.8zM496 400H48V80c0-8.84-7.16-16-16-16H16C7.16 64 0 71.16 0 80v336c0 17.67 14.33 32 32 32h464c8.84 0 16-7.16 16-16v-16c0-8.84-7.16-16-16-16zm-387.2-48h22.4c6.4 0 12.8-6.4 12.8-12.8v-70.4c0-6.4-6.4-12.8-12.8-12.8h-22.4c-6.4 0-12.8 6.4-12.8 12.8v70.4c0 6.4 6.4 12.8 12.8 12.8z\" class=\"\"><\/path><\/svg><\/i> Vistas Totales&nbsp;900&nbsp;, Vistas Hoy&nbsp;4&nbsp;<\/p>\n<div class=\"pvc_clear\"><\/div>\n","protected":false},"author":2,"featured_media":23629,"comment_status":"closed","ping_status":"closed","sticky":false,"template":"","format":"standard","meta":{"footnotes":""},"categories":[21],"tags":[],"class_list":["post-23628","post","type-post","status-publish","format-standard","has-post-thumbnail","hentry","category-blog"],"yoast_head":"<!-- This site is optimized with the Yoast SEO plugin v25.2 - https:\/\/yoast.com\/wordpress\/plugins\/seo\/ -->\n<title>La inflaci\u00f3n y la baja productividad no permiten mantener el valor de los ingresos reales de los trabajadores formales | CREES<\/title>\n<meta name=\"robots\" content=\"index, follow, max-snippet:-1, max-image-preview:large, max-video-preview:-1\" \/>\n<link rel=\"canonical\" href=\"https:\/\/crees.org.do\/?p=23628\" \/>\n<meta property=\"og:locale\" content=\"es_ES\" \/>\n<meta property=\"og:type\" content=\"article\" \/>\n<meta property=\"og:title\" content=\"La inflaci\u00f3n y la baja productividad no permiten mantener el valor de los ingresos reales de los trabajadores formales | CREES\" \/>\n<meta property=\"og:description\" content=\"\u00cdndice de salario promedio cotizable en el Sistema Dominicano de Seguridad Social Sin aumentos de productividad, incrementos artificiales en los salarios aumentan el costo de las unidades producidas. Lo anterior se agrava en circunstancias como las presentes, en donde se han experimentado altos niveles de inflaci\u00f3n por m\u00e1s de un a\u00f1o. De acuerdo con los...\" \/>\n<meta property=\"og:url\" content=\"https:\/\/crees.org.do\/?p=23628\" \/>\n<meta property=\"og:site_name\" content=\"CREES\" \/>\n<meta property=\"article:publisher\" content=\"https:\/\/www.facebook.com\/CREESRD\/\" \/>\n<meta property=\"article:published_time\" content=\"2022-07-06T18:46:04+00:00\" \/>\n<meta property=\"article:modified_time\" content=\"2022-08-10T19:01:28+00:00\" \/>\n<meta property=\"og:image\" content=\"https:\/\/crees.org.do\/wp-content\/uploads\/2022\/08\/Screen-Shot-2022-07-06-at-3.33.39-PM.png\" \/>\n\t<meta property=\"og:image:width\" content=\"1436\" \/>\n\t<meta property=\"og:image:height\" content=\"1436\" \/>\n\t<meta property=\"og:image:type\" content=\"image\/png\" \/>\n<meta name=\"author\" content=\"Crees\" \/>\n<meta name=\"twitter:card\" content=\"summary_large_image\" \/>\n<meta name=\"twitter:creator\" content=\"@CREESRD\" \/>\n<meta name=\"twitter:site\" content=\"@CREESRD\" \/>\n<meta name=\"twitter:label1\" content=\"Escrito por\" \/>\n\t<meta name=\"twitter:data1\" content=\"Crees\" \/>\n\t<meta name=\"twitter:label2\" content=\"Tiempo de lectura\" \/>\n\t<meta name=\"twitter:data2\" content=\"1 minuto\" \/>\n<script type=\"application\/ld+json\" class=\"yoast-schema-graph\">{\"@context\":\"https:\/\/schema.org\",\"@graph\":[{\"@type\":\"Article\",\"@id\":\"https:\/\/crees.org.do\/?p=23628#article\",\"isPartOf\":{\"@id\":\"https:\/\/crees.org.do\/?p=23628\"},\"author\":{\"name\":\"Crees\",\"@id\":\"https:\/\/crees.org.do\/#\/schema\/person\/e7f97cd94d7bf9cd0e0ce30acb7d56b8\"},\"headline\":\"La inflaci\u00f3n y la baja productividad no permiten mantener el valor de los ingresos reales de los trabajadores formales\",\"datePublished\":\"2022-07-06T18:46:04+00:00\",\"dateModified\":\"2022-08-10T19:01:28+00:00\",\"mainEntityOfPage\":{\"@id\":\"https:\/\/crees.org.do\/?p=23628\"},\"wordCount\":255,\"publisher\":{\"@id\":\"https:\/\/crees.org.do\/#organization\"},\"image\":{\"@id\":\"https:\/\/crees.org.do\/?p=23628#primaryimage\"},\"thumbnailUrl\":\"https:\/\/crees.org.do\/wp-content\/uploads\/2022\/08\/Screen-Shot-2022-07-06-at-3.33.39-PM.png\",\"articleSection\":[\"Blog\"],\"inLanguage\":\"es\"},{\"@type\":\"WebPage\",\"@id\":\"https:\/\/crees.org.do\/?p=23628\",\"url\":\"https:\/\/crees.org.do\/?p=23628\",\"name\":\"La inflaci\u00f3n y la baja productividad no permiten mantener el valor de los ingresos reales de los trabajadores formales | CREES\",\"isPartOf\":{\"@id\":\"https:\/\/crees.org.do\/#website\"},\"primaryImageOfPage\":{\"@id\":\"https:\/\/crees.org.do\/?p=23628#primaryimage\"},\"image\":{\"@id\":\"https:\/\/crees.org.do\/?p=23628#primaryimage\"},\"thumbnailUrl\":\"https:\/\/crees.org.do\/wp-content\/uploads\/2022\/08\/Screen-Shot-2022-07-06-at-3.33.39-PM.png\",\"datePublished\":\"2022-07-06T18:46:04+00:00\",\"dateModified\":\"2022-08-10T19:01:28+00:00\",\"breadcrumb\":{\"@id\":\"https:\/\/crees.org.do\/?p=23628#breadcrumb\"},\"inLanguage\":\"es\",\"potentialAction\":[{\"@type\":\"ReadAction\",\"target\":[\"https:\/\/crees.org.do\/?p=23628\"]}]},{\"@type\":\"ImageObject\",\"inLanguage\":\"es\",\"@id\":\"https:\/\/crees.org.do\/?p=23628#primaryimage\",\"url\":\"https:\/\/crees.org.do\/wp-content\/uploads\/2022\/08\/Screen-Shot-2022-07-06-at-3.33.39-PM.png\",\"contentUrl\":\"https:\/\/crees.org.do\/wp-content\/uploads\/2022\/08\/Screen-Shot-2022-07-06-at-3.33.39-PM.png\",\"width\":1436,\"height\":1436},{\"@type\":\"BreadcrumbList\",\"@id\":\"https:\/\/crees.org.do\/?p=23628#breadcrumb\",\"itemListElement\":[{\"@type\":\"ListItem\",\"position\":1,\"name\":\"Portada\",\"item\":\"https:\/\/crees.org.do\/\"},{\"@type\":\"ListItem\",\"position\":2,\"name\":\"La inflaci\u00f3n y la baja productividad no permiten mantener el valor de los ingresos reales de los trabajadores formales\"}]},{\"@type\":\"WebSite\",\"@id\":\"https:\/\/crees.org.do\/#website\",\"url\":\"https:\/\/crees.org.do\/\",\"name\":\"CREES\",\"description\":\"Centro Regional de Estrategias Econ\u00f3micas Sostenibles\",\"publisher\":{\"@id\":\"https:\/\/crees.org.do\/#organization\"},\"potentialAction\":[{\"@type\":\"SearchAction\",\"target\":{\"@type\":\"EntryPoint\",\"urlTemplate\":\"https:\/\/crees.org.do\/?s={search_term_string}\"},\"query-input\":{\"@type\":\"PropertyValueSpecification\",\"valueRequired\":true,\"valueName\":\"search_term_string\"}}],\"inLanguage\":\"es\"},{\"@type\":\"Organization\",\"@id\":\"https:\/\/crees.org.do\/#organization\",\"name\":\"CREES | Centro Regional de Estrategias Econ\u00f3micas Sostenibles\",\"url\":\"https:\/\/crees.org.do\/\",\"logo\":{\"@type\":\"ImageObject\",\"inLanguage\":\"es\",\"@id\":\"https:\/\/crees.org.do\/#\/schema\/logo\/image\/\",\"url\":\"https:\/\/crees.org.do\/wp-content\/uploads\/2022\/03\/crees-logo-1.jpg\",\"contentUrl\":\"https:\/\/crees.org.do\/wp-content\/uploads\/2022\/03\/crees-logo-1.jpg\",\"width\":244,\"height\":71,\"caption\":\"CREES | Centro Regional de Estrategias Econ\u00f3micas Sostenibles\"},\"image\":{\"@id\":\"https:\/\/crees.org.do\/#\/schema\/logo\/image\/\"},\"sameAs\":[\"https:\/\/www.facebook.com\/CREESRD\/\",\"https:\/\/x.com\/CREESRD\"]},{\"@type\":\"Person\",\"@id\":\"https:\/\/crees.org.do\/#\/schema\/person\/e7f97cd94d7bf9cd0e0ce30acb7d56b8\",\"name\":\"Crees\",\"image\":{\"@type\":\"ImageObject\",\"inLanguage\":\"es\",\"@id\":\"https:\/\/crees.org.do\/#\/schema\/person\/image\/\",\"url\":\"https:\/\/secure.gravatar.com\/avatar\/390ac8f0be5d9aa046152553e2dd7011b59a512d89c150f5e5f28bb8d9a0b165?s=96&d=mm&r=g\",\"contentUrl\":\"https:\/\/secure.gravatar.com\/avatar\/390ac8f0be5d9aa046152553e2dd7011b59a512d89c150f5e5f28bb8d9a0b165?s=96&d=mm&r=g\",\"caption\":\"Crees\"},\"url\":\"https:\/\/crees.org.do\/?author=2\"}]}<\/script>\n<!-- \/ Yoast SEO plugin. -->","yoast_head_json":{"title":"La inflaci\u00f3n y la baja productividad no permiten mantener el valor de los ingresos reales de los trabajadores formales | CREES","robots":{"index":"index","follow":"follow","max-snippet":"max-snippet:-1","max-image-preview":"max-image-preview:large","max-video-preview":"max-video-preview:-1"},"canonical":"https:\/\/crees.org.do\/?p=23628","og_locale":"es_ES","og_type":"article","og_title":"La inflaci\u00f3n y la baja productividad no permiten mantener el valor de los ingresos reales de los trabajadores formales | CREES","og_description":"\u00cdndice de salario promedio cotizable en el Sistema Dominicano de Seguridad Social Sin aumentos de productividad, incrementos artificiales en los salarios aumentan el costo de las unidades producidas. Lo anterior se agrava en circunstancias como las presentes, en donde se han experimentado altos niveles de inflaci\u00f3n por m\u00e1s de un a\u00f1o. De acuerdo con los...","og_url":"https:\/\/crees.org.do\/?p=23628","og_site_name":"CREES","article_publisher":"https:\/\/www.facebook.com\/CREESRD\/","article_published_time":"2022-07-06T18:46:04+00:00","article_modified_time":"2022-08-10T19:01:28+00:00","og_image":[{"width":1436,"height":1436,"url":"https:\/\/crees.org.do\/wp-content\/uploads\/2022\/08\/Screen-Shot-2022-07-06-at-3.33.39-PM.png","type":"image\/png"}],"author":"Crees","twitter_card":"summary_large_image","twitter_creator":"@CREESRD","twitter_site":"@CREESRD","twitter_misc":{"Escrito por":"Crees","Tiempo de lectura":"1 minuto"},"schema":{"@context":"https:\/\/schema.org","@graph":[{"@type":"Article","@id":"https:\/\/crees.org.do\/?p=23628#article","isPartOf":{"@id":"https:\/\/crees.org.do\/?p=23628"},"author":{"name":"Crees","@id":"https:\/\/crees.org.do\/#\/schema\/person\/e7f97cd94d7bf9cd0e0ce30acb7d56b8"},"headline":"La inflaci\u00f3n y la baja productividad no permiten mantener el valor de los ingresos reales de los trabajadores formales","datePublished":"2022-07-06T18:46:04+00:00","dateModified":"2022-08-10T19:01:28+00:00","mainEntityOfPage":{"@id":"https:\/\/crees.org.do\/?p=23628"},"wordCount":255,"publisher":{"@id":"https:\/\/crees.org.do\/#organization"},"image":{"@id":"https:\/\/crees.org.do\/?p=23628#primaryimage"},"thumbnailUrl":"https:\/\/crees.org.do\/wp-content\/uploads\/2022\/08\/Screen-Shot-2022-07-06-at-3.33.39-PM.png","articleSection":["Blog"],"inLanguage":"es"},{"@type":"WebPage","@id":"https:\/\/crees.org.do\/?p=23628","url":"https:\/\/crees.org.do\/?p=23628","name":"La inflaci\u00f3n y la baja productividad no permiten mantener el valor de los ingresos reales de los trabajadores formales | CREES","isPartOf":{"@id":"https:\/\/crees.org.do\/#website"},"primaryImageOfPage":{"@id":"https:\/\/crees.org.do\/?p=23628#primaryimage"},"image":{"@id":"https:\/\/crees.org.do\/?p=23628#primaryimage"},"thumbnailUrl":"https:\/\/crees.org.do\/wp-content\/uploads\/2022\/08\/Screen-Shot-2022-07-06-at-3.33.39-PM.png","datePublished":"2022-07-06T18:46:04+00:00","dateModified":"2022-08-10T19:01:28+00:00","breadcrumb":{"@id":"https:\/\/crees.org.do\/?p=23628#breadcrumb"},"inLanguage":"es","potentialAction":[{"@type":"ReadAction","target":["https:\/\/crees.org.do\/?p=23628"]}]},{"@type":"ImageObject","inLanguage":"es","@id":"https:\/\/crees.org.do\/?p=23628#primaryimage","url":"https:\/\/crees.org.do\/wp-content\/uploads\/2022\/08\/Screen-Shot-2022-07-06-at-3.33.39-PM.png","contentUrl":"https:\/\/crees.org.do\/wp-content\/uploads\/2022\/08\/Screen-Shot-2022-07-06-at-3.33.39-PM.png","width":1436,"height":1436},{"@type":"BreadcrumbList","@id":"https:\/\/crees.org.do\/?p=23628#breadcrumb","itemListElement":[{"@type":"ListItem","position":1,"name":"Portada","item":"https:\/\/crees.org.do\/"},{"@type":"ListItem","position":2,"name":"La inflaci\u00f3n y la baja productividad no permiten mantener el valor de los ingresos reales de los trabajadores formales"}]},{"@type":"WebSite","@id":"https:\/\/crees.org.do\/#website","url":"https:\/\/crees.org.do\/","name":"CREES","description":"Centro Regional de Estrategias Econ\u00f3micas Sostenibles","publisher":{"@id":"https:\/\/crees.org.do\/#organization"},"potentialAction":[{"@type":"SearchAction","target":{"@type":"EntryPoint","urlTemplate":"https:\/\/crees.org.do\/?s={search_term_string}"},"query-input":{"@type":"PropertyValueSpecification","valueRequired":true,"valueName":"search_term_string"}}],"inLanguage":"es"},{"@type":"Organization","@id":"https:\/\/crees.org.do\/#organization","name":"CREES | Centro Regional de Estrategias Econ\u00f3micas Sostenibles","url":"https:\/\/crees.org.do\/","logo":{"@type":"ImageObject","inLanguage":"es","@id":"https:\/\/crees.org.do\/#\/schema\/logo\/image\/","url":"https:\/\/crees.org.do\/wp-content\/uploads\/2022\/03\/crees-logo-1.jpg","contentUrl":"https:\/\/crees.org.do\/wp-content\/uploads\/2022\/03\/crees-logo-1.jpg","width":244,"height":71,"caption":"CREES | Centro Regional de Estrategias Econ\u00f3micas Sostenibles"},"image":{"@id":"https:\/\/crees.org.do\/#\/schema\/logo\/image\/"},"sameAs":["https:\/\/www.facebook.com\/CREESRD\/","https:\/\/x.com\/CREESRD"]},{"@type":"Person","@id":"https:\/\/crees.org.do\/#\/schema\/person\/e7f97cd94d7bf9cd0e0ce30acb7d56b8","name":"Crees","image":{"@type":"ImageObject","inLanguage":"es","@id":"https:\/\/crees.org.do\/#\/schema\/person\/image\/","url":"https:\/\/secure.gravatar.com\/avatar\/390ac8f0be5d9aa046152553e2dd7011b59a512d89c150f5e5f28bb8d9a0b165?s=96&d=mm&r=g","contentUrl":"https:\/\/secure.gravatar.com\/avatar\/390ac8f0be5d9aa046152553e2dd7011b59a512d89c150f5e5f28bb8d9a0b165?s=96&d=mm&r=g","caption":"Crees"},"url":"https:\/\/crees.org.do\/?author=2"}]}},"_links":{"self":[{"href":"https:\/\/crees.org.do\/index.php?rest_route=\/wp\/v2\/posts\/23628","targetHints":{"allow":["GET"]}}],"collection":[{"href":"https:\/\/crees.org.do\/index.php?rest_route=\/wp\/v2\/posts"}],"about":[{"href":"https:\/\/crees.org.do\/index.php?rest_route=\/wp\/v2\/types\/post"}],"author":[{"embeddable":true,"href":"https:\/\/crees.org.do\/index.php?rest_route=\/wp\/v2\/users\/2"}],"replies":[{"embeddable":true,"href":"https:\/\/crees.org.do\/index.php?rest_route=%2Fwp%2Fv2%2Fcomments&post=23628"}],"version-history":[{"count":2,"href":"https:\/\/crees.org.do\/index.php?rest_route=\/wp\/v2\/posts\/23628\/revisions"}],"predecessor-version":[{"id":23632,"href":"https:\/\/crees.org.do\/index.php?rest_route=\/wp\/v2\/posts\/23628\/revisions\/23632"}],"wp:featuredmedia":[{"embeddable":true,"href":"https:\/\/crees.org.do\/index.php?rest_route=\/wp\/v2\/media\/23629"}],"wp:attachment":[{"href":"https:\/\/crees.org.do\/index.php?rest_route=%2Fwp%2Fv2%2Fmedia&parent=23628"}],"wp:term":[{"taxonomy":"category","embeddable":true,"href":"https:\/\/crees.org.do\/index.php?rest_route=%2Fwp%2Fv2%2Fcategories&post=23628"},{"taxonomy":"post_tag","embeddable":true,"href":"https:\/\/crees.org.do\/index.php?rest_route=%2Fwp%2Fv2%2Ftags&post=23628"}],"curies":[{"name":"wp","href":"https:\/\/api.w.org\/{rel}","templated":true}]}}