{"id":23637,"date":"2022-07-01T18:53:51","date_gmt":"2022-07-01T18:53:51","guid":{"rendered":"https:\/\/crees.org.do\/?p=23637"},"modified":"2022-08-10T19:00:41","modified_gmt":"2022-08-10T19:00:41","slug":"tasa-de-interes-activa-y-pasiva-promedio-ponderado-a-junio-de-2022","status":"publish","type":"post","link":"https:\/\/crees.org.do\/?p=23637","title":{"rendered":"Tasa de inter\u00e9s activa y pasiva promedio ponderado a junio de 2022"},"content":{"rendered":"<p><img fetchpriority=\"high\" decoding=\"async\" class=\"aligncenter wp-image-23638\" src=\"https:\/\/crees.org.do\/wp-content\/uploads\/2022\/08\/Screen-Shot-2022-07-01-at-11.17.25-AM.png\" alt=\"\" width=\"896\" height=\"896\" srcset=\"https:\/\/crees.org.do\/wp-content\/uploads\/2022\/08\/Screen-Shot-2022-07-01-at-11.17.25-AM.png 1432w, https:\/\/crees.org.do\/wp-content\/uploads\/2022\/08\/Screen-Shot-2022-07-01-at-11.17.25-AM-450x450.png 450w, https:\/\/crees.org.do\/wp-content\/uploads\/2022\/08\/Screen-Shot-2022-07-01-at-11.17.25-AM-150x150.png 150w, https:\/\/crees.org.do\/wp-content\/uploads\/2022\/08\/Screen-Shot-2022-07-01-at-11.17.25-AM-768x768.png 768w, https:\/\/crees.org.do\/wp-content\/uploads\/2022\/08\/Screen-Shot-2022-07-01-at-11.17.25-AM-500x500.png 500w, https:\/\/crees.org.do\/wp-content\/uploads\/2022\/08\/Screen-Shot-2022-07-01-at-11.17.25-AM-300x300.png 300w, https:\/\/crees.org.do\/wp-content\/uploads\/2022\/08\/Screen-Shot-2022-07-01-at-11.17.25-AM-600x600.png 600w, https:\/\/crees.org.do\/wp-content\/uploads\/2022\/08\/Screen-Shot-2022-07-01-at-11.17.25-AM-100x100.png 100w\" sizes=\"(max-width: 896px) 100vw, 896px\" \/><\/p>\n<h3 class=\"page-title\">Tasa de inter\u00e9s activa y pasiva promedio ponderado a junio de 2022<\/h3>\n<p>En junio de 2022, la tasa de inter\u00e9s activa promedio ponderada de los Bancos M\u00faltiples fue de 11.2%, mientras que la tasa de inter\u00e9s pasiva promedio ponderada de los Bancos M\u00faltiples fue de 5.8%, lo que equivale a un margen de intermediaci\u00f3n de 5.4 puntos porcentuales.<\/p>\n<p>Se entiende como tasa de inter\u00e9s activa al porcentaje cobrado por las entidades financieras sobre el dinero que prestan y como tasa de inter\u00e9s pasiva al porcentaje que pagan las entidades financieras a los ahorrantes por mantener sus fondos en las cuentas del banco.<br \/>\nCon respecto a junio del 2021, la tasa de inter\u00e9s activa aument\u00f3 1.9 puntos porcentuales, mientras que la pasiva aument\u00f3 en 3.5 puntos porcentuales.<\/p>\n<p>Entre noviembre de 2021 y junio de 2022, el Banco Central de la Rep\u00fablica Dominicana (BCRD) ha incrementado la tasa de pol\u00edtica monetaria (TPM) en 425 puntos b\u00e1sicos, pasando de 3.00% a 7.25%. Desde el incremento de la TPM hasta la fecha la tasa de inter\u00e9s activa se ha incrementado 1.3 puntos porcentuales, mientras que la tasa de inter\u00e9s pasiva se ha incrementado 3.7 puntos porcentuales.<\/p>\n<div class=\"pvc_clear\"><\/div>\n<p class=\"pvc_stats all \" data-element-id=\"23637\" style=\"\"><i class=\"pvc-stats-icon medium\" aria-hidden=\"true\"><svg aria-hidden=\"true\" focusable=\"false\" data-prefix=\"far\" data-icon=\"chart-bar\" role=\"img\" xmlns=\"http:\/\/www.w3.org\/2000\/svg\" viewBox=\"0 0 512 512\" class=\"svg-inline--fa fa-chart-bar fa-w-16 fa-2x\"><path fill=\"currentColor\" d=\"M396.8 352h22.4c6.4 0 12.8-6.4 12.8-12.8V108.8c0-6.4-6.4-12.8-12.8-12.8h-22.4c-6.4 0-12.8 6.4-12.8 12.8v230.4c0 6.4 6.4 12.8 12.8 12.8zm-192 0h22.4c6.4 0 12.8-6.4 12.8-12.8V140.8c0-6.4-6.4-12.8-12.8-12.8h-22.4c-6.4 0-12.8 6.4-12.8 12.8v198.4c0 6.4 6.4 12.8 12.8 12.8zm96 0h22.4c6.4 0 12.8-6.4 12.8-12.8V204.8c0-6.4-6.4-12.8-12.8-12.8h-22.4c-6.4 0-12.8 6.4-12.8 12.8v134.4c0 6.4 6.4 12.8 12.8 12.8zM496 400H48V80c0-8.84-7.16-16-16-16H16C7.16 64 0 71.16 0 80v336c0 17.67 14.33 32 32 32h464c8.84 0 16-7.16 16-16v-16c0-8.84-7.16-16-16-16zm-387.2-48h22.4c6.4 0 12.8-6.4 12.8-12.8v-70.4c0-6.4-6.4-12.8-12.8-12.8h-22.4c-6.4 0-12.8 6.4-12.8 12.8v70.4c0 6.4 6.4 12.8 12.8 12.8z\" class=\"\"><\/path><\/svg><\/i> Vistas Totales&nbsp;1,057&nbsp;, Vistas Hoy&nbsp;4&nbsp;<\/p>\n<div class=\"pvc_clear\"><\/div>\n","protected":false},"excerpt":{"rendered":"<p>Tasa de inter\u00e9s activa y pasiva promedio ponderado a junio de 2022 En junio de 2022, la tasa de inter\u00e9s activa promedio ponderada de los Bancos M\u00faltiples fue de 11.2%, mientras que la tasa de inter\u00e9s pasiva promedio ponderada de los Bancos M\u00faltiples fue de 5.8%, lo que equivale a un margen de intermediaci\u00f3n de&#8230;<\/p>\n<div class=\"pvc_clear\"><\/div>\n<p class=\"pvc_stats all \" data-element-id=\"23637\" style=\"\"><i class=\"pvc-stats-icon medium\" aria-hidden=\"true\"><svg aria-hidden=\"true\" focusable=\"false\" data-prefix=\"far\" data-icon=\"chart-bar\" role=\"img\" xmlns=\"http:\/\/www.w3.org\/2000\/svg\" viewBox=\"0 0 512 512\" class=\"svg-inline--fa fa-chart-bar fa-w-16 fa-2x\"><path fill=\"currentColor\" d=\"M396.8 352h22.4c6.4 0 12.8-6.4 12.8-12.8V108.8c0-6.4-6.4-12.8-12.8-12.8h-22.4c-6.4 0-12.8 6.4-12.8 12.8v230.4c0 6.4 6.4 12.8 12.8 12.8zm-192 0h22.4c6.4 0 12.8-6.4 12.8-12.8V140.8c0-6.4-6.4-12.8-12.8-12.8h-22.4c-6.4 0-12.8 6.4-12.8 12.8v198.4c0 6.4 6.4 12.8 12.8 12.8zm96 0h22.4c6.4 0 12.8-6.4 12.8-12.8V204.8c0-6.4-6.4-12.8-12.8-12.8h-22.4c-6.4 0-12.8 6.4-12.8 12.8v134.4c0 6.4 6.4 12.8 12.8 12.8zM496 400H48V80c0-8.84-7.16-16-16-16H16C7.16 64 0 71.16 0 80v336c0 17.67 14.33 32 32 32h464c8.84 0 16-7.16 16-16v-16c0-8.84-7.16-16-16-16zm-387.2-48h22.4c6.4 0 12.8-6.4 12.8-12.8v-70.4c0-6.4-6.4-12.8-12.8-12.8h-22.4c-6.4 0-12.8 6.4-12.8 12.8v70.4c0 6.4 6.4 12.8 12.8 12.8z\" class=\"\"><\/path><\/svg><\/i> Vistas Totales&nbsp;1,057&nbsp;, Vistas Hoy&nbsp;4&nbsp;<\/p>\n<div class=\"pvc_clear\"><\/div>\n","protected":false},"author":2,"featured_media":23638,"comment_status":"closed","ping_status":"closed","sticky":false,"template":"","format":"standard","meta":{"footnotes":""},"categories":[21],"tags":[],"class_list":["post-23637","post","type-post","status-publish","format-standard","has-post-thumbnail","hentry","category-blog"],"yoast_head":"<!-- This site is optimized with the Yoast SEO plugin v25.2 - https:\/\/yoast.com\/wordpress\/plugins\/seo\/ -->\n<title>Tasa de inter\u00e9s activa y pasiva promedio ponderado a junio de 2022 | CREES<\/title>\n<meta name=\"robots\" content=\"index, follow, max-snippet:-1, max-image-preview:large, max-video-preview:-1\" \/>\n<link rel=\"canonical\" href=\"https:\/\/crees.org.do\/?p=23637\" \/>\n<meta property=\"og:locale\" content=\"es_ES\" \/>\n<meta property=\"og:type\" content=\"article\" \/>\n<meta property=\"og:title\" content=\"Tasa de inter\u00e9s activa y pasiva promedio ponderado a junio de 2022 | CREES\" \/>\n<meta property=\"og:description\" content=\"Tasa de inter\u00e9s activa y pasiva promedio ponderado a junio de 2022 En junio de 2022, la tasa de inter\u00e9s activa promedio ponderada de los Bancos M\u00faltiples fue de 11.2%, mientras que la tasa de inter\u00e9s pasiva promedio ponderada de los Bancos M\u00faltiples fue de 5.8%, lo que equivale a un margen de intermediaci\u00f3n de...\" \/>\n<meta property=\"og:url\" content=\"https:\/\/crees.org.do\/?p=23637\" \/>\n<meta property=\"og:site_name\" content=\"CREES\" \/>\n<meta property=\"article:publisher\" content=\"https:\/\/www.facebook.com\/CREESRD\/\" \/>\n<meta property=\"article:published_time\" content=\"2022-07-01T18:53:51+00:00\" \/>\n<meta property=\"article:modified_time\" content=\"2022-08-10T19:00:41+00:00\" \/>\n<meta property=\"og:image\" content=\"https:\/\/crees.org.do\/wp-content\/uploads\/2022\/08\/Screen-Shot-2022-07-01-at-11.17.25-AM.png\" \/>\n\t<meta property=\"og:image:width\" content=\"1432\" \/>\n\t<meta property=\"og:image:height\" content=\"1432\" \/>\n\t<meta property=\"og:image:type\" content=\"image\/png\" \/>\n<meta name=\"author\" content=\"Crees\" \/>\n<meta name=\"twitter:card\" content=\"summary_large_image\" \/>\n<meta name=\"twitter:creator\" content=\"@CREESRD\" \/>\n<meta name=\"twitter:site\" content=\"@CREESRD\" \/>\n<meta name=\"twitter:label1\" content=\"Escrito por\" \/>\n\t<meta name=\"twitter:data1\" content=\"Crees\" \/>\n\t<meta name=\"twitter:label2\" content=\"Tiempo de lectura\" \/>\n\t<meta name=\"twitter:data2\" content=\"1 minuto\" \/>\n<script type=\"application\/ld+json\" class=\"yoast-schema-graph\">{\"@context\":\"https:\/\/schema.org\",\"@graph\":[{\"@type\":\"Article\",\"@id\":\"https:\/\/crees.org.do\/?p=23637#article\",\"isPartOf\":{\"@id\":\"https:\/\/crees.org.do\/?p=23637\"},\"author\":{\"name\":\"Crees\",\"@id\":\"https:\/\/crees.org.do\/#\/schema\/person\/e7f97cd94d7bf9cd0e0ce30acb7d56b8\"},\"headline\":\"Tasa de inter\u00e9s activa y pasiva promedio ponderado a junio de 2022\",\"datePublished\":\"2022-07-01T18:53:51+00:00\",\"dateModified\":\"2022-08-10T19:00:41+00:00\",\"mainEntityOfPage\":{\"@id\":\"https:\/\/crees.org.do\/?p=23637\"},\"wordCount\":203,\"publisher\":{\"@id\":\"https:\/\/crees.org.do\/#organization\"},\"image\":{\"@id\":\"https:\/\/crees.org.do\/?p=23637#primaryimage\"},\"thumbnailUrl\":\"https:\/\/crees.org.do\/wp-content\/uploads\/2022\/08\/Screen-Shot-2022-07-01-at-11.17.25-AM.png\",\"articleSection\":[\"Blog\"],\"inLanguage\":\"es\"},{\"@type\":\"WebPage\",\"@id\":\"https:\/\/crees.org.do\/?p=23637\",\"url\":\"https:\/\/crees.org.do\/?p=23637\",\"name\":\"Tasa de inter\u00e9s activa y pasiva promedio ponderado a junio de 2022 | CREES\",\"isPartOf\":{\"@id\":\"https:\/\/crees.org.do\/#website\"},\"primaryImageOfPage\":{\"@id\":\"https:\/\/crees.org.do\/?p=23637#primaryimage\"},\"image\":{\"@id\":\"https:\/\/crees.org.do\/?p=23637#primaryimage\"},\"thumbnailUrl\":\"https:\/\/crees.org.do\/wp-content\/uploads\/2022\/08\/Screen-Shot-2022-07-01-at-11.17.25-AM.png\",\"datePublished\":\"2022-07-01T18:53:51+00:00\",\"dateModified\":\"2022-08-10T19:00:41+00:00\",\"breadcrumb\":{\"@id\":\"https:\/\/crees.org.do\/?p=23637#breadcrumb\"},\"inLanguage\":\"es\",\"potentialAction\":[{\"@type\":\"ReadAction\",\"target\":[\"https:\/\/crees.org.do\/?p=23637\"]}]},{\"@type\":\"ImageObject\",\"inLanguage\":\"es\",\"@id\":\"https:\/\/crees.org.do\/?p=23637#primaryimage\",\"url\":\"https:\/\/crees.org.do\/wp-content\/uploads\/2022\/08\/Screen-Shot-2022-07-01-at-11.17.25-AM.png\",\"contentUrl\":\"https:\/\/crees.org.do\/wp-content\/uploads\/2022\/08\/Screen-Shot-2022-07-01-at-11.17.25-AM.png\",\"width\":1432,\"height\":1432},{\"@type\":\"BreadcrumbList\",\"@id\":\"https:\/\/crees.org.do\/?p=23637#breadcrumb\",\"itemListElement\":[{\"@type\":\"ListItem\",\"position\":1,\"name\":\"Portada\",\"item\":\"https:\/\/crees.org.do\/\"},{\"@type\":\"ListItem\",\"position\":2,\"name\":\"Tasa de inter\u00e9s activa y pasiva promedio ponderado a junio de 2022\"}]},{\"@type\":\"WebSite\",\"@id\":\"https:\/\/crees.org.do\/#website\",\"url\":\"https:\/\/crees.org.do\/\",\"name\":\"CREES\",\"description\":\"Centro Regional de Estrategias Econ\u00f3micas Sostenibles\",\"publisher\":{\"@id\":\"https:\/\/crees.org.do\/#organization\"},\"potentialAction\":[{\"@type\":\"SearchAction\",\"target\":{\"@type\":\"EntryPoint\",\"urlTemplate\":\"https:\/\/crees.org.do\/?s={search_term_string}\"},\"query-input\":{\"@type\":\"PropertyValueSpecification\",\"valueRequired\":true,\"valueName\":\"search_term_string\"}}],\"inLanguage\":\"es\"},{\"@type\":\"Organization\",\"@id\":\"https:\/\/crees.org.do\/#organization\",\"name\":\"CREES | Centro Regional de Estrategias Econ\u00f3micas Sostenibles\",\"url\":\"https:\/\/crees.org.do\/\",\"logo\":{\"@type\":\"ImageObject\",\"inLanguage\":\"es\",\"@id\":\"https:\/\/crees.org.do\/#\/schema\/logo\/image\/\",\"url\":\"https:\/\/crees.org.do\/wp-content\/uploads\/2022\/03\/crees-logo-1.jpg\",\"contentUrl\":\"https:\/\/crees.org.do\/wp-content\/uploads\/2022\/03\/crees-logo-1.jpg\",\"width\":244,\"height\":71,\"caption\":\"CREES | Centro Regional de Estrategias Econ\u00f3micas Sostenibles\"},\"image\":{\"@id\":\"https:\/\/crees.org.do\/#\/schema\/logo\/image\/\"},\"sameAs\":[\"https:\/\/www.facebook.com\/CREESRD\/\",\"https:\/\/x.com\/CREESRD\"]},{\"@type\":\"Person\",\"@id\":\"https:\/\/crees.org.do\/#\/schema\/person\/e7f97cd94d7bf9cd0e0ce30acb7d56b8\",\"name\":\"Crees\",\"image\":{\"@type\":\"ImageObject\",\"inLanguage\":\"es\",\"@id\":\"https:\/\/crees.org.do\/#\/schema\/person\/image\/\",\"url\":\"https:\/\/secure.gravatar.com\/avatar\/390ac8f0be5d9aa046152553e2dd7011b59a512d89c150f5e5f28bb8d9a0b165?s=96&d=mm&r=g\",\"contentUrl\":\"https:\/\/secure.gravatar.com\/avatar\/390ac8f0be5d9aa046152553e2dd7011b59a512d89c150f5e5f28bb8d9a0b165?s=96&d=mm&r=g\",\"caption\":\"Crees\"},\"url\":\"https:\/\/crees.org.do\/?author=2\"}]}<\/script>\n<!-- \/ Yoast SEO plugin. -->","yoast_head_json":{"title":"Tasa de inter\u00e9s activa y pasiva promedio ponderado a junio de 2022 | CREES","robots":{"index":"index","follow":"follow","max-snippet":"max-snippet:-1","max-image-preview":"max-image-preview:large","max-video-preview":"max-video-preview:-1"},"canonical":"https:\/\/crees.org.do\/?p=23637","og_locale":"es_ES","og_type":"article","og_title":"Tasa de inter\u00e9s activa y pasiva promedio ponderado a junio de 2022 | CREES","og_description":"Tasa de inter\u00e9s activa y pasiva promedio ponderado a junio de 2022 En junio de 2022, la tasa de inter\u00e9s activa promedio ponderada de los Bancos M\u00faltiples fue de 11.2%, mientras que la tasa de inter\u00e9s pasiva promedio ponderada de los Bancos M\u00faltiples fue de 5.8%, lo que equivale a un margen de intermediaci\u00f3n de...","og_url":"https:\/\/crees.org.do\/?p=23637","og_site_name":"CREES","article_publisher":"https:\/\/www.facebook.com\/CREESRD\/","article_published_time":"2022-07-01T18:53:51+00:00","article_modified_time":"2022-08-10T19:00:41+00:00","og_image":[{"width":1432,"height":1432,"url":"https:\/\/crees.org.do\/wp-content\/uploads\/2022\/08\/Screen-Shot-2022-07-01-at-11.17.25-AM.png","type":"image\/png"}],"author":"Crees","twitter_card":"summary_large_image","twitter_creator":"@CREESRD","twitter_site":"@CREESRD","twitter_misc":{"Escrito por":"Crees","Tiempo de lectura":"1 minuto"},"schema":{"@context":"https:\/\/schema.org","@graph":[{"@type":"Article","@id":"https:\/\/crees.org.do\/?p=23637#article","isPartOf":{"@id":"https:\/\/crees.org.do\/?p=23637"},"author":{"name":"Crees","@id":"https:\/\/crees.org.do\/#\/schema\/person\/e7f97cd94d7bf9cd0e0ce30acb7d56b8"},"headline":"Tasa de inter\u00e9s activa y pasiva promedio ponderado a junio de 2022","datePublished":"2022-07-01T18:53:51+00:00","dateModified":"2022-08-10T19:00:41+00:00","mainEntityOfPage":{"@id":"https:\/\/crees.org.do\/?p=23637"},"wordCount":203,"publisher":{"@id":"https:\/\/crees.org.do\/#organization"},"image":{"@id":"https:\/\/crees.org.do\/?p=23637#primaryimage"},"thumbnailUrl":"https:\/\/crees.org.do\/wp-content\/uploads\/2022\/08\/Screen-Shot-2022-07-01-at-11.17.25-AM.png","articleSection":["Blog"],"inLanguage":"es"},{"@type":"WebPage","@id":"https:\/\/crees.org.do\/?p=23637","url":"https:\/\/crees.org.do\/?p=23637","name":"Tasa de inter\u00e9s activa y pasiva promedio ponderado a junio de 2022 | CREES","isPartOf":{"@id":"https:\/\/crees.org.do\/#website"},"primaryImageOfPage":{"@id":"https:\/\/crees.org.do\/?p=23637#primaryimage"},"image":{"@id":"https:\/\/crees.org.do\/?p=23637#primaryimage"},"thumbnailUrl":"https:\/\/crees.org.do\/wp-content\/uploads\/2022\/08\/Screen-Shot-2022-07-01-at-11.17.25-AM.png","datePublished":"2022-07-01T18:53:51+00:00","dateModified":"2022-08-10T19:00:41+00:00","breadcrumb":{"@id":"https:\/\/crees.org.do\/?p=23637#breadcrumb"},"inLanguage":"es","potentialAction":[{"@type":"ReadAction","target":["https:\/\/crees.org.do\/?p=23637"]}]},{"@type":"ImageObject","inLanguage":"es","@id":"https:\/\/crees.org.do\/?p=23637#primaryimage","url":"https:\/\/crees.org.do\/wp-content\/uploads\/2022\/08\/Screen-Shot-2022-07-01-at-11.17.25-AM.png","contentUrl":"https:\/\/crees.org.do\/wp-content\/uploads\/2022\/08\/Screen-Shot-2022-07-01-at-11.17.25-AM.png","width":1432,"height":1432},{"@type":"BreadcrumbList","@id":"https:\/\/crees.org.do\/?p=23637#breadcrumb","itemListElement":[{"@type":"ListItem","position":1,"name":"Portada","item":"https:\/\/crees.org.do\/"},{"@type":"ListItem","position":2,"name":"Tasa de inter\u00e9s activa y pasiva promedio ponderado a junio de 2022"}]},{"@type":"WebSite","@id":"https:\/\/crees.org.do\/#website","url":"https:\/\/crees.org.do\/","name":"CREES","description":"Centro Regional de Estrategias Econ\u00f3micas Sostenibles","publisher":{"@id":"https:\/\/crees.org.do\/#organization"},"potentialAction":[{"@type":"SearchAction","target":{"@type":"EntryPoint","urlTemplate":"https:\/\/crees.org.do\/?s={search_term_string}"},"query-input":{"@type":"PropertyValueSpecification","valueRequired":true,"valueName":"search_term_string"}}],"inLanguage":"es"},{"@type":"Organization","@id":"https:\/\/crees.org.do\/#organization","name":"CREES | Centro Regional de Estrategias Econ\u00f3micas Sostenibles","url":"https:\/\/crees.org.do\/","logo":{"@type":"ImageObject","inLanguage":"es","@id":"https:\/\/crees.org.do\/#\/schema\/logo\/image\/","url":"https:\/\/crees.org.do\/wp-content\/uploads\/2022\/03\/crees-logo-1.jpg","contentUrl":"https:\/\/crees.org.do\/wp-content\/uploads\/2022\/03\/crees-logo-1.jpg","width":244,"height":71,"caption":"CREES | Centro Regional de Estrategias Econ\u00f3micas Sostenibles"},"image":{"@id":"https:\/\/crees.org.do\/#\/schema\/logo\/image\/"},"sameAs":["https:\/\/www.facebook.com\/CREESRD\/","https:\/\/x.com\/CREESRD"]},{"@type":"Person","@id":"https:\/\/crees.org.do\/#\/schema\/person\/e7f97cd94d7bf9cd0e0ce30acb7d56b8","name":"Crees","image":{"@type":"ImageObject","inLanguage":"es","@id":"https:\/\/crees.org.do\/#\/schema\/person\/image\/","url":"https:\/\/secure.gravatar.com\/avatar\/390ac8f0be5d9aa046152553e2dd7011b59a512d89c150f5e5f28bb8d9a0b165?s=96&d=mm&r=g","contentUrl":"https:\/\/secure.gravatar.com\/avatar\/390ac8f0be5d9aa046152553e2dd7011b59a512d89c150f5e5f28bb8d9a0b165?s=96&d=mm&r=g","caption":"Crees"},"url":"https:\/\/crees.org.do\/?author=2"}]}},"_links":{"self":[{"href":"https:\/\/crees.org.do\/index.php?rest_route=\/wp\/v2\/posts\/23637","targetHints":{"allow":["GET"]}}],"collection":[{"href":"https:\/\/crees.org.do\/index.php?rest_route=\/wp\/v2\/posts"}],"about":[{"href":"https:\/\/crees.org.do\/index.php?rest_route=\/wp\/v2\/types\/post"}],"author":[{"embeddable":true,"href":"https:\/\/crees.org.do\/index.php?rest_route=\/wp\/v2\/users\/2"}],"replies":[{"embeddable":true,"href":"https:\/\/crees.org.do\/index.php?rest_route=%2Fwp%2Fv2%2Fcomments&post=23637"}],"version-history":[{"count":1,"href":"https:\/\/crees.org.do\/index.php?rest_route=\/wp\/v2\/posts\/23637\/revisions"}],"predecessor-version":[{"id":23639,"href":"https:\/\/crees.org.do\/index.php?rest_route=\/wp\/v2\/posts\/23637\/revisions\/23639"}],"wp:featuredmedia":[{"embeddable":true,"href":"https:\/\/crees.org.do\/index.php?rest_route=\/wp\/v2\/media\/23638"}],"wp:attachment":[{"href":"https:\/\/crees.org.do\/index.php?rest_route=%2Fwp%2Fv2%2Fmedia&parent=23637"}],"wp:term":[{"taxonomy":"category","embeddable":true,"href":"https:\/\/crees.org.do\/index.php?rest_route=%2Fwp%2Fv2%2Fcategories&post=23637"},{"taxonomy":"post_tag","embeddable":true,"href":"https:\/\/crees.org.do\/index.php?rest_route=%2Fwp%2Fv2%2Ftags&post=23637"}],"curies":[{"name":"wp","href":"https:\/\/api.w.org\/{rel}","templated":true}]}}