{"id":23650,"date":"2022-08-15T13:04:32","date_gmt":"2022-08-15T13:04:32","guid":{"rendered":"https:\/\/crees.org.do\/?p=23650"},"modified":"2022-09-05T13:51:11","modified_gmt":"2022-09-05T13:51:11","slug":"el-sector-productivo-y-privado-es-el-generador-del-progreso-economico-del-mundo","status":"publish","type":"post","link":"https:\/\/crees.org.do\/?p=23650","title":{"rendered":"El sector productivo y privado es el generador del progreso econ\u00f3mico del mundo"},"content":{"rendered":"<p>Autor: Rolando Mart\u00ednez Ag\u00fcero<\/p>\n<p>Fecha: 15 de agosto del 2022<\/p>\n<blockquote><p>\u201cPor muy rico que un individuo fuese en relaci\u00f3n con los dem\u00e1s, como la totalidad del mundo era pobre, la esfera de facilidades y comodidades que su riqueza pod\u00eda proporcionarle era muy reducida. La vida del hombre medio es hoy m\u00e1s f\u00e1cil, c\u00f3moda y segura que la del m\u00e1s poderoso en otro tiempo. \u00bfQu\u00e9 le importa no ser m\u00e1s rico que otros, si el mundo lo es y le proporciona magn\u00edficos caminos, ferrocarriles, tel\u00e9grafo, hoteles, seguridad corporal y aspirina?\u201d<\/p>\n<p>-Jos\u00e9 Ortega y Gasset<\/p><\/blockquote>\n<h3 style=\"text-align: justify;\">Introducci\u00f3n<\/h3>\n<p style=\"text-align: justify;\">Actualmente vivimos en un mundo mejor y m\u00e1s simple. A\u00fan hay pobreza, enfermedades y desnutrici\u00f3n, pero en el \u00faltimo siglo todos estos factores se han reducido bastante. Contrario al pesimismo que suele predominar en los medios de comunicaci\u00f3n, los seres humanos hoy gozan de beneficios y facilidades que hace cien a\u00f1os atr\u00e1s eran inimaginables. \u00bfQu\u00e9 ha pasado? \u00bfEn qu\u00e9 aspectos ha mejorado el mundo? \u00bfC\u00f3mo se ha producido este progreso humano?<\/p>\n<h3 style=\"text-align: justify;\">\u00bfEn qu\u00e9 aspectos ha mejorado el mundo?<\/h3>\n<p style=\"text-align: justify;\">De acuerdo con las estimaciones de las Naciones Unidas, actualmente las personas viven vidas m\u00e1s largas. En los \u00faltimos 70 a\u00f1os la esperanza de vida al nacer promedio del mundo pas\u00f3 de 47 a 73 a\u00f1os. Los dominicanos pasamos de 50 a 75 a\u00f1os.\u00a0 La tasa de mortalidad infantil en el mundo paso de 143 a 26 muertes por cada 1,000 ni\u00f1os nacidos vivos. Y en Rep\u00fablica Dominicana pasamos de 171 a 24 muertes por cada 1,000 ni\u00f1os nacidos vivos.<\/p>\n<p><img fetchpriority=\"high\" decoding=\"async\" class=\"aligncenter wp-image-23651\" src=\"https:\/\/crees.org.do\/wp-content\/uploads\/2022\/08\/1-Title.png\" alt=\"\" width=\"862\" height=\"560\" srcset=\"https:\/\/crees.org.do\/wp-content\/uploads\/2022\/08\/1-Title.png 1200w, https:\/\/crees.org.do\/wp-content\/uploads\/2022\/08\/1-Title-450x293.png 450w, https:\/\/crees.org.do\/wp-content\/uploads\/2022\/08\/1-Title-768x499.png 768w, https:\/\/crees.org.do\/wp-content\/uploads\/2022\/08\/1-Title-600x390.png 600w\" sizes=\"(max-width: 862px) 100vw, 862px\" \/><\/p>\n<p><img decoding=\"async\" class=\"wp-image-23652 aligncenter\" src=\"https:\/\/crees.org.do\/wp-content\/uploads\/2022\/08\/2-Title-copy-1.png\" alt=\"\" width=\"862\" height=\"560\" srcset=\"https:\/\/crees.org.do\/wp-content\/uploads\/2022\/08\/2-Title-copy-1.png 1200w, https:\/\/crees.org.do\/wp-content\/uploads\/2022\/08\/2-Title-copy-1-450x293.png 450w, https:\/\/crees.org.do\/wp-content\/uploads\/2022\/08\/2-Title-copy-1-768x499.png 768w, https:\/\/crees.org.do\/wp-content\/uploads\/2022\/08\/2-Title-copy-1-600x390.png 600w\" sizes=\"(max-width: 862px) 100vw, 862px\" \/><\/p>\n<p style=\"text-align: justify;\">Seg\u00fan los datos del Banco Mundial, en 1981 el 42.1% de la poblaci\u00f3n mundial viv\u00eda en la pobreza extrema. Desde entonces, la proporci\u00f3n de la poblaci\u00f3n extremadamente pobre ha disminuido a 8.7% en 2018 (el \u00faltimo dato disponible).<\/p>\n<p><img decoding=\"async\" class=\"wp-image-23653 aligncenter\" src=\"https:\/\/crees.org.do\/wp-content\/uploads\/2022\/08\/3-Title-copy-2.png\" alt=\"\" width=\"862\" height=\"560\" srcset=\"https:\/\/crees.org.do\/wp-content\/uploads\/2022\/08\/3-Title-copy-2.png 1200w, https:\/\/crees.org.do\/wp-content\/uploads\/2022\/08\/3-Title-copy-2-450x293.png 450w, https:\/\/crees.org.do\/wp-content\/uploads\/2022\/08\/3-Title-copy-2-768x499.png 768w, https:\/\/crees.org.do\/wp-content\/uploads\/2022\/08\/3-Title-copy-2-600x390.png 600w\" sizes=\"(max-width: 862px) 100vw, 862px\" \/><\/p>\n<p style=\"text-align: justify;\">La riqueza de las personas tambi\u00e9n ha aumentado, entre 1960 y el 2021 el ingreso per c\u00e1pita promedio mundial se ha incrementado tres veces su valor, al pasar de US$3,588.4 a US$11,057.4. En particular, el ingreso per c\u00e1pita de los dominicanos se ha incrementado seis veces, pasando de US$1,375.4 a US$8,536.7.<\/p>\n<p><img loading=\"lazy\" decoding=\"async\" class=\"wp-image-23654 aligncenter\" src=\"https:\/\/crees.org.do\/wp-content\/uploads\/2022\/08\/4-Title-copy-3.png\" alt=\"\" width=\"862\" height=\"560\" srcset=\"https:\/\/crees.org.do\/wp-content\/uploads\/2022\/08\/4-Title-copy-3.png 1200w, https:\/\/crees.org.do\/wp-content\/uploads\/2022\/08\/4-Title-copy-3-450x293.png 450w, https:\/\/crees.org.do\/wp-content\/uploads\/2022\/08\/4-Title-copy-3-768x499.png 768w, https:\/\/crees.org.do\/wp-content\/uploads\/2022\/08\/4-Title-copy-3-600x390.png 600w\" sizes=\"(max-width: 862px) 100vw, 862px\" \/><\/p>\n<p style=\"text-align: justify;\">Tambi\u00e9n, ha mejorado la alimentaci\u00f3n de las personas. Los datos muestran c\u00f3mo en solo diecis\u00e9is a\u00f1os la proporci\u00f3n de la poblaci\u00f3n que tiene una ingesta cal\u00f3rica que es insuficiente para cumplir con los requisitos m\u00ednimos de energ\u00eda necesarios para un individuo en el mundo ha pasado de 13.4% a 8.8%. En particular, la proporci\u00f3n de personas que est\u00e1n desnutridas en Rep\u00fablica Dominicana en este mismo periodo de 20.6% a 6.0%.<\/p>\n<p><img loading=\"lazy\" decoding=\"async\" class=\"wp-image-23655 aligncenter\" src=\"https:\/\/crees.org.do\/wp-content\/uploads\/2022\/08\/5-Title-copy-4.png\" alt=\"\" width=\"862\" height=\"560\" srcset=\"https:\/\/crees.org.do\/wp-content\/uploads\/2022\/08\/5-Title-copy-4.png 1200w, https:\/\/crees.org.do\/wp-content\/uploads\/2022\/08\/5-Title-copy-4-450x293.png 450w, https:\/\/crees.org.do\/wp-content\/uploads\/2022\/08\/5-Title-copy-4-768x499.png 768w, https:\/\/crees.org.do\/wp-content\/uploads\/2022\/08\/5-Title-copy-4-600x390.png 600w\" sizes=\"(max-width: 862px) 100vw, 862px\" \/><\/p>\n<h3>\u00bfPor qu\u00e9 ha mejorado el mundo?<\/h3>\n<p style=\"text-align: justify;\">Peter Bauer, un economista que aport\u00f3 bastante a la econom\u00eda del desarrollo, consideraba que el progreso econ\u00f3mico (basado en su experiencia de estudio e investigaci\u00f3n en Malaya y \u00c1frica occidental) \u201cno fue el resultado de la conscripci\u00f3n de personas o la movilizaci\u00f3n forzada de sus recursos. Tampoco fue el resultado de una modernizaci\u00f3n forzada de actitudes y comportamientos, ni de una industrializaci\u00f3n a gran escala patrocinada por el estado, ni de ninguna otra forma de gran impulso. [\u2026] No fue el resultado de esfuerzos conscientes en la construcci\u00f3n de la naci\u00f3n \u2026 o de la adopci\u00f3n por parte de los gobiernos del desarrollo econ\u00f3mico como un objetivo o compromiso pol\u00edtico formal. Lo que sucedi\u00f3 fue, en gran medida, el resultado de las respuestas voluntarias individuales de millones de personas a oportunidades que surg\u00edan o se ampliaban mayormente gracias a los contactos externos y que se volv\u00edan visibles para las personas de diversas maneras, en especial a trav\u00e9s del mercado. Estos desarrollos fueron posibles gracias a un gobierno firme pero limitado, sin grandes gastos de fondos p\u00fablicos y sin recibir grandes subsidios externos\u201d (Bauer, 1984)<a href=\"#_ftn1\" name=\"_ftnref1\">[1]<\/a>.<\/p>\n<p style=\"text-align: justify;\">Seg\u00fan Bauer, el logro econ\u00f3mico depende de las aptitudes y actitudes de las personas, en su disposici\u00f3n para producir para el mercado; y de pol\u00edticas gubernamentales apropiadas, que favorecieran la inversi\u00f3n privada y que incentivaran a las personas a tomar un punto de vista a largo plazo. Es decir, que el desarrollo econ\u00f3mico que se logr\u00f3 en el pasado, el que puede lograr en el presente y el que se lograr\u00e1 en el futuro depende de las iniciativas emprendedoras de las personas; y de que tan f\u00e1cil sea para alguien emprender.<\/p>\n<p style=\"text-align: justify;\">Compartiendo un punto de vista liberal y pro-mercado -pero con una visi\u00f3n m\u00e1s reciente del mundo- est\u00e1 la economista e historiadora Deirdre McCloskey, quien opina que \u201c\u2026hemos llegado hasta aqu\u00ed no por los gobiernos o quit\u00e1ndole dinero a los ricos, sino a trav\u00e9s del innovismo que empuja a millones de personas normales y corrientes a aventurarse en un nuevo trabajo o en una nueva empresa\u201d<a href=\"#_ftn2\" name=\"_ftnref2\">[2]<\/a>. McCloskey, entiende que la raz\u00f3n del enriquecimiento del mundo se resume en una palabra: \u201clibertad\u201d.<\/p>\n<p style=\"text-align: justify;\">El mundo ha mejorado debido a las ideas innovadoras de personas que han tenido la libertad de probarlas. Es decir, personas que lograron desarrollar su talento en ambientes donde se apoya la cooperaci\u00f3n y la libertad econ\u00f3mica. Si bien es cierto que no hay una receta o un truco m\u00e1gico para lograr el desarrollo de los pa\u00edses, s\u00ed existen elementos en com\u00fan en el proceso desarrollo de muchos de ellos: el estado de derecho, con un marco regulatorio que limita el poder de los gobernantes y con un sistema legal que brinda seguridad; la libertad econ\u00f3mica; la libertad individual; y la apertura al mundo o globalizaci\u00f3n.<\/p>\n<p style=\"text-align: justify;\">Ha sido el sector productivo y privado, no la pol\u00edtica social o la ayuda del gobierno que ha ayudado a los pobres. Tal y como dijo Thomas Sowell: \u201cFue Thomas Edison quien nos trajo la electricidad, no el Sierra Club. Fueron los hermanos Wright quienes nos ayudaron a despegar, no la Administraci\u00f3n Federal de Aviaci\u00f3n. Fue Henry Ford quien puso fin al aislamiento de millones de estadounidenses al hacer asequible el autom\u00f3vil, no Ralph Nader. Los que m\u00e1s han ayudado a los pobres no han sido los que han ido por ah\u00ed expresando a gritos \u201ccompasi\u00f3n\u201d por los pobres, sino los que encontraron formas de hacer m\u00e1s productiva la industria y m\u00e1s eficiente la distribuci\u00f3n, para que los pobres de hoy puedan comprar cosas que los ricos de ayer solo pod\u00edan so\u00f1ar\u201d<a href=\"#_ftn3\" name=\"_ftnref3\">[3]<\/a>.<\/p>\n<p style=\"text-align: justify;\">Gracias al intercambio libre, voluntario y pac\u00edfico de bienes y servicios los seres humanos hemos logrado avanzar materialmente. Gracias al <em>innovismo<\/em> del hombre contamos con productos que salvan vidas, con bienes y servicios que nos permiten movilizarnos y mantenernos comunicados, con recursos que simplifican nuestras vidas, entre otros. El desarrollo del talento de muchas personas se ha convertido en un creador de bienestar, proporcionando m\u00e1s y mejores fuentes empleo, mejorando la capacidad de generar ingresos de las personas y reduciendo la pobreza.<\/p>\n<h3 style=\"text-align: justify;\"><strong>Conclusi\u00f3n <\/strong><\/h3>\n<p style=\"text-align: justify;\">El progreso econ\u00f3mico y social del mundo es real y los datos lo confirman. La evidencia, no solo muestra los mucho que hemos logrado sino tambi\u00e9n lo prometedor que es el futuro. Sin embargo, hay que tener claro qui\u00e9nes han sido los protagonistas de ese progreso humano. Hay que reconocer el papel que ha tenido la iniciativa privada y productiva de hombres y mujeres que en su proceso de acumulaci\u00f3n de riqueza han beneficiado a muchos. Adem\u00e1s de reconocerlo hay que apoyarlo e incentivarlo. La principal forma de hacer esto es creando las condiciones para que se produzca un ambiente que incentive la inversi\u00f3n e innovaci\u00f3n. Es importante aclarar que no se trata de otorgar subsidios, sino de mejorar la calidad institucional, para as\u00ed mejorar las condiciones del mercado en general para todos.<\/p>\n<p style=\"text-align: justify;\">En el caso de Rep\u00fablica Dominicana, dentro de toda una agenda de reformas que a\u00fan est\u00e1n pendientes, las relacionadas con el c\u00f3digo de trabajo y el c\u00f3digo tributario, brindan la oportunidad de mejorar los fundamentos del mercado y promover la creaci\u00f3n de empleo formal productivo y la generaci\u00f3n de riqueza. De igual forma, a\u00fan queda mucho que avanzar en t\u00e9rminos de la igualdad ante la ley, el cumplimiento de contratos y la separaci\u00f3n de los poderes del Estado.<\/p>\n<p style=\"text-align: justify;\">Si hasta la actualidad el desarrollo econ\u00f3mico y social en todo el mundo ha requerido que las personas tengan la libertad de aprovechar su talento para desarrollar iniciativas innovadoras para generar bienestar, \u00bfPor qu\u00e9 no dejar de ver al emprendedor o empresario exitoso como el villano si este es el h\u00e9roe? \u00bfPor qu\u00e9 no celebrar el \u00e9xito? \u00bfPor qu\u00e9 en lugar de imponer trabas y castigar el \u00e9xito, no se crean las condiciones para que se produzca m\u00e1s?<\/p>\n<p>&nbsp;<\/p>\n<p style=\"text-align: justify;\"><a href=\"#_ftnref1\" name=\"_ftn1\">[1]<\/a> Bauer, P. (1984). Remembrance of Studies Past: Retracting First Steps. En e. G. Seers, Pioneers in Development (p\u00e1g. 30). New York: Oxford University Press.<\/p>\n<p><a href=\"#_ftnref2\" name=\"_ftn2\">[2]<\/a> Hern\u00e1ndez Velasco, I. (2019, 30 enero). Deirdre McCloskey: \u00abLas mejoras comerciales han salvado a los desdichados de la tierra y continuar\u00e1n haci\u00e9ndolo si no lo estropeamos con fantas\u00edas sobre el socialismo\u00bb. BBC Mundo. Recuperado 1 de diciembre de 2021, de https:\/\/www.bbc.com\/mundo\/noticias-46807454.<\/p>\n<p><a href=\"#_ftnref3\" name=\"_ftn3\"><strong>[3]<\/strong><\/a> Sowell, T. (2011). The Real Public Service. New York: Basic Books.<\/p>\n<div class=\"pvc_clear\"><\/div>\n<p class=\"pvc_stats all \" data-element-id=\"23650\" style=\"\"><i class=\"pvc-stats-icon medium\" aria-hidden=\"true\"><svg aria-hidden=\"true\" focusable=\"false\" data-prefix=\"far\" data-icon=\"chart-bar\" role=\"img\" xmlns=\"http:\/\/www.w3.org\/2000\/svg\" viewBox=\"0 0 512 512\" class=\"svg-inline--fa fa-chart-bar fa-w-16 fa-2x\"><path fill=\"currentColor\" d=\"M396.8 352h22.4c6.4 0 12.8-6.4 12.8-12.8V108.8c0-6.4-6.4-12.8-12.8-12.8h-22.4c-6.4 0-12.8 6.4-12.8 12.8v230.4c0 6.4 6.4 12.8 12.8 12.8zm-192 0h22.4c6.4 0 12.8-6.4 12.8-12.8V140.8c0-6.4-6.4-12.8-12.8-12.8h-22.4c-6.4 0-12.8 6.4-12.8 12.8v198.4c0 6.4 6.4 12.8 12.8 12.8zm96 0h22.4c6.4 0 12.8-6.4 12.8-12.8V204.8c0-6.4-6.4-12.8-12.8-12.8h-22.4c-6.4 0-12.8 6.4-12.8 12.8v134.4c0 6.4 6.4 12.8 12.8 12.8zM496 400H48V80c0-8.84-7.16-16-16-16H16C7.16 64 0 71.16 0 80v336c0 17.67 14.33 32 32 32h464c8.84 0 16-7.16 16-16v-16c0-8.84-7.16-16-16-16zm-387.2-48h22.4c6.4 0 12.8-6.4 12.8-12.8v-70.4c0-6.4-6.4-12.8-12.8-12.8h-22.4c-6.4 0-12.8 6.4-12.8 12.8v70.4c0 6.4 6.4 12.8 12.8 12.8z\" class=\"\"><\/path><\/svg><\/i> Vistas Totales&nbsp;1,386&nbsp;, Vistas Hoy&nbsp;2&nbsp;<\/p>\n<div class=\"pvc_clear\"><\/div>\n","protected":false},"excerpt":{"rendered":"<p>Autor: Rolando Mart\u00ednez Ag\u00fcero Fecha: 15 de agosto del 2022 \u201cPor muy rico que un individuo fuese en relaci\u00f3n con los dem\u00e1s, como la totalidad del mundo era pobre, la esfera de facilidades y comodidades que su riqueza pod\u00eda proporcionarle era muy reducida. La vida del hombre medio es hoy m\u00e1s f\u00e1cil, c\u00f3moda y segura&#8230;<\/p>\n<div class=\"pvc_clear\"><\/div>\n<p class=\"pvc_stats all \" data-element-id=\"23650\" style=\"\"><i class=\"pvc-stats-icon medium\" aria-hidden=\"true\"><svg aria-hidden=\"true\" focusable=\"false\" data-prefix=\"far\" data-icon=\"chart-bar\" role=\"img\" xmlns=\"http:\/\/www.w3.org\/2000\/svg\" viewBox=\"0 0 512 512\" class=\"svg-inline--fa fa-chart-bar fa-w-16 fa-2x\"><path fill=\"currentColor\" d=\"M396.8 352h22.4c6.4 0 12.8-6.4 12.8-12.8V108.8c0-6.4-6.4-12.8-12.8-12.8h-22.4c-6.4 0-12.8 6.4-12.8 12.8v230.4c0 6.4 6.4 12.8 12.8 12.8zm-192 0h22.4c6.4 0 12.8-6.4 12.8-12.8V140.8c0-6.4-6.4-12.8-12.8-12.8h-22.4c-6.4 0-12.8 6.4-12.8 12.8v198.4c0 6.4 6.4 12.8 12.8 12.8zm96 0h22.4c6.4 0 12.8-6.4 12.8-12.8V204.8c0-6.4-6.4-12.8-12.8-12.8h-22.4c-6.4 0-12.8 6.4-12.8 12.8v134.4c0 6.4 6.4 12.8 12.8 12.8zM496 400H48V80c0-8.84-7.16-16-16-16H16C7.16 64 0 71.16 0 80v336c0 17.67 14.33 32 32 32h464c8.84 0 16-7.16 16-16v-16c0-8.84-7.16-16-16-16zm-387.2-48h22.4c6.4 0 12.8-6.4 12.8-12.8v-70.4c0-6.4-6.4-12.8-12.8-12.8h-22.4c-6.4 0-12.8 6.4-12.8 12.8v70.4c0 6.4 6.4 12.8 12.8 12.8z\" class=\"\"><\/path><\/svg><\/i> Vistas Totales&nbsp;1,386&nbsp;, Vistas Hoy&nbsp;2&nbsp;<\/p>\n<div class=\"pvc_clear\"><\/div>\n","protected":false},"author":2,"featured_media":23657,"comment_status":"closed","ping_status":"closed","sticky":false,"template":"","format":"standard","meta":{"footnotes":""},"categories":[22],"tags":[],"class_list":["post-23650","post","type-post","status-publish","format-standard","has-post-thumbnail","hentry","category-articulos"],"yoast_head":"<!-- This site is optimized with the Yoast SEO plugin v25.2 - https:\/\/yoast.com\/wordpress\/plugins\/seo\/ -->\n<title>El sector productivo y privado es el generador del progreso econ\u00f3mico del mundo | CREES<\/title>\n<meta name=\"robots\" content=\"index, follow, max-snippet:-1, max-image-preview:large, max-video-preview:-1\" \/>\n<link rel=\"canonical\" href=\"https:\/\/crees.org.do\/?p=23650\" \/>\n<meta property=\"og:locale\" content=\"es_ES\" \/>\n<meta property=\"og:type\" content=\"article\" \/>\n<meta property=\"og:title\" content=\"El sector productivo y privado es el generador del progreso econ\u00f3mico del mundo | CREES\" \/>\n<meta property=\"og:description\" content=\"Autor: Rolando Mart\u00ednez Ag\u00fcero Fecha: 15 de agosto del 2022 \u201cPor muy rico que un individuo fuese en relaci\u00f3n con los dem\u00e1s, como la totalidad del mundo era pobre, la esfera de facilidades y comodidades que su riqueza pod\u00eda proporcionarle era muy reducida. La vida del hombre medio es hoy m\u00e1s f\u00e1cil, c\u00f3moda y segura...\" \/>\n<meta property=\"og:url\" content=\"https:\/\/crees.org.do\/?p=23650\" \/>\n<meta property=\"og:site_name\" content=\"CREES\" \/>\n<meta property=\"article:publisher\" content=\"https:\/\/www.facebook.com\/CREESRD\/\" \/>\n<meta property=\"article:published_time\" content=\"2022-08-15T13:04:32+00:00\" \/>\n<meta property=\"article:modified_time\" content=\"2022-09-05T13:51:11+00:00\" \/>\n<meta property=\"og:image\" content=\"https:\/\/crees.org.do\/wp-content\/uploads\/2022\/08\/Untitled-21.png\" \/>\n\t<meta property=\"og:image:width\" content=\"1200\" \/>\n\t<meta property=\"og:image:height\" content=\"780\" \/>\n\t<meta property=\"og:image:type\" content=\"image\/png\" \/>\n<meta name=\"author\" content=\"Crees\" \/>\n<meta name=\"twitter:card\" content=\"summary_large_image\" \/>\n<meta name=\"twitter:creator\" content=\"@CREESRD\" \/>\n<meta name=\"twitter:site\" content=\"@CREESRD\" \/>\n<meta name=\"twitter:label1\" content=\"Escrito por\" \/>\n\t<meta name=\"twitter:data1\" content=\"Crees\" \/>\n\t<meta name=\"twitter:label2\" content=\"Tiempo de lectura\" \/>\n\t<meta name=\"twitter:data2\" content=\"8 minutos\" \/>\n<script type=\"application\/ld+json\" class=\"yoast-schema-graph\">{\"@context\":\"https:\/\/schema.org\",\"@graph\":[{\"@type\":\"Article\",\"@id\":\"https:\/\/crees.org.do\/?p=23650#article\",\"isPartOf\":{\"@id\":\"https:\/\/crees.org.do\/?p=23650\"},\"author\":{\"name\":\"Crees\",\"@id\":\"https:\/\/crees.org.do\/#\/schema\/person\/e7f97cd94d7bf9cd0e0ce30acb7d56b8\"},\"headline\":\"El sector productivo y privado es el generador del progreso econ\u00f3mico del mundo\",\"datePublished\":\"2022-08-15T13:04:32+00:00\",\"dateModified\":\"2022-09-05T13:51:11+00:00\",\"mainEntityOfPage\":{\"@id\":\"https:\/\/crees.org.do\/?p=23650\"},\"wordCount\":1567,\"publisher\":{\"@id\":\"https:\/\/crees.org.do\/#organization\"},\"image\":{\"@id\":\"https:\/\/crees.org.do\/?p=23650#primaryimage\"},\"thumbnailUrl\":\"https:\/\/crees.org.do\/wp-content\/uploads\/2022\/08\/Untitled-21.png\",\"articleSection\":[\"Art\u00edculos\"],\"inLanguage\":\"es\"},{\"@type\":\"WebPage\",\"@id\":\"https:\/\/crees.org.do\/?p=23650\",\"url\":\"https:\/\/crees.org.do\/?p=23650\",\"name\":\"El sector productivo y privado es el generador del progreso econ\u00f3mico del mundo | CREES\",\"isPartOf\":{\"@id\":\"https:\/\/crees.org.do\/#website\"},\"primaryImageOfPage\":{\"@id\":\"https:\/\/crees.org.do\/?p=23650#primaryimage\"},\"image\":{\"@id\":\"https:\/\/crees.org.do\/?p=23650#primaryimage\"},\"thumbnailUrl\":\"https:\/\/crees.org.do\/wp-content\/uploads\/2022\/08\/Untitled-21.png\",\"datePublished\":\"2022-08-15T13:04:32+00:00\",\"dateModified\":\"2022-09-05T13:51:11+00:00\",\"breadcrumb\":{\"@id\":\"https:\/\/crees.org.do\/?p=23650#breadcrumb\"},\"inLanguage\":\"es\",\"potentialAction\":[{\"@type\":\"ReadAction\",\"target\":[\"https:\/\/crees.org.do\/?p=23650\"]}]},{\"@type\":\"ImageObject\",\"inLanguage\":\"es\",\"@id\":\"https:\/\/crees.org.do\/?p=23650#primaryimage\",\"url\":\"https:\/\/crees.org.do\/wp-content\/uploads\/2022\/08\/Untitled-21.png\",\"contentUrl\":\"https:\/\/crees.org.do\/wp-content\/uploads\/2022\/08\/Untitled-21.png\",\"width\":1200,\"height\":780},{\"@type\":\"BreadcrumbList\",\"@id\":\"https:\/\/crees.org.do\/?p=23650#breadcrumb\",\"itemListElement\":[{\"@type\":\"ListItem\",\"position\":1,\"name\":\"Portada\",\"item\":\"https:\/\/crees.org.do\/\"},{\"@type\":\"ListItem\",\"position\":2,\"name\":\"El sector productivo y privado es el generador del progreso econ\u00f3mico del mundo\"}]},{\"@type\":\"WebSite\",\"@id\":\"https:\/\/crees.org.do\/#website\",\"url\":\"https:\/\/crees.org.do\/\",\"name\":\"CREES\",\"description\":\"Centro Regional de Estrategias Econ\u00f3micas Sostenibles\",\"publisher\":{\"@id\":\"https:\/\/crees.org.do\/#organization\"},\"potentialAction\":[{\"@type\":\"SearchAction\",\"target\":{\"@type\":\"EntryPoint\",\"urlTemplate\":\"https:\/\/crees.org.do\/?s={search_term_string}\"},\"query-input\":{\"@type\":\"PropertyValueSpecification\",\"valueRequired\":true,\"valueName\":\"search_term_string\"}}],\"inLanguage\":\"es\"},{\"@type\":\"Organization\",\"@id\":\"https:\/\/crees.org.do\/#organization\",\"name\":\"CREES | Centro Regional de Estrategias Econ\u00f3micas Sostenibles\",\"url\":\"https:\/\/crees.org.do\/\",\"logo\":{\"@type\":\"ImageObject\",\"inLanguage\":\"es\",\"@id\":\"https:\/\/crees.org.do\/#\/schema\/logo\/image\/\",\"url\":\"https:\/\/crees.org.do\/wp-content\/uploads\/2022\/03\/crees-logo-1.jpg\",\"contentUrl\":\"https:\/\/crees.org.do\/wp-content\/uploads\/2022\/03\/crees-logo-1.jpg\",\"width\":244,\"height\":71,\"caption\":\"CREES | Centro Regional de Estrategias Econ\u00f3micas Sostenibles\"},\"image\":{\"@id\":\"https:\/\/crees.org.do\/#\/schema\/logo\/image\/\"},\"sameAs\":[\"https:\/\/www.facebook.com\/CREESRD\/\",\"https:\/\/x.com\/CREESRD\"]},{\"@type\":\"Person\",\"@id\":\"https:\/\/crees.org.do\/#\/schema\/person\/e7f97cd94d7bf9cd0e0ce30acb7d56b8\",\"name\":\"Crees\",\"image\":{\"@type\":\"ImageObject\",\"inLanguage\":\"es\",\"@id\":\"https:\/\/crees.org.do\/#\/schema\/person\/image\/\",\"url\":\"https:\/\/secure.gravatar.com\/avatar\/390ac8f0be5d9aa046152553e2dd7011b59a512d89c150f5e5f28bb8d9a0b165?s=96&d=mm&r=g\",\"contentUrl\":\"https:\/\/secure.gravatar.com\/avatar\/390ac8f0be5d9aa046152553e2dd7011b59a512d89c150f5e5f28bb8d9a0b165?s=96&d=mm&r=g\",\"caption\":\"Crees\"},\"url\":\"https:\/\/crees.org.do\/?author=2\"}]}<\/script>\n<!-- \/ Yoast SEO plugin. -->","yoast_head_json":{"title":"El sector productivo y privado es el generador del progreso econ\u00f3mico del mundo | CREES","robots":{"index":"index","follow":"follow","max-snippet":"max-snippet:-1","max-image-preview":"max-image-preview:large","max-video-preview":"max-video-preview:-1"},"canonical":"https:\/\/crees.org.do\/?p=23650","og_locale":"es_ES","og_type":"article","og_title":"El sector productivo y privado es el generador del progreso econ\u00f3mico del mundo | CREES","og_description":"Autor: Rolando Mart\u00ednez Ag\u00fcero Fecha: 15 de agosto del 2022 \u201cPor muy rico que un individuo fuese en relaci\u00f3n con los dem\u00e1s, como la totalidad del mundo era pobre, la esfera de facilidades y comodidades que su riqueza pod\u00eda proporcionarle era muy reducida. La vida del hombre medio es hoy m\u00e1s f\u00e1cil, c\u00f3moda y segura...","og_url":"https:\/\/crees.org.do\/?p=23650","og_site_name":"CREES","article_publisher":"https:\/\/www.facebook.com\/CREESRD\/","article_published_time":"2022-08-15T13:04:32+00:00","article_modified_time":"2022-09-05T13:51:11+00:00","og_image":[{"width":1200,"height":780,"url":"https:\/\/crees.org.do\/wp-content\/uploads\/2022\/08\/Untitled-21.png","type":"image\/png"}],"author":"Crees","twitter_card":"summary_large_image","twitter_creator":"@CREESRD","twitter_site":"@CREESRD","twitter_misc":{"Escrito por":"Crees","Tiempo de lectura":"8 minutos"},"schema":{"@context":"https:\/\/schema.org","@graph":[{"@type":"Article","@id":"https:\/\/crees.org.do\/?p=23650#article","isPartOf":{"@id":"https:\/\/crees.org.do\/?p=23650"},"author":{"name":"Crees","@id":"https:\/\/crees.org.do\/#\/schema\/person\/e7f97cd94d7bf9cd0e0ce30acb7d56b8"},"headline":"El sector productivo y privado es el generador del progreso econ\u00f3mico del mundo","datePublished":"2022-08-15T13:04:32+00:00","dateModified":"2022-09-05T13:51:11+00:00","mainEntityOfPage":{"@id":"https:\/\/crees.org.do\/?p=23650"},"wordCount":1567,"publisher":{"@id":"https:\/\/crees.org.do\/#organization"},"image":{"@id":"https:\/\/crees.org.do\/?p=23650#primaryimage"},"thumbnailUrl":"https:\/\/crees.org.do\/wp-content\/uploads\/2022\/08\/Untitled-21.png","articleSection":["Art\u00edculos"],"inLanguage":"es"},{"@type":"WebPage","@id":"https:\/\/crees.org.do\/?p=23650","url":"https:\/\/crees.org.do\/?p=23650","name":"El sector productivo y privado es el generador del progreso econ\u00f3mico del mundo | CREES","isPartOf":{"@id":"https:\/\/crees.org.do\/#website"},"primaryImageOfPage":{"@id":"https:\/\/crees.org.do\/?p=23650#primaryimage"},"image":{"@id":"https:\/\/crees.org.do\/?p=23650#primaryimage"},"thumbnailUrl":"https:\/\/crees.org.do\/wp-content\/uploads\/2022\/08\/Untitled-21.png","datePublished":"2022-08-15T13:04:32+00:00","dateModified":"2022-09-05T13:51:11+00:00","breadcrumb":{"@id":"https:\/\/crees.org.do\/?p=23650#breadcrumb"},"inLanguage":"es","potentialAction":[{"@type":"ReadAction","target":["https:\/\/crees.org.do\/?p=23650"]}]},{"@type":"ImageObject","inLanguage":"es","@id":"https:\/\/crees.org.do\/?p=23650#primaryimage","url":"https:\/\/crees.org.do\/wp-content\/uploads\/2022\/08\/Untitled-21.png","contentUrl":"https:\/\/crees.org.do\/wp-content\/uploads\/2022\/08\/Untitled-21.png","width":1200,"height":780},{"@type":"BreadcrumbList","@id":"https:\/\/crees.org.do\/?p=23650#breadcrumb","itemListElement":[{"@type":"ListItem","position":1,"name":"Portada","item":"https:\/\/crees.org.do\/"},{"@type":"ListItem","position":2,"name":"El sector productivo y privado es el generador del progreso econ\u00f3mico del mundo"}]},{"@type":"WebSite","@id":"https:\/\/crees.org.do\/#website","url":"https:\/\/crees.org.do\/","name":"CREES","description":"Centro Regional de Estrategias Econ\u00f3micas Sostenibles","publisher":{"@id":"https:\/\/crees.org.do\/#organization"},"potentialAction":[{"@type":"SearchAction","target":{"@type":"EntryPoint","urlTemplate":"https:\/\/crees.org.do\/?s={search_term_string}"},"query-input":{"@type":"PropertyValueSpecification","valueRequired":true,"valueName":"search_term_string"}}],"inLanguage":"es"},{"@type":"Organization","@id":"https:\/\/crees.org.do\/#organization","name":"CREES | Centro Regional de Estrategias Econ\u00f3micas Sostenibles","url":"https:\/\/crees.org.do\/","logo":{"@type":"ImageObject","inLanguage":"es","@id":"https:\/\/crees.org.do\/#\/schema\/logo\/image\/","url":"https:\/\/crees.org.do\/wp-content\/uploads\/2022\/03\/crees-logo-1.jpg","contentUrl":"https:\/\/crees.org.do\/wp-content\/uploads\/2022\/03\/crees-logo-1.jpg","width":244,"height":71,"caption":"CREES | Centro Regional de Estrategias Econ\u00f3micas Sostenibles"},"image":{"@id":"https:\/\/crees.org.do\/#\/schema\/logo\/image\/"},"sameAs":["https:\/\/www.facebook.com\/CREESRD\/","https:\/\/x.com\/CREESRD"]},{"@type":"Person","@id":"https:\/\/crees.org.do\/#\/schema\/person\/e7f97cd94d7bf9cd0e0ce30acb7d56b8","name":"Crees","image":{"@type":"ImageObject","inLanguage":"es","@id":"https:\/\/crees.org.do\/#\/schema\/person\/image\/","url":"https:\/\/secure.gravatar.com\/avatar\/390ac8f0be5d9aa046152553e2dd7011b59a512d89c150f5e5f28bb8d9a0b165?s=96&d=mm&r=g","contentUrl":"https:\/\/secure.gravatar.com\/avatar\/390ac8f0be5d9aa046152553e2dd7011b59a512d89c150f5e5f28bb8d9a0b165?s=96&d=mm&r=g","caption":"Crees"},"url":"https:\/\/crees.org.do\/?author=2"}]}},"_links":{"self":[{"href":"https:\/\/crees.org.do\/index.php?rest_route=\/wp\/v2\/posts\/23650","targetHints":{"allow":["GET"]}}],"collection":[{"href":"https:\/\/crees.org.do\/index.php?rest_route=\/wp\/v2\/posts"}],"about":[{"href":"https:\/\/crees.org.do\/index.php?rest_route=\/wp\/v2\/types\/post"}],"author":[{"embeddable":true,"href":"https:\/\/crees.org.do\/index.php?rest_route=\/wp\/v2\/users\/2"}],"replies":[{"embeddable":true,"href":"https:\/\/crees.org.do\/index.php?rest_route=%2Fwp%2Fv2%2Fcomments&post=23650"}],"version-history":[{"count":4,"href":"https:\/\/crees.org.do\/index.php?rest_route=\/wp\/v2\/posts\/23650\/revisions"}],"predecessor-version":[{"id":23811,"href":"https:\/\/crees.org.do\/index.php?rest_route=\/wp\/v2\/posts\/23650\/revisions\/23811"}],"wp:featuredmedia":[{"embeddable":true,"href":"https:\/\/crees.org.do\/index.php?rest_route=\/wp\/v2\/media\/23657"}],"wp:attachment":[{"href":"https:\/\/crees.org.do\/index.php?rest_route=%2Fwp%2Fv2%2Fmedia&parent=23650"}],"wp:term":[{"taxonomy":"category","embeddable":true,"href":"https:\/\/crees.org.do\/index.php?rest_route=%2Fwp%2Fv2%2Fcategories&post=23650"},{"taxonomy":"post_tag","embeddable":true,"href":"https:\/\/crees.org.do\/index.php?rest_route=%2Fwp%2Fv2%2Ftags&post=23650"}],"curies":[{"name":"wp","href":"https:\/\/api.w.org\/{rel}","templated":true}]}}