{"id":23675,"date":"2022-08-17T12:56:44","date_gmt":"2022-08-17T12:56:44","guid":{"rendered":"https:\/\/crees.org.do\/?p=23675"},"modified":"2022-08-17T12:56:44","modified_gmt":"2022-08-17T12:56:44","slug":"deuda-publica-consolidada-aumento-us7716-6-millones","status":"publish","type":"post","link":"https:\/\/crees.org.do\/?p=23675","title":{"rendered":"Deuda p\u00fablica consolidada aument\u00f3 US$7,716.6 millones"},"content":{"rendered":"<p>Autor: Ubaldo Guzm\u00e1n Molina<\/p>\n<p>Fecha: 12 de agosto del 2022<\/p>\n<p>Extra\u00eddo de:<a href=\"https:\/\/hoy.com.do\/deuda-publica-consolidada-aumento-us7716-6-millones\/\">\u00a0Peri\u00f3dico Hoy\u00a0<\/a><\/p>\n<p style=\"text-align: justify;\">La\u00a0<strong>deuda p\u00fablica<\/strong>\u00a0consolidada del pa\u00eds, incluyendo la intergubernamental, creci\u00f3 US$7,716.7 millones en el primer semestre de este a\u00f1o, para\u00a0<strong>un incremento de 11.1%<\/strong>, pues pas\u00f3 de US$62,036.8 millones en diciembre del 2021 a US$69,753.5 millones.<\/p>\n<p style=\"text-align: justify;\">De ese monto, US$51,804.4 millones corresponden a la deuda del sector p\u00fablico no financiero (SPNF) y los restantes US$17,949.1 millones a los pasivos del Banco Central, dijo el Centro Regional de Estrategias Econ\u00f3micas Sostenibles (CREES), bas\u00e1ndose en los datos de la Direcci\u00f3n General de Cr\u00e9dito P\u00fablico y el Banco Central.<\/p>\n<p style=\"text-align: justify;\">Como porcentaje del producto interno bruto (PIB),\u00a0<strong>la deuda del SPNF represent\u00f3 un 47.5%<\/strong>\u00a0y la del Banco Central un 16.5%, ubicando la deuda p\u00fablica consolidada en 64% del PIB a junio.<\/p>\n<p style=\"text-align: justify;\"><strong>Puede leer:\u00a0<a href=\"https:\/\/hoy.com.do\/banco-central-incrementa-tasa-de-politica-monetaria-a-6-50-anual\/\">Banco Central incrementa tasa de pol\u00edtica monetaria a 6.50% anual<\/a><\/strong><\/p>\n<h4 id=\"h-remesas-sobrepasaron-los-5-600-millones-de-dolares-en-7-meses\" style=\"text-align: justify;\">Remesas sobrepasaron los 5,600 millones de d\u00f3lares en 7 meses<\/h4>\n<p style=\"text-align: justify;\">Por otro lado, el\u00a0<a href=\"https:\/\/www.bancentral.gov.do\/\">Banco Central de la Rep\u00fablica Dominicana (BCRD)<\/a>\u00a0informa que, entre los meses de enero y julio de 2022, las remesas recibidas lograron una cifra de US$5,669.7 millones.<\/p>\n<p style=\"text-align: justify;\">Asimismo, destaca que este monto supera en US$1,572.0 millones a las remesas recibidas en los primeros siete meses de 2019, per\u00edodo anterior al inicio de la pandemia del\u00a0<strong>COVID\u201119<\/strong>, y en el que en Estados Unidos no se ten\u00edan a\u00fan los esquemas de ayuda que fueron implementados luego de marzo de 2020 y que finalizaron en septiembre de 2021, raz\u00f3n por la cual, al comparar los flujos recibidos a julio de 2022 con los del mismo per\u00edodo de 2021, se observa una reducci\u00f3n de unos US$490 millones.<\/p>\n<p style=\"text-align: justify;\">El BCRD a\u00f1ade que en el mes de julio de 2022 las remesas sumaron US$808.6 millones. Estas cifras reafirman el establecimiento de un nuevo nivel de\u00a0<strong>flujos\u00a0<\/strong>de remesas mensuales en torno a los US$800.0 millones.<\/p>\n<p style=\"text-align: justify;\">En ese sentido, al comparar este monto de julio de 2022 con el valor promediado en el mismo mes para el per\u00edodo previo a la\u00a0<strong>pandemia\u00a0<\/strong>de 2015-2019, que fue de US$533.1 millones, se observa un aumento importante.<\/p>\n<div class=\"pvc_clear\"><\/div>\n<p class=\"pvc_stats all \" data-element-id=\"23675\" style=\"\"><i class=\"pvc-stats-icon medium\" aria-hidden=\"true\"><svg aria-hidden=\"true\" focusable=\"false\" data-prefix=\"far\" data-icon=\"chart-bar\" role=\"img\" xmlns=\"http:\/\/www.w3.org\/2000\/svg\" viewBox=\"0 0 512 512\" class=\"svg-inline--fa fa-chart-bar fa-w-16 fa-2x\"><path fill=\"currentColor\" d=\"M396.8 352h22.4c6.4 0 12.8-6.4 12.8-12.8V108.8c0-6.4-6.4-12.8-12.8-12.8h-22.4c-6.4 0-12.8 6.4-12.8 12.8v230.4c0 6.4 6.4 12.8 12.8 12.8zm-192 0h22.4c6.4 0 12.8-6.4 12.8-12.8V140.8c0-6.4-6.4-12.8-12.8-12.8h-22.4c-6.4 0-12.8 6.4-12.8 12.8v198.4c0 6.4 6.4 12.8 12.8 12.8zm96 0h22.4c6.4 0 12.8-6.4 12.8-12.8V204.8c0-6.4-6.4-12.8-12.8-12.8h-22.4c-6.4 0-12.8 6.4-12.8 12.8v134.4c0 6.4 6.4 12.8 12.8 12.8zM496 400H48V80c0-8.84-7.16-16-16-16H16C7.16 64 0 71.16 0 80v336c0 17.67 14.33 32 32 32h464c8.84 0 16-7.16 16-16v-16c0-8.84-7.16-16-16-16zm-387.2-48h22.4c6.4 0 12.8-6.4 12.8-12.8v-70.4c0-6.4-6.4-12.8-12.8-12.8h-22.4c-6.4 0-12.8 6.4-12.8 12.8v70.4c0 6.4 6.4 12.8 12.8 12.8z\" class=\"\"><\/path><\/svg><\/i> Vistas Totales&nbsp;1,044&nbsp;, Vistas Hoy&nbsp;2&nbsp;<\/p>\n<div class=\"pvc_clear\"><\/div>\n","protected":false},"excerpt":{"rendered":"<p>Autor: Ubaldo Guzm\u00e1n Molina Fecha: 12 de agosto del 2022 Extra\u00eddo de:\u00a0Peri\u00f3dico Hoy\u00a0 La\u00a0deuda p\u00fablica\u00a0consolidada del pa\u00eds, incluyendo la intergubernamental, creci\u00f3 US$7,716.7 millones en el primer semestre de este a\u00f1o, para\u00a0un incremento de 11.1%, pues pas\u00f3 de US$62,036.8 millones en diciembre del 2021 a US$69,753.5 millones. De ese monto, US$51,804.4 millones corresponden a la deuda&#8230;<\/p>\n<div class=\"pvc_clear\"><\/div>\n<p class=\"pvc_stats all \" data-element-id=\"23675\" style=\"\"><i class=\"pvc-stats-icon medium\" aria-hidden=\"true\"><svg aria-hidden=\"true\" focusable=\"false\" data-prefix=\"far\" data-icon=\"chart-bar\" role=\"img\" xmlns=\"http:\/\/www.w3.org\/2000\/svg\" viewBox=\"0 0 512 512\" class=\"svg-inline--fa fa-chart-bar fa-w-16 fa-2x\"><path fill=\"currentColor\" d=\"M396.8 352h22.4c6.4 0 12.8-6.4 12.8-12.8V108.8c0-6.4-6.4-12.8-12.8-12.8h-22.4c-6.4 0-12.8 6.4-12.8 12.8v230.4c0 6.4 6.4 12.8 12.8 12.8zm-192 0h22.4c6.4 0 12.8-6.4 12.8-12.8V140.8c0-6.4-6.4-12.8-12.8-12.8h-22.4c-6.4 0-12.8 6.4-12.8 12.8v198.4c0 6.4 6.4 12.8 12.8 12.8zm96 0h22.4c6.4 0 12.8-6.4 12.8-12.8V204.8c0-6.4-6.4-12.8-12.8-12.8h-22.4c-6.4 0-12.8 6.4-12.8 12.8v134.4c0 6.4 6.4 12.8 12.8 12.8zM496 400H48V80c0-8.84-7.16-16-16-16H16C7.16 64 0 71.16 0 80v336c0 17.67 14.33 32 32 32h464c8.84 0 16-7.16 16-16v-16c0-8.84-7.16-16-16-16zm-387.2-48h22.4c6.4 0 12.8-6.4 12.8-12.8v-70.4c0-6.4-6.4-12.8-12.8-12.8h-22.4c-6.4 0-12.8 6.4-12.8 12.8v70.4c0 6.4 6.4 12.8 12.8 12.8z\" class=\"\"><\/path><\/svg><\/i> Vistas Totales&nbsp;1,044&nbsp;, Vistas Hoy&nbsp;2&nbsp;<\/p>\n<div class=\"pvc_clear\"><\/div>\n","protected":false},"author":2,"featured_media":23676,"comment_status":"closed","ping_status":"closed","sticky":false,"template":"","format":"standard","meta":{"footnotes":""},"categories":[19],"tags":[],"class_list":["post-23675","post","type-post","status-publish","format-standard","has-post-thumbnail","hentry","category-actualidad"],"yoast_head":"<!-- This site is optimized with the Yoast SEO plugin v25.2 - https:\/\/yoast.com\/wordpress\/plugins\/seo\/ -->\n<title>Deuda p\u00fablica consolidada aument\u00f3 US$7,716.6 millones | CREES<\/title>\n<meta name=\"robots\" content=\"index, follow, max-snippet:-1, max-image-preview:large, max-video-preview:-1\" \/>\n<link rel=\"canonical\" href=\"https:\/\/crees.org.do\/?p=23675\" \/>\n<meta property=\"og:locale\" content=\"es_ES\" \/>\n<meta property=\"og:type\" content=\"article\" \/>\n<meta property=\"og:title\" content=\"Deuda p\u00fablica consolidada aument\u00f3 US$7,716.6 millones | CREES\" \/>\n<meta property=\"og:description\" content=\"Autor: Ubaldo Guzm\u00e1n Molina Fecha: 12 de agosto del 2022 Extra\u00eddo de:\u00a0Peri\u00f3dico Hoy\u00a0 La\u00a0deuda p\u00fablica\u00a0consolidada del pa\u00eds, incluyendo la intergubernamental, creci\u00f3 US$7,716.7 millones en el primer semestre de este a\u00f1o, para\u00a0un incremento de 11.1%, pues pas\u00f3 de US$62,036.8 millones en diciembre del 2021 a US$69,753.5 millones. De ese monto, US$51,804.4 millones corresponden a la deuda...\" \/>\n<meta property=\"og:url\" content=\"https:\/\/crees.org.do\/?p=23675\" \/>\n<meta property=\"og:site_name\" content=\"CREES\" \/>\n<meta property=\"article:publisher\" content=\"https:\/\/www.facebook.com\/CREESRD\/\" \/>\n<meta property=\"article:published_time\" content=\"2022-08-17T12:56:44+00:00\" \/>\n<meta property=\"og:image\" content=\"https:\/\/crees.org.do\/wp-content\/uploads\/2022\/08\/dolares.jpg\" \/>\n\t<meta property=\"og:image:width\" content=\"1000\" \/>\n\t<meta property=\"og:image:height\" content=\"674\" \/>\n\t<meta property=\"og:image:type\" content=\"image\/jpeg\" \/>\n<meta name=\"author\" content=\"Crees\" \/>\n<meta name=\"twitter:card\" content=\"summary_large_image\" \/>\n<meta name=\"twitter:creator\" content=\"@CREESRD\" \/>\n<meta name=\"twitter:site\" content=\"@CREESRD\" \/>\n<meta name=\"twitter:label1\" content=\"Escrito por\" \/>\n\t<meta name=\"twitter:data1\" content=\"Crees\" \/>\n\t<meta name=\"twitter:label2\" content=\"Tiempo de lectura\" \/>\n\t<meta name=\"twitter:data2\" content=\"2 minutos\" \/>\n<script type=\"application\/ld+json\" class=\"yoast-schema-graph\">{\"@context\":\"https:\/\/schema.org\",\"@graph\":[{\"@type\":\"Article\",\"@id\":\"https:\/\/crees.org.do\/?p=23675#article\",\"isPartOf\":{\"@id\":\"https:\/\/crees.org.do\/?p=23675\"},\"author\":{\"name\":\"Crees\",\"@id\":\"https:\/\/crees.org.do\/#\/schema\/person\/e7f97cd94d7bf9cd0e0ce30acb7d56b8\"},\"headline\":\"Deuda p\u00fablica consolidada aument\u00f3 US$7,716.6 millones\",\"datePublished\":\"2022-08-17T12:56:44+00:00\",\"mainEntityOfPage\":{\"@id\":\"https:\/\/crees.org.do\/?p=23675\"},\"wordCount\":359,\"publisher\":{\"@id\":\"https:\/\/crees.org.do\/#organization\"},\"image\":{\"@id\":\"https:\/\/crees.org.do\/?p=23675#primaryimage\"},\"thumbnailUrl\":\"https:\/\/crees.org.do\/wp-content\/uploads\/2022\/08\/dolares.jpg\",\"articleSection\":[\"Actualidad\"],\"inLanguage\":\"es\"},{\"@type\":\"WebPage\",\"@id\":\"https:\/\/crees.org.do\/?p=23675\",\"url\":\"https:\/\/crees.org.do\/?p=23675\",\"name\":\"Deuda p\u00fablica consolidada aument\u00f3 US$7,716.6 millones | CREES\",\"isPartOf\":{\"@id\":\"https:\/\/crees.org.do\/#website\"},\"primaryImageOfPage\":{\"@id\":\"https:\/\/crees.org.do\/?p=23675#primaryimage\"},\"image\":{\"@id\":\"https:\/\/crees.org.do\/?p=23675#primaryimage\"},\"thumbnailUrl\":\"https:\/\/crees.org.do\/wp-content\/uploads\/2022\/08\/dolares.jpg\",\"datePublished\":\"2022-08-17T12:56:44+00:00\",\"breadcrumb\":{\"@id\":\"https:\/\/crees.org.do\/?p=23675#breadcrumb\"},\"inLanguage\":\"es\",\"potentialAction\":[{\"@type\":\"ReadAction\",\"target\":[\"https:\/\/crees.org.do\/?p=23675\"]}]},{\"@type\":\"ImageObject\",\"inLanguage\":\"es\",\"@id\":\"https:\/\/crees.org.do\/?p=23675#primaryimage\",\"url\":\"https:\/\/crees.org.do\/wp-content\/uploads\/2022\/08\/dolares.jpg\",\"contentUrl\":\"https:\/\/crees.org.do\/wp-content\/uploads\/2022\/08\/dolares.jpg\",\"width\":1000,\"height\":674},{\"@type\":\"BreadcrumbList\",\"@id\":\"https:\/\/crees.org.do\/?p=23675#breadcrumb\",\"itemListElement\":[{\"@type\":\"ListItem\",\"position\":1,\"name\":\"Portada\",\"item\":\"https:\/\/crees.org.do\/\"},{\"@type\":\"ListItem\",\"position\":2,\"name\":\"Deuda p\u00fablica consolidada aument\u00f3 US$7,716.6 millones\"}]},{\"@type\":\"WebSite\",\"@id\":\"https:\/\/crees.org.do\/#website\",\"url\":\"https:\/\/crees.org.do\/\",\"name\":\"CREES\",\"description\":\"Centro Regional de Estrategias Econ\u00f3micas Sostenibles\",\"publisher\":{\"@id\":\"https:\/\/crees.org.do\/#organization\"},\"potentialAction\":[{\"@type\":\"SearchAction\",\"target\":{\"@type\":\"EntryPoint\",\"urlTemplate\":\"https:\/\/crees.org.do\/?s={search_term_string}\"},\"query-input\":{\"@type\":\"PropertyValueSpecification\",\"valueRequired\":true,\"valueName\":\"search_term_string\"}}],\"inLanguage\":\"es\"},{\"@type\":\"Organization\",\"@id\":\"https:\/\/crees.org.do\/#organization\",\"name\":\"CREES | Centro Regional de Estrategias Econ\u00f3micas Sostenibles\",\"url\":\"https:\/\/crees.org.do\/\",\"logo\":{\"@type\":\"ImageObject\",\"inLanguage\":\"es\",\"@id\":\"https:\/\/crees.org.do\/#\/schema\/logo\/image\/\",\"url\":\"https:\/\/crees.org.do\/wp-content\/uploads\/2022\/03\/crees-logo-1.jpg\",\"contentUrl\":\"https:\/\/crees.org.do\/wp-content\/uploads\/2022\/03\/crees-logo-1.jpg\",\"width\":244,\"height\":71,\"caption\":\"CREES | Centro Regional de Estrategias Econ\u00f3micas Sostenibles\"},\"image\":{\"@id\":\"https:\/\/crees.org.do\/#\/schema\/logo\/image\/\"},\"sameAs\":[\"https:\/\/www.facebook.com\/CREESRD\/\",\"https:\/\/x.com\/CREESRD\"]},{\"@type\":\"Person\",\"@id\":\"https:\/\/crees.org.do\/#\/schema\/person\/e7f97cd94d7bf9cd0e0ce30acb7d56b8\",\"name\":\"Crees\",\"image\":{\"@type\":\"ImageObject\",\"inLanguage\":\"es\",\"@id\":\"https:\/\/crees.org.do\/#\/schema\/person\/image\/\",\"url\":\"https:\/\/secure.gravatar.com\/avatar\/390ac8f0be5d9aa046152553e2dd7011b59a512d89c150f5e5f28bb8d9a0b165?s=96&d=mm&r=g\",\"contentUrl\":\"https:\/\/secure.gravatar.com\/avatar\/390ac8f0be5d9aa046152553e2dd7011b59a512d89c150f5e5f28bb8d9a0b165?s=96&d=mm&r=g\",\"caption\":\"Crees\"},\"url\":\"https:\/\/crees.org.do\/?author=2\"}]}<\/script>\n<!-- \/ Yoast SEO plugin. -->","yoast_head_json":{"title":"Deuda p\u00fablica consolidada aument\u00f3 US$7,716.6 millones | CREES","robots":{"index":"index","follow":"follow","max-snippet":"max-snippet:-1","max-image-preview":"max-image-preview:large","max-video-preview":"max-video-preview:-1"},"canonical":"https:\/\/crees.org.do\/?p=23675","og_locale":"es_ES","og_type":"article","og_title":"Deuda p\u00fablica consolidada aument\u00f3 US$7,716.6 millones | CREES","og_description":"Autor: Ubaldo Guzm\u00e1n Molina Fecha: 12 de agosto del 2022 Extra\u00eddo de:\u00a0Peri\u00f3dico Hoy\u00a0 La\u00a0deuda p\u00fablica\u00a0consolidada del pa\u00eds, incluyendo la intergubernamental, creci\u00f3 US$7,716.7 millones en el primer semestre de este a\u00f1o, para\u00a0un incremento de 11.1%, pues pas\u00f3 de US$62,036.8 millones en diciembre del 2021 a US$69,753.5 millones. De ese monto, US$51,804.4 millones corresponden a la deuda...","og_url":"https:\/\/crees.org.do\/?p=23675","og_site_name":"CREES","article_publisher":"https:\/\/www.facebook.com\/CREESRD\/","article_published_time":"2022-08-17T12:56:44+00:00","og_image":[{"width":1000,"height":674,"url":"https:\/\/crees.org.do\/wp-content\/uploads\/2022\/08\/dolares.jpg","type":"image\/jpeg"}],"author":"Crees","twitter_card":"summary_large_image","twitter_creator":"@CREESRD","twitter_site":"@CREESRD","twitter_misc":{"Escrito por":"Crees","Tiempo de lectura":"2 minutos"},"schema":{"@context":"https:\/\/schema.org","@graph":[{"@type":"Article","@id":"https:\/\/crees.org.do\/?p=23675#article","isPartOf":{"@id":"https:\/\/crees.org.do\/?p=23675"},"author":{"name":"Crees","@id":"https:\/\/crees.org.do\/#\/schema\/person\/e7f97cd94d7bf9cd0e0ce30acb7d56b8"},"headline":"Deuda p\u00fablica consolidada aument\u00f3 US$7,716.6 millones","datePublished":"2022-08-17T12:56:44+00:00","mainEntityOfPage":{"@id":"https:\/\/crees.org.do\/?p=23675"},"wordCount":359,"publisher":{"@id":"https:\/\/crees.org.do\/#organization"},"image":{"@id":"https:\/\/crees.org.do\/?p=23675#primaryimage"},"thumbnailUrl":"https:\/\/crees.org.do\/wp-content\/uploads\/2022\/08\/dolares.jpg","articleSection":["Actualidad"],"inLanguage":"es"},{"@type":"WebPage","@id":"https:\/\/crees.org.do\/?p=23675","url":"https:\/\/crees.org.do\/?p=23675","name":"Deuda p\u00fablica consolidada aument\u00f3 US$7,716.6 millones | CREES","isPartOf":{"@id":"https:\/\/crees.org.do\/#website"},"primaryImageOfPage":{"@id":"https:\/\/crees.org.do\/?p=23675#primaryimage"},"image":{"@id":"https:\/\/crees.org.do\/?p=23675#primaryimage"},"thumbnailUrl":"https:\/\/crees.org.do\/wp-content\/uploads\/2022\/08\/dolares.jpg","datePublished":"2022-08-17T12:56:44+00:00","breadcrumb":{"@id":"https:\/\/crees.org.do\/?p=23675#breadcrumb"},"inLanguage":"es","potentialAction":[{"@type":"ReadAction","target":["https:\/\/crees.org.do\/?p=23675"]}]},{"@type":"ImageObject","inLanguage":"es","@id":"https:\/\/crees.org.do\/?p=23675#primaryimage","url":"https:\/\/crees.org.do\/wp-content\/uploads\/2022\/08\/dolares.jpg","contentUrl":"https:\/\/crees.org.do\/wp-content\/uploads\/2022\/08\/dolares.jpg","width":1000,"height":674},{"@type":"BreadcrumbList","@id":"https:\/\/crees.org.do\/?p=23675#breadcrumb","itemListElement":[{"@type":"ListItem","position":1,"name":"Portada","item":"https:\/\/crees.org.do\/"},{"@type":"ListItem","position":2,"name":"Deuda p\u00fablica consolidada aument\u00f3 US$7,716.6 millones"}]},{"@type":"WebSite","@id":"https:\/\/crees.org.do\/#website","url":"https:\/\/crees.org.do\/","name":"CREES","description":"Centro Regional de Estrategias Econ\u00f3micas Sostenibles","publisher":{"@id":"https:\/\/crees.org.do\/#organization"},"potentialAction":[{"@type":"SearchAction","target":{"@type":"EntryPoint","urlTemplate":"https:\/\/crees.org.do\/?s={search_term_string}"},"query-input":{"@type":"PropertyValueSpecification","valueRequired":true,"valueName":"search_term_string"}}],"inLanguage":"es"},{"@type":"Organization","@id":"https:\/\/crees.org.do\/#organization","name":"CREES | Centro Regional de Estrategias Econ\u00f3micas Sostenibles","url":"https:\/\/crees.org.do\/","logo":{"@type":"ImageObject","inLanguage":"es","@id":"https:\/\/crees.org.do\/#\/schema\/logo\/image\/","url":"https:\/\/crees.org.do\/wp-content\/uploads\/2022\/03\/crees-logo-1.jpg","contentUrl":"https:\/\/crees.org.do\/wp-content\/uploads\/2022\/03\/crees-logo-1.jpg","width":244,"height":71,"caption":"CREES | Centro Regional de Estrategias Econ\u00f3micas Sostenibles"},"image":{"@id":"https:\/\/crees.org.do\/#\/schema\/logo\/image\/"},"sameAs":["https:\/\/www.facebook.com\/CREESRD\/","https:\/\/x.com\/CREESRD"]},{"@type":"Person","@id":"https:\/\/crees.org.do\/#\/schema\/person\/e7f97cd94d7bf9cd0e0ce30acb7d56b8","name":"Crees","image":{"@type":"ImageObject","inLanguage":"es","@id":"https:\/\/crees.org.do\/#\/schema\/person\/image\/","url":"https:\/\/secure.gravatar.com\/avatar\/390ac8f0be5d9aa046152553e2dd7011b59a512d89c150f5e5f28bb8d9a0b165?s=96&d=mm&r=g","contentUrl":"https:\/\/secure.gravatar.com\/avatar\/390ac8f0be5d9aa046152553e2dd7011b59a512d89c150f5e5f28bb8d9a0b165?s=96&d=mm&r=g","caption":"Crees"},"url":"https:\/\/crees.org.do\/?author=2"}]}},"_links":{"self":[{"href":"https:\/\/crees.org.do\/index.php?rest_route=\/wp\/v2\/posts\/23675","targetHints":{"allow":["GET"]}}],"collection":[{"href":"https:\/\/crees.org.do\/index.php?rest_route=\/wp\/v2\/posts"}],"about":[{"href":"https:\/\/crees.org.do\/index.php?rest_route=\/wp\/v2\/types\/post"}],"author":[{"embeddable":true,"href":"https:\/\/crees.org.do\/index.php?rest_route=\/wp\/v2\/users\/2"}],"replies":[{"embeddable":true,"href":"https:\/\/crees.org.do\/index.php?rest_route=%2Fwp%2Fv2%2Fcomments&post=23675"}],"version-history":[{"count":1,"href":"https:\/\/crees.org.do\/index.php?rest_route=\/wp\/v2\/posts\/23675\/revisions"}],"predecessor-version":[{"id":23677,"href":"https:\/\/crees.org.do\/index.php?rest_route=\/wp\/v2\/posts\/23675\/revisions\/23677"}],"wp:featuredmedia":[{"embeddable":true,"href":"https:\/\/crees.org.do\/index.php?rest_route=\/wp\/v2\/media\/23676"}],"wp:attachment":[{"href":"https:\/\/crees.org.do\/index.php?rest_route=%2Fwp%2Fv2%2Fmedia&parent=23675"}],"wp:term":[{"taxonomy":"category","embeddable":true,"href":"https:\/\/crees.org.do\/index.php?rest_route=%2Fwp%2Fv2%2Fcategories&post=23675"},{"taxonomy":"post_tag","embeddable":true,"href":"https:\/\/crees.org.do\/index.php?rest_route=%2Fwp%2Fv2%2Ftags&post=23675"}],"curies":[{"name":"wp","href":"https:\/\/api.w.org\/{rel}","templated":true}]}}