{"id":23771,"date":"2022-08-18T13:51:25","date_gmt":"2022-08-18T13:51:25","guid":{"rendered":"https:\/\/crees.org.do\/?p=23771"},"modified":"2022-08-23T13:56:29","modified_gmt":"2022-08-23T13:56:29","slug":"perdidas-totales-de-las-ede-siguen-elevadas","status":"publish","type":"post","link":"https:\/\/crees.org.do\/?p=23771","title":{"rendered":"P\u00e9rdidas totales de las Ede siguen elevadas"},"content":{"rendered":"<p>Autor: Ubaldo Guzm\u00e1n Molina<\/p>\n<p>Fecha: 18 de agosto del 2022<\/p>\n<p>Extra\u00eddo de:\u00a0<a href=\"https:\/\/hoy.com.do\/perdidas-totales-de-las-ede-siguen-elevadas\/\">Peri\u00f3dico Hoy\u00a0<\/a><\/p>\n<p style=\"text-align: justify;\">Las\u00a0<strong>p\u00e9rdidas totales acumuladas<\/strong>\u00a0hasta mayo de las empresas distribuidoras de electricidad (Ede) alcanzaron el 41.1%, lo que significa que por cada 100 pesos de energ\u00eda comprada las Ede perdieron 41 pesos, de acuerdo con los datos del \u00faltimo informe de desempe\u00f1o elaborado por el\u00a0<strong>Ministerio de Energ\u00eda y Minas.<\/strong><\/p>\n<p style=\"text-align: justify;\">El\u00a0<strong>41.1% de p\u00e9rdidas<\/strong>\u00a0se divide en energ\u00eda comprada pero no facturada, que represent\u00f3 30.5%, y energ\u00eda facturada pero no cobrada, la cual represent\u00f3 el 10.6% del total comprado.<\/p>\n<p style=\"text-align: justify;\">El resultado de mayo indica que las p\u00e9rdidas acumuladas se han incrementado desde marzo, cuando representaron 37.5%.<\/p>\n<p style=\"text-align: justify;\">En enero de ese a\u00f1o las\u00a0<strong>p\u00e9rdidas totales de energ\u00eda<\/strong>\u00a0llegaron a 43.3%, fruto de 27.9% de p\u00e9rdidas de energ\u00eda y 15.4 % de energ\u00eda no cobrada.<\/p>\n<p style=\"text-align: justify;\">Las p\u00e9rdidas totales de energ\u00eda de las distribuidoras fueron las siguientes en los \u00faltimos a\u00f1os: 2017, 33.7%; 2018, 32.7%; 2019, 30,5%; 2020, 38.7% y 2021, 37.5 por ciento.<\/p>\n<p style=\"text-align: justify;\">Los a\u00f1os en que las p\u00e9rdidas de energ\u00eda alcanzaron los mayores porcentajes fueron 2020 y 2021, con 33.1% y 32.6%, respectivamente.<\/p>\n<p style=\"text-align: justify;\">Las p\u00e9rdidas de energ\u00eda de las distribuidoras son pagadas por los ciudadanos con sus impuestos, se\u00f1ala el Centro Regional de Estrategias Econ\u00f3micas Sostenibles (CREES).<\/p>\n<p style=\"text-align: justify;\">Para el 2022, el subsidio el\u00e9ctrico fue presupuestado en US$942.8 millones, el cual representaba el 30.5% del d\u00e9ficit fiscal.<\/p>\n<p style=\"text-align: justify;\">El aumento en las p\u00e9rdidas, junto al incremento en los precios internacionales del petr\u00f3leo, del gas natural y del carb\u00f3n, deber\u00e1n incrementar el monto del subsidio corriente a las Ede en 2022, se\u00f1ala.<\/p>\n<p style=\"text-align: justify;\">Considera que mantener la distribuci\u00f3n de electricidad en el \u00e1mbito pol\u00edtico impide que se creen los incentivos para que las Ede consigan operar sin demandar subsidios. Con cambios en la administraci\u00f3n y la propiedad de las distribuidoras, y la reducci\u00f3n de los subsidios hasta su completa eliminaci\u00f3n, las Ede ser\u00edan eficientes, plantea.<\/p>\n<div class=\"pvc_clear\"><\/div>\n<p class=\"pvc_stats all \" data-element-id=\"23771\" style=\"\"><i class=\"pvc-stats-icon medium\" aria-hidden=\"true\"><svg aria-hidden=\"true\" focusable=\"false\" data-prefix=\"far\" data-icon=\"chart-bar\" role=\"img\" xmlns=\"http:\/\/www.w3.org\/2000\/svg\" viewBox=\"0 0 512 512\" class=\"svg-inline--fa fa-chart-bar fa-w-16 fa-2x\"><path fill=\"currentColor\" d=\"M396.8 352h22.4c6.4 0 12.8-6.4 12.8-12.8V108.8c0-6.4-6.4-12.8-12.8-12.8h-22.4c-6.4 0-12.8 6.4-12.8 12.8v230.4c0 6.4 6.4 12.8 12.8 12.8zm-192 0h22.4c6.4 0 12.8-6.4 12.8-12.8V140.8c0-6.4-6.4-12.8-12.8-12.8h-22.4c-6.4 0-12.8 6.4-12.8 12.8v198.4c0 6.4 6.4 12.8 12.8 12.8zm96 0h22.4c6.4 0 12.8-6.4 12.8-12.8V204.8c0-6.4-6.4-12.8-12.8-12.8h-22.4c-6.4 0-12.8 6.4-12.8 12.8v134.4c0 6.4 6.4 12.8 12.8 12.8zM496 400H48V80c0-8.84-7.16-16-16-16H16C7.16 64 0 71.16 0 80v336c0 17.67 14.33 32 32 32h464c8.84 0 16-7.16 16-16v-16c0-8.84-7.16-16-16-16zm-387.2-48h22.4c6.4 0 12.8-6.4 12.8-12.8v-70.4c0-6.4-6.4-12.8-12.8-12.8h-22.4c-6.4 0-12.8 6.4-12.8 12.8v70.4c0 6.4 6.4 12.8 12.8 12.8z\" class=\"\"><\/path><\/svg><\/i> Vistas Totales&nbsp;939&nbsp;, Vistas Hoy&nbsp;2&nbsp;<\/p>\n<div class=\"pvc_clear\"><\/div>\n","protected":false},"excerpt":{"rendered":"<p>Autor: Ubaldo Guzm\u00e1n Molina Fecha: 18 de agosto del 2022 Extra\u00eddo de:\u00a0Peri\u00f3dico Hoy\u00a0 Las\u00a0p\u00e9rdidas totales acumuladas\u00a0hasta mayo de las empresas distribuidoras de electricidad (Ede) alcanzaron el 41.1%, lo que significa que por cada 100 pesos de energ\u00eda comprada las Ede perdieron 41 pesos, de acuerdo con los datos del \u00faltimo informe de desempe\u00f1o elaborado por&#8230;<\/p>\n<div class=\"pvc_clear\"><\/div>\n<p class=\"pvc_stats all \" data-element-id=\"23771\" style=\"\"><i class=\"pvc-stats-icon medium\" aria-hidden=\"true\"><svg aria-hidden=\"true\" focusable=\"false\" data-prefix=\"far\" data-icon=\"chart-bar\" role=\"img\" xmlns=\"http:\/\/www.w3.org\/2000\/svg\" viewBox=\"0 0 512 512\" class=\"svg-inline--fa fa-chart-bar fa-w-16 fa-2x\"><path fill=\"currentColor\" d=\"M396.8 352h22.4c6.4 0 12.8-6.4 12.8-12.8V108.8c0-6.4-6.4-12.8-12.8-12.8h-22.4c-6.4 0-12.8 6.4-12.8 12.8v230.4c0 6.4 6.4 12.8 12.8 12.8zm-192 0h22.4c6.4 0 12.8-6.4 12.8-12.8V140.8c0-6.4-6.4-12.8-12.8-12.8h-22.4c-6.4 0-12.8 6.4-12.8 12.8v198.4c0 6.4 6.4 12.8 12.8 12.8zm96 0h22.4c6.4 0 12.8-6.4 12.8-12.8V204.8c0-6.4-6.4-12.8-12.8-12.8h-22.4c-6.4 0-12.8 6.4-12.8 12.8v134.4c0 6.4 6.4 12.8 12.8 12.8zM496 400H48V80c0-8.84-7.16-16-16-16H16C7.16 64 0 71.16 0 80v336c0 17.67 14.33 32 32 32h464c8.84 0 16-7.16 16-16v-16c0-8.84-7.16-16-16-16zm-387.2-48h22.4c6.4 0 12.8-6.4 12.8-12.8v-70.4c0-6.4-6.4-12.8-12.8-12.8h-22.4c-6.4 0-12.8 6.4-12.8 12.8v70.4c0 6.4 6.4 12.8 12.8 12.8z\" class=\"\"><\/path><\/svg><\/i> Vistas Totales&nbsp;939&nbsp;, Vistas Hoy&nbsp;2&nbsp;<\/p>\n<div class=\"pvc_clear\"><\/div>\n","protected":false},"author":2,"featured_media":23772,"comment_status":"closed","ping_status":"closed","sticky":false,"template":"","format":"standard","meta":{"footnotes":""},"categories":[19],"tags":[],"class_list":["post-23771","post","type-post","status-publish","format-standard","has-post-thumbnail","hentry","category-actualidad"],"yoast_head":"<!-- This site is optimized with the Yoast SEO plugin v25.2 - https:\/\/yoast.com\/wordpress\/plugins\/seo\/ -->\n<title>P\u00e9rdidas totales de las Ede siguen elevadas | CREES<\/title>\n<meta name=\"robots\" content=\"index, follow, max-snippet:-1, max-image-preview:large, max-video-preview:-1\" \/>\n<link rel=\"canonical\" href=\"https:\/\/crees.org.do\/?p=23771\" \/>\n<meta property=\"og:locale\" content=\"es_ES\" \/>\n<meta property=\"og:type\" content=\"article\" \/>\n<meta property=\"og:title\" content=\"P\u00e9rdidas totales de las Ede siguen elevadas | CREES\" \/>\n<meta property=\"og:description\" content=\"Autor: Ubaldo Guzm\u00e1n Molina Fecha: 18 de agosto del 2022 Extra\u00eddo de:\u00a0Peri\u00f3dico Hoy\u00a0 Las\u00a0p\u00e9rdidas totales acumuladas\u00a0hasta mayo de las empresas distribuidoras de electricidad (Ede) alcanzaron el 41.1%, lo que significa que por cada 100 pesos de energ\u00eda comprada las Ede perdieron 41 pesos, de acuerdo con los datos del \u00faltimo informe de desempe\u00f1o elaborado por...\" \/>\n<meta property=\"og:url\" content=\"https:\/\/crees.org.do\/?p=23771\" \/>\n<meta property=\"og:site_name\" content=\"CREES\" \/>\n<meta property=\"article:publisher\" content=\"https:\/\/www.facebook.com\/CREESRD\/\" \/>\n<meta property=\"article:published_time\" content=\"2022-08-18T13:51:25+00:00\" \/>\n<meta property=\"article:modified_time\" content=\"2022-08-23T13:56:29+00:00\" \/>\n<meta property=\"og:image\" content=\"https:\/\/crees.org.do\/wp-content\/uploads\/2022\/08\/12_Economia_16_4p01-1.jpg\" \/>\n\t<meta property=\"og:image:width\" content=\"1200\" \/>\n\t<meta property=\"og:image:height\" content=\"884\" \/>\n\t<meta property=\"og:image:type\" content=\"image\/jpeg\" \/>\n<meta name=\"author\" content=\"Crees\" \/>\n<meta name=\"twitter:card\" content=\"summary_large_image\" \/>\n<meta name=\"twitter:creator\" content=\"@CREESRD\" \/>\n<meta name=\"twitter:site\" content=\"@CREESRD\" \/>\n<meta name=\"twitter:label1\" content=\"Escrito por\" \/>\n\t<meta name=\"twitter:data1\" content=\"Crees\" \/>\n\t<meta name=\"twitter:label2\" content=\"Tiempo de lectura\" \/>\n\t<meta name=\"twitter:data2\" content=\"2 minutos\" \/>\n<script type=\"application\/ld+json\" class=\"yoast-schema-graph\">{\"@context\":\"https:\/\/schema.org\",\"@graph\":[{\"@type\":\"Article\",\"@id\":\"https:\/\/crees.org.do\/?p=23771#article\",\"isPartOf\":{\"@id\":\"https:\/\/crees.org.do\/?p=23771\"},\"author\":{\"name\":\"Crees\",\"@id\":\"https:\/\/crees.org.do\/#\/schema\/person\/e7f97cd94d7bf9cd0e0ce30acb7d56b8\"},\"headline\":\"P\u00e9rdidas totales de las Ede siguen elevadas\",\"datePublished\":\"2022-08-18T13:51:25+00:00\",\"dateModified\":\"2022-08-23T13:56:29+00:00\",\"mainEntityOfPage\":{\"@id\":\"https:\/\/crees.org.do\/?p=23771\"},\"wordCount\":332,\"publisher\":{\"@id\":\"https:\/\/crees.org.do\/#organization\"},\"image\":{\"@id\":\"https:\/\/crees.org.do\/?p=23771#primaryimage\"},\"thumbnailUrl\":\"https:\/\/crees.org.do\/wp-content\/uploads\/2022\/08\/12_Economia_16_4p01-1.jpg\",\"articleSection\":[\"Actualidad\"],\"inLanguage\":\"es\"},{\"@type\":\"WebPage\",\"@id\":\"https:\/\/crees.org.do\/?p=23771\",\"url\":\"https:\/\/crees.org.do\/?p=23771\",\"name\":\"P\u00e9rdidas totales de las Ede siguen elevadas | CREES\",\"isPartOf\":{\"@id\":\"https:\/\/crees.org.do\/#website\"},\"primaryImageOfPage\":{\"@id\":\"https:\/\/crees.org.do\/?p=23771#primaryimage\"},\"image\":{\"@id\":\"https:\/\/crees.org.do\/?p=23771#primaryimage\"},\"thumbnailUrl\":\"https:\/\/crees.org.do\/wp-content\/uploads\/2022\/08\/12_Economia_16_4p01-1.jpg\",\"datePublished\":\"2022-08-18T13:51:25+00:00\",\"dateModified\":\"2022-08-23T13:56:29+00:00\",\"breadcrumb\":{\"@id\":\"https:\/\/crees.org.do\/?p=23771#breadcrumb\"},\"inLanguage\":\"es\",\"potentialAction\":[{\"@type\":\"ReadAction\",\"target\":[\"https:\/\/crees.org.do\/?p=23771\"]}]},{\"@type\":\"ImageObject\",\"inLanguage\":\"es\",\"@id\":\"https:\/\/crees.org.do\/?p=23771#primaryimage\",\"url\":\"https:\/\/crees.org.do\/wp-content\/uploads\/2022\/08\/12_Economia_16_4p01-1.jpg\",\"contentUrl\":\"https:\/\/crees.org.do\/wp-content\/uploads\/2022\/08\/12_Economia_16_4p01-1.jpg\",\"width\":1200,\"height\":884},{\"@type\":\"BreadcrumbList\",\"@id\":\"https:\/\/crees.org.do\/?p=23771#breadcrumb\",\"itemListElement\":[{\"@type\":\"ListItem\",\"position\":1,\"name\":\"Portada\",\"item\":\"https:\/\/crees.org.do\/\"},{\"@type\":\"ListItem\",\"position\":2,\"name\":\"P\u00e9rdidas totales de las Ede siguen elevadas\"}]},{\"@type\":\"WebSite\",\"@id\":\"https:\/\/crees.org.do\/#website\",\"url\":\"https:\/\/crees.org.do\/\",\"name\":\"CREES\",\"description\":\"Centro Regional de Estrategias Econ\u00f3micas Sostenibles\",\"publisher\":{\"@id\":\"https:\/\/crees.org.do\/#organization\"},\"potentialAction\":[{\"@type\":\"SearchAction\",\"target\":{\"@type\":\"EntryPoint\",\"urlTemplate\":\"https:\/\/crees.org.do\/?s={search_term_string}\"},\"query-input\":{\"@type\":\"PropertyValueSpecification\",\"valueRequired\":true,\"valueName\":\"search_term_string\"}}],\"inLanguage\":\"es\"},{\"@type\":\"Organization\",\"@id\":\"https:\/\/crees.org.do\/#organization\",\"name\":\"CREES | Centro Regional de Estrategias Econ\u00f3micas Sostenibles\",\"url\":\"https:\/\/crees.org.do\/\",\"logo\":{\"@type\":\"ImageObject\",\"inLanguage\":\"es\",\"@id\":\"https:\/\/crees.org.do\/#\/schema\/logo\/image\/\",\"url\":\"https:\/\/crees.org.do\/wp-content\/uploads\/2022\/03\/crees-logo-1.jpg\",\"contentUrl\":\"https:\/\/crees.org.do\/wp-content\/uploads\/2022\/03\/crees-logo-1.jpg\",\"width\":244,\"height\":71,\"caption\":\"CREES | Centro Regional de Estrategias Econ\u00f3micas Sostenibles\"},\"image\":{\"@id\":\"https:\/\/crees.org.do\/#\/schema\/logo\/image\/\"},\"sameAs\":[\"https:\/\/www.facebook.com\/CREESRD\/\",\"https:\/\/x.com\/CREESRD\"]},{\"@type\":\"Person\",\"@id\":\"https:\/\/crees.org.do\/#\/schema\/person\/e7f97cd94d7bf9cd0e0ce30acb7d56b8\",\"name\":\"Crees\",\"image\":{\"@type\":\"ImageObject\",\"inLanguage\":\"es\",\"@id\":\"https:\/\/crees.org.do\/#\/schema\/person\/image\/\",\"url\":\"https:\/\/secure.gravatar.com\/avatar\/390ac8f0be5d9aa046152553e2dd7011b59a512d89c150f5e5f28bb8d9a0b165?s=96&d=mm&r=g\",\"contentUrl\":\"https:\/\/secure.gravatar.com\/avatar\/390ac8f0be5d9aa046152553e2dd7011b59a512d89c150f5e5f28bb8d9a0b165?s=96&d=mm&r=g\",\"caption\":\"Crees\"},\"url\":\"https:\/\/crees.org.do\/?author=2\"}]}<\/script>\n<!-- \/ Yoast SEO plugin. -->","yoast_head_json":{"title":"P\u00e9rdidas totales de las Ede siguen elevadas | CREES","robots":{"index":"index","follow":"follow","max-snippet":"max-snippet:-1","max-image-preview":"max-image-preview:large","max-video-preview":"max-video-preview:-1"},"canonical":"https:\/\/crees.org.do\/?p=23771","og_locale":"es_ES","og_type":"article","og_title":"P\u00e9rdidas totales de las Ede siguen elevadas | CREES","og_description":"Autor: Ubaldo Guzm\u00e1n Molina Fecha: 18 de agosto del 2022 Extra\u00eddo de:\u00a0Peri\u00f3dico Hoy\u00a0 Las\u00a0p\u00e9rdidas totales acumuladas\u00a0hasta mayo de las empresas distribuidoras de electricidad (Ede) alcanzaron el 41.1%, lo que significa que por cada 100 pesos de energ\u00eda comprada las Ede perdieron 41 pesos, de acuerdo con los datos del \u00faltimo informe de desempe\u00f1o elaborado por...","og_url":"https:\/\/crees.org.do\/?p=23771","og_site_name":"CREES","article_publisher":"https:\/\/www.facebook.com\/CREESRD\/","article_published_time":"2022-08-18T13:51:25+00:00","article_modified_time":"2022-08-23T13:56:29+00:00","og_image":[{"width":1200,"height":884,"url":"https:\/\/crees.org.do\/wp-content\/uploads\/2022\/08\/12_Economia_16_4p01-1.jpg","type":"image\/jpeg"}],"author":"Crees","twitter_card":"summary_large_image","twitter_creator":"@CREESRD","twitter_site":"@CREESRD","twitter_misc":{"Escrito por":"Crees","Tiempo de lectura":"2 minutos"},"schema":{"@context":"https:\/\/schema.org","@graph":[{"@type":"Article","@id":"https:\/\/crees.org.do\/?p=23771#article","isPartOf":{"@id":"https:\/\/crees.org.do\/?p=23771"},"author":{"name":"Crees","@id":"https:\/\/crees.org.do\/#\/schema\/person\/e7f97cd94d7bf9cd0e0ce30acb7d56b8"},"headline":"P\u00e9rdidas totales de las Ede siguen elevadas","datePublished":"2022-08-18T13:51:25+00:00","dateModified":"2022-08-23T13:56:29+00:00","mainEntityOfPage":{"@id":"https:\/\/crees.org.do\/?p=23771"},"wordCount":332,"publisher":{"@id":"https:\/\/crees.org.do\/#organization"},"image":{"@id":"https:\/\/crees.org.do\/?p=23771#primaryimage"},"thumbnailUrl":"https:\/\/crees.org.do\/wp-content\/uploads\/2022\/08\/12_Economia_16_4p01-1.jpg","articleSection":["Actualidad"],"inLanguage":"es"},{"@type":"WebPage","@id":"https:\/\/crees.org.do\/?p=23771","url":"https:\/\/crees.org.do\/?p=23771","name":"P\u00e9rdidas totales de las Ede siguen elevadas | CREES","isPartOf":{"@id":"https:\/\/crees.org.do\/#website"},"primaryImageOfPage":{"@id":"https:\/\/crees.org.do\/?p=23771#primaryimage"},"image":{"@id":"https:\/\/crees.org.do\/?p=23771#primaryimage"},"thumbnailUrl":"https:\/\/crees.org.do\/wp-content\/uploads\/2022\/08\/12_Economia_16_4p01-1.jpg","datePublished":"2022-08-18T13:51:25+00:00","dateModified":"2022-08-23T13:56:29+00:00","breadcrumb":{"@id":"https:\/\/crees.org.do\/?p=23771#breadcrumb"},"inLanguage":"es","potentialAction":[{"@type":"ReadAction","target":["https:\/\/crees.org.do\/?p=23771"]}]},{"@type":"ImageObject","inLanguage":"es","@id":"https:\/\/crees.org.do\/?p=23771#primaryimage","url":"https:\/\/crees.org.do\/wp-content\/uploads\/2022\/08\/12_Economia_16_4p01-1.jpg","contentUrl":"https:\/\/crees.org.do\/wp-content\/uploads\/2022\/08\/12_Economia_16_4p01-1.jpg","width":1200,"height":884},{"@type":"BreadcrumbList","@id":"https:\/\/crees.org.do\/?p=23771#breadcrumb","itemListElement":[{"@type":"ListItem","position":1,"name":"Portada","item":"https:\/\/crees.org.do\/"},{"@type":"ListItem","position":2,"name":"P\u00e9rdidas totales de las Ede siguen elevadas"}]},{"@type":"WebSite","@id":"https:\/\/crees.org.do\/#website","url":"https:\/\/crees.org.do\/","name":"CREES","description":"Centro Regional de Estrategias Econ\u00f3micas Sostenibles","publisher":{"@id":"https:\/\/crees.org.do\/#organization"},"potentialAction":[{"@type":"SearchAction","target":{"@type":"EntryPoint","urlTemplate":"https:\/\/crees.org.do\/?s={search_term_string}"},"query-input":{"@type":"PropertyValueSpecification","valueRequired":true,"valueName":"search_term_string"}}],"inLanguage":"es"},{"@type":"Organization","@id":"https:\/\/crees.org.do\/#organization","name":"CREES | Centro Regional de Estrategias Econ\u00f3micas Sostenibles","url":"https:\/\/crees.org.do\/","logo":{"@type":"ImageObject","inLanguage":"es","@id":"https:\/\/crees.org.do\/#\/schema\/logo\/image\/","url":"https:\/\/crees.org.do\/wp-content\/uploads\/2022\/03\/crees-logo-1.jpg","contentUrl":"https:\/\/crees.org.do\/wp-content\/uploads\/2022\/03\/crees-logo-1.jpg","width":244,"height":71,"caption":"CREES | Centro Regional de Estrategias Econ\u00f3micas Sostenibles"},"image":{"@id":"https:\/\/crees.org.do\/#\/schema\/logo\/image\/"},"sameAs":["https:\/\/www.facebook.com\/CREESRD\/","https:\/\/x.com\/CREESRD"]},{"@type":"Person","@id":"https:\/\/crees.org.do\/#\/schema\/person\/e7f97cd94d7bf9cd0e0ce30acb7d56b8","name":"Crees","image":{"@type":"ImageObject","inLanguage":"es","@id":"https:\/\/crees.org.do\/#\/schema\/person\/image\/","url":"https:\/\/secure.gravatar.com\/avatar\/390ac8f0be5d9aa046152553e2dd7011b59a512d89c150f5e5f28bb8d9a0b165?s=96&d=mm&r=g","contentUrl":"https:\/\/secure.gravatar.com\/avatar\/390ac8f0be5d9aa046152553e2dd7011b59a512d89c150f5e5f28bb8d9a0b165?s=96&d=mm&r=g","caption":"Crees"},"url":"https:\/\/crees.org.do\/?author=2"}]}},"_links":{"self":[{"href":"https:\/\/crees.org.do\/index.php?rest_route=\/wp\/v2\/posts\/23771","targetHints":{"allow":["GET"]}}],"collection":[{"href":"https:\/\/crees.org.do\/index.php?rest_route=\/wp\/v2\/posts"}],"about":[{"href":"https:\/\/crees.org.do\/index.php?rest_route=\/wp\/v2\/types\/post"}],"author":[{"embeddable":true,"href":"https:\/\/crees.org.do\/index.php?rest_route=\/wp\/v2\/users\/2"}],"replies":[{"embeddable":true,"href":"https:\/\/crees.org.do\/index.php?rest_route=%2Fwp%2Fv2%2Fcomments&post=23771"}],"version-history":[{"count":1,"href":"https:\/\/crees.org.do\/index.php?rest_route=\/wp\/v2\/posts\/23771\/revisions"}],"predecessor-version":[{"id":23773,"href":"https:\/\/crees.org.do\/index.php?rest_route=\/wp\/v2\/posts\/23771\/revisions\/23773"}],"wp:featuredmedia":[{"embeddable":true,"href":"https:\/\/crees.org.do\/index.php?rest_route=\/wp\/v2\/media\/23772"}],"wp:attachment":[{"href":"https:\/\/crees.org.do\/index.php?rest_route=%2Fwp%2Fv2%2Fmedia&parent=23771"}],"wp:term":[{"taxonomy":"category","embeddable":true,"href":"https:\/\/crees.org.do\/index.php?rest_route=%2Fwp%2Fv2%2Fcategories&post=23771"},{"taxonomy":"post_tag","embeddable":true,"href":"https:\/\/crees.org.do\/index.php?rest_route=%2Fwp%2Fv2%2Ftags&post=23771"}],"curies":[{"name":"wp","href":"https:\/\/api.w.org\/{rel}","templated":true}]}}