{"id":23774,"date":"2022-08-23T13:55:22","date_gmt":"2022-08-23T13:55:22","guid":{"rendered":"https:\/\/crees.org.do\/?p=23774"},"modified":"2022-08-23T13:55:22","modified_gmt":"2022-08-23T13:55:22","slug":"se-encarece-la-deuda-de-la-republica-dominicana","status":"publish","type":"post","link":"https:\/\/crees.org.do\/?p=23774","title":{"rendered":"Se encarece la deuda de la Rep\u00fablica Dominicana"},"content":{"rendered":"<p>Autor: Ubaldo Guzm\u00e1n Molina<\/p>\n<p>Fecha: 23 de agosto del 2022<\/p>\n<p>Extra\u00eddo de:\u00a0<a href=\"https:\/\/hoy.com.do\/se-encarece-la-deuda-de-la-republica-dominicana\/\">Peri\u00f3dico Hoy\u00a0<\/a><\/p>\n<p style=\"text-align: justify;\">La\u00a0<strong>deuda dominicana<\/strong>\u00a0se ha vuelto m\u00e1s cara debido a que los rendimientos demandados para bonos y letras han aumentado hasta un 72% durante este a\u00f1o, seg\u00fan un an\u00e1lisis del Centro Regional de Estrategias Econ\u00f3micas Sostenibles (CREES).<\/p>\n<p style=\"text-align: justify;\">Los bonos soberanos emitidos a mediados de febrero pasado ya reflejaban el incremento demandado por los mercados ante mayor riesgo.<\/p>\n<p style=\"text-align: justify;\">A pesar de ese mayor cup\u00f3n para emitirlos, las variaciones del mercado de deuda desde entonces se\u00f1alan que esas emisiones son 20% a 24% m\u00e1s caras ahora, se\u00f1ala.<\/p>\n<p style=\"text-align: justify;\">Los rendimientos de las letras del\u00a0<strong>Banco Central<\/strong>\u00a0pasaron de un 6.99 a 10.50 de enero a agosto de este a\u00f1o, para una variaci\u00f3n de 50.3%.<\/p>\n<p style=\"text-align: justify;\">Por su parte, los rendimientos de los bonos globales a cinco a\u00f1os subieron de 3.63 a 6.25 del 3 de enero al 16 de agosto de este a\u00f1o.<\/p>\n<p style=\"text-align: justify;\">Los rendimientos de US$3,564 millones en bonos soberanos a siete a\u00f1os en febrero de este a\u00f1o pasaron de 5.41 a 6.73, para un incremento de 24.4%.<\/p>\n<p style=\"text-align: justify;\">Seg\u00fan el CREES, los a\u00f1os de cr\u00e9dito barato se terminaron para el pa\u00eds, pero la pol\u00edtica fiscal expansiva contin\u00faa. La realidad impone la necesidad de\u00a0<strong>control del gasto<\/strong>\u00a0y\u00a0<strong>reducir el endeudamiento p\u00fablico.<\/strong><\/p>\n<p style=\"text-align: justify;\">Con datos de la Direcci\u00f3n General de Cr\u00e9dito P\u00fablico y el Banco Central, el CREES estableci\u00f3 que los rendimientos de bonos soberanos a once a\u00f1os subieron de 5.99 a 7.21 de febrero a agosto de este a\u00f1o, lo que representa un aumento de 20.4 por ciento.<\/p>\n<p style=\"text-align: justify;\">La tasa de referencia de la<strong>\u00a0Reserva Federal de Estados Unidos (FED)<\/strong>\u00a0deber\u00e1 estar a\u00fan m\u00e1s alta en el 2023, por lo que los rendimientos de los bonos mantendr\u00e1n niveles superiores a los actuales, se\u00f1al\u00f3 el vicepresidente ejecutivo del CREES, economista\u00a0<strong>Miguel Collado Di Franco<\/strong>.<\/p>\n<p style=\"text-align: justify;\">Resalt\u00f3 que los rendimientos de los bonos de referencia de Estados Unidos han empezado a acelerar su incremento desde marzo, cuando se produjeron los cambios en la pol\u00edtica monetaria de la Reserva Federal, tanto en su tasa de referencia como en la reducci\u00f3n de su balance de activos formado principalmente por t\u00edtulos del Departamento del Tesoro norteamericano.<\/p>\n<p style=\"text-align: justify;\">El movimiento de las tasas ha generado un incremento del retorno demandado de los t\u00edtulos de deuda de pa\u00edses emergentes, incluyendo a Rep\u00fablica Dominicana, dijo<\/p>\n<div class=\"pvc_clear\"><\/div>\n<p class=\"pvc_stats all \" data-element-id=\"23774\" style=\"\"><i class=\"pvc-stats-icon medium\" aria-hidden=\"true\"><svg aria-hidden=\"true\" focusable=\"false\" data-prefix=\"far\" data-icon=\"chart-bar\" role=\"img\" xmlns=\"http:\/\/www.w3.org\/2000\/svg\" viewBox=\"0 0 512 512\" class=\"svg-inline--fa fa-chart-bar fa-w-16 fa-2x\"><path fill=\"currentColor\" d=\"M396.8 352h22.4c6.4 0 12.8-6.4 12.8-12.8V108.8c0-6.4-6.4-12.8-12.8-12.8h-22.4c-6.4 0-12.8 6.4-12.8 12.8v230.4c0 6.4 6.4 12.8 12.8 12.8zm-192 0h22.4c6.4 0 12.8-6.4 12.8-12.8V140.8c0-6.4-6.4-12.8-12.8-12.8h-22.4c-6.4 0-12.8 6.4-12.8 12.8v198.4c0 6.4 6.4 12.8 12.8 12.8zm96 0h22.4c6.4 0 12.8-6.4 12.8-12.8V204.8c0-6.4-6.4-12.8-12.8-12.8h-22.4c-6.4 0-12.8 6.4-12.8 12.8v134.4c0 6.4 6.4 12.8 12.8 12.8zM496 400H48V80c0-8.84-7.16-16-16-16H16C7.16 64 0 71.16 0 80v336c0 17.67 14.33 32 32 32h464c8.84 0 16-7.16 16-16v-16c0-8.84-7.16-16-16-16zm-387.2-48h22.4c6.4 0 12.8-6.4 12.8-12.8v-70.4c0-6.4-6.4-12.8-12.8-12.8h-22.4c-6.4 0-12.8 6.4-12.8 12.8v70.4c0 6.4 6.4 12.8 12.8 12.8z\" class=\"\"><\/path><\/svg><\/i> Vistas Totales&nbsp;1,279&nbsp;, Vistas Hoy&nbsp;4&nbsp;<\/p>\n<div class=\"pvc_clear\"><\/div>\n","protected":false},"excerpt":{"rendered":"<p>Autor: Ubaldo Guzm\u00e1n Molina Fecha: 23 de agosto del 2022 Extra\u00eddo de:\u00a0Peri\u00f3dico Hoy\u00a0 La\u00a0deuda dominicana\u00a0se ha vuelto m\u00e1s cara debido a que los rendimientos demandados para bonos y letras han aumentado hasta un 72% durante este a\u00f1o, seg\u00fan un an\u00e1lisis del Centro Regional de Estrategias Econ\u00f3micas Sostenibles (CREES). Los bonos soberanos emitidos a mediados de&#8230;<\/p>\n<div class=\"pvc_clear\"><\/div>\n<p class=\"pvc_stats all \" data-element-id=\"23774\" style=\"\"><i class=\"pvc-stats-icon medium\" aria-hidden=\"true\"><svg aria-hidden=\"true\" focusable=\"false\" data-prefix=\"far\" data-icon=\"chart-bar\" role=\"img\" xmlns=\"http:\/\/www.w3.org\/2000\/svg\" viewBox=\"0 0 512 512\" class=\"svg-inline--fa fa-chart-bar fa-w-16 fa-2x\"><path fill=\"currentColor\" d=\"M396.8 352h22.4c6.4 0 12.8-6.4 12.8-12.8V108.8c0-6.4-6.4-12.8-12.8-12.8h-22.4c-6.4 0-12.8 6.4-12.8 12.8v230.4c0 6.4 6.4 12.8 12.8 12.8zm-192 0h22.4c6.4 0 12.8-6.4 12.8-12.8V140.8c0-6.4-6.4-12.8-12.8-12.8h-22.4c-6.4 0-12.8 6.4-12.8 12.8v198.4c0 6.4 6.4 12.8 12.8 12.8zm96 0h22.4c6.4 0 12.8-6.4 12.8-12.8V204.8c0-6.4-6.4-12.8-12.8-12.8h-22.4c-6.4 0-12.8 6.4-12.8 12.8v134.4c0 6.4 6.4 12.8 12.8 12.8zM496 400H48V80c0-8.84-7.16-16-16-16H16C7.16 64 0 71.16 0 80v336c0 17.67 14.33 32 32 32h464c8.84 0 16-7.16 16-16v-16c0-8.84-7.16-16-16-16zm-387.2-48h22.4c6.4 0 12.8-6.4 12.8-12.8v-70.4c0-6.4-6.4-12.8-12.8-12.8h-22.4c-6.4 0-12.8 6.4-12.8 12.8v70.4c0 6.4 6.4 12.8 12.8 12.8z\" class=\"\"><\/path><\/svg><\/i> Vistas Totales&nbsp;1,279&nbsp;, Vistas Hoy&nbsp;4&nbsp;<\/p>\n<div class=\"pvc_clear\"><\/div>\n","protected":false},"author":2,"featured_media":23775,"comment_status":"closed","ping_status":"closed","sticky":false,"template":"","format":"standard","meta":{"footnotes":""},"categories":[19],"tags":[],"class_list":["post-23774","post","type-post","status-publish","format-standard","has-post-thumbnail","hentry","category-actualidad"],"yoast_head":"<!-- This site is optimized with the Yoast SEO plugin v25.2 - https:\/\/yoast.com\/wordpress\/plugins\/seo\/ -->\n<title>Se encarece la deuda de la Rep\u00fablica Dominicana | CREES<\/title>\n<meta name=\"robots\" content=\"index, follow, max-snippet:-1, max-image-preview:large, max-video-preview:-1\" \/>\n<link rel=\"canonical\" href=\"https:\/\/crees.org.do\/?p=23774\" \/>\n<meta property=\"og:locale\" content=\"es_ES\" \/>\n<meta property=\"og:type\" content=\"article\" \/>\n<meta property=\"og:title\" content=\"Se encarece la deuda de la Rep\u00fablica Dominicana | CREES\" \/>\n<meta property=\"og:description\" content=\"Autor: Ubaldo Guzm\u00e1n Molina Fecha: 23 de agosto del 2022 Extra\u00eddo de:\u00a0Peri\u00f3dico Hoy\u00a0 La\u00a0deuda dominicana\u00a0se ha vuelto m\u00e1s cara debido a que los rendimientos demandados para bonos y letras han aumentado hasta un 72% durante este a\u00f1o, seg\u00fan un an\u00e1lisis del Centro Regional de Estrategias Econ\u00f3micas Sostenibles (CREES). Los bonos soberanos emitidos a mediados de...\" \/>\n<meta property=\"og:url\" content=\"https:\/\/crees.org.do\/?p=23774\" \/>\n<meta property=\"og:site_name\" content=\"CREES\" \/>\n<meta property=\"article:publisher\" content=\"https:\/\/www.facebook.com\/CREESRD\/\" \/>\n<meta property=\"article:published_time\" content=\"2022-08-23T13:55:22+00:00\" \/>\n<meta property=\"og:image\" content=\"https:\/\/crees.org.do\/wp-content\/uploads\/2022\/08\/11_Economia_23_3p03.jpg\" \/>\n\t<meta property=\"og:image:width\" content=\"816\" \/>\n\t<meta property=\"og:image:height\" content=\"568\" \/>\n\t<meta property=\"og:image:type\" content=\"image\/jpeg\" \/>\n<meta name=\"author\" content=\"Crees\" \/>\n<meta name=\"twitter:card\" content=\"summary_large_image\" \/>\n<meta name=\"twitter:creator\" content=\"@CREESRD\" \/>\n<meta name=\"twitter:site\" content=\"@CREESRD\" \/>\n<meta name=\"twitter:label1\" content=\"Escrito por\" \/>\n\t<meta name=\"twitter:data1\" content=\"Crees\" \/>\n\t<meta name=\"twitter:label2\" content=\"Tiempo de lectura\" \/>\n\t<meta name=\"twitter:data2\" content=\"2 minutos\" \/>\n<script type=\"application\/ld+json\" class=\"yoast-schema-graph\">{\"@context\":\"https:\/\/schema.org\",\"@graph\":[{\"@type\":\"Article\",\"@id\":\"https:\/\/crees.org.do\/?p=23774#article\",\"isPartOf\":{\"@id\":\"https:\/\/crees.org.do\/?p=23774\"},\"author\":{\"name\":\"Crees\",\"@id\":\"https:\/\/crees.org.do\/#\/schema\/person\/e7f97cd94d7bf9cd0e0ce30acb7d56b8\"},\"headline\":\"Se encarece la deuda de la Rep\u00fablica Dominicana\",\"datePublished\":\"2022-08-23T13:55:22+00:00\",\"mainEntityOfPage\":{\"@id\":\"https:\/\/crees.org.do\/?p=23774\"},\"wordCount\":415,\"publisher\":{\"@id\":\"https:\/\/crees.org.do\/#organization\"},\"image\":{\"@id\":\"https:\/\/crees.org.do\/?p=23774#primaryimage\"},\"thumbnailUrl\":\"https:\/\/crees.org.do\/wp-content\/uploads\/2022\/08\/11_Economia_23_3p03.jpg\",\"articleSection\":[\"Actualidad\"],\"inLanguage\":\"es\"},{\"@type\":\"WebPage\",\"@id\":\"https:\/\/crees.org.do\/?p=23774\",\"url\":\"https:\/\/crees.org.do\/?p=23774\",\"name\":\"Se encarece la deuda de la Rep\u00fablica Dominicana | CREES\",\"isPartOf\":{\"@id\":\"https:\/\/crees.org.do\/#website\"},\"primaryImageOfPage\":{\"@id\":\"https:\/\/crees.org.do\/?p=23774#primaryimage\"},\"image\":{\"@id\":\"https:\/\/crees.org.do\/?p=23774#primaryimage\"},\"thumbnailUrl\":\"https:\/\/crees.org.do\/wp-content\/uploads\/2022\/08\/11_Economia_23_3p03.jpg\",\"datePublished\":\"2022-08-23T13:55:22+00:00\",\"breadcrumb\":{\"@id\":\"https:\/\/crees.org.do\/?p=23774#breadcrumb\"},\"inLanguage\":\"es\",\"potentialAction\":[{\"@type\":\"ReadAction\",\"target\":[\"https:\/\/crees.org.do\/?p=23774\"]}]},{\"@type\":\"ImageObject\",\"inLanguage\":\"es\",\"@id\":\"https:\/\/crees.org.do\/?p=23774#primaryimage\",\"url\":\"https:\/\/crees.org.do\/wp-content\/uploads\/2022\/08\/11_Economia_23_3p03.jpg\",\"contentUrl\":\"https:\/\/crees.org.do\/wp-content\/uploads\/2022\/08\/11_Economia_23_3p03.jpg\",\"width\":816,\"height\":568},{\"@type\":\"BreadcrumbList\",\"@id\":\"https:\/\/crees.org.do\/?p=23774#breadcrumb\",\"itemListElement\":[{\"@type\":\"ListItem\",\"position\":1,\"name\":\"Portada\",\"item\":\"https:\/\/crees.org.do\/\"},{\"@type\":\"ListItem\",\"position\":2,\"name\":\"Se encarece la deuda de la Rep\u00fablica Dominicana\"}]},{\"@type\":\"WebSite\",\"@id\":\"https:\/\/crees.org.do\/#website\",\"url\":\"https:\/\/crees.org.do\/\",\"name\":\"CREES\",\"description\":\"Centro Regional de Estrategias Econ\u00f3micas Sostenibles\",\"publisher\":{\"@id\":\"https:\/\/crees.org.do\/#organization\"},\"potentialAction\":[{\"@type\":\"SearchAction\",\"target\":{\"@type\":\"EntryPoint\",\"urlTemplate\":\"https:\/\/crees.org.do\/?s={search_term_string}\"},\"query-input\":{\"@type\":\"PropertyValueSpecification\",\"valueRequired\":true,\"valueName\":\"search_term_string\"}}],\"inLanguage\":\"es\"},{\"@type\":\"Organization\",\"@id\":\"https:\/\/crees.org.do\/#organization\",\"name\":\"CREES | Centro Regional de Estrategias Econ\u00f3micas Sostenibles\",\"url\":\"https:\/\/crees.org.do\/\",\"logo\":{\"@type\":\"ImageObject\",\"inLanguage\":\"es\",\"@id\":\"https:\/\/crees.org.do\/#\/schema\/logo\/image\/\",\"url\":\"https:\/\/crees.org.do\/wp-content\/uploads\/2022\/03\/crees-logo-1.jpg\",\"contentUrl\":\"https:\/\/crees.org.do\/wp-content\/uploads\/2022\/03\/crees-logo-1.jpg\",\"width\":244,\"height\":71,\"caption\":\"CREES | Centro Regional de Estrategias Econ\u00f3micas Sostenibles\"},\"image\":{\"@id\":\"https:\/\/crees.org.do\/#\/schema\/logo\/image\/\"},\"sameAs\":[\"https:\/\/www.facebook.com\/CREESRD\/\",\"https:\/\/x.com\/CREESRD\"]},{\"@type\":\"Person\",\"@id\":\"https:\/\/crees.org.do\/#\/schema\/person\/e7f97cd94d7bf9cd0e0ce30acb7d56b8\",\"name\":\"Crees\",\"image\":{\"@type\":\"ImageObject\",\"inLanguage\":\"es\",\"@id\":\"https:\/\/crees.org.do\/#\/schema\/person\/image\/\",\"url\":\"https:\/\/secure.gravatar.com\/avatar\/390ac8f0be5d9aa046152553e2dd7011b59a512d89c150f5e5f28bb8d9a0b165?s=96&d=mm&r=g\",\"contentUrl\":\"https:\/\/secure.gravatar.com\/avatar\/390ac8f0be5d9aa046152553e2dd7011b59a512d89c150f5e5f28bb8d9a0b165?s=96&d=mm&r=g\",\"caption\":\"Crees\"},\"url\":\"https:\/\/crees.org.do\/?author=2\"}]}<\/script>\n<!-- \/ Yoast SEO plugin. -->","yoast_head_json":{"title":"Se encarece la deuda de la Rep\u00fablica Dominicana | CREES","robots":{"index":"index","follow":"follow","max-snippet":"max-snippet:-1","max-image-preview":"max-image-preview:large","max-video-preview":"max-video-preview:-1"},"canonical":"https:\/\/crees.org.do\/?p=23774","og_locale":"es_ES","og_type":"article","og_title":"Se encarece la deuda de la Rep\u00fablica Dominicana | CREES","og_description":"Autor: Ubaldo Guzm\u00e1n Molina Fecha: 23 de agosto del 2022 Extra\u00eddo de:\u00a0Peri\u00f3dico Hoy\u00a0 La\u00a0deuda dominicana\u00a0se ha vuelto m\u00e1s cara debido a que los rendimientos demandados para bonos y letras han aumentado hasta un 72% durante este a\u00f1o, seg\u00fan un an\u00e1lisis del Centro Regional de Estrategias Econ\u00f3micas Sostenibles (CREES). Los bonos soberanos emitidos a mediados de...","og_url":"https:\/\/crees.org.do\/?p=23774","og_site_name":"CREES","article_publisher":"https:\/\/www.facebook.com\/CREESRD\/","article_published_time":"2022-08-23T13:55:22+00:00","og_image":[{"width":816,"height":568,"url":"https:\/\/crees.org.do\/wp-content\/uploads\/2022\/08\/11_Economia_23_3p03.jpg","type":"image\/jpeg"}],"author":"Crees","twitter_card":"summary_large_image","twitter_creator":"@CREESRD","twitter_site":"@CREESRD","twitter_misc":{"Escrito por":"Crees","Tiempo de lectura":"2 minutos"},"schema":{"@context":"https:\/\/schema.org","@graph":[{"@type":"Article","@id":"https:\/\/crees.org.do\/?p=23774#article","isPartOf":{"@id":"https:\/\/crees.org.do\/?p=23774"},"author":{"name":"Crees","@id":"https:\/\/crees.org.do\/#\/schema\/person\/e7f97cd94d7bf9cd0e0ce30acb7d56b8"},"headline":"Se encarece la deuda de la Rep\u00fablica Dominicana","datePublished":"2022-08-23T13:55:22+00:00","mainEntityOfPage":{"@id":"https:\/\/crees.org.do\/?p=23774"},"wordCount":415,"publisher":{"@id":"https:\/\/crees.org.do\/#organization"},"image":{"@id":"https:\/\/crees.org.do\/?p=23774#primaryimage"},"thumbnailUrl":"https:\/\/crees.org.do\/wp-content\/uploads\/2022\/08\/11_Economia_23_3p03.jpg","articleSection":["Actualidad"],"inLanguage":"es"},{"@type":"WebPage","@id":"https:\/\/crees.org.do\/?p=23774","url":"https:\/\/crees.org.do\/?p=23774","name":"Se encarece la deuda de la Rep\u00fablica Dominicana | CREES","isPartOf":{"@id":"https:\/\/crees.org.do\/#website"},"primaryImageOfPage":{"@id":"https:\/\/crees.org.do\/?p=23774#primaryimage"},"image":{"@id":"https:\/\/crees.org.do\/?p=23774#primaryimage"},"thumbnailUrl":"https:\/\/crees.org.do\/wp-content\/uploads\/2022\/08\/11_Economia_23_3p03.jpg","datePublished":"2022-08-23T13:55:22+00:00","breadcrumb":{"@id":"https:\/\/crees.org.do\/?p=23774#breadcrumb"},"inLanguage":"es","potentialAction":[{"@type":"ReadAction","target":["https:\/\/crees.org.do\/?p=23774"]}]},{"@type":"ImageObject","inLanguage":"es","@id":"https:\/\/crees.org.do\/?p=23774#primaryimage","url":"https:\/\/crees.org.do\/wp-content\/uploads\/2022\/08\/11_Economia_23_3p03.jpg","contentUrl":"https:\/\/crees.org.do\/wp-content\/uploads\/2022\/08\/11_Economia_23_3p03.jpg","width":816,"height":568},{"@type":"BreadcrumbList","@id":"https:\/\/crees.org.do\/?p=23774#breadcrumb","itemListElement":[{"@type":"ListItem","position":1,"name":"Portada","item":"https:\/\/crees.org.do\/"},{"@type":"ListItem","position":2,"name":"Se encarece la deuda de la Rep\u00fablica Dominicana"}]},{"@type":"WebSite","@id":"https:\/\/crees.org.do\/#website","url":"https:\/\/crees.org.do\/","name":"CREES","description":"Centro Regional de Estrategias Econ\u00f3micas Sostenibles","publisher":{"@id":"https:\/\/crees.org.do\/#organization"},"potentialAction":[{"@type":"SearchAction","target":{"@type":"EntryPoint","urlTemplate":"https:\/\/crees.org.do\/?s={search_term_string}"},"query-input":{"@type":"PropertyValueSpecification","valueRequired":true,"valueName":"search_term_string"}}],"inLanguage":"es"},{"@type":"Organization","@id":"https:\/\/crees.org.do\/#organization","name":"CREES | Centro Regional de Estrategias Econ\u00f3micas Sostenibles","url":"https:\/\/crees.org.do\/","logo":{"@type":"ImageObject","inLanguage":"es","@id":"https:\/\/crees.org.do\/#\/schema\/logo\/image\/","url":"https:\/\/crees.org.do\/wp-content\/uploads\/2022\/03\/crees-logo-1.jpg","contentUrl":"https:\/\/crees.org.do\/wp-content\/uploads\/2022\/03\/crees-logo-1.jpg","width":244,"height":71,"caption":"CREES | Centro Regional de Estrategias Econ\u00f3micas Sostenibles"},"image":{"@id":"https:\/\/crees.org.do\/#\/schema\/logo\/image\/"},"sameAs":["https:\/\/www.facebook.com\/CREESRD\/","https:\/\/x.com\/CREESRD"]},{"@type":"Person","@id":"https:\/\/crees.org.do\/#\/schema\/person\/e7f97cd94d7bf9cd0e0ce30acb7d56b8","name":"Crees","image":{"@type":"ImageObject","inLanguage":"es","@id":"https:\/\/crees.org.do\/#\/schema\/person\/image\/","url":"https:\/\/secure.gravatar.com\/avatar\/390ac8f0be5d9aa046152553e2dd7011b59a512d89c150f5e5f28bb8d9a0b165?s=96&d=mm&r=g","contentUrl":"https:\/\/secure.gravatar.com\/avatar\/390ac8f0be5d9aa046152553e2dd7011b59a512d89c150f5e5f28bb8d9a0b165?s=96&d=mm&r=g","caption":"Crees"},"url":"https:\/\/crees.org.do\/?author=2"}]}},"_links":{"self":[{"href":"https:\/\/crees.org.do\/index.php?rest_route=\/wp\/v2\/posts\/23774","targetHints":{"allow":["GET"]}}],"collection":[{"href":"https:\/\/crees.org.do\/index.php?rest_route=\/wp\/v2\/posts"}],"about":[{"href":"https:\/\/crees.org.do\/index.php?rest_route=\/wp\/v2\/types\/post"}],"author":[{"embeddable":true,"href":"https:\/\/crees.org.do\/index.php?rest_route=\/wp\/v2\/users\/2"}],"replies":[{"embeddable":true,"href":"https:\/\/crees.org.do\/index.php?rest_route=%2Fwp%2Fv2%2Fcomments&post=23774"}],"version-history":[{"count":1,"href":"https:\/\/crees.org.do\/index.php?rest_route=\/wp\/v2\/posts\/23774\/revisions"}],"predecessor-version":[{"id":23776,"href":"https:\/\/crees.org.do\/index.php?rest_route=\/wp\/v2\/posts\/23774\/revisions\/23776"}],"wp:featuredmedia":[{"embeddable":true,"href":"https:\/\/crees.org.do\/index.php?rest_route=\/wp\/v2\/media\/23775"}],"wp:attachment":[{"href":"https:\/\/crees.org.do\/index.php?rest_route=%2Fwp%2Fv2%2Fmedia&parent=23774"}],"wp:term":[{"taxonomy":"category","embeddable":true,"href":"https:\/\/crees.org.do\/index.php?rest_route=%2Fwp%2Fv2%2Fcategories&post=23774"},{"taxonomy":"post_tag","embeddable":true,"href":"https:\/\/crees.org.do\/index.php?rest_route=%2Fwp%2Fv2%2Ftags&post=23774"}],"curies":[{"name":"wp","href":"https:\/\/api.w.org\/{rel}","templated":true}]}}