{"id":23789,"date":"2022-08-25T12:14:16","date_gmt":"2022-08-25T12:14:16","guid":{"rendered":"https:\/\/crees.org.do\/?p=23789"},"modified":"2022-08-29T12:14:34","modified_gmt":"2022-08-29T12:14:34","slug":"crees-republica-dominicana-debe-frenar-el-peso-de-la-deuda-externa-sobre-los-ingresos","status":"publish","type":"post","link":"https:\/\/crees.org.do\/?p=23789","title":{"rendered":"CREES: Rep\u00fablica Dominicana debe frenar el peso de la deuda externa sobre los ingresos"},"content":{"rendered":"<p>Autor: Alexis \u00c1lvarez<\/p>\n<p>Fecha: 25 de agosto del 2022<\/p>\n<p>Extra\u00eddo de: <a href=\"https:\/\/eldinero.com.do\/206206\/crees-republica-dominicana-debe-frenar-el-peso-de-la-deuda-externa-sobre-los-ingresos\/\">El Dinero<\/a><\/p>\n<p style=\"text-align: justify;\">El vicepresidente ejecutivo del Centro Regional de Estrategias Econ\u00f3micas Sostenibles (CREES), Miguel Collado Di Franco, consider\u00f3 que es impostergable discutir una reforma fiscal en Rep\u00fablica Dominicana, ya que el pa\u00eds tiene la quinta tasa m\u00e1s alta del impuesto al valor agregado (IVA) en Am\u00e9rica Latina, que es de un 18%, as\u00ed como impuesto sobre la renta (ISR) de mayor nivel de la regi\u00f3n, con un 27%.<\/p>\n<p style=\"text-align: justify;\">El ejecutivo del CREES asume que mientras m\u00e1s a\u00f1os pasen sin hacerse una reforma fiscal integral, mayor da\u00f1o se le hace a la econom\u00eda dominicana. A su entender, el reto que tendr\u00edan las autoridades a la hora de ejecutarla ser\u00eda superior al momento actual, porque el costo de endeudamiento crece cada vez.<\/p>\n<p style=\"text-align: justify;\">\u201cSi el Gobierno realiza las medidas como se debe, creo que los beneficios ser\u00e1n m\u00e1s tangibles para la poblaci\u00f3n, pues se obtendr\u00e1 una tasa de IVA y de impuesto sobre la renta m\u00e1s baja, pero tambi\u00e9n contaremos con una serie de reglas fiscales que organizar\u00eda mejor el gasto p\u00fablico y el endeudamiento\u201d, expres\u00f3 Collado Di Franco.<\/p>\n<p style=\"text-align: justify;\">Detall\u00f3 que la econom\u00eda dominicana debe frenar el peso que tiene el servicio de la deuda, particularmente el gasto en intereses de los ingresos tributarios que, a junio 2022, era de 24.8%, es decir, RD$25 por cada RD$100 recaudado.<\/p>\n<p style=\"text-align: justify;\">Adem\u00e1s, de no seguir contando con el rendimiento de los bonos que tiene el pa\u00eds en el mercado internacional, porque Estados Unidos est\u00e1 cambiando su tasa de pol\u00edtica monetaria, que en este a\u00f1o se ve que terminar\u00e1 en 3.5%, lo que no es favorable porque tendr\u00e1 que pagar m\u00e1s altos los intereses.<\/p>\n<p style=\"text-align: justify;\">Di Franco sostuvo que el d\u00e9ficit en 2022 tendr\u00eda un \u201cnivel mucho m\u00e1s inferior\u201d que lo reportado en 2021 en caso de haberse aplicado la reforma, sin embargo, lo que se ha hecho es gastar m\u00e1s sin pensar en el tema de controlar el crecimiento del endeudamiento p\u00fablico. \u201cSi bien es cierto que como porcentaje del PIB la deuda ha disminuido, no obstante, en valores absoluto se ha incrementado en m\u00e1s de US$7,000 millones\u201d, puntualiz\u00f3.<\/p>\n<p style=\"text-align: justify;\">El ejecutivo de CREES apela a una reforma basada no solo en la parte impositiva o tributaria, sino tambi\u00e9n, de reducir la base y ampliar la tasa. Esto con el objetivo de desmontar los incentivos, pues entiende que son factores que \u201chacen que no sea tan atractivo estar fuera de los mismos\u201d, provocando tanta informalidad, evasi\u00f3n y elusi\u00f3n.<\/p>\n<p style=\"text-align: justify;\">Durante una entrevista televisiva ofreci\u00f3 las declaraciones, donde tambi\u00e9n expres\u00f3 que hasta que no se corrija el actual m\u00e9todo, se seguir\u00e1 en la misma pol\u00edtica de endeudamiento y advirti\u00f3 que el presupuesto complementario superior a los US$1,000 millones que prev\u00e9 el gobierno realizar, ser\u00e1 \u201cmuy costoso\u201d para el pa\u00eds por los factores externos actuales.<\/p>\n<p style=\"text-align: justify;\">\n<div class=\"pvc_clear\"><\/div>\n<p class=\"pvc_stats all \" data-element-id=\"23789\" style=\"\"><i class=\"pvc-stats-icon medium\" aria-hidden=\"true\"><svg aria-hidden=\"true\" focusable=\"false\" data-prefix=\"far\" data-icon=\"chart-bar\" role=\"img\" xmlns=\"http:\/\/www.w3.org\/2000\/svg\" viewBox=\"0 0 512 512\" class=\"svg-inline--fa fa-chart-bar fa-w-16 fa-2x\"><path fill=\"currentColor\" d=\"M396.8 352h22.4c6.4 0 12.8-6.4 12.8-12.8V108.8c0-6.4-6.4-12.8-12.8-12.8h-22.4c-6.4 0-12.8 6.4-12.8 12.8v230.4c0 6.4 6.4 12.8 12.8 12.8zm-192 0h22.4c6.4 0 12.8-6.4 12.8-12.8V140.8c0-6.4-6.4-12.8-12.8-12.8h-22.4c-6.4 0-12.8 6.4-12.8 12.8v198.4c0 6.4 6.4 12.8 12.8 12.8zm96 0h22.4c6.4 0 12.8-6.4 12.8-12.8V204.8c0-6.4-6.4-12.8-12.8-12.8h-22.4c-6.4 0-12.8 6.4-12.8 12.8v134.4c0 6.4 6.4 12.8 12.8 12.8zM496 400H48V80c0-8.84-7.16-16-16-16H16C7.16 64 0 71.16 0 80v336c0 17.67 14.33 32 32 32h464c8.84 0 16-7.16 16-16v-16c0-8.84-7.16-16-16-16zm-387.2-48h22.4c6.4 0 12.8-6.4 12.8-12.8v-70.4c0-6.4-6.4-12.8-12.8-12.8h-22.4c-6.4 0-12.8 6.4-12.8 12.8v70.4c0 6.4 6.4 12.8 12.8 12.8z\" class=\"\"><\/path><\/svg><\/i> Vistas Totales&nbsp;1,182&nbsp;, Vistas Hoy&nbsp;4&nbsp;<\/p>\n<div class=\"pvc_clear\"><\/div>\n","protected":false},"excerpt":{"rendered":"<p>Autor: Alexis \u00c1lvarez Fecha: 25 de agosto del 2022 Extra\u00eddo de: El Dinero El vicepresidente ejecutivo del Centro Regional de Estrategias Econ\u00f3micas Sostenibles (CREES), Miguel Collado Di Franco, consider\u00f3 que es impostergable discutir una reforma fiscal en Rep\u00fablica Dominicana, ya que el pa\u00eds tiene la quinta tasa m\u00e1s alta del impuesto al valor agregado (IVA)&#8230;<\/p>\n<div class=\"pvc_clear\"><\/div>\n<p class=\"pvc_stats all \" data-element-id=\"23789\" style=\"\"><i class=\"pvc-stats-icon medium\" aria-hidden=\"true\"><svg aria-hidden=\"true\" focusable=\"false\" data-prefix=\"far\" data-icon=\"chart-bar\" role=\"img\" xmlns=\"http:\/\/www.w3.org\/2000\/svg\" viewBox=\"0 0 512 512\" class=\"svg-inline--fa fa-chart-bar fa-w-16 fa-2x\"><path fill=\"currentColor\" d=\"M396.8 352h22.4c6.4 0 12.8-6.4 12.8-12.8V108.8c0-6.4-6.4-12.8-12.8-12.8h-22.4c-6.4 0-12.8 6.4-12.8 12.8v230.4c0 6.4 6.4 12.8 12.8 12.8zm-192 0h22.4c6.4 0 12.8-6.4 12.8-12.8V140.8c0-6.4-6.4-12.8-12.8-12.8h-22.4c-6.4 0-12.8 6.4-12.8 12.8v198.4c0 6.4 6.4 12.8 12.8 12.8zm96 0h22.4c6.4 0 12.8-6.4 12.8-12.8V204.8c0-6.4-6.4-12.8-12.8-12.8h-22.4c-6.4 0-12.8 6.4-12.8 12.8v134.4c0 6.4 6.4 12.8 12.8 12.8zM496 400H48V80c0-8.84-7.16-16-16-16H16C7.16 64 0 71.16 0 80v336c0 17.67 14.33 32 32 32h464c8.84 0 16-7.16 16-16v-16c0-8.84-7.16-16-16-16zm-387.2-48h22.4c6.4 0 12.8-6.4 12.8-12.8v-70.4c0-6.4-6.4-12.8-12.8-12.8h-22.4c-6.4 0-12.8 6.4-12.8 12.8v70.4c0 6.4 6.4 12.8 12.8 12.8z\" class=\"\"><\/path><\/svg><\/i> Vistas Totales&nbsp;1,182&nbsp;, Vistas Hoy&nbsp;4&nbsp;<\/p>\n<div class=\"pvc_clear\"><\/div>\n","protected":false},"author":2,"featured_media":23374,"comment_status":"closed","ping_status":"closed","sticky":false,"template":"","format":"standard","meta":{"footnotes":""},"categories":[19],"tags":[],"class_list":["post-23789","post","type-post","status-publish","format-standard","has-post-thumbnail","hentry","category-actualidad"],"yoast_head":"<!-- This site is optimized with the Yoast SEO plugin v25.2 - https:\/\/yoast.com\/wordpress\/plugins\/seo\/ -->\n<title>CREES: Rep\u00fablica Dominicana debe frenar el peso de la deuda externa sobre los ingresos | CREES<\/title>\n<meta name=\"robots\" content=\"index, follow, max-snippet:-1, max-image-preview:large, max-video-preview:-1\" \/>\n<link rel=\"canonical\" href=\"https:\/\/crees.org.do\/?p=23789\" \/>\n<meta property=\"og:locale\" content=\"es_ES\" \/>\n<meta property=\"og:type\" content=\"article\" \/>\n<meta property=\"og:title\" content=\"CREES: Rep\u00fablica Dominicana debe frenar el peso de la deuda externa sobre los ingresos | CREES\" \/>\n<meta property=\"og:description\" content=\"Autor: Alexis \u00c1lvarez Fecha: 25 de agosto del 2022 Extra\u00eddo de: El Dinero El vicepresidente ejecutivo del Centro Regional de Estrategias Econ\u00f3micas Sostenibles (CREES), Miguel Collado Di Franco, consider\u00f3 que es impostergable discutir una reforma fiscal en Rep\u00fablica Dominicana, ya que el pa\u00eds tiene la quinta tasa m\u00e1s alta del impuesto al valor agregado (IVA)...\" \/>\n<meta property=\"og:url\" content=\"https:\/\/crees.org.do\/?p=23789\" \/>\n<meta property=\"og:site_name\" content=\"CREES\" \/>\n<meta property=\"article:publisher\" content=\"https:\/\/www.facebook.com\/CREESRD\/\" \/>\n<meta property=\"article:published_time\" content=\"2022-08-25T12:14:16+00:00\" \/>\n<meta property=\"article:modified_time\" content=\"2022-08-29T12:14:34+00:00\" \/>\n<meta property=\"og:image\" content=\"https:\/\/crees.org.do\/wp-content\/uploads\/2022\/06\/Miguel-Collado-Di-Franco-750x375-1.jpeg\" \/>\n\t<meta property=\"og:image:width\" content=\"750\" \/>\n\t<meta property=\"og:image:height\" content=\"375\" \/>\n\t<meta property=\"og:image:type\" content=\"image\/jpeg\" \/>\n<meta name=\"author\" content=\"Crees\" \/>\n<meta name=\"twitter:card\" content=\"summary_large_image\" \/>\n<meta name=\"twitter:creator\" content=\"@CREESRD\" \/>\n<meta name=\"twitter:site\" content=\"@CREESRD\" \/>\n<meta name=\"twitter:label1\" content=\"Escrito por\" \/>\n\t<meta name=\"twitter:data1\" content=\"Crees\" \/>\n\t<meta name=\"twitter:label2\" content=\"Tiempo de lectura\" \/>\n\t<meta name=\"twitter:data2\" content=\"2 minutos\" \/>\n<script type=\"application\/ld+json\" class=\"yoast-schema-graph\">{\"@context\":\"https:\/\/schema.org\",\"@graph\":[{\"@type\":\"Article\",\"@id\":\"https:\/\/crees.org.do\/?p=23789#article\",\"isPartOf\":{\"@id\":\"https:\/\/crees.org.do\/?p=23789\"},\"author\":{\"name\":\"Crees\",\"@id\":\"https:\/\/crees.org.do\/#\/schema\/person\/e7f97cd94d7bf9cd0e0ce30acb7d56b8\"},\"headline\":\"CREES: Rep\u00fablica Dominicana debe frenar el peso de la deuda externa sobre los ingresos\",\"datePublished\":\"2022-08-25T12:14:16+00:00\",\"dateModified\":\"2022-08-29T12:14:34+00:00\",\"mainEntityOfPage\":{\"@id\":\"https:\/\/crees.org.do\/?p=23789\"},\"wordCount\":510,\"publisher\":{\"@id\":\"https:\/\/crees.org.do\/#organization\"},\"image\":{\"@id\":\"https:\/\/crees.org.do\/?p=23789#primaryimage\"},\"thumbnailUrl\":\"https:\/\/crees.org.do\/wp-content\/uploads\/2022\/06\/Miguel-Collado-Di-Franco-750x375-1.jpeg\",\"articleSection\":[\"Actualidad\"],\"inLanguage\":\"es\"},{\"@type\":\"WebPage\",\"@id\":\"https:\/\/crees.org.do\/?p=23789\",\"url\":\"https:\/\/crees.org.do\/?p=23789\",\"name\":\"CREES: Rep\u00fablica Dominicana debe frenar el peso de la deuda externa sobre los ingresos | CREES\",\"isPartOf\":{\"@id\":\"https:\/\/crees.org.do\/#website\"},\"primaryImageOfPage\":{\"@id\":\"https:\/\/crees.org.do\/?p=23789#primaryimage\"},\"image\":{\"@id\":\"https:\/\/crees.org.do\/?p=23789#primaryimage\"},\"thumbnailUrl\":\"https:\/\/crees.org.do\/wp-content\/uploads\/2022\/06\/Miguel-Collado-Di-Franco-750x375-1.jpeg\",\"datePublished\":\"2022-08-25T12:14:16+00:00\",\"dateModified\":\"2022-08-29T12:14:34+00:00\",\"breadcrumb\":{\"@id\":\"https:\/\/crees.org.do\/?p=23789#breadcrumb\"},\"inLanguage\":\"es\",\"potentialAction\":[{\"@type\":\"ReadAction\",\"target\":[\"https:\/\/crees.org.do\/?p=23789\"]}]},{\"@type\":\"ImageObject\",\"inLanguage\":\"es\",\"@id\":\"https:\/\/crees.org.do\/?p=23789#primaryimage\",\"url\":\"https:\/\/crees.org.do\/wp-content\/uploads\/2022\/06\/Miguel-Collado-Di-Franco-750x375-1.jpeg\",\"contentUrl\":\"https:\/\/crees.org.do\/wp-content\/uploads\/2022\/06\/Miguel-Collado-Di-Franco-750x375-1.jpeg\",\"width\":750,\"height\":375},{\"@type\":\"BreadcrumbList\",\"@id\":\"https:\/\/crees.org.do\/?p=23789#breadcrumb\",\"itemListElement\":[{\"@type\":\"ListItem\",\"position\":1,\"name\":\"Portada\",\"item\":\"https:\/\/crees.org.do\/\"},{\"@type\":\"ListItem\",\"position\":2,\"name\":\"CREES: Rep\u00fablica Dominicana debe frenar el peso de la deuda externa sobre los ingresos\"}]},{\"@type\":\"WebSite\",\"@id\":\"https:\/\/crees.org.do\/#website\",\"url\":\"https:\/\/crees.org.do\/\",\"name\":\"CREES\",\"description\":\"Centro Regional de Estrategias Econ\u00f3micas Sostenibles\",\"publisher\":{\"@id\":\"https:\/\/crees.org.do\/#organization\"},\"potentialAction\":[{\"@type\":\"SearchAction\",\"target\":{\"@type\":\"EntryPoint\",\"urlTemplate\":\"https:\/\/crees.org.do\/?s={search_term_string}\"},\"query-input\":{\"@type\":\"PropertyValueSpecification\",\"valueRequired\":true,\"valueName\":\"search_term_string\"}}],\"inLanguage\":\"es\"},{\"@type\":\"Organization\",\"@id\":\"https:\/\/crees.org.do\/#organization\",\"name\":\"CREES | Centro Regional de Estrategias Econ\u00f3micas Sostenibles\",\"url\":\"https:\/\/crees.org.do\/\",\"logo\":{\"@type\":\"ImageObject\",\"inLanguage\":\"es\",\"@id\":\"https:\/\/crees.org.do\/#\/schema\/logo\/image\/\",\"url\":\"https:\/\/crees.org.do\/wp-content\/uploads\/2022\/03\/crees-logo-1.jpg\",\"contentUrl\":\"https:\/\/crees.org.do\/wp-content\/uploads\/2022\/03\/crees-logo-1.jpg\",\"width\":244,\"height\":71,\"caption\":\"CREES | Centro Regional de Estrategias Econ\u00f3micas Sostenibles\"},\"image\":{\"@id\":\"https:\/\/crees.org.do\/#\/schema\/logo\/image\/\"},\"sameAs\":[\"https:\/\/www.facebook.com\/CREESRD\/\",\"https:\/\/x.com\/CREESRD\"]},{\"@type\":\"Person\",\"@id\":\"https:\/\/crees.org.do\/#\/schema\/person\/e7f97cd94d7bf9cd0e0ce30acb7d56b8\",\"name\":\"Crees\",\"image\":{\"@type\":\"ImageObject\",\"inLanguage\":\"es\",\"@id\":\"https:\/\/crees.org.do\/#\/schema\/person\/image\/\",\"url\":\"https:\/\/secure.gravatar.com\/avatar\/390ac8f0be5d9aa046152553e2dd7011b59a512d89c150f5e5f28bb8d9a0b165?s=96&d=mm&r=g\",\"contentUrl\":\"https:\/\/secure.gravatar.com\/avatar\/390ac8f0be5d9aa046152553e2dd7011b59a512d89c150f5e5f28bb8d9a0b165?s=96&d=mm&r=g\",\"caption\":\"Crees\"},\"url\":\"https:\/\/crees.org.do\/?author=2\"}]}<\/script>\n<!-- \/ Yoast SEO plugin. -->","yoast_head_json":{"title":"CREES: Rep\u00fablica Dominicana debe frenar el peso de la deuda externa sobre los ingresos | CREES","robots":{"index":"index","follow":"follow","max-snippet":"max-snippet:-1","max-image-preview":"max-image-preview:large","max-video-preview":"max-video-preview:-1"},"canonical":"https:\/\/crees.org.do\/?p=23789","og_locale":"es_ES","og_type":"article","og_title":"CREES: Rep\u00fablica Dominicana debe frenar el peso de la deuda externa sobre los ingresos | CREES","og_description":"Autor: Alexis \u00c1lvarez Fecha: 25 de agosto del 2022 Extra\u00eddo de: El Dinero El vicepresidente ejecutivo del Centro Regional de Estrategias Econ\u00f3micas Sostenibles (CREES), Miguel Collado Di Franco, consider\u00f3 que es impostergable discutir una reforma fiscal en Rep\u00fablica Dominicana, ya que el pa\u00eds tiene la quinta tasa m\u00e1s alta del impuesto al valor agregado (IVA)...","og_url":"https:\/\/crees.org.do\/?p=23789","og_site_name":"CREES","article_publisher":"https:\/\/www.facebook.com\/CREESRD\/","article_published_time":"2022-08-25T12:14:16+00:00","article_modified_time":"2022-08-29T12:14:34+00:00","og_image":[{"width":750,"height":375,"url":"https:\/\/crees.org.do\/wp-content\/uploads\/2022\/06\/Miguel-Collado-Di-Franco-750x375-1.jpeg","type":"image\/jpeg"}],"author":"Crees","twitter_card":"summary_large_image","twitter_creator":"@CREESRD","twitter_site":"@CREESRD","twitter_misc":{"Escrito por":"Crees","Tiempo de lectura":"2 minutos"},"schema":{"@context":"https:\/\/schema.org","@graph":[{"@type":"Article","@id":"https:\/\/crees.org.do\/?p=23789#article","isPartOf":{"@id":"https:\/\/crees.org.do\/?p=23789"},"author":{"name":"Crees","@id":"https:\/\/crees.org.do\/#\/schema\/person\/e7f97cd94d7bf9cd0e0ce30acb7d56b8"},"headline":"CREES: Rep\u00fablica Dominicana debe frenar el peso de la deuda externa sobre los ingresos","datePublished":"2022-08-25T12:14:16+00:00","dateModified":"2022-08-29T12:14:34+00:00","mainEntityOfPage":{"@id":"https:\/\/crees.org.do\/?p=23789"},"wordCount":510,"publisher":{"@id":"https:\/\/crees.org.do\/#organization"},"image":{"@id":"https:\/\/crees.org.do\/?p=23789#primaryimage"},"thumbnailUrl":"https:\/\/crees.org.do\/wp-content\/uploads\/2022\/06\/Miguel-Collado-Di-Franco-750x375-1.jpeg","articleSection":["Actualidad"],"inLanguage":"es"},{"@type":"WebPage","@id":"https:\/\/crees.org.do\/?p=23789","url":"https:\/\/crees.org.do\/?p=23789","name":"CREES: Rep\u00fablica Dominicana debe frenar el peso de la deuda externa sobre los ingresos | CREES","isPartOf":{"@id":"https:\/\/crees.org.do\/#website"},"primaryImageOfPage":{"@id":"https:\/\/crees.org.do\/?p=23789#primaryimage"},"image":{"@id":"https:\/\/crees.org.do\/?p=23789#primaryimage"},"thumbnailUrl":"https:\/\/crees.org.do\/wp-content\/uploads\/2022\/06\/Miguel-Collado-Di-Franco-750x375-1.jpeg","datePublished":"2022-08-25T12:14:16+00:00","dateModified":"2022-08-29T12:14:34+00:00","breadcrumb":{"@id":"https:\/\/crees.org.do\/?p=23789#breadcrumb"},"inLanguage":"es","potentialAction":[{"@type":"ReadAction","target":["https:\/\/crees.org.do\/?p=23789"]}]},{"@type":"ImageObject","inLanguage":"es","@id":"https:\/\/crees.org.do\/?p=23789#primaryimage","url":"https:\/\/crees.org.do\/wp-content\/uploads\/2022\/06\/Miguel-Collado-Di-Franco-750x375-1.jpeg","contentUrl":"https:\/\/crees.org.do\/wp-content\/uploads\/2022\/06\/Miguel-Collado-Di-Franco-750x375-1.jpeg","width":750,"height":375},{"@type":"BreadcrumbList","@id":"https:\/\/crees.org.do\/?p=23789#breadcrumb","itemListElement":[{"@type":"ListItem","position":1,"name":"Portada","item":"https:\/\/crees.org.do\/"},{"@type":"ListItem","position":2,"name":"CREES: Rep\u00fablica Dominicana debe frenar el peso de la deuda externa sobre los ingresos"}]},{"@type":"WebSite","@id":"https:\/\/crees.org.do\/#website","url":"https:\/\/crees.org.do\/","name":"CREES","description":"Centro Regional de Estrategias Econ\u00f3micas Sostenibles","publisher":{"@id":"https:\/\/crees.org.do\/#organization"},"potentialAction":[{"@type":"SearchAction","target":{"@type":"EntryPoint","urlTemplate":"https:\/\/crees.org.do\/?s={search_term_string}"},"query-input":{"@type":"PropertyValueSpecification","valueRequired":true,"valueName":"search_term_string"}}],"inLanguage":"es"},{"@type":"Organization","@id":"https:\/\/crees.org.do\/#organization","name":"CREES | Centro Regional de Estrategias Econ\u00f3micas Sostenibles","url":"https:\/\/crees.org.do\/","logo":{"@type":"ImageObject","inLanguage":"es","@id":"https:\/\/crees.org.do\/#\/schema\/logo\/image\/","url":"https:\/\/crees.org.do\/wp-content\/uploads\/2022\/03\/crees-logo-1.jpg","contentUrl":"https:\/\/crees.org.do\/wp-content\/uploads\/2022\/03\/crees-logo-1.jpg","width":244,"height":71,"caption":"CREES | Centro Regional de Estrategias Econ\u00f3micas Sostenibles"},"image":{"@id":"https:\/\/crees.org.do\/#\/schema\/logo\/image\/"},"sameAs":["https:\/\/www.facebook.com\/CREESRD\/","https:\/\/x.com\/CREESRD"]},{"@type":"Person","@id":"https:\/\/crees.org.do\/#\/schema\/person\/e7f97cd94d7bf9cd0e0ce30acb7d56b8","name":"Crees","image":{"@type":"ImageObject","inLanguage":"es","@id":"https:\/\/crees.org.do\/#\/schema\/person\/image\/","url":"https:\/\/secure.gravatar.com\/avatar\/390ac8f0be5d9aa046152553e2dd7011b59a512d89c150f5e5f28bb8d9a0b165?s=96&d=mm&r=g","contentUrl":"https:\/\/secure.gravatar.com\/avatar\/390ac8f0be5d9aa046152553e2dd7011b59a512d89c150f5e5f28bb8d9a0b165?s=96&d=mm&r=g","caption":"Crees"},"url":"https:\/\/crees.org.do\/?author=2"}]}},"_links":{"self":[{"href":"https:\/\/crees.org.do\/index.php?rest_route=\/wp\/v2\/posts\/23789","targetHints":{"allow":["GET"]}}],"collection":[{"href":"https:\/\/crees.org.do\/index.php?rest_route=\/wp\/v2\/posts"}],"about":[{"href":"https:\/\/crees.org.do\/index.php?rest_route=\/wp\/v2\/types\/post"}],"author":[{"embeddable":true,"href":"https:\/\/crees.org.do\/index.php?rest_route=\/wp\/v2\/users\/2"}],"replies":[{"embeddable":true,"href":"https:\/\/crees.org.do\/index.php?rest_route=%2Fwp%2Fv2%2Fcomments&post=23789"}],"version-history":[{"count":1,"href":"https:\/\/crees.org.do\/index.php?rest_route=\/wp\/v2\/posts\/23789\/revisions"}],"predecessor-version":[{"id":23790,"href":"https:\/\/crees.org.do\/index.php?rest_route=\/wp\/v2\/posts\/23789\/revisions\/23790"}],"wp:featuredmedia":[{"embeddable":true,"href":"https:\/\/crees.org.do\/index.php?rest_route=\/wp\/v2\/media\/23374"}],"wp:attachment":[{"href":"https:\/\/crees.org.do\/index.php?rest_route=%2Fwp%2Fv2%2Fmedia&parent=23789"}],"wp:term":[{"taxonomy":"category","embeddable":true,"href":"https:\/\/crees.org.do\/index.php?rest_route=%2Fwp%2Fv2%2Fcategories&post=23789"},{"taxonomy":"post_tag","embeddable":true,"href":"https:\/\/crees.org.do\/index.php?rest_route=%2Fwp%2Fv2%2Ftags&post=23789"}],"curies":[{"name":"wp","href":"https:\/\/api.w.org\/{rel}","templated":true}]}}