{"id":23800,"date":"2022-08-31T13:09:57","date_gmt":"2022-08-31T13:09:57","guid":{"rendered":"https:\/\/crees.org.do\/?p=23800"},"modified":"2022-09-08T19:51:29","modified_gmt":"2022-09-08T19:51:29","slug":"se-encarece-la-produccion-manufacturera-en-el-pais","status":"publish","type":"post","link":"https:\/\/crees.org.do\/?p=23800","title":{"rendered":"Se encarece la producci\u00f3n manufacturera en el pa\u00eds"},"content":{"rendered":"<p>Autor: Ubaldo Guzm\u00e1n Molina<\/p>\n<p>Fecha: 31 de agosto del 2022<\/p>\n<p>Extra\u00eddo de:\u00a0<a href=\"https:\/\/hoy.com.do\/se-encarece-la-produccion-manufacturera-en-el-pais\/\">Peri\u00f3dico Hoy<\/a><\/p>\n<p style=\"text-align: justify;\">La\u00a0<strong>producci\u00f3n manufactura del pa\u00eds<\/strong>\u00a0en julio de este a\u00f1o fue 12% m\u00e1s cara que hace un a\u00f1o, pues pas\u00f3 de 138.1 a 154.6, de acuerdo con el \u00cdndice de Precios del Productor (IPP) de las Industrias Manufactureras elaborado por la\u00a0<strong>Oficina Nacional de Estad\u00edstica (ONE).<\/strong><\/p>\n<p style=\"text-align: justify;\">Este indicador estad\u00edstico mide el cambio porcentual promedio de los precios de una canasta de bienes caracter\u00edsticos de la producci\u00f3n nacional manufacturera entre\u00a0<strong>321 empresas<\/strong>\u00a0que producen para el mercado local y exportan.<\/p>\n<p style=\"text-align: justify;\">En comparaci\u00f3n con el a\u00f1o 2020, la producci\u00f3n manufacturera present\u00f3\u00a0<strong>un incremento de 23.2%.<\/strong><\/p>\n<p style=\"text-align: justify;\">Entre las actividades que han experimentado mayores incrementos interanuales en sus precios en julio de 2022 figuran la fabricaci\u00f3n de coque y productos de la refinaci\u00f3n de petr\u00f3leo (71.8%), la fabricaci\u00f3n de metales comunes (21.6%), la fabricaci\u00f3n de productos minerales no met\u00e1licos (20.4%) y la fabricaci\u00f3n de productos de caucho y pl\u00e1stico (16.6%).<\/p>\n<p style=\"text-align: justify;\">El encarecimiento de la producci\u00f3n manufacturera dominicana guarda relaci\u00f3n con el aumento de los precios de venta al consumidor de los productos terminados, sostiene el Centro Regional de Estrategias Econ\u00f3micas Sostenibles (CREES).<\/p>\n<p style=\"text-align: justify;\">Plantea que si bien un incremento en el costo de producci\u00f3n no significa un incremento de la misma magnitud en los precios de venta, el mismo s\u00ed tiene una incidencia en los precios de los bienes que adquieren las personas en las\u00a0<strong>tiendas f\u00edsicas y virtuales.<\/strong><\/p>\n<p style=\"text-align: justify;\">De diciembre del 2021 a julio del 2022, las principales disminuciones se registraron en fabricaci\u00f3n de maquinaria y equipo, con un -0.02%; elaboraci\u00f3n de productos de tabaco, con un -0.73% y fabricaci\u00f3n de productos de cuero y productos conexos, con un -2.51%.<\/p>\n<p style=\"text-align: justify;\">Desde febrero de este a\u00f1o hasta julio, la producci\u00f3n manufactura del pa\u00eds\u00a0<strong>ha registrado un incremento continuo<\/strong>, se\u00f1ala la ONE.<\/p>\n<div class=\"pvc_clear\"><\/div>\n<p class=\"pvc_stats all \" data-element-id=\"23800\" style=\"\"><i class=\"pvc-stats-icon medium\" aria-hidden=\"true\"><svg aria-hidden=\"true\" focusable=\"false\" data-prefix=\"far\" data-icon=\"chart-bar\" role=\"img\" xmlns=\"http:\/\/www.w3.org\/2000\/svg\" viewBox=\"0 0 512 512\" class=\"svg-inline--fa fa-chart-bar fa-w-16 fa-2x\"><path fill=\"currentColor\" d=\"M396.8 352h22.4c6.4 0 12.8-6.4 12.8-12.8V108.8c0-6.4-6.4-12.8-12.8-12.8h-22.4c-6.4 0-12.8 6.4-12.8 12.8v230.4c0 6.4 6.4 12.8 12.8 12.8zm-192 0h22.4c6.4 0 12.8-6.4 12.8-12.8V140.8c0-6.4-6.4-12.8-12.8-12.8h-22.4c-6.4 0-12.8 6.4-12.8 12.8v198.4c0 6.4 6.4 12.8 12.8 12.8zm96 0h22.4c6.4 0 12.8-6.4 12.8-12.8V204.8c0-6.4-6.4-12.8-12.8-12.8h-22.4c-6.4 0-12.8 6.4-12.8 12.8v134.4c0 6.4 6.4 12.8 12.8 12.8zM496 400H48V80c0-8.84-7.16-16-16-16H16C7.16 64 0 71.16 0 80v336c0 17.67 14.33 32 32 32h464c8.84 0 16-7.16 16-16v-16c0-8.84-7.16-16-16-16zm-387.2-48h22.4c6.4 0 12.8-6.4 12.8-12.8v-70.4c0-6.4-6.4-12.8-12.8-12.8h-22.4c-6.4 0-12.8 6.4-12.8 12.8v70.4c0 6.4 6.4 12.8 12.8 12.8z\" class=\"\"><\/path><\/svg><\/i> Vistas Totales&nbsp;969&nbsp;<\/p>\n<div class=\"pvc_clear\"><\/div>\n","protected":false},"excerpt":{"rendered":"<p>Autor: Ubaldo Guzm\u00e1n Molina Fecha: 31 de agosto del 2022 Extra\u00eddo de:\u00a0Peri\u00f3dico Hoy La\u00a0producci\u00f3n manufactura del pa\u00eds\u00a0en julio de este a\u00f1o fue 12% m\u00e1s cara que hace un a\u00f1o, pues pas\u00f3 de 138.1 a 154.6, de acuerdo con el \u00cdndice de Precios del Productor (IPP) de las Industrias Manufactureras elaborado por la\u00a0Oficina Nacional de Estad\u00edstica&#8230;<\/p>\n<div class=\"pvc_clear\"><\/div>\n<p class=\"pvc_stats all \" data-element-id=\"23800\" style=\"\"><i class=\"pvc-stats-icon medium\" aria-hidden=\"true\"><svg aria-hidden=\"true\" focusable=\"false\" data-prefix=\"far\" data-icon=\"chart-bar\" role=\"img\" xmlns=\"http:\/\/www.w3.org\/2000\/svg\" viewBox=\"0 0 512 512\" class=\"svg-inline--fa fa-chart-bar fa-w-16 fa-2x\"><path fill=\"currentColor\" d=\"M396.8 352h22.4c6.4 0 12.8-6.4 12.8-12.8V108.8c0-6.4-6.4-12.8-12.8-12.8h-22.4c-6.4 0-12.8 6.4-12.8 12.8v230.4c0 6.4 6.4 12.8 12.8 12.8zm-192 0h22.4c6.4 0 12.8-6.4 12.8-12.8V140.8c0-6.4-6.4-12.8-12.8-12.8h-22.4c-6.4 0-12.8 6.4-12.8 12.8v198.4c0 6.4 6.4 12.8 12.8 12.8zm96 0h22.4c6.4 0 12.8-6.4 12.8-12.8V204.8c0-6.4-6.4-12.8-12.8-12.8h-22.4c-6.4 0-12.8 6.4-12.8 12.8v134.4c0 6.4 6.4 12.8 12.8 12.8zM496 400H48V80c0-8.84-7.16-16-16-16H16C7.16 64 0 71.16 0 80v336c0 17.67 14.33 32 32 32h464c8.84 0 16-7.16 16-16v-16c0-8.84-7.16-16-16-16zm-387.2-48h22.4c6.4 0 12.8-6.4 12.8-12.8v-70.4c0-6.4-6.4-12.8-12.8-12.8h-22.4c-6.4 0-12.8 6.4-12.8 12.8v70.4c0 6.4 6.4 12.8 12.8 12.8z\" class=\"\"><\/path><\/svg><\/i> Vistas Totales&nbsp;969&nbsp;<\/p>\n<div class=\"pvc_clear\"><\/div>\n","protected":false},"author":2,"featured_media":23801,"comment_status":"closed","ping_status":"closed","sticky":false,"template":"","format":"standard","meta":{"footnotes":""},"categories":[19],"tags":[],"class_list":["post-23800","post","type-post","status-publish","format-standard","has-post-thumbnail","hentry","category-actualidad"],"yoast_head":"<!-- This site is optimized with the Yoast SEO plugin v25.2 - https:\/\/yoast.com\/wordpress\/plugins\/seo\/ -->\n<title>Se encarece la producci\u00f3n manufacturera en el pa\u00eds | CREES<\/title>\n<meta name=\"robots\" content=\"index, follow, max-snippet:-1, max-image-preview:large, max-video-preview:-1\" \/>\n<link rel=\"canonical\" href=\"https:\/\/crees.org.do\/?p=23800\" \/>\n<meta property=\"og:locale\" content=\"es_ES\" \/>\n<meta property=\"og:type\" content=\"article\" \/>\n<meta property=\"og:title\" content=\"Se encarece la producci\u00f3n manufacturera en el pa\u00eds | CREES\" \/>\n<meta property=\"og:description\" content=\"Autor: Ubaldo Guzm\u00e1n Molina Fecha: 31 de agosto del 2022 Extra\u00eddo de:\u00a0Peri\u00f3dico Hoy La\u00a0producci\u00f3n manufactura del pa\u00eds\u00a0en julio de este a\u00f1o fue 12% m\u00e1s cara que hace un a\u00f1o, pues pas\u00f3 de 138.1 a 154.6, de acuerdo con el \u00cdndice de Precios del Productor (IPP) de las Industrias Manufactureras elaborado por la\u00a0Oficina Nacional de Estad\u00edstica...\" \/>\n<meta property=\"og:url\" content=\"https:\/\/crees.org.do\/?p=23800\" \/>\n<meta property=\"og:site_name\" content=\"CREES\" \/>\n<meta property=\"article:publisher\" content=\"https:\/\/www.facebook.com\/CREESRD\/\" \/>\n<meta property=\"article:published_time\" content=\"2022-08-31T13:09:57+00:00\" \/>\n<meta property=\"article:modified_time\" content=\"2022-09-08T19:51:29+00:00\" \/>\n<meta property=\"og:image\" content=\"https:\/\/crees.org.do\/wp-content\/uploads\/2022\/09\/13_Economia_31_2p01.jpg\" \/>\n\t<meta property=\"og:image:width\" content=\"1200\" \/>\n\t<meta property=\"og:image:height\" content=\"878\" \/>\n\t<meta property=\"og:image:type\" content=\"image\/jpeg\" \/>\n<meta name=\"author\" content=\"Crees\" \/>\n<meta name=\"twitter:card\" content=\"summary_large_image\" \/>\n<meta name=\"twitter:creator\" content=\"@CREESRD\" \/>\n<meta name=\"twitter:site\" content=\"@CREESRD\" \/>\n<meta name=\"twitter:label1\" content=\"Escrito por\" \/>\n\t<meta name=\"twitter:data1\" content=\"Crees\" \/>\n\t<meta name=\"twitter:label2\" content=\"Tiempo de lectura\" \/>\n\t<meta name=\"twitter:data2\" content=\"2 minutos\" \/>\n<script type=\"application\/ld+json\" class=\"yoast-schema-graph\">{\"@context\":\"https:\/\/schema.org\",\"@graph\":[{\"@type\":\"Article\",\"@id\":\"https:\/\/crees.org.do\/?p=23800#article\",\"isPartOf\":{\"@id\":\"https:\/\/crees.org.do\/?p=23800\"},\"author\":{\"name\":\"Crees\",\"@id\":\"https:\/\/crees.org.do\/#\/schema\/person\/e7f97cd94d7bf9cd0e0ce30acb7d56b8\"},\"headline\":\"Se encarece la producci\u00f3n manufacturera en el pa\u00eds\",\"datePublished\":\"2022-08-31T13:09:57+00:00\",\"dateModified\":\"2022-09-08T19:51:29+00:00\",\"mainEntityOfPage\":{\"@id\":\"https:\/\/crees.org.do\/?p=23800\"},\"wordCount\":330,\"publisher\":{\"@id\":\"https:\/\/crees.org.do\/#organization\"},\"image\":{\"@id\":\"https:\/\/crees.org.do\/?p=23800#primaryimage\"},\"thumbnailUrl\":\"https:\/\/crees.org.do\/wp-content\/uploads\/2022\/09\/13_Economia_31_2p01.jpg\",\"articleSection\":[\"Actualidad\"],\"inLanguage\":\"es\"},{\"@type\":\"WebPage\",\"@id\":\"https:\/\/crees.org.do\/?p=23800\",\"url\":\"https:\/\/crees.org.do\/?p=23800\",\"name\":\"Se encarece la producci\u00f3n manufacturera en el pa\u00eds | CREES\",\"isPartOf\":{\"@id\":\"https:\/\/crees.org.do\/#website\"},\"primaryImageOfPage\":{\"@id\":\"https:\/\/crees.org.do\/?p=23800#primaryimage\"},\"image\":{\"@id\":\"https:\/\/crees.org.do\/?p=23800#primaryimage\"},\"thumbnailUrl\":\"https:\/\/crees.org.do\/wp-content\/uploads\/2022\/09\/13_Economia_31_2p01.jpg\",\"datePublished\":\"2022-08-31T13:09:57+00:00\",\"dateModified\":\"2022-09-08T19:51:29+00:00\",\"breadcrumb\":{\"@id\":\"https:\/\/crees.org.do\/?p=23800#breadcrumb\"},\"inLanguage\":\"es\",\"potentialAction\":[{\"@type\":\"ReadAction\",\"target\":[\"https:\/\/crees.org.do\/?p=23800\"]}]},{\"@type\":\"ImageObject\",\"inLanguage\":\"es\",\"@id\":\"https:\/\/crees.org.do\/?p=23800#primaryimage\",\"url\":\"https:\/\/crees.org.do\/wp-content\/uploads\/2022\/09\/13_Economia_31_2p01.jpg\",\"contentUrl\":\"https:\/\/crees.org.do\/wp-content\/uploads\/2022\/09\/13_Economia_31_2p01.jpg\",\"width\":1200,\"height\":878},{\"@type\":\"BreadcrumbList\",\"@id\":\"https:\/\/crees.org.do\/?p=23800#breadcrumb\",\"itemListElement\":[{\"@type\":\"ListItem\",\"position\":1,\"name\":\"Portada\",\"item\":\"https:\/\/crees.org.do\/\"},{\"@type\":\"ListItem\",\"position\":2,\"name\":\"Se encarece la producci\u00f3n manufacturera en el pa\u00eds\"}]},{\"@type\":\"WebSite\",\"@id\":\"https:\/\/crees.org.do\/#website\",\"url\":\"https:\/\/crees.org.do\/\",\"name\":\"CREES\",\"description\":\"Centro Regional de Estrategias Econ\u00f3micas Sostenibles\",\"publisher\":{\"@id\":\"https:\/\/crees.org.do\/#organization\"},\"potentialAction\":[{\"@type\":\"SearchAction\",\"target\":{\"@type\":\"EntryPoint\",\"urlTemplate\":\"https:\/\/crees.org.do\/?s={search_term_string}\"},\"query-input\":{\"@type\":\"PropertyValueSpecification\",\"valueRequired\":true,\"valueName\":\"search_term_string\"}}],\"inLanguage\":\"es\"},{\"@type\":\"Organization\",\"@id\":\"https:\/\/crees.org.do\/#organization\",\"name\":\"CREES | Centro Regional de Estrategias Econ\u00f3micas Sostenibles\",\"url\":\"https:\/\/crees.org.do\/\",\"logo\":{\"@type\":\"ImageObject\",\"inLanguage\":\"es\",\"@id\":\"https:\/\/crees.org.do\/#\/schema\/logo\/image\/\",\"url\":\"https:\/\/crees.org.do\/wp-content\/uploads\/2022\/03\/crees-logo-1.jpg\",\"contentUrl\":\"https:\/\/crees.org.do\/wp-content\/uploads\/2022\/03\/crees-logo-1.jpg\",\"width\":244,\"height\":71,\"caption\":\"CREES | Centro Regional de Estrategias Econ\u00f3micas Sostenibles\"},\"image\":{\"@id\":\"https:\/\/crees.org.do\/#\/schema\/logo\/image\/\"},\"sameAs\":[\"https:\/\/www.facebook.com\/CREESRD\/\",\"https:\/\/x.com\/CREESRD\"]},{\"@type\":\"Person\",\"@id\":\"https:\/\/crees.org.do\/#\/schema\/person\/e7f97cd94d7bf9cd0e0ce30acb7d56b8\",\"name\":\"Crees\",\"image\":{\"@type\":\"ImageObject\",\"inLanguage\":\"es\",\"@id\":\"https:\/\/crees.org.do\/#\/schema\/person\/image\/\",\"url\":\"https:\/\/secure.gravatar.com\/avatar\/390ac8f0be5d9aa046152553e2dd7011b59a512d89c150f5e5f28bb8d9a0b165?s=96&d=mm&r=g\",\"contentUrl\":\"https:\/\/secure.gravatar.com\/avatar\/390ac8f0be5d9aa046152553e2dd7011b59a512d89c150f5e5f28bb8d9a0b165?s=96&d=mm&r=g\",\"caption\":\"Crees\"},\"url\":\"https:\/\/crees.org.do\/?author=2\"}]}<\/script>\n<!-- \/ Yoast SEO plugin. -->","yoast_head_json":{"title":"Se encarece la producci\u00f3n manufacturera en el pa\u00eds | CREES","robots":{"index":"index","follow":"follow","max-snippet":"max-snippet:-1","max-image-preview":"max-image-preview:large","max-video-preview":"max-video-preview:-1"},"canonical":"https:\/\/crees.org.do\/?p=23800","og_locale":"es_ES","og_type":"article","og_title":"Se encarece la producci\u00f3n manufacturera en el pa\u00eds | CREES","og_description":"Autor: Ubaldo Guzm\u00e1n Molina Fecha: 31 de agosto del 2022 Extra\u00eddo de:\u00a0Peri\u00f3dico Hoy La\u00a0producci\u00f3n manufactura del pa\u00eds\u00a0en julio de este a\u00f1o fue 12% m\u00e1s cara que hace un a\u00f1o, pues pas\u00f3 de 138.1 a 154.6, de acuerdo con el \u00cdndice de Precios del Productor (IPP) de las Industrias Manufactureras elaborado por la\u00a0Oficina Nacional de Estad\u00edstica...","og_url":"https:\/\/crees.org.do\/?p=23800","og_site_name":"CREES","article_publisher":"https:\/\/www.facebook.com\/CREESRD\/","article_published_time":"2022-08-31T13:09:57+00:00","article_modified_time":"2022-09-08T19:51:29+00:00","og_image":[{"width":1200,"height":878,"url":"https:\/\/crees.org.do\/wp-content\/uploads\/2022\/09\/13_Economia_31_2p01.jpg","type":"image\/jpeg"}],"author":"Crees","twitter_card":"summary_large_image","twitter_creator":"@CREESRD","twitter_site":"@CREESRD","twitter_misc":{"Escrito por":"Crees","Tiempo de lectura":"2 minutos"},"schema":{"@context":"https:\/\/schema.org","@graph":[{"@type":"Article","@id":"https:\/\/crees.org.do\/?p=23800#article","isPartOf":{"@id":"https:\/\/crees.org.do\/?p=23800"},"author":{"name":"Crees","@id":"https:\/\/crees.org.do\/#\/schema\/person\/e7f97cd94d7bf9cd0e0ce30acb7d56b8"},"headline":"Se encarece la producci\u00f3n manufacturera en el pa\u00eds","datePublished":"2022-08-31T13:09:57+00:00","dateModified":"2022-09-08T19:51:29+00:00","mainEntityOfPage":{"@id":"https:\/\/crees.org.do\/?p=23800"},"wordCount":330,"publisher":{"@id":"https:\/\/crees.org.do\/#organization"},"image":{"@id":"https:\/\/crees.org.do\/?p=23800#primaryimage"},"thumbnailUrl":"https:\/\/crees.org.do\/wp-content\/uploads\/2022\/09\/13_Economia_31_2p01.jpg","articleSection":["Actualidad"],"inLanguage":"es"},{"@type":"WebPage","@id":"https:\/\/crees.org.do\/?p=23800","url":"https:\/\/crees.org.do\/?p=23800","name":"Se encarece la producci\u00f3n manufacturera en el pa\u00eds | CREES","isPartOf":{"@id":"https:\/\/crees.org.do\/#website"},"primaryImageOfPage":{"@id":"https:\/\/crees.org.do\/?p=23800#primaryimage"},"image":{"@id":"https:\/\/crees.org.do\/?p=23800#primaryimage"},"thumbnailUrl":"https:\/\/crees.org.do\/wp-content\/uploads\/2022\/09\/13_Economia_31_2p01.jpg","datePublished":"2022-08-31T13:09:57+00:00","dateModified":"2022-09-08T19:51:29+00:00","breadcrumb":{"@id":"https:\/\/crees.org.do\/?p=23800#breadcrumb"},"inLanguage":"es","potentialAction":[{"@type":"ReadAction","target":["https:\/\/crees.org.do\/?p=23800"]}]},{"@type":"ImageObject","inLanguage":"es","@id":"https:\/\/crees.org.do\/?p=23800#primaryimage","url":"https:\/\/crees.org.do\/wp-content\/uploads\/2022\/09\/13_Economia_31_2p01.jpg","contentUrl":"https:\/\/crees.org.do\/wp-content\/uploads\/2022\/09\/13_Economia_31_2p01.jpg","width":1200,"height":878},{"@type":"BreadcrumbList","@id":"https:\/\/crees.org.do\/?p=23800#breadcrumb","itemListElement":[{"@type":"ListItem","position":1,"name":"Portada","item":"https:\/\/crees.org.do\/"},{"@type":"ListItem","position":2,"name":"Se encarece la producci\u00f3n manufacturera en el pa\u00eds"}]},{"@type":"WebSite","@id":"https:\/\/crees.org.do\/#website","url":"https:\/\/crees.org.do\/","name":"CREES","description":"Centro Regional de Estrategias Econ\u00f3micas Sostenibles","publisher":{"@id":"https:\/\/crees.org.do\/#organization"},"potentialAction":[{"@type":"SearchAction","target":{"@type":"EntryPoint","urlTemplate":"https:\/\/crees.org.do\/?s={search_term_string}"},"query-input":{"@type":"PropertyValueSpecification","valueRequired":true,"valueName":"search_term_string"}}],"inLanguage":"es"},{"@type":"Organization","@id":"https:\/\/crees.org.do\/#organization","name":"CREES | Centro Regional de Estrategias Econ\u00f3micas Sostenibles","url":"https:\/\/crees.org.do\/","logo":{"@type":"ImageObject","inLanguage":"es","@id":"https:\/\/crees.org.do\/#\/schema\/logo\/image\/","url":"https:\/\/crees.org.do\/wp-content\/uploads\/2022\/03\/crees-logo-1.jpg","contentUrl":"https:\/\/crees.org.do\/wp-content\/uploads\/2022\/03\/crees-logo-1.jpg","width":244,"height":71,"caption":"CREES | Centro Regional de Estrategias Econ\u00f3micas Sostenibles"},"image":{"@id":"https:\/\/crees.org.do\/#\/schema\/logo\/image\/"},"sameAs":["https:\/\/www.facebook.com\/CREESRD\/","https:\/\/x.com\/CREESRD"]},{"@type":"Person","@id":"https:\/\/crees.org.do\/#\/schema\/person\/e7f97cd94d7bf9cd0e0ce30acb7d56b8","name":"Crees","image":{"@type":"ImageObject","inLanguage":"es","@id":"https:\/\/crees.org.do\/#\/schema\/person\/image\/","url":"https:\/\/secure.gravatar.com\/avatar\/390ac8f0be5d9aa046152553e2dd7011b59a512d89c150f5e5f28bb8d9a0b165?s=96&d=mm&r=g","contentUrl":"https:\/\/secure.gravatar.com\/avatar\/390ac8f0be5d9aa046152553e2dd7011b59a512d89c150f5e5f28bb8d9a0b165?s=96&d=mm&r=g","caption":"Crees"},"url":"https:\/\/crees.org.do\/?author=2"}]}},"_links":{"self":[{"href":"https:\/\/crees.org.do\/index.php?rest_route=\/wp\/v2\/posts\/23800","targetHints":{"allow":["GET"]}}],"collection":[{"href":"https:\/\/crees.org.do\/index.php?rest_route=\/wp\/v2\/posts"}],"about":[{"href":"https:\/\/crees.org.do\/index.php?rest_route=\/wp\/v2\/types\/post"}],"author":[{"embeddable":true,"href":"https:\/\/crees.org.do\/index.php?rest_route=\/wp\/v2\/users\/2"}],"replies":[{"embeddable":true,"href":"https:\/\/crees.org.do\/index.php?rest_route=%2Fwp%2Fv2%2Fcomments&post=23800"}],"version-history":[{"count":1,"href":"https:\/\/crees.org.do\/index.php?rest_route=\/wp\/v2\/posts\/23800\/revisions"}],"predecessor-version":[{"id":23802,"href":"https:\/\/crees.org.do\/index.php?rest_route=\/wp\/v2\/posts\/23800\/revisions\/23802"}],"wp:featuredmedia":[{"embeddable":true,"href":"https:\/\/crees.org.do\/index.php?rest_route=\/wp\/v2\/media\/23801"}],"wp:attachment":[{"href":"https:\/\/crees.org.do\/index.php?rest_route=%2Fwp%2Fv2%2Fmedia&parent=23800"}],"wp:term":[{"taxonomy":"category","embeddable":true,"href":"https:\/\/crees.org.do\/index.php?rest_route=%2Fwp%2Fv2%2Fcategories&post=23800"},{"taxonomy":"post_tag","embeddable":true,"href":"https:\/\/crees.org.do\/index.php?rest_route=%2Fwp%2Fv2%2Ftags&post=23800"}],"curies":[{"name":"wp","href":"https:\/\/api.w.org\/{rel}","templated":true}]}}