{"id":23803,"date":"2022-09-01T16:32:29","date_gmt":"2022-09-01T16:32:29","guid":{"rendered":"https:\/\/crees.org.do\/?p=23803"},"modified":"2022-09-01T16:32:29","modified_gmt":"2022-09-01T16:32:29","slug":"las-perdidas-totales-de-energia-ascendieron-a-un-42-5-de-la-energia-comprada-hasta-junio-2022","status":"publish","type":"post","link":"https:\/\/crees.org.do\/?p=23803","title":{"rendered":"Las p\u00e9rdidas totales de energ\u00eda ascendieron a un 42.5% de la energ\u00eda comprada hasta junio 2022"},"content":{"rendered":"<p><img fetchpriority=\"high\" decoding=\"async\" class=\"wp-image-23804 aligncenter\" src=\"https:\/\/crees.org.do\/wp-content\/uploads\/2022\/09\/Slide-1-copy-10-1.png\" alt=\"\" width=\"896\" height=\"896\" srcset=\"https:\/\/crees.org.do\/wp-content\/uploads\/2022\/09\/Slide-1-copy-10-1.png 1080w, https:\/\/crees.org.do\/wp-content\/uploads\/2022\/09\/Slide-1-copy-10-1-450x450.png 450w, https:\/\/crees.org.do\/wp-content\/uploads\/2022\/09\/Slide-1-copy-10-1-150x150.png 150w, https:\/\/crees.org.do\/wp-content\/uploads\/2022\/09\/Slide-1-copy-10-1-768x768.png 768w, https:\/\/crees.org.do\/wp-content\/uploads\/2022\/09\/Slide-1-copy-10-1-300x300.png 300w, https:\/\/crees.org.do\/wp-content\/uploads\/2022\/09\/Slide-1-copy-10-1-600x600.png 600w, https:\/\/crees.org.do\/wp-content\/uploads\/2022\/09\/Slide-1-copy-10-1-100x100.png 100w\" sizes=\"(max-width: 896px) 100vw, 896px\" \/><\/p>\n<p>Las p\u00e9rdidas totales acumuladas hasta junio de las empresas distribuidoras de electricidad (EDE) alcanzaron el 42.5%. Es decir, por cada 100 pesos de energ\u00eda comprada las EDE perdieron el equivalente a 42 pesos y medio, seg\u00fan los datos del \u00faltimo informe de desempe\u00f1o elaborado por el Ministerio de Energ\u00eda y Minas.<\/p>\n<p>El 42.5% de p\u00e9rdidas se divide en energ\u00eda comprada pero no facturada, que represent\u00f3 31.0%; y energ\u00eda facturada pero no cobrada, la cual represent\u00f3 el 11.5% del total comprado.<\/p>\n<p>El resultado de junio indica que las p\u00e9rdidas acumuladas se han incrementado desde marzo, cuando representaron 37.5%.<\/p>\n<p>Las p\u00e9rdidas de energ\u00eda de las distribuidoras son pagadas por los ciudadanos con sus impuestos. Para este a\u00f1o 2022, inicialmente fue presupuestado un subsidio el\u00e9ctrico de US$942.8 millones. Sin embargo, debido al incremento de los precios internacionales de los combustibles empleados para la generaci\u00f3n de energ\u00eda, se est\u00e1 contemplando un aumento de este subsidio de US$595.3 millones en el presupuesto complementario depositado recientemente en el Congreso Nacional. Es significar\u00eda un subsidio a las EDE de US$1,538.1 millones en este 2022; un monto que representa el 39.2% del d\u00e9ficit fiscal de dicho presupuesto.<\/p>\n<p>Mantener la distribuci\u00f3n de electricidad dentro del \u00e1mbito pol\u00edtico impide que se creen los incentivos para que las EDE consigan operar con eficiencia sin demandar subsidios del gobierno central. Con cambios en la administraci\u00f3n y la propiedad de las distribuidoras, y la reducci\u00f3n de los subsidios hasta su completa eliminaci\u00f3n, se podr\u00eda contar con un sector el\u00e9ctrico que no dependa de las finanzas p\u00fablicas para su operaci\u00f3n. Una carga menos para el fisco y, por ende, para los contribuyentes del pa\u00eds.<\/p>\n<div class=\"pvc_clear\"><\/div>\n<p class=\"pvc_stats all \" data-element-id=\"23803\" style=\"\"><i class=\"pvc-stats-icon medium\" aria-hidden=\"true\"><svg aria-hidden=\"true\" focusable=\"false\" data-prefix=\"far\" data-icon=\"chart-bar\" role=\"img\" xmlns=\"http:\/\/www.w3.org\/2000\/svg\" viewBox=\"0 0 512 512\" class=\"svg-inline--fa fa-chart-bar fa-w-16 fa-2x\"><path fill=\"currentColor\" d=\"M396.8 352h22.4c6.4 0 12.8-6.4 12.8-12.8V108.8c0-6.4-6.4-12.8-12.8-12.8h-22.4c-6.4 0-12.8 6.4-12.8 12.8v230.4c0 6.4 6.4 12.8 12.8 12.8zm-192 0h22.4c6.4 0 12.8-6.4 12.8-12.8V140.8c0-6.4-6.4-12.8-12.8-12.8h-22.4c-6.4 0-12.8 6.4-12.8 12.8v198.4c0 6.4 6.4 12.8 12.8 12.8zm96 0h22.4c6.4 0 12.8-6.4 12.8-12.8V204.8c0-6.4-6.4-12.8-12.8-12.8h-22.4c-6.4 0-12.8 6.4-12.8 12.8v134.4c0 6.4 6.4 12.8 12.8 12.8zM496 400H48V80c0-8.84-7.16-16-16-16H16C7.16 64 0 71.16 0 80v336c0 17.67 14.33 32 32 32h464c8.84 0 16-7.16 16-16v-16c0-8.84-7.16-16-16-16zm-387.2-48h22.4c6.4 0 12.8-6.4 12.8-12.8v-70.4c0-6.4-6.4-12.8-12.8-12.8h-22.4c-6.4 0-12.8 6.4-12.8 12.8v70.4c0 6.4 6.4 12.8 12.8 12.8z\" class=\"\"><\/path><\/svg><\/i> Vistas Totales&nbsp;1,293&nbsp;, Vistas Hoy&nbsp;2&nbsp;<\/p>\n<div class=\"pvc_clear\"><\/div>\n","protected":false},"excerpt":{"rendered":"<p>Las p\u00e9rdidas totales acumuladas hasta junio de las empresas distribuidoras de electricidad (EDE) alcanzaron el 42.5%. Es decir, por cada 100 pesos de energ\u00eda comprada las EDE perdieron el equivalente a 42 pesos y medio, seg\u00fan los datos del \u00faltimo informe de desempe\u00f1o elaborado por el Ministerio de Energ\u00eda y Minas. El 42.5% de p\u00e9rdidas&#8230;<\/p>\n<div class=\"pvc_clear\"><\/div>\n<p class=\"pvc_stats all \" data-element-id=\"23803\" style=\"\"><i class=\"pvc-stats-icon medium\" aria-hidden=\"true\"><svg aria-hidden=\"true\" focusable=\"false\" data-prefix=\"far\" data-icon=\"chart-bar\" role=\"img\" xmlns=\"http:\/\/www.w3.org\/2000\/svg\" viewBox=\"0 0 512 512\" class=\"svg-inline--fa fa-chart-bar fa-w-16 fa-2x\"><path fill=\"currentColor\" d=\"M396.8 352h22.4c6.4 0 12.8-6.4 12.8-12.8V108.8c0-6.4-6.4-12.8-12.8-12.8h-22.4c-6.4 0-12.8 6.4-12.8 12.8v230.4c0 6.4 6.4 12.8 12.8 12.8zm-192 0h22.4c6.4 0 12.8-6.4 12.8-12.8V140.8c0-6.4-6.4-12.8-12.8-12.8h-22.4c-6.4 0-12.8 6.4-12.8 12.8v198.4c0 6.4 6.4 12.8 12.8 12.8zm96 0h22.4c6.4 0 12.8-6.4 12.8-12.8V204.8c0-6.4-6.4-12.8-12.8-12.8h-22.4c-6.4 0-12.8 6.4-12.8 12.8v134.4c0 6.4 6.4 12.8 12.8 12.8zM496 400H48V80c0-8.84-7.16-16-16-16H16C7.16 64 0 71.16 0 80v336c0 17.67 14.33 32 32 32h464c8.84 0 16-7.16 16-16v-16c0-8.84-7.16-16-16-16zm-387.2-48h22.4c6.4 0 12.8-6.4 12.8-12.8v-70.4c0-6.4-6.4-12.8-12.8-12.8h-22.4c-6.4 0-12.8 6.4-12.8 12.8v70.4c0 6.4 6.4 12.8 12.8 12.8z\" class=\"\"><\/path><\/svg><\/i> Vistas Totales&nbsp;1,293&nbsp;, Vistas Hoy&nbsp;2&nbsp;<\/p>\n<div class=\"pvc_clear\"><\/div>\n","protected":false},"author":2,"featured_media":23804,"comment_status":"closed","ping_status":"closed","sticky":false,"template":"","format":"standard","meta":{"footnotes":""},"categories":[21],"tags":[],"class_list":["post-23803","post","type-post","status-publish","format-standard","has-post-thumbnail","hentry","category-blog"],"yoast_head":"<!-- This site is optimized with the Yoast SEO plugin v25.2 - https:\/\/yoast.com\/wordpress\/plugins\/seo\/ -->\n<title>Las p\u00e9rdidas totales de energ\u00eda ascendieron a un 42.5% de la energ\u00eda comprada hasta junio 2022 | CREES<\/title>\n<meta name=\"robots\" content=\"index, follow, max-snippet:-1, max-image-preview:large, max-video-preview:-1\" \/>\n<link rel=\"canonical\" href=\"https:\/\/crees.org.do\/?p=23803\" \/>\n<meta property=\"og:locale\" content=\"es_ES\" \/>\n<meta property=\"og:type\" content=\"article\" \/>\n<meta property=\"og:title\" content=\"Las p\u00e9rdidas totales de energ\u00eda ascendieron a un 42.5% de la energ\u00eda comprada hasta junio 2022 | CREES\" \/>\n<meta property=\"og:description\" content=\"Las p\u00e9rdidas totales acumuladas hasta junio de las empresas distribuidoras de electricidad (EDE) alcanzaron el 42.5%. Es decir, por cada 100 pesos de energ\u00eda comprada las EDE perdieron el equivalente a 42 pesos y medio, seg\u00fan los datos del \u00faltimo informe de desempe\u00f1o elaborado por el Ministerio de Energ\u00eda y Minas. El 42.5% de p\u00e9rdidas...\" \/>\n<meta property=\"og:url\" content=\"https:\/\/crees.org.do\/?p=23803\" \/>\n<meta property=\"og:site_name\" content=\"CREES\" \/>\n<meta property=\"article:publisher\" content=\"https:\/\/www.facebook.com\/CREESRD\/\" \/>\n<meta property=\"article:published_time\" content=\"2022-09-01T16:32:29+00:00\" \/>\n<meta property=\"og:image\" content=\"https:\/\/crees.org.do\/wp-content\/uploads\/2022\/09\/Slide-1-copy-10-1.png\" \/>\n\t<meta property=\"og:image:width\" content=\"1080\" \/>\n\t<meta property=\"og:image:height\" content=\"1080\" \/>\n\t<meta property=\"og:image:type\" content=\"image\/png\" \/>\n<meta name=\"author\" content=\"Crees\" \/>\n<meta name=\"twitter:card\" content=\"summary_large_image\" \/>\n<meta name=\"twitter:creator\" content=\"@CREESRD\" \/>\n<meta name=\"twitter:site\" content=\"@CREESRD\" \/>\n<meta name=\"twitter:label1\" content=\"Escrito por\" \/>\n\t<meta name=\"twitter:data1\" content=\"Crees\" \/>\n\t<meta name=\"twitter:label2\" content=\"Tiempo de lectura\" \/>\n\t<meta name=\"twitter:data2\" content=\"1 minuto\" \/>\n<script type=\"application\/ld+json\" class=\"yoast-schema-graph\">{\"@context\":\"https:\/\/schema.org\",\"@graph\":[{\"@type\":\"Article\",\"@id\":\"https:\/\/crees.org.do\/?p=23803#article\",\"isPartOf\":{\"@id\":\"https:\/\/crees.org.do\/?p=23803\"},\"author\":{\"name\":\"Crees\",\"@id\":\"https:\/\/crees.org.do\/#\/schema\/person\/e7f97cd94d7bf9cd0e0ce30acb7d56b8\"},\"headline\":\"Las p\u00e9rdidas totales de energ\u00eda ascendieron a un 42.5% de la energ\u00eda comprada hasta junio 2022\",\"datePublished\":\"2022-09-01T16:32:29+00:00\",\"mainEntityOfPage\":{\"@id\":\"https:\/\/crees.org.do\/?p=23803\"},\"wordCount\":304,\"publisher\":{\"@id\":\"https:\/\/crees.org.do\/#organization\"},\"image\":{\"@id\":\"https:\/\/crees.org.do\/?p=23803#primaryimage\"},\"thumbnailUrl\":\"https:\/\/crees.org.do\/wp-content\/uploads\/2022\/09\/Slide-1-copy-10-1.png\",\"articleSection\":[\"Blog\"],\"inLanguage\":\"es\"},{\"@type\":\"WebPage\",\"@id\":\"https:\/\/crees.org.do\/?p=23803\",\"url\":\"https:\/\/crees.org.do\/?p=23803\",\"name\":\"Las p\u00e9rdidas totales de energ\u00eda ascendieron a un 42.5% de la energ\u00eda comprada hasta junio 2022 | CREES\",\"isPartOf\":{\"@id\":\"https:\/\/crees.org.do\/#website\"},\"primaryImageOfPage\":{\"@id\":\"https:\/\/crees.org.do\/?p=23803#primaryimage\"},\"image\":{\"@id\":\"https:\/\/crees.org.do\/?p=23803#primaryimage\"},\"thumbnailUrl\":\"https:\/\/crees.org.do\/wp-content\/uploads\/2022\/09\/Slide-1-copy-10-1.png\",\"datePublished\":\"2022-09-01T16:32:29+00:00\",\"breadcrumb\":{\"@id\":\"https:\/\/crees.org.do\/?p=23803#breadcrumb\"},\"inLanguage\":\"es\",\"potentialAction\":[{\"@type\":\"ReadAction\",\"target\":[\"https:\/\/crees.org.do\/?p=23803\"]}]},{\"@type\":\"ImageObject\",\"inLanguage\":\"es\",\"@id\":\"https:\/\/crees.org.do\/?p=23803#primaryimage\",\"url\":\"https:\/\/crees.org.do\/wp-content\/uploads\/2022\/09\/Slide-1-copy-10-1.png\",\"contentUrl\":\"https:\/\/crees.org.do\/wp-content\/uploads\/2022\/09\/Slide-1-copy-10-1.png\",\"width\":1080,\"height\":1080},{\"@type\":\"BreadcrumbList\",\"@id\":\"https:\/\/crees.org.do\/?p=23803#breadcrumb\",\"itemListElement\":[{\"@type\":\"ListItem\",\"position\":1,\"name\":\"Portada\",\"item\":\"https:\/\/crees.org.do\/\"},{\"@type\":\"ListItem\",\"position\":2,\"name\":\"Las p\u00e9rdidas totales de energ\u00eda ascendieron a un 42.5% de la energ\u00eda comprada hasta junio 2022\"}]},{\"@type\":\"WebSite\",\"@id\":\"https:\/\/crees.org.do\/#website\",\"url\":\"https:\/\/crees.org.do\/\",\"name\":\"CREES\",\"description\":\"Centro Regional de Estrategias Econ\u00f3micas Sostenibles\",\"publisher\":{\"@id\":\"https:\/\/crees.org.do\/#organization\"},\"potentialAction\":[{\"@type\":\"SearchAction\",\"target\":{\"@type\":\"EntryPoint\",\"urlTemplate\":\"https:\/\/crees.org.do\/?s={search_term_string}\"},\"query-input\":{\"@type\":\"PropertyValueSpecification\",\"valueRequired\":true,\"valueName\":\"search_term_string\"}}],\"inLanguage\":\"es\"},{\"@type\":\"Organization\",\"@id\":\"https:\/\/crees.org.do\/#organization\",\"name\":\"CREES | Centro Regional de Estrategias Econ\u00f3micas Sostenibles\",\"url\":\"https:\/\/crees.org.do\/\",\"logo\":{\"@type\":\"ImageObject\",\"inLanguage\":\"es\",\"@id\":\"https:\/\/crees.org.do\/#\/schema\/logo\/image\/\",\"url\":\"https:\/\/crees.org.do\/wp-content\/uploads\/2022\/03\/crees-logo-1.jpg\",\"contentUrl\":\"https:\/\/crees.org.do\/wp-content\/uploads\/2022\/03\/crees-logo-1.jpg\",\"width\":244,\"height\":71,\"caption\":\"CREES | Centro Regional de Estrategias Econ\u00f3micas Sostenibles\"},\"image\":{\"@id\":\"https:\/\/crees.org.do\/#\/schema\/logo\/image\/\"},\"sameAs\":[\"https:\/\/www.facebook.com\/CREESRD\/\",\"https:\/\/x.com\/CREESRD\"]},{\"@type\":\"Person\",\"@id\":\"https:\/\/crees.org.do\/#\/schema\/person\/e7f97cd94d7bf9cd0e0ce30acb7d56b8\",\"name\":\"Crees\",\"image\":{\"@type\":\"ImageObject\",\"inLanguage\":\"es\",\"@id\":\"https:\/\/crees.org.do\/#\/schema\/person\/image\/\",\"url\":\"https:\/\/secure.gravatar.com\/avatar\/390ac8f0be5d9aa046152553e2dd7011b59a512d89c150f5e5f28bb8d9a0b165?s=96&d=mm&r=g\",\"contentUrl\":\"https:\/\/secure.gravatar.com\/avatar\/390ac8f0be5d9aa046152553e2dd7011b59a512d89c150f5e5f28bb8d9a0b165?s=96&d=mm&r=g\",\"caption\":\"Crees\"},\"url\":\"https:\/\/crees.org.do\/?author=2\"}]}<\/script>\n<!-- \/ Yoast SEO plugin. -->","yoast_head_json":{"title":"Las p\u00e9rdidas totales de energ\u00eda ascendieron a un 42.5% de la energ\u00eda comprada hasta junio 2022 | CREES","robots":{"index":"index","follow":"follow","max-snippet":"max-snippet:-1","max-image-preview":"max-image-preview:large","max-video-preview":"max-video-preview:-1"},"canonical":"https:\/\/crees.org.do\/?p=23803","og_locale":"es_ES","og_type":"article","og_title":"Las p\u00e9rdidas totales de energ\u00eda ascendieron a un 42.5% de la energ\u00eda comprada hasta junio 2022 | CREES","og_description":"Las p\u00e9rdidas totales acumuladas hasta junio de las empresas distribuidoras de electricidad (EDE) alcanzaron el 42.5%. Es decir, por cada 100 pesos de energ\u00eda comprada las EDE perdieron el equivalente a 42 pesos y medio, seg\u00fan los datos del \u00faltimo informe de desempe\u00f1o elaborado por el Ministerio de Energ\u00eda y Minas. El 42.5% de p\u00e9rdidas...","og_url":"https:\/\/crees.org.do\/?p=23803","og_site_name":"CREES","article_publisher":"https:\/\/www.facebook.com\/CREESRD\/","article_published_time":"2022-09-01T16:32:29+00:00","og_image":[{"width":1080,"height":1080,"url":"https:\/\/crees.org.do\/wp-content\/uploads\/2022\/09\/Slide-1-copy-10-1.png","type":"image\/png"}],"author":"Crees","twitter_card":"summary_large_image","twitter_creator":"@CREESRD","twitter_site":"@CREESRD","twitter_misc":{"Escrito por":"Crees","Tiempo de lectura":"1 minuto"},"schema":{"@context":"https:\/\/schema.org","@graph":[{"@type":"Article","@id":"https:\/\/crees.org.do\/?p=23803#article","isPartOf":{"@id":"https:\/\/crees.org.do\/?p=23803"},"author":{"name":"Crees","@id":"https:\/\/crees.org.do\/#\/schema\/person\/e7f97cd94d7bf9cd0e0ce30acb7d56b8"},"headline":"Las p\u00e9rdidas totales de energ\u00eda ascendieron a un 42.5% de la energ\u00eda comprada hasta junio 2022","datePublished":"2022-09-01T16:32:29+00:00","mainEntityOfPage":{"@id":"https:\/\/crees.org.do\/?p=23803"},"wordCount":304,"publisher":{"@id":"https:\/\/crees.org.do\/#organization"},"image":{"@id":"https:\/\/crees.org.do\/?p=23803#primaryimage"},"thumbnailUrl":"https:\/\/crees.org.do\/wp-content\/uploads\/2022\/09\/Slide-1-copy-10-1.png","articleSection":["Blog"],"inLanguage":"es"},{"@type":"WebPage","@id":"https:\/\/crees.org.do\/?p=23803","url":"https:\/\/crees.org.do\/?p=23803","name":"Las p\u00e9rdidas totales de energ\u00eda ascendieron a un 42.5% de la energ\u00eda comprada hasta junio 2022 | CREES","isPartOf":{"@id":"https:\/\/crees.org.do\/#website"},"primaryImageOfPage":{"@id":"https:\/\/crees.org.do\/?p=23803#primaryimage"},"image":{"@id":"https:\/\/crees.org.do\/?p=23803#primaryimage"},"thumbnailUrl":"https:\/\/crees.org.do\/wp-content\/uploads\/2022\/09\/Slide-1-copy-10-1.png","datePublished":"2022-09-01T16:32:29+00:00","breadcrumb":{"@id":"https:\/\/crees.org.do\/?p=23803#breadcrumb"},"inLanguage":"es","potentialAction":[{"@type":"ReadAction","target":["https:\/\/crees.org.do\/?p=23803"]}]},{"@type":"ImageObject","inLanguage":"es","@id":"https:\/\/crees.org.do\/?p=23803#primaryimage","url":"https:\/\/crees.org.do\/wp-content\/uploads\/2022\/09\/Slide-1-copy-10-1.png","contentUrl":"https:\/\/crees.org.do\/wp-content\/uploads\/2022\/09\/Slide-1-copy-10-1.png","width":1080,"height":1080},{"@type":"BreadcrumbList","@id":"https:\/\/crees.org.do\/?p=23803#breadcrumb","itemListElement":[{"@type":"ListItem","position":1,"name":"Portada","item":"https:\/\/crees.org.do\/"},{"@type":"ListItem","position":2,"name":"Las p\u00e9rdidas totales de energ\u00eda ascendieron a un 42.5% de la energ\u00eda comprada hasta junio 2022"}]},{"@type":"WebSite","@id":"https:\/\/crees.org.do\/#website","url":"https:\/\/crees.org.do\/","name":"CREES","description":"Centro Regional de Estrategias Econ\u00f3micas Sostenibles","publisher":{"@id":"https:\/\/crees.org.do\/#organization"},"potentialAction":[{"@type":"SearchAction","target":{"@type":"EntryPoint","urlTemplate":"https:\/\/crees.org.do\/?s={search_term_string}"},"query-input":{"@type":"PropertyValueSpecification","valueRequired":true,"valueName":"search_term_string"}}],"inLanguage":"es"},{"@type":"Organization","@id":"https:\/\/crees.org.do\/#organization","name":"CREES | Centro Regional de Estrategias Econ\u00f3micas Sostenibles","url":"https:\/\/crees.org.do\/","logo":{"@type":"ImageObject","inLanguage":"es","@id":"https:\/\/crees.org.do\/#\/schema\/logo\/image\/","url":"https:\/\/crees.org.do\/wp-content\/uploads\/2022\/03\/crees-logo-1.jpg","contentUrl":"https:\/\/crees.org.do\/wp-content\/uploads\/2022\/03\/crees-logo-1.jpg","width":244,"height":71,"caption":"CREES | Centro Regional de Estrategias Econ\u00f3micas Sostenibles"},"image":{"@id":"https:\/\/crees.org.do\/#\/schema\/logo\/image\/"},"sameAs":["https:\/\/www.facebook.com\/CREESRD\/","https:\/\/x.com\/CREESRD"]},{"@type":"Person","@id":"https:\/\/crees.org.do\/#\/schema\/person\/e7f97cd94d7bf9cd0e0ce30acb7d56b8","name":"Crees","image":{"@type":"ImageObject","inLanguage":"es","@id":"https:\/\/crees.org.do\/#\/schema\/person\/image\/","url":"https:\/\/secure.gravatar.com\/avatar\/390ac8f0be5d9aa046152553e2dd7011b59a512d89c150f5e5f28bb8d9a0b165?s=96&d=mm&r=g","contentUrl":"https:\/\/secure.gravatar.com\/avatar\/390ac8f0be5d9aa046152553e2dd7011b59a512d89c150f5e5f28bb8d9a0b165?s=96&d=mm&r=g","caption":"Crees"},"url":"https:\/\/crees.org.do\/?author=2"}]}},"_links":{"self":[{"href":"https:\/\/crees.org.do\/index.php?rest_route=\/wp\/v2\/posts\/23803","targetHints":{"allow":["GET"]}}],"collection":[{"href":"https:\/\/crees.org.do\/index.php?rest_route=\/wp\/v2\/posts"}],"about":[{"href":"https:\/\/crees.org.do\/index.php?rest_route=\/wp\/v2\/types\/post"}],"author":[{"embeddable":true,"href":"https:\/\/crees.org.do\/index.php?rest_route=\/wp\/v2\/users\/2"}],"replies":[{"embeddable":true,"href":"https:\/\/crees.org.do\/index.php?rest_route=%2Fwp%2Fv2%2Fcomments&post=23803"}],"version-history":[{"count":1,"href":"https:\/\/crees.org.do\/index.php?rest_route=\/wp\/v2\/posts\/23803\/revisions"}],"predecessor-version":[{"id":23805,"href":"https:\/\/crees.org.do\/index.php?rest_route=\/wp\/v2\/posts\/23803\/revisions\/23805"}],"wp:featuredmedia":[{"embeddable":true,"href":"https:\/\/crees.org.do\/index.php?rest_route=\/wp\/v2\/media\/23804"}],"wp:attachment":[{"href":"https:\/\/crees.org.do\/index.php?rest_route=%2Fwp%2Fv2%2Fmedia&parent=23803"}],"wp:term":[{"taxonomy":"category","embeddable":true,"href":"https:\/\/crees.org.do\/index.php?rest_route=%2Fwp%2Fv2%2Fcategories&post=23803"},{"taxonomy":"post_tag","embeddable":true,"href":"https:\/\/crees.org.do\/index.php?rest_route=%2Fwp%2Fv2%2Ftags&post=23803"}],"curies":[{"name":"wp","href":"https:\/\/api.w.org\/{rel}","templated":true}]}}