{"id":23822,"date":"2022-09-08T19:54:30","date_gmt":"2022-09-08T19:54:30","guid":{"rendered":"https:\/\/crees.org.do\/?p=23822"},"modified":"2022-09-08T19:54:59","modified_gmt":"2022-09-08T19:54:59","slug":"deuda-consolidada-hasta-julio-llego-a-us69712-9-millones","status":"publish","type":"post","link":"https:\/\/crees.org.do\/?p=23822","title":{"rendered":"Deuda consolidada hasta julio lleg\u00f3 a US$69,712.9 millones"},"content":{"rendered":"<p>Autor: Ubaldo Guzm\u00e1n Molina<\/p>\n<p>Fecha: 1 de septiembre del 2022<\/p>\n<p>Extra\u00eddo de:\u00a0<a href=\"https:\/\/hoy.com.do\/deuda-consolidada-hasta-julio-llego-a-us69712-9-millones\/\">Peri\u00f3dico Hoy<\/a><\/p>\n<p style=\"text-align: justify;\">Hasta julio de 2022 la\u00a0<strong>deuda p\u00fablica consolidada<\/strong>\u00a0de Rep\u00fablica Dominicana, incluyendo la deuda intergubernamental, ascendi\u00f3 a US$69,712.9 millones, de los cuales US$51,994.9 millones correspondieron a la deuda del sector p\u00fablico no financiero (SPNF) y los restantes US$17,718 millones a los\u00a0<strong>pasivos del<\/strong>\u00a0<strong>Banco Central.<\/strong><\/p>\n<p style=\"text-align: justify;\">Como porcentaje del\u00a0<strong>producto interno bruto (PIB)<\/strong>, la deuda p\u00fablica consolidada alcanz\u00f3 un 63.9%. El SPNF represent\u00f3 un 47.7% y la del Banco Central un 16.2%, se\u00f1ala el Centro Regional de Estrategias Econ\u00f3micas Sostenibles (CREES) con datos de la Direcci\u00f3n General de Cr\u00e9dito P\u00fablico y el Banco Central.<\/p>\n<p style=\"text-align: justify;\">Desde diciembre del a\u00f1o pasado hasta julio del 2022, la deuda p\u00fablica consolidada del pa\u00eds aument\u00f3 US$7,676 millones.<\/p>\n<p style=\"text-align: justify;\">A diciembre, la\u00a0<strong>deuda p\u00fablica consolidada<\/strong>\u00a0ascendi\u00f3 a US$62,036 millones. Desde el 2000 al 2022 la citada deuda ha crecido 1,416,3%.<\/p>\n<p style=\"text-align: justify;\">Como consecuencia del aumento de los rendimientos, la prima de riesgo que demandan los inversionistas para comprar bonos soberanos en los mercados emergentes (riesgo pa\u00eds) est\u00e1 aumentando, lo que significa que la deuda de econom\u00edas como Rep\u00fablica Dominicana se est\u00e1 volviendo m\u00e1s costosa, plantea el CREES.<\/p>\n<p style=\"text-align: justify;\">Entiende que el gobierno tiene que\u00a0<strong>mejorar las condiciones fiscales.<\/strong><\/p>\n<div class=\"pvc_clear\"><\/div>\n<p class=\"pvc_stats all \" data-element-id=\"23822\" style=\"\"><i class=\"pvc-stats-icon medium\" aria-hidden=\"true\"><svg aria-hidden=\"true\" focusable=\"false\" data-prefix=\"far\" data-icon=\"chart-bar\" role=\"img\" xmlns=\"http:\/\/www.w3.org\/2000\/svg\" viewBox=\"0 0 512 512\" class=\"svg-inline--fa fa-chart-bar fa-w-16 fa-2x\"><path fill=\"currentColor\" d=\"M396.8 352h22.4c6.4 0 12.8-6.4 12.8-12.8V108.8c0-6.4-6.4-12.8-12.8-12.8h-22.4c-6.4 0-12.8 6.4-12.8 12.8v230.4c0 6.4 6.4 12.8 12.8 12.8zm-192 0h22.4c6.4 0 12.8-6.4 12.8-12.8V140.8c0-6.4-6.4-12.8-12.8-12.8h-22.4c-6.4 0-12.8 6.4-12.8 12.8v198.4c0 6.4 6.4 12.8 12.8 12.8zm96 0h22.4c6.4 0 12.8-6.4 12.8-12.8V204.8c0-6.4-6.4-12.8-12.8-12.8h-22.4c-6.4 0-12.8 6.4-12.8 12.8v134.4c0 6.4 6.4 12.8 12.8 12.8zM496 400H48V80c0-8.84-7.16-16-16-16H16C7.16 64 0 71.16 0 80v336c0 17.67 14.33 32 32 32h464c8.84 0 16-7.16 16-16v-16c0-8.84-7.16-16-16-16zm-387.2-48h22.4c6.4 0 12.8-6.4 12.8-12.8v-70.4c0-6.4-6.4-12.8-12.8-12.8h-22.4c-6.4 0-12.8 6.4-12.8 12.8v70.4c0 6.4 6.4 12.8 12.8 12.8z\" class=\"\"><\/path><\/svg><\/i> Vistas Totales&nbsp;1,378&nbsp;, Vistas Hoy&nbsp;2&nbsp;<\/p>\n<div class=\"pvc_clear\"><\/div>\n","protected":false},"excerpt":{"rendered":"<p>Autor: Ubaldo Guzm\u00e1n Molina Fecha: 1 de septiembre del 2022 Extra\u00eddo de:\u00a0Peri\u00f3dico Hoy Hasta julio de 2022 la\u00a0deuda p\u00fablica consolidada\u00a0de Rep\u00fablica Dominicana, incluyendo la deuda intergubernamental, ascendi\u00f3 a US$69,712.9 millones, de los cuales US$51,994.9 millones correspondieron a la deuda del sector p\u00fablico no financiero (SPNF) y los restantes US$17,718 millones a los\u00a0pasivos del\u00a0Banco Central. Como&#8230;<\/p>\n<div class=\"pvc_clear\"><\/div>\n<p class=\"pvc_stats all \" data-element-id=\"23822\" style=\"\"><i class=\"pvc-stats-icon medium\" aria-hidden=\"true\"><svg aria-hidden=\"true\" focusable=\"false\" data-prefix=\"far\" data-icon=\"chart-bar\" role=\"img\" xmlns=\"http:\/\/www.w3.org\/2000\/svg\" viewBox=\"0 0 512 512\" class=\"svg-inline--fa fa-chart-bar fa-w-16 fa-2x\"><path fill=\"currentColor\" d=\"M396.8 352h22.4c6.4 0 12.8-6.4 12.8-12.8V108.8c0-6.4-6.4-12.8-12.8-12.8h-22.4c-6.4 0-12.8 6.4-12.8 12.8v230.4c0 6.4 6.4 12.8 12.8 12.8zm-192 0h22.4c6.4 0 12.8-6.4 12.8-12.8V140.8c0-6.4-6.4-12.8-12.8-12.8h-22.4c-6.4 0-12.8 6.4-12.8 12.8v198.4c0 6.4 6.4 12.8 12.8 12.8zm96 0h22.4c6.4 0 12.8-6.4 12.8-12.8V204.8c0-6.4-6.4-12.8-12.8-12.8h-22.4c-6.4 0-12.8 6.4-12.8 12.8v134.4c0 6.4 6.4 12.8 12.8 12.8zM496 400H48V80c0-8.84-7.16-16-16-16H16C7.16 64 0 71.16 0 80v336c0 17.67 14.33 32 32 32h464c8.84 0 16-7.16 16-16v-16c0-8.84-7.16-16-16-16zm-387.2-48h22.4c6.4 0 12.8-6.4 12.8-12.8v-70.4c0-6.4-6.4-12.8-12.8-12.8h-22.4c-6.4 0-12.8 6.4-12.8 12.8v70.4c0 6.4 6.4 12.8 12.8 12.8z\" class=\"\"><\/path><\/svg><\/i> Vistas Totales&nbsp;1,378&nbsp;, Vistas Hoy&nbsp;2&nbsp;<\/p>\n<div class=\"pvc_clear\"><\/div>\n","protected":false},"author":2,"featured_media":23823,"comment_status":"closed","ping_status":"closed","sticky":false,"template":"","format":"standard","meta":{"footnotes":""},"categories":[19],"tags":[],"class_list":["post-23822","post","type-post","status-publish","format-standard","has-post-thumbnail","hentry","category-actualidad"],"yoast_head":"<!-- This site is optimized with the Yoast SEO plugin v25.2 - https:\/\/yoast.com\/wordpress\/plugins\/seo\/ -->\n<title>Deuda consolidada hasta julio lleg\u00f3 a US$69,712.9 millones | CREES<\/title>\n<meta name=\"robots\" content=\"index, follow, max-snippet:-1, max-image-preview:large, max-video-preview:-1\" \/>\n<link rel=\"canonical\" href=\"https:\/\/crees.org.do\/?p=23822\" \/>\n<meta property=\"og:locale\" content=\"es_ES\" \/>\n<meta property=\"og:type\" content=\"article\" \/>\n<meta property=\"og:title\" content=\"Deuda consolidada hasta julio lleg\u00f3 a US$69,712.9 millones | CREES\" \/>\n<meta property=\"og:description\" content=\"Autor: Ubaldo Guzm\u00e1n Molina Fecha: 1 de septiembre del 2022 Extra\u00eddo de:\u00a0Peri\u00f3dico Hoy Hasta julio de 2022 la\u00a0deuda p\u00fablica consolidada\u00a0de Rep\u00fablica Dominicana, incluyendo la deuda intergubernamental, ascendi\u00f3 a US$69,712.9 millones, de los cuales US$51,994.9 millones correspondieron a la deuda del sector p\u00fablico no financiero (SPNF) y los restantes US$17,718 millones a los\u00a0pasivos del\u00a0Banco Central. Como...\" \/>\n<meta property=\"og:url\" content=\"https:\/\/crees.org.do\/?p=23822\" \/>\n<meta property=\"og:site_name\" content=\"CREES\" \/>\n<meta property=\"article:publisher\" content=\"https:\/\/www.facebook.com\/CREESRD\/\" \/>\n<meta property=\"article:published_time\" content=\"2022-09-08T19:54:30+00:00\" \/>\n<meta property=\"article:modified_time\" content=\"2022-09-08T19:54:59+00:00\" \/>\n<meta property=\"og:image\" content=\"https:\/\/crees.org.do\/wp-content\/uploads\/2022\/09\/14_Economia_14_1Ap01.jpg\" \/>\n\t<meta property=\"og:image:width\" content=\"1200\" \/>\n\t<meta property=\"og:image:height\" content=\"660\" \/>\n\t<meta property=\"og:image:type\" content=\"image\/jpeg\" \/>\n<meta name=\"author\" content=\"Crees\" \/>\n<meta name=\"twitter:card\" content=\"summary_large_image\" \/>\n<meta name=\"twitter:creator\" content=\"@CREESRD\" \/>\n<meta name=\"twitter:site\" content=\"@CREESRD\" \/>\n<meta name=\"twitter:label1\" content=\"Escrito por\" \/>\n\t<meta name=\"twitter:data1\" content=\"Crees\" \/>\n\t<meta name=\"twitter:label2\" content=\"Tiempo de lectura\" \/>\n\t<meta name=\"twitter:data2\" content=\"1 minuto\" \/>\n<script type=\"application\/ld+json\" class=\"yoast-schema-graph\">{\"@context\":\"https:\/\/schema.org\",\"@graph\":[{\"@type\":\"Article\",\"@id\":\"https:\/\/crees.org.do\/?p=23822#article\",\"isPartOf\":{\"@id\":\"https:\/\/crees.org.do\/?p=23822\"},\"author\":{\"name\":\"Crees\",\"@id\":\"https:\/\/crees.org.do\/#\/schema\/person\/e7f97cd94d7bf9cd0e0ce30acb7d56b8\"},\"headline\":\"Deuda consolidada hasta julio lleg\u00f3 a US$69,712.9 millones\",\"datePublished\":\"2022-09-08T19:54:30+00:00\",\"dateModified\":\"2022-09-08T19:54:59+00:00\",\"mainEntityOfPage\":{\"@id\":\"https:\/\/crees.org.do\/?p=23822\"},\"wordCount\":220,\"publisher\":{\"@id\":\"https:\/\/crees.org.do\/#organization\"},\"image\":{\"@id\":\"https:\/\/crees.org.do\/?p=23822#primaryimage\"},\"thumbnailUrl\":\"https:\/\/crees.org.do\/wp-content\/uploads\/2022\/09\/14_Economia_14_1Ap01.jpg\",\"articleSection\":[\"Actualidad\"],\"inLanguage\":\"es\"},{\"@type\":\"WebPage\",\"@id\":\"https:\/\/crees.org.do\/?p=23822\",\"url\":\"https:\/\/crees.org.do\/?p=23822\",\"name\":\"Deuda consolidada hasta julio lleg\u00f3 a US$69,712.9 millones | CREES\",\"isPartOf\":{\"@id\":\"https:\/\/crees.org.do\/#website\"},\"primaryImageOfPage\":{\"@id\":\"https:\/\/crees.org.do\/?p=23822#primaryimage\"},\"image\":{\"@id\":\"https:\/\/crees.org.do\/?p=23822#primaryimage\"},\"thumbnailUrl\":\"https:\/\/crees.org.do\/wp-content\/uploads\/2022\/09\/14_Economia_14_1Ap01.jpg\",\"datePublished\":\"2022-09-08T19:54:30+00:00\",\"dateModified\":\"2022-09-08T19:54:59+00:00\",\"breadcrumb\":{\"@id\":\"https:\/\/crees.org.do\/?p=23822#breadcrumb\"},\"inLanguage\":\"es\",\"potentialAction\":[{\"@type\":\"ReadAction\",\"target\":[\"https:\/\/crees.org.do\/?p=23822\"]}]},{\"@type\":\"ImageObject\",\"inLanguage\":\"es\",\"@id\":\"https:\/\/crees.org.do\/?p=23822#primaryimage\",\"url\":\"https:\/\/crees.org.do\/wp-content\/uploads\/2022\/09\/14_Economia_14_1Ap01.jpg\",\"contentUrl\":\"https:\/\/crees.org.do\/wp-content\/uploads\/2022\/09\/14_Economia_14_1Ap01.jpg\",\"width\":1200,\"height\":660},{\"@type\":\"BreadcrumbList\",\"@id\":\"https:\/\/crees.org.do\/?p=23822#breadcrumb\",\"itemListElement\":[{\"@type\":\"ListItem\",\"position\":1,\"name\":\"Portada\",\"item\":\"https:\/\/crees.org.do\/\"},{\"@type\":\"ListItem\",\"position\":2,\"name\":\"Deuda consolidada hasta julio lleg\u00f3 a US$69,712.9 millones\"}]},{\"@type\":\"WebSite\",\"@id\":\"https:\/\/crees.org.do\/#website\",\"url\":\"https:\/\/crees.org.do\/\",\"name\":\"CREES\",\"description\":\"Centro Regional de Estrategias Econ\u00f3micas Sostenibles\",\"publisher\":{\"@id\":\"https:\/\/crees.org.do\/#organization\"},\"potentialAction\":[{\"@type\":\"SearchAction\",\"target\":{\"@type\":\"EntryPoint\",\"urlTemplate\":\"https:\/\/crees.org.do\/?s={search_term_string}\"},\"query-input\":{\"@type\":\"PropertyValueSpecification\",\"valueRequired\":true,\"valueName\":\"search_term_string\"}}],\"inLanguage\":\"es\"},{\"@type\":\"Organization\",\"@id\":\"https:\/\/crees.org.do\/#organization\",\"name\":\"CREES | Centro Regional de Estrategias Econ\u00f3micas Sostenibles\",\"url\":\"https:\/\/crees.org.do\/\",\"logo\":{\"@type\":\"ImageObject\",\"inLanguage\":\"es\",\"@id\":\"https:\/\/crees.org.do\/#\/schema\/logo\/image\/\",\"url\":\"https:\/\/crees.org.do\/wp-content\/uploads\/2022\/03\/crees-logo-1.jpg\",\"contentUrl\":\"https:\/\/crees.org.do\/wp-content\/uploads\/2022\/03\/crees-logo-1.jpg\",\"width\":244,\"height\":71,\"caption\":\"CREES | Centro Regional de Estrategias Econ\u00f3micas Sostenibles\"},\"image\":{\"@id\":\"https:\/\/crees.org.do\/#\/schema\/logo\/image\/\"},\"sameAs\":[\"https:\/\/www.facebook.com\/CREESRD\/\",\"https:\/\/x.com\/CREESRD\"]},{\"@type\":\"Person\",\"@id\":\"https:\/\/crees.org.do\/#\/schema\/person\/e7f97cd94d7bf9cd0e0ce30acb7d56b8\",\"name\":\"Crees\",\"image\":{\"@type\":\"ImageObject\",\"inLanguage\":\"es\",\"@id\":\"https:\/\/crees.org.do\/#\/schema\/person\/image\/\",\"url\":\"https:\/\/secure.gravatar.com\/avatar\/390ac8f0be5d9aa046152553e2dd7011b59a512d89c150f5e5f28bb8d9a0b165?s=96&d=mm&r=g\",\"contentUrl\":\"https:\/\/secure.gravatar.com\/avatar\/390ac8f0be5d9aa046152553e2dd7011b59a512d89c150f5e5f28bb8d9a0b165?s=96&d=mm&r=g\",\"caption\":\"Crees\"},\"url\":\"https:\/\/crees.org.do\/?author=2\"}]}<\/script>\n<!-- \/ Yoast SEO plugin. -->","yoast_head_json":{"title":"Deuda consolidada hasta julio lleg\u00f3 a US$69,712.9 millones | CREES","robots":{"index":"index","follow":"follow","max-snippet":"max-snippet:-1","max-image-preview":"max-image-preview:large","max-video-preview":"max-video-preview:-1"},"canonical":"https:\/\/crees.org.do\/?p=23822","og_locale":"es_ES","og_type":"article","og_title":"Deuda consolidada hasta julio lleg\u00f3 a US$69,712.9 millones | CREES","og_description":"Autor: Ubaldo Guzm\u00e1n Molina Fecha: 1 de septiembre del 2022 Extra\u00eddo de:\u00a0Peri\u00f3dico Hoy Hasta julio de 2022 la\u00a0deuda p\u00fablica consolidada\u00a0de Rep\u00fablica Dominicana, incluyendo la deuda intergubernamental, ascendi\u00f3 a US$69,712.9 millones, de los cuales US$51,994.9 millones correspondieron a la deuda del sector p\u00fablico no financiero (SPNF) y los restantes US$17,718 millones a los\u00a0pasivos del\u00a0Banco Central. Como...","og_url":"https:\/\/crees.org.do\/?p=23822","og_site_name":"CREES","article_publisher":"https:\/\/www.facebook.com\/CREESRD\/","article_published_time":"2022-09-08T19:54:30+00:00","article_modified_time":"2022-09-08T19:54:59+00:00","og_image":[{"width":1200,"height":660,"url":"https:\/\/crees.org.do\/wp-content\/uploads\/2022\/09\/14_Economia_14_1Ap01.jpg","type":"image\/jpeg"}],"author":"Crees","twitter_card":"summary_large_image","twitter_creator":"@CREESRD","twitter_site":"@CREESRD","twitter_misc":{"Escrito por":"Crees","Tiempo de lectura":"1 minuto"},"schema":{"@context":"https:\/\/schema.org","@graph":[{"@type":"Article","@id":"https:\/\/crees.org.do\/?p=23822#article","isPartOf":{"@id":"https:\/\/crees.org.do\/?p=23822"},"author":{"name":"Crees","@id":"https:\/\/crees.org.do\/#\/schema\/person\/e7f97cd94d7bf9cd0e0ce30acb7d56b8"},"headline":"Deuda consolidada hasta julio lleg\u00f3 a US$69,712.9 millones","datePublished":"2022-09-08T19:54:30+00:00","dateModified":"2022-09-08T19:54:59+00:00","mainEntityOfPage":{"@id":"https:\/\/crees.org.do\/?p=23822"},"wordCount":220,"publisher":{"@id":"https:\/\/crees.org.do\/#organization"},"image":{"@id":"https:\/\/crees.org.do\/?p=23822#primaryimage"},"thumbnailUrl":"https:\/\/crees.org.do\/wp-content\/uploads\/2022\/09\/14_Economia_14_1Ap01.jpg","articleSection":["Actualidad"],"inLanguage":"es"},{"@type":"WebPage","@id":"https:\/\/crees.org.do\/?p=23822","url":"https:\/\/crees.org.do\/?p=23822","name":"Deuda consolidada hasta julio lleg\u00f3 a US$69,712.9 millones | CREES","isPartOf":{"@id":"https:\/\/crees.org.do\/#website"},"primaryImageOfPage":{"@id":"https:\/\/crees.org.do\/?p=23822#primaryimage"},"image":{"@id":"https:\/\/crees.org.do\/?p=23822#primaryimage"},"thumbnailUrl":"https:\/\/crees.org.do\/wp-content\/uploads\/2022\/09\/14_Economia_14_1Ap01.jpg","datePublished":"2022-09-08T19:54:30+00:00","dateModified":"2022-09-08T19:54:59+00:00","breadcrumb":{"@id":"https:\/\/crees.org.do\/?p=23822#breadcrumb"},"inLanguage":"es","potentialAction":[{"@type":"ReadAction","target":["https:\/\/crees.org.do\/?p=23822"]}]},{"@type":"ImageObject","inLanguage":"es","@id":"https:\/\/crees.org.do\/?p=23822#primaryimage","url":"https:\/\/crees.org.do\/wp-content\/uploads\/2022\/09\/14_Economia_14_1Ap01.jpg","contentUrl":"https:\/\/crees.org.do\/wp-content\/uploads\/2022\/09\/14_Economia_14_1Ap01.jpg","width":1200,"height":660},{"@type":"BreadcrumbList","@id":"https:\/\/crees.org.do\/?p=23822#breadcrumb","itemListElement":[{"@type":"ListItem","position":1,"name":"Portada","item":"https:\/\/crees.org.do\/"},{"@type":"ListItem","position":2,"name":"Deuda consolidada hasta julio lleg\u00f3 a US$69,712.9 millones"}]},{"@type":"WebSite","@id":"https:\/\/crees.org.do\/#website","url":"https:\/\/crees.org.do\/","name":"CREES","description":"Centro Regional de Estrategias Econ\u00f3micas Sostenibles","publisher":{"@id":"https:\/\/crees.org.do\/#organization"},"potentialAction":[{"@type":"SearchAction","target":{"@type":"EntryPoint","urlTemplate":"https:\/\/crees.org.do\/?s={search_term_string}"},"query-input":{"@type":"PropertyValueSpecification","valueRequired":true,"valueName":"search_term_string"}}],"inLanguage":"es"},{"@type":"Organization","@id":"https:\/\/crees.org.do\/#organization","name":"CREES | Centro Regional de Estrategias Econ\u00f3micas Sostenibles","url":"https:\/\/crees.org.do\/","logo":{"@type":"ImageObject","inLanguage":"es","@id":"https:\/\/crees.org.do\/#\/schema\/logo\/image\/","url":"https:\/\/crees.org.do\/wp-content\/uploads\/2022\/03\/crees-logo-1.jpg","contentUrl":"https:\/\/crees.org.do\/wp-content\/uploads\/2022\/03\/crees-logo-1.jpg","width":244,"height":71,"caption":"CREES | Centro Regional de Estrategias Econ\u00f3micas Sostenibles"},"image":{"@id":"https:\/\/crees.org.do\/#\/schema\/logo\/image\/"},"sameAs":["https:\/\/www.facebook.com\/CREESRD\/","https:\/\/x.com\/CREESRD"]},{"@type":"Person","@id":"https:\/\/crees.org.do\/#\/schema\/person\/e7f97cd94d7bf9cd0e0ce30acb7d56b8","name":"Crees","image":{"@type":"ImageObject","inLanguage":"es","@id":"https:\/\/crees.org.do\/#\/schema\/person\/image\/","url":"https:\/\/secure.gravatar.com\/avatar\/390ac8f0be5d9aa046152553e2dd7011b59a512d89c150f5e5f28bb8d9a0b165?s=96&d=mm&r=g","contentUrl":"https:\/\/secure.gravatar.com\/avatar\/390ac8f0be5d9aa046152553e2dd7011b59a512d89c150f5e5f28bb8d9a0b165?s=96&d=mm&r=g","caption":"Crees"},"url":"https:\/\/crees.org.do\/?author=2"}]}},"_links":{"self":[{"href":"https:\/\/crees.org.do\/index.php?rest_route=\/wp\/v2\/posts\/23822","targetHints":{"allow":["GET"]}}],"collection":[{"href":"https:\/\/crees.org.do\/index.php?rest_route=\/wp\/v2\/posts"}],"about":[{"href":"https:\/\/crees.org.do\/index.php?rest_route=\/wp\/v2\/types\/post"}],"author":[{"embeddable":true,"href":"https:\/\/crees.org.do\/index.php?rest_route=\/wp\/v2\/users\/2"}],"replies":[{"embeddable":true,"href":"https:\/\/crees.org.do\/index.php?rest_route=%2Fwp%2Fv2%2Fcomments&post=23822"}],"version-history":[{"count":2,"href":"https:\/\/crees.org.do\/index.php?rest_route=\/wp\/v2\/posts\/23822\/revisions"}],"predecessor-version":[{"id":23825,"href":"https:\/\/crees.org.do\/index.php?rest_route=\/wp\/v2\/posts\/23822\/revisions\/23825"}],"wp:featuredmedia":[{"embeddable":true,"href":"https:\/\/crees.org.do\/index.php?rest_route=\/wp\/v2\/media\/23823"}],"wp:attachment":[{"href":"https:\/\/crees.org.do\/index.php?rest_route=%2Fwp%2Fv2%2Fmedia&parent=23822"}],"wp:term":[{"taxonomy":"category","embeddable":true,"href":"https:\/\/crees.org.do\/index.php?rest_route=%2Fwp%2Fv2%2Fcategories&post=23822"},{"taxonomy":"post_tag","embeddable":true,"href":"https:\/\/crees.org.do\/index.php?rest_route=%2Fwp%2Fv2%2Ftags&post=23822"}],"curies":[{"name":"wp","href":"https:\/\/api.w.org\/{rel}","templated":true}]}}