{"id":23826,"date":"2022-09-05T19:59:12","date_gmt":"2022-09-05T19:59:12","guid":{"rendered":"https:\/\/crees.org.do\/?p=23826"},"modified":"2022-09-08T20:07:42","modified_gmt":"2022-09-08T20:07:42","slug":"mirada-a-la-deuda-publica-dominicana-a-cual-acreedor-se-le-debe-mas","status":"publish","type":"post","link":"https:\/\/crees.org.do\/?p=23826","title":{"rendered":"Mirada a la deuda p\u00fablica dominicana: \u00bfa cu\u00e1l acreedor se le debe m\u00e1s?"},"content":{"rendered":"<p>Autor: Alexis \u00c1lvarez<\/p>\n<p>Fecha: 5 de septiembre del 2022<\/p>\n<p>Extra\u00eddo de:\u00a0<a href=\"https:\/\/eldinero.com.do\/207124\/mirada-a-la-deuda-publica-dominicana-a-cual-acreedor-se-le-debe-mas\/\">El Dinero<\/a><\/p>\n<p style=\"text-align: justify;\">La deuda p\u00fablica representa una de las variables de alta preocupaci\u00f3n para cualquier econom\u00eda cuya capacidad de pago est\u00e9 supeditada exclusivamente a los ingresos fiscales. Es el caso de Rep\u00fablica Dominicana, que cerca del 25% de sus recaudaciones para saldar los vencimientos anuales.<\/p>\n<p style=\"text-align: justify;\">El Centro Regional de Estrategias Econ\u00f3micas Sostenibles (CREES) ha reiterado la necesidad de ponerle atenci\u00f3n a la deuda. En 1983, por ejemplo, con una relaci\u00f3n deuda-producto interno bruto (PIB) de 32%, Rep\u00fablica Dominicana incumpli\u00f3 con sus compromisos (default).<\/p>\n<p style=\"text-align: justify;\">En este orden, se\u00f1ala que el cociente deuda-PIB no refleja, necesariamente, la posibilidad de un gobierno para poder hacer frente a sus compromisos financieros.<\/p>\n<p style=\"text-align: justify;\">La deuda se paga con los ingresos que recibe el Estado. El PIB es solo una referencia de medici\u00f3n. Pero, \u00bfc\u00f3mo est\u00e1 la deuda del pa\u00eds y a qui\u00e9nes se les debe m\u00e1s?<\/p>\n<h2 style=\"text-align: justify;\">Compromisos<\/h2>\n<p style=\"text-align: justify;\"><a href=\"https:\/\/149562642.v2.pressablecdn.com\/wp-content\/uploads\/deuda-del-sector-publico-no-financiero-spnf.jpg\"><img fetchpriority=\"high\" decoding=\"async\" class=\"alignright wp-image-207125\" src=\"https:\/\/149562642.v2.pressablecdn.com\/wp-content\/uploads\/deuda-del-sector-publico-no-financiero-spnf.jpg\" sizes=\"(max-width: 440px) 100vw, 440px\" srcset=\"https:\/\/149562642.v2.pressablecdn.com\/wp-content\/uploads\/deuda-del-sector-publico-no-financiero-spnf.jpg 900w , https:\/\/149562642.v2.pressablecdn.com\/wp-content\/uploads\/deuda-del-sector-publico-no-financiero-spnf-222x400.jpg 222w , https:\/\/149562642.v2.pressablecdn.com\/wp-content\/uploads\/deuda-del-sector-publico-no-financiero-spnf-569x1024.jpg 569w , https:\/\/149562642.v2.pressablecdn.com\/wp-content\/uploads\/deuda-del-sector-publico-no-financiero-spnf-111x200.jpg 111w , https:\/\/149562642.v2.pressablecdn.com\/wp-content\/uploads\/deuda-del-sector-publico-no-financiero-spnf-768x1382.jpg 768w , https:\/\/149562642.v2.pressablecdn.com\/wp-content\/uploads\/deuda-del-sector-publico-no-financiero-spnf-853x1536.jpg 853w , https:\/\/149562642.v2.pressablecdn.com\/wp-content\/uploads\/deuda-del-sector-publico-no-financiero-spnf-750x1350.jpg 750w \" alt=\"\" width=\"440\" height=\"792\" data-pin-no-hover=\"true\" \/><\/a>La deuda del sector p\u00fablico no financiero (SPNF) de Rep\u00fablica Dominicana aument\u00f3 un 44.6% en los \u00faltimos cuatro a\u00f1os, al pasar de US$35,942.5 millones en 2019 a US$51,994.9 millones a julio 2022. La externa represent\u00f3 el 70.2% con US$36,491.3 millones y la interna 29.8%, equivalente a US$15,503.6 millones, seg\u00fan la Direcci\u00f3n General de Cr\u00e9dito P\u00fablico.<\/p>\n<p style=\"text-align: justify;\">En conjunto la deuda tiene una ponderaci\u00f3n de un 47.7% del PIB, que est\u00e1 estimado en US$109,045.4 millones a julio 2022. La tasa de cambio del mes es RD$54.4 por d\u00f3lar, por lo que en pesos es equivalente a RD$5,932,069.76 millones, de acuerdo al Banco Central dominicano (BC).<\/p>\n<p style=\"text-align: justify;\">La deuda externa la integran aquellas que han sido contra\u00eddas con organismos multilaterales, las cuales tiene una ponderaci\u00f3n de un 18.3% (US$6,686.4 millones) y las bilaterales por un 5.6% y valores de US$2,056.6 millones en al per\u00edodo indicado.<\/p>\n<p style=\"text-align: justify;\">Adem\u00e1s, est\u00e1n los bonos puestos en el mercado internacional a plazos. A julio 2022, estos obedecen a la mayor cantidad de compromiso financiero para el pa\u00eds ascendiendo a US$27,742.4 millones, es decir, refleja el 76% de la deuda externa o el 53.3% de la deuda consolidada del sector no financiero. El Banco Interamericano de Desarrollo (BID) es el principal acreedor del pa\u00eds dentro de los organismos multilaterales.<\/p>\n<p style=\"text-align: justify;\">La deuda contra\u00edda equivale a un 14.1% en los \u00faltimos cuatro a\u00f1os, al pasar de US$3,491.4 millones en 2019 a US$3,984.6 en julio 2022. Representa casi el 11% de la externa.<\/p>\n<p style=\"text-align: justify;\">La segunda entidad es el Banco Mundial con US$1,186.1 millones para un 3.3% del total. Asimismo, se encuentra que al Fondo Monetario Internacional (FMI), con un 1.7%, y al Banco de Desarrollo de Am\u00e9rica Latina (CAF), con un 1.1%, al que se le adeuda US$631.9 millones y US$409.4 millones, respectivamente.<\/p>\n<p style=\"text-align: justify;\">La deuda bilateral, que es la contra\u00edda con otros pa\u00edses, los datos indican que est\u00e1: Francia, a la que se le deben cerca de US$1,004.6 millones para un 2.8% en este grupo, seguido por Venezuela, que con el acuerdo de Petrocaribe a la cabeza se le adeuda unos US$214.3 millones (0.6%) y a Espa\u00f1a una suma de US$209.2 millones. Asimismo, en menor grado est\u00e1n Jap\u00f3n (0.6%) y Brasil (0.3%) por valores de US$206.4 millones y US$116.7 millones, simult\u00e1neamente.<\/p>\n<p style=\"text-align: justify;\">La deuda interna que representa el 29.8% (US$15,503.6 millones) del PIB de la econom\u00eda local, la conforman aquellos bonos emitidos por el Ministerio de Hacienda, los cuales, entre el 2019 y julio 2022, reportan un incremento de un 46.2%, al pasar de US$8,164.6 millones a US$11,939.4 millones con una diferencia absoluta de US$3,774.8 millones.<\/p>\n<p style=\"text-align: justify;\">En este grupo, tambi\u00e9n est\u00e1n los bonos de recapitalizaci\u00f3n del BCRD que a julio 2022 se situaron en US$2,434 millones, equivalente al 15.7%.<\/p>\n<p style=\"text-align: justify;\">Adem\u00e1s, est\u00e1n las operaciones de cr\u00e9dito contra\u00eddas con bancos comerciales y otras instituciones financieras a nivel local por montos de US$538.3 millones (3.5%).<\/p>\n<p style=\"text-align: justify;\">Los t\u00edtulos canjeados (3.2%) y los bonos de la Corporaci\u00f3n Dominicana de Empresas El\u00e9ctricas Estatales (CDEEE) son el 0.7% y ascienden en el per\u00edodo se\u00f1alado a US$489 millones y US$102.9 millones, respectivamente.<\/p>\n<h2 style=\"text-align: justify;\">Comparaciones<\/h2>\n<p style=\"text-align: justify;\">Entre enero y julio 2022, los ingresos del Estado se situaron en RD$547,624.8 millones, representando un crecimiento de un 14.0% con relaci\u00f3n a igual per\u00edodo 2021, que hab\u00eda cerrado con RD$480,296.2 millones, de acuerdo a la Direcci\u00f3n General de Impuestos Internos (DGII).<\/p>\n<p style=\"text-align: justify;\">Este total recaudado con relaci\u00f3n a la deuda del sector p\u00fablico no financiero, que es de RD$2,828,522.56 millones, es tan solo el 19.3% y representa el 9.2% del PIB nominal dominicano que ascienden a RD$5,932,069.76 millones al cierre de julio 2022.<\/p>\n<p style=\"text-align: justify;\">Dentro de las recaudaciones, Impuestos Internos tiene la mayor ponderaci\u00f3n del total con 71.2% (RD$389,905 millones), seguido de Aduanas con un 23.8% (RD130,370 millones) y la Tesorer\u00eda con una partida de 5%, equivalente a RD$27,349 millones.<\/p>\n<div class=\"pvc_clear\"><\/div>\n<p class=\"pvc_stats all \" data-element-id=\"23826\" style=\"\"><i class=\"pvc-stats-icon medium\" aria-hidden=\"true\"><svg aria-hidden=\"true\" focusable=\"false\" data-prefix=\"far\" data-icon=\"chart-bar\" role=\"img\" xmlns=\"http:\/\/www.w3.org\/2000\/svg\" viewBox=\"0 0 512 512\" class=\"svg-inline--fa fa-chart-bar fa-w-16 fa-2x\"><path fill=\"currentColor\" d=\"M396.8 352h22.4c6.4 0 12.8-6.4 12.8-12.8V108.8c0-6.4-6.4-12.8-12.8-12.8h-22.4c-6.4 0-12.8 6.4-12.8 12.8v230.4c0 6.4 6.4 12.8 12.8 12.8zm-192 0h22.4c6.4 0 12.8-6.4 12.8-12.8V140.8c0-6.4-6.4-12.8-12.8-12.8h-22.4c-6.4 0-12.8 6.4-12.8 12.8v198.4c0 6.4 6.4 12.8 12.8 12.8zm96 0h22.4c6.4 0 12.8-6.4 12.8-12.8V204.8c0-6.4-6.4-12.8-12.8-12.8h-22.4c-6.4 0-12.8 6.4-12.8 12.8v134.4c0 6.4 6.4 12.8 12.8 12.8zM496 400H48V80c0-8.84-7.16-16-16-16H16C7.16 64 0 71.16 0 80v336c0 17.67 14.33 32 32 32h464c8.84 0 16-7.16 16-16v-16c0-8.84-7.16-16-16-16zm-387.2-48h22.4c6.4 0 12.8-6.4 12.8-12.8v-70.4c0-6.4-6.4-12.8-12.8-12.8h-22.4c-6.4 0-12.8 6.4-12.8 12.8v70.4c0 6.4 6.4 12.8 12.8 12.8z\" class=\"\"><\/path><\/svg><\/i> Vistas Totales&nbsp;1,376&nbsp;<\/p>\n<div class=\"pvc_clear\"><\/div>\n","protected":false},"excerpt":{"rendered":"<p>Autor: Alexis \u00c1lvarez Fecha: 5 de septiembre del 2022 Extra\u00eddo de:\u00a0El Dinero La deuda p\u00fablica representa una de las variables de alta preocupaci\u00f3n para cualquier econom\u00eda cuya capacidad de pago est\u00e9 supeditada exclusivamente a los ingresos fiscales. Es el caso de Rep\u00fablica Dominicana, que cerca del 25% de sus recaudaciones para saldar los vencimientos anuales&#8230;.<\/p>\n<div class=\"pvc_clear\"><\/div>\n<p class=\"pvc_stats all \" data-element-id=\"23826\" style=\"\"><i class=\"pvc-stats-icon medium\" aria-hidden=\"true\"><svg aria-hidden=\"true\" focusable=\"false\" data-prefix=\"far\" data-icon=\"chart-bar\" role=\"img\" xmlns=\"http:\/\/www.w3.org\/2000\/svg\" viewBox=\"0 0 512 512\" class=\"svg-inline--fa fa-chart-bar fa-w-16 fa-2x\"><path fill=\"currentColor\" d=\"M396.8 352h22.4c6.4 0 12.8-6.4 12.8-12.8V108.8c0-6.4-6.4-12.8-12.8-12.8h-22.4c-6.4 0-12.8 6.4-12.8 12.8v230.4c0 6.4 6.4 12.8 12.8 12.8zm-192 0h22.4c6.4 0 12.8-6.4 12.8-12.8V140.8c0-6.4-6.4-12.8-12.8-12.8h-22.4c-6.4 0-12.8 6.4-12.8 12.8v198.4c0 6.4 6.4 12.8 12.8 12.8zm96 0h22.4c6.4 0 12.8-6.4 12.8-12.8V204.8c0-6.4-6.4-12.8-12.8-12.8h-22.4c-6.4 0-12.8 6.4-12.8 12.8v134.4c0 6.4 6.4 12.8 12.8 12.8zM496 400H48V80c0-8.84-7.16-16-16-16H16C7.16 64 0 71.16 0 80v336c0 17.67 14.33 32 32 32h464c8.84 0 16-7.16 16-16v-16c0-8.84-7.16-16-16-16zm-387.2-48h22.4c6.4 0 12.8-6.4 12.8-12.8v-70.4c0-6.4-6.4-12.8-12.8-12.8h-22.4c-6.4 0-12.8 6.4-12.8 12.8v70.4c0 6.4 6.4 12.8 12.8 12.8z\" class=\"\"><\/path><\/svg><\/i> Vistas Totales&nbsp;1,376&nbsp;<\/p>\n<div class=\"pvc_clear\"><\/div>\n","protected":false},"author":2,"featured_media":23827,"comment_status":"closed","ping_status":"closed","sticky":false,"template":"","format":"standard","meta":{"footnotes":""},"categories":[19],"tags":[],"class_list":["post-23826","post","type-post","status-publish","format-standard","has-post-thumbnail","hentry","category-actualidad"],"yoast_head":"<!-- This site is optimized with the Yoast SEO plugin v25.2 - https:\/\/yoast.com\/wordpress\/plugins\/seo\/ -->\n<title>Mirada a la deuda p\u00fablica dominicana: \u00bfa cu\u00e1l acreedor se le debe m\u00e1s? | CREES<\/title>\n<meta name=\"robots\" content=\"index, follow, max-snippet:-1, max-image-preview:large, max-video-preview:-1\" \/>\n<link rel=\"canonical\" href=\"https:\/\/crees.org.do\/?p=23826\" \/>\n<meta property=\"og:locale\" content=\"es_ES\" \/>\n<meta property=\"og:type\" content=\"article\" \/>\n<meta property=\"og:title\" content=\"Mirada a la deuda p\u00fablica dominicana: \u00bfa cu\u00e1l acreedor se le debe m\u00e1s? | CREES\" \/>\n<meta property=\"og:description\" content=\"Autor: Alexis \u00c1lvarez Fecha: 5 de septiembre del 2022 Extra\u00eddo de:\u00a0El Dinero La deuda p\u00fablica representa una de las variables de alta preocupaci\u00f3n para cualquier econom\u00eda cuya capacidad de pago est\u00e9 supeditada exclusivamente a los ingresos fiscales. Es el caso de Rep\u00fablica Dominicana, que cerca del 25% de sus recaudaciones para saldar los vencimientos anuales....\" \/>\n<meta property=\"og:url\" content=\"https:\/\/crees.org.do\/?p=23826\" \/>\n<meta property=\"og:site_name\" content=\"CREES\" \/>\n<meta property=\"article:publisher\" content=\"https:\/\/www.facebook.com\/CREESRD\/\" \/>\n<meta property=\"article:published_time\" content=\"2022-09-05T19:59:12+00:00\" \/>\n<meta property=\"article:modified_time\" content=\"2022-09-08T20:07:42+00:00\" \/>\n<meta property=\"og:image\" content=\"https:\/\/crees.org.do\/wp-content\/uploads\/2022\/09\/dinero-gasto-publico.jpeg\" \/>\n\t<meta property=\"og:image:width\" content=\"1200\" \/>\n\t<meta property=\"og:image:height\" content=\"782\" \/>\n\t<meta property=\"og:image:type\" content=\"image\/jpeg\" \/>\n<meta name=\"author\" content=\"Crees\" \/>\n<meta name=\"twitter:card\" content=\"summary_large_image\" \/>\n<meta name=\"twitter:creator\" content=\"@CREESRD\" \/>\n<meta name=\"twitter:site\" content=\"@CREESRD\" \/>\n<meta name=\"twitter:label1\" content=\"Escrito por\" \/>\n\t<meta name=\"twitter:data1\" content=\"Crees\" \/>\n\t<meta name=\"twitter:label2\" content=\"Tiempo de lectura\" \/>\n\t<meta name=\"twitter:data2\" content=\"4 minutos\" \/>\n<script type=\"application\/ld+json\" class=\"yoast-schema-graph\">{\"@context\":\"https:\/\/schema.org\",\"@graph\":[{\"@type\":\"Article\",\"@id\":\"https:\/\/crees.org.do\/?p=23826#article\",\"isPartOf\":{\"@id\":\"https:\/\/crees.org.do\/?p=23826\"},\"author\":{\"name\":\"Crees\",\"@id\":\"https:\/\/crees.org.do\/#\/schema\/person\/e7f97cd94d7bf9cd0e0ce30acb7d56b8\"},\"headline\":\"Mirada a la deuda p\u00fablica dominicana: \u00bfa cu\u00e1l acreedor se le debe m\u00e1s?\",\"datePublished\":\"2022-09-05T19:59:12+00:00\",\"dateModified\":\"2022-09-08T20:07:42+00:00\",\"mainEntityOfPage\":{\"@id\":\"https:\/\/crees.org.do\/?p=23826\"},\"wordCount\":802,\"publisher\":{\"@id\":\"https:\/\/crees.org.do\/#organization\"},\"image\":{\"@id\":\"https:\/\/crees.org.do\/?p=23826#primaryimage\"},\"thumbnailUrl\":\"https:\/\/crees.org.do\/wp-content\/uploads\/2022\/09\/dinero-gasto-publico.jpeg\",\"articleSection\":[\"Actualidad\"],\"inLanguage\":\"es\"},{\"@type\":\"WebPage\",\"@id\":\"https:\/\/crees.org.do\/?p=23826\",\"url\":\"https:\/\/crees.org.do\/?p=23826\",\"name\":\"Mirada a la deuda p\u00fablica dominicana: \u00bfa cu\u00e1l acreedor se le debe m\u00e1s? | CREES\",\"isPartOf\":{\"@id\":\"https:\/\/crees.org.do\/#website\"},\"primaryImageOfPage\":{\"@id\":\"https:\/\/crees.org.do\/?p=23826#primaryimage\"},\"image\":{\"@id\":\"https:\/\/crees.org.do\/?p=23826#primaryimage\"},\"thumbnailUrl\":\"https:\/\/crees.org.do\/wp-content\/uploads\/2022\/09\/dinero-gasto-publico.jpeg\",\"datePublished\":\"2022-09-05T19:59:12+00:00\",\"dateModified\":\"2022-09-08T20:07:42+00:00\",\"breadcrumb\":{\"@id\":\"https:\/\/crees.org.do\/?p=23826#breadcrumb\"},\"inLanguage\":\"es\",\"potentialAction\":[{\"@type\":\"ReadAction\",\"target\":[\"https:\/\/crees.org.do\/?p=23826\"]}]},{\"@type\":\"ImageObject\",\"inLanguage\":\"es\",\"@id\":\"https:\/\/crees.org.do\/?p=23826#primaryimage\",\"url\":\"https:\/\/crees.org.do\/wp-content\/uploads\/2022\/09\/dinero-gasto-publico.jpeg\",\"contentUrl\":\"https:\/\/crees.org.do\/wp-content\/uploads\/2022\/09\/dinero-gasto-publico.jpeg\",\"width\":1200,\"height\":782},{\"@type\":\"BreadcrumbList\",\"@id\":\"https:\/\/crees.org.do\/?p=23826#breadcrumb\",\"itemListElement\":[{\"@type\":\"ListItem\",\"position\":1,\"name\":\"Portada\",\"item\":\"https:\/\/crees.org.do\/\"},{\"@type\":\"ListItem\",\"position\":2,\"name\":\"Mirada a la deuda p\u00fablica dominicana: \u00bfa cu\u00e1l acreedor se le debe m\u00e1s?\"}]},{\"@type\":\"WebSite\",\"@id\":\"https:\/\/crees.org.do\/#website\",\"url\":\"https:\/\/crees.org.do\/\",\"name\":\"CREES\",\"description\":\"Centro Regional de Estrategias Econ\u00f3micas Sostenibles\",\"publisher\":{\"@id\":\"https:\/\/crees.org.do\/#organization\"},\"potentialAction\":[{\"@type\":\"SearchAction\",\"target\":{\"@type\":\"EntryPoint\",\"urlTemplate\":\"https:\/\/crees.org.do\/?s={search_term_string}\"},\"query-input\":{\"@type\":\"PropertyValueSpecification\",\"valueRequired\":true,\"valueName\":\"search_term_string\"}}],\"inLanguage\":\"es\"},{\"@type\":\"Organization\",\"@id\":\"https:\/\/crees.org.do\/#organization\",\"name\":\"CREES | Centro Regional de Estrategias Econ\u00f3micas Sostenibles\",\"url\":\"https:\/\/crees.org.do\/\",\"logo\":{\"@type\":\"ImageObject\",\"inLanguage\":\"es\",\"@id\":\"https:\/\/crees.org.do\/#\/schema\/logo\/image\/\",\"url\":\"https:\/\/crees.org.do\/wp-content\/uploads\/2022\/03\/crees-logo-1.jpg\",\"contentUrl\":\"https:\/\/crees.org.do\/wp-content\/uploads\/2022\/03\/crees-logo-1.jpg\",\"width\":244,\"height\":71,\"caption\":\"CREES | Centro Regional de Estrategias Econ\u00f3micas Sostenibles\"},\"image\":{\"@id\":\"https:\/\/crees.org.do\/#\/schema\/logo\/image\/\"},\"sameAs\":[\"https:\/\/www.facebook.com\/CREESRD\/\",\"https:\/\/x.com\/CREESRD\"]},{\"@type\":\"Person\",\"@id\":\"https:\/\/crees.org.do\/#\/schema\/person\/e7f97cd94d7bf9cd0e0ce30acb7d56b8\",\"name\":\"Crees\",\"image\":{\"@type\":\"ImageObject\",\"inLanguage\":\"es\",\"@id\":\"https:\/\/crees.org.do\/#\/schema\/person\/image\/\",\"url\":\"https:\/\/secure.gravatar.com\/avatar\/390ac8f0be5d9aa046152553e2dd7011b59a512d89c150f5e5f28bb8d9a0b165?s=96&d=mm&r=g\",\"contentUrl\":\"https:\/\/secure.gravatar.com\/avatar\/390ac8f0be5d9aa046152553e2dd7011b59a512d89c150f5e5f28bb8d9a0b165?s=96&d=mm&r=g\",\"caption\":\"Crees\"},\"url\":\"https:\/\/crees.org.do\/?author=2\"}]}<\/script>\n<!-- \/ Yoast SEO plugin. -->","yoast_head_json":{"title":"Mirada a la deuda p\u00fablica dominicana: \u00bfa cu\u00e1l acreedor se le debe m\u00e1s? | CREES","robots":{"index":"index","follow":"follow","max-snippet":"max-snippet:-1","max-image-preview":"max-image-preview:large","max-video-preview":"max-video-preview:-1"},"canonical":"https:\/\/crees.org.do\/?p=23826","og_locale":"es_ES","og_type":"article","og_title":"Mirada a la deuda p\u00fablica dominicana: \u00bfa cu\u00e1l acreedor se le debe m\u00e1s? | CREES","og_description":"Autor: Alexis \u00c1lvarez Fecha: 5 de septiembre del 2022 Extra\u00eddo de:\u00a0El Dinero La deuda p\u00fablica representa una de las variables de alta preocupaci\u00f3n para cualquier econom\u00eda cuya capacidad de pago est\u00e9 supeditada exclusivamente a los ingresos fiscales. Es el caso de Rep\u00fablica Dominicana, que cerca del 25% de sus recaudaciones para saldar los vencimientos anuales....","og_url":"https:\/\/crees.org.do\/?p=23826","og_site_name":"CREES","article_publisher":"https:\/\/www.facebook.com\/CREESRD\/","article_published_time":"2022-09-05T19:59:12+00:00","article_modified_time":"2022-09-08T20:07:42+00:00","og_image":[{"width":1200,"height":782,"url":"https:\/\/crees.org.do\/wp-content\/uploads\/2022\/09\/dinero-gasto-publico.jpeg","type":"image\/jpeg"}],"author":"Crees","twitter_card":"summary_large_image","twitter_creator":"@CREESRD","twitter_site":"@CREESRD","twitter_misc":{"Escrito por":"Crees","Tiempo de lectura":"4 minutos"},"schema":{"@context":"https:\/\/schema.org","@graph":[{"@type":"Article","@id":"https:\/\/crees.org.do\/?p=23826#article","isPartOf":{"@id":"https:\/\/crees.org.do\/?p=23826"},"author":{"name":"Crees","@id":"https:\/\/crees.org.do\/#\/schema\/person\/e7f97cd94d7bf9cd0e0ce30acb7d56b8"},"headline":"Mirada a la deuda p\u00fablica dominicana: \u00bfa cu\u00e1l acreedor se le debe m\u00e1s?","datePublished":"2022-09-05T19:59:12+00:00","dateModified":"2022-09-08T20:07:42+00:00","mainEntityOfPage":{"@id":"https:\/\/crees.org.do\/?p=23826"},"wordCount":802,"publisher":{"@id":"https:\/\/crees.org.do\/#organization"},"image":{"@id":"https:\/\/crees.org.do\/?p=23826#primaryimage"},"thumbnailUrl":"https:\/\/crees.org.do\/wp-content\/uploads\/2022\/09\/dinero-gasto-publico.jpeg","articleSection":["Actualidad"],"inLanguage":"es"},{"@type":"WebPage","@id":"https:\/\/crees.org.do\/?p=23826","url":"https:\/\/crees.org.do\/?p=23826","name":"Mirada a la deuda p\u00fablica dominicana: \u00bfa cu\u00e1l acreedor se le debe m\u00e1s? | CREES","isPartOf":{"@id":"https:\/\/crees.org.do\/#website"},"primaryImageOfPage":{"@id":"https:\/\/crees.org.do\/?p=23826#primaryimage"},"image":{"@id":"https:\/\/crees.org.do\/?p=23826#primaryimage"},"thumbnailUrl":"https:\/\/crees.org.do\/wp-content\/uploads\/2022\/09\/dinero-gasto-publico.jpeg","datePublished":"2022-09-05T19:59:12+00:00","dateModified":"2022-09-08T20:07:42+00:00","breadcrumb":{"@id":"https:\/\/crees.org.do\/?p=23826#breadcrumb"},"inLanguage":"es","potentialAction":[{"@type":"ReadAction","target":["https:\/\/crees.org.do\/?p=23826"]}]},{"@type":"ImageObject","inLanguage":"es","@id":"https:\/\/crees.org.do\/?p=23826#primaryimage","url":"https:\/\/crees.org.do\/wp-content\/uploads\/2022\/09\/dinero-gasto-publico.jpeg","contentUrl":"https:\/\/crees.org.do\/wp-content\/uploads\/2022\/09\/dinero-gasto-publico.jpeg","width":1200,"height":782},{"@type":"BreadcrumbList","@id":"https:\/\/crees.org.do\/?p=23826#breadcrumb","itemListElement":[{"@type":"ListItem","position":1,"name":"Portada","item":"https:\/\/crees.org.do\/"},{"@type":"ListItem","position":2,"name":"Mirada a la deuda p\u00fablica dominicana: \u00bfa cu\u00e1l acreedor se le debe m\u00e1s?"}]},{"@type":"WebSite","@id":"https:\/\/crees.org.do\/#website","url":"https:\/\/crees.org.do\/","name":"CREES","description":"Centro Regional de Estrategias Econ\u00f3micas Sostenibles","publisher":{"@id":"https:\/\/crees.org.do\/#organization"},"potentialAction":[{"@type":"SearchAction","target":{"@type":"EntryPoint","urlTemplate":"https:\/\/crees.org.do\/?s={search_term_string}"},"query-input":{"@type":"PropertyValueSpecification","valueRequired":true,"valueName":"search_term_string"}}],"inLanguage":"es"},{"@type":"Organization","@id":"https:\/\/crees.org.do\/#organization","name":"CREES | Centro Regional de Estrategias Econ\u00f3micas Sostenibles","url":"https:\/\/crees.org.do\/","logo":{"@type":"ImageObject","inLanguage":"es","@id":"https:\/\/crees.org.do\/#\/schema\/logo\/image\/","url":"https:\/\/crees.org.do\/wp-content\/uploads\/2022\/03\/crees-logo-1.jpg","contentUrl":"https:\/\/crees.org.do\/wp-content\/uploads\/2022\/03\/crees-logo-1.jpg","width":244,"height":71,"caption":"CREES | Centro Regional de Estrategias Econ\u00f3micas Sostenibles"},"image":{"@id":"https:\/\/crees.org.do\/#\/schema\/logo\/image\/"},"sameAs":["https:\/\/www.facebook.com\/CREESRD\/","https:\/\/x.com\/CREESRD"]},{"@type":"Person","@id":"https:\/\/crees.org.do\/#\/schema\/person\/e7f97cd94d7bf9cd0e0ce30acb7d56b8","name":"Crees","image":{"@type":"ImageObject","inLanguage":"es","@id":"https:\/\/crees.org.do\/#\/schema\/person\/image\/","url":"https:\/\/secure.gravatar.com\/avatar\/390ac8f0be5d9aa046152553e2dd7011b59a512d89c150f5e5f28bb8d9a0b165?s=96&d=mm&r=g","contentUrl":"https:\/\/secure.gravatar.com\/avatar\/390ac8f0be5d9aa046152553e2dd7011b59a512d89c150f5e5f28bb8d9a0b165?s=96&d=mm&r=g","caption":"Crees"},"url":"https:\/\/crees.org.do\/?author=2"}]}},"_links":{"self":[{"href":"https:\/\/crees.org.do\/index.php?rest_route=\/wp\/v2\/posts\/23826","targetHints":{"allow":["GET"]}}],"collection":[{"href":"https:\/\/crees.org.do\/index.php?rest_route=\/wp\/v2\/posts"}],"about":[{"href":"https:\/\/crees.org.do\/index.php?rest_route=\/wp\/v2\/types\/post"}],"author":[{"embeddable":true,"href":"https:\/\/crees.org.do\/index.php?rest_route=\/wp\/v2\/users\/2"}],"replies":[{"embeddable":true,"href":"https:\/\/crees.org.do\/index.php?rest_route=%2Fwp%2Fv2%2Fcomments&post=23826"}],"version-history":[{"count":3,"href":"https:\/\/crees.org.do\/index.php?rest_route=\/wp\/v2\/posts\/23826\/revisions"}],"predecessor-version":[{"id":23833,"href":"https:\/\/crees.org.do\/index.php?rest_route=\/wp\/v2\/posts\/23826\/revisions\/23833"}],"wp:featuredmedia":[{"embeddable":true,"href":"https:\/\/crees.org.do\/index.php?rest_route=\/wp\/v2\/media\/23827"}],"wp:attachment":[{"href":"https:\/\/crees.org.do\/index.php?rest_route=%2Fwp%2Fv2%2Fmedia&parent=23826"}],"wp:term":[{"taxonomy":"category","embeddable":true,"href":"https:\/\/crees.org.do\/index.php?rest_route=%2Fwp%2Fv2%2Fcategories&post=23826"},{"taxonomy":"post_tag","embeddable":true,"href":"https:\/\/crees.org.do\/index.php?rest_route=%2Fwp%2Fv2%2Ftags&post=23826"}],"curies":[{"name":"wp","href":"https:\/\/api.w.org\/{rel}","templated":true}]}}