{"id":23853,"date":"2022-09-13T13:59:57","date_gmt":"2022-09-13T13:59:57","guid":{"rendered":"https:\/\/crees.org.do\/?p=23853"},"modified":"2022-09-15T14:00:12","modified_gmt":"2022-09-15T14:00:12","slug":"urge-gobierno-transfiera-recursos-al-banco-central-dice-crees","status":"publish","type":"post","link":"https:\/\/crees.org.do\/?p=23853","title":{"rendered":"Urge gobierno transfiera recursos al Banco Central, dice CREES"},"content":{"rendered":"<p>Autor: Hoy<\/p>\n<p>Fecha: 13 de septiembre del 2022<\/p>\n<p>Extra\u00eddo de:\u00a0<a href=\"https:\/\/hoy.com.do\/urge-gobierno-transfiera-recursos-al-banco-central-dice-crees\/\">Peri\u00f3dico Hoy<\/a><\/p>\n<p style=\"text-align: justify;\">El\u00a0<strong>Centro Regional de Estrategias Econ\u00f3micas Sostenibles (CREES)<\/strong>\u00a0afirm\u00f3 ayer que urge que el gobierno transfiera recursos al Banco Central para poder reducir el stock de los valores en circulaci\u00f3n.<\/p>\n<p style=\"text-align: justify;\">La \u00fanica forma de reducir el pasivo no monetario del\u00a0<strong><a href=\"https:\/\/bancentral.gov.do\/\">Banco Central<\/a><\/strong>\u00a0es si el gobierno registra super\u00e1vit que le permita hacer transferencias de recursos a ese organismo, dijo el vicepresidente del CREES,\u00a0<strong>Miguel Collado Di Franco.<\/strong><\/p>\n<p style=\"text-align: justify;\">Una forma de alcanzar dicha disciplina fiscal ser\u00eda implementando una\u00a0<strong>Ley de Responsabilidad Fiscal<\/strong>\u00a0con reglas claras y efectivas que ordenen y fortalezcan las finanzas p\u00fablicas, sostiene.<\/p>\n<p style=\"text-align: justify;\">\u201cSolamente si se establece una intenci\u00f3n real de lograr el objetivo de acumular recursos por medio del super\u00e1vit fiscal podr\u00eda reducirse el stock de la deuda, tanto del sector p\u00fablico no financiero como del sector p\u00fablico financiero\u201d, plante\u00f3.<\/p>\n<p style=\"text-align: justify;\">Si el gobierno no hace nada para poder\u00a0<strong>reducir el stock de los valores<\/strong>\u00a0en circulaci\u00f3n del Banco Central pondr\u00eda m\u00e1s presi\u00f3n sobre las finanzas p\u00fablicas, lo que debilita las condiciones del pa\u00eds ante una situaci\u00f3n que se le sea dif\u00edcil cumplir con sus obligaciones financieras, indic\u00f3.<\/p>\n<p style=\"text-align: justify;\">Desde el inicio de la emisi\u00f3n de t\u00edtulos en el a\u00f1o 2004 al 7 de septiembre de 2022 el monto de valores en circulaci\u00f3n del\u00a0<strong>Banco Central<\/strong>\u00a0se ha incrementado en un 762.3%, pues pas\u00f3 de RD$101,966.3 millones a RD$879,263.9 millones, se\u00f1ala.<\/p>\n<p style=\"text-align: justify;\">Los valores en circulaci\u00f3n del Banco Central son el monto de t\u00edtulos de deuda emitidos por esa instituci\u00f3n a trav\u00e9s de sus operaciones de mercado abierto; es decir, compra o venta de t\u00edtulos a las entidades de intermediaci\u00f3n financiera y otros inversionistas, explic\u00f3.<\/p>\n<p style=\"text-align: justify;\">Estos t\u00edtulos fueron emitidos a ra\u00edz de la\u00a0<strong>crisis financiera del 2003<\/strong>\u00a0con el prop\u00f3sito de desmonetizar los recursos de las facilidades de liquidez concedidas al sistema financiero.<\/p>\n<p style=\"text-align: justify;\">En este sentido, estos t\u00edtulos sirven como una herramienta para regular la cantidad de dinero en la econom\u00eda, expresa el CREES.<\/p>\n<p style=\"text-align: justify;\">Los valores en circulaci\u00f3n del Banco Central desde el 2004 a la fecha han registrado un crecimiento sostenido. En el 2006 alcanzaron los RD$157,231; en el 2008, RD$182,733; 2010, RD$219,580 millones; 2012, RD$253,082; 2014, RD$326,742 millones; 2016, RD$433,892; 2018, RD$553,356 millones; 2020, RD$683,539 millones y 2021, RD$734,148 millones.<\/p>\n<p style=\"text-align: justify;\">Los pasivos del Banco Central ascendieron a US$17,718 millones hasta julio de este a\u00f1o, lo que represent\u00f3 un 16.2% de la\u00a0<strong>deuda p\u00fablica<\/strong>\u00a0consolidada del pa\u00eds.<\/p>\n<div class=\"pvc_clear\"><\/div>\n<p class=\"pvc_stats all \" data-element-id=\"23853\" style=\"\"><i class=\"pvc-stats-icon medium\" aria-hidden=\"true\"><svg aria-hidden=\"true\" focusable=\"false\" data-prefix=\"far\" data-icon=\"chart-bar\" role=\"img\" xmlns=\"http:\/\/www.w3.org\/2000\/svg\" viewBox=\"0 0 512 512\" class=\"svg-inline--fa fa-chart-bar fa-w-16 fa-2x\"><path fill=\"currentColor\" d=\"M396.8 352h22.4c6.4 0 12.8-6.4 12.8-12.8V108.8c0-6.4-6.4-12.8-12.8-12.8h-22.4c-6.4 0-12.8 6.4-12.8 12.8v230.4c0 6.4 6.4 12.8 12.8 12.8zm-192 0h22.4c6.4 0 12.8-6.4 12.8-12.8V140.8c0-6.4-6.4-12.8-12.8-12.8h-22.4c-6.4 0-12.8 6.4-12.8 12.8v198.4c0 6.4 6.4 12.8 12.8 12.8zm96 0h22.4c6.4 0 12.8-6.4 12.8-12.8V204.8c0-6.4-6.4-12.8-12.8-12.8h-22.4c-6.4 0-12.8 6.4-12.8 12.8v134.4c0 6.4 6.4 12.8 12.8 12.8zM496 400H48V80c0-8.84-7.16-16-16-16H16C7.16 64 0 71.16 0 80v336c0 17.67 14.33 32 32 32h464c8.84 0 16-7.16 16-16v-16c0-8.84-7.16-16-16-16zm-387.2-48h22.4c6.4 0 12.8-6.4 12.8-12.8v-70.4c0-6.4-6.4-12.8-12.8-12.8h-22.4c-6.4 0-12.8 6.4-12.8 12.8v70.4c0 6.4 6.4 12.8 12.8 12.8z\" class=\"\"><\/path><\/svg><\/i> Vistas Totales&nbsp;1,109&nbsp;, Vistas Hoy&nbsp;2&nbsp;<\/p>\n<div class=\"pvc_clear\"><\/div>\n","protected":false},"excerpt":{"rendered":"<p>Autor: Hoy Fecha: 13 de septiembre del 2022 Extra\u00eddo de:\u00a0Peri\u00f3dico Hoy El\u00a0Centro Regional de Estrategias Econ\u00f3micas Sostenibles (CREES)\u00a0afirm\u00f3 ayer que urge que el gobierno transfiera recursos al Banco Central para poder reducir el stock de los valores en circulaci\u00f3n. La \u00fanica forma de reducir el pasivo no monetario del\u00a0Banco Central\u00a0es si el gobierno registra super\u00e1vit&#8230;<\/p>\n<div class=\"pvc_clear\"><\/div>\n<p class=\"pvc_stats all \" data-element-id=\"23853\" style=\"\"><i class=\"pvc-stats-icon medium\" aria-hidden=\"true\"><svg aria-hidden=\"true\" focusable=\"false\" data-prefix=\"far\" data-icon=\"chart-bar\" role=\"img\" xmlns=\"http:\/\/www.w3.org\/2000\/svg\" viewBox=\"0 0 512 512\" class=\"svg-inline--fa fa-chart-bar fa-w-16 fa-2x\"><path fill=\"currentColor\" d=\"M396.8 352h22.4c6.4 0 12.8-6.4 12.8-12.8V108.8c0-6.4-6.4-12.8-12.8-12.8h-22.4c-6.4 0-12.8 6.4-12.8 12.8v230.4c0 6.4 6.4 12.8 12.8 12.8zm-192 0h22.4c6.4 0 12.8-6.4 12.8-12.8V140.8c0-6.4-6.4-12.8-12.8-12.8h-22.4c-6.4 0-12.8 6.4-12.8 12.8v198.4c0 6.4 6.4 12.8 12.8 12.8zm96 0h22.4c6.4 0 12.8-6.4 12.8-12.8V204.8c0-6.4-6.4-12.8-12.8-12.8h-22.4c-6.4 0-12.8 6.4-12.8 12.8v134.4c0 6.4 6.4 12.8 12.8 12.8zM496 400H48V80c0-8.84-7.16-16-16-16H16C7.16 64 0 71.16 0 80v336c0 17.67 14.33 32 32 32h464c8.84 0 16-7.16 16-16v-16c0-8.84-7.16-16-16-16zm-387.2-48h22.4c6.4 0 12.8-6.4 12.8-12.8v-70.4c0-6.4-6.4-12.8-12.8-12.8h-22.4c-6.4 0-12.8 6.4-12.8 12.8v70.4c0 6.4 6.4 12.8 12.8 12.8z\" class=\"\"><\/path><\/svg><\/i> Vistas Totales&nbsp;1,109&nbsp;, Vistas Hoy&nbsp;2&nbsp;<\/p>\n<div class=\"pvc_clear\"><\/div>\n","protected":false},"author":2,"featured_media":23854,"comment_status":"closed","ping_status":"closed","sticky":false,"template":"","format":"standard","meta":{"footnotes":""},"categories":[19],"tags":[],"class_list":["post-23853","post","type-post","status-publish","format-standard","has-post-thumbnail","hentry","category-actualidad"],"yoast_head":"<!-- This site is optimized with the Yoast SEO plugin v25.2 - https:\/\/yoast.com\/wordpress\/plugins\/seo\/ -->\n<title>Urge gobierno transfiera recursos al Banco Central, dice CREES | CREES<\/title>\n<meta name=\"robots\" content=\"index, follow, max-snippet:-1, max-image-preview:large, max-video-preview:-1\" \/>\n<link rel=\"canonical\" href=\"https:\/\/crees.org.do\/?p=23853\" \/>\n<meta property=\"og:locale\" content=\"es_ES\" \/>\n<meta property=\"og:type\" content=\"article\" \/>\n<meta property=\"og:title\" content=\"Urge gobierno transfiera recursos al Banco Central, dice CREES | CREES\" \/>\n<meta property=\"og:description\" content=\"Autor: Hoy Fecha: 13 de septiembre del 2022 Extra\u00eddo de:\u00a0Peri\u00f3dico Hoy El\u00a0Centro Regional de Estrategias Econ\u00f3micas Sostenibles (CREES)\u00a0afirm\u00f3 ayer que urge que el gobierno transfiera recursos al Banco Central para poder reducir el stock de los valores en circulaci\u00f3n. La \u00fanica forma de reducir el pasivo no monetario del\u00a0Banco Central\u00a0es si el gobierno registra super\u00e1vit...\" \/>\n<meta property=\"og:url\" content=\"https:\/\/crees.org.do\/?p=23853\" \/>\n<meta property=\"og:site_name\" content=\"CREES\" \/>\n<meta property=\"article:publisher\" content=\"https:\/\/www.facebook.com\/CREESRD\/\" \/>\n<meta property=\"article:published_time\" content=\"2022-09-13T13:59:57+00:00\" \/>\n<meta property=\"article:modified_time\" content=\"2022-09-15T14:00:12+00:00\" \/>\n<meta property=\"og:image\" content=\"https:\/\/crees.org.do\/wp-content\/uploads\/2022\/09\/1200px-Banco_Central_01.jpg\" \/>\n\t<meta property=\"og:image:width\" content=\"1200\" \/>\n\t<meta property=\"og:image:height\" content=\"797\" \/>\n\t<meta property=\"og:image:type\" content=\"image\/jpeg\" \/>\n<meta name=\"author\" content=\"Crees\" \/>\n<meta name=\"twitter:card\" content=\"summary_large_image\" \/>\n<meta name=\"twitter:creator\" content=\"@CREESRD\" \/>\n<meta name=\"twitter:site\" content=\"@CREESRD\" \/>\n<meta name=\"twitter:label1\" content=\"Escrito por\" \/>\n\t<meta name=\"twitter:data1\" content=\"Crees\" \/>\n\t<meta name=\"twitter:label2\" content=\"Tiempo de lectura\" \/>\n\t<meta name=\"twitter:data2\" content=\"2 minutos\" \/>\n<script type=\"application\/ld+json\" class=\"yoast-schema-graph\">{\"@context\":\"https:\/\/schema.org\",\"@graph\":[{\"@type\":\"Article\",\"@id\":\"https:\/\/crees.org.do\/?p=23853#article\",\"isPartOf\":{\"@id\":\"https:\/\/crees.org.do\/?p=23853\"},\"author\":{\"name\":\"Crees\",\"@id\":\"https:\/\/crees.org.do\/#\/schema\/person\/e7f97cd94d7bf9cd0e0ce30acb7d56b8\"},\"headline\":\"Urge gobierno transfiera recursos al Banco Central, dice CREES\",\"datePublished\":\"2022-09-13T13:59:57+00:00\",\"dateModified\":\"2022-09-15T14:00:12+00:00\",\"mainEntityOfPage\":{\"@id\":\"https:\/\/crees.org.do\/?p=23853\"},\"wordCount\":430,\"publisher\":{\"@id\":\"https:\/\/crees.org.do\/#organization\"},\"image\":{\"@id\":\"https:\/\/crees.org.do\/?p=23853#primaryimage\"},\"thumbnailUrl\":\"https:\/\/crees.org.do\/wp-content\/uploads\/2022\/09\/1200px-Banco_Central_01.jpg\",\"articleSection\":[\"Actualidad\"],\"inLanguage\":\"es\"},{\"@type\":\"WebPage\",\"@id\":\"https:\/\/crees.org.do\/?p=23853\",\"url\":\"https:\/\/crees.org.do\/?p=23853\",\"name\":\"Urge gobierno transfiera recursos al Banco Central, dice CREES | CREES\",\"isPartOf\":{\"@id\":\"https:\/\/crees.org.do\/#website\"},\"primaryImageOfPage\":{\"@id\":\"https:\/\/crees.org.do\/?p=23853#primaryimage\"},\"image\":{\"@id\":\"https:\/\/crees.org.do\/?p=23853#primaryimage\"},\"thumbnailUrl\":\"https:\/\/crees.org.do\/wp-content\/uploads\/2022\/09\/1200px-Banco_Central_01.jpg\",\"datePublished\":\"2022-09-13T13:59:57+00:00\",\"dateModified\":\"2022-09-15T14:00:12+00:00\",\"breadcrumb\":{\"@id\":\"https:\/\/crees.org.do\/?p=23853#breadcrumb\"},\"inLanguage\":\"es\",\"potentialAction\":[{\"@type\":\"ReadAction\",\"target\":[\"https:\/\/crees.org.do\/?p=23853\"]}]},{\"@type\":\"ImageObject\",\"inLanguage\":\"es\",\"@id\":\"https:\/\/crees.org.do\/?p=23853#primaryimage\",\"url\":\"https:\/\/crees.org.do\/wp-content\/uploads\/2022\/09\/1200px-Banco_Central_01.jpg\",\"contentUrl\":\"https:\/\/crees.org.do\/wp-content\/uploads\/2022\/09\/1200px-Banco_Central_01.jpg\",\"width\":1200,\"height\":797},{\"@type\":\"BreadcrumbList\",\"@id\":\"https:\/\/crees.org.do\/?p=23853#breadcrumb\",\"itemListElement\":[{\"@type\":\"ListItem\",\"position\":1,\"name\":\"Portada\",\"item\":\"https:\/\/crees.org.do\/\"},{\"@type\":\"ListItem\",\"position\":2,\"name\":\"Urge gobierno transfiera recursos al Banco Central, dice CREES\"}]},{\"@type\":\"WebSite\",\"@id\":\"https:\/\/crees.org.do\/#website\",\"url\":\"https:\/\/crees.org.do\/\",\"name\":\"CREES\",\"description\":\"Centro Regional de Estrategias Econ\u00f3micas Sostenibles\",\"publisher\":{\"@id\":\"https:\/\/crees.org.do\/#organization\"},\"potentialAction\":[{\"@type\":\"SearchAction\",\"target\":{\"@type\":\"EntryPoint\",\"urlTemplate\":\"https:\/\/crees.org.do\/?s={search_term_string}\"},\"query-input\":{\"@type\":\"PropertyValueSpecification\",\"valueRequired\":true,\"valueName\":\"search_term_string\"}}],\"inLanguage\":\"es\"},{\"@type\":\"Organization\",\"@id\":\"https:\/\/crees.org.do\/#organization\",\"name\":\"CREES | Centro Regional de Estrategias Econ\u00f3micas Sostenibles\",\"url\":\"https:\/\/crees.org.do\/\",\"logo\":{\"@type\":\"ImageObject\",\"inLanguage\":\"es\",\"@id\":\"https:\/\/crees.org.do\/#\/schema\/logo\/image\/\",\"url\":\"https:\/\/crees.org.do\/wp-content\/uploads\/2022\/03\/crees-logo-1.jpg\",\"contentUrl\":\"https:\/\/crees.org.do\/wp-content\/uploads\/2022\/03\/crees-logo-1.jpg\",\"width\":244,\"height\":71,\"caption\":\"CREES | Centro Regional de Estrategias Econ\u00f3micas Sostenibles\"},\"image\":{\"@id\":\"https:\/\/crees.org.do\/#\/schema\/logo\/image\/\"},\"sameAs\":[\"https:\/\/www.facebook.com\/CREESRD\/\",\"https:\/\/x.com\/CREESRD\"]},{\"@type\":\"Person\",\"@id\":\"https:\/\/crees.org.do\/#\/schema\/person\/e7f97cd94d7bf9cd0e0ce30acb7d56b8\",\"name\":\"Crees\",\"image\":{\"@type\":\"ImageObject\",\"inLanguage\":\"es\",\"@id\":\"https:\/\/crees.org.do\/#\/schema\/person\/image\/\",\"url\":\"https:\/\/secure.gravatar.com\/avatar\/390ac8f0be5d9aa046152553e2dd7011b59a512d89c150f5e5f28bb8d9a0b165?s=96&d=mm&r=g\",\"contentUrl\":\"https:\/\/secure.gravatar.com\/avatar\/390ac8f0be5d9aa046152553e2dd7011b59a512d89c150f5e5f28bb8d9a0b165?s=96&d=mm&r=g\",\"caption\":\"Crees\"},\"url\":\"https:\/\/crees.org.do\/?author=2\"}]}<\/script>\n<!-- \/ Yoast SEO plugin. -->","yoast_head_json":{"title":"Urge gobierno transfiera recursos al Banco Central, dice CREES | CREES","robots":{"index":"index","follow":"follow","max-snippet":"max-snippet:-1","max-image-preview":"max-image-preview:large","max-video-preview":"max-video-preview:-1"},"canonical":"https:\/\/crees.org.do\/?p=23853","og_locale":"es_ES","og_type":"article","og_title":"Urge gobierno transfiera recursos al Banco Central, dice CREES | CREES","og_description":"Autor: Hoy Fecha: 13 de septiembre del 2022 Extra\u00eddo de:\u00a0Peri\u00f3dico Hoy El\u00a0Centro Regional de Estrategias Econ\u00f3micas Sostenibles (CREES)\u00a0afirm\u00f3 ayer que urge que el gobierno transfiera recursos al Banco Central para poder reducir el stock de los valores en circulaci\u00f3n. La \u00fanica forma de reducir el pasivo no monetario del\u00a0Banco Central\u00a0es si el gobierno registra super\u00e1vit...","og_url":"https:\/\/crees.org.do\/?p=23853","og_site_name":"CREES","article_publisher":"https:\/\/www.facebook.com\/CREESRD\/","article_published_time":"2022-09-13T13:59:57+00:00","article_modified_time":"2022-09-15T14:00:12+00:00","og_image":[{"width":1200,"height":797,"url":"https:\/\/crees.org.do\/wp-content\/uploads\/2022\/09\/1200px-Banco_Central_01.jpg","type":"image\/jpeg"}],"author":"Crees","twitter_card":"summary_large_image","twitter_creator":"@CREESRD","twitter_site":"@CREESRD","twitter_misc":{"Escrito por":"Crees","Tiempo de lectura":"2 minutos"},"schema":{"@context":"https:\/\/schema.org","@graph":[{"@type":"Article","@id":"https:\/\/crees.org.do\/?p=23853#article","isPartOf":{"@id":"https:\/\/crees.org.do\/?p=23853"},"author":{"name":"Crees","@id":"https:\/\/crees.org.do\/#\/schema\/person\/e7f97cd94d7bf9cd0e0ce30acb7d56b8"},"headline":"Urge gobierno transfiera recursos al Banco Central, dice CREES","datePublished":"2022-09-13T13:59:57+00:00","dateModified":"2022-09-15T14:00:12+00:00","mainEntityOfPage":{"@id":"https:\/\/crees.org.do\/?p=23853"},"wordCount":430,"publisher":{"@id":"https:\/\/crees.org.do\/#organization"},"image":{"@id":"https:\/\/crees.org.do\/?p=23853#primaryimage"},"thumbnailUrl":"https:\/\/crees.org.do\/wp-content\/uploads\/2022\/09\/1200px-Banco_Central_01.jpg","articleSection":["Actualidad"],"inLanguage":"es"},{"@type":"WebPage","@id":"https:\/\/crees.org.do\/?p=23853","url":"https:\/\/crees.org.do\/?p=23853","name":"Urge gobierno transfiera recursos al Banco Central, dice CREES | CREES","isPartOf":{"@id":"https:\/\/crees.org.do\/#website"},"primaryImageOfPage":{"@id":"https:\/\/crees.org.do\/?p=23853#primaryimage"},"image":{"@id":"https:\/\/crees.org.do\/?p=23853#primaryimage"},"thumbnailUrl":"https:\/\/crees.org.do\/wp-content\/uploads\/2022\/09\/1200px-Banco_Central_01.jpg","datePublished":"2022-09-13T13:59:57+00:00","dateModified":"2022-09-15T14:00:12+00:00","breadcrumb":{"@id":"https:\/\/crees.org.do\/?p=23853#breadcrumb"},"inLanguage":"es","potentialAction":[{"@type":"ReadAction","target":["https:\/\/crees.org.do\/?p=23853"]}]},{"@type":"ImageObject","inLanguage":"es","@id":"https:\/\/crees.org.do\/?p=23853#primaryimage","url":"https:\/\/crees.org.do\/wp-content\/uploads\/2022\/09\/1200px-Banco_Central_01.jpg","contentUrl":"https:\/\/crees.org.do\/wp-content\/uploads\/2022\/09\/1200px-Banco_Central_01.jpg","width":1200,"height":797},{"@type":"BreadcrumbList","@id":"https:\/\/crees.org.do\/?p=23853#breadcrumb","itemListElement":[{"@type":"ListItem","position":1,"name":"Portada","item":"https:\/\/crees.org.do\/"},{"@type":"ListItem","position":2,"name":"Urge gobierno transfiera recursos al Banco Central, dice CREES"}]},{"@type":"WebSite","@id":"https:\/\/crees.org.do\/#website","url":"https:\/\/crees.org.do\/","name":"CREES","description":"Centro Regional de Estrategias Econ\u00f3micas Sostenibles","publisher":{"@id":"https:\/\/crees.org.do\/#organization"},"potentialAction":[{"@type":"SearchAction","target":{"@type":"EntryPoint","urlTemplate":"https:\/\/crees.org.do\/?s={search_term_string}"},"query-input":{"@type":"PropertyValueSpecification","valueRequired":true,"valueName":"search_term_string"}}],"inLanguage":"es"},{"@type":"Organization","@id":"https:\/\/crees.org.do\/#organization","name":"CREES | Centro Regional de Estrategias Econ\u00f3micas Sostenibles","url":"https:\/\/crees.org.do\/","logo":{"@type":"ImageObject","inLanguage":"es","@id":"https:\/\/crees.org.do\/#\/schema\/logo\/image\/","url":"https:\/\/crees.org.do\/wp-content\/uploads\/2022\/03\/crees-logo-1.jpg","contentUrl":"https:\/\/crees.org.do\/wp-content\/uploads\/2022\/03\/crees-logo-1.jpg","width":244,"height":71,"caption":"CREES | Centro Regional de Estrategias Econ\u00f3micas Sostenibles"},"image":{"@id":"https:\/\/crees.org.do\/#\/schema\/logo\/image\/"},"sameAs":["https:\/\/www.facebook.com\/CREESRD\/","https:\/\/x.com\/CREESRD"]},{"@type":"Person","@id":"https:\/\/crees.org.do\/#\/schema\/person\/e7f97cd94d7bf9cd0e0ce30acb7d56b8","name":"Crees","image":{"@type":"ImageObject","inLanguage":"es","@id":"https:\/\/crees.org.do\/#\/schema\/person\/image\/","url":"https:\/\/secure.gravatar.com\/avatar\/390ac8f0be5d9aa046152553e2dd7011b59a512d89c150f5e5f28bb8d9a0b165?s=96&d=mm&r=g","contentUrl":"https:\/\/secure.gravatar.com\/avatar\/390ac8f0be5d9aa046152553e2dd7011b59a512d89c150f5e5f28bb8d9a0b165?s=96&d=mm&r=g","caption":"Crees"},"url":"https:\/\/crees.org.do\/?author=2"}]}},"_links":{"self":[{"href":"https:\/\/crees.org.do\/index.php?rest_route=\/wp\/v2\/posts\/23853","targetHints":{"allow":["GET"]}}],"collection":[{"href":"https:\/\/crees.org.do\/index.php?rest_route=\/wp\/v2\/posts"}],"about":[{"href":"https:\/\/crees.org.do\/index.php?rest_route=\/wp\/v2\/types\/post"}],"author":[{"embeddable":true,"href":"https:\/\/crees.org.do\/index.php?rest_route=\/wp\/v2\/users\/2"}],"replies":[{"embeddable":true,"href":"https:\/\/crees.org.do\/index.php?rest_route=%2Fwp%2Fv2%2Fcomments&post=23853"}],"version-history":[{"count":1,"href":"https:\/\/crees.org.do\/index.php?rest_route=\/wp\/v2\/posts\/23853\/revisions"}],"predecessor-version":[{"id":23855,"href":"https:\/\/crees.org.do\/index.php?rest_route=\/wp\/v2\/posts\/23853\/revisions\/23855"}],"wp:featuredmedia":[{"embeddable":true,"href":"https:\/\/crees.org.do\/index.php?rest_route=\/wp\/v2\/media\/23854"}],"wp:attachment":[{"href":"https:\/\/crees.org.do\/index.php?rest_route=%2Fwp%2Fv2%2Fmedia&parent=23853"}],"wp:term":[{"taxonomy":"category","embeddable":true,"href":"https:\/\/crees.org.do\/index.php?rest_route=%2Fwp%2Fv2%2Fcategories&post=23853"},{"taxonomy":"post_tag","embeddable":true,"href":"https:\/\/crees.org.do\/index.php?rest_route=%2Fwp%2Fv2%2Ftags&post=23853"}],"curies":[{"name":"wp","href":"https:\/\/api.w.org\/{rel}","templated":true}]}}