{"id":24608,"date":"2022-08-29T15:25:29","date_gmt":"2022-08-29T15:25:29","guid":{"rendered":"https:\/\/crees.org.do\/?p=24608"},"modified":"2023-03-10T15:26:02","modified_gmt":"2023-03-10T15:26:02","slug":"los-salarios-no-se-decretan-aumentan-con-la-productividad","status":"publish","type":"post","link":"https:\/\/crees.org.do\/?p=24608","title":{"rendered":"Los salarios no se decretan, aumentan con la productividad"},"content":{"rendered":"<p><img fetchpriority=\"high\" decoding=\"async\" class=\"size-full wp-image-24609 aligncenter\" src=\"https:\/\/crees.org.do\/wp-content\/uploads\/2023\/03\/IMG_5380-scaled.jpg\" alt=\"\" width=\"964\" height=\"1200\" srcset=\"https:\/\/crees.org.do\/wp-content\/uploads\/2023\/03\/IMG_5380-scaled.jpg 964w, https:\/\/crees.org.do\/wp-content\/uploads\/2023\/03\/IMG_5380-362x450.jpg 362w, https:\/\/crees.org.do\/wp-content\/uploads\/2023\/03\/IMG_5380-768x956.jpg 768w, https:\/\/crees.org.do\/wp-content\/uploads\/2023\/03\/IMG_5380-600x747.jpg 600w\" sizes=\"(max-width: 964px) 100vw, 964px\" \/> <img decoding=\"async\" class=\"size-full wp-image-24610 aligncenter\" src=\"https:\/\/crees.org.do\/wp-content\/uploads\/2023\/03\/IMG_5382-scaled.jpg\" alt=\"\" width=\"965\" height=\"1200\" srcset=\"https:\/\/crees.org.do\/wp-content\/uploads\/2023\/03\/IMG_5382-scaled.jpg 965w, https:\/\/crees.org.do\/wp-content\/uploads\/2023\/03\/IMG_5382-362x450.jpg 362w, https:\/\/crees.org.do\/wp-content\/uploads\/2023\/03\/IMG_5382-768x955.jpg 768w, https:\/\/crees.org.do\/wp-content\/uploads\/2023\/03\/IMG_5382-600x746.jpg 600w\" sizes=\"(max-width: 965px) 100vw, 965px\" \/> <img decoding=\"async\" class=\"size-full wp-image-24611 aligncenter\" src=\"https:\/\/crees.org.do\/wp-content\/uploads\/2023\/03\/IMG_5383-scaled.jpg\" alt=\"\" width=\"964\" height=\"1200\" srcset=\"https:\/\/crees.org.do\/wp-content\/uploads\/2023\/03\/IMG_5383-scaled.jpg 964w, https:\/\/crees.org.do\/wp-content\/uploads\/2023\/03\/IMG_5383-362x450.jpg 362w, https:\/\/crees.org.do\/wp-content\/uploads\/2023\/03\/IMG_5383-768x956.jpg 768w, https:\/\/crees.org.do\/wp-content\/uploads\/2023\/03\/IMG_5383-600x747.jpg 600w\" sizes=\"(max-width: 964px) 100vw, 964px\" \/> <img loading=\"lazy\" decoding=\"async\" class=\"size-full wp-image-24612 aligncenter\" src=\"https:\/\/crees.org.do\/wp-content\/uploads\/2023\/03\/IMG_5384-scaled.jpg\" alt=\"\" width=\"967\" height=\"1200\" srcset=\"https:\/\/crees.org.do\/wp-content\/uploads\/2023\/03\/IMG_5384-scaled.jpg 967w, https:\/\/crees.org.do\/wp-content\/uploads\/2023\/03\/IMG_5384-363x450.jpg 363w, https:\/\/crees.org.do\/wp-content\/uploads\/2023\/03\/IMG_5384-768x953.jpg 768w, https:\/\/crees.org.do\/wp-content\/uploads\/2023\/03\/IMG_5384-600x745.jpg 600w\" sizes=\"(max-width: 967px) 100vw, 967px\" \/> <img loading=\"lazy\" decoding=\"async\" class=\"size-full wp-image-24613 aligncenter\" src=\"https:\/\/crees.org.do\/wp-content\/uploads\/2023\/03\/IMG_5385-scaled.jpg\" alt=\"\" width=\"970\" height=\"1200\" srcset=\"https:\/\/crees.org.do\/wp-content\/uploads\/2023\/03\/IMG_5385-scaled.jpg 970w, https:\/\/crees.org.do\/wp-content\/uploads\/2023\/03\/IMG_5385-364x450.jpg 364w, https:\/\/crees.org.do\/wp-content\/uploads\/2023\/03\/IMG_5385-768x950.jpg 768w, https:\/\/crees.org.do\/wp-content\/uploads\/2023\/03\/IMG_5385-600x742.jpg 600w\" sizes=\"(max-width: 970px) 100vw, 970px\" \/> <img loading=\"lazy\" decoding=\"async\" class=\"size-full wp-image-24614 aligncenter\" src=\"https:\/\/crees.org.do\/wp-content\/uploads\/2023\/03\/IMG_5386-scaled.jpg\" alt=\"\" width=\"974\" height=\"1200\" srcset=\"https:\/\/crees.org.do\/wp-content\/uploads\/2023\/03\/IMG_5386-scaled.jpg 974w, https:\/\/crees.org.do\/wp-content\/uploads\/2023\/03\/IMG_5386-365x450.jpg 365w, https:\/\/crees.org.do\/wp-content\/uploads\/2023\/03\/IMG_5386-768x946.jpg 768w, https:\/\/crees.org.do\/wp-content\/uploads\/2023\/03\/IMG_5386-520x640.jpg 520w, https:\/\/crees.org.do\/wp-content\/uploads\/2023\/03\/IMG_5386-600x739.jpg 600w\" sizes=\"(max-width: 974px) 100vw, 974px\" \/> <img loading=\"lazy\" decoding=\"async\" class=\"size-full wp-image-24615 aligncenter\" src=\"https:\/\/crees.org.do\/wp-content\/uploads\/2023\/03\/IMG_5387-scaled.jpg\" alt=\"\" width=\"974\" height=\"1200\" srcset=\"https:\/\/crees.org.do\/wp-content\/uploads\/2023\/03\/IMG_5387-scaled.jpg 974w, https:\/\/crees.org.do\/wp-content\/uploads\/2023\/03\/IMG_5387-365x450.jpg 365w, https:\/\/crees.org.do\/wp-content\/uploads\/2023\/03\/IMG_5387-768x946.jpg 768w, https:\/\/crees.org.do\/wp-content\/uploads\/2023\/03\/IMG_5387-520x640.jpg 520w, https:\/\/crees.org.do\/wp-content\/uploads\/2023\/03\/IMG_5387-600x739.jpg 600w\" sizes=\"(max-width: 974px) 100vw, 974px\" \/> <img loading=\"lazy\" decoding=\"async\" class=\"size-full wp-image-24616 aligncenter\" src=\"https:\/\/crees.org.do\/wp-content\/uploads\/2023\/03\/IMG_5388-scaled.jpg\" alt=\"\" width=\"964\" height=\"1200\" srcset=\"https:\/\/crees.org.do\/wp-content\/uploads\/2023\/03\/IMG_5388-scaled.jpg 964w, https:\/\/crees.org.do\/wp-content\/uploads\/2023\/03\/IMG_5388-362x450.jpg 362w, https:\/\/crees.org.do\/wp-content\/uploads\/2023\/03\/IMG_5388-768x956.jpg 768w, https:\/\/crees.org.do\/wp-content\/uploads\/2023\/03\/IMG_5388-600x747.jpg 600w\" sizes=\"(max-width: 964px) 100vw, 964px\" \/> <img loading=\"lazy\" decoding=\"async\" class=\"size-full wp-image-24617 aligncenter\" src=\"https:\/\/crees.org.do\/wp-content\/uploads\/2023\/03\/IMG_5389-scaled.jpg\" alt=\"\" width=\"963\" height=\"1200\" srcset=\"https:\/\/crees.org.do\/wp-content\/uploads\/2023\/03\/IMG_5389-scaled.jpg 963w, https:\/\/crees.org.do\/wp-content\/uploads\/2023\/03\/IMG_5389-361x450.jpg 361w, https:\/\/crees.org.do\/wp-content\/uploads\/2023\/03\/IMG_5389-768x957.jpg 768w, https:\/\/crees.org.do\/wp-content\/uploads\/2023\/03\/IMG_5389-600x748.jpg 600w\" sizes=\"(max-width: 963px) 100vw, 963px\" \/><\/p>\n<p>Elaboraci\u00f3n de CREES en colaboraci\u00f3n con El Sistema. Publicado originalmente <a href=\"https:\/\/www.instagram.com\/p\/Ch2Yoj_L4Nv\/?utm_source=ig_web_copy_link\">aqu\u00ed<\/a><\/p>\n<div class=\"pvc_clear\"><\/div>\n<p class=\"pvc_stats all \" data-element-id=\"24608\" style=\"\"><i class=\"pvc-stats-icon medium\" aria-hidden=\"true\"><svg aria-hidden=\"true\" focusable=\"false\" data-prefix=\"far\" data-icon=\"chart-bar\" role=\"img\" xmlns=\"http:\/\/www.w3.org\/2000\/svg\" viewBox=\"0 0 512 512\" class=\"svg-inline--fa fa-chart-bar fa-w-16 fa-2x\"><path fill=\"currentColor\" d=\"M396.8 352h22.4c6.4 0 12.8-6.4 12.8-12.8V108.8c0-6.4-6.4-12.8-12.8-12.8h-22.4c-6.4 0-12.8 6.4-12.8 12.8v230.4c0 6.4 6.4 12.8 12.8 12.8zm-192 0h22.4c6.4 0 12.8-6.4 12.8-12.8V140.8c0-6.4-6.4-12.8-12.8-12.8h-22.4c-6.4 0-12.8 6.4-12.8 12.8v198.4c0 6.4 6.4 12.8 12.8 12.8zm96 0h22.4c6.4 0 12.8-6.4 12.8-12.8V204.8c0-6.4-6.4-12.8-12.8-12.8h-22.4c-6.4 0-12.8 6.4-12.8 12.8v134.4c0 6.4 6.4 12.8 12.8 12.8zM496 400H48V80c0-8.84-7.16-16-16-16H16C7.16 64 0 71.16 0 80v336c0 17.67 14.33 32 32 32h464c8.84 0 16-7.16 16-16v-16c0-8.84-7.16-16-16-16zm-387.2-48h22.4c6.4 0 12.8-6.4 12.8-12.8v-70.4c0-6.4-6.4-12.8-12.8-12.8h-22.4c-6.4 0-12.8 6.4-12.8 12.8v70.4c0 6.4 6.4 12.8 12.8 12.8z\" class=\"\"><\/path><\/svg><\/i> Vistas Totales&nbsp;1,065&nbsp;, Vistas Hoy&nbsp;2&nbsp;<\/p>\n<div class=\"pvc_clear\"><\/div>\n","protected":false},"excerpt":{"rendered":"<p>Elaboraci\u00f3n de CREES en colaboraci\u00f3n con El Sistema. Publicado originalmente aqu\u00ed Vistas Totales&nbsp;1,065&nbsp;, Vistas Hoy&nbsp;2&nbsp;<\/p>\n<div class=\"pvc_clear\"><\/div>\n<p class=\"pvc_stats all \" data-element-id=\"24608\" style=\"\"><i class=\"pvc-stats-icon medium\" aria-hidden=\"true\"><svg aria-hidden=\"true\" focusable=\"false\" data-prefix=\"far\" data-icon=\"chart-bar\" role=\"img\" xmlns=\"http:\/\/www.w3.org\/2000\/svg\" viewBox=\"0 0 512 512\" class=\"svg-inline--fa fa-chart-bar fa-w-16 fa-2x\"><path fill=\"currentColor\" d=\"M396.8 352h22.4c6.4 0 12.8-6.4 12.8-12.8V108.8c0-6.4-6.4-12.8-12.8-12.8h-22.4c-6.4 0-12.8 6.4-12.8 12.8v230.4c0 6.4 6.4 12.8 12.8 12.8zm-192 0h22.4c6.4 0 12.8-6.4 12.8-12.8V140.8c0-6.4-6.4-12.8-12.8-12.8h-22.4c-6.4 0-12.8 6.4-12.8 12.8v198.4c0 6.4 6.4 12.8 12.8 12.8zm96 0h22.4c6.4 0 12.8-6.4 12.8-12.8V204.8c0-6.4-6.4-12.8-12.8-12.8h-22.4c-6.4 0-12.8 6.4-12.8 12.8v134.4c0 6.4 6.4 12.8 12.8 12.8zM496 400H48V80c0-8.84-7.16-16-16-16H16C7.16 64 0 71.16 0 80v336c0 17.67 14.33 32 32 32h464c8.84 0 16-7.16 16-16v-16c0-8.84-7.16-16-16-16zm-387.2-48h22.4c6.4 0 12.8-6.4 12.8-12.8v-70.4c0-6.4-6.4-12.8-12.8-12.8h-22.4c-6.4 0-12.8 6.4-12.8 12.8v70.4c0 6.4 6.4 12.8 12.8 12.8z\" class=\"\"><\/path><\/svg><\/i> Vistas Totales&nbsp;1,065&nbsp;, Vistas Hoy&nbsp;2&nbsp;<\/p>\n<div class=\"pvc_clear\"><\/div>\n","protected":false},"author":2,"featured_media":24609,"comment_status":"closed","ping_status":"closed","sticky":false,"template":"","format":"standard","meta":{"footnotes":""},"categories":[21],"tags":[],"class_list":["post-24608","post","type-post","status-publish","format-standard","has-post-thumbnail","hentry","category-blog"],"yoast_head":"<!-- This site is optimized with the Yoast SEO plugin v25.2 - https:\/\/yoast.com\/wordpress\/plugins\/seo\/ -->\n<title>Los salarios no se decretan, aumentan con la productividad | CREES<\/title>\n<meta name=\"robots\" content=\"index, follow, max-snippet:-1, max-image-preview:large, max-video-preview:-1\" \/>\n<link rel=\"canonical\" href=\"https:\/\/crees.org.do\/?p=24608\" \/>\n<meta property=\"og:locale\" content=\"es_ES\" \/>\n<meta property=\"og:type\" content=\"article\" \/>\n<meta property=\"og:title\" content=\"Los salarios no se decretan, aumentan con la productividad | CREES\" \/>\n<meta property=\"og:description\" content=\"Elaboraci\u00f3n de CREES en colaboraci\u00f3n con El Sistema. Publicado originalmente aqu\u00ed Vistas Totales&nbsp;1,065&nbsp;, Vistas Hoy&nbsp;2&nbsp;\" \/>\n<meta property=\"og:url\" content=\"https:\/\/crees.org.do\/?p=24608\" \/>\n<meta property=\"og:site_name\" content=\"CREES\" \/>\n<meta property=\"article:publisher\" content=\"https:\/\/www.facebook.com\/CREESRD\/\" \/>\n<meta property=\"article:published_time\" content=\"2022-08-29T15:25:29+00:00\" \/>\n<meta property=\"article:modified_time\" content=\"2023-03-10T15:26:02+00:00\" \/>\n<meta property=\"og:image\" content=\"https:\/\/crees.org.do\/wp-content\/uploads\/2023\/03\/IMG_5380-scaled.jpg\" \/>\n\t<meta property=\"og:image:width\" content=\"964\" \/>\n\t<meta property=\"og:image:height\" content=\"1200\" \/>\n\t<meta property=\"og:image:type\" content=\"image\/jpeg\" \/>\n<meta name=\"author\" content=\"Crees\" \/>\n<meta name=\"twitter:card\" content=\"summary_large_image\" \/>\n<meta name=\"twitter:creator\" content=\"@CREESRD\" \/>\n<meta name=\"twitter:site\" content=\"@CREESRD\" \/>\n<meta name=\"twitter:label1\" content=\"Escrito por\" \/>\n\t<meta name=\"twitter:data1\" content=\"Crees\" \/>\n<script type=\"application\/ld+json\" class=\"yoast-schema-graph\">{\"@context\":\"https:\/\/schema.org\",\"@graph\":[{\"@type\":\"Article\",\"@id\":\"https:\/\/crees.org.do\/?p=24608#article\",\"isPartOf\":{\"@id\":\"https:\/\/crees.org.do\/?p=24608\"},\"author\":{\"name\":\"Crees\",\"@id\":\"https:\/\/crees.org.do\/#\/schema\/person\/e7f97cd94d7bf9cd0e0ce30acb7d56b8\"},\"headline\":\"Los salarios no se decretan, aumentan con la productividad\",\"datePublished\":\"2022-08-29T15:25:29+00:00\",\"dateModified\":\"2023-03-10T15:26:02+00:00\",\"mainEntityOfPage\":{\"@id\":\"https:\/\/crees.org.do\/?p=24608\"},\"wordCount\":22,\"publisher\":{\"@id\":\"https:\/\/crees.org.do\/#organization\"},\"image\":{\"@id\":\"https:\/\/crees.org.do\/?p=24608#primaryimage\"},\"thumbnailUrl\":\"https:\/\/crees.org.do\/wp-content\/uploads\/2023\/03\/IMG_5380-scaled.jpg\",\"articleSection\":[\"Blog\"],\"inLanguage\":\"es\"},{\"@type\":\"WebPage\",\"@id\":\"https:\/\/crees.org.do\/?p=24608\",\"url\":\"https:\/\/crees.org.do\/?p=24608\",\"name\":\"Los salarios no se decretan, aumentan con la productividad | CREES\",\"isPartOf\":{\"@id\":\"https:\/\/crees.org.do\/#website\"},\"primaryImageOfPage\":{\"@id\":\"https:\/\/crees.org.do\/?p=24608#primaryimage\"},\"image\":{\"@id\":\"https:\/\/crees.org.do\/?p=24608#primaryimage\"},\"thumbnailUrl\":\"https:\/\/crees.org.do\/wp-content\/uploads\/2023\/03\/IMG_5380-scaled.jpg\",\"datePublished\":\"2022-08-29T15:25:29+00:00\",\"dateModified\":\"2023-03-10T15:26:02+00:00\",\"breadcrumb\":{\"@id\":\"https:\/\/crees.org.do\/?p=24608#breadcrumb\"},\"inLanguage\":\"es\",\"potentialAction\":[{\"@type\":\"ReadAction\",\"target\":[\"https:\/\/crees.org.do\/?p=24608\"]}]},{\"@type\":\"ImageObject\",\"inLanguage\":\"es\",\"@id\":\"https:\/\/crees.org.do\/?p=24608#primaryimage\",\"url\":\"https:\/\/crees.org.do\/wp-content\/uploads\/2023\/03\/IMG_5380-scaled.jpg\",\"contentUrl\":\"https:\/\/crees.org.do\/wp-content\/uploads\/2023\/03\/IMG_5380-scaled.jpg\",\"width\":964,\"height\":1200},{\"@type\":\"BreadcrumbList\",\"@id\":\"https:\/\/crees.org.do\/?p=24608#breadcrumb\",\"itemListElement\":[{\"@type\":\"ListItem\",\"position\":1,\"name\":\"Portada\",\"item\":\"https:\/\/crees.org.do\/\"},{\"@type\":\"ListItem\",\"position\":2,\"name\":\"Los salarios no se decretan, aumentan con la productividad\"}]},{\"@type\":\"WebSite\",\"@id\":\"https:\/\/crees.org.do\/#website\",\"url\":\"https:\/\/crees.org.do\/\",\"name\":\"CREES\",\"description\":\"Centro Regional de Estrategias Econ\u00f3micas Sostenibles\",\"publisher\":{\"@id\":\"https:\/\/crees.org.do\/#organization\"},\"potentialAction\":[{\"@type\":\"SearchAction\",\"target\":{\"@type\":\"EntryPoint\",\"urlTemplate\":\"https:\/\/crees.org.do\/?s={search_term_string}\"},\"query-input\":{\"@type\":\"PropertyValueSpecification\",\"valueRequired\":true,\"valueName\":\"search_term_string\"}}],\"inLanguage\":\"es\"},{\"@type\":\"Organization\",\"@id\":\"https:\/\/crees.org.do\/#organization\",\"name\":\"CREES | Centro Regional de Estrategias Econ\u00f3micas Sostenibles\",\"url\":\"https:\/\/crees.org.do\/\",\"logo\":{\"@type\":\"ImageObject\",\"inLanguage\":\"es\",\"@id\":\"https:\/\/crees.org.do\/#\/schema\/logo\/image\/\",\"url\":\"https:\/\/crees.org.do\/wp-content\/uploads\/2022\/03\/crees-logo-1.jpg\",\"contentUrl\":\"https:\/\/crees.org.do\/wp-content\/uploads\/2022\/03\/crees-logo-1.jpg\",\"width\":244,\"height\":71,\"caption\":\"CREES | Centro Regional de Estrategias Econ\u00f3micas Sostenibles\"},\"image\":{\"@id\":\"https:\/\/crees.org.do\/#\/schema\/logo\/image\/\"},\"sameAs\":[\"https:\/\/www.facebook.com\/CREESRD\/\",\"https:\/\/x.com\/CREESRD\"]},{\"@type\":\"Person\",\"@id\":\"https:\/\/crees.org.do\/#\/schema\/person\/e7f97cd94d7bf9cd0e0ce30acb7d56b8\",\"name\":\"Crees\",\"image\":{\"@type\":\"ImageObject\",\"inLanguage\":\"es\",\"@id\":\"https:\/\/crees.org.do\/#\/schema\/person\/image\/\",\"url\":\"https:\/\/secure.gravatar.com\/avatar\/390ac8f0be5d9aa046152553e2dd7011b59a512d89c150f5e5f28bb8d9a0b165?s=96&d=mm&r=g\",\"contentUrl\":\"https:\/\/secure.gravatar.com\/avatar\/390ac8f0be5d9aa046152553e2dd7011b59a512d89c150f5e5f28bb8d9a0b165?s=96&d=mm&r=g\",\"caption\":\"Crees\"},\"url\":\"https:\/\/crees.org.do\/?author=2\"}]}<\/script>\n<!-- \/ Yoast SEO plugin. -->","yoast_head_json":{"title":"Los salarios no se decretan, aumentan con la productividad | CREES","robots":{"index":"index","follow":"follow","max-snippet":"max-snippet:-1","max-image-preview":"max-image-preview:large","max-video-preview":"max-video-preview:-1"},"canonical":"https:\/\/crees.org.do\/?p=24608","og_locale":"es_ES","og_type":"article","og_title":"Los salarios no se decretan, aumentan con la productividad | CREES","og_description":"Elaboraci\u00f3n de CREES en colaboraci\u00f3n con El Sistema. Publicado originalmente aqu\u00ed Vistas Totales&nbsp;1,065&nbsp;, Vistas Hoy&nbsp;2&nbsp;","og_url":"https:\/\/crees.org.do\/?p=24608","og_site_name":"CREES","article_publisher":"https:\/\/www.facebook.com\/CREESRD\/","article_published_time":"2022-08-29T15:25:29+00:00","article_modified_time":"2023-03-10T15:26:02+00:00","og_image":[{"width":964,"height":1200,"url":"https:\/\/crees.org.do\/wp-content\/uploads\/2023\/03\/IMG_5380-scaled.jpg","type":"image\/jpeg"}],"author":"Crees","twitter_card":"summary_large_image","twitter_creator":"@CREESRD","twitter_site":"@CREESRD","twitter_misc":{"Escrito por":"Crees"},"schema":{"@context":"https:\/\/schema.org","@graph":[{"@type":"Article","@id":"https:\/\/crees.org.do\/?p=24608#article","isPartOf":{"@id":"https:\/\/crees.org.do\/?p=24608"},"author":{"name":"Crees","@id":"https:\/\/crees.org.do\/#\/schema\/person\/e7f97cd94d7bf9cd0e0ce30acb7d56b8"},"headline":"Los salarios no se decretan, aumentan con la productividad","datePublished":"2022-08-29T15:25:29+00:00","dateModified":"2023-03-10T15:26:02+00:00","mainEntityOfPage":{"@id":"https:\/\/crees.org.do\/?p=24608"},"wordCount":22,"publisher":{"@id":"https:\/\/crees.org.do\/#organization"},"image":{"@id":"https:\/\/crees.org.do\/?p=24608#primaryimage"},"thumbnailUrl":"https:\/\/crees.org.do\/wp-content\/uploads\/2023\/03\/IMG_5380-scaled.jpg","articleSection":["Blog"],"inLanguage":"es"},{"@type":"WebPage","@id":"https:\/\/crees.org.do\/?p=24608","url":"https:\/\/crees.org.do\/?p=24608","name":"Los salarios no se decretan, aumentan con la productividad | CREES","isPartOf":{"@id":"https:\/\/crees.org.do\/#website"},"primaryImageOfPage":{"@id":"https:\/\/crees.org.do\/?p=24608#primaryimage"},"image":{"@id":"https:\/\/crees.org.do\/?p=24608#primaryimage"},"thumbnailUrl":"https:\/\/crees.org.do\/wp-content\/uploads\/2023\/03\/IMG_5380-scaled.jpg","datePublished":"2022-08-29T15:25:29+00:00","dateModified":"2023-03-10T15:26:02+00:00","breadcrumb":{"@id":"https:\/\/crees.org.do\/?p=24608#breadcrumb"},"inLanguage":"es","potentialAction":[{"@type":"ReadAction","target":["https:\/\/crees.org.do\/?p=24608"]}]},{"@type":"ImageObject","inLanguage":"es","@id":"https:\/\/crees.org.do\/?p=24608#primaryimage","url":"https:\/\/crees.org.do\/wp-content\/uploads\/2023\/03\/IMG_5380-scaled.jpg","contentUrl":"https:\/\/crees.org.do\/wp-content\/uploads\/2023\/03\/IMG_5380-scaled.jpg","width":964,"height":1200},{"@type":"BreadcrumbList","@id":"https:\/\/crees.org.do\/?p=24608#breadcrumb","itemListElement":[{"@type":"ListItem","position":1,"name":"Portada","item":"https:\/\/crees.org.do\/"},{"@type":"ListItem","position":2,"name":"Los salarios no se decretan, aumentan con la productividad"}]},{"@type":"WebSite","@id":"https:\/\/crees.org.do\/#website","url":"https:\/\/crees.org.do\/","name":"CREES","description":"Centro Regional de Estrategias Econ\u00f3micas Sostenibles","publisher":{"@id":"https:\/\/crees.org.do\/#organization"},"potentialAction":[{"@type":"SearchAction","target":{"@type":"EntryPoint","urlTemplate":"https:\/\/crees.org.do\/?s={search_term_string}"},"query-input":{"@type":"PropertyValueSpecification","valueRequired":true,"valueName":"search_term_string"}}],"inLanguage":"es"},{"@type":"Organization","@id":"https:\/\/crees.org.do\/#organization","name":"CREES | Centro Regional de Estrategias Econ\u00f3micas Sostenibles","url":"https:\/\/crees.org.do\/","logo":{"@type":"ImageObject","inLanguage":"es","@id":"https:\/\/crees.org.do\/#\/schema\/logo\/image\/","url":"https:\/\/crees.org.do\/wp-content\/uploads\/2022\/03\/crees-logo-1.jpg","contentUrl":"https:\/\/crees.org.do\/wp-content\/uploads\/2022\/03\/crees-logo-1.jpg","width":244,"height":71,"caption":"CREES | Centro Regional de Estrategias Econ\u00f3micas Sostenibles"},"image":{"@id":"https:\/\/crees.org.do\/#\/schema\/logo\/image\/"},"sameAs":["https:\/\/www.facebook.com\/CREESRD\/","https:\/\/x.com\/CREESRD"]},{"@type":"Person","@id":"https:\/\/crees.org.do\/#\/schema\/person\/e7f97cd94d7bf9cd0e0ce30acb7d56b8","name":"Crees","image":{"@type":"ImageObject","inLanguage":"es","@id":"https:\/\/crees.org.do\/#\/schema\/person\/image\/","url":"https:\/\/secure.gravatar.com\/avatar\/390ac8f0be5d9aa046152553e2dd7011b59a512d89c150f5e5f28bb8d9a0b165?s=96&d=mm&r=g","contentUrl":"https:\/\/secure.gravatar.com\/avatar\/390ac8f0be5d9aa046152553e2dd7011b59a512d89c150f5e5f28bb8d9a0b165?s=96&d=mm&r=g","caption":"Crees"},"url":"https:\/\/crees.org.do\/?author=2"}]}},"_links":{"self":[{"href":"https:\/\/crees.org.do\/index.php?rest_route=\/wp\/v2\/posts\/24608","targetHints":{"allow":["GET"]}}],"collection":[{"href":"https:\/\/crees.org.do\/index.php?rest_route=\/wp\/v2\/posts"}],"about":[{"href":"https:\/\/crees.org.do\/index.php?rest_route=\/wp\/v2\/types\/post"}],"author":[{"embeddable":true,"href":"https:\/\/crees.org.do\/index.php?rest_route=\/wp\/v2\/users\/2"}],"replies":[{"embeddable":true,"href":"https:\/\/crees.org.do\/index.php?rest_route=%2Fwp%2Fv2%2Fcomments&post=24608"}],"version-history":[{"count":1,"href":"https:\/\/crees.org.do\/index.php?rest_route=\/wp\/v2\/posts\/24608\/revisions"}],"predecessor-version":[{"id":24618,"href":"https:\/\/crees.org.do\/index.php?rest_route=\/wp\/v2\/posts\/24608\/revisions\/24618"}],"wp:featuredmedia":[{"embeddable":true,"href":"https:\/\/crees.org.do\/index.php?rest_route=\/wp\/v2\/media\/24609"}],"wp:attachment":[{"href":"https:\/\/crees.org.do\/index.php?rest_route=%2Fwp%2Fv2%2Fmedia&parent=24608"}],"wp:term":[{"taxonomy":"category","embeddable":true,"href":"https:\/\/crees.org.do\/index.php?rest_route=%2Fwp%2Fv2%2Fcategories&post=24608"},{"taxonomy":"post_tag","embeddable":true,"href":"https:\/\/crees.org.do\/index.php?rest_route=%2Fwp%2Fv2%2Ftags&post=24608"}],"curies":[{"name":"wp","href":"https:\/\/api.w.org\/{rel}","templated":true}]}}