{"id":24750,"date":"2023-04-24T16:52:53","date_gmt":"2023-04-24T16:52:53","guid":{"rendered":"https:\/\/crees.org.do\/?p=24750"},"modified":"2023-10-09T21:59:07","modified_gmt":"2023-10-09T21:59:07","slug":"finalizo-la-pandemia-tiempo-de-hacer-correcciones","status":"publish","type":"post","link":"https:\/\/crees.org.do\/?p=24750","title":{"rendered":"Finaliz\u00f3 la pandemia: tiempo de hacer correcciones"},"content":{"rendered":"<h1><img fetchpriority=\"high\" decoding=\"async\" class=\" wp-image-24787 aligncenter\" src=\"https:\/\/crees.org.do\/wp-content\/uploads\/2023\/04\/Untitled-3.png\" alt=\"\" width=\"565\" height=\"424\" srcset=\"https:\/\/crees.org.do\/wp-content\/uploads\/2023\/04\/Untitled-3.png 800w, https:\/\/crees.org.do\/wp-content\/uploads\/2023\/04\/Untitled-3-450x338.png 450w, https:\/\/crees.org.do\/wp-content\/uploads\/2023\/04\/Untitled-3-768x576.png 768w, https:\/\/crees.org.do\/wp-content\/uploads\/2023\/04\/Untitled-3-600x450.png 600w\" sizes=\"(max-width: 565px) 100vw, 565px\" \/><\/h1>\n<h1 style=\"text-align: center;\">Finaliz\u00f3 la pandemia: tiempo de hacer correcciones<\/h1>\n<p>Autor: Miguel Collado Di Franco<\/p>\n<p>Fecha: 24 de abril del 2023<\/p>\n<p style=\"text-align: justify;\">El pasado 10 de abril fue decretado el fin de la pandemia de Covid-19 en los Estados Unidos. En Rep\u00fablica Dominicana, el fin de la pandemia ya se ha verificado por la fuerza de los hechos, aunque no de manera oficial. La normalidad ha vuelto a la vida de los dominicanos. Ahora toca abordar las consecuencias de los excesos en las pol\u00edticas p\u00fablicas de la pandemia.<\/p>\n<p style=\"text-align: justify;\">Entre diciembre de 2019 y febrero de 2023, el endeudamiento del sector p\u00fablico no financiero se increment\u00f3 en US$18,613 millones. Ese monto equivale a un crecimiento de 51.8%; en tres a\u00f1os se tom\u00f3 prestado m\u00e1s de la mitad de la deuda existente hasta meses antes del inicio de la pandemia. El incremento en la deuda tuvo su origen en el manejo de las finanzas p\u00fablicas en el pa\u00eds, en particular el incremento en el gasto p\u00fablico desde el a\u00f1o 2020.<\/p>\n<p style=\"text-align: justify;\">El aumento en las erogaciones p\u00fablicas se verific\u00f3 independientemente del comportamiento de los ingresos. Es decir, el gasto creci\u00f3 tanto en el periodo de reducci\u00f3n de los ingresos, as\u00ed como en el de crecimiento de las recaudaciones como resultado, entre otros factores, del aumento de los precios locales e internacionales. La inflaci\u00f3n de precios contribuy\u00f3 al incremento de las bases de la mayor\u00eda de los impuestos. En adici\u00f3n, el aumento en las recaudaciones tambi\u00e9n puede atribuirse a medidas como la Ley No. 46-20 de Transparencia y Revalorizaci\u00f3n Patrimonial, que fue promulgada en 2020. Los ingresos representaron un importante 15.3% del PIB en 2022, comparado con el 14.5% de 2019; en t\u00e9rminos nominales crecieron 45.0% y ajustados por inflaci\u00f3n aumentaron 17.5%, entre 2019 y 2022.<\/p>\n<p style=\"text-align: justify;\">Aprovechando la reducci\u00f3n en las tasas de inter\u00e9s de la Reserva Federal de los Estados Unidos, y la liquidez creada por ese y los dem\u00e1s bancos centrales del mundo, muchos gobiernos incrementaron su gasto y, en consecuencia, el monto de la deuda p\u00fablica. Los excesos monetarios internacionales permitieron a los gobiernos acudir de forma m\u00e1s f\u00e1cil, y relativamente menos costosa, a los mercados de deuda para financiar los aumentos de gasto. En Rep\u00fablica Dominicana, el gasto p\u00fablico como porcentaje del PIB pas\u00f3 de 16.7% en 2019 a 18.7% en 2022. El gasto por habitante tambi\u00e9n se increment\u00f3 de US$1,435.9 a US$2,005.8, otra forma de ver su peso relativo.<\/p>\n<p><img decoding=\"async\" class=\"aligncenter wp-image-24756\" src=\"https:\/\/crees.org.do\/wp-content\/uploads\/2023\/04\/1-Title-copy-7-1.png\" alt=\"\" width=\"855\" height=\"641\" srcset=\"https:\/\/crees.org.do\/wp-content\/uploads\/2023\/04\/1-Title-copy-7-1.png 1200w, https:\/\/crees.org.do\/wp-content\/uploads\/2023\/04\/1-Title-copy-7-1-450x338.png 450w, https:\/\/crees.org.do\/wp-content\/uploads\/2023\/04\/1-Title-copy-7-1-2000x1500.png 2000w, https:\/\/crees.org.do\/wp-content\/uploads\/2023\/04\/1-Title-copy-7-1-768x576.png 768w, https:\/\/crees.org.do\/wp-content\/uploads\/2023\/04\/1-Title-copy-7-1-1536x1152.png 1536w, https:\/\/crees.org.do\/wp-content\/uploads\/2023\/04\/1-Title-copy-7-1-2048x1536.png 2048w, https:\/\/crees.org.do\/wp-content\/uploads\/2023\/04\/1-Title-copy-7-1-600x450.png 600w\" sizes=\"(max-width: 855px) 100vw, 855px\" \/><\/p>\n<p style=\"text-align: justify;\">La deuda total del Estado dominicano creci\u00f3 en 53.6% entre diciembre de 2019 y febrero de 2023, de acuerdo con nuestros estimados. En este sentido, el balance de la deuda del Banco Central de la Rep\u00fablica Dominicana creci\u00f3 en 59.0% al pasar de US$11,918.0 en diciembre de 2019 a US$18,955.5 en febrero de 2023. La instituci\u00f3n emisora ha tenido que lidiar con la liquidez creada por las medidas tomadas en 2020 que aumentaron el cr\u00e9dito e hicieron crecer la oferta monetaria (M2) en 33.8% entre diciembre 2019 y diciembre 2022; y con mayores intereses pagados por los t\u00edtulos de deuda emitidos, el principal componente de sus pasivos no monetarios. Tanto las letras y las notas que emite el ente emisor de moneda se est\u00e1n colocando con rendimientos superiores a los que prevalec\u00edan antes del cambio en la pol\u00edtica monetaria, que fue necesario establecer luego de los aumentos de precios como consecuencia de la inflaci\u00f3n monetaria.<\/p>\n<p><img decoding=\"async\" class=\"aligncenter wp-image-24757\" src=\"https:\/\/crees.org.do\/wp-content\/uploads\/2023\/04\/2-Title-copy-8-1.png\" alt=\"\" width=\"855\" height=\"641\" srcset=\"https:\/\/crees.org.do\/wp-content\/uploads\/2023\/04\/2-Title-copy-8-1.png 2312w, https:\/\/crees.org.do\/wp-content\/uploads\/2023\/04\/2-Title-copy-8-1-450x338.png 450w, https:\/\/crees.org.do\/wp-content\/uploads\/2023\/04\/2-Title-copy-8-1-2000x1500.png 2000w, https:\/\/crees.org.do\/wp-content\/uploads\/2023\/04\/2-Title-copy-8-1-768x576.png 768w, https:\/\/crees.org.do\/wp-content\/uploads\/2023\/04\/2-Title-copy-8-1-1536x1152.png 1536w, https:\/\/crees.org.do\/wp-content\/uploads\/2023\/04\/2-Title-copy-8-1-2048x1536.png 2048w, https:\/\/crees.org.do\/wp-content\/uploads\/2023\/04\/2-Title-copy-8-1-600x450.png 600w\" sizes=\"(max-width: 855px) 100vw, 855px\" \/><\/p>\n<p><img loading=\"lazy\" decoding=\"async\" class=\"aligncenter wp-image-24758\" src=\"https:\/\/crees.org.do\/wp-content\/uploads\/2023\/04\/3-Title-copy-9.png\" alt=\"\" width=\"855\" height=\"641\" srcset=\"https:\/\/crees.org.do\/wp-content\/uploads\/2023\/04\/3-Title-copy-9.png 2312w, https:\/\/crees.org.do\/wp-content\/uploads\/2023\/04\/3-Title-copy-9-450x338.png 450w, https:\/\/crees.org.do\/wp-content\/uploads\/2023\/04\/3-Title-copy-9-2000x1500.png 2000w, https:\/\/crees.org.do\/wp-content\/uploads\/2023\/04\/3-Title-copy-9-768x576.png 768w, https:\/\/crees.org.do\/wp-content\/uploads\/2023\/04\/3-Title-copy-9-1536x1152.png 1536w, https:\/\/crees.org.do\/wp-content\/uploads\/2023\/04\/3-Title-copy-9-2048x1536.png 2048w, https:\/\/crees.org.do\/wp-content\/uploads\/2023\/04\/3-Title-copy-9-600x450.png 600w\" sizes=\"(max-width: 855px) 100vw, 855px\" \/><\/p>\n<p><img loading=\"lazy\" decoding=\"async\" class=\"aligncenter wp-image-24755\" src=\"https:\/\/crees.org.do\/wp-content\/uploads\/2023\/04\/Title-copy-6.png\" alt=\"\" width=\"855\" height=\"641\" srcset=\"https:\/\/crees.org.do\/wp-content\/uploads\/2023\/04\/Title-copy-6.png 2312w, https:\/\/crees.org.do\/wp-content\/uploads\/2023\/04\/Title-copy-6-450x338.png 450w, https:\/\/crees.org.do\/wp-content\/uploads\/2023\/04\/Title-copy-6-2000x1500.png 2000w, https:\/\/crees.org.do\/wp-content\/uploads\/2023\/04\/Title-copy-6-768x576.png 768w, https:\/\/crees.org.do\/wp-content\/uploads\/2023\/04\/Title-copy-6-1536x1152.png 1536w, https:\/\/crees.org.do\/wp-content\/uploads\/2023\/04\/Title-copy-6-2048x1536.png 2048w, https:\/\/crees.org.do\/wp-content\/uploads\/2023\/04\/Title-copy-6-600x450.png 600w\" sizes=\"(max-width: 855px) 100vw, 855px\" \/><\/p>\n<p style=\"text-align: justify;\">Es importante se\u00f1alar que el BCRD no ha contado con la ayuda necesaria para reducir el monto de sus pasivos por parte de los diferentes gobiernos que se han sucedido desde el a\u00f1o 2004, luego del inicio de las emisiones como consecuencia de las medidas tomadas por la crisis financiera. Desde entonces, los d\u00e9ficits operacionales del ente emisor han sido financiados principalmente con la deuda que ha tenido que emitir. Sin embargo, corresponde al gobierno el fortalecimiento patrimonial de esa instituci\u00f3n del Estado dominicano, tal como se estableci\u00f3 en la Ley No. 167-07 de recapitalizaci\u00f3n, aunque esa legislaci\u00f3n demostr\u00f3 ser insuficiente para su prop\u00f3sito.<\/p>\n<p style=\"text-align: justify;\">Es preciso hacer notar que el proceso de emitir t\u00edtulos para esterilizar los rendimientos de las letras y notas emitidos por el ente emisor puede producir, sin propon\u00e9rselo, un efecto de &#8220;crowding out&#8221; o desplazamiento del cr\u00e9dito. Esto quiere decir que una menor cantidad de los ahorros recibidos por las entidades de intermediaci\u00f3n se traduce a pr\u00e9stamos. Las instituciones financieras que adquieren esos t\u00edtulos obtienen rendimientos por mantener, como inversi\u00f3n, dicha deuda; en consecuencia, se puede tender a producir ese fen\u00f3meno de desplazamiento de cr\u00e9dito para empresas y hogares.<\/p>\n<p style=\"text-align: justify;\">Para desmontar la deuda del BCRD ser\u00e1 necesaria contar con disciplina financiera en el gobierno central y en el resto del sector p\u00fablico, como es el caso de las distribuidoras de electricidad estatales. Con disciplina fiscal del SPNF se podr\u00edan realizar mayores transferencias al ente emisor; pero solo con super\u00e1vit fiscales estar\u00edan las autoridades del gobierno en la posici\u00f3n de desmontar la deuda p\u00fablica total del Estado dominicano de forma sostenible. En tal sentido, es necesario un compromiso con la consolidaci\u00f3n fiscal como parte de una pol\u00edtica de estado que no deber\u00eda seguirse postergando. Esta consolidaci\u00f3n debe partir de reglas fiscales, por el lado del gasto y los d\u00e9ficits que aumentan la deuda p\u00fablica. De igual forma, se debe abordar desde el punto de vista de los ingresos, a partir de una simplificaci\u00f3n del sistema tributario que permita un mayor cumplimiento de forma menos costosa para los contribuyentes, y una mejor gesti\u00f3n de la administraci\u00f3n tributaria.<\/p>\n<p style=\"text-align: justify;\">La dependencia de la deuda, en un ambiente internacional de alta incertidumbre y aumentos de tipos de inter\u00e9s, podr\u00eda ser m\u00e1s riesgosa que en el pasado cercano. En los actuales momentos, la incertidumbre que ha ocasionado la correcci\u00f3n de los excesos de la Reserva Federal de los Estados Unidos ha creado un ambiente de riesgo sist\u00e9mico internacional ante el cual la mejor se\u00f1al que puede proporcionar un gobierno es su compromiso con la reducci\u00f3n de la deuda en t\u00e9rminos absolutos, as\u00ed como el peso de su servicio como porcentaje de los ingresos. Esa es la se\u00f1al que se debe enviar a los mercados, a los agentes econ\u00f3micos. Crisis financieras internacionales han demostrado que las evaluaciones de las calificadoras de riesgo o de organismos multilaterales no son capaces de prever las reacciones de los inversionistas. Estos \u00faltimos, con sus decisiones de compra y venta de t\u00edtulos de deuda, son quienes terminan evaluando la condici\u00f3n financiera de los gobiernos; al fin y al cabo los bonos de un pa\u00eds valen tanto como los acreedores as\u00ed lo decidan.<\/p>\n<div class=\"pvc_clear\"><\/div>\n<p class=\"pvc_stats all \" data-element-id=\"24750\" style=\"\"><i class=\"pvc-stats-icon medium\" aria-hidden=\"true\"><svg aria-hidden=\"true\" focusable=\"false\" data-prefix=\"far\" data-icon=\"chart-bar\" role=\"img\" xmlns=\"http:\/\/www.w3.org\/2000\/svg\" viewBox=\"0 0 512 512\" class=\"svg-inline--fa fa-chart-bar fa-w-16 fa-2x\"><path fill=\"currentColor\" d=\"M396.8 352h22.4c6.4 0 12.8-6.4 12.8-12.8V108.8c0-6.4-6.4-12.8-12.8-12.8h-22.4c-6.4 0-12.8 6.4-12.8 12.8v230.4c0 6.4 6.4 12.8 12.8 12.8zm-192 0h22.4c6.4 0 12.8-6.4 12.8-12.8V140.8c0-6.4-6.4-12.8-12.8-12.8h-22.4c-6.4 0-12.8 6.4-12.8 12.8v198.4c0 6.4 6.4 12.8 12.8 12.8zm96 0h22.4c6.4 0 12.8-6.4 12.8-12.8V204.8c0-6.4-6.4-12.8-12.8-12.8h-22.4c-6.4 0-12.8 6.4-12.8 12.8v134.4c0 6.4 6.4 12.8 12.8 12.8zM496 400H48V80c0-8.84-7.16-16-16-16H16C7.16 64 0 71.16 0 80v336c0 17.67 14.33 32 32 32h464c8.84 0 16-7.16 16-16v-16c0-8.84-7.16-16-16-16zm-387.2-48h22.4c6.4 0 12.8-6.4 12.8-12.8v-70.4c0-6.4-6.4-12.8-12.8-12.8h-22.4c-6.4 0-12.8 6.4-12.8 12.8v70.4c0 6.4 6.4 12.8 12.8 12.8z\" class=\"\"><\/path><\/svg><\/i> Vistas Totales&nbsp;1,976&nbsp;<\/p>\n<div class=\"pvc_clear\"><\/div>\n","protected":false},"excerpt":{"rendered":"<p>Finaliz\u00f3 la pandemia: tiempo de hacer correcciones Autor: Miguel Collado Di Franco Fecha: 24 de abril del 2023 El pasado 10 de abril fue decretado el fin de la pandemia de Covid-19 en los Estados Unidos. En Rep\u00fablica Dominicana, el fin de la pandemia ya se ha verificado por la fuerza de los hechos, aunque&#8230;<\/p>\n<div class=\"pvc_clear\"><\/div>\n<p class=\"pvc_stats all \" data-element-id=\"24750\" style=\"\"><i class=\"pvc-stats-icon medium\" aria-hidden=\"true\"><svg aria-hidden=\"true\" focusable=\"false\" data-prefix=\"far\" data-icon=\"chart-bar\" role=\"img\" xmlns=\"http:\/\/www.w3.org\/2000\/svg\" viewBox=\"0 0 512 512\" class=\"svg-inline--fa fa-chart-bar fa-w-16 fa-2x\"><path fill=\"currentColor\" d=\"M396.8 352h22.4c6.4 0 12.8-6.4 12.8-12.8V108.8c0-6.4-6.4-12.8-12.8-12.8h-22.4c-6.4 0-12.8 6.4-12.8 12.8v230.4c0 6.4 6.4 12.8 12.8 12.8zm-192 0h22.4c6.4 0 12.8-6.4 12.8-12.8V140.8c0-6.4-6.4-12.8-12.8-12.8h-22.4c-6.4 0-12.8 6.4-12.8 12.8v198.4c0 6.4 6.4 12.8 12.8 12.8zm96 0h22.4c6.4 0 12.8-6.4 12.8-12.8V204.8c0-6.4-6.4-12.8-12.8-12.8h-22.4c-6.4 0-12.8 6.4-12.8 12.8v134.4c0 6.4 6.4 12.8 12.8 12.8zM496 400H48V80c0-8.84-7.16-16-16-16H16C7.16 64 0 71.16 0 80v336c0 17.67 14.33 32 32 32h464c8.84 0 16-7.16 16-16v-16c0-8.84-7.16-16-16-16zm-387.2-48h22.4c6.4 0 12.8-6.4 12.8-12.8v-70.4c0-6.4-6.4-12.8-12.8-12.8h-22.4c-6.4 0-12.8 6.4-12.8 12.8v70.4c0 6.4 6.4 12.8 12.8 12.8z\" class=\"\"><\/path><\/svg><\/i> Vistas Totales&nbsp;1,976&nbsp;<\/p>\n<div class=\"pvc_clear\"><\/div>\n","protected":false},"author":2,"featured_media":24787,"comment_status":"closed","ping_status":"closed","sticky":false,"template":"","format":"standard","meta":{"footnotes":""},"categories":[22],"tags":[],"class_list":["post-24750","post","type-post","status-publish","format-standard","has-post-thumbnail","hentry","category-articulos"],"yoast_head":"<!-- This site is optimized with the Yoast SEO plugin v25.2 - https:\/\/yoast.com\/wordpress\/plugins\/seo\/ -->\n<title>Finaliz\u00f3 la pandemia: tiempo de hacer correcciones | CREES<\/title>\n<meta name=\"robots\" content=\"index, follow, max-snippet:-1, max-image-preview:large, max-video-preview:-1\" \/>\n<link rel=\"canonical\" href=\"https:\/\/crees.org.do\/?p=24750\" \/>\n<meta property=\"og:locale\" content=\"es_ES\" \/>\n<meta property=\"og:type\" content=\"article\" \/>\n<meta property=\"og:title\" content=\"Finaliz\u00f3 la pandemia: tiempo de hacer correcciones | CREES\" \/>\n<meta property=\"og:description\" content=\"Finaliz\u00f3 la pandemia: tiempo de hacer correcciones Autor: Miguel Collado Di Franco Fecha: 24 de abril del 2023 El pasado 10 de abril fue decretado el fin de la pandemia de Covid-19 en los Estados Unidos. En Rep\u00fablica Dominicana, el fin de la pandemia ya se ha verificado por la fuerza de los hechos, aunque...\" \/>\n<meta property=\"og:url\" content=\"https:\/\/crees.org.do\/?p=24750\" \/>\n<meta property=\"og:site_name\" content=\"CREES\" \/>\n<meta property=\"article:publisher\" content=\"https:\/\/www.facebook.com\/CREESRD\/\" \/>\n<meta property=\"article:published_time\" content=\"2023-04-24T16:52:53+00:00\" \/>\n<meta property=\"article:modified_time\" content=\"2023-10-09T21:59:07+00:00\" \/>\n<meta property=\"og:image\" content=\"https:\/\/crees.org.do\/wp-content\/uploads\/2023\/04\/Untitled-3.png\" \/>\n\t<meta property=\"og:image:width\" content=\"800\" \/>\n\t<meta property=\"og:image:height\" content=\"600\" \/>\n\t<meta property=\"og:image:type\" content=\"image\/png\" \/>\n<meta name=\"author\" content=\"Crees\" \/>\n<meta name=\"twitter:card\" content=\"summary_large_image\" \/>\n<meta name=\"twitter:creator\" content=\"@CREESRD\" \/>\n<meta name=\"twitter:site\" content=\"@CREESRD\" \/>\n<meta name=\"twitter:label1\" content=\"Escrito por\" \/>\n\t<meta name=\"twitter:data1\" content=\"Crees\" \/>\n\t<meta name=\"twitter:label2\" content=\"Tiempo de lectura\" \/>\n\t<meta name=\"twitter:data2\" content=\"6 minutos\" \/>\n<script type=\"application\/ld+json\" class=\"yoast-schema-graph\">{\"@context\":\"https:\/\/schema.org\",\"@graph\":[{\"@type\":\"Article\",\"@id\":\"https:\/\/crees.org.do\/?p=24750#article\",\"isPartOf\":{\"@id\":\"https:\/\/crees.org.do\/?p=24750\"},\"author\":{\"name\":\"Crees\",\"@id\":\"https:\/\/crees.org.do\/#\/schema\/person\/e7f97cd94d7bf9cd0e0ce30acb7d56b8\"},\"headline\":\"Finaliz\u00f3 la pandemia: tiempo de hacer correcciones\",\"datePublished\":\"2023-04-24T16:52:53+00:00\",\"dateModified\":\"2023-10-09T21:59:07+00:00\",\"mainEntityOfPage\":{\"@id\":\"https:\/\/crees.org.do\/?p=24750\"},\"wordCount\":1131,\"publisher\":{\"@id\":\"https:\/\/crees.org.do\/#organization\"},\"image\":{\"@id\":\"https:\/\/crees.org.do\/?p=24750#primaryimage\"},\"thumbnailUrl\":\"https:\/\/crees.org.do\/wp-content\/uploads\/2023\/04\/Untitled-3.png\",\"articleSection\":[\"Art\u00edculos\"],\"inLanguage\":\"es\"},{\"@type\":\"WebPage\",\"@id\":\"https:\/\/crees.org.do\/?p=24750\",\"url\":\"https:\/\/crees.org.do\/?p=24750\",\"name\":\"Finaliz\u00f3 la pandemia: tiempo de hacer correcciones | CREES\",\"isPartOf\":{\"@id\":\"https:\/\/crees.org.do\/#website\"},\"primaryImageOfPage\":{\"@id\":\"https:\/\/crees.org.do\/?p=24750#primaryimage\"},\"image\":{\"@id\":\"https:\/\/crees.org.do\/?p=24750#primaryimage\"},\"thumbnailUrl\":\"https:\/\/crees.org.do\/wp-content\/uploads\/2023\/04\/Untitled-3.png\",\"datePublished\":\"2023-04-24T16:52:53+00:00\",\"dateModified\":\"2023-10-09T21:59:07+00:00\",\"breadcrumb\":{\"@id\":\"https:\/\/crees.org.do\/?p=24750#breadcrumb\"},\"inLanguage\":\"es\",\"potentialAction\":[{\"@type\":\"ReadAction\",\"target\":[\"https:\/\/crees.org.do\/?p=24750\"]}]},{\"@type\":\"ImageObject\",\"inLanguage\":\"es\",\"@id\":\"https:\/\/crees.org.do\/?p=24750#primaryimage\",\"url\":\"https:\/\/crees.org.do\/wp-content\/uploads\/2023\/04\/Untitled-3.png\",\"contentUrl\":\"https:\/\/crees.org.do\/wp-content\/uploads\/2023\/04\/Untitled-3.png\",\"width\":800,\"height\":600},{\"@type\":\"BreadcrumbList\",\"@id\":\"https:\/\/crees.org.do\/?p=24750#breadcrumb\",\"itemListElement\":[{\"@type\":\"ListItem\",\"position\":1,\"name\":\"Portada\",\"item\":\"https:\/\/crees.org.do\/\"},{\"@type\":\"ListItem\",\"position\":2,\"name\":\"Finaliz\u00f3 la pandemia: tiempo de hacer correcciones\"}]},{\"@type\":\"WebSite\",\"@id\":\"https:\/\/crees.org.do\/#website\",\"url\":\"https:\/\/crees.org.do\/\",\"name\":\"CREES\",\"description\":\"Centro Regional de Estrategias Econ\u00f3micas Sostenibles\",\"publisher\":{\"@id\":\"https:\/\/crees.org.do\/#organization\"},\"potentialAction\":[{\"@type\":\"SearchAction\",\"target\":{\"@type\":\"EntryPoint\",\"urlTemplate\":\"https:\/\/crees.org.do\/?s={search_term_string}\"},\"query-input\":{\"@type\":\"PropertyValueSpecification\",\"valueRequired\":true,\"valueName\":\"search_term_string\"}}],\"inLanguage\":\"es\"},{\"@type\":\"Organization\",\"@id\":\"https:\/\/crees.org.do\/#organization\",\"name\":\"CREES | Centro Regional de Estrategias Econ\u00f3micas Sostenibles\",\"url\":\"https:\/\/crees.org.do\/\",\"logo\":{\"@type\":\"ImageObject\",\"inLanguage\":\"es\",\"@id\":\"https:\/\/crees.org.do\/#\/schema\/logo\/image\/\",\"url\":\"https:\/\/crees.org.do\/wp-content\/uploads\/2022\/03\/crees-logo-1.jpg\",\"contentUrl\":\"https:\/\/crees.org.do\/wp-content\/uploads\/2022\/03\/crees-logo-1.jpg\",\"width\":244,\"height\":71,\"caption\":\"CREES | Centro Regional de Estrategias Econ\u00f3micas Sostenibles\"},\"image\":{\"@id\":\"https:\/\/crees.org.do\/#\/schema\/logo\/image\/\"},\"sameAs\":[\"https:\/\/www.facebook.com\/CREESRD\/\",\"https:\/\/x.com\/CREESRD\"]},{\"@type\":\"Person\",\"@id\":\"https:\/\/crees.org.do\/#\/schema\/person\/e7f97cd94d7bf9cd0e0ce30acb7d56b8\",\"name\":\"Crees\",\"image\":{\"@type\":\"ImageObject\",\"inLanguage\":\"es\",\"@id\":\"https:\/\/crees.org.do\/#\/schema\/person\/image\/\",\"url\":\"https:\/\/secure.gravatar.com\/avatar\/390ac8f0be5d9aa046152553e2dd7011b59a512d89c150f5e5f28bb8d9a0b165?s=96&d=mm&r=g\",\"contentUrl\":\"https:\/\/secure.gravatar.com\/avatar\/390ac8f0be5d9aa046152553e2dd7011b59a512d89c150f5e5f28bb8d9a0b165?s=96&d=mm&r=g\",\"caption\":\"Crees\"},\"url\":\"https:\/\/crees.org.do\/?author=2\"}]}<\/script>\n<!-- \/ Yoast SEO plugin. -->","yoast_head_json":{"title":"Finaliz\u00f3 la pandemia: tiempo de hacer correcciones | CREES","robots":{"index":"index","follow":"follow","max-snippet":"max-snippet:-1","max-image-preview":"max-image-preview:large","max-video-preview":"max-video-preview:-1"},"canonical":"https:\/\/crees.org.do\/?p=24750","og_locale":"es_ES","og_type":"article","og_title":"Finaliz\u00f3 la pandemia: tiempo de hacer correcciones | CREES","og_description":"Finaliz\u00f3 la pandemia: tiempo de hacer correcciones Autor: Miguel Collado Di Franco Fecha: 24 de abril del 2023 El pasado 10 de abril fue decretado el fin de la pandemia de Covid-19 en los Estados Unidos. En Rep\u00fablica Dominicana, el fin de la pandemia ya se ha verificado por la fuerza de los hechos, aunque...","og_url":"https:\/\/crees.org.do\/?p=24750","og_site_name":"CREES","article_publisher":"https:\/\/www.facebook.com\/CREESRD\/","article_published_time":"2023-04-24T16:52:53+00:00","article_modified_time":"2023-10-09T21:59:07+00:00","og_image":[{"width":800,"height":600,"url":"https:\/\/crees.org.do\/wp-content\/uploads\/2023\/04\/Untitled-3.png","type":"image\/png"}],"author":"Crees","twitter_card":"summary_large_image","twitter_creator":"@CREESRD","twitter_site":"@CREESRD","twitter_misc":{"Escrito por":"Crees","Tiempo de lectura":"6 minutos"},"schema":{"@context":"https:\/\/schema.org","@graph":[{"@type":"Article","@id":"https:\/\/crees.org.do\/?p=24750#article","isPartOf":{"@id":"https:\/\/crees.org.do\/?p=24750"},"author":{"name":"Crees","@id":"https:\/\/crees.org.do\/#\/schema\/person\/e7f97cd94d7bf9cd0e0ce30acb7d56b8"},"headline":"Finaliz\u00f3 la pandemia: tiempo de hacer correcciones","datePublished":"2023-04-24T16:52:53+00:00","dateModified":"2023-10-09T21:59:07+00:00","mainEntityOfPage":{"@id":"https:\/\/crees.org.do\/?p=24750"},"wordCount":1131,"publisher":{"@id":"https:\/\/crees.org.do\/#organization"},"image":{"@id":"https:\/\/crees.org.do\/?p=24750#primaryimage"},"thumbnailUrl":"https:\/\/crees.org.do\/wp-content\/uploads\/2023\/04\/Untitled-3.png","articleSection":["Art\u00edculos"],"inLanguage":"es"},{"@type":"WebPage","@id":"https:\/\/crees.org.do\/?p=24750","url":"https:\/\/crees.org.do\/?p=24750","name":"Finaliz\u00f3 la pandemia: tiempo de hacer correcciones | CREES","isPartOf":{"@id":"https:\/\/crees.org.do\/#website"},"primaryImageOfPage":{"@id":"https:\/\/crees.org.do\/?p=24750#primaryimage"},"image":{"@id":"https:\/\/crees.org.do\/?p=24750#primaryimage"},"thumbnailUrl":"https:\/\/crees.org.do\/wp-content\/uploads\/2023\/04\/Untitled-3.png","datePublished":"2023-04-24T16:52:53+00:00","dateModified":"2023-10-09T21:59:07+00:00","breadcrumb":{"@id":"https:\/\/crees.org.do\/?p=24750#breadcrumb"},"inLanguage":"es","potentialAction":[{"@type":"ReadAction","target":["https:\/\/crees.org.do\/?p=24750"]}]},{"@type":"ImageObject","inLanguage":"es","@id":"https:\/\/crees.org.do\/?p=24750#primaryimage","url":"https:\/\/crees.org.do\/wp-content\/uploads\/2023\/04\/Untitled-3.png","contentUrl":"https:\/\/crees.org.do\/wp-content\/uploads\/2023\/04\/Untitled-3.png","width":800,"height":600},{"@type":"BreadcrumbList","@id":"https:\/\/crees.org.do\/?p=24750#breadcrumb","itemListElement":[{"@type":"ListItem","position":1,"name":"Portada","item":"https:\/\/crees.org.do\/"},{"@type":"ListItem","position":2,"name":"Finaliz\u00f3 la pandemia: tiempo de hacer correcciones"}]},{"@type":"WebSite","@id":"https:\/\/crees.org.do\/#website","url":"https:\/\/crees.org.do\/","name":"CREES","description":"Centro Regional de Estrategias Econ\u00f3micas Sostenibles","publisher":{"@id":"https:\/\/crees.org.do\/#organization"},"potentialAction":[{"@type":"SearchAction","target":{"@type":"EntryPoint","urlTemplate":"https:\/\/crees.org.do\/?s={search_term_string}"},"query-input":{"@type":"PropertyValueSpecification","valueRequired":true,"valueName":"search_term_string"}}],"inLanguage":"es"},{"@type":"Organization","@id":"https:\/\/crees.org.do\/#organization","name":"CREES | Centro Regional de Estrategias Econ\u00f3micas Sostenibles","url":"https:\/\/crees.org.do\/","logo":{"@type":"ImageObject","inLanguage":"es","@id":"https:\/\/crees.org.do\/#\/schema\/logo\/image\/","url":"https:\/\/crees.org.do\/wp-content\/uploads\/2022\/03\/crees-logo-1.jpg","contentUrl":"https:\/\/crees.org.do\/wp-content\/uploads\/2022\/03\/crees-logo-1.jpg","width":244,"height":71,"caption":"CREES | Centro Regional de Estrategias Econ\u00f3micas Sostenibles"},"image":{"@id":"https:\/\/crees.org.do\/#\/schema\/logo\/image\/"},"sameAs":["https:\/\/www.facebook.com\/CREESRD\/","https:\/\/x.com\/CREESRD"]},{"@type":"Person","@id":"https:\/\/crees.org.do\/#\/schema\/person\/e7f97cd94d7bf9cd0e0ce30acb7d56b8","name":"Crees","image":{"@type":"ImageObject","inLanguage":"es","@id":"https:\/\/crees.org.do\/#\/schema\/person\/image\/","url":"https:\/\/secure.gravatar.com\/avatar\/390ac8f0be5d9aa046152553e2dd7011b59a512d89c150f5e5f28bb8d9a0b165?s=96&d=mm&r=g","contentUrl":"https:\/\/secure.gravatar.com\/avatar\/390ac8f0be5d9aa046152553e2dd7011b59a512d89c150f5e5f28bb8d9a0b165?s=96&d=mm&r=g","caption":"Crees"},"url":"https:\/\/crees.org.do\/?author=2"}]}},"_links":{"self":[{"href":"https:\/\/crees.org.do\/index.php?rest_route=\/wp\/v2\/posts\/24750","targetHints":{"allow":["GET"]}}],"collection":[{"href":"https:\/\/crees.org.do\/index.php?rest_route=\/wp\/v2\/posts"}],"about":[{"href":"https:\/\/crees.org.do\/index.php?rest_route=\/wp\/v2\/types\/post"}],"author":[{"embeddable":true,"href":"https:\/\/crees.org.do\/index.php?rest_route=\/wp\/v2\/users\/2"}],"replies":[{"embeddable":true,"href":"https:\/\/crees.org.do\/index.php?rest_route=%2Fwp%2Fv2%2Fcomments&post=24750"}],"version-history":[{"count":7,"href":"https:\/\/crees.org.do\/index.php?rest_route=\/wp\/v2\/posts\/24750\/revisions"}],"predecessor-version":[{"id":25759,"href":"https:\/\/crees.org.do\/index.php?rest_route=\/wp\/v2\/posts\/24750\/revisions\/25759"}],"wp:featuredmedia":[{"embeddable":true,"href":"https:\/\/crees.org.do\/index.php?rest_route=\/wp\/v2\/media\/24787"}],"wp:attachment":[{"href":"https:\/\/crees.org.do\/index.php?rest_route=%2Fwp%2Fv2%2Fmedia&parent=24750"}],"wp:term":[{"taxonomy":"category","embeddable":true,"href":"https:\/\/crees.org.do\/index.php?rest_route=%2Fwp%2Fv2%2Fcategories&post=24750"},{"taxonomy":"post_tag","embeddable":true,"href":"https:\/\/crees.org.do\/index.php?rest_route=%2Fwp%2Fv2%2Ftags&post=24750"}],"curies":[{"name":"wp","href":"https:\/\/api.w.org\/{rel}","templated":true}]}}