{"id":24797,"date":"2023-04-26T16:29:03","date_gmt":"2023-04-26T16:29:03","guid":{"rendered":"https:\/\/crees.org.do\/?p=24797"},"modified":"2023-05-05T13:00:46","modified_gmt":"2023-05-05T13:00:46","slug":"evolucion-de-los-ocupados-en-la-republica-dominicana-desde-2019-a-al-2022","status":"publish","type":"post","link":"https:\/\/crees.org.do\/?p=24797","title":{"rendered":"Evoluci\u00f3n de los ocupados en la Rep\u00fablica Dominicana desde 2019 a al 2022"},"content":{"rendered":"<p style=\"text-align: justify;\"><img fetchpriority=\"high\" decoding=\"async\" class=\"aligncenter wp-image-24799\" src=\"https:\/\/crees.org.do\/wp-content\/uploads\/2023\/04\/2-Untitled-copy-5-scaled.jpg\" alt=\"\" width=\"896\" height=\"896\" srcset=\"https:\/\/crees.org.do\/wp-content\/uploads\/2023\/04\/2-Untitled-copy-5-scaled.jpg 1200w, https:\/\/crees.org.do\/wp-content\/uploads\/2023\/04\/2-Untitled-copy-5-450x450.jpg 450w, https:\/\/crees.org.do\/wp-content\/uploads\/2023\/04\/2-Untitled-copy-5-2000x2000.jpg 2000w, https:\/\/crees.org.do\/wp-content\/uploads\/2023\/04\/2-Untitled-copy-5-150x150.jpg 150w, https:\/\/crees.org.do\/wp-content\/uploads\/2023\/04\/2-Untitled-copy-5-768x768.jpg 768w, https:\/\/crees.org.do\/wp-content\/uploads\/2023\/04\/2-Untitled-copy-5-1536x1536.jpg 1536w, https:\/\/crees.org.do\/wp-content\/uploads\/2023\/04\/2-Untitled-copy-5-2048x2048.jpg 2048w, https:\/\/crees.org.do\/wp-content\/uploads\/2023\/04\/2-Untitled-copy-5-300x300.jpg 300w, https:\/\/crees.org.do\/wp-content\/uploads\/2023\/04\/2-Untitled-copy-5-600x600.jpg 600w, https:\/\/crees.org.do\/wp-content\/uploads\/2023\/04\/2-Untitled-copy-5-100x100.jpg 100w\" sizes=\"(max-width: 896px) 100vw, 896px\" \/><img decoding=\"async\" class=\"aligncenter wp-image-24798\" src=\"https:\/\/crees.org.do\/wp-content\/uploads\/2023\/04\/1-Untitled-copy-4-scaled.jpg\" alt=\"\" width=\"896\" height=\"896\" srcset=\"https:\/\/crees.org.do\/wp-content\/uploads\/2023\/04\/1-Untitled-copy-4-scaled.jpg 1200w, https:\/\/crees.org.do\/wp-content\/uploads\/2023\/04\/1-Untitled-copy-4-450x450.jpg 450w, https:\/\/crees.org.do\/wp-content\/uploads\/2023\/04\/1-Untitled-copy-4-2000x2000.jpg 2000w, https:\/\/crees.org.do\/wp-content\/uploads\/2023\/04\/1-Untitled-copy-4-150x150.jpg 150w, https:\/\/crees.org.do\/wp-content\/uploads\/2023\/04\/1-Untitled-copy-4-768x768.jpg 768w, https:\/\/crees.org.do\/wp-content\/uploads\/2023\/04\/1-Untitled-copy-4-1536x1536.jpg 1536w, https:\/\/crees.org.do\/wp-content\/uploads\/2023\/04\/1-Untitled-copy-4-2048x2048.jpg 2048w, https:\/\/crees.org.do\/wp-content\/uploads\/2023\/04\/1-Untitled-copy-4-300x300.jpg 300w, https:\/\/crees.org.do\/wp-content\/uploads\/2023\/04\/1-Untitled-copy-4-600x600.jpg 600w, https:\/\/crees.org.do\/wp-content\/uploads\/2023\/04\/1-Untitled-copy-4-100x100.jpg 100w\" sizes=\"(max-width: 896px) 100vw, 896px\" \/><img decoding=\"async\" class=\"aligncenter wp-image-24800\" src=\"https:\/\/crees.org.do\/wp-content\/uploads\/2023\/04\/3-Untitled-copy-6-scaled.jpg\" alt=\"\" width=\"896\" height=\"896\" srcset=\"https:\/\/crees.org.do\/wp-content\/uploads\/2023\/04\/3-Untitled-copy-6-scaled.jpg 1200w, https:\/\/crees.org.do\/wp-content\/uploads\/2023\/04\/3-Untitled-copy-6-450x450.jpg 450w, https:\/\/crees.org.do\/wp-content\/uploads\/2023\/04\/3-Untitled-copy-6-2000x2000.jpg 2000w, https:\/\/crees.org.do\/wp-content\/uploads\/2023\/04\/3-Untitled-copy-6-150x150.jpg 150w, https:\/\/crees.org.do\/wp-content\/uploads\/2023\/04\/3-Untitled-copy-6-768x768.jpg 768w, https:\/\/crees.org.do\/wp-content\/uploads\/2023\/04\/3-Untitled-copy-6-1536x1536.jpg 1536w, https:\/\/crees.org.do\/wp-content\/uploads\/2023\/04\/3-Untitled-copy-6-2048x2048.jpg 2048w, https:\/\/crees.org.do\/wp-content\/uploads\/2023\/04\/3-Untitled-copy-6-300x300.jpg 300w, https:\/\/crees.org.do\/wp-content\/uploads\/2023\/04\/3-Untitled-copy-6-600x600.jpg 600w, https:\/\/crees.org.do\/wp-content\/uploads\/2023\/04\/3-Untitled-copy-6-100x100.jpg 100w\" sizes=\"(max-width: 896px) 100vw, 896px\" \/><\/p>\n<h1>Evoluci\u00f3n de los ocupados en la Rep\u00fablica Dominicana desde 2019 a al 2022<\/h1>\n<p style=\"text-align: justify;\">De acuerdo con los datos de la Encuesta Nacional Continua de Fuerza de Trabajo (ENCFT) del Banco Central de la Rep\u00fablica Dominicana, al cierre del a\u00f1o 2022 la cantidad de personas ocupadas en Rep\u00fablica Dominicana tanto en el sector formal como informal- ascendi\u00f3 a 4.77 millones de trabajadores.<\/p>\n<p style=\"text-align: justify;\">En comparaci\u00f3n con el periodo previo a la pandemia, la cantidad total de ocupados aument\u00f3 en 58,106 trabajadores. Entre estos dos periodos, los trabajadores formales se redujeron en 42,479; mientras que los informales aumentaron en 100,586. Estas variaciones explican el aumento neto de los 58,106 trabajadores ocupados. Es decir, la recuperaci\u00f3n del mercado laboral reflejada hasta el \u00faltimo trimestre de 2022 se debi\u00f3 a que los informales pudieron compensar la reducci\u00f3n de personas ocupadas en la formalidad, de acuerdo con lo reportado por el BCRD en la encuesta del mercado de trabajo.<\/p>\n<p style=\"text-align: justify;\">Al analizar la variaci\u00f3n del empleo con respecto al \u00faltimo trimestre de 2019 se puede apreciar que, de acuerdo con la segmentaci\u00f3n por categor\u00eda ocupacional, la mayor parte de la generaci\u00f3n de empleos estuvo concentrada en empleados del Estado y en cuentapropistas.<\/p>\n<p style=\"text-align: justify;\">El aumento de los empleados p\u00fablicos, en comparaci\u00f3n con la variaci\u00f3n negativa del empleo formal, muestran una situaci\u00f3n que llama la atenci\u00f3n. Los datos de la encuesta revelan el peso que ha tenido la contrataci\u00f3n del Estado en la generaci\u00f3n de empleo, y que en t\u00e9rminos netos existen menos empleados privados formales, en comparaci\u00f3n con el a\u00f1o 2019.<\/p>\n<p style=\"text-align: justify;\">Por otro lado, al analizar la composici\u00f3n del aumento de los 53,087 cuentapropistas, se puede verificar que un 64.8% de los mismos era trabajadores informales.<\/p>\n<p style=\"text-align: justify;\">Ampl\u00eda m\u00e1s sobre esto en &#8220;An\u00e1lisis de las estad\u00edsticas del mercado laboral de la Rep\u00fablica Dominicana, al cuarto trimestre de 2022&#8221;, visitando nuestra p\u00e1gina (crees.org.do).<\/p>\n<div class=\"pvc_clear\"><\/div>\n<p class=\"pvc_stats all \" data-element-id=\"24797\" style=\"\"><i class=\"pvc-stats-icon medium\" aria-hidden=\"true\"><svg aria-hidden=\"true\" focusable=\"false\" data-prefix=\"far\" data-icon=\"chart-bar\" role=\"img\" xmlns=\"http:\/\/www.w3.org\/2000\/svg\" viewBox=\"0 0 512 512\" class=\"svg-inline--fa fa-chart-bar fa-w-16 fa-2x\"><path fill=\"currentColor\" d=\"M396.8 352h22.4c6.4 0 12.8-6.4 12.8-12.8V108.8c0-6.4-6.4-12.8-12.8-12.8h-22.4c-6.4 0-12.8 6.4-12.8 12.8v230.4c0 6.4 6.4 12.8 12.8 12.8zm-192 0h22.4c6.4 0 12.8-6.4 12.8-12.8V140.8c0-6.4-6.4-12.8-12.8-12.8h-22.4c-6.4 0-12.8 6.4-12.8 12.8v198.4c0 6.4 6.4 12.8 12.8 12.8zm96 0h22.4c6.4 0 12.8-6.4 12.8-12.8V204.8c0-6.4-6.4-12.8-12.8-12.8h-22.4c-6.4 0-12.8 6.4-12.8 12.8v134.4c0 6.4 6.4 12.8 12.8 12.8zM496 400H48V80c0-8.84-7.16-16-16-16H16C7.16 64 0 71.16 0 80v336c0 17.67 14.33 32 32 32h464c8.84 0 16-7.16 16-16v-16c0-8.84-7.16-16-16-16zm-387.2-48h22.4c6.4 0 12.8-6.4 12.8-12.8v-70.4c0-6.4-6.4-12.8-12.8-12.8h-22.4c-6.4 0-12.8 6.4-12.8 12.8v70.4c0 6.4 6.4 12.8 12.8 12.8z\" class=\"\"><\/path><\/svg><\/i> Vistas Totales&nbsp;1,527&nbsp;, Vistas Hoy&nbsp;2&nbsp;<\/p>\n<div class=\"pvc_clear\"><\/div>\n","protected":false},"excerpt":{"rendered":"<p>Evoluci\u00f3n de los ocupados en la Rep\u00fablica Dominicana desde 2019 a al 2022 De acuerdo con los datos de la Encuesta Nacional Continua de Fuerza de Trabajo (ENCFT) del Banco Central de la Rep\u00fablica Dominicana, al cierre del a\u00f1o 2022 la cantidad de personas ocupadas en Rep\u00fablica Dominicana tanto en el sector formal como informal-&#8230;<\/p>\n<div class=\"pvc_clear\"><\/div>\n<p class=\"pvc_stats all \" data-element-id=\"24797\" style=\"\"><i class=\"pvc-stats-icon medium\" aria-hidden=\"true\"><svg aria-hidden=\"true\" focusable=\"false\" data-prefix=\"far\" data-icon=\"chart-bar\" role=\"img\" xmlns=\"http:\/\/www.w3.org\/2000\/svg\" viewBox=\"0 0 512 512\" class=\"svg-inline--fa fa-chart-bar fa-w-16 fa-2x\"><path fill=\"currentColor\" d=\"M396.8 352h22.4c6.4 0 12.8-6.4 12.8-12.8V108.8c0-6.4-6.4-12.8-12.8-12.8h-22.4c-6.4 0-12.8 6.4-12.8 12.8v230.4c0 6.4 6.4 12.8 12.8 12.8zm-192 0h22.4c6.4 0 12.8-6.4 12.8-12.8V140.8c0-6.4-6.4-12.8-12.8-12.8h-22.4c-6.4 0-12.8 6.4-12.8 12.8v198.4c0 6.4 6.4 12.8 12.8 12.8zm96 0h22.4c6.4 0 12.8-6.4 12.8-12.8V204.8c0-6.4-6.4-12.8-12.8-12.8h-22.4c-6.4 0-12.8 6.4-12.8 12.8v134.4c0 6.4 6.4 12.8 12.8 12.8zM496 400H48V80c0-8.84-7.16-16-16-16H16C7.16 64 0 71.16 0 80v336c0 17.67 14.33 32 32 32h464c8.84 0 16-7.16 16-16v-16c0-8.84-7.16-16-16-16zm-387.2-48h22.4c6.4 0 12.8-6.4 12.8-12.8v-70.4c0-6.4-6.4-12.8-12.8-12.8h-22.4c-6.4 0-12.8 6.4-12.8 12.8v70.4c0 6.4 6.4 12.8 12.8 12.8z\" class=\"\"><\/path><\/svg><\/i> Vistas Totales&nbsp;1,527&nbsp;, Vistas Hoy&nbsp;2&nbsp;<\/p>\n<div class=\"pvc_clear\"><\/div>\n","protected":false},"author":2,"featured_media":24799,"comment_status":"closed","ping_status":"closed","sticky":false,"template":"","format":"standard","meta":{"footnotes":""},"categories":[21],"tags":[135],"class_list":["post-24797","post","type-post","status-publish","format-standard","has-post-thumbnail","hentry","category-blog","tag-evolucion-de-los-ocupados-en-la-republica-dominicana-desde-2019-a-al-2022"],"yoast_head":"<!-- This site is optimized with the Yoast SEO plugin v25.2 - https:\/\/yoast.com\/wordpress\/plugins\/seo\/ -->\n<title>Evoluci\u00f3n de los ocupados en la Rep\u00fablica Dominicana desde 2019 a al 2022 | CREES<\/title>\n<meta name=\"robots\" content=\"index, follow, max-snippet:-1, max-image-preview:large, max-video-preview:-1\" \/>\n<link rel=\"canonical\" href=\"https:\/\/crees.org.do\/?p=24797\" \/>\n<meta property=\"og:locale\" content=\"es_ES\" \/>\n<meta property=\"og:type\" content=\"article\" \/>\n<meta property=\"og:title\" content=\"Evoluci\u00f3n de los ocupados en la Rep\u00fablica Dominicana desde 2019 a al 2022 | CREES\" \/>\n<meta property=\"og:description\" content=\"Evoluci\u00f3n de los ocupados en la Rep\u00fablica Dominicana desde 2019 a al 2022 De acuerdo con los datos de la Encuesta Nacional Continua de Fuerza de Trabajo (ENCFT) del Banco Central de la Rep\u00fablica Dominicana, al cierre del a\u00f1o 2022 la cantidad de personas ocupadas en Rep\u00fablica Dominicana tanto en el sector formal como informal-...\" \/>\n<meta property=\"og:url\" content=\"https:\/\/crees.org.do\/?p=24797\" \/>\n<meta property=\"og:site_name\" content=\"CREES\" \/>\n<meta property=\"article:publisher\" content=\"https:\/\/www.facebook.com\/CREESRD\/\" \/>\n<meta property=\"article:published_time\" content=\"2023-04-26T16:29:03+00:00\" \/>\n<meta property=\"article:modified_time\" content=\"2023-05-05T13:00:46+00:00\" \/>\n<meta property=\"og:image\" content=\"https:\/\/crees.org.do\/wp-content\/uploads\/2023\/04\/2-Untitled-copy-5-scaled.jpg\" \/>\n\t<meta property=\"og:image:width\" content=\"1200\" \/>\n\t<meta property=\"og:image:height\" content=\"1200\" \/>\n\t<meta property=\"og:image:type\" content=\"image\/jpeg\" \/>\n<meta name=\"author\" content=\"Crees\" \/>\n<meta name=\"twitter:card\" content=\"summary_large_image\" \/>\n<meta name=\"twitter:creator\" content=\"@CREESRD\" \/>\n<meta name=\"twitter:site\" content=\"@CREESRD\" \/>\n<meta name=\"twitter:label1\" content=\"Escrito por\" \/>\n\t<meta name=\"twitter:data1\" content=\"Crees\" \/>\n\t<meta name=\"twitter:label2\" content=\"Tiempo de lectura\" \/>\n\t<meta name=\"twitter:data2\" content=\"2 minutos\" \/>\n<script type=\"application\/ld+json\" class=\"yoast-schema-graph\">{\"@context\":\"https:\/\/schema.org\",\"@graph\":[{\"@type\":\"Article\",\"@id\":\"https:\/\/crees.org.do\/?p=24797#article\",\"isPartOf\":{\"@id\":\"https:\/\/crees.org.do\/?p=24797\"},\"author\":{\"name\":\"Crees\",\"@id\":\"https:\/\/crees.org.do\/#\/schema\/person\/e7f97cd94d7bf9cd0e0ce30acb7d56b8\"},\"headline\":\"Evoluci\u00f3n de los ocupados en la Rep\u00fablica Dominicana desde 2019 a al 2022\",\"datePublished\":\"2023-04-26T16:29:03+00:00\",\"dateModified\":\"2023-05-05T13:00:46+00:00\",\"mainEntityOfPage\":{\"@id\":\"https:\/\/crees.org.do\/?p=24797\"},\"wordCount\":333,\"publisher\":{\"@id\":\"https:\/\/crees.org.do\/#organization\"},\"image\":{\"@id\":\"https:\/\/crees.org.do\/?p=24797#primaryimage\"},\"thumbnailUrl\":\"https:\/\/crees.org.do\/wp-content\/uploads\/2023\/04\/2-Untitled-copy-5-scaled.jpg\",\"keywords\":[\"Evoluci\u00f3n de los ocupados en la Rep\u00fablica Dominicana desde 2019 a al 2022\"],\"articleSection\":[\"Blog\"],\"inLanguage\":\"es\"},{\"@type\":\"WebPage\",\"@id\":\"https:\/\/crees.org.do\/?p=24797\",\"url\":\"https:\/\/crees.org.do\/?p=24797\",\"name\":\"Evoluci\u00f3n de los ocupados en la Rep\u00fablica Dominicana desde 2019 a al 2022 | CREES\",\"isPartOf\":{\"@id\":\"https:\/\/crees.org.do\/#website\"},\"primaryImageOfPage\":{\"@id\":\"https:\/\/crees.org.do\/?p=24797#primaryimage\"},\"image\":{\"@id\":\"https:\/\/crees.org.do\/?p=24797#primaryimage\"},\"thumbnailUrl\":\"https:\/\/crees.org.do\/wp-content\/uploads\/2023\/04\/2-Untitled-copy-5-scaled.jpg\",\"datePublished\":\"2023-04-26T16:29:03+00:00\",\"dateModified\":\"2023-05-05T13:00:46+00:00\",\"breadcrumb\":{\"@id\":\"https:\/\/crees.org.do\/?p=24797#breadcrumb\"},\"inLanguage\":\"es\",\"potentialAction\":[{\"@type\":\"ReadAction\",\"target\":[\"https:\/\/crees.org.do\/?p=24797\"]}]},{\"@type\":\"ImageObject\",\"inLanguage\":\"es\",\"@id\":\"https:\/\/crees.org.do\/?p=24797#primaryimage\",\"url\":\"https:\/\/crees.org.do\/wp-content\/uploads\/2023\/04\/2-Untitled-copy-5-scaled.jpg\",\"contentUrl\":\"https:\/\/crees.org.do\/wp-content\/uploads\/2023\/04\/2-Untitled-copy-5-scaled.jpg\",\"width\":1200,\"height\":1200},{\"@type\":\"BreadcrumbList\",\"@id\":\"https:\/\/crees.org.do\/?p=24797#breadcrumb\",\"itemListElement\":[{\"@type\":\"ListItem\",\"position\":1,\"name\":\"Portada\",\"item\":\"https:\/\/crees.org.do\/\"},{\"@type\":\"ListItem\",\"position\":2,\"name\":\"Evoluci\u00f3n de los ocupados en la Rep\u00fablica Dominicana desde 2019 a al 2022\"}]},{\"@type\":\"WebSite\",\"@id\":\"https:\/\/crees.org.do\/#website\",\"url\":\"https:\/\/crees.org.do\/\",\"name\":\"CREES\",\"description\":\"Centro Regional de Estrategias Econ\u00f3micas Sostenibles\",\"publisher\":{\"@id\":\"https:\/\/crees.org.do\/#organization\"},\"potentialAction\":[{\"@type\":\"SearchAction\",\"target\":{\"@type\":\"EntryPoint\",\"urlTemplate\":\"https:\/\/crees.org.do\/?s={search_term_string}\"},\"query-input\":{\"@type\":\"PropertyValueSpecification\",\"valueRequired\":true,\"valueName\":\"search_term_string\"}}],\"inLanguage\":\"es\"},{\"@type\":\"Organization\",\"@id\":\"https:\/\/crees.org.do\/#organization\",\"name\":\"CREES | Centro Regional de Estrategias Econ\u00f3micas Sostenibles\",\"url\":\"https:\/\/crees.org.do\/\",\"logo\":{\"@type\":\"ImageObject\",\"inLanguage\":\"es\",\"@id\":\"https:\/\/crees.org.do\/#\/schema\/logo\/image\/\",\"url\":\"https:\/\/crees.org.do\/wp-content\/uploads\/2022\/03\/crees-logo-1.jpg\",\"contentUrl\":\"https:\/\/crees.org.do\/wp-content\/uploads\/2022\/03\/crees-logo-1.jpg\",\"width\":244,\"height\":71,\"caption\":\"CREES | Centro Regional de Estrategias Econ\u00f3micas Sostenibles\"},\"image\":{\"@id\":\"https:\/\/crees.org.do\/#\/schema\/logo\/image\/\"},\"sameAs\":[\"https:\/\/www.facebook.com\/CREESRD\/\",\"https:\/\/x.com\/CREESRD\"]},{\"@type\":\"Person\",\"@id\":\"https:\/\/crees.org.do\/#\/schema\/person\/e7f97cd94d7bf9cd0e0ce30acb7d56b8\",\"name\":\"Crees\",\"image\":{\"@type\":\"ImageObject\",\"inLanguage\":\"es\",\"@id\":\"https:\/\/crees.org.do\/#\/schema\/person\/image\/\",\"url\":\"https:\/\/secure.gravatar.com\/avatar\/390ac8f0be5d9aa046152553e2dd7011b59a512d89c150f5e5f28bb8d9a0b165?s=96&d=mm&r=g\",\"contentUrl\":\"https:\/\/secure.gravatar.com\/avatar\/390ac8f0be5d9aa046152553e2dd7011b59a512d89c150f5e5f28bb8d9a0b165?s=96&d=mm&r=g\",\"caption\":\"Crees\"},\"url\":\"https:\/\/crees.org.do\/?author=2\"}]}<\/script>\n<!-- \/ Yoast SEO plugin. -->","yoast_head_json":{"title":"Evoluci\u00f3n de los ocupados en la Rep\u00fablica Dominicana desde 2019 a al 2022 | CREES","robots":{"index":"index","follow":"follow","max-snippet":"max-snippet:-1","max-image-preview":"max-image-preview:large","max-video-preview":"max-video-preview:-1"},"canonical":"https:\/\/crees.org.do\/?p=24797","og_locale":"es_ES","og_type":"article","og_title":"Evoluci\u00f3n de los ocupados en la Rep\u00fablica Dominicana desde 2019 a al 2022 | CREES","og_description":"Evoluci\u00f3n de los ocupados en la Rep\u00fablica Dominicana desde 2019 a al 2022 De acuerdo con los datos de la Encuesta Nacional Continua de Fuerza de Trabajo (ENCFT) del Banco Central de la Rep\u00fablica Dominicana, al cierre del a\u00f1o 2022 la cantidad de personas ocupadas en Rep\u00fablica Dominicana tanto en el sector formal como informal-...","og_url":"https:\/\/crees.org.do\/?p=24797","og_site_name":"CREES","article_publisher":"https:\/\/www.facebook.com\/CREESRD\/","article_published_time":"2023-04-26T16:29:03+00:00","article_modified_time":"2023-05-05T13:00:46+00:00","og_image":[{"width":1200,"height":1200,"url":"https:\/\/crees.org.do\/wp-content\/uploads\/2023\/04\/2-Untitled-copy-5-scaled.jpg","type":"image\/jpeg"}],"author":"Crees","twitter_card":"summary_large_image","twitter_creator":"@CREESRD","twitter_site":"@CREESRD","twitter_misc":{"Escrito por":"Crees","Tiempo de lectura":"2 minutos"},"schema":{"@context":"https:\/\/schema.org","@graph":[{"@type":"Article","@id":"https:\/\/crees.org.do\/?p=24797#article","isPartOf":{"@id":"https:\/\/crees.org.do\/?p=24797"},"author":{"name":"Crees","@id":"https:\/\/crees.org.do\/#\/schema\/person\/e7f97cd94d7bf9cd0e0ce30acb7d56b8"},"headline":"Evoluci\u00f3n de los ocupados en la Rep\u00fablica Dominicana desde 2019 a al 2022","datePublished":"2023-04-26T16:29:03+00:00","dateModified":"2023-05-05T13:00:46+00:00","mainEntityOfPage":{"@id":"https:\/\/crees.org.do\/?p=24797"},"wordCount":333,"publisher":{"@id":"https:\/\/crees.org.do\/#organization"},"image":{"@id":"https:\/\/crees.org.do\/?p=24797#primaryimage"},"thumbnailUrl":"https:\/\/crees.org.do\/wp-content\/uploads\/2023\/04\/2-Untitled-copy-5-scaled.jpg","keywords":["Evoluci\u00f3n de los ocupados en la Rep\u00fablica Dominicana desde 2019 a al 2022"],"articleSection":["Blog"],"inLanguage":"es"},{"@type":"WebPage","@id":"https:\/\/crees.org.do\/?p=24797","url":"https:\/\/crees.org.do\/?p=24797","name":"Evoluci\u00f3n de los ocupados en la Rep\u00fablica Dominicana desde 2019 a al 2022 | CREES","isPartOf":{"@id":"https:\/\/crees.org.do\/#website"},"primaryImageOfPage":{"@id":"https:\/\/crees.org.do\/?p=24797#primaryimage"},"image":{"@id":"https:\/\/crees.org.do\/?p=24797#primaryimage"},"thumbnailUrl":"https:\/\/crees.org.do\/wp-content\/uploads\/2023\/04\/2-Untitled-copy-5-scaled.jpg","datePublished":"2023-04-26T16:29:03+00:00","dateModified":"2023-05-05T13:00:46+00:00","breadcrumb":{"@id":"https:\/\/crees.org.do\/?p=24797#breadcrumb"},"inLanguage":"es","potentialAction":[{"@type":"ReadAction","target":["https:\/\/crees.org.do\/?p=24797"]}]},{"@type":"ImageObject","inLanguage":"es","@id":"https:\/\/crees.org.do\/?p=24797#primaryimage","url":"https:\/\/crees.org.do\/wp-content\/uploads\/2023\/04\/2-Untitled-copy-5-scaled.jpg","contentUrl":"https:\/\/crees.org.do\/wp-content\/uploads\/2023\/04\/2-Untitled-copy-5-scaled.jpg","width":1200,"height":1200},{"@type":"BreadcrumbList","@id":"https:\/\/crees.org.do\/?p=24797#breadcrumb","itemListElement":[{"@type":"ListItem","position":1,"name":"Portada","item":"https:\/\/crees.org.do\/"},{"@type":"ListItem","position":2,"name":"Evoluci\u00f3n de los ocupados en la Rep\u00fablica Dominicana desde 2019 a al 2022"}]},{"@type":"WebSite","@id":"https:\/\/crees.org.do\/#website","url":"https:\/\/crees.org.do\/","name":"CREES","description":"Centro Regional de Estrategias Econ\u00f3micas Sostenibles","publisher":{"@id":"https:\/\/crees.org.do\/#organization"},"potentialAction":[{"@type":"SearchAction","target":{"@type":"EntryPoint","urlTemplate":"https:\/\/crees.org.do\/?s={search_term_string}"},"query-input":{"@type":"PropertyValueSpecification","valueRequired":true,"valueName":"search_term_string"}}],"inLanguage":"es"},{"@type":"Organization","@id":"https:\/\/crees.org.do\/#organization","name":"CREES | Centro Regional de Estrategias Econ\u00f3micas Sostenibles","url":"https:\/\/crees.org.do\/","logo":{"@type":"ImageObject","inLanguage":"es","@id":"https:\/\/crees.org.do\/#\/schema\/logo\/image\/","url":"https:\/\/crees.org.do\/wp-content\/uploads\/2022\/03\/crees-logo-1.jpg","contentUrl":"https:\/\/crees.org.do\/wp-content\/uploads\/2022\/03\/crees-logo-1.jpg","width":244,"height":71,"caption":"CREES | Centro Regional de Estrategias Econ\u00f3micas Sostenibles"},"image":{"@id":"https:\/\/crees.org.do\/#\/schema\/logo\/image\/"},"sameAs":["https:\/\/www.facebook.com\/CREESRD\/","https:\/\/x.com\/CREESRD"]},{"@type":"Person","@id":"https:\/\/crees.org.do\/#\/schema\/person\/e7f97cd94d7bf9cd0e0ce30acb7d56b8","name":"Crees","image":{"@type":"ImageObject","inLanguage":"es","@id":"https:\/\/crees.org.do\/#\/schema\/person\/image\/","url":"https:\/\/secure.gravatar.com\/avatar\/390ac8f0be5d9aa046152553e2dd7011b59a512d89c150f5e5f28bb8d9a0b165?s=96&d=mm&r=g","contentUrl":"https:\/\/secure.gravatar.com\/avatar\/390ac8f0be5d9aa046152553e2dd7011b59a512d89c150f5e5f28bb8d9a0b165?s=96&d=mm&r=g","caption":"Crees"},"url":"https:\/\/crees.org.do\/?author=2"}]}},"_links":{"self":[{"href":"https:\/\/crees.org.do\/index.php?rest_route=\/wp\/v2\/posts\/24797","targetHints":{"allow":["GET"]}}],"collection":[{"href":"https:\/\/crees.org.do\/index.php?rest_route=\/wp\/v2\/posts"}],"about":[{"href":"https:\/\/crees.org.do\/index.php?rest_route=\/wp\/v2\/types\/post"}],"author":[{"embeddable":true,"href":"https:\/\/crees.org.do\/index.php?rest_route=\/wp\/v2\/users\/2"}],"replies":[{"embeddable":true,"href":"https:\/\/crees.org.do\/index.php?rest_route=%2Fwp%2Fv2%2Fcomments&post=24797"}],"version-history":[{"count":4,"href":"https:\/\/crees.org.do\/index.php?rest_route=\/wp\/v2\/posts\/24797\/revisions"}],"predecessor-version":[{"id":24851,"href":"https:\/\/crees.org.do\/index.php?rest_route=\/wp\/v2\/posts\/24797\/revisions\/24851"}],"wp:featuredmedia":[{"embeddable":true,"href":"https:\/\/crees.org.do\/index.php?rest_route=\/wp\/v2\/media\/24799"}],"wp:attachment":[{"href":"https:\/\/crees.org.do\/index.php?rest_route=%2Fwp%2Fv2%2Fmedia&parent=24797"}],"wp:term":[{"taxonomy":"category","embeddable":true,"href":"https:\/\/crees.org.do\/index.php?rest_route=%2Fwp%2Fv2%2Fcategories&post=24797"},{"taxonomy":"post_tag","embeddable":true,"href":"https:\/\/crees.org.do\/index.php?rest_route=%2Fwp%2Fv2%2Ftags&post=24797"}],"curies":[{"name":"wp","href":"https:\/\/api.w.org\/{rel}","templated":true}]}}