{"id":24803,"date":"2023-04-27T15:36:02","date_gmt":"2023-04-27T15:36:02","guid":{"rendered":"https:\/\/crees.org.do\/?p=24803"},"modified":"2023-04-27T19:00:18","modified_gmt":"2023-04-27T19:00:18","slug":"cual-ha-sido-la-evolucion-de-la-matriz-energetica-en-rd","status":"publish","type":"post","link":"https:\/\/crees.org.do\/?p=24803","title":{"rendered":"\u00bfCu\u00e1l ha sido la evoluci\u00f3n de la matriz energ\u00e9tica en RD?"},"content":{"rendered":"<p>Autor: Eymi Silvestre<\/p>\n<p>Fecha: 27 de abril del 2023<\/p>\n<p>Extra\u00eddo de: EHPLUS<\/p>\n<p><img fetchpriority=\"high\" decoding=\"async\" class=\"alignnone size-full wp-image-24804\" src=\"https:\/\/crees.org.do\/wp-content\/uploads\/2023\/04\/sector-electrico-e1682597873120.jpeg\" alt=\"\u00bfCu\u00e1l ha sido la evoluci\u00f3n de la matriz energ\u00e9tica en RD?\" width=\"900\" height=\"533\" srcset=\"https:\/\/crees.org.do\/wp-content\/uploads\/2023\/04\/sector-electrico-e1682597873120.jpeg 900w, https:\/\/crees.org.do\/wp-content\/uploads\/2023\/04\/sector-electrico-e1682597873120-450x267.jpeg 450w, https:\/\/crees.org.do\/wp-content\/uploads\/2023\/04\/sector-electrico-e1682597873120-768x455.jpeg 768w, https:\/\/crees.org.do\/wp-content\/uploads\/2023\/04\/sector-electrico-e1682597873120-600x355.jpeg 600w\" sizes=\"(max-width: 900px) 100vw, 900px\" \/><\/p>\n<p style=\"text-align: justify;\"><strong>EHPLUS, SANTO DOMINGO.-<\/strong>\u00a0Rep\u00fablica Dominicana ha logrado en muy poco una transformaci\u00f3n extraordinaria en su matriz energ\u00e9tica.<\/p>\n<p style=\"text-align: justify;\">Estos avances han contribuido a disminuir considerablemente la generaci\u00f3n en base a fuel oil, la cual ha ca\u00eddo desde un 36.9 % en el a\u00f1o 2018, a tan s\u00f3lo un 10.8 % a\u00f1o 2022<\/p>\n<p style=\"text-align: justify;\">En la actualidad, el Gas Natural se ha convertido en la primera fuente de generaci\u00f3n al pasar desde el 34.0 % (a\u00f1o 2018) hasta un 40.9\u00a0 % en el 2022.<\/p>\n<p style=\"text-align: justify;\">Esto quiere decir que entre 2018 y 2022, la generaci\u00f3n en base a Gas Natural se dispar\u00f3 en un 54.2 % al pasar de 5,343.8 GWh (2018) a 8,242.8 GWh (2022), seg\u00fan explic\u00f3 el economista Henri Hebrard.<\/p>\n<p style=\"text-align: justify;\">Del mismo modo, sostuvo que la entrada en producci\u00f3n comercial de Punta Catalina ha hecho que la generaci\u00f3n a carb\u00f3n ocupe ahora el segundo lugar, al pasar su participaci\u00f3n en la matriz del 13.0 % (a\u00f1o 2018) a 30.8 % (a\u00f1o 2022).<\/p>\n<p style=\"text-align: justify;\">Destac\u00f3 que el crecimiento relativo ha sido a\u00fan mayor que en el caso del gas natural, al multiplicar por tres veces el volumen producido de 2,0344 GWh desde el a\u00f1o 2018 a 6,196.1 GWh al 2022.<\/p>\n<p style=\"text-align: justify;\">Aclar\u00f3 que no se debe de olvidar el tema de las energ\u00edas renovables, y m\u00e1s especialmente las energ\u00edas renovables no convencionales (ERNC) tales como: biomasa, e\u00f3lica y solar, cuya participaci\u00f3n en la matriz se dispar\u00f3 de apenas un 4.9 % en el 2018 a un 10.4 % en el 2022.<\/p>\n<p style=\"text-align: justify;\">\u201cEn otras palabras, la energ\u00eda generada gracias a las ERNC creci\u00f3 en un 274 % al pasar de 764.5 GWH (2018) a 2,102.7 GWh (2022). Este es un logro muy importante que no ha sido muy celebrado lamentablemente\u201d, especific\u00f3 el economista.<\/p>\n<p style=\"text-align: justify;\">En este contexto, Miguel Di Franco, expres\u00f3 que la evoluci\u00f3n de la matriz energ\u00e9tica ha sido indiscutiblemente m\u00e1s en el gas natural, menos derivados del petr\u00f3leo, menos carb\u00f3n y m\u00e1s renovables no convencionales.<\/p>\n<p style=\"text-align: justify;\">Sin embargo, dijo que es muy probable que de no haberse instalado las dos plantas de Punta Catalina, el pa\u00eds hubiera tenido una mayor participaci\u00f3n de gas natural y un poco m\u00e1s de energ\u00edas renovables.<\/p>\n<p style=\"text-align: justify;\">Con relaci\u00f3n a la hidr\u00e1ulica, apunt\u00f3 que esta se ha reducido en t\u00e9rminos relativos.<\/p>\n<p style=\"text-align: justify;\">Seg\u00fan un informe del Centro Regional de Estrategias Econ\u00f3micas Sostenibles (CREES), en los \u00faltimos 10 a\u00f1os la Rep\u00fablica Dominicana ha tenido una matriz m\u00e1s diversificada, en la cual tienen m\u00e1s participaci\u00f3n de las fuentes renovables y hay una menor dependencia de los derivados del petr\u00f3leo.<\/p>\n<p style=\"text-align: justify;\">En el periodo enero-septiembre de 2022, espec\u00edfica que la generaci\u00f3n a base de fuentes renovables como el agua, viento, sol y biomasa superan en participaci\u00f3n la generaci\u00f3n a base de derivados del petr\u00f3leo; un cambio que indica una reducci\u00f3n en los costos de generaci\u00f3n con una tendencia a continuar disminuyendo.<\/p>\n<p style=\"text-align: justify;\">En comparaci\u00f3n con la composici\u00f3n de la matriz de generaci\u00f3n de energ\u00eda de 2012, la generaci\u00f3n a trav\u00e9s de los derivados del petr\u00f3leo pas\u00f3 de ser la principal en el pa\u00eds, representando un 36.9 % del total, a s\u00f3lo representar un 10.3 % en el periodo enero-septiembre 2022. De igual forma, la participaci\u00f3n del gas natural pas\u00f3 de un 14.4 % a un 41.5 %.<\/p>\n<p style=\"text-align: justify;\">Hist\u00f3ricamente, la hidr\u00e1ulica ha sido la energ\u00eda con mayor participaci\u00f3n entre las fuentes renovables. Sin embargo, en los \u00faltimos a\u00f1os ha aumentado la inversi\u00f3n en fuentes renovables no convencionales del pa\u00eds.<\/p>\n<p style=\"text-align: justify;\">Por ejemplo, la energ\u00eda solar fotovoltaica pas\u00f3 de representar un 0.7 % de la generaci\u00f3n total en 2012 a representar un 6.0 % en el periodo enero-octubre 2022.<\/p>\n<p style=\"text-align: justify;\">De igual forma, en este periodo, la generaci\u00f3n e\u00f3lica y de biomasa pasaron de no tener una participaci\u00f3n en la matriz a representar un 3.6 % y un 0.9 %, respectivamente.<\/p>\n<div class=\"pvc_clear\"><\/div>\n<p class=\"pvc_stats all \" data-element-id=\"24803\" style=\"\"><i class=\"pvc-stats-icon medium\" aria-hidden=\"true\"><svg aria-hidden=\"true\" focusable=\"false\" data-prefix=\"far\" data-icon=\"chart-bar\" role=\"img\" xmlns=\"http:\/\/www.w3.org\/2000\/svg\" viewBox=\"0 0 512 512\" class=\"svg-inline--fa fa-chart-bar fa-w-16 fa-2x\"><path fill=\"currentColor\" d=\"M396.8 352h22.4c6.4 0 12.8-6.4 12.8-12.8V108.8c0-6.4-6.4-12.8-12.8-12.8h-22.4c-6.4 0-12.8 6.4-12.8 12.8v230.4c0 6.4 6.4 12.8 12.8 12.8zm-192 0h22.4c6.4 0 12.8-6.4 12.8-12.8V140.8c0-6.4-6.4-12.8-12.8-12.8h-22.4c-6.4 0-12.8 6.4-12.8 12.8v198.4c0 6.4 6.4 12.8 12.8 12.8zm96 0h22.4c6.4 0 12.8-6.4 12.8-12.8V204.8c0-6.4-6.4-12.8-12.8-12.8h-22.4c-6.4 0-12.8 6.4-12.8 12.8v134.4c0 6.4 6.4 12.8 12.8 12.8zM496 400H48V80c0-8.84-7.16-16-16-16H16C7.16 64 0 71.16 0 80v336c0 17.67 14.33 32 32 32h464c8.84 0 16-7.16 16-16v-16c0-8.84-7.16-16-16-16zm-387.2-48h22.4c6.4 0 12.8-6.4 12.8-12.8v-70.4c0-6.4-6.4-12.8-12.8-12.8h-22.4c-6.4 0-12.8 6.4-12.8 12.8v70.4c0 6.4 6.4 12.8 12.8 12.8z\" class=\"\"><\/path><\/svg><\/i> Vistas Totales&nbsp;1,618&nbsp;, Vistas Hoy&nbsp;8&nbsp;<\/p>\n<div class=\"pvc_clear\"><\/div>\n","protected":false},"excerpt":{"rendered":"<p>Autor: Eymi Silvestre Fecha: 27 de abril del 2023 Extra\u00eddo de: EHPLUS EHPLUS, SANTO DOMINGO.-\u00a0Rep\u00fablica Dominicana ha logrado en muy poco una transformaci\u00f3n extraordinaria en su matriz energ\u00e9tica. Estos avances han contribuido a disminuir considerablemente la generaci\u00f3n en base a fuel oil, la cual ha ca\u00eddo desde un 36.9 % en el a\u00f1o 2018, a&#8230;<\/p>\n<div class=\"pvc_clear\"><\/div>\n<p class=\"pvc_stats all \" data-element-id=\"24803\" style=\"\"><i class=\"pvc-stats-icon medium\" aria-hidden=\"true\"><svg aria-hidden=\"true\" focusable=\"false\" data-prefix=\"far\" data-icon=\"chart-bar\" role=\"img\" xmlns=\"http:\/\/www.w3.org\/2000\/svg\" viewBox=\"0 0 512 512\" class=\"svg-inline--fa fa-chart-bar fa-w-16 fa-2x\"><path fill=\"currentColor\" d=\"M396.8 352h22.4c6.4 0 12.8-6.4 12.8-12.8V108.8c0-6.4-6.4-12.8-12.8-12.8h-22.4c-6.4 0-12.8 6.4-12.8 12.8v230.4c0 6.4 6.4 12.8 12.8 12.8zm-192 0h22.4c6.4 0 12.8-6.4 12.8-12.8V140.8c0-6.4-6.4-12.8-12.8-12.8h-22.4c-6.4 0-12.8 6.4-12.8 12.8v198.4c0 6.4 6.4 12.8 12.8 12.8zm96 0h22.4c6.4 0 12.8-6.4 12.8-12.8V204.8c0-6.4-6.4-12.8-12.8-12.8h-22.4c-6.4 0-12.8 6.4-12.8 12.8v134.4c0 6.4 6.4 12.8 12.8 12.8zM496 400H48V80c0-8.84-7.16-16-16-16H16C7.16 64 0 71.16 0 80v336c0 17.67 14.33 32 32 32h464c8.84 0 16-7.16 16-16v-16c0-8.84-7.16-16-16-16zm-387.2-48h22.4c6.4 0 12.8-6.4 12.8-12.8v-70.4c0-6.4-6.4-12.8-12.8-12.8h-22.4c-6.4 0-12.8 6.4-12.8 12.8v70.4c0 6.4 6.4 12.8 12.8 12.8z\" class=\"\"><\/path><\/svg><\/i> Vistas Totales&nbsp;1,618&nbsp;, Vistas Hoy&nbsp;8&nbsp;<\/p>\n<div class=\"pvc_clear\"><\/div>\n","protected":false},"author":2,"featured_media":24804,"comment_status":"closed","ping_status":"closed","sticky":false,"template":"","format":"standard","meta":{"footnotes":""},"categories":[19],"tags":[136],"class_list":["post-24803","post","type-post","status-publish","format-standard","has-post-thumbnail","hentry","category-actualidad","tag-cual-ha-sido-la-evolucion-de-la-matriz-energetica-en-rd"],"yoast_head":"<!-- This site is optimized with the Yoast SEO plugin v25.2 - https:\/\/yoast.com\/wordpress\/plugins\/seo\/ -->\n<title>\u00bfCu\u00e1l ha sido la evoluci\u00f3n de la matriz energ\u00e9tica en RD? | CREES<\/title>\n<meta name=\"robots\" content=\"index, follow, max-snippet:-1, max-image-preview:large, max-video-preview:-1\" \/>\n<link rel=\"canonical\" href=\"https:\/\/crees.org.do\/?p=24803\" \/>\n<meta property=\"og:locale\" content=\"es_ES\" \/>\n<meta property=\"og:type\" content=\"article\" \/>\n<meta property=\"og:title\" content=\"\u00bfCu\u00e1l ha sido la evoluci\u00f3n de la matriz energ\u00e9tica en RD? | CREES\" \/>\n<meta property=\"og:description\" content=\"Autor: Eymi Silvestre Fecha: 27 de abril del 2023 Extra\u00eddo de: EHPLUS EHPLUS, SANTO DOMINGO.-\u00a0Rep\u00fablica Dominicana ha logrado en muy poco una transformaci\u00f3n extraordinaria en su matriz energ\u00e9tica. Estos avances han contribuido a disminuir considerablemente la generaci\u00f3n en base a fuel oil, la cual ha ca\u00eddo desde un 36.9 % en el a\u00f1o 2018, a...\" \/>\n<meta property=\"og:url\" content=\"https:\/\/crees.org.do\/?p=24803\" \/>\n<meta property=\"og:site_name\" content=\"CREES\" \/>\n<meta property=\"article:publisher\" content=\"https:\/\/www.facebook.com\/CREESRD\/\" \/>\n<meta property=\"article:published_time\" content=\"2023-04-27T15:36:02+00:00\" \/>\n<meta property=\"article:modified_time\" content=\"2023-04-27T19:00:18+00:00\" \/>\n<meta property=\"og:image\" content=\"https:\/\/crees.org.do\/wp-content\/uploads\/2023\/04\/sector-electrico-e1682597873120.jpeg\" \/>\n\t<meta property=\"og:image:width\" content=\"900\" \/>\n\t<meta property=\"og:image:height\" content=\"533\" \/>\n\t<meta property=\"og:image:type\" content=\"image\/jpeg\" \/>\n<meta name=\"author\" content=\"Crees\" \/>\n<meta name=\"twitter:card\" content=\"summary_large_image\" \/>\n<meta name=\"twitter:creator\" content=\"@CREESRD\" \/>\n<meta name=\"twitter:site\" content=\"@CREESRD\" \/>\n<meta name=\"twitter:label1\" content=\"Escrito por\" \/>\n\t<meta name=\"twitter:data1\" content=\"Crees\" \/>\n\t<meta name=\"twitter:label2\" content=\"Tiempo de lectura\" \/>\n\t<meta name=\"twitter:data2\" content=\"3 minutos\" \/>\n<script type=\"application\/ld+json\" class=\"yoast-schema-graph\">{\"@context\":\"https:\/\/schema.org\",\"@graph\":[{\"@type\":\"Article\",\"@id\":\"https:\/\/crees.org.do\/?p=24803#article\",\"isPartOf\":{\"@id\":\"https:\/\/crees.org.do\/?p=24803\"},\"author\":{\"name\":\"Crees\",\"@id\":\"https:\/\/crees.org.do\/#\/schema\/person\/e7f97cd94d7bf9cd0e0ce30acb7d56b8\"},\"headline\":\"\u00bfCu\u00e1l ha sido la evoluci\u00f3n de la matriz energ\u00e9tica en RD?\",\"datePublished\":\"2023-04-27T15:36:02+00:00\",\"dateModified\":\"2023-04-27T19:00:18+00:00\",\"mainEntityOfPage\":{\"@id\":\"https:\/\/crees.org.do\/?p=24803\"},\"wordCount\":657,\"publisher\":{\"@id\":\"https:\/\/crees.org.do\/#organization\"},\"image\":{\"@id\":\"https:\/\/crees.org.do\/?p=24803#primaryimage\"},\"thumbnailUrl\":\"https:\/\/crees.org.do\/wp-content\/uploads\/2023\/04\/sector-electrico-e1682597873120.jpeg\",\"keywords\":[\"\u00bfCu\u00e1l ha sido la evoluci\u00f3n de la matriz energ\u00e9tica en RD?\"],\"articleSection\":[\"Actualidad\"],\"inLanguage\":\"es\"},{\"@type\":\"WebPage\",\"@id\":\"https:\/\/crees.org.do\/?p=24803\",\"url\":\"https:\/\/crees.org.do\/?p=24803\",\"name\":\"\u00bfCu\u00e1l ha sido la evoluci\u00f3n de la matriz energ\u00e9tica en RD? | CREES\",\"isPartOf\":{\"@id\":\"https:\/\/crees.org.do\/#website\"},\"primaryImageOfPage\":{\"@id\":\"https:\/\/crees.org.do\/?p=24803#primaryimage\"},\"image\":{\"@id\":\"https:\/\/crees.org.do\/?p=24803#primaryimage\"},\"thumbnailUrl\":\"https:\/\/crees.org.do\/wp-content\/uploads\/2023\/04\/sector-electrico-e1682597873120.jpeg\",\"datePublished\":\"2023-04-27T15:36:02+00:00\",\"dateModified\":\"2023-04-27T19:00:18+00:00\",\"breadcrumb\":{\"@id\":\"https:\/\/crees.org.do\/?p=24803#breadcrumb\"},\"inLanguage\":\"es\",\"potentialAction\":[{\"@type\":\"ReadAction\",\"target\":[\"https:\/\/crees.org.do\/?p=24803\"]}]},{\"@type\":\"ImageObject\",\"inLanguage\":\"es\",\"@id\":\"https:\/\/crees.org.do\/?p=24803#primaryimage\",\"url\":\"https:\/\/crees.org.do\/wp-content\/uploads\/2023\/04\/sector-electrico-e1682597873120.jpeg\",\"contentUrl\":\"https:\/\/crees.org.do\/wp-content\/uploads\/2023\/04\/sector-electrico-e1682597873120.jpeg\",\"width\":900,\"height\":533,\"caption\":\"\u00bfCu\u00e1l ha sido la evoluci\u00f3n de la matriz energ\u00e9tica en RD?\"},{\"@type\":\"BreadcrumbList\",\"@id\":\"https:\/\/crees.org.do\/?p=24803#breadcrumb\",\"itemListElement\":[{\"@type\":\"ListItem\",\"position\":1,\"name\":\"Portada\",\"item\":\"https:\/\/crees.org.do\/\"},{\"@type\":\"ListItem\",\"position\":2,\"name\":\"\u00bfCu\u00e1l ha sido la evoluci\u00f3n de la matriz energ\u00e9tica en RD?\"}]},{\"@type\":\"WebSite\",\"@id\":\"https:\/\/crees.org.do\/#website\",\"url\":\"https:\/\/crees.org.do\/\",\"name\":\"CREES\",\"description\":\"Centro Regional de Estrategias Econ\u00f3micas Sostenibles\",\"publisher\":{\"@id\":\"https:\/\/crees.org.do\/#organization\"},\"potentialAction\":[{\"@type\":\"SearchAction\",\"target\":{\"@type\":\"EntryPoint\",\"urlTemplate\":\"https:\/\/crees.org.do\/?s={search_term_string}\"},\"query-input\":{\"@type\":\"PropertyValueSpecification\",\"valueRequired\":true,\"valueName\":\"search_term_string\"}}],\"inLanguage\":\"es\"},{\"@type\":\"Organization\",\"@id\":\"https:\/\/crees.org.do\/#organization\",\"name\":\"CREES | Centro Regional de Estrategias Econ\u00f3micas Sostenibles\",\"url\":\"https:\/\/crees.org.do\/\",\"logo\":{\"@type\":\"ImageObject\",\"inLanguage\":\"es\",\"@id\":\"https:\/\/crees.org.do\/#\/schema\/logo\/image\/\",\"url\":\"https:\/\/crees.org.do\/wp-content\/uploads\/2022\/03\/crees-logo-1.jpg\",\"contentUrl\":\"https:\/\/crees.org.do\/wp-content\/uploads\/2022\/03\/crees-logo-1.jpg\",\"width\":244,\"height\":71,\"caption\":\"CREES | Centro Regional de Estrategias Econ\u00f3micas Sostenibles\"},\"image\":{\"@id\":\"https:\/\/crees.org.do\/#\/schema\/logo\/image\/\"},\"sameAs\":[\"https:\/\/www.facebook.com\/CREESRD\/\",\"https:\/\/x.com\/CREESRD\"]},{\"@type\":\"Person\",\"@id\":\"https:\/\/crees.org.do\/#\/schema\/person\/e7f97cd94d7bf9cd0e0ce30acb7d56b8\",\"name\":\"Crees\",\"image\":{\"@type\":\"ImageObject\",\"inLanguage\":\"es\",\"@id\":\"https:\/\/crees.org.do\/#\/schema\/person\/image\/\",\"url\":\"https:\/\/secure.gravatar.com\/avatar\/390ac8f0be5d9aa046152553e2dd7011b59a512d89c150f5e5f28bb8d9a0b165?s=96&d=mm&r=g\",\"contentUrl\":\"https:\/\/secure.gravatar.com\/avatar\/390ac8f0be5d9aa046152553e2dd7011b59a512d89c150f5e5f28bb8d9a0b165?s=96&d=mm&r=g\",\"caption\":\"Crees\"},\"url\":\"https:\/\/crees.org.do\/?author=2\"}]}<\/script>\n<!-- \/ Yoast SEO plugin. -->","yoast_head_json":{"title":"\u00bfCu\u00e1l ha sido la evoluci\u00f3n de la matriz energ\u00e9tica en RD? | CREES","robots":{"index":"index","follow":"follow","max-snippet":"max-snippet:-1","max-image-preview":"max-image-preview:large","max-video-preview":"max-video-preview:-1"},"canonical":"https:\/\/crees.org.do\/?p=24803","og_locale":"es_ES","og_type":"article","og_title":"\u00bfCu\u00e1l ha sido la evoluci\u00f3n de la matriz energ\u00e9tica en RD? | CREES","og_description":"Autor: Eymi Silvestre Fecha: 27 de abril del 2023 Extra\u00eddo de: EHPLUS EHPLUS, SANTO DOMINGO.-\u00a0Rep\u00fablica Dominicana ha logrado en muy poco una transformaci\u00f3n extraordinaria en su matriz energ\u00e9tica. Estos avances han contribuido a disminuir considerablemente la generaci\u00f3n en base a fuel oil, la cual ha ca\u00eddo desde un 36.9 % en el a\u00f1o 2018, a...","og_url":"https:\/\/crees.org.do\/?p=24803","og_site_name":"CREES","article_publisher":"https:\/\/www.facebook.com\/CREESRD\/","article_published_time":"2023-04-27T15:36:02+00:00","article_modified_time":"2023-04-27T19:00:18+00:00","og_image":[{"width":900,"height":533,"url":"https:\/\/crees.org.do\/wp-content\/uploads\/2023\/04\/sector-electrico-e1682597873120.jpeg","type":"image\/jpeg"}],"author":"Crees","twitter_card":"summary_large_image","twitter_creator":"@CREESRD","twitter_site":"@CREESRD","twitter_misc":{"Escrito por":"Crees","Tiempo de lectura":"3 minutos"},"schema":{"@context":"https:\/\/schema.org","@graph":[{"@type":"Article","@id":"https:\/\/crees.org.do\/?p=24803#article","isPartOf":{"@id":"https:\/\/crees.org.do\/?p=24803"},"author":{"name":"Crees","@id":"https:\/\/crees.org.do\/#\/schema\/person\/e7f97cd94d7bf9cd0e0ce30acb7d56b8"},"headline":"\u00bfCu\u00e1l ha sido la evoluci\u00f3n de la matriz energ\u00e9tica en RD?","datePublished":"2023-04-27T15:36:02+00:00","dateModified":"2023-04-27T19:00:18+00:00","mainEntityOfPage":{"@id":"https:\/\/crees.org.do\/?p=24803"},"wordCount":657,"publisher":{"@id":"https:\/\/crees.org.do\/#organization"},"image":{"@id":"https:\/\/crees.org.do\/?p=24803#primaryimage"},"thumbnailUrl":"https:\/\/crees.org.do\/wp-content\/uploads\/2023\/04\/sector-electrico-e1682597873120.jpeg","keywords":["\u00bfCu\u00e1l ha sido la evoluci\u00f3n de la matriz energ\u00e9tica en RD?"],"articleSection":["Actualidad"],"inLanguage":"es"},{"@type":"WebPage","@id":"https:\/\/crees.org.do\/?p=24803","url":"https:\/\/crees.org.do\/?p=24803","name":"\u00bfCu\u00e1l ha sido la evoluci\u00f3n de la matriz energ\u00e9tica en RD? | CREES","isPartOf":{"@id":"https:\/\/crees.org.do\/#website"},"primaryImageOfPage":{"@id":"https:\/\/crees.org.do\/?p=24803#primaryimage"},"image":{"@id":"https:\/\/crees.org.do\/?p=24803#primaryimage"},"thumbnailUrl":"https:\/\/crees.org.do\/wp-content\/uploads\/2023\/04\/sector-electrico-e1682597873120.jpeg","datePublished":"2023-04-27T15:36:02+00:00","dateModified":"2023-04-27T19:00:18+00:00","breadcrumb":{"@id":"https:\/\/crees.org.do\/?p=24803#breadcrumb"},"inLanguage":"es","potentialAction":[{"@type":"ReadAction","target":["https:\/\/crees.org.do\/?p=24803"]}]},{"@type":"ImageObject","inLanguage":"es","@id":"https:\/\/crees.org.do\/?p=24803#primaryimage","url":"https:\/\/crees.org.do\/wp-content\/uploads\/2023\/04\/sector-electrico-e1682597873120.jpeg","contentUrl":"https:\/\/crees.org.do\/wp-content\/uploads\/2023\/04\/sector-electrico-e1682597873120.jpeg","width":900,"height":533,"caption":"\u00bfCu\u00e1l ha sido la evoluci\u00f3n de la matriz energ\u00e9tica en RD?"},{"@type":"BreadcrumbList","@id":"https:\/\/crees.org.do\/?p=24803#breadcrumb","itemListElement":[{"@type":"ListItem","position":1,"name":"Portada","item":"https:\/\/crees.org.do\/"},{"@type":"ListItem","position":2,"name":"\u00bfCu\u00e1l ha sido la evoluci\u00f3n de la matriz energ\u00e9tica en RD?"}]},{"@type":"WebSite","@id":"https:\/\/crees.org.do\/#website","url":"https:\/\/crees.org.do\/","name":"CREES","description":"Centro Regional de Estrategias Econ\u00f3micas Sostenibles","publisher":{"@id":"https:\/\/crees.org.do\/#organization"},"potentialAction":[{"@type":"SearchAction","target":{"@type":"EntryPoint","urlTemplate":"https:\/\/crees.org.do\/?s={search_term_string}"},"query-input":{"@type":"PropertyValueSpecification","valueRequired":true,"valueName":"search_term_string"}}],"inLanguage":"es"},{"@type":"Organization","@id":"https:\/\/crees.org.do\/#organization","name":"CREES | Centro Regional de Estrategias Econ\u00f3micas Sostenibles","url":"https:\/\/crees.org.do\/","logo":{"@type":"ImageObject","inLanguage":"es","@id":"https:\/\/crees.org.do\/#\/schema\/logo\/image\/","url":"https:\/\/crees.org.do\/wp-content\/uploads\/2022\/03\/crees-logo-1.jpg","contentUrl":"https:\/\/crees.org.do\/wp-content\/uploads\/2022\/03\/crees-logo-1.jpg","width":244,"height":71,"caption":"CREES | Centro Regional de Estrategias Econ\u00f3micas Sostenibles"},"image":{"@id":"https:\/\/crees.org.do\/#\/schema\/logo\/image\/"},"sameAs":["https:\/\/www.facebook.com\/CREESRD\/","https:\/\/x.com\/CREESRD"]},{"@type":"Person","@id":"https:\/\/crees.org.do\/#\/schema\/person\/e7f97cd94d7bf9cd0e0ce30acb7d56b8","name":"Crees","image":{"@type":"ImageObject","inLanguage":"es","@id":"https:\/\/crees.org.do\/#\/schema\/person\/image\/","url":"https:\/\/secure.gravatar.com\/avatar\/390ac8f0be5d9aa046152553e2dd7011b59a512d89c150f5e5f28bb8d9a0b165?s=96&d=mm&r=g","contentUrl":"https:\/\/secure.gravatar.com\/avatar\/390ac8f0be5d9aa046152553e2dd7011b59a512d89c150f5e5f28bb8d9a0b165?s=96&d=mm&r=g","caption":"Crees"},"url":"https:\/\/crees.org.do\/?author=2"}]}},"_links":{"self":[{"href":"https:\/\/crees.org.do\/index.php?rest_route=\/wp\/v2\/posts\/24803","targetHints":{"allow":["GET"]}}],"collection":[{"href":"https:\/\/crees.org.do\/index.php?rest_route=\/wp\/v2\/posts"}],"about":[{"href":"https:\/\/crees.org.do\/index.php?rest_route=\/wp\/v2\/types\/post"}],"author":[{"embeddable":true,"href":"https:\/\/crees.org.do\/index.php?rest_route=\/wp\/v2\/users\/2"}],"replies":[{"embeddable":true,"href":"https:\/\/crees.org.do\/index.php?rest_route=%2Fwp%2Fv2%2Fcomments&post=24803"}],"version-history":[{"count":1,"href":"https:\/\/crees.org.do\/index.php?rest_route=\/wp\/v2\/posts\/24803\/revisions"}],"predecessor-version":[{"id":24805,"href":"https:\/\/crees.org.do\/index.php?rest_route=\/wp\/v2\/posts\/24803\/revisions\/24805"}],"wp:featuredmedia":[{"embeddable":true,"href":"https:\/\/crees.org.do\/index.php?rest_route=\/wp\/v2\/media\/24804"}],"wp:attachment":[{"href":"https:\/\/crees.org.do\/index.php?rest_route=%2Fwp%2Fv2%2Fmedia&parent=24803"}],"wp:term":[{"taxonomy":"category","embeddable":true,"href":"https:\/\/crees.org.do\/index.php?rest_route=%2Fwp%2Fv2%2Fcategories&post=24803"},{"taxonomy":"post_tag","embeddable":true,"href":"https:\/\/crees.org.do\/index.php?rest_route=%2Fwp%2Fv2%2Ftags&post=24803"}],"curies":[{"name":"wp","href":"https:\/\/api.w.org\/{rel}","templated":true}]}}