{"id":24820,"date":"2023-05-02T16:40:28","date_gmt":"2023-05-02T16:40:28","guid":{"rendered":"https:\/\/crees.org.do\/?p=24820"},"modified":"2023-05-05T12:53:08","modified_gmt":"2023-05-05T12:53:08","slug":"ingresos-por-hora-de-la-poblacion-ocupada","status":"publish","type":"post","link":"https:\/\/crees.org.do\/?p=24820","title":{"rendered":"Ingresos por hora de la poblaci\u00f3n ocupada"},"content":{"rendered":"<p><img fetchpriority=\"high\" decoding=\"async\" class=\"aligncenter wp-image-24821\" src=\"https:\/\/crees.org.do\/wp-content\/uploads\/2023\/05\/2-Untitled-copy-11.png\" alt=\"Ingresos por hora de la poblaci\u00f3n ocupada\" width=\"896\" height=\"896\" srcset=\"https:\/\/crees.org.do\/wp-content\/uploads\/2023\/05\/2-Untitled-copy-11.png 1080w, https:\/\/crees.org.do\/wp-content\/uploads\/2023\/05\/2-Untitled-copy-11-450x450.png 450w, https:\/\/crees.org.do\/wp-content\/uploads\/2023\/05\/2-Untitled-copy-11-150x150.png 150w, https:\/\/crees.org.do\/wp-content\/uploads\/2023\/05\/2-Untitled-copy-11-768x768.png 768w, https:\/\/crees.org.do\/wp-content\/uploads\/2023\/05\/2-Untitled-copy-11-300x300.png 300w, https:\/\/crees.org.do\/wp-content\/uploads\/2023\/05\/2-Untitled-copy-11-600x600.png 600w, https:\/\/crees.org.do\/wp-content\/uploads\/2023\/05\/2-Untitled-copy-11-100x100.png 100w\" sizes=\"(max-width: 896px) 100vw, 896px\" \/><\/p>\n<h1>Ingresos por hora de la poblaci\u00f3n ocupada<\/h1>\n<p style=\"text-align: justify;\">A pesar de que el ingreso promedio por hora termin\u00f3 el a\u00f1o 2022 siendo 9.4% superior al del 2019, la inflaci\u00f3n de precios ha deprimido lo ingresos en t\u00e9rminos reales.<\/p>\n<p style=\"text-align: justify;\">Los ingresos demandados por los miembros de la fuerza laboral ocupada han experimentado aumentos, tal como lo han hecho los precios de bienes y servicios en la econom\u00eda. El salario es un precio, que tambi\u00e9n tiende a responder con los episodios de inflaci\u00f3n monetaria. Los precios que cobran los cuentapropistas, que son trabajadores que ofrecen sus servicios de forma independiente, tambi\u00e9n tienden a aumentar ante una expansi\u00f3n monetaria.<\/p>\n<p style=\"text-align: justify;\">De acuerdo con la encuesta del BCRD, el ingreso promedio por hora es 11.3% inferior al de finales de 2019, cuando es ajustado por la inflaci\u00f3n.<\/p>\n<p style=\"text-align: justify;\">Ampl\u00eda m\u00e1s sobre esto en &#8220;An\u00e1lisis de las estad\u00edsticas del mercado laboral de la Rep\u00fablica Dominicana, al cuarto trimestre de 2022&#8221;, visitando nuestra p\u00e1gina (crees.org.do).<\/p>\n<p style=\"text-align: justify;\">\n<div class=\"pvc_clear\"><\/div>\n<p class=\"pvc_stats all \" data-element-id=\"24820\" style=\"\"><i class=\"pvc-stats-icon medium\" aria-hidden=\"true\"><svg aria-hidden=\"true\" focusable=\"false\" data-prefix=\"far\" data-icon=\"chart-bar\" role=\"img\" xmlns=\"http:\/\/www.w3.org\/2000\/svg\" viewBox=\"0 0 512 512\" class=\"svg-inline--fa fa-chart-bar fa-w-16 fa-2x\"><path fill=\"currentColor\" d=\"M396.8 352h22.4c6.4 0 12.8-6.4 12.8-12.8V108.8c0-6.4-6.4-12.8-12.8-12.8h-22.4c-6.4 0-12.8 6.4-12.8 12.8v230.4c0 6.4 6.4 12.8 12.8 12.8zm-192 0h22.4c6.4 0 12.8-6.4 12.8-12.8V140.8c0-6.4-6.4-12.8-12.8-12.8h-22.4c-6.4 0-12.8 6.4-12.8 12.8v198.4c0 6.4 6.4 12.8 12.8 12.8zm96 0h22.4c6.4 0 12.8-6.4 12.8-12.8V204.8c0-6.4-6.4-12.8-12.8-12.8h-22.4c-6.4 0-12.8 6.4-12.8 12.8v134.4c0 6.4 6.4 12.8 12.8 12.8zM496 400H48V80c0-8.84-7.16-16-16-16H16C7.16 64 0 71.16 0 80v336c0 17.67 14.33 32 32 32h464c8.84 0 16-7.16 16-16v-16c0-8.84-7.16-16-16-16zm-387.2-48h22.4c6.4 0 12.8-6.4 12.8-12.8v-70.4c0-6.4-6.4-12.8-12.8-12.8h-22.4c-6.4 0-12.8 6.4-12.8 12.8v70.4c0 6.4 6.4 12.8 12.8 12.8z\" class=\"\"><\/path><\/svg><\/i> Vistas Totales&nbsp;1,244&nbsp;, Vistas Hoy&nbsp;2&nbsp;<\/p>\n<div class=\"pvc_clear\"><\/div>\n","protected":false},"excerpt":{"rendered":"<p>Ingresos por hora de la poblaci\u00f3n ocupada A pesar de que el ingreso promedio por hora termin\u00f3 el a\u00f1o 2022 siendo 9.4% superior al del 2019, la inflaci\u00f3n de precios ha deprimido lo ingresos en t\u00e9rminos reales. Los ingresos demandados por los miembros de la fuerza laboral ocupada han experimentado aumentos, tal como lo han&#8230;<\/p>\n<div class=\"pvc_clear\"><\/div>\n<p class=\"pvc_stats all \" data-element-id=\"24820\" style=\"\"><i class=\"pvc-stats-icon medium\" aria-hidden=\"true\"><svg aria-hidden=\"true\" focusable=\"false\" data-prefix=\"far\" data-icon=\"chart-bar\" role=\"img\" xmlns=\"http:\/\/www.w3.org\/2000\/svg\" viewBox=\"0 0 512 512\" class=\"svg-inline--fa fa-chart-bar fa-w-16 fa-2x\"><path fill=\"currentColor\" d=\"M396.8 352h22.4c6.4 0 12.8-6.4 12.8-12.8V108.8c0-6.4-6.4-12.8-12.8-12.8h-22.4c-6.4 0-12.8 6.4-12.8 12.8v230.4c0 6.4 6.4 12.8 12.8 12.8zm-192 0h22.4c6.4 0 12.8-6.4 12.8-12.8V140.8c0-6.4-6.4-12.8-12.8-12.8h-22.4c-6.4 0-12.8 6.4-12.8 12.8v198.4c0 6.4 6.4 12.8 12.8 12.8zm96 0h22.4c6.4 0 12.8-6.4 12.8-12.8V204.8c0-6.4-6.4-12.8-12.8-12.8h-22.4c-6.4 0-12.8 6.4-12.8 12.8v134.4c0 6.4 6.4 12.8 12.8 12.8zM496 400H48V80c0-8.84-7.16-16-16-16H16C7.16 64 0 71.16 0 80v336c0 17.67 14.33 32 32 32h464c8.84 0 16-7.16 16-16v-16c0-8.84-7.16-16-16-16zm-387.2-48h22.4c6.4 0 12.8-6.4 12.8-12.8v-70.4c0-6.4-6.4-12.8-12.8-12.8h-22.4c-6.4 0-12.8 6.4-12.8 12.8v70.4c0 6.4 6.4 12.8 12.8 12.8z\" class=\"\"><\/path><\/svg><\/i> Vistas Totales&nbsp;1,244&nbsp;, Vistas Hoy&nbsp;2&nbsp;<\/p>\n<div class=\"pvc_clear\"><\/div>\n","protected":false},"author":2,"featured_media":24821,"comment_status":"closed","ping_status":"closed","sticky":false,"template":"","format":"standard","meta":{"footnotes":""},"categories":[21],"tags":[137],"class_list":["post-24820","post","type-post","status-publish","format-standard","has-post-thumbnail","hentry","category-blog","tag-ingresos-por-hora-de-la-poblacion-ocupada"],"yoast_head":"<!-- This site is optimized with the Yoast SEO plugin v25.2 - https:\/\/yoast.com\/wordpress\/plugins\/seo\/ -->\n<title>Ingresos por hora de la poblaci\u00f3n ocupada | CREES<\/title>\n<meta name=\"robots\" content=\"index, follow, max-snippet:-1, max-image-preview:large, max-video-preview:-1\" \/>\n<link rel=\"canonical\" href=\"https:\/\/crees.org.do\/?p=24820\" \/>\n<meta property=\"og:locale\" content=\"es_ES\" \/>\n<meta property=\"og:type\" content=\"article\" \/>\n<meta property=\"og:title\" content=\"Ingresos por hora de la poblaci\u00f3n ocupada | CREES\" \/>\n<meta property=\"og:description\" content=\"Ingresos por hora de la poblaci\u00f3n ocupada A pesar de que el ingreso promedio por hora termin\u00f3 el a\u00f1o 2022 siendo 9.4% superior al del 2019, la inflaci\u00f3n de precios ha deprimido lo ingresos en t\u00e9rminos reales. Los ingresos demandados por los miembros de la fuerza laboral ocupada han experimentado aumentos, tal como lo han...\" \/>\n<meta property=\"og:url\" content=\"https:\/\/crees.org.do\/?p=24820\" \/>\n<meta property=\"og:site_name\" content=\"CREES\" \/>\n<meta property=\"article:publisher\" content=\"https:\/\/www.facebook.com\/CREESRD\/\" \/>\n<meta property=\"article:published_time\" content=\"2023-05-02T16:40:28+00:00\" \/>\n<meta property=\"article:modified_time\" content=\"2023-05-05T12:53:08+00:00\" \/>\n<meta property=\"og:image\" content=\"https:\/\/crees.org.do\/wp-content\/uploads\/2023\/05\/2-Untitled-copy-11.png\" \/>\n\t<meta property=\"og:image:width\" content=\"1080\" \/>\n\t<meta property=\"og:image:height\" content=\"1080\" \/>\n\t<meta property=\"og:image:type\" content=\"image\/png\" \/>\n<meta name=\"author\" content=\"Crees\" \/>\n<meta name=\"twitter:card\" content=\"summary_large_image\" \/>\n<meta name=\"twitter:creator\" content=\"@CREESRD\" \/>\n<meta name=\"twitter:site\" content=\"@CREESRD\" \/>\n<meta name=\"twitter:label1\" content=\"Escrito por\" \/>\n\t<meta name=\"twitter:data1\" content=\"Crees\" \/>\n\t<meta name=\"twitter:label2\" content=\"Tiempo de lectura\" \/>\n\t<meta name=\"twitter:data2\" content=\"1 minuto\" \/>\n<script type=\"application\/ld+json\" class=\"yoast-schema-graph\">{\"@context\":\"https:\/\/schema.org\",\"@graph\":[{\"@type\":\"Article\",\"@id\":\"https:\/\/crees.org.do\/?p=24820#article\",\"isPartOf\":{\"@id\":\"https:\/\/crees.org.do\/?p=24820\"},\"author\":{\"name\":\"Crees\",\"@id\":\"https:\/\/crees.org.do\/#\/schema\/person\/e7f97cd94d7bf9cd0e0ce30acb7d56b8\"},\"headline\":\"Ingresos por hora de la poblaci\u00f3n ocupada\",\"datePublished\":\"2023-05-02T16:40:28+00:00\",\"dateModified\":\"2023-05-05T12:53:08+00:00\",\"mainEntityOfPage\":{\"@id\":\"https:\/\/crees.org.do\/?p=24820\"},\"wordCount\":176,\"publisher\":{\"@id\":\"https:\/\/crees.org.do\/#organization\"},\"image\":{\"@id\":\"https:\/\/crees.org.do\/?p=24820#primaryimage\"},\"thumbnailUrl\":\"https:\/\/crees.org.do\/wp-content\/uploads\/2023\/05\/2-Untitled-copy-11.png\",\"keywords\":[\"Ingresos por hora de la poblaci\u00f3n ocupada\"],\"articleSection\":[\"Blog\"],\"inLanguage\":\"es\"},{\"@type\":\"WebPage\",\"@id\":\"https:\/\/crees.org.do\/?p=24820\",\"url\":\"https:\/\/crees.org.do\/?p=24820\",\"name\":\"Ingresos por hora de la poblaci\u00f3n ocupada | CREES\",\"isPartOf\":{\"@id\":\"https:\/\/crees.org.do\/#website\"},\"primaryImageOfPage\":{\"@id\":\"https:\/\/crees.org.do\/?p=24820#primaryimage\"},\"image\":{\"@id\":\"https:\/\/crees.org.do\/?p=24820#primaryimage\"},\"thumbnailUrl\":\"https:\/\/crees.org.do\/wp-content\/uploads\/2023\/05\/2-Untitled-copy-11.png\",\"datePublished\":\"2023-05-02T16:40:28+00:00\",\"dateModified\":\"2023-05-05T12:53:08+00:00\",\"breadcrumb\":{\"@id\":\"https:\/\/crees.org.do\/?p=24820#breadcrumb\"},\"inLanguage\":\"es\",\"potentialAction\":[{\"@type\":\"ReadAction\",\"target\":[\"https:\/\/crees.org.do\/?p=24820\"]}]},{\"@type\":\"ImageObject\",\"inLanguage\":\"es\",\"@id\":\"https:\/\/crees.org.do\/?p=24820#primaryimage\",\"url\":\"https:\/\/crees.org.do\/wp-content\/uploads\/2023\/05\/2-Untitled-copy-11.png\",\"contentUrl\":\"https:\/\/crees.org.do\/wp-content\/uploads\/2023\/05\/2-Untitled-copy-11.png\",\"width\":1080,\"height\":1080,\"caption\":\"Ingresos por hora de la poblaci\u00f3n ocupada\"},{\"@type\":\"BreadcrumbList\",\"@id\":\"https:\/\/crees.org.do\/?p=24820#breadcrumb\",\"itemListElement\":[{\"@type\":\"ListItem\",\"position\":1,\"name\":\"Portada\",\"item\":\"https:\/\/crees.org.do\/\"},{\"@type\":\"ListItem\",\"position\":2,\"name\":\"Ingresos por hora de la poblaci\u00f3n ocupada\"}]},{\"@type\":\"WebSite\",\"@id\":\"https:\/\/crees.org.do\/#website\",\"url\":\"https:\/\/crees.org.do\/\",\"name\":\"CREES\",\"description\":\"Centro Regional de Estrategias Econ\u00f3micas Sostenibles\",\"publisher\":{\"@id\":\"https:\/\/crees.org.do\/#organization\"},\"potentialAction\":[{\"@type\":\"SearchAction\",\"target\":{\"@type\":\"EntryPoint\",\"urlTemplate\":\"https:\/\/crees.org.do\/?s={search_term_string}\"},\"query-input\":{\"@type\":\"PropertyValueSpecification\",\"valueRequired\":true,\"valueName\":\"search_term_string\"}}],\"inLanguage\":\"es\"},{\"@type\":\"Organization\",\"@id\":\"https:\/\/crees.org.do\/#organization\",\"name\":\"CREES | Centro Regional de Estrategias Econ\u00f3micas Sostenibles\",\"url\":\"https:\/\/crees.org.do\/\",\"logo\":{\"@type\":\"ImageObject\",\"inLanguage\":\"es\",\"@id\":\"https:\/\/crees.org.do\/#\/schema\/logo\/image\/\",\"url\":\"https:\/\/crees.org.do\/wp-content\/uploads\/2022\/03\/crees-logo-1.jpg\",\"contentUrl\":\"https:\/\/crees.org.do\/wp-content\/uploads\/2022\/03\/crees-logo-1.jpg\",\"width\":244,\"height\":71,\"caption\":\"CREES | Centro Regional de Estrategias Econ\u00f3micas Sostenibles\"},\"image\":{\"@id\":\"https:\/\/crees.org.do\/#\/schema\/logo\/image\/\"},\"sameAs\":[\"https:\/\/www.facebook.com\/CREESRD\/\",\"https:\/\/x.com\/CREESRD\"]},{\"@type\":\"Person\",\"@id\":\"https:\/\/crees.org.do\/#\/schema\/person\/e7f97cd94d7bf9cd0e0ce30acb7d56b8\",\"name\":\"Crees\",\"image\":{\"@type\":\"ImageObject\",\"inLanguage\":\"es\",\"@id\":\"https:\/\/crees.org.do\/#\/schema\/person\/image\/\",\"url\":\"https:\/\/secure.gravatar.com\/avatar\/390ac8f0be5d9aa046152553e2dd7011b59a512d89c150f5e5f28bb8d9a0b165?s=96&d=mm&r=g\",\"contentUrl\":\"https:\/\/secure.gravatar.com\/avatar\/390ac8f0be5d9aa046152553e2dd7011b59a512d89c150f5e5f28bb8d9a0b165?s=96&d=mm&r=g\",\"caption\":\"Crees\"},\"url\":\"https:\/\/crees.org.do\/?author=2\"}]}<\/script>\n<!-- \/ Yoast SEO plugin. -->","yoast_head_json":{"title":"Ingresos por hora de la poblaci\u00f3n ocupada | CREES","robots":{"index":"index","follow":"follow","max-snippet":"max-snippet:-1","max-image-preview":"max-image-preview:large","max-video-preview":"max-video-preview:-1"},"canonical":"https:\/\/crees.org.do\/?p=24820","og_locale":"es_ES","og_type":"article","og_title":"Ingresos por hora de la poblaci\u00f3n ocupada | CREES","og_description":"Ingresos por hora de la poblaci\u00f3n ocupada A pesar de que el ingreso promedio por hora termin\u00f3 el a\u00f1o 2022 siendo 9.4% superior al del 2019, la inflaci\u00f3n de precios ha deprimido lo ingresos en t\u00e9rminos reales. Los ingresos demandados por los miembros de la fuerza laboral ocupada han experimentado aumentos, tal como lo han...","og_url":"https:\/\/crees.org.do\/?p=24820","og_site_name":"CREES","article_publisher":"https:\/\/www.facebook.com\/CREESRD\/","article_published_time":"2023-05-02T16:40:28+00:00","article_modified_time":"2023-05-05T12:53:08+00:00","og_image":[{"width":1080,"height":1080,"url":"https:\/\/crees.org.do\/wp-content\/uploads\/2023\/05\/2-Untitled-copy-11.png","type":"image\/png"}],"author":"Crees","twitter_card":"summary_large_image","twitter_creator":"@CREESRD","twitter_site":"@CREESRD","twitter_misc":{"Escrito por":"Crees","Tiempo de lectura":"1 minuto"},"schema":{"@context":"https:\/\/schema.org","@graph":[{"@type":"Article","@id":"https:\/\/crees.org.do\/?p=24820#article","isPartOf":{"@id":"https:\/\/crees.org.do\/?p=24820"},"author":{"name":"Crees","@id":"https:\/\/crees.org.do\/#\/schema\/person\/e7f97cd94d7bf9cd0e0ce30acb7d56b8"},"headline":"Ingresos por hora de la poblaci\u00f3n ocupada","datePublished":"2023-05-02T16:40:28+00:00","dateModified":"2023-05-05T12:53:08+00:00","mainEntityOfPage":{"@id":"https:\/\/crees.org.do\/?p=24820"},"wordCount":176,"publisher":{"@id":"https:\/\/crees.org.do\/#organization"},"image":{"@id":"https:\/\/crees.org.do\/?p=24820#primaryimage"},"thumbnailUrl":"https:\/\/crees.org.do\/wp-content\/uploads\/2023\/05\/2-Untitled-copy-11.png","keywords":["Ingresos por hora de la poblaci\u00f3n ocupada"],"articleSection":["Blog"],"inLanguage":"es"},{"@type":"WebPage","@id":"https:\/\/crees.org.do\/?p=24820","url":"https:\/\/crees.org.do\/?p=24820","name":"Ingresos por hora de la poblaci\u00f3n ocupada | CREES","isPartOf":{"@id":"https:\/\/crees.org.do\/#website"},"primaryImageOfPage":{"@id":"https:\/\/crees.org.do\/?p=24820#primaryimage"},"image":{"@id":"https:\/\/crees.org.do\/?p=24820#primaryimage"},"thumbnailUrl":"https:\/\/crees.org.do\/wp-content\/uploads\/2023\/05\/2-Untitled-copy-11.png","datePublished":"2023-05-02T16:40:28+00:00","dateModified":"2023-05-05T12:53:08+00:00","breadcrumb":{"@id":"https:\/\/crees.org.do\/?p=24820#breadcrumb"},"inLanguage":"es","potentialAction":[{"@type":"ReadAction","target":["https:\/\/crees.org.do\/?p=24820"]}]},{"@type":"ImageObject","inLanguage":"es","@id":"https:\/\/crees.org.do\/?p=24820#primaryimage","url":"https:\/\/crees.org.do\/wp-content\/uploads\/2023\/05\/2-Untitled-copy-11.png","contentUrl":"https:\/\/crees.org.do\/wp-content\/uploads\/2023\/05\/2-Untitled-copy-11.png","width":1080,"height":1080,"caption":"Ingresos por hora de la poblaci\u00f3n ocupada"},{"@type":"BreadcrumbList","@id":"https:\/\/crees.org.do\/?p=24820#breadcrumb","itemListElement":[{"@type":"ListItem","position":1,"name":"Portada","item":"https:\/\/crees.org.do\/"},{"@type":"ListItem","position":2,"name":"Ingresos por hora de la poblaci\u00f3n ocupada"}]},{"@type":"WebSite","@id":"https:\/\/crees.org.do\/#website","url":"https:\/\/crees.org.do\/","name":"CREES","description":"Centro Regional de Estrategias Econ\u00f3micas Sostenibles","publisher":{"@id":"https:\/\/crees.org.do\/#organization"},"potentialAction":[{"@type":"SearchAction","target":{"@type":"EntryPoint","urlTemplate":"https:\/\/crees.org.do\/?s={search_term_string}"},"query-input":{"@type":"PropertyValueSpecification","valueRequired":true,"valueName":"search_term_string"}}],"inLanguage":"es"},{"@type":"Organization","@id":"https:\/\/crees.org.do\/#organization","name":"CREES | Centro Regional de Estrategias Econ\u00f3micas Sostenibles","url":"https:\/\/crees.org.do\/","logo":{"@type":"ImageObject","inLanguage":"es","@id":"https:\/\/crees.org.do\/#\/schema\/logo\/image\/","url":"https:\/\/crees.org.do\/wp-content\/uploads\/2022\/03\/crees-logo-1.jpg","contentUrl":"https:\/\/crees.org.do\/wp-content\/uploads\/2022\/03\/crees-logo-1.jpg","width":244,"height":71,"caption":"CREES | Centro Regional de Estrategias Econ\u00f3micas Sostenibles"},"image":{"@id":"https:\/\/crees.org.do\/#\/schema\/logo\/image\/"},"sameAs":["https:\/\/www.facebook.com\/CREESRD\/","https:\/\/x.com\/CREESRD"]},{"@type":"Person","@id":"https:\/\/crees.org.do\/#\/schema\/person\/e7f97cd94d7bf9cd0e0ce30acb7d56b8","name":"Crees","image":{"@type":"ImageObject","inLanguage":"es","@id":"https:\/\/crees.org.do\/#\/schema\/person\/image\/","url":"https:\/\/secure.gravatar.com\/avatar\/390ac8f0be5d9aa046152553e2dd7011b59a512d89c150f5e5f28bb8d9a0b165?s=96&d=mm&r=g","contentUrl":"https:\/\/secure.gravatar.com\/avatar\/390ac8f0be5d9aa046152553e2dd7011b59a512d89c150f5e5f28bb8d9a0b165?s=96&d=mm&r=g","caption":"Crees"},"url":"https:\/\/crees.org.do\/?author=2"}]}},"_links":{"self":[{"href":"https:\/\/crees.org.do\/index.php?rest_route=\/wp\/v2\/posts\/24820","targetHints":{"allow":["GET"]}}],"collection":[{"href":"https:\/\/crees.org.do\/index.php?rest_route=\/wp\/v2\/posts"}],"about":[{"href":"https:\/\/crees.org.do\/index.php?rest_route=\/wp\/v2\/types\/post"}],"author":[{"embeddable":true,"href":"https:\/\/crees.org.do\/index.php?rest_route=\/wp\/v2\/users\/2"}],"replies":[{"embeddable":true,"href":"https:\/\/crees.org.do\/index.php?rest_route=%2Fwp%2Fv2%2Fcomments&post=24820"}],"version-history":[{"count":5,"href":"https:\/\/crees.org.do\/index.php?rest_route=\/wp\/v2\/posts\/24820\/revisions"}],"predecessor-version":[{"id":24847,"href":"https:\/\/crees.org.do\/index.php?rest_route=\/wp\/v2\/posts\/24820\/revisions\/24847"}],"wp:featuredmedia":[{"embeddable":true,"href":"https:\/\/crees.org.do\/index.php?rest_route=\/wp\/v2\/media\/24821"}],"wp:attachment":[{"href":"https:\/\/crees.org.do\/index.php?rest_route=%2Fwp%2Fv2%2Fmedia&parent=24820"}],"wp:term":[{"taxonomy":"category","embeddable":true,"href":"https:\/\/crees.org.do\/index.php?rest_route=%2Fwp%2Fv2%2Fcategories&post=24820"},{"taxonomy":"post_tag","embeddable":true,"href":"https:\/\/crees.org.do\/index.php?rest_route=%2Fwp%2Fv2%2Ftags&post=24820"}],"curies":[{"name":"wp","href":"https:\/\/api.w.org\/{rel}","templated":true}]}}