{"id":24828,"date":"2023-05-04T14:40:58","date_gmt":"2023-05-04T14:40:58","guid":{"rendered":"https:\/\/crees.org.do\/?p=24828"},"modified":"2023-05-04T14:40:58","modified_gmt":"2023-05-04T14:40:58","slug":"empresas-distribuidoras-de-electricidad-mismos-retos-tras-24-anos-de-capitalizacion-del-sector-electrico","status":"publish","type":"post","link":"https:\/\/crees.org.do\/?p=24828","title":{"rendered":"Empresas distribuidoras de electricidad: mismos retos tras 24 a\u00f1os de capitalizaci\u00f3n del sector el\u00e9ctrico"},"content":{"rendered":"<p>Autor: Jairon Severino<\/p>\n<p>Fecha: 4 de mayo del 2023<\/p>\n<p>Extra\u00eddo de: El Dinero<\/p>\n<p style=\"text-align: justify;\">Las cifras que muestran las empresas distribuidoras de electricidad (EDE), que es donde radica el problema del d\u00e9ficit que tanto afecta las finanzas p\u00fablicas, muestran que luego de poco m\u00e1s de dos d\u00e9cadas de haberse iniciado el proceso de capitalizaci\u00f3n del sector el\u00e9ctrico, los principales retos siguen estancados. Las p\u00e9rdidas y los altos gastos operativos compiten por el primer lugar.<\/p>\n<p style=\"text-align: justify;\">Estos son los n\u00fameros al cierre de 2022: Los gastos operativos de las empresas distribuidoras de electricidad cerraron el a\u00f1o pasado en US$406.8 millones, es decir, un 16.3% m\u00e1s respecto a 2021 cuando terminaron en US$349.63 millones. Las inversiones destinadas a reducir las p\u00e9rdidas apenas fueron por US$145.61 millones, lo que significa un 50.7% menos respecto a 2019 cuando el monto destinado a este cap\u00edtulo fue de US$295.5 millones. De hecho, en 2021 fue menor, pues esta partida apenas lleg\u00f3 a US$113.1 millones.<\/p>\n<p style=\"text-align: justify;\">En cuanto a la n\u00f3mina, las EDE aumentaron el personal de 7,575 a 8,090 entre 2021 y 2023, es decir, en 515, lo que equivale a una variaci\u00f3n relativa de un 6.8% en este per\u00edodo. El mayor salto ocurri\u00f3 en mayo junio de 2021, al pasar de 7,618 a 7,749, equivalente a 131, un 25.4% de toda la variaci\u00f3n de los \u00faltimos dos a\u00f1os.<\/p>\n<p style=\"text-align: justify;\">La compra de energ\u00eda de las distribuidoras apenas pas\u00f3 de 16,602.3 gigavatios hora (GVH), en 2021, a 16,597.4 GVH, apenas un aumento relativo de un 2.1%. \u201cEs una verg\u00fcenza que a 24 a\u00f1os de la capitalizaci\u00f3n, los principales retos del sector el\u00e9ctrico siguen siendo los mismos\u201d, consider\u00f3 el experto en energ\u00eda, Bernardo Castellanos, quien fue consultado para que diera sugerencias respecto a lo que \u00e9l considera debe hacerse para mejorar la situaci\u00f3n deficitaria por la que atraviesan las distribuidoras, pero que el mismo tiempo identificara los principales retos del sector.<\/p>\n<p style=\"text-align: justify;\">El Centro Regional de Estrategias Econ\u00f3micas Sostenibles (CREES), utilizando datos a partir del informe de desempe\u00f1o del sector, que publica el Ministerio de Energ\u00eda y Minas, indica que las p\u00e9rdidas durante 2022 alcanzaron el 39.2%. Sin embargo, en un trabajo publicado en este mismo medio, el ministro Antonio Almonte cuestiona la cifra, alegando que realmente fueron de un 32.4%.<\/p>\n<p style=\"text-align: justify;\">Para Castellanos, la ineficiencia y p\u00e9sima gesti\u00f3n en las distribuidoras, con una n\u00f3mina por encima de la necesaria, se traduce en p\u00e9rdidas constantes que deben ser asumidas por el Estado. Se\u00f1ala que por esta raz\u00f3n es que el subsidio al sector alcanz\u00f3 los US$1,800 millones durante el a\u00f1o pasado.<\/p>\n<p style=\"text-align: justify;\">\u201cLa tragedia de esta situaci\u00f3n es que mientras el hoy ministro de Energ\u00eda y Minas era el jefe del equipo el\u00e9ctrico del partido oficial en oposici\u00f3n, denunciaba las deficiencias, p\u00e9sima gesti\u00f3n y exceso de gastos corrientes y empleoman\u00eda. Sin embargo, hoy d\u00eda, cuando debi\u00f3 ser coherente con los planteamientos y pr\u00e9dica del pasado, se ha actuado en sentido contrario\u201d, sostiene.<\/p>\n<p style=\"text-align: justify;\">Refiere que Almonte anteriormente se acog\u00eda al Estudio de Tarifa T\u00e9cnica del 2016, de la empresa chilena Inecon, la cual indica que las EDE pueden ser gestionadas de manera eficiente con 1,800 empleados y un gasto corriente anual de alrededor de US$121 millones. \u201cLos gastos operativos de las EDE han venido aumentando sistem\u00e1ticamente, a\u00f1o tras a\u00f1o, situaci\u00f3n que es diametralmente opuesta a lo que deber\u00eda suceder\u201d, apunt\u00f3 el experto en energ\u00eda.<\/p>\n<h2 style=\"text-align: justify;\">Desempe\u00f1o de las empresas distribuidoras de electricidad<\/h2>\n<p style=\"text-align: justify;\">En lo que respecta al desempe\u00f1o de las EDE, explica su d\u00e9ficit no est\u00e1 exclusivamente relacionado con el incremento normal de la energ\u00eda comprada, sino m\u00e1s bien al aumento de las p\u00e9rdidas y gastos operativos y, obviamente, a la cotizaci\u00f3n de los combustibles. Tambi\u00e9n destaca que \u201cla p\u00e9sima gesti\u00f3n y exceso de gastos operativos y empleoman\u00eda tienen un gran peso en el desastre financiero de las EDE\u201d.<\/p>\n<p style=\"text-align: justify;\">Acerca de si el pa\u00eds superar\u00e1 alg\u00fan d\u00eda el d\u00e9ficit del sector el\u00e9ctrico, afirm\u00f3 que el pa\u00eds est\u00e1 obligado a carabina a resolver la crisis el\u00e9ctrica, pues es de todos conocido que sangran las finanzas p\u00fablicas. Para ello, indic\u00f3, se requiere coherencia y planificaci\u00f3n, contrario a lo ocurrido en estos casi tres a\u00f1os de gesti\u00f3n en el sector el\u00e9ctrico, donde la incoherencia con relaci\u00f3n al discurso de oposici\u00f3n y la improvisaci\u00f3n, han sido la t\u00f3nica de los funcionarios del sector el\u00e9ctrico, unido a la pobre gesti\u00f3n de las distribuidoras.<\/p>\n<p style=\"text-align: justify;\">Castellanos tambi\u00e9n identifica negligencia en la toma de decisiones, como es la compra de carb\u00f3n para Punta Catalina, lo cual gener\u00f3 una \u201csangr\u00eda a las finanzas p\u00fablicas por el orden de los US$200 millones\u201d. Destac\u00f3 tambi\u00e9n la no compra oportuna y material gastable para la EDE. \u201cOtra muestra de negligencia, improvisaci\u00f3n e incoherencia es la ca\u00edda en la inversi\u00f3n anual en programas y proyectos de reducci\u00f3n de p\u00e9rdidas\u201d, se\u00f1al\u00f3.<\/p>\n<h2 style=\"text-align: justify;\">Funci\u00f3n de las instituciones<\/h2>\n<p style=\"text-align: justify;\">Bernardo Castellanos considera que el Ministerio de Energ\u00eda y Minas (MEM) y la Superintendencia de Electricidad (SIE) deben ser los garantes de la institucionalidad y cumplimiento del marco jur\u00eddico. Sin embargo, entiende, ha sucedido todo lo contrario, pues no han cumplido con la Ley General de Electricidad 125-01.<\/p>\n<p style=\"text-align: justify;\">Explica que el MEM y la SIE propiciaron el traspaso ilegal, con su aprobaci\u00f3n, de m\u00e1s de 20 contratos firmados entre generadores y la destruida Corporaci\u00f3n Dominicana de Empresas El\u00e9ctricas Estatales (CDEEE) a las EDE, cuando la Ley 125-01, de manera expl\u00edcita y taxativa, establece que las EDE solo podr\u00e1n firmar contratos de compra de energ\u00eda cuando sean fruto de licitaciones p\u00fablicas y abiertas. Indic\u00f3 que todos los contratos traspasados fueron frutos de negociaciones directas grado a grado entre las partes.<\/p>\n<p style=\"text-align: justify;\">En adici\u00f3n, dice, el MEM y la SIE en una franca violaci\u00f3n a la Ley que establece que las EDE no pueden tener bajo contrato m\u00e1s del 80% de sus respectivas demandas, al autorizar, fomentar y promover el traspaso de los contratos firmados por generadores privados con la CDEEE, las distribuidoras pasaron a tener bajo contrato m\u00e1s del 80% de sus respectivas demandas.<\/p>\n<div class=\"pvc_clear\"><\/div>\n<p class=\"pvc_stats all \" data-element-id=\"24828\" style=\"\"><i class=\"pvc-stats-icon medium\" aria-hidden=\"true\"><svg aria-hidden=\"true\" focusable=\"false\" data-prefix=\"far\" data-icon=\"chart-bar\" role=\"img\" xmlns=\"http:\/\/www.w3.org\/2000\/svg\" viewBox=\"0 0 512 512\" class=\"svg-inline--fa fa-chart-bar fa-w-16 fa-2x\"><path fill=\"currentColor\" d=\"M396.8 352h22.4c6.4 0 12.8-6.4 12.8-12.8V108.8c0-6.4-6.4-12.8-12.8-12.8h-22.4c-6.4 0-12.8 6.4-12.8 12.8v230.4c0 6.4 6.4 12.8 12.8 12.8zm-192 0h22.4c6.4 0 12.8-6.4 12.8-12.8V140.8c0-6.4-6.4-12.8-12.8-12.8h-22.4c-6.4 0-12.8 6.4-12.8 12.8v198.4c0 6.4 6.4 12.8 12.8 12.8zm96 0h22.4c6.4 0 12.8-6.4 12.8-12.8V204.8c0-6.4-6.4-12.8-12.8-12.8h-22.4c-6.4 0-12.8 6.4-12.8 12.8v134.4c0 6.4 6.4 12.8 12.8 12.8zM496 400H48V80c0-8.84-7.16-16-16-16H16C7.16 64 0 71.16 0 80v336c0 17.67 14.33 32 32 32h464c8.84 0 16-7.16 16-16v-16c0-8.84-7.16-16-16-16zm-387.2-48h22.4c6.4 0 12.8-6.4 12.8-12.8v-70.4c0-6.4-6.4-12.8-12.8-12.8h-22.4c-6.4 0-12.8 6.4-12.8 12.8v70.4c0 6.4 6.4 12.8 12.8 12.8z\" class=\"\"><\/path><\/svg><\/i> Vistas Totales&nbsp;1,411&nbsp;, Vistas Hoy&nbsp;6&nbsp;<\/p>\n<div class=\"pvc_clear\"><\/div>\n","protected":false},"excerpt":{"rendered":"<p>Autor: Jairon Severino Fecha: 4 de mayo del 2023 Extra\u00eddo de: El Dinero Las cifras que muestran las empresas distribuidoras de electricidad (EDE), que es donde radica el problema del d\u00e9ficit que tanto afecta las finanzas p\u00fablicas, muestran que luego de poco m\u00e1s de dos d\u00e9cadas de haberse iniciado el proceso de capitalizaci\u00f3n del sector&#8230;<\/p>\n<div class=\"pvc_clear\"><\/div>\n<p class=\"pvc_stats all \" data-element-id=\"24828\" style=\"\"><i class=\"pvc-stats-icon medium\" aria-hidden=\"true\"><svg aria-hidden=\"true\" focusable=\"false\" data-prefix=\"far\" data-icon=\"chart-bar\" role=\"img\" xmlns=\"http:\/\/www.w3.org\/2000\/svg\" viewBox=\"0 0 512 512\" class=\"svg-inline--fa fa-chart-bar fa-w-16 fa-2x\"><path fill=\"currentColor\" d=\"M396.8 352h22.4c6.4 0 12.8-6.4 12.8-12.8V108.8c0-6.4-6.4-12.8-12.8-12.8h-22.4c-6.4 0-12.8 6.4-12.8 12.8v230.4c0 6.4 6.4 12.8 12.8 12.8zm-192 0h22.4c6.4 0 12.8-6.4 12.8-12.8V140.8c0-6.4-6.4-12.8-12.8-12.8h-22.4c-6.4 0-12.8 6.4-12.8 12.8v198.4c0 6.4 6.4 12.8 12.8 12.8zm96 0h22.4c6.4 0 12.8-6.4 12.8-12.8V204.8c0-6.4-6.4-12.8-12.8-12.8h-22.4c-6.4 0-12.8 6.4-12.8 12.8v134.4c0 6.4 6.4 12.8 12.8 12.8zM496 400H48V80c0-8.84-7.16-16-16-16H16C7.16 64 0 71.16 0 80v336c0 17.67 14.33 32 32 32h464c8.84 0 16-7.16 16-16v-16c0-8.84-7.16-16-16-16zm-387.2-48h22.4c6.4 0 12.8-6.4 12.8-12.8v-70.4c0-6.4-6.4-12.8-12.8-12.8h-22.4c-6.4 0-12.8 6.4-12.8 12.8v70.4c0 6.4 6.4 12.8 12.8 12.8z\" class=\"\"><\/path><\/svg><\/i> Vistas Totales&nbsp;1,411&nbsp;, Vistas Hoy&nbsp;6&nbsp;<\/p>\n<div class=\"pvc_clear\"><\/div>\n","protected":false},"author":2,"featured_media":24829,"comment_status":"closed","ping_status":"closed","sticky":false,"template":"","format":"standard","meta":{"footnotes":""},"categories":[19],"tags":[139],"class_list":["post-24828","post","type-post","status-publish","format-standard","has-post-thumbnail","hentry","category-actualidad","tag-empresas-distribuidoras-de-electricidad-mismos-retos-tras-24-anos-de-capitalizacion-del-sector-electrico"],"yoast_head":"<!-- This site is optimized with the Yoast SEO plugin v25.2 - https:\/\/yoast.com\/wordpress\/plugins\/seo\/ -->\n<title>Empresas distribuidoras de electricidad: mismos retos tras 24 a\u00f1os de capitalizaci\u00f3n del sector el\u00e9ctrico | CREES<\/title>\n<meta name=\"robots\" content=\"index, follow, max-snippet:-1, max-image-preview:large, max-video-preview:-1\" \/>\n<link rel=\"canonical\" href=\"https:\/\/crees.org.do\/?p=24828\" \/>\n<meta property=\"og:locale\" content=\"es_ES\" \/>\n<meta property=\"og:type\" content=\"article\" \/>\n<meta property=\"og:title\" content=\"Empresas distribuidoras de electricidad: mismos retos tras 24 a\u00f1os de capitalizaci\u00f3n del sector el\u00e9ctrico | CREES\" \/>\n<meta property=\"og:description\" content=\"Autor: Jairon Severino Fecha: 4 de mayo del 2023 Extra\u00eddo de: El Dinero Las cifras que muestran las empresas distribuidoras de electricidad (EDE), que es donde radica el problema del d\u00e9ficit que tanto afecta las finanzas p\u00fablicas, muestran que luego de poco m\u00e1s de dos d\u00e9cadas de haberse iniciado el proceso de capitalizaci\u00f3n del sector...\" \/>\n<meta property=\"og:url\" content=\"https:\/\/crees.org.do\/?p=24828\" \/>\n<meta property=\"og:site_name\" content=\"CREES\" \/>\n<meta property=\"article:publisher\" content=\"https:\/\/www.facebook.com\/CREESRD\/\" \/>\n<meta property=\"article:published_time\" content=\"2023-05-04T14:40:58+00:00\" \/>\n<meta property=\"og:image\" content=\"https:\/\/crees.org.do\/wp-content\/uploads\/2023\/05\/perdidas-empresas-distribuidoras-de-electricidad-1140x570-1.jpg\" \/>\n\t<meta property=\"og:image:width\" content=\"1140\" \/>\n\t<meta property=\"og:image:height\" content=\"570\" \/>\n\t<meta property=\"og:image:type\" content=\"image\/jpeg\" \/>\n<meta name=\"author\" content=\"Crees\" \/>\n<meta name=\"twitter:card\" content=\"summary_large_image\" \/>\n<meta name=\"twitter:creator\" content=\"@CREESRD\" \/>\n<meta name=\"twitter:site\" content=\"@CREESRD\" \/>\n<meta name=\"twitter:label1\" content=\"Escrito por\" \/>\n\t<meta name=\"twitter:data1\" content=\"Crees\" \/>\n\t<meta name=\"twitter:label2\" content=\"Tiempo de lectura\" \/>\n\t<meta name=\"twitter:data2\" content=\"5 minutos\" \/>\n<script type=\"application\/ld+json\" class=\"yoast-schema-graph\">{\"@context\":\"https:\/\/schema.org\",\"@graph\":[{\"@type\":\"Article\",\"@id\":\"https:\/\/crees.org.do\/?p=24828#article\",\"isPartOf\":{\"@id\":\"https:\/\/crees.org.do\/?p=24828\"},\"author\":{\"name\":\"Crees\",\"@id\":\"https:\/\/crees.org.do\/#\/schema\/person\/e7f97cd94d7bf9cd0e0ce30acb7d56b8\"},\"headline\":\"Empresas distribuidoras de electricidad: mismos retos tras 24 a\u00f1os de capitalizaci\u00f3n del sector el\u00e9ctrico\",\"datePublished\":\"2023-05-04T14:40:58+00:00\",\"mainEntityOfPage\":{\"@id\":\"https:\/\/crees.org.do\/?p=24828\"},\"wordCount\":1069,\"publisher\":{\"@id\":\"https:\/\/crees.org.do\/#organization\"},\"image\":{\"@id\":\"https:\/\/crees.org.do\/?p=24828#primaryimage\"},\"thumbnailUrl\":\"https:\/\/crees.org.do\/wp-content\/uploads\/2023\/05\/perdidas-empresas-distribuidoras-de-electricidad-1140x570-1.jpg\",\"keywords\":[\"Empresas distribuidoras de electricidad: mismos retos tras 24 a\u00f1os de capitalizaci\u00f3n del sector el\u00e9ctrico\"],\"articleSection\":[\"Actualidad\"],\"inLanguage\":\"es\"},{\"@type\":\"WebPage\",\"@id\":\"https:\/\/crees.org.do\/?p=24828\",\"url\":\"https:\/\/crees.org.do\/?p=24828\",\"name\":\"Empresas distribuidoras de electricidad: mismos retos tras 24 a\u00f1os de capitalizaci\u00f3n del sector el\u00e9ctrico | CREES\",\"isPartOf\":{\"@id\":\"https:\/\/crees.org.do\/#website\"},\"primaryImageOfPage\":{\"@id\":\"https:\/\/crees.org.do\/?p=24828#primaryimage\"},\"image\":{\"@id\":\"https:\/\/crees.org.do\/?p=24828#primaryimage\"},\"thumbnailUrl\":\"https:\/\/crees.org.do\/wp-content\/uploads\/2023\/05\/perdidas-empresas-distribuidoras-de-electricidad-1140x570-1.jpg\",\"datePublished\":\"2023-05-04T14:40:58+00:00\",\"breadcrumb\":{\"@id\":\"https:\/\/crees.org.do\/?p=24828#breadcrumb\"},\"inLanguage\":\"es\",\"potentialAction\":[{\"@type\":\"ReadAction\",\"target\":[\"https:\/\/crees.org.do\/?p=24828\"]}]},{\"@type\":\"ImageObject\",\"inLanguage\":\"es\",\"@id\":\"https:\/\/crees.org.do\/?p=24828#primaryimage\",\"url\":\"https:\/\/crees.org.do\/wp-content\/uploads\/2023\/05\/perdidas-empresas-distribuidoras-de-electricidad-1140x570-1.jpg\",\"contentUrl\":\"https:\/\/crees.org.do\/wp-content\/uploads\/2023\/05\/perdidas-empresas-distribuidoras-de-electricidad-1140x570-1.jpg\",\"width\":1140,\"height\":570,\"caption\":\"Empresas distribuidoras de electricidad: mismos retos tras 24 a\u00f1os de capitalizaci\u00f3n del sector el\u00e9ctrico\"},{\"@type\":\"BreadcrumbList\",\"@id\":\"https:\/\/crees.org.do\/?p=24828#breadcrumb\",\"itemListElement\":[{\"@type\":\"ListItem\",\"position\":1,\"name\":\"Portada\",\"item\":\"https:\/\/crees.org.do\/\"},{\"@type\":\"ListItem\",\"position\":2,\"name\":\"Empresas distribuidoras de electricidad: mismos retos tras 24 a\u00f1os de capitalizaci\u00f3n del sector el\u00e9ctrico\"}]},{\"@type\":\"WebSite\",\"@id\":\"https:\/\/crees.org.do\/#website\",\"url\":\"https:\/\/crees.org.do\/\",\"name\":\"CREES\",\"description\":\"Centro Regional de Estrategias Econ\u00f3micas Sostenibles\",\"publisher\":{\"@id\":\"https:\/\/crees.org.do\/#organization\"},\"potentialAction\":[{\"@type\":\"SearchAction\",\"target\":{\"@type\":\"EntryPoint\",\"urlTemplate\":\"https:\/\/crees.org.do\/?s={search_term_string}\"},\"query-input\":{\"@type\":\"PropertyValueSpecification\",\"valueRequired\":true,\"valueName\":\"search_term_string\"}}],\"inLanguage\":\"es\"},{\"@type\":\"Organization\",\"@id\":\"https:\/\/crees.org.do\/#organization\",\"name\":\"CREES | Centro Regional de Estrategias Econ\u00f3micas Sostenibles\",\"url\":\"https:\/\/crees.org.do\/\",\"logo\":{\"@type\":\"ImageObject\",\"inLanguage\":\"es\",\"@id\":\"https:\/\/crees.org.do\/#\/schema\/logo\/image\/\",\"url\":\"https:\/\/crees.org.do\/wp-content\/uploads\/2022\/03\/crees-logo-1.jpg\",\"contentUrl\":\"https:\/\/crees.org.do\/wp-content\/uploads\/2022\/03\/crees-logo-1.jpg\",\"width\":244,\"height\":71,\"caption\":\"CREES | Centro Regional de Estrategias Econ\u00f3micas Sostenibles\"},\"image\":{\"@id\":\"https:\/\/crees.org.do\/#\/schema\/logo\/image\/\"},\"sameAs\":[\"https:\/\/www.facebook.com\/CREESRD\/\",\"https:\/\/x.com\/CREESRD\"]},{\"@type\":\"Person\",\"@id\":\"https:\/\/crees.org.do\/#\/schema\/person\/e7f97cd94d7bf9cd0e0ce30acb7d56b8\",\"name\":\"Crees\",\"image\":{\"@type\":\"ImageObject\",\"inLanguage\":\"es\",\"@id\":\"https:\/\/crees.org.do\/#\/schema\/person\/image\/\",\"url\":\"https:\/\/secure.gravatar.com\/avatar\/390ac8f0be5d9aa046152553e2dd7011b59a512d89c150f5e5f28bb8d9a0b165?s=96&d=mm&r=g\",\"contentUrl\":\"https:\/\/secure.gravatar.com\/avatar\/390ac8f0be5d9aa046152553e2dd7011b59a512d89c150f5e5f28bb8d9a0b165?s=96&d=mm&r=g\",\"caption\":\"Crees\"},\"url\":\"https:\/\/crees.org.do\/?author=2\"}]}<\/script>\n<!-- \/ Yoast SEO plugin. -->","yoast_head_json":{"title":"Empresas distribuidoras de electricidad: mismos retos tras 24 a\u00f1os de capitalizaci\u00f3n del sector el\u00e9ctrico | CREES","robots":{"index":"index","follow":"follow","max-snippet":"max-snippet:-1","max-image-preview":"max-image-preview:large","max-video-preview":"max-video-preview:-1"},"canonical":"https:\/\/crees.org.do\/?p=24828","og_locale":"es_ES","og_type":"article","og_title":"Empresas distribuidoras de electricidad: mismos retos tras 24 a\u00f1os de capitalizaci\u00f3n del sector el\u00e9ctrico | CREES","og_description":"Autor: Jairon Severino Fecha: 4 de mayo del 2023 Extra\u00eddo de: El Dinero Las cifras que muestran las empresas distribuidoras de electricidad (EDE), que es donde radica el problema del d\u00e9ficit que tanto afecta las finanzas p\u00fablicas, muestran que luego de poco m\u00e1s de dos d\u00e9cadas de haberse iniciado el proceso de capitalizaci\u00f3n del sector...","og_url":"https:\/\/crees.org.do\/?p=24828","og_site_name":"CREES","article_publisher":"https:\/\/www.facebook.com\/CREESRD\/","article_published_time":"2023-05-04T14:40:58+00:00","og_image":[{"width":1140,"height":570,"url":"https:\/\/crees.org.do\/wp-content\/uploads\/2023\/05\/perdidas-empresas-distribuidoras-de-electricidad-1140x570-1.jpg","type":"image\/jpeg"}],"author":"Crees","twitter_card":"summary_large_image","twitter_creator":"@CREESRD","twitter_site":"@CREESRD","twitter_misc":{"Escrito por":"Crees","Tiempo de lectura":"5 minutos"},"schema":{"@context":"https:\/\/schema.org","@graph":[{"@type":"Article","@id":"https:\/\/crees.org.do\/?p=24828#article","isPartOf":{"@id":"https:\/\/crees.org.do\/?p=24828"},"author":{"name":"Crees","@id":"https:\/\/crees.org.do\/#\/schema\/person\/e7f97cd94d7bf9cd0e0ce30acb7d56b8"},"headline":"Empresas distribuidoras de electricidad: mismos retos tras 24 a\u00f1os de capitalizaci\u00f3n del sector el\u00e9ctrico","datePublished":"2023-05-04T14:40:58+00:00","mainEntityOfPage":{"@id":"https:\/\/crees.org.do\/?p=24828"},"wordCount":1069,"publisher":{"@id":"https:\/\/crees.org.do\/#organization"},"image":{"@id":"https:\/\/crees.org.do\/?p=24828#primaryimage"},"thumbnailUrl":"https:\/\/crees.org.do\/wp-content\/uploads\/2023\/05\/perdidas-empresas-distribuidoras-de-electricidad-1140x570-1.jpg","keywords":["Empresas distribuidoras de electricidad: mismos retos tras 24 a\u00f1os de capitalizaci\u00f3n del sector el\u00e9ctrico"],"articleSection":["Actualidad"],"inLanguage":"es"},{"@type":"WebPage","@id":"https:\/\/crees.org.do\/?p=24828","url":"https:\/\/crees.org.do\/?p=24828","name":"Empresas distribuidoras de electricidad: mismos retos tras 24 a\u00f1os de capitalizaci\u00f3n del sector el\u00e9ctrico | CREES","isPartOf":{"@id":"https:\/\/crees.org.do\/#website"},"primaryImageOfPage":{"@id":"https:\/\/crees.org.do\/?p=24828#primaryimage"},"image":{"@id":"https:\/\/crees.org.do\/?p=24828#primaryimage"},"thumbnailUrl":"https:\/\/crees.org.do\/wp-content\/uploads\/2023\/05\/perdidas-empresas-distribuidoras-de-electricidad-1140x570-1.jpg","datePublished":"2023-05-04T14:40:58+00:00","breadcrumb":{"@id":"https:\/\/crees.org.do\/?p=24828#breadcrumb"},"inLanguage":"es","potentialAction":[{"@type":"ReadAction","target":["https:\/\/crees.org.do\/?p=24828"]}]},{"@type":"ImageObject","inLanguage":"es","@id":"https:\/\/crees.org.do\/?p=24828#primaryimage","url":"https:\/\/crees.org.do\/wp-content\/uploads\/2023\/05\/perdidas-empresas-distribuidoras-de-electricidad-1140x570-1.jpg","contentUrl":"https:\/\/crees.org.do\/wp-content\/uploads\/2023\/05\/perdidas-empresas-distribuidoras-de-electricidad-1140x570-1.jpg","width":1140,"height":570,"caption":"Empresas distribuidoras de electricidad: mismos retos tras 24 a\u00f1os de capitalizaci\u00f3n del sector el\u00e9ctrico"},{"@type":"BreadcrumbList","@id":"https:\/\/crees.org.do\/?p=24828#breadcrumb","itemListElement":[{"@type":"ListItem","position":1,"name":"Portada","item":"https:\/\/crees.org.do\/"},{"@type":"ListItem","position":2,"name":"Empresas distribuidoras de electricidad: mismos retos tras 24 a\u00f1os de capitalizaci\u00f3n del sector el\u00e9ctrico"}]},{"@type":"WebSite","@id":"https:\/\/crees.org.do\/#website","url":"https:\/\/crees.org.do\/","name":"CREES","description":"Centro Regional de Estrategias Econ\u00f3micas Sostenibles","publisher":{"@id":"https:\/\/crees.org.do\/#organization"},"potentialAction":[{"@type":"SearchAction","target":{"@type":"EntryPoint","urlTemplate":"https:\/\/crees.org.do\/?s={search_term_string}"},"query-input":{"@type":"PropertyValueSpecification","valueRequired":true,"valueName":"search_term_string"}}],"inLanguage":"es"},{"@type":"Organization","@id":"https:\/\/crees.org.do\/#organization","name":"CREES | Centro Regional de Estrategias Econ\u00f3micas Sostenibles","url":"https:\/\/crees.org.do\/","logo":{"@type":"ImageObject","inLanguage":"es","@id":"https:\/\/crees.org.do\/#\/schema\/logo\/image\/","url":"https:\/\/crees.org.do\/wp-content\/uploads\/2022\/03\/crees-logo-1.jpg","contentUrl":"https:\/\/crees.org.do\/wp-content\/uploads\/2022\/03\/crees-logo-1.jpg","width":244,"height":71,"caption":"CREES | Centro Regional de Estrategias Econ\u00f3micas Sostenibles"},"image":{"@id":"https:\/\/crees.org.do\/#\/schema\/logo\/image\/"},"sameAs":["https:\/\/www.facebook.com\/CREESRD\/","https:\/\/x.com\/CREESRD"]},{"@type":"Person","@id":"https:\/\/crees.org.do\/#\/schema\/person\/e7f97cd94d7bf9cd0e0ce30acb7d56b8","name":"Crees","image":{"@type":"ImageObject","inLanguage":"es","@id":"https:\/\/crees.org.do\/#\/schema\/person\/image\/","url":"https:\/\/secure.gravatar.com\/avatar\/390ac8f0be5d9aa046152553e2dd7011b59a512d89c150f5e5f28bb8d9a0b165?s=96&d=mm&r=g","contentUrl":"https:\/\/secure.gravatar.com\/avatar\/390ac8f0be5d9aa046152553e2dd7011b59a512d89c150f5e5f28bb8d9a0b165?s=96&d=mm&r=g","caption":"Crees"},"url":"https:\/\/crees.org.do\/?author=2"}]}},"_links":{"self":[{"href":"https:\/\/crees.org.do\/index.php?rest_route=\/wp\/v2\/posts\/24828","targetHints":{"allow":["GET"]}}],"collection":[{"href":"https:\/\/crees.org.do\/index.php?rest_route=\/wp\/v2\/posts"}],"about":[{"href":"https:\/\/crees.org.do\/index.php?rest_route=\/wp\/v2\/types\/post"}],"author":[{"embeddable":true,"href":"https:\/\/crees.org.do\/index.php?rest_route=\/wp\/v2\/users\/2"}],"replies":[{"embeddable":true,"href":"https:\/\/crees.org.do\/index.php?rest_route=%2Fwp%2Fv2%2Fcomments&post=24828"}],"version-history":[{"count":1,"href":"https:\/\/crees.org.do\/index.php?rest_route=\/wp\/v2\/posts\/24828\/revisions"}],"predecessor-version":[{"id":24830,"href":"https:\/\/crees.org.do\/index.php?rest_route=\/wp\/v2\/posts\/24828\/revisions\/24830"}],"wp:featuredmedia":[{"embeddable":true,"href":"https:\/\/crees.org.do\/index.php?rest_route=\/wp\/v2\/media\/24829"}],"wp:attachment":[{"href":"https:\/\/crees.org.do\/index.php?rest_route=%2Fwp%2Fv2%2Fmedia&parent=24828"}],"wp:term":[{"taxonomy":"category","embeddable":true,"href":"https:\/\/crees.org.do\/index.php?rest_route=%2Fwp%2Fv2%2Fcategories&post=24828"},{"taxonomy":"post_tag","embeddable":true,"href":"https:\/\/crees.org.do\/index.php?rest_route=%2Fwp%2Fv2%2Ftags&post=24828"}],"curies":[{"name":"wp","href":"https:\/\/api.w.org\/{rel}","templated":true}]}}