{"id":24971,"date":"2023-05-30T17:05:16","date_gmt":"2023-05-30T17:05:16","guid":{"rendered":"https:\/\/crees.org.do\/?p=24971"},"modified":"2023-05-30T17:05:16","modified_gmt":"2023-05-30T17:05:16","slug":"republica-dominicana-ocupa-el-quinto-puesto-regional-en-el-indice-de-calidad-institucional","status":"publish","type":"post","link":"https:\/\/crees.org.do\/?p=24971","title":{"rendered":"Rep\u00fablica Dominicana ocupa el quinto puesto regional en el \u00cdndice de Calidad Institucional"},"content":{"rendered":"<h2><img fetchpriority=\"high\" decoding=\"async\" class=\"aligncenter wp-image-24972\" src=\"https:\/\/crees.org.do\/wp-content\/uploads\/2023\/05\/Slide-1-copy-5.jpg\" alt=\"\" width=\"698\" height=\"698\" srcset=\"https:\/\/crees.org.do\/wp-content\/uploads\/2023\/05\/Slide-1-copy-5.jpg 1080w, https:\/\/crees.org.do\/wp-content\/uploads\/2023\/05\/Slide-1-copy-5-450x450.jpg 450w, https:\/\/crees.org.do\/wp-content\/uploads\/2023\/05\/Slide-1-copy-5-150x150.jpg 150w, https:\/\/crees.org.do\/wp-content\/uploads\/2023\/05\/Slide-1-copy-5-768x768.jpg 768w, https:\/\/crees.org.do\/wp-content\/uploads\/2023\/05\/Slide-1-copy-5-300x300.jpg 300w, https:\/\/crees.org.do\/wp-content\/uploads\/2023\/05\/Slide-1-copy-5-600x600.jpg 600w, https:\/\/crees.org.do\/wp-content\/uploads\/2023\/05\/Slide-1-copy-5-100x100.jpg 100w\" sizes=\"(max-width: 698px) 100vw, 698px\" \/><\/h2>\n<h2>Rep\u00fablica Dominicana ocupa el quinto puesto regional en el \u00cdndice de Calidad Institucional<\/h2>\n<p style=\"text-align: justify;\">De acuerdo con los resultados del \u00cdndice de Calidad Institucional (ICI) 2023, la Rep\u00fablica Dominicana ocupa la quinta posici\u00f3n en la regi\u00f3n de Am\u00e9rica Latina y la 69 a nivel mundial, con una puntuaci\u00f3n de 0.554. Esto significa una mejora para el pa\u00eds de 1 posici\u00f3n a nivel regional y 11 posiciones a nivel global; ubic\u00e1ndose como uno de los pa\u00edses de la regi\u00f3n que m\u00e1s ascendi\u00f3 en el ranking global.<\/p>\n<p style=\"text-align: justify;\">El ICI califica los pa\u00edses a partir de la solidez de sus instituciones, tomando en cuenta su calificaci\u00f3n en los sub\u00edndices de instituciones de mercado e instituciones pol\u00edticas. Para calcular estos sub\u00edndices, la Fundaci\u00f3n Libertad y Progreso toma en cuenta los siguientes factores: vigencia del Estado de Derecho, la rendici\u00f3n de cuentas de los gobiernos, libertad de prensa, percepci\u00f3n de la corrupci\u00f3n, competitividad, libertad econ\u00f3mica y facilidad para hacer negocios. La calificaci\u00f3n general del ICI es el promedio simple de ambos sub\u00edndices.<\/p>\n<p style=\"text-align: justify;\">En el sub\u00edndice de instituciones de mercado, la Rep\u00fablica Dominicana mejor\u00f3 su puntuaci\u00f3n, pasando de un 0.530 en 2022 a un 0.551 en 2023. En el sub\u00edndice de instituciones pol\u00edticas tambi\u00e9n registr\u00f3 una mejor\u00eda en su puntuaci\u00f3n, pasando de 0.507 a 0.556 entre 2022 y 2023.<\/p>\n<p style=\"text-align: justify;\">Los pa\u00edses que lideran en la regi\u00f3n en t\u00e9rminos de calidad institucional son Chile (0.780), Uruguay (0.775) y Costa Rica (0.764); mientras que Hait\u00ed (0.207), Nicaragua (0.203) y Venezuela (0.037) son los pa\u00edses con instituciones m\u00e1s d\u00e9biles.<\/p>\n<p style=\"text-align: justify;\">En sentido general, los pa\u00edses de la regi\u00f3n han registrado un deterioro en su calificaci\u00f3n dentro del ICI, que se ve explicado por una disminuci\u00f3n en la calificaci\u00f3n de instituciones pol\u00edticas.<\/p>\n<p style=\"text-align: justify;\">La calidad institucional es clave para el desarrollo econ\u00f3mico y social. Un marco institucional sano garantiza los derechos a la vida, la libertad, la propiedad, la igualdad ante la ley, el cumplimiento de contratos y la separaci\u00f3n de los poderes del Estado para que act\u00faen como contrapesos entre s\u00ed. Adem\u00e1s, crea un ambiente propicio, con los incentivos necesarios para fomentar la inversi\u00f3n.<\/p>\n<div class=\"pvc_clear\"><\/div>\n<p class=\"pvc_stats all \" data-element-id=\"24971\" style=\"\"><i class=\"pvc-stats-icon medium\" aria-hidden=\"true\"><svg aria-hidden=\"true\" focusable=\"false\" data-prefix=\"far\" data-icon=\"chart-bar\" role=\"img\" xmlns=\"http:\/\/www.w3.org\/2000\/svg\" viewBox=\"0 0 512 512\" class=\"svg-inline--fa fa-chart-bar fa-w-16 fa-2x\"><path fill=\"currentColor\" d=\"M396.8 352h22.4c6.4 0 12.8-6.4 12.8-12.8V108.8c0-6.4-6.4-12.8-12.8-12.8h-22.4c-6.4 0-12.8 6.4-12.8 12.8v230.4c0 6.4 6.4 12.8 12.8 12.8zm-192 0h22.4c6.4 0 12.8-6.4 12.8-12.8V140.8c0-6.4-6.4-12.8-12.8-12.8h-22.4c-6.4 0-12.8 6.4-12.8 12.8v198.4c0 6.4 6.4 12.8 12.8 12.8zm96 0h22.4c6.4 0 12.8-6.4 12.8-12.8V204.8c0-6.4-6.4-12.8-12.8-12.8h-22.4c-6.4 0-12.8 6.4-12.8 12.8v134.4c0 6.4 6.4 12.8 12.8 12.8zM496 400H48V80c0-8.84-7.16-16-16-16H16C7.16 64 0 71.16 0 80v336c0 17.67 14.33 32 32 32h464c8.84 0 16-7.16 16-16v-16c0-8.84-7.16-16-16-16zm-387.2-48h22.4c6.4 0 12.8-6.4 12.8-12.8v-70.4c0-6.4-6.4-12.8-12.8-12.8h-22.4c-6.4 0-12.8 6.4-12.8 12.8v70.4c0 6.4 6.4 12.8 12.8 12.8z\" class=\"\"><\/path><\/svg><\/i> Vistas Totales&nbsp;2,744&nbsp;, Vistas Hoy&nbsp;4&nbsp;<\/p>\n<div class=\"pvc_clear\"><\/div>\n","protected":false},"excerpt":{"rendered":"<p>Rep\u00fablica Dominicana ocupa el quinto puesto regional en el \u00cdndice de Calidad Institucional De acuerdo con los resultados del \u00cdndice de Calidad Institucional (ICI) 2023, la Rep\u00fablica Dominicana ocupa la quinta posici\u00f3n en la regi\u00f3n de Am\u00e9rica Latina y la 69 a nivel mundial, con una puntuaci\u00f3n de 0.554. Esto significa una mejora para el&#8230;<\/p>\n<div class=\"pvc_clear\"><\/div>\n<p class=\"pvc_stats all \" data-element-id=\"24971\" style=\"\"><i class=\"pvc-stats-icon medium\" aria-hidden=\"true\"><svg aria-hidden=\"true\" focusable=\"false\" data-prefix=\"far\" data-icon=\"chart-bar\" role=\"img\" xmlns=\"http:\/\/www.w3.org\/2000\/svg\" viewBox=\"0 0 512 512\" class=\"svg-inline--fa fa-chart-bar fa-w-16 fa-2x\"><path fill=\"currentColor\" d=\"M396.8 352h22.4c6.4 0 12.8-6.4 12.8-12.8V108.8c0-6.4-6.4-12.8-12.8-12.8h-22.4c-6.4 0-12.8 6.4-12.8 12.8v230.4c0 6.4 6.4 12.8 12.8 12.8zm-192 0h22.4c6.4 0 12.8-6.4 12.8-12.8V140.8c0-6.4-6.4-12.8-12.8-12.8h-22.4c-6.4 0-12.8 6.4-12.8 12.8v198.4c0 6.4 6.4 12.8 12.8 12.8zm96 0h22.4c6.4 0 12.8-6.4 12.8-12.8V204.8c0-6.4-6.4-12.8-12.8-12.8h-22.4c-6.4 0-12.8 6.4-12.8 12.8v134.4c0 6.4 6.4 12.8 12.8 12.8zM496 400H48V80c0-8.84-7.16-16-16-16H16C7.16 64 0 71.16 0 80v336c0 17.67 14.33 32 32 32h464c8.84 0 16-7.16 16-16v-16c0-8.84-7.16-16-16-16zm-387.2-48h22.4c6.4 0 12.8-6.4 12.8-12.8v-70.4c0-6.4-6.4-12.8-12.8-12.8h-22.4c-6.4 0-12.8 6.4-12.8 12.8v70.4c0 6.4 6.4 12.8 12.8 12.8z\" class=\"\"><\/path><\/svg><\/i> Vistas Totales&nbsp;2,744&nbsp;, Vistas Hoy&nbsp;4&nbsp;<\/p>\n<div class=\"pvc_clear\"><\/div>\n","protected":false},"author":2,"featured_media":24972,"comment_status":"closed","ping_status":"closed","sticky":false,"template":"","format":"standard","meta":{"footnotes":""},"categories":[21],"tags":[],"class_list":["post-24971","post","type-post","status-publish","format-standard","has-post-thumbnail","hentry","category-blog"],"yoast_head":"<!-- This site is optimized with the Yoast SEO plugin v25.2 - https:\/\/yoast.com\/wordpress\/plugins\/seo\/ -->\n<title>Rep\u00fablica Dominicana ocupa el quinto puesto regional en el \u00cdndice de Calidad Institucional | CREES<\/title>\n<meta name=\"robots\" content=\"index, follow, max-snippet:-1, max-image-preview:large, max-video-preview:-1\" \/>\n<link rel=\"canonical\" href=\"https:\/\/crees.org.do\/?p=24971\" \/>\n<meta property=\"og:locale\" content=\"es_ES\" \/>\n<meta property=\"og:type\" content=\"article\" \/>\n<meta property=\"og:title\" content=\"Rep\u00fablica Dominicana ocupa el quinto puesto regional en el \u00cdndice de Calidad Institucional | CREES\" \/>\n<meta property=\"og:description\" content=\"Rep\u00fablica Dominicana ocupa el quinto puesto regional en el \u00cdndice de Calidad Institucional De acuerdo con los resultados del \u00cdndice de Calidad Institucional (ICI) 2023, la Rep\u00fablica Dominicana ocupa la quinta posici\u00f3n en la regi\u00f3n de Am\u00e9rica Latina y la 69 a nivel mundial, con una puntuaci\u00f3n de 0.554. Esto significa una mejora para el...\" \/>\n<meta property=\"og:url\" content=\"https:\/\/crees.org.do\/?p=24971\" \/>\n<meta property=\"og:site_name\" content=\"CREES\" \/>\n<meta property=\"article:publisher\" content=\"https:\/\/www.facebook.com\/CREESRD\/\" \/>\n<meta property=\"article:published_time\" content=\"2023-05-30T17:05:16+00:00\" \/>\n<meta property=\"og:image\" content=\"https:\/\/crees.org.do\/wp-content\/uploads\/2023\/05\/Slide-1-copy-5.jpg\" \/>\n\t<meta property=\"og:image:width\" content=\"1080\" \/>\n\t<meta property=\"og:image:height\" content=\"1080\" \/>\n\t<meta property=\"og:image:type\" content=\"image\/jpeg\" \/>\n<meta name=\"author\" content=\"Crees\" \/>\n<meta name=\"twitter:card\" content=\"summary_large_image\" \/>\n<meta name=\"twitter:creator\" content=\"@CREESRD\" \/>\n<meta name=\"twitter:site\" content=\"@CREESRD\" \/>\n<meta name=\"twitter:label1\" content=\"Escrito por\" \/>\n\t<meta name=\"twitter:data1\" content=\"Crees\" \/>\n\t<meta name=\"twitter:label2\" content=\"Tiempo de lectura\" \/>\n\t<meta name=\"twitter:data2\" content=\"2 minutos\" \/>\n<script type=\"application\/ld+json\" class=\"yoast-schema-graph\">{\"@context\":\"https:\/\/schema.org\",\"@graph\":[{\"@type\":\"Article\",\"@id\":\"https:\/\/crees.org.do\/?p=24971#article\",\"isPartOf\":{\"@id\":\"https:\/\/crees.org.do\/?p=24971\"},\"author\":{\"name\":\"Crees\",\"@id\":\"https:\/\/crees.org.do\/#\/schema\/person\/e7f97cd94d7bf9cd0e0ce30acb7d56b8\"},\"headline\":\"Rep\u00fablica Dominicana ocupa el quinto puesto regional en el \u00cdndice de Calidad Institucional\",\"datePublished\":\"2023-05-30T17:05:16+00:00\",\"mainEntityOfPage\":{\"@id\":\"https:\/\/crees.org.do\/?p=24971\"},\"wordCount\":386,\"publisher\":{\"@id\":\"https:\/\/crees.org.do\/#organization\"},\"image\":{\"@id\":\"https:\/\/crees.org.do\/?p=24971#primaryimage\"},\"thumbnailUrl\":\"https:\/\/crees.org.do\/wp-content\/uploads\/2023\/05\/Slide-1-copy-5.jpg\",\"articleSection\":[\"Blog\"],\"inLanguage\":\"es\"},{\"@type\":\"WebPage\",\"@id\":\"https:\/\/crees.org.do\/?p=24971\",\"url\":\"https:\/\/crees.org.do\/?p=24971\",\"name\":\"Rep\u00fablica Dominicana ocupa el quinto puesto regional en el \u00cdndice de Calidad Institucional | CREES\",\"isPartOf\":{\"@id\":\"https:\/\/crees.org.do\/#website\"},\"primaryImageOfPage\":{\"@id\":\"https:\/\/crees.org.do\/?p=24971#primaryimage\"},\"image\":{\"@id\":\"https:\/\/crees.org.do\/?p=24971#primaryimage\"},\"thumbnailUrl\":\"https:\/\/crees.org.do\/wp-content\/uploads\/2023\/05\/Slide-1-copy-5.jpg\",\"datePublished\":\"2023-05-30T17:05:16+00:00\",\"breadcrumb\":{\"@id\":\"https:\/\/crees.org.do\/?p=24971#breadcrumb\"},\"inLanguage\":\"es\",\"potentialAction\":[{\"@type\":\"ReadAction\",\"target\":[\"https:\/\/crees.org.do\/?p=24971\"]}]},{\"@type\":\"ImageObject\",\"inLanguage\":\"es\",\"@id\":\"https:\/\/crees.org.do\/?p=24971#primaryimage\",\"url\":\"https:\/\/crees.org.do\/wp-content\/uploads\/2023\/05\/Slide-1-copy-5.jpg\",\"contentUrl\":\"https:\/\/crees.org.do\/wp-content\/uploads\/2023\/05\/Slide-1-copy-5.jpg\",\"width\":1080,\"height\":1080},{\"@type\":\"BreadcrumbList\",\"@id\":\"https:\/\/crees.org.do\/?p=24971#breadcrumb\",\"itemListElement\":[{\"@type\":\"ListItem\",\"position\":1,\"name\":\"Portada\",\"item\":\"https:\/\/crees.org.do\/\"},{\"@type\":\"ListItem\",\"position\":2,\"name\":\"Rep\u00fablica Dominicana ocupa el quinto puesto regional en el \u00cdndice de Calidad Institucional\"}]},{\"@type\":\"WebSite\",\"@id\":\"https:\/\/crees.org.do\/#website\",\"url\":\"https:\/\/crees.org.do\/\",\"name\":\"CREES\",\"description\":\"Centro Regional de Estrategias Econ\u00f3micas Sostenibles\",\"publisher\":{\"@id\":\"https:\/\/crees.org.do\/#organization\"},\"potentialAction\":[{\"@type\":\"SearchAction\",\"target\":{\"@type\":\"EntryPoint\",\"urlTemplate\":\"https:\/\/crees.org.do\/?s={search_term_string}\"},\"query-input\":{\"@type\":\"PropertyValueSpecification\",\"valueRequired\":true,\"valueName\":\"search_term_string\"}}],\"inLanguage\":\"es\"},{\"@type\":\"Organization\",\"@id\":\"https:\/\/crees.org.do\/#organization\",\"name\":\"CREES | Centro Regional de Estrategias Econ\u00f3micas Sostenibles\",\"url\":\"https:\/\/crees.org.do\/\",\"logo\":{\"@type\":\"ImageObject\",\"inLanguage\":\"es\",\"@id\":\"https:\/\/crees.org.do\/#\/schema\/logo\/image\/\",\"url\":\"https:\/\/crees.org.do\/wp-content\/uploads\/2022\/03\/crees-logo-1.jpg\",\"contentUrl\":\"https:\/\/crees.org.do\/wp-content\/uploads\/2022\/03\/crees-logo-1.jpg\",\"width\":244,\"height\":71,\"caption\":\"CREES | Centro Regional de Estrategias Econ\u00f3micas Sostenibles\"},\"image\":{\"@id\":\"https:\/\/crees.org.do\/#\/schema\/logo\/image\/\"},\"sameAs\":[\"https:\/\/www.facebook.com\/CREESRD\/\",\"https:\/\/x.com\/CREESRD\"]},{\"@type\":\"Person\",\"@id\":\"https:\/\/crees.org.do\/#\/schema\/person\/e7f97cd94d7bf9cd0e0ce30acb7d56b8\",\"name\":\"Crees\",\"image\":{\"@type\":\"ImageObject\",\"inLanguage\":\"es\",\"@id\":\"https:\/\/crees.org.do\/#\/schema\/person\/image\/\",\"url\":\"https:\/\/secure.gravatar.com\/avatar\/390ac8f0be5d9aa046152553e2dd7011b59a512d89c150f5e5f28bb8d9a0b165?s=96&d=mm&r=g\",\"contentUrl\":\"https:\/\/secure.gravatar.com\/avatar\/390ac8f0be5d9aa046152553e2dd7011b59a512d89c150f5e5f28bb8d9a0b165?s=96&d=mm&r=g\",\"caption\":\"Crees\"},\"url\":\"https:\/\/crees.org.do\/?author=2\"}]}<\/script>\n<!-- \/ Yoast SEO plugin. -->","yoast_head_json":{"title":"Rep\u00fablica Dominicana ocupa el quinto puesto regional en el \u00cdndice de Calidad Institucional | CREES","robots":{"index":"index","follow":"follow","max-snippet":"max-snippet:-1","max-image-preview":"max-image-preview:large","max-video-preview":"max-video-preview:-1"},"canonical":"https:\/\/crees.org.do\/?p=24971","og_locale":"es_ES","og_type":"article","og_title":"Rep\u00fablica Dominicana ocupa el quinto puesto regional en el \u00cdndice de Calidad Institucional | CREES","og_description":"Rep\u00fablica Dominicana ocupa el quinto puesto regional en el \u00cdndice de Calidad Institucional De acuerdo con los resultados del \u00cdndice de Calidad Institucional (ICI) 2023, la Rep\u00fablica Dominicana ocupa la quinta posici\u00f3n en la regi\u00f3n de Am\u00e9rica Latina y la 69 a nivel mundial, con una puntuaci\u00f3n de 0.554. Esto significa una mejora para el...","og_url":"https:\/\/crees.org.do\/?p=24971","og_site_name":"CREES","article_publisher":"https:\/\/www.facebook.com\/CREESRD\/","article_published_time":"2023-05-30T17:05:16+00:00","og_image":[{"width":1080,"height":1080,"url":"https:\/\/crees.org.do\/wp-content\/uploads\/2023\/05\/Slide-1-copy-5.jpg","type":"image\/jpeg"}],"author":"Crees","twitter_card":"summary_large_image","twitter_creator":"@CREESRD","twitter_site":"@CREESRD","twitter_misc":{"Escrito por":"Crees","Tiempo de lectura":"2 minutos"},"schema":{"@context":"https:\/\/schema.org","@graph":[{"@type":"Article","@id":"https:\/\/crees.org.do\/?p=24971#article","isPartOf":{"@id":"https:\/\/crees.org.do\/?p=24971"},"author":{"name":"Crees","@id":"https:\/\/crees.org.do\/#\/schema\/person\/e7f97cd94d7bf9cd0e0ce30acb7d56b8"},"headline":"Rep\u00fablica Dominicana ocupa el quinto puesto regional en el \u00cdndice de Calidad Institucional","datePublished":"2023-05-30T17:05:16+00:00","mainEntityOfPage":{"@id":"https:\/\/crees.org.do\/?p=24971"},"wordCount":386,"publisher":{"@id":"https:\/\/crees.org.do\/#organization"},"image":{"@id":"https:\/\/crees.org.do\/?p=24971#primaryimage"},"thumbnailUrl":"https:\/\/crees.org.do\/wp-content\/uploads\/2023\/05\/Slide-1-copy-5.jpg","articleSection":["Blog"],"inLanguage":"es"},{"@type":"WebPage","@id":"https:\/\/crees.org.do\/?p=24971","url":"https:\/\/crees.org.do\/?p=24971","name":"Rep\u00fablica Dominicana ocupa el quinto puesto regional en el \u00cdndice de Calidad Institucional | CREES","isPartOf":{"@id":"https:\/\/crees.org.do\/#website"},"primaryImageOfPage":{"@id":"https:\/\/crees.org.do\/?p=24971#primaryimage"},"image":{"@id":"https:\/\/crees.org.do\/?p=24971#primaryimage"},"thumbnailUrl":"https:\/\/crees.org.do\/wp-content\/uploads\/2023\/05\/Slide-1-copy-5.jpg","datePublished":"2023-05-30T17:05:16+00:00","breadcrumb":{"@id":"https:\/\/crees.org.do\/?p=24971#breadcrumb"},"inLanguage":"es","potentialAction":[{"@type":"ReadAction","target":["https:\/\/crees.org.do\/?p=24971"]}]},{"@type":"ImageObject","inLanguage":"es","@id":"https:\/\/crees.org.do\/?p=24971#primaryimage","url":"https:\/\/crees.org.do\/wp-content\/uploads\/2023\/05\/Slide-1-copy-5.jpg","contentUrl":"https:\/\/crees.org.do\/wp-content\/uploads\/2023\/05\/Slide-1-copy-5.jpg","width":1080,"height":1080},{"@type":"BreadcrumbList","@id":"https:\/\/crees.org.do\/?p=24971#breadcrumb","itemListElement":[{"@type":"ListItem","position":1,"name":"Portada","item":"https:\/\/crees.org.do\/"},{"@type":"ListItem","position":2,"name":"Rep\u00fablica Dominicana ocupa el quinto puesto regional en el \u00cdndice de Calidad Institucional"}]},{"@type":"WebSite","@id":"https:\/\/crees.org.do\/#website","url":"https:\/\/crees.org.do\/","name":"CREES","description":"Centro Regional de Estrategias Econ\u00f3micas Sostenibles","publisher":{"@id":"https:\/\/crees.org.do\/#organization"},"potentialAction":[{"@type":"SearchAction","target":{"@type":"EntryPoint","urlTemplate":"https:\/\/crees.org.do\/?s={search_term_string}"},"query-input":{"@type":"PropertyValueSpecification","valueRequired":true,"valueName":"search_term_string"}}],"inLanguage":"es"},{"@type":"Organization","@id":"https:\/\/crees.org.do\/#organization","name":"CREES | Centro Regional de Estrategias Econ\u00f3micas Sostenibles","url":"https:\/\/crees.org.do\/","logo":{"@type":"ImageObject","inLanguage":"es","@id":"https:\/\/crees.org.do\/#\/schema\/logo\/image\/","url":"https:\/\/crees.org.do\/wp-content\/uploads\/2022\/03\/crees-logo-1.jpg","contentUrl":"https:\/\/crees.org.do\/wp-content\/uploads\/2022\/03\/crees-logo-1.jpg","width":244,"height":71,"caption":"CREES | Centro Regional de Estrategias Econ\u00f3micas Sostenibles"},"image":{"@id":"https:\/\/crees.org.do\/#\/schema\/logo\/image\/"},"sameAs":["https:\/\/www.facebook.com\/CREESRD\/","https:\/\/x.com\/CREESRD"]},{"@type":"Person","@id":"https:\/\/crees.org.do\/#\/schema\/person\/e7f97cd94d7bf9cd0e0ce30acb7d56b8","name":"Crees","image":{"@type":"ImageObject","inLanguage":"es","@id":"https:\/\/crees.org.do\/#\/schema\/person\/image\/","url":"https:\/\/secure.gravatar.com\/avatar\/390ac8f0be5d9aa046152553e2dd7011b59a512d89c150f5e5f28bb8d9a0b165?s=96&d=mm&r=g","contentUrl":"https:\/\/secure.gravatar.com\/avatar\/390ac8f0be5d9aa046152553e2dd7011b59a512d89c150f5e5f28bb8d9a0b165?s=96&d=mm&r=g","caption":"Crees"},"url":"https:\/\/crees.org.do\/?author=2"}]}},"_links":{"self":[{"href":"https:\/\/crees.org.do\/index.php?rest_route=\/wp\/v2\/posts\/24971","targetHints":{"allow":["GET"]}}],"collection":[{"href":"https:\/\/crees.org.do\/index.php?rest_route=\/wp\/v2\/posts"}],"about":[{"href":"https:\/\/crees.org.do\/index.php?rest_route=\/wp\/v2\/types\/post"}],"author":[{"embeddable":true,"href":"https:\/\/crees.org.do\/index.php?rest_route=\/wp\/v2\/users\/2"}],"replies":[{"embeddable":true,"href":"https:\/\/crees.org.do\/index.php?rest_route=%2Fwp%2Fv2%2Fcomments&post=24971"}],"version-history":[{"count":1,"href":"https:\/\/crees.org.do\/index.php?rest_route=\/wp\/v2\/posts\/24971\/revisions"}],"predecessor-version":[{"id":24973,"href":"https:\/\/crees.org.do\/index.php?rest_route=\/wp\/v2\/posts\/24971\/revisions\/24973"}],"wp:featuredmedia":[{"embeddable":true,"href":"https:\/\/crees.org.do\/index.php?rest_route=\/wp\/v2\/media\/24972"}],"wp:attachment":[{"href":"https:\/\/crees.org.do\/index.php?rest_route=%2Fwp%2Fv2%2Fmedia&parent=24971"}],"wp:term":[{"taxonomy":"category","embeddable":true,"href":"https:\/\/crees.org.do\/index.php?rest_route=%2Fwp%2Fv2%2Fcategories&post=24971"},{"taxonomy":"post_tag","embeddable":true,"href":"https:\/\/crees.org.do\/index.php?rest_route=%2Fwp%2Fv2%2Ftags&post=24971"}],"curies":[{"name":"wp","href":"https:\/\/api.w.org\/{rel}","templated":true}]}}