{"id":24983,"date":"2023-05-30T19:40:47","date_gmt":"2023-05-30T19:40:47","guid":{"rendered":"https:\/\/crees.org.do\/?p=24983"},"modified":"2023-05-31T19:41:13","modified_gmt":"2023-05-31T19:41:13","slug":"republica-dominicana-cuarto-pais-con-tasas-mas-altas-de-impuestos-a-empresas-2","status":"publish","type":"post","link":"https:\/\/crees.org.do\/?p=24983","title":{"rendered":"Rep\u00fablica Dominicana, cuarto pa\u00eds con tasas m\u00e1s altas de impuestos a empresas"},"content":{"rendered":"<p>Autor: Luis David Flores<\/p>\n<p>Fecha: 30 de mayo del 2023<\/p>\n<p>Extra\u00eddo de: El Dinero<\/p>\n<p style=\"text-align: justify;\"><strong>Rep\u00fablica Dominicana<\/strong>\u00a0se sit\u00faa en el cuarto puesto de los pa\u00edses con la\u00a0<strong>tasa\u00a0<\/strong>m\u00e1s alta de impuestos sobre la\u00a0<a href=\"https:\/\/eldinero.com.do\/224340\/cuales-salarios-estan-libres-del-impuesto-sobre-la-renta-en-centroamerica\/\">renta<\/a>\u00a0a las empresas en 2023.<\/p>\n<p style=\"text-align: justify;\">As\u00ed lo establece el\u00a0<strong>Centro Regional de Estrategias Econ\u00f3micas Sostenibles<\/strong>\u00a0(<a href=\"https:\/\/crees.org.do\/\">Crees<\/a>) en un informe que cita, adem\u00e1s, a las naciones miembros de la Organizaci\u00f3n para la Cooperaci\u00f3n y el Desarrollo Econ\u00f3micos\u00a0<strong>(OCDE)<\/strong>.<\/p>\n<p style=\"text-align: justify;\">La tasa en el pa\u00eds se coloca en<strong>\u00a027%<\/strong>, s\u00f3lo superado por\u00a0<strong>Colombia, M\u00e9xico y Nueva Zelanda<\/strong>, con 35%, 30% y 28%, respectivamente.<\/p>\n<p style=\"text-align: justify;\">La naci\u00f3n caribe\u00f1a comparte el cuarto lugar con\u00a0<strong>Chile (27%).\u00a0<\/strong>De acuerdo con el Crees, \u201cser\u00e1 dif\u00edcil poder competir con otros pa\u00edses para atraer mejores inversiones\u201d, ya que seg\u00fan establece, la\u00a0<strong>tendencia<\/strong>\u00a0contin\u00faa a la baja en esos Estados.<\/p>\n<p style=\"text-align: justify;\">Asimismo, el Crees sugiere \u201cEl sistema tributario dominicano debe ser visto como un elemento que en la actualidad entorpece el desarrollo\u201d. Este requiere de una reforma integral, puntualiza la entidad.<\/p>\n<p style=\"text-align: justify;\">La organizaci\u00f3n explica que en 2012 el\u00a0<strong>promedio<\/strong>\u00a0de las tasas de los miembros de la OCDE fue de 23.53%, pero que en la actualidad es de 21.96%. Refiere, asimismo, que en ese mismo per\u00edodo, Rep\u00fablica Dominicana pas\u00f3 de 25% a 27%.<\/p>\n<h3 style=\"text-align: justify;\"><strong>Rep\u00fablica Dominicana por encima de 18 pa\u00edses<\/strong><\/h3>\n<p style=\"text-align: justify;\">Quisqueya, sin embargo, se encuentra por encima de 18 pa\u00edses, incluyendo\u00a0<strong>Francia, Espa\u00f1a, Reino Unido e Italia<\/strong>, los cuales ostentan tasas de 24% y 25.8%.<\/p>\n<p style=\"text-align: justify;\">Mientras que\u00a0<strong>Jap\u00f3n, Israel, Grecia y Noruega<\/strong>\u00a0se encuentran entre 22% y 23.2%.<\/p>\n<p style=\"text-align: justify;\">Entre los territorios que tienen tasas a las empresas por debajo de 22%, el promedio de la OCDE, figuran\u00a0<strong>Rep\u00fablica Eslovaca, Estados Unidos, Suecia y Estonia<\/strong>, posicion\u00e1ndose entre 20% y 21%.<\/p>\n<p style=\"text-align: justify;\">A estos le siguen\u00a0<strong>Luxemburgo (18.2%), Alemania (15.8%) y Canad\u00e1<\/strong>\u00a0(15%).<\/p>\n<p style=\"text-align: justify;\">Por \u00faltimo, Suiza, Hungr\u00eda e Irlanda poseen las tasas m\u00e1s bajas en los impuestos sobre la renta a las empresas, que se sit\u00faan en 8.5%, 9% y 12.5%.<\/p>\n<div class=\"pvc_clear\"><\/div>\n<p class=\"pvc_stats all \" data-element-id=\"24983\" style=\"\"><i class=\"pvc-stats-icon medium\" aria-hidden=\"true\"><svg aria-hidden=\"true\" focusable=\"false\" data-prefix=\"far\" data-icon=\"chart-bar\" role=\"img\" xmlns=\"http:\/\/www.w3.org\/2000\/svg\" viewBox=\"0 0 512 512\" class=\"svg-inline--fa fa-chart-bar fa-w-16 fa-2x\"><path fill=\"currentColor\" d=\"M396.8 352h22.4c6.4 0 12.8-6.4 12.8-12.8V108.8c0-6.4-6.4-12.8-12.8-12.8h-22.4c-6.4 0-12.8 6.4-12.8 12.8v230.4c0 6.4 6.4 12.8 12.8 12.8zm-192 0h22.4c6.4 0 12.8-6.4 12.8-12.8V140.8c0-6.4-6.4-12.8-12.8-12.8h-22.4c-6.4 0-12.8 6.4-12.8 12.8v198.4c0 6.4 6.4 12.8 12.8 12.8zm96 0h22.4c6.4 0 12.8-6.4 12.8-12.8V204.8c0-6.4-6.4-12.8-12.8-12.8h-22.4c-6.4 0-12.8 6.4-12.8 12.8v134.4c0 6.4 6.4 12.8 12.8 12.8zM496 400H48V80c0-8.84-7.16-16-16-16H16C7.16 64 0 71.16 0 80v336c0 17.67 14.33 32 32 32h464c8.84 0 16-7.16 16-16v-16c0-8.84-7.16-16-16-16zm-387.2-48h22.4c6.4 0 12.8-6.4 12.8-12.8v-70.4c0-6.4-6.4-12.8-12.8-12.8h-22.4c-6.4 0-12.8 6.4-12.8 12.8v70.4c0 6.4 6.4 12.8 12.8 12.8z\" class=\"\"><\/path><\/svg><\/i> Vistas Totales&nbsp;1,533&nbsp;, Vistas Hoy&nbsp;6&nbsp;<\/p>\n<div class=\"pvc_clear\"><\/div>\n","protected":false},"excerpt":{"rendered":"<p>Autor: Luis David Flores Fecha: 30 de mayo del 2023 Extra\u00eddo de: El Dinero Rep\u00fablica Dominicana\u00a0se sit\u00faa en el cuarto puesto de los pa\u00edses con la\u00a0tasa\u00a0m\u00e1s alta de impuestos sobre la\u00a0renta\u00a0a las empresas en 2023. As\u00ed lo establece el\u00a0Centro Regional de Estrategias Econ\u00f3micas Sostenibles\u00a0(Crees) en un informe que cita, adem\u00e1s, a las naciones miembros de&#8230;<\/p>\n<div class=\"pvc_clear\"><\/div>\n<p class=\"pvc_stats all \" data-element-id=\"24983\" style=\"\"><i class=\"pvc-stats-icon medium\" aria-hidden=\"true\"><svg aria-hidden=\"true\" focusable=\"false\" data-prefix=\"far\" data-icon=\"chart-bar\" role=\"img\" xmlns=\"http:\/\/www.w3.org\/2000\/svg\" viewBox=\"0 0 512 512\" class=\"svg-inline--fa fa-chart-bar fa-w-16 fa-2x\"><path fill=\"currentColor\" d=\"M396.8 352h22.4c6.4 0 12.8-6.4 12.8-12.8V108.8c0-6.4-6.4-12.8-12.8-12.8h-22.4c-6.4 0-12.8 6.4-12.8 12.8v230.4c0 6.4 6.4 12.8 12.8 12.8zm-192 0h22.4c6.4 0 12.8-6.4 12.8-12.8V140.8c0-6.4-6.4-12.8-12.8-12.8h-22.4c-6.4 0-12.8 6.4-12.8 12.8v198.4c0 6.4 6.4 12.8 12.8 12.8zm96 0h22.4c6.4 0 12.8-6.4 12.8-12.8V204.8c0-6.4-6.4-12.8-12.8-12.8h-22.4c-6.4 0-12.8 6.4-12.8 12.8v134.4c0 6.4 6.4 12.8 12.8 12.8zM496 400H48V80c0-8.84-7.16-16-16-16H16C7.16 64 0 71.16 0 80v336c0 17.67 14.33 32 32 32h464c8.84 0 16-7.16 16-16v-16c0-8.84-7.16-16-16-16zm-387.2-48h22.4c6.4 0 12.8-6.4 12.8-12.8v-70.4c0-6.4-6.4-12.8-12.8-12.8h-22.4c-6.4 0-12.8 6.4-12.8 12.8v70.4c0 6.4 6.4 12.8 12.8 12.8z\" class=\"\"><\/path><\/svg><\/i> Vistas Totales&nbsp;1,533&nbsp;, Vistas Hoy&nbsp;6&nbsp;<\/p>\n<div class=\"pvc_clear\"><\/div>\n","protected":false},"author":2,"featured_media":24976,"comment_status":"closed","ping_status":"closed","sticky":false,"template":"","format":"standard","meta":{"footnotes":""},"categories":[19],"tags":[],"class_list":["post-24983","post","type-post","status-publish","format-standard","has-post-thumbnail","hentry","category-actualidad"],"yoast_head":"<!-- This site is optimized with the Yoast SEO plugin v25.2 - https:\/\/yoast.com\/wordpress\/plugins\/seo\/ -->\n<title>Rep\u00fablica Dominicana, cuarto pa\u00eds con tasas m\u00e1s altas de impuestos a empresas | CREES<\/title>\n<meta name=\"robots\" content=\"index, follow, max-snippet:-1, max-image-preview:large, max-video-preview:-1\" \/>\n<link rel=\"canonical\" href=\"https:\/\/crees.org.do\/?p=24983\" \/>\n<meta property=\"og:locale\" content=\"es_ES\" \/>\n<meta property=\"og:type\" content=\"article\" \/>\n<meta property=\"og:title\" content=\"Rep\u00fablica Dominicana, cuarto pa\u00eds con tasas m\u00e1s altas de impuestos a empresas | CREES\" \/>\n<meta property=\"og:description\" content=\"Autor: Luis David Flores Fecha: 30 de mayo del 2023 Extra\u00eddo de: El Dinero Rep\u00fablica Dominicana\u00a0se sit\u00faa en el cuarto puesto de los pa\u00edses con la\u00a0tasa\u00a0m\u00e1s alta de impuestos sobre la\u00a0renta\u00a0a las empresas en 2023. As\u00ed lo establece el\u00a0Centro Regional de Estrategias Econ\u00f3micas Sostenibles\u00a0(Crees) en un informe que cita, adem\u00e1s, a las naciones miembros de...\" \/>\n<meta property=\"og:url\" content=\"https:\/\/crees.org.do\/?p=24983\" \/>\n<meta property=\"og:site_name\" content=\"CREES\" \/>\n<meta property=\"article:publisher\" content=\"https:\/\/www.facebook.com\/CREESRD\/\" \/>\n<meta property=\"article:published_time\" content=\"2023-05-30T19:40:47+00:00\" \/>\n<meta property=\"article:modified_time\" content=\"2023-05-31T19:41:13+00:00\" \/>\n<meta property=\"og:image\" content=\"https:\/\/crees.org.do\/wp-content\/uploads\/2023\/05\/dinero-virtual.jpg\" \/>\n\t<meta property=\"og:image:width\" content=\"900\" \/>\n\t<meta property=\"og:image:height\" content=\"576\" \/>\n\t<meta property=\"og:image:type\" content=\"image\/jpeg\" \/>\n<meta name=\"author\" content=\"Crees\" \/>\n<meta name=\"twitter:card\" content=\"summary_large_image\" \/>\n<meta name=\"twitter:creator\" content=\"@CREESRD\" \/>\n<meta name=\"twitter:site\" content=\"@CREESRD\" \/>\n<meta name=\"twitter:label1\" content=\"Escrito por\" \/>\n\t<meta name=\"twitter:data1\" content=\"Crees\" \/>\n\t<meta name=\"twitter:label2\" content=\"Tiempo de lectura\" \/>\n\t<meta name=\"twitter:data2\" content=\"2 minutos\" \/>\n<script type=\"application\/ld+json\" class=\"yoast-schema-graph\">{\"@context\":\"https:\/\/schema.org\",\"@graph\":[{\"@type\":\"Article\",\"@id\":\"https:\/\/crees.org.do\/?p=24983#article\",\"isPartOf\":{\"@id\":\"https:\/\/crees.org.do\/?p=24983\"},\"author\":{\"name\":\"Crees\",\"@id\":\"https:\/\/crees.org.do\/#\/schema\/person\/e7f97cd94d7bf9cd0e0ce30acb7d56b8\"},\"headline\":\"Rep\u00fablica Dominicana, cuarto pa\u00eds con tasas m\u00e1s altas de impuestos a empresas\",\"datePublished\":\"2023-05-30T19:40:47+00:00\",\"dateModified\":\"2023-05-31T19:41:13+00:00\",\"mainEntityOfPage\":{\"@id\":\"https:\/\/crees.org.do\/?p=24983\"},\"wordCount\":340,\"publisher\":{\"@id\":\"https:\/\/crees.org.do\/#organization\"},\"image\":{\"@id\":\"https:\/\/crees.org.do\/?p=24983#primaryimage\"},\"thumbnailUrl\":\"https:\/\/crees.org.do\/wp-content\/uploads\/2023\/05\/dinero-virtual.jpg\",\"articleSection\":[\"Actualidad\"],\"inLanguage\":\"es\"},{\"@type\":\"WebPage\",\"@id\":\"https:\/\/crees.org.do\/?p=24983\",\"url\":\"https:\/\/crees.org.do\/?p=24983\",\"name\":\"Rep\u00fablica Dominicana, cuarto pa\u00eds con tasas m\u00e1s altas de impuestos a empresas | CREES\",\"isPartOf\":{\"@id\":\"https:\/\/crees.org.do\/#website\"},\"primaryImageOfPage\":{\"@id\":\"https:\/\/crees.org.do\/?p=24983#primaryimage\"},\"image\":{\"@id\":\"https:\/\/crees.org.do\/?p=24983#primaryimage\"},\"thumbnailUrl\":\"https:\/\/crees.org.do\/wp-content\/uploads\/2023\/05\/dinero-virtual.jpg\",\"datePublished\":\"2023-05-30T19:40:47+00:00\",\"dateModified\":\"2023-05-31T19:41:13+00:00\",\"breadcrumb\":{\"@id\":\"https:\/\/crees.org.do\/?p=24983#breadcrumb\"},\"inLanguage\":\"es\",\"potentialAction\":[{\"@type\":\"ReadAction\",\"target\":[\"https:\/\/crees.org.do\/?p=24983\"]}]},{\"@type\":\"ImageObject\",\"inLanguage\":\"es\",\"@id\":\"https:\/\/crees.org.do\/?p=24983#primaryimage\",\"url\":\"https:\/\/crees.org.do\/wp-content\/uploads\/2023\/05\/dinero-virtual.jpg\",\"contentUrl\":\"https:\/\/crees.org.do\/wp-content\/uploads\/2023\/05\/dinero-virtual.jpg\",\"width\":900,\"height\":576},{\"@type\":\"BreadcrumbList\",\"@id\":\"https:\/\/crees.org.do\/?p=24983#breadcrumb\",\"itemListElement\":[{\"@type\":\"ListItem\",\"position\":1,\"name\":\"Portada\",\"item\":\"https:\/\/crees.org.do\/\"},{\"@type\":\"ListItem\",\"position\":2,\"name\":\"Rep\u00fablica Dominicana, cuarto pa\u00eds con tasas m\u00e1s altas de impuestos a empresas\"}]},{\"@type\":\"WebSite\",\"@id\":\"https:\/\/crees.org.do\/#website\",\"url\":\"https:\/\/crees.org.do\/\",\"name\":\"CREES\",\"description\":\"Centro Regional de Estrategias Econ\u00f3micas Sostenibles\",\"publisher\":{\"@id\":\"https:\/\/crees.org.do\/#organization\"},\"potentialAction\":[{\"@type\":\"SearchAction\",\"target\":{\"@type\":\"EntryPoint\",\"urlTemplate\":\"https:\/\/crees.org.do\/?s={search_term_string}\"},\"query-input\":{\"@type\":\"PropertyValueSpecification\",\"valueRequired\":true,\"valueName\":\"search_term_string\"}}],\"inLanguage\":\"es\"},{\"@type\":\"Organization\",\"@id\":\"https:\/\/crees.org.do\/#organization\",\"name\":\"CREES | Centro Regional de Estrategias Econ\u00f3micas Sostenibles\",\"url\":\"https:\/\/crees.org.do\/\",\"logo\":{\"@type\":\"ImageObject\",\"inLanguage\":\"es\",\"@id\":\"https:\/\/crees.org.do\/#\/schema\/logo\/image\/\",\"url\":\"https:\/\/crees.org.do\/wp-content\/uploads\/2022\/03\/crees-logo-1.jpg\",\"contentUrl\":\"https:\/\/crees.org.do\/wp-content\/uploads\/2022\/03\/crees-logo-1.jpg\",\"width\":244,\"height\":71,\"caption\":\"CREES | Centro Regional de Estrategias Econ\u00f3micas Sostenibles\"},\"image\":{\"@id\":\"https:\/\/crees.org.do\/#\/schema\/logo\/image\/\"},\"sameAs\":[\"https:\/\/www.facebook.com\/CREESRD\/\",\"https:\/\/x.com\/CREESRD\"]},{\"@type\":\"Person\",\"@id\":\"https:\/\/crees.org.do\/#\/schema\/person\/e7f97cd94d7bf9cd0e0ce30acb7d56b8\",\"name\":\"Crees\",\"image\":{\"@type\":\"ImageObject\",\"inLanguage\":\"es\",\"@id\":\"https:\/\/crees.org.do\/#\/schema\/person\/image\/\",\"url\":\"https:\/\/secure.gravatar.com\/avatar\/390ac8f0be5d9aa046152553e2dd7011b59a512d89c150f5e5f28bb8d9a0b165?s=96&d=mm&r=g\",\"contentUrl\":\"https:\/\/secure.gravatar.com\/avatar\/390ac8f0be5d9aa046152553e2dd7011b59a512d89c150f5e5f28bb8d9a0b165?s=96&d=mm&r=g\",\"caption\":\"Crees\"},\"url\":\"https:\/\/crees.org.do\/?author=2\"}]}<\/script>\n<!-- \/ Yoast SEO plugin. -->","yoast_head_json":{"title":"Rep\u00fablica Dominicana, cuarto pa\u00eds con tasas m\u00e1s altas de impuestos a empresas | CREES","robots":{"index":"index","follow":"follow","max-snippet":"max-snippet:-1","max-image-preview":"max-image-preview:large","max-video-preview":"max-video-preview:-1"},"canonical":"https:\/\/crees.org.do\/?p=24983","og_locale":"es_ES","og_type":"article","og_title":"Rep\u00fablica Dominicana, cuarto pa\u00eds con tasas m\u00e1s altas de impuestos a empresas | CREES","og_description":"Autor: Luis David Flores Fecha: 30 de mayo del 2023 Extra\u00eddo de: El Dinero Rep\u00fablica Dominicana\u00a0se sit\u00faa en el cuarto puesto de los pa\u00edses con la\u00a0tasa\u00a0m\u00e1s alta de impuestos sobre la\u00a0renta\u00a0a las empresas en 2023. As\u00ed lo establece el\u00a0Centro Regional de Estrategias Econ\u00f3micas Sostenibles\u00a0(Crees) en un informe que cita, adem\u00e1s, a las naciones miembros de...","og_url":"https:\/\/crees.org.do\/?p=24983","og_site_name":"CREES","article_publisher":"https:\/\/www.facebook.com\/CREESRD\/","article_published_time":"2023-05-30T19:40:47+00:00","article_modified_time":"2023-05-31T19:41:13+00:00","og_image":[{"width":900,"height":576,"url":"https:\/\/crees.org.do\/wp-content\/uploads\/2023\/05\/dinero-virtual.jpg","type":"image\/jpeg"}],"author":"Crees","twitter_card":"summary_large_image","twitter_creator":"@CREESRD","twitter_site":"@CREESRD","twitter_misc":{"Escrito por":"Crees","Tiempo de lectura":"2 minutos"},"schema":{"@context":"https:\/\/schema.org","@graph":[{"@type":"Article","@id":"https:\/\/crees.org.do\/?p=24983#article","isPartOf":{"@id":"https:\/\/crees.org.do\/?p=24983"},"author":{"name":"Crees","@id":"https:\/\/crees.org.do\/#\/schema\/person\/e7f97cd94d7bf9cd0e0ce30acb7d56b8"},"headline":"Rep\u00fablica Dominicana, cuarto pa\u00eds con tasas m\u00e1s altas de impuestos a empresas","datePublished":"2023-05-30T19:40:47+00:00","dateModified":"2023-05-31T19:41:13+00:00","mainEntityOfPage":{"@id":"https:\/\/crees.org.do\/?p=24983"},"wordCount":340,"publisher":{"@id":"https:\/\/crees.org.do\/#organization"},"image":{"@id":"https:\/\/crees.org.do\/?p=24983#primaryimage"},"thumbnailUrl":"https:\/\/crees.org.do\/wp-content\/uploads\/2023\/05\/dinero-virtual.jpg","articleSection":["Actualidad"],"inLanguage":"es"},{"@type":"WebPage","@id":"https:\/\/crees.org.do\/?p=24983","url":"https:\/\/crees.org.do\/?p=24983","name":"Rep\u00fablica Dominicana, cuarto pa\u00eds con tasas m\u00e1s altas de impuestos a empresas | CREES","isPartOf":{"@id":"https:\/\/crees.org.do\/#website"},"primaryImageOfPage":{"@id":"https:\/\/crees.org.do\/?p=24983#primaryimage"},"image":{"@id":"https:\/\/crees.org.do\/?p=24983#primaryimage"},"thumbnailUrl":"https:\/\/crees.org.do\/wp-content\/uploads\/2023\/05\/dinero-virtual.jpg","datePublished":"2023-05-30T19:40:47+00:00","dateModified":"2023-05-31T19:41:13+00:00","breadcrumb":{"@id":"https:\/\/crees.org.do\/?p=24983#breadcrumb"},"inLanguage":"es","potentialAction":[{"@type":"ReadAction","target":["https:\/\/crees.org.do\/?p=24983"]}]},{"@type":"ImageObject","inLanguage":"es","@id":"https:\/\/crees.org.do\/?p=24983#primaryimage","url":"https:\/\/crees.org.do\/wp-content\/uploads\/2023\/05\/dinero-virtual.jpg","contentUrl":"https:\/\/crees.org.do\/wp-content\/uploads\/2023\/05\/dinero-virtual.jpg","width":900,"height":576},{"@type":"BreadcrumbList","@id":"https:\/\/crees.org.do\/?p=24983#breadcrumb","itemListElement":[{"@type":"ListItem","position":1,"name":"Portada","item":"https:\/\/crees.org.do\/"},{"@type":"ListItem","position":2,"name":"Rep\u00fablica Dominicana, cuarto pa\u00eds con tasas m\u00e1s altas de impuestos a empresas"}]},{"@type":"WebSite","@id":"https:\/\/crees.org.do\/#website","url":"https:\/\/crees.org.do\/","name":"CREES","description":"Centro Regional de Estrategias Econ\u00f3micas Sostenibles","publisher":{"@id":"https:\/\/crees.org.do\/#organization"},"potentialAction":[{"@type":"SearchAction","target":{"@type":"EntryPoint","urlTemplate":"https:\/\/crees.org.do\/?s={search_term_string}"},"query-input":{"@type":"PropertyValueSpecification","valueRequired":true,"valueName":"search_term_string"}}],"inLanguage":"es"},{"@type":"Organization","@id":"https:\/\/crees.org.do\/#organization","name":"CREES | Centro Regional de Estrategias Econ\u00f3micas Sostenibles","url":"https:\/\/crees.org.do\/","logo":{"@type":"ImageObject","inLanguage":"es","@id":"https:\/\/crees.org.do\/#\/schema\/logo\/image\/","url":"https:\/\/crees.org.do\/wp-content\/uploads\/2022\/03\/crees-logo-1.jpg","contentUrl":"https:\/\/crees.org.do\/wp-content\/uploads\/2022\/03\/crees-logo-1.jpg","width":244,"height":71,"caption":"CREES | Centro Regional de Estrategias Econ\u00f3micas Sostenibles"},"image":{"@id":"https:\/\/crees.org.do\/#\/schema\/logo\/image\/"},"sameAs":["https:\/\/www.facebook.com\/CREESRD\/","https:\/\/x.com\/CREESRD"]},{"@type":"Person","@id":"https:\/\/crees.org.do\/#\/schema\/person\/e7f97cd94d7bf9cd0e0ce30acb7d56b8","name":"Crees","image":{"@type":"ImageObject","inLanguage":"es","@id":"https:\/\/crees.org.do\/#\/schema\/person\/image\/","url":"https:\/\/secure.gravatar.com\/avatar\/390ac8f0be5d9aa046152553e2dd7011b59a512d89c150f5e5f28bb8d9a0b165?s=96&d=mm&r=g","contentUrl":"https:\/\/secure.gravatar.com\/avatar\/390ac8f0be5d9aa046152553e2dd7011b59a512d89c150f5e5f28bb8d9a0b165?s=96&d=mm&r=g","caption":"Crees"},"url":"https:\/\/crees.org.do\/?author=2"}]}},"_links":{"self":[{"href":"https:\/\/crees.org.do\/index.php?rest_route=\/wp\/v2\/posts\/24983","targetHints":{"allow":["GET"]}}],"collection":[{"href":"https:\/\/crees.org.do\/index.php?rest_route=\/wp\/v2\/posts"}],"about":[{"href":"https:\/\/crees.org.do\/index.php?rest_route=\/wp\/v2\/types\/post"}],"author":[{"embeddable":true,"href":"https:\/\/crees.org.do\/index.php?rest_route=\/wp\/v2\/users\/2"}],"replies":[{"embeddable":true,"href":"https:\/\/crees.org.do\/index.php?rest_route=%2Fwp%2Fv2%2Fcomments&post=24983"}],"version-history":[{"count":2,"href":"https:\/\/crees.org.do\/index.php?rest_route=\/wp\/v2\/posts\/24983\/revisions"}],"predecessor-version":[{"id":24988,"href":"https:\/\/crees.org.do\/index.php?rest_route=\/wp\/v2\/posts\/24983\/revisions\/24988"}],"wp:featuredmedia":[{"embeddable":true,"href":"https:\/\/crees.org.do\/index.php?rest_route=\/wp\/v2\/media\/24976"}],"wp:attachment":[{"href":"https:\/\/crees.org.do\/index.php?rest_route=%2Fwp%2Fv2%2Fmedia&parent=24983"}],"wp:term":[{"taxonomy":"category","embeddable":true,"href":"https:\/\/crees.org.do\/index.php?rest_route=%2Fwp%2Fv2%2Fcategories&post=24983"},{"taxonomy":"post_tag","embeddable":true,"href":"https:\/\/crees.org.do\/index.php?rest_route=%2Fwp%2Fv2%2Ftags&post=24983"}],"curies":[{"name":"wp","href":"https:\/\/api.w.org\/{rel}","templated":true}]}}