{"id":24984,"date":"2023-05-31T17:32:22","date_gmt":"2023-05-31T17:32:22","guid":{"rendered":"https:\/\/crees.org.do\/?p=24984"},"modified":"2023-06-01T18:34:45","modified_gmt":"2023-06-01T18:34:45","slug":"tasa-de-impuesto-al-valor-agregado-en-los-paises-de-america-latina-2023","status":"publish","type":"post","link":"https:\/\/crees.org.do\/?p=24984","title":{"rendered":"Tasa de Impuesto al Valor Agregado en los pa\u00edses de Am\u00e9rica Latina, 2023"},"content":{"rendered":"<p><img fetchpriority=\"high\" decoding=\"async\" class=\"aligncenter wp-image-24985\" src=\"https:\/\/crees.org.do\/wp-content\/uploads\/2023\/05\/Slide-1-6.png\" alt=\"Tasa de Impuesto al Valor Agregado en los pa\u00edses de Am\u00e9rica Latina, 2023\" width=\"896\" height=\"896\" srcset=\"https:\/\/crees.org.do\/wp-content\/uploads\/2023\/05\/Slide-1-6.png 1080w, https:\/\/crees.org.do\/wp-content\/uploads\/2023\/05\/Slide-1-6-450x450.png 450w, https:\/\/crees.org.do\/wp-content\/uploads\/2023\/05\/Slide-1-6-150x150.png 150w, https:\/\/crees.org.do\/wp-content\/uploads\/2023\/05\/Slide-1-6-768x768.png 768w, https:\/\/crees.org.do\/wp-content\/uploads\/2023\/05\/Slide-1-6-300x300.png 300w, https:\/\/crees.org.do\/wp-content\/uploads\/2023\/05\/Slide-1-6-600x600.png 600w, https:\/\/crees.org.do\/wp-content\/uploads\/2023\/05\/Slide-1-6-100x100.png 100w\" sizes=\"(max-width: 896px) 100vw, 896px\" \/><\/p>\n<h1>Tasa de Impuesto al Valor Agregado en los pa\u00edses de Am\u00e9rica Latina, 2023<\/h1>\n<p style=\"text-align: justify;\">En Rep\u00fablica Dominicana el equivalente al Impuesto al Valor Agregado es el ITBIS (Impuesto sobre las Transferencias de Bienes Industrializados y Servicios), cuya tasa m\u00e1s general es de 18.0%. Esto significa una tasa que es 5.5 puntos porcentuales superior a la tasa promedio de los pa\u00edses de Am\u00e9rica Central y 2.1 puntos porcentuales superior a la tasa promedio de Am\u00e9rica Latina.<\/p>\n<p style=\"text-align: justify;\">Como se puede observar en la gr\u00e1fica, actualmente Rep\u00fablica Dominicana, en conjunto con Per\u00fa, ocupa la quinta posici\u00f3n con la tasa de IVA m\u00e1s alta en Am\u00e9rica Latina. Brasil, cuya tasa de IVA federal o impuesto especial (IPI) normalmente va desde el 5% al 30%, es el pa\u00eds con mayor tasa en la regi\u00f3n. A este le siguen Uruguay (22.0%) y Argentina (21.0%); mientras que Paraguay (10.0%) y Panam\u00e1 (7.0%) son los que tienen menor tasa.<\/p>\n<p style=\"text-align: justify;\">El IVA es un impuesto indirecto que grava el precio de los bienes y servicios adquiridos por las empresas y los consumidores. La figura impositiva del IVA, o en nuestro caso ITBIS, interfiere con las estructura de precios de los mercados limitando las cantidades de bienes y servicios que pueden adquirir los consumidores y las cantidades de bienes y servicios que pueden producir las empresas debido a que tienen que enfrentarse a mayores costos de producci\u00f3n.<\/p>\n<p style=\"text-align: justify;\">En adici\u00f3n a las distorsiones anteriores, un ITBIS alto y con muchas exenciones como el que prevalece en Rep\u00fablica Dominicana funciona como un incentivo a la evasi\u00f3n y elusi\u00f3n. La existencia de bienes gravados a tasa de 16% y 18% juntos con otros que permanecen totalmente exentos del impuesto crea un incentivo a la subvaluaci\u00f3n de las ventas que afecta las recaudaciones del ITBIS y las del impuesto sobre la renta. En consecuencia, es necesaria una reforma al C\u00f3digo Tributario, simplificando el sistema impositivo; disminuyendo tasas como la del ITBIS.<\/p>\n<div class=\"pvc_clear\"><\/div>\n<p class=\"pvc_stats all \" data-element-id=\"24984\" style=\"\"><i class=\"pvc-stats-icon medium\" aria-hidden=\"true\"><svg aria-hidden=\"true\" focusable=\"false\" data-prefix=\"far\" data-icon=\"chart-bar\" role=\"img\" xmlns=\"http:\/\/www.w3.org\/2000\/svg\" viewBox=\"0 0 512 512\" class=\"svg-inline--fa fa-chart-bar fa-w-16 fa-2x\"><path fill=\"currentColor\" d=\"M396.8 352h22.4c6.4 0 12.8-6.4 12.8-12.8V108.8c0-6.4-6.4-12.8-12.8-12.8h-22.4c-6.4 0-12.8 6.4-12.8 12.8v230.4c0 6.4 6.4 12.8 12.8 12.8zm-192 0h22.4c6.4 0 12.8-6.4 12.8-12.8V140.8c0-6.4-6.4-12.8-12.8-12.8h-22.4c-6.4 0-12.8 6.4-12.8 12.8v198.4c0 6.4 6.4 12.8 12.8 12.8zm96 0h22.4c6.4 0 12.8-6.4 12.8-12.8V204.8c0-6.4-6.4-12.8-12.8-12.8h-22.4c-6.4 0-12.8 6.4-12.8 12.8v134.4c0 6.4 6.4 12.8 12.8 12.8zM496 400H48V80c0-8.84-7.16-16-16-16H16C7.16 64 0 71.16 0 80v336c0 17.67 14.33 32 32 32h464c8.84 0 16-7.16 16-16v-16c0-8.84-7.16-16-16-16zm-387.2-48h22.4c6.4 0 12.8-6.4 12.8-12.8v-70.4c0-6.4-6.4-12.8-12.8-12.8h-22.4c-6.4 0-12.8 6.4-12.8 12.8v70.4c0 6.4 6.4 12.8 12.8 12.8z\" class=\"\"><\/path><\/svg><\/i> Vistas Totales&nbsp;4,507&nbsp;, Vistas Hoy&nbsp;4&nbsp;<\/p>\n<div class=\"pvc_clear\"><\/div>\n","protected":false},"excerpt":{"rendered":"<p>Tasa de Impuesto al Valor Agregado en los pa\u00edses de Am\u00e9rica Latina, 2023 En Rep\u00fablica Dominicana el equivalente al Impuesto al Valor Agregado es el ITBIS (Impuesto sobre las Transferencias de Bienes Industrializados y Servicios), cuya tasa m\u00e1s general es de 18.0%. Esto significa una tasa que es 5.5 puntos porcentuales superior a la tasa&#8230;<\/p>\n<div class=\"pvc_clear\"><\/div>\n<p class=\"pvc_stats all \" data-element-id=\"24984\" style=\"\"><i class=\"pvc-stats-icon medium\" aria-hidden=\"true\"><svg aria-hidden=\"true\" focusable=\"false\" data-prefix=\"far\" data-icon=\"chart-bar\" role=\"img\" xmlns=\"http:\/\/www.w3.org\/2000\/svg\" viewBox=\"0 0 512 512\" class=\"svg-inline--fa fa-chart-bar fa-w-16 fa-2x\"><path fill=\"currentColor\" d=\"M396.8 352h22.4c6.4 0 12.8-6.4 12.8-12.8V108.8c0-6.4-6.4-12.8-12.8-12.8h-22.4c-6.4 0-12.8 6.4-12.8 12.8v230.4c0 6.4 6.4 12.8 12.8 12.8zm-192 0h22.4c6.4 0 12.8-6.4 12.8-12.8V140.8c0-6.4-6.4-12.8-12.8-12.8h-22.4c-6.4 0-12.8 6.4-12.8 12.8v198.4c0 6.4 6.4 12.8 12.8 12.8zm96 0h22.4c6.4 0 12.8-6.4 12.8-12.8V204.8c0-6.4-6.4-12.8-12.8-12.8h-22.4c-6.4 0-12.8 6.4-12.8 12.8v134.4c0 6.4 6.4 12.8 12.8 12.8zM496 400H48V80c0-8.84-7.16-16-16-16H16C7.16 64 0 71.16 0 80v336c0 17.67 14.33 32 32 32h464c8.84 0 16-7.16 16-16v-16c0-8.84-7.16-16-16-16zm-387.2-48h22.4c6.4 0 12.8-6.4 12.8-12.8v-70.4c0-6.4-6.4-12.8-12.8-12.8h-22.4c-6.4 0-12.8 6.4-12.8 12.8v70.4c0 6.4 6.4 12.8 12.8 12.8z\" class=\"\"><\/path><\/svg><\/i> Vistas Totales&nbsp;4,507&nbsp;, Vistas Hoy&nbsp;4&nbsp;<\/p>\n<div class=\"pvc_clear\"><\/div>\n","protected":false},"author":2,"featured_media":24985,"comment_status":"closed","ping_status":"closed","sticky":false,"template":"","format":"standard","meta":{"footnotes":""},"categories":[21],"tags":[],"class_list":["post-24984","post","type-post","status-publish","format-standard","has-post-thumbnail","hentry","category-blog"],"yoast_head":"<!-- This site is optimized with the Yoast SEO plugin v25.2 - https:\/\/yoast.com\/wordpress\/plugins\/seo\/ -->\n<title>Tasa de Impuesto al Valor Agregado en los pa\u00edses de Am\u00e9rica Latina, 2023 | CREES<\/title>\n<meta name=\"robots\" content=\"index, follow, max-snippet:-1, max-image-preview:large, max-video-preview:-1\" \/>\n<link rel=\"canonical\" href=\"https:\/\/crees.org.do\/?p=24984\" \/>\n<meta property=\"og:locale\" content=\"es_ES\" \/>\n<meta property=\"og:type\" content=\"article\" \/>\n<meta property=\"og:title\" content=\"Tasa de Impuesto al Valor Agregado en los pa\u00edses de Am\u00e9rica Latina, 2023 | CREES\" \/>\n<meta property=\"og:description\" content=\"Tasa de Impuesto al Valor Agregado en los pa\u00edses de Am\u00e9rica Latina, 2023 En Rep\u00fablica Dominicana el equivalente al Impuesto al Valor Agregado es el ITBIS (Impuesto sobre las Transferencias de Bienes Industrializados y Servicios), cuya tasa m\u00e1s general es de 18.0%. Esto significa una tasa que es 5.5 puntos porcentuales superior a la tasa...\" \/>\n<meta property=\"og:url\" content=\"https:\/\/crees.org.do\/?p=24984\" \/>\n<meta property=\"og:site_name\" content=\"CREES\" \/>\n<meta property=\"article:publisher\" content=\"https:\/\/www.facebook.com\/CREESRD\/\" \/>\n<meta property=\"article:published_time\" content=\"2023-05-31T17:32:22+00:00\" \/>\n<meta property=\"article:modified_time\" content=\"2023-06-01T18:34:45+00:00\" \/>\n<meta property=\"og:image\" content=\"https:\/\/crees.org.do\/wp-content\/uploads\/2023\/05\/Slide-1-6.png\" \/>\n\t<meta property=\"og:image:width\" content=\"1080\" \/>\n\t<meta property=\"og:image:height\" content=\"1080\" \/>\n\t<meta property=\"og:image:type\" content=\"image\/png\" \/>\n<meta name=\"author\" content=\"Crees\" \/>\n<meta name=\"twitter:card\" content=\"summary_large_image\" \/>\n<meta name=\"twitter:creator\" content=\"@CREESRD\" \/>\n<meta name=\"twitter:site\" content=\"@CREESRD\" \/>\n<meta name=\"twitter:label1\" content=\"Escrito por\" \/>\n\t<meta name=\"twitter:data1\" content=\"Crees\" \/>\n\t<meta name=\"twitter:label2\" content=\"Tiempo de lectura\" \/>\n\t<meta name=\"twitter:data2\" content=\"2 minutos\" \/>\n<script type=\"application\/ld+json\" class=\"yoast-schema-graph\">{\"@context\":\"https:\/\/schema.org\",\"@graph\":[{\"@type\":\"Article\",\"@id\":\"https:\/\/crees.org.do\/?p=24984#article\",\"isPartOf\":{\"@id\":\"https:\/\/crees.org.do\/?p=24984\"},\"author\":{\"name\":\"Crees\",\"@id\":\"https:\/\/crees.org.do\/#\/schema\/person\/e7f97cd94d7bf9cd0e0ce30acb7d56b8\"},\"headline\":\"Tasa de Impuesto al Valor Agregado en los pa\u00edses de Am\u00e9rica Latina, 2023\",\"datePublished\":\"2023-05-31T17:32:22+00:00\",\"dateModified\":\"2023-06-01T18:34:45+00:00\",\"mainEntityOfPage\":{\"@id\":\"https:\/\/crees.org.do\/?p=24984\"},\"wordCount\":339,\"publisher\":{\"@id\":\"https:\/\/crees.org.do\/#organization\"},\"image\":{\"@id\":\"https:\/\/crees.org.do\/?p=24984#primaryimage\"},\"thumbnailUrl\":\"https:\/\/crees.org.do\/wp-content\/uploads\/2023\/05\/Slide-1-6.png\",\"articleSection\":[\"Blog\"],\"inLanguage\":\"es\"},{\"@type\":\"WebPage\",\"@id\":\"https:\/\/crees.org.do\/?p=24984\",\"url\":\"https:\/\/crees.org.do\/?p=24984\",\"name\":\"Tasa de Impuesto al Valor Agregado en los pa\u00edses de Am\u00e9rica Latina, 2023 | CREES\",\"isPartOf\":{\"@id\":\"https:\/\/crees.org.do\/#website\"},\"primaryImageOfPage\":{\"@id\":\"https:\/\/crees.org.do\/?p=24984#primaryimage\"},\"image\":{\"@id\":\"https:\/\/crees.org.do\/?p=24984#primaryimage\"},\"thumbnailUrl\":\"https:\/\/crees.org.do\/wp-content\/uploads\/2023\/05\/Slide-1-6.png\",\"datePublished\":\"2023-05-31T17:32:22+00:00\",\"dateModified\":\"2023-06-01T18:34:45+00:00\",\"breadcrumb\":{\"@id\":\"https:\/\/crees.org.do\/?p=24984#breadcrumb\"},\"inLanguage\":\"es\",\"potentialAction\":[{\"@type\":\"ReadAction\",\"target\":[\"https:\/\/crees.org.do\/?p=24984\"]}]},{\"@type\":\"ImageObject\",\"inLanguage\":\"es\",\"@id\":\"https:\/\/crees.org.do\/?p=24984#primaryimage\",\"url\":\"https:\/\/crees.org.do\/wp-content\/uploads\/2023\/05\/Slide-1-6.png\",\"contentUrl\":\"https:\/\/crees.org.do\/wp-content\/uploads\/2023\/05\/Slide-1-6.png\",\"width\":1080,\"height\":1080,\"caption\":\"Tasa de Impuesto al Valor Agregado en los pa\u00edses de Am\u00e9rica Latina, 2023\"},{\"@type\":\"BreadcrumbList\",\"@id\":\"https:\/\/crees.org.do\/?p=24984#breadcrumb\",\"itemListElement\":[{\"@type\":\"ListItem\",\"position\":1,\"name\":\"Portada\",\"item\":\"https:\/\/crees.org.do\/\"},{\"@type\":\"ListItem\",\"position\":2,\"name\":\"Tasa de Impuesto al Valor Agregado en los pa\u00edses de Am\u00e9rica Latina, 2023\"}]},{\"@type\":\"WebSite\",\"@id\":\"https:\/\/crees.org.do\/#website\",\"url\":\"https:\/\/crees.org.do\/\",\"name\":\"CREES\",\"description\":\"Centro Regional de Estrategias Econ\u00f3micas Sostenibles\",\"publisher\":{\"@id\":\"https:\/\/crees.org.do\/#organization\"},\"potentialAction\":[{\"@type\":\"SearchAction\",\"target\":{\"@type\":\"EntryPoint\",\"urlTemplate\":\"https:\/\/crees.org.do\/?s={search_term_string}\"},\"query-input\":{\"@type\":\"PropertyValueSpecification\",\"valueRequired\":true,\"valueName\":\"search_term_string\"}}],\"inLanguage\":\"es\"},{\"@type\":\"Organization\",\"@id\":\"https:\/\/crees.org.do\/#organization\",\"name\":\"CREES | Centro Regional de Estrategias Econ\u00f3micas Sostenibles\",\"url\":\"https:\/\/crees.org.do\/\",\"logo\":{\"@type\":\"ImageObject\",\"inLanguage\":\"es\",\"@id\":\"https:\/\/crees.org.do\/#\/schema\/logo\/image\/\",\"url\":\"https:\/\/crees.org.do\/wp-content\/uploads\/2022\/03\/crees-logo-1.jpg\",\"contentUrl\":\"https:\/\/crees.org.do\/wp-content\/uploads\/2022\/03\/crees-logo-1.jpg\",\"width\":244,\"height\":71,\"caption\":\"CREES | Centro Regional de Estrategias Econ\u00f3micas Sostenibles\"},\"image\":{\"@id\":\"https:\/\/crees.org.do\/#\/schema\/logo\/image\/\"},\"sameAs\":[\"https:\/\/www.facebook.com\/CREESRD\/\",\"https:\/\/x.com\/CREESRD\"]},{\"@type\":\"Person\",\"@id\":\"https:\/\/crees.org.do\/#\/schema\/person\/e7f97cd94d7bf9cd0e0ce30acb7d56b8\",\"name\":\"Crees\",\"image\":{\"@type\":\"ImageObject\",\"inLanguage\":\"es\",\"@id\":\"https:\/\/crees.org.do\/#\/schema\/person\/image\/\",\"url\":\"https:\/\/secure.gravatar.com\/avatar\/390ac8f0be5d9aa046152553e2dd7011b59a512d89c150f5e5f28bb8d9a0b165?s=96&d=mm&r=g\",\"contentUrl\":\"https:\/\/secure.gravatar.com\/avatar\/390ac8f0be5d9aa046152553e2dd7011b59a512d89c150f5e5f28bb8d9a0b165?s=96&d=mm&r=g\",\"caption\":\"Crees\"},\"url\":\"https:\/\/crees.org.do\/?author=2\"}]}<\/script>\n<!-- \/ Yoast SEO plugin. -->","yoast_head_json":{"title":"Tasa de Impuesto al Valor Agregado en los pa\u00edses de Am\u00e9rica Latina, 2023 | CREES","robots":{"index":"index","follow":"follow","max-snippet":"max-snippet:-1","max-image-preview":"max-image-preview:large","max-video-preview":"max-video-preview:-1"},"canonical":"https:\/\/crees.org.do\/?p=24984","og_locale":"es_ES","og_type":"article","og_title":"Tasa de Impuesto al Valor Agregado en los pa\u00edses de Am\u00e9rica Latina, 2023 | CREES","og_description":"Tasa de Impuesto al Valor Agregado en los pa\u00edses de Am\u00e9rica Latina, 2023 En Rep\u00fablica Dominicana el equivalente al Impuesto al Valor Agregado es el ITBIS (Impuesto sobre las Transferencias de Bienes Industrializados y Servicios), cuya tasa m\u00e1s general es de 18.0%. Esto significa una tasa que es 5.5 puntos porcentuales superior a la tasa...","og_url":"https:\/\/crees.org.do\/?p=24984","og_site_name":"CREES","article_publisher":"https:\/\/www.facebook.com\/CREESRD\/","article_published_time":"2023-05-31T17:32:22+00:00","article_modified_time":"2023-06-01T18:34:45+00:00","og_image":[{"width":1080,"height":1080,"url":"https:\/\/crees.org.do\/wp-content\/uploads\/2023\/05\/Slide-1-6.png","type":"image\/png"}],"author":"Crees","twitter_card":"summary_large_image","twitter_creator":"@CREESRD","twitter_site":"@CREESRD","twitter_misc":{"Escrito por":"Crees","Tiempo de lectura":"2 minutos"},"schema":{"@context":"https:\/\/schema.org","@graph":[{"@type":"Article","@id":"https:\/\/crees.org.do\/?p=24984#article","isPartOf":{"@id":"https:\/\/crees.org.do\/?p=24984"},"author":{"name":"Crees","@id":"https:\/\/crees.org.do\/#\/schema\/person\/e7f97cd94d7bf9cd0e0ce30acb7d56b8"},"headline":"Tasa de Impuesto al Valor Agregado en los pa\u00edses de Am\u00e9rica Latina, 2023","datePublished":"2023-05-31T17:32:22+00:00","dateModified":"2023-06-01T18:34:45+00:00","mainEntityOfPage":{"@id":"https:\/\/crees.org.do\/?p=24984"},"wordCount":339,"publisher":{"@id":"https:\/\/crees.org.do\/#organization"},"image":{"@id":"https:\/\/crees.org.do\/?p=24984#primaryimage"},"thumbnailUrl":"https:\/\/crees.org.do\/wp-content\/uploads\/2023\/05\/Slide-1-6.png","articleSection":["Blog"],"inLanguage":"es"},{"@type":"WebPage","@id":"https:\/\/crees.org.do\/?p=24984","url":"https:\/\/crees.org.do\/?p=24984","name":"Tasa de Impuesto al Valor Agregado en los pa\u00edses de Am\u00e9rica Latina, 2023 | CREES","isPartOf":{"@id":"https:\/\/crees.org.do\/#website"},"primaryImageOfPage":{"@id":"https:\/\/crees.org.do\/?p=24984#primaryimage"},"image":{"@id":"https:\/\/crees.org.do\/?p=24984#primaryimage"},"thumbnailUrl":"https:\/\/crees.org.do\/wp-content\/uploads\/2023\/05\/Slide-1-6.png","datePublished":"2023-05-31T17:32:22+00:00","dateModified":"2023-06-01T18:34:45+00:00","breadcrumb":{"@id":"https:\/\/crees.org.do\/?p=24984#breadcrumb"},"inLanguage":"es","potentialAction":[{"@type":"ReadAction","target":["https:\/\/crees.org.do\/?p=24984"]}]},{"@type":"ImageObject","inLanguage":"es","@id":"https:\/\/crees.org.do\/?p=24984#primaryimage","url":"https:\/\/crees.org.do\/wp-content\/uploads\/2023\/05\/Slide-1-6.png","contentUrl":"https:\/\/crees.org.do\/wp-content\/uploads\/2023\/05\/Slide-1-6.png","width":1080,"height":1080,"caption":"Tasa de Impuesto al Valor Agregado en los pa\u00edses de Am\u00e9rica Latina, 2023"},{"@type":"BreadcrumbList","@id":"https:\/\/crees.org.do\/?p=24984#breadcrumb","itemListElement":[{"@type":"ListItem","position":1,"name":"Portada","item":"https:\/\/crees.org.do\/"},{"@type":"ListItem","position":2,"name":"Tasa de Impuesto al Valor Agregado en los pa\u00edses de Am\u00e9rica Latina, 2023"}]},{"@type":"WebSite","@id":"https:\/\/crees.org.do\/#website","url":"https:\/\/crees.org.do\/","name":"CREES","description":"Centro Regional de Estrategias Econ\u00f3micas Sostenibles","publisher":{"@id":"https:\/\/crees.org.do\/#organization"},"potentialAction":[{"@type":"SearchAction","target":{"@type":"EntryPoint","urlTemplate":"https:\/\/crees.org.do\/?s={search_term_string}"},"query-input":{"@type":"PropertyValueSpecification","valueRequired":true,"valueName":"search_term_string"}}],"inLanguage":"es"},{"@type":"Organization","@id":"https:\/\/crees.org.do\/#organization","name":"CREES | Centro Regional de Estrategias Econ\u00f3micas Sostenibles","url":"https:\/\/crees.org.do\/","logo":{"@type":"ImageObject","inLanguage":"es","@id":"https:\/\/crees.org.do\/#\/schema\/logo\/image\/","url":"https:\/\/crees.org.do\/wp-content\/uploads\/2022\/03\/crees-logo-1.jpg","contentUrl":"https:\/\/crees.org.do\/wp-content\/uploads\/2022\/03\/crees-logo-1.jpg","width":244,"height":71,"caption":"CREES | Centro Regional de Estrategias Econ\u00f3micas Sostenibles"},"image":{"@id":"https:\/\/crees.org.do\/#\/schema\/logo\/image\/"},"sameAs":["https:\/\/www.facebook.com\/CREESRD\/","https:\/\/x.com\/CREESRD"]},{"@type":"Person","@id":"https:\/\/crees.org.do\/#\/schema\/person\/e7f97cd94d7bf9cd0e0ce30acb7d56b8","name":"Crees","image":{"@type":"ImageObject","inLanguage":"es","@id":"https:\/\/crees.org.do\/#\/schema\/person\/image\/","url":"https:\/\/secure.gravatar.com\/avatar\/390ac8f0be5d9aa046152553e2dd7011b59a512d89c150f5e5f28bb8d9a0b165?s=96&d=mm&r=g","contentUrl":"https:\/\/secure.gravatar.com\/avatar\/390ac8f0be5d9aa046152553e2dd7011b59a512d89c150f5e5f28bb8d9a0b165?s=96&d=mm&r=g","caption":"Crees"},"url":"https:\/\/crees.org.do\/?author=2"}]}},"_links":{"self":[{"href":"https:\/\/crees.org.do\/index.php?rest_route=\/wp\/v2\/posts\/24984","targetHints":{"allow":["GET"]}}],"collection":[{"href":"https:\/\/crees.org.do\/index.php?rest_route=\/wp\/v2\/posts"}],"about":[{"href":"https:\/\/crees.org.do\/index.php?rest_route=\/wp\/v2\/types\/post"}],"author":[{"embeddable":true,"href":"https:\/\/crees.org.do\/index.php?rest_route=\/wp\/v2\/users\/2"}],"replies":[{"embeddable":true,"href":"https:\/\/crees.org.do\/index.php?rest_route=%2Fwp%2Fv2%2Fcomments&post=24984"}],"version-history":[{"count":1,"href":"https:\/\/crees.org.do\/index.php?rest_route=\/wp\/v2\/posts\/24984\/revisions"}],"predecessor-version":[{"id":24986,"href":"https:\/\/crees.org.do\/index.php?rest_route=\/wp\/v2\/posts\/24984\/revisions\/24986"}],"wp:featuredmedia":[{"embeddable":true,"href":"https:\/\/crees.org.do\/index.php?rest_route=\/wp\/v2\/media\/24985"}],"wp:attachment":[{"href":"https:\/\/crees.org.do\/index.php?rest_route=%2Fwp%2Fv2%2Fmedia&parent=24984"}],"wp:term":[{"taxonomy":"category","embeddable":true,"href":"https:\/\/crees.org.do\/index.php?rest_route=%2Fwp%2Fv2%2Fcategories&post=24984"},{"taxonomy":"post_tag","embeddable":true,"href":"https:\/\/crees.org.do\/index.php?rest_route=%2Fwp%2Fv2%2Ftags&post=24984"}],"curies":[{"name":"wp","href":"https:\/\/api.w.org\/{rel}","templated":true}]}}