{"id":24989,"date":"2023-06-01T14:19:59","date_gmt":"2023-06-01T14:19:59","guid":{"rendered":"https:\/\/crees.org.do\/?p=24989"},"modified":"2023-06-01T14:19:59","modified_gmt":"2023-06-01T14:19:59","slug":"economistas-estiman-era-previsible-baja-en-tasa-de-politica-monetaria","status":"publish","type":"post","link":"https:\/\/crees.org.do\/?p=24989","title":{"rendered":"Economistas estiman era previsible baja en tasa de pol\u00edtica monetaria"},"content":{"rendered":"<p>Autor: C\u00e1ndida Acosta<\/p>\n<p>Fecha: 1 de junio del 2023<\/p>\n<p>Extra\u00eddo de: List\u00edn\u00a0 Diario<\/p>\n<h2>Economistas estiman era previsible baja en tasa de pol\u00edtica monetaria<\/h2>\n<div class=\"c-detail-header\">\n<div class=\"c-detail__subtitle\">\n<div>\n<p>Citan entre las razones descenso de la inflaci\u00f3n y cambios en factores externos.<\/p>\n<p style=\"text-align: justify;\">Economistas coinciden en que era previsible la decisi\u00f3n del Banco Central de la Rep\u00fablica Dominicana (BCRD) de bajar su tasa de pol\u00edtica monetaria, debido a que la inflaci\u00f3n ha comenzado a ceder.<\/p>\n<p style=\"text-align: justify;\">Luis Manuel Piantini considera que ya las autoridades monetarias se hab\u00edan expresado que tan pronto la inflaci\u00f3n subyacente cayera por debajo de la general, se tomar\u00eda la decisi\u00f3n de bajar la tasa de pol\u00edtica para estimular la econom\u00eda.<\/p>\n<p style=\"text-align: justify;\">El economista destac\u00f3 que los precios del petr\u00f3leo se han desplomado en el mercado internacional, lo que le quita presi\u00f3n a la inflaci\u00f3n externa y permite que el Gobierno rebaje los precios dom\u00e9sticos, lo cual tambi\u00e9n ayuda a la reducci\u00f3n de la inflaci\u00f3n en el pa\u00eds.<\/p>\n<div class=\"c-detail__body\" style=\"text-align: justify;\">\n<p>\u201cPero por la ca\u00edda del valor exportado y el aumento del valor de las importaciones es bueno que las autoridades mantengan el ojo avizor sobre el comportamiento de las cuentas externas y que estas no se deterioren para empujar una devaluaci\u00f3n de la moneda, lo cual reinvertir\u00eda el esfuerzo de reducir la inflaci\u00f3n de origen dom\u00e9stica\u201d, precis\u00f3 Piantini.<\/p>\n<p>Mientras Miguel Collado Di Franco, vicepresidente ejecutivo del Centro Regional de Estrategias Econ\u00f3micas Sostenibles (CREES), afirma que la Junta Monetaria adopt\u00f3 una decisi\u00f3n que los agentes econ\u00f3micos anticiparon, ya que hab\u00edan anunciado el cambio de pol\u00edtica una vez que el dato de inflaci\u00f3n estuviera en el rango meta, o sea, por debajo de 5%.<\/p>\n<p>Aduce que la reducci\u00f3n en la actividad econ\u00f3mica interna, la apreciaci\u00f3n del tipo de cambio, la desaceleraci\u00f3n de la inflaci\u00f3n internacional, la baja en materias primas importantes, como el petr\u00f3leo, son se\u00f1ales de la tendencia de la inflaci\u00f3n interna.<\/p>\n<p>Dijo que contin\u00faan subiendo los precios a niveles superiores a los que prevalec\u00edan antes de la pandemia, pero lo hacen a una tasa menor que cuando se implementaron las pol\u00edticas monetarias m\u00e1s restrictivas a finales del 2021.<\/p>\n<p>&#8220;El cambio de pol\u00edtica que inicia con esta decisi\u00f3n de tipo de referencia coloca a las autoridades monetarias en una posici\u00f3n de contribuir con el crecimiento de corto plazo&#8221;, precis\u00f3.<\/p>\n<p>A su juicio, en un a\u00f1o preelectoral y ante un panorama de una posible reelecci\u00f3n, las autoridades monetarias tratar\u00e1n de modificar el comportamiento de la actividad econ\u00f3mica en la primera parte de 2023.<\/p>\n<p>Para Antonio Ciriaco Cruz, decano de la Facultad de Econom\u00eda de la Universidad Aut\u00f3noma de Santo Domingo (UASD), la decisi\u00f3n que ha tomado el BCRD de disminuir su Tasa de Pol\u00edtica Monetaria (TPM) de 8.5% a 8.0 % , o sea, 50 puntos b\u00e1sicos, es muy pertinente, ya que mejora las expectativas de crecimiento de la econom\u00eda en una coyuntura de reducci\u00f3n de la inflaci\u00f3n.<\/p>\n<p>&#8220;La reducci\u00f3n en la TPM tendr\u00e1 un efecto positivo en la demanda interna, tanto en el consumo privado como en la inversi\u00f3n privada&#8221;, refiri\u00f3.<\/p>\n<p>El economista agreg\u00f3 que el hecho de que se adopten otras medidas de est\u00edmulos para los hogares y sectores productivos provocar\u00e1 un cambio de tendencia hacia metas de crecimiento convergente a un crecimiento econ\u00f3mico, en una horquilla entre 4 % y 4.5 % al final del a\u00f1o 2023.<\/p>\n<p>Con estas medidas, asegura, el desempe\u00f1o de la econom\u00eda dominicana durante esta segunda mitad, provocar\u00e1 una aceleraci\u00f3n en la actividad econ\u00f3mica, garantizando metas de crecimiento y empleo.<\/p>\n<\/div>\n<div class=\"c-detail__tags\" style=\"text-align: justify;\"><\/div>\n<\/div>\n<\/div>\n<\/div>\n<div class=\"pvc_clear\"><\/div>\n<p class=\"pvc_stats all \" data-element-id=\"24989\" style=\"\"><i class=\"pvc-stats-icon medium\" aria-hidden=\"true\"><svg aria-hidden=\"true\" focusable=\"false\" data-prefix=\"far\" data-icon=\"chart-bar\" role=\"img\" xmlns=\"http:\/\/www.w3.org\/2000\/svg\" viewBox=\"0 0 512 512\" class=\"svg-inline--fa fa-chart-bar fa-w-16 fa-2x\"><path fill=\"currentColor\" d=\"M396.8 352h22.4c6.4 0 12.8-6.4 12.8-12.8V108.8c0-6.4-6.4-12.8-12.8-12.8h-22.4c-6.4 0-12.8 6.4-12.8 12.8v230.4c0 6.4 6.4 12.8 12.8 12.8zm-192 0h22.4c6.4 0 12.8-6.4 12.8-12.8V140.8c0-6.4-6.4-12.8-12.8-12.8h-22.4c-6.4 0-12.8 6.4-12.8 12.8v198.4c0 6.4 6.4 12.8 12.8 12.8zm96 0h22.4c6.4 0 12.8-6.4 12.8-12.8V204.8c0-6.4-6.4-12.8-12.8-12.8h-22.4c-6.4 0-12.8 6.4-12.8 12.8v134.4c0 6.4 6.4 12.8 12.8 12.8zM496 400H48V80c0-8.84-7.16-16-16-16H16C7.16 64 0 71.16 0 80v336c0 17.67 14.33 32 32 32h464c8.84 0 16-7.16 16-16v-16c0-8.84-7.16-16-16-16zm-387.2-48h22.4c6.4 0 12.8-6.4 12.8-12.8v-70.4c0-6.4-6.4-12.8-12.8-12.8h-22.4c-6.4 0-12.8 6.4-12.8 12.8v70.4c0 6.4 6.4 12.8 12.8 12.8z\" class=\"\"><\/path><\/svg><\/i> Vistas Totales&nbsp;1,221&nbsp;, Vistas Hoy&nbsp;2&nbsp;<\/p>\n<div class=\"pvc_clear\"><\/div>\n","protected":false},"excerpt":{"rendered":"<p>Autor: C\u00e1ndida Acosta Fecha: 1 de junio del 2023 Extra\u00eddo de: List\u00edn\u00a0 Diario Economistas estiman era previsible baja en tasa de pol\u00edtica monetaria Citan entre las razones descenso de la inflaci\u00f3n y cambios en factores externos. Economistas coinciden en que era previsible la decisi\u00f3n del Banco Central de la Rep\u00fablica Dominicana (BCRD) de bajar su&#8230;<\/p>\n<div class=\"pvc_clear\"><\/div>\n<p class=\"pvc_stats all \" data-element-id=\"24989\" style=\"\"><i class=\"pvc-stats-icon medium\" aria-hidden=\"true\"><svg aria-hidden=\"true\" focusable=\"false\" data-prefix=\"far\" data-icon=\"chart-bar\" role=\"img\" xmlns=\"http:\/\/www.w3.org\/2000\/svg\" viewBox=\"0 0 512 512\" class=\"svg-inline--fa fa-chart-bar fa-w-16 fa-2x\"><path fill=\"currentColor\" d=\"M396.8 352h22.4c6.4 0 12.8-6.4 12.8-12.8V108.8c0-6.4-6.4-12.8-12.8-12.8h-22.4c-6.4 0-12.8 6.4-12.8 12.8v230.4c0 6.4 6.4 12.8 12.8 12.8zm-192 0h22.4c6.4 0 12.8-6.4 12.8-12.8V140.8c0-6.4-6.4-12.8-12.8-12.8h-22.4c-6.4 0-12.8 6.4-12.8 12.8v198.4c0 6.4 6.4 12.8 12.8 12.8zm96 0h22.4c6.4 0 12.8-6.4 12.8-12.8V204.8c0-6.4-6.4-12.8-12.8-12.8h-22.4c-6.4 0-12.8 6.4-12.8 12.8v134.4c0 6.4 6.4 12.8 12.8 12.8zM496 400H48V80c0-8.84-7.16-16-16-16H16C7.16 64 0 71.16 0 80v336c0 17.67 14.33 32 32 32h464c8.84 0 16-7.16 16-16v-16c0-8.84-7.16-16-16-16zm-387.2-48h22.4c6.4 0 12.8-6.4 12.8-12.8v-70.4c0-6.4-6.4-12.8-12.8-12.8h-22.4c-6.4 0-12.8 6.4-12.8 12.8v70.4c0 6.4 6.4 12.8 12.8 12.8z\" class=\"\"><\/path><\/svg><\/i> Vistas Totales&nbsp;1,221&nbsp;, Vistas Hoy&nbsp;2&nbsp;<\/p>\n<div class=\"pvc_clear\"><\/div>\n","protected":false},"author":2,"featured_media":24990,"comment_status":"closed","ping_status":"closed","sticky":false,"template":"","format":"standard","meta":{"footnotes":""},"categories":[19],"tags":[],"class_list":["post-24989","post","type-post","status-publish","format-standard","has-post-thumbnail","hentry","category-actualidad"],"yoast_head":"<!-- This site is optimized with the Yoast SEO plugin v25.2 - https:\/\/yoast.com\/wordpress\/plugins\/seo\/ -->\n<title>Economistas estiman era previsible baja en tasa de pol\u00edtica monetaria | CREES<\/title>\n<meta name=\"robots\" content=\"index, follow, max-snippet:-1, max-image-preview:large, max-video-preview:-1\" \/>\n<link rel=\"canonical\" href=\"https:\/\/crees.org.do\/?p=24989\" \/>\n<meta property=\"og:locale\" content=\"es_ES\" \/>\n<meta property=\"og:type\" content=\"article\" \/>\n<meta property=\"og:title\" content=\"Economistas estiman era previsible baja en tasa de pol\u00edtica monetaria | CREES\" \/>\n<meta property=\"og:description\" content=\"Autor: C\u00e1ndida Acosta Fecha: 1 de junio del 2023 Extra\u00eddo de: List\u00edn\u00a0 Diario Economistas estiman era previsible baja en tasa de pol\u00edtica monetaria Citan entre las razones descenso de la inflaci\u00f3n y cambios en factores externos. Economistas coinciden en que era previsible la decisi\u00f3n del Banco Central de la Rep\u00fablica Dominicana (BCRD) de bajar su...\" \/>\n<meta property=\"og:url\" content=\"https:\/\/crees.org.do\/?p=24989\" \/>\n<meta property=\"og:site_name\" content=\"CREES\" \/>\n<meta property=\"article:publisher\" content=\"https:\/\/www.facebook.com\/CREESRD\/\" \/>\n<meta property=\"article:published_time\" content=\"2023-06-01T14:19:59+00:00\" \/>\n<meta property=\"og:image\" content=\"https:\/\/crees.org.do\/wp-content\/uploads\/2023\/06\/6477e351a77ad.jpeg\" \/>\n\t<meta property=\"og:image:width\" content=\"950\" \/>\n\t<meta property=\"og:image:height\" content=\"465\" \/>\n\t<meta property=\"og:image:type\" content=\"image\/jpeg\" \/>\n<meta name=\"author\" content=\"Crees\" \/>\n<meta name=\"twitter:card\" content=\"summary_large_image\" \/>\n<meta name=\"twitter:creator\" content=\"@CREESRD\" \/>\n<meta name=\"twitter:site\" content=\"@CREESRD\" \/>\n<meta name=\"twitter:label1\" content=\"Escrito por\" \/>\n\t<meta name=\"twitter:data1\" content=\"Crees\" \/>\n\t<meta name=\"twitter:label2\" content=\"Tiempo de lectura\" \/>\n\t<meta name=\"twitter:data2\" content=\"3 minutos\" \/>\n<script type=\"application\/ld+json\" class=\"yoast-schema-graph\">{\"@context\":\"https:\/\/schema.org\",\"@graph\":[{\"@type\":\"Article\",\"@id\":\"https:\/\/crees.org.do\/?p=24989#article\",\"isPartOf\":{\"@id\":\"https:\/\/crees.org.do\/?p=24989\"},\"author\":{\"name\":\"Crees\",\"@id\":\"https:\/\/crees.org.do\/#\/schema\/person\/e7f97cd94d7bf9cd0e0ce30acb7d56b8\"},\"headline\":\"Economistas estiman era previsible baja en tasa de pol\u00edtica monetaria\",\"datePublished\":\"2023-06-01T14:19:59+00:00\",\"mainEntityOfPage\":{\"@id\":\"https:\/\/crees.org.do\/?p=24989\"},\"wordCount\":633,\"publisher\":{\"@id\":\"https:\/\/crees.org.do\/#organization\"},\"image\":{\"@id\":\"https:\/\/crees.org.do\/?p=24989#primaryimage\"},\"thumbnailUrl\":\"https:\/\/crees.org.do\/wp-content\/uploads\/2023\/06\/6477e351a77ad.jpeg\",\"articleSection\":[\"Actualidad\"],\"inLanguage\":\"es\"},{\"@type\":\"WebPage\",\"@id\":\"https:\/\/crees.org.do\/?p=24989\",\"url\":\"https:\/\/crees.org.do\/?p=24989\",\"name\":\"Economistas estiman era previsible baja en tasa de pol\u00edtica monetaria | CREES\",\"isPartOf\":{\"@id\":\"https:\/\/crees.org.do\/#website\"},\"primaryImageOfPage\":{\"@id\":\"https:\/\/crees.org.do\/?p=24989#primaryimage\"},\"image\":{\"@id\":\"https:\/\/crees.org.do\/?p=24989#primaryimage\"},\"thumbnailUrl\":\"https:\/\/crees.org.do\/wp-content\/uploads\/2023\/06\/6477e351a77ad.jpeg\",\"datePublished\":\"2023-06-01T14:19:59+00:00\",\"breadcrumb\":{\"@id\":\"https:\/\/crees.org.do\/?p=24989#breadcrumb\"},\"inLanguage\":\"es\",\"potentialAction\":[{\"@type\":\"ReadAction\",\"target\":[\"https:\/\/crees.org.do\/?p=24989\"]}]},{\"@type\":\"ImageObject\",\"inLanguage\":\"es\",\"@id\":\"https:\/\/crees.org.do\/?p=24989#primaryimage\",\"url\":\"https:\/\/crees.org.do\/wp-content\/uploads\/2023\/06\/6477e351a77ad.jpeg\",\"contentUrl\":\"https:\/\/crees.org.do\/wp-content\/uploads\/2023\/06\/6477e351a77ad.jpeg\",\"width\":950,\"height\":465},{\"@type\":\"BreadcrumbList\",\"@id\":\"https:\/\/crees.org.do\/?p=24989#breadcrumb\",\"itemListElement\":[{\"@type\":\"ListItem\",\"position\":1,\"name\":\"Portada\",\"item\":\"https:\/\/crees.org.do\/\"},{\"@type\":\"ListItem\",\"position\":2,\"name\":\"Economistas estiman era previsible baja en tasa de pol\u00edtica monetaria\"}]},{\"@type\":\"WebSite\",\"@id\":\"https:\/\/crees.org.do\/#website\",\"url\":\"https:\/\/crees.org.do\/\",\"name\":\"CREES\",\"description\":\"Centro Regional de Estrategias Econ\u00f3micas Sostenibles\",\"publisher\":{\"@id\":\"https:\/\/crees.org.do\/#organization\"},\"potentialAction\":[{\"@type\":\"SearchAction\",\"target\":{\"@type\":\"EntryPoint\",\"urlTemplate\":\"https:\/\/crees.org.do\/?s={search_term_string}\"},\"query-input\":{\"@type\":\"PropertyValueSpecification\",\"valueRequired\":true,\"valueName\":\"search_term_string\"}}],\"inLanguage\":\"es\"},{\"@type\":\"Organization\",\"@id\":\"https:\/\/crees.org.do\/#organization\",\"name\":\"CREES | Centro Regional de Estrategias Econ\u00f3micas Sostenibles\",\"url\":\"https:\/\/crees.org.do\/\",\"logo\":{\"@type\":\"ImageObject\",\"inLanguage\":\"es\",\"@id\":\"https:\/\/crees.org.do\/#\/schema\/logo\/image\/\",\"url\":\"https:\/\/crees.org.do\/wp-content\/uploads\/2022\/03\/crees-logo-1.jpg\",\"contentUrl\":\"https:\/\/crees.org.do\/wp-content\/uploads\/2022\/03\/crees-logo-1.jpg\",\"width\":244,\"height\":71,\"caption\":\"CREES | Centro Regional de Estrategias Econ\u00f3micas Sostenibles\"},\"image\":{\"@id\":\"https:\/\/crees.org.do\/#\/schema\/logo\/image\/\"},\"sameAs\":[\"https:\/\/www.facebook.com\/CREESRD\/\",\"https:\/\/x.com\/CREESRD\"]},{\"@type\":\"Person\",\"@id\":\"https:\/\/crees.org.do\/#\/schema\/person\/e7f97cd94d7bf9cd0e0ce30acb7d56b8\",\"name\":\"Crees\",\"image\":{\"@type\":\"ImageObject\",\"inLanguage\":\"es\",\"@id\":\"https:\/\/crees.org.do\/#\/schema\/person\/image\/\",\"url\":\"https:\/\/secure.gravatar.com\/avatar\/390ac8f0be5d9aa046152553e2dd7011b59a512d89c150f5e5f28bb8d9a0b165?s=96&d=mm&r=g\",\"contentUrl\":\"https:\/\/secure.gravatar.com\/avatar\/390ac8f0be5d9aa046152553e2dd7011b59a512d89c150f5e5f28bb8d9a0b165?s=96&d=mm&r=g\",\"caption\":\"Crees\"},\"url\":\"https:\/\/crees.org.do\/?author=2\"}]}<\/script>\n<!-- \/ Yoast SEO plugin. -->","yoast_head_json":{"title":"Economistas estiman era previsible baja en tasa de pol\u00edtica monetaria | CREES","robots":{"index":"index","follow":"follow","max-snippet":"max-snippet:-1","max-image-preview":"max-image-preview:large","max-video-preview":"max-video-preview:-1"},"canonical":"https:\/\/crees.org.do\/?p=24989","og_locale":"es_ES","og_type":"article","og_title":"Economistas estiman era previsible baja en tasa de pol\u00edtica monetaria | CREES","og_description":"Autor: C\u00e1ndida Acosta Fecha: 1 de junio del 2023 Extra\u00eddo de: List\u00edn\u00a0 Diario Economistas estiman era previsible baja en tasa de pol\u00edtica monetaria Citan entre las razones descenso de la inflaci\u00f3n y cambios en factores externos. Economistas coinciden en que era previsible la decisi\u00f3n del Banco Central de la Rep\u00fablica Dominicana (BCRD) de bajar su...","og_url":"https:\/\/crees.org.do\/?p=24989","og_site_name":"CREES","article_publisher":"https:\/\/www.facebook.com\/CREESRD\/","article_published_time":"2023-06-01T14:19:59+00:00","og_image":[{"width":950,"height":465,"url":"https:\/\/crees.org.do\/wp-content\/uploads\/2023\/06\/6477e351a77ad.jpeg","type":"image\/jpeg"}],"author":"Crees","twitter_card":"summary_large_image","twitter_creator":"@CREESRD","twitter_site":"@CREESRD","twitter_misc":{"Escrito por":"Crees","Tiempo de lectura":"3 minutos"},"schema":{"@context":"https:\/\/schema.org","@graph":[{"@type":"Article","@id":"https:\/\/crees.org.do\/?p=24989#article","isPartOf":{"@id":"https:\/\/crees.org.do\/?p=24989"},"author":{"name":"Crees","@id":"https:\/\/crees.org.do\/#\/schema\/person\/e7f97cd94d7bf9cd0e0ce30acb7d56b8"},"headline":"Economistas estiman era previsible baja en tasa de pol\u00edtica monetaria","datePublished":"2023-06-01T14:19:59+00:00","mainEntityOfPage":{"@id":"https:\/\/crees.org.do\/?p=24989"},"wordCount":633,"publisher":{"@id":"https:\/\/crees.org.do\/#organization"},"image":{"@id":"https:\/\/crees.org.do\/?p=24989#primaryimage"},"thumbnailUrl":"https:\/\/crees.org.do\/wp-content\/uploads\/2023\/06\/6477e351a77ad.jpeg","articleSection":["Actualidad"],"inLanguage":"es"},{"@type":"WebPage","@id":"https:\/\/crees.org.do\/?p=24989","url":"https:\/\/crees.org.do\/?p=24989","name":"Economistas estiman era previsible baja en tasa de pol\u00edtica monetaria | CREES","isPartOf":{"@id":"https:\/\/crees.org.do\/#website"},"primaryImageOfPage":{"@id":"https:\/\/crees.org.do\/?p=24989#primaryimage"},"image":{"@id":"https:\/\/crees.org.do\/?p=24989#primaryimage"},"thumbnailUrl":"https:\/\/crees.org.do\/wp-content\/uploads\/2023\/06\/6477e351a77ad.jpeg","datePublished":"2023-06-01T14:19:59+00:00","breadcrumb":{"@id":"https:\/\/crees.org.do\/?p=24989#breadcrumb"},"inLanguage":"es","potentialAction":[{"@type":"ReadAction","target":["https:\/\/crees.org.do\/?p=24989"]}]},{"@type":"ImageObject","inLanguage":"es","@id":"https:\/\/crees.org.do\/?p=24989#primaryimage","url":"https:\/\/crees.org.do\/wp-content\/uploads\/2023\/06\/6477e351a77ad.jpeg","contentUrl":"https:\/\/crees.org.do\/wp-content\/uploads\/2023\/06\/6477e351a77ad.jpeg","width":950,"height":465},{"@type":"BreadcrumbList","@id":"https:\/\/crees.org.do\/?p=24989#breadcrumb","itemListElement":[{"@type":"ListItem","position":1,"name":"Portada","item":"https:\/\/crees.org.do\/"},{"@type":"ListItem","position":2,"name":"Economistas estiman era previsible baja en tasa de pol\u00edtica monetaria"}]},{"@type":"WebSite","@id":"https:\/\/crees.org.do\/#website","url":"https:\/\/crees.org.do\/","name":"CREES","description":"Centro Regional de Estrategias Econ\u00f3micas Sostenibles","publisher":{"@id":"https:\/\/crees.org.do\/#organization"},"potentialAction":[{"@type":"SearchAction","target":{"@type":"EntryPoint","urlTemplate":"https:\/\/crees.org.do\/?s={search_term_string}"},"query-input":{"@type":"PropertyValueSpecification","valueRequired":true,"valueName":"search_term_string"}}],"inLanguage":"es"},{"@type":"Organization","@id":"https:\/\/crees.org.do\/#organization","name":"CREES | Centro Regional de Estrategias Econ\u00f3micas Sostenibles","url":"https:\/\/crees.org.do\/","logo":{"@type":"ImageObject","inLanguage":"es","@id":"https:\/\/crees.org.do\/#\/schema\/logo\/image\/","url":"https:\/\/crees.org.do\/wp-content\/uploads\/2022\/03\/crees-logo-1.jpg","contentUrl":"https:\/\/crees.org.do\/wp-content\/uploads\/2022\/03\/crees-logo-1.jpg","width":244,"height":71,"caption":"CREES | Centro Regional de Estrategias Econ\u00f3micas Sostenibles"},"image":{"@id":"https:\/\/crees.org.do\/#\/schema\/logo\/image\/"},"sameAs":["https:\/\/www.facebook.com\/CREESRD\/","https:\/\/x.com\/CREESRD"]},{"@type":"Person","@id":"https:\/\/crees.org.do\/#\/schema\/person\/e7f97cd94d7bf9cd0e0ce30acb7d56b8","name":"Crees","image":{"@type":"ImageObject","inLanguage":"es","@id":"https:\/\/crees.org.do\/#\/schema\/person\/image\/","url":"https:\/\/secure.gravatar.com\/avatar\/390ac8f0be5d9aa046152553e2dd7011b59a512d89c150f5e5f28bb8d9a0b165?s=96&d=mm&r=g","contentUrl":"https:\/\/secure.gravatar.com\/avatar\/390ac8f0be5d9aa046152553e2dd7011b59a512d89c150f5e5f28bb8d9a0b165?s=96&d=mm&r=g","caption":"Crees"},"url":"https:\/\/crees.org.do\/?author=2"}]}},"_links":{"self":[{"href":"https:\/\/crees.org.do\/index.php?rest_route=\/wp\/v2\/posts\/24989","targetHints":{"allow":["GET"]}}],"collection":[{"href":"https:\/\/crees.org.do\/index.php?rest_route=\/wp\/v2\/posts"}],"about":[{"href":"https:\/\/crees.org.do\/index.php?rest_route=\/wp\/v2\/types\/post"}],"author":[{"embeddable":true,"href":"https:\/\/crees.org.do\/index.php?rest_route=\/wp\/v2\/users\/2"}],"replies":[{"embeddable":true,"href":"https:\/\/crees.org.do\/index.php?rest_route=%2Fwp%2Fv2%2Fcomments&post=24989"}],"version-history":[{"count":1,"href":"https:\/\/crees.org.do\/index.php?rest_route=\/wp\/v2\/posts\/24989\/revisions"}],"predecessor-version":[{"id":24991,"href":"https:\/\/crees.org.do\/index.php?rest_route=\/wp\/v2\/posts\/24989\/revisions\/24991"}],"wp:featuredmedia":[{"embeddable":true,"href":"https:\/\/crees.org.do\/index.php?rest_route=\/wp\/v2\/media\/24990"}],"wp:attachment":[{"href":"https:\/\/crees.org.do\/index.php?rest_route=%2Fwp%2Fv2%2Fmedia&parent=24989"}],"wp:term":[{"taxonomy":"category","embeddable":true,"href":"https:\/\/crees.org.do\/index.php?rest_route=%2Fwp%2Fv2%2Fcategories&post=24989"},{"taxonomy":"post_tag","embeddable":true,"href":"https:\/\/crees.org.do\/index.php?rest_route=%2Fwp%2Fv2%2Ftags&post=24989"}],"curies":[{"name":"wp","href":"https:\/\/api.w.org\/{rel}","templated":true}]}}