{"id":25003,"date":"2023-06-01T14:09:49","date_gmt":"2023-06-01T14:09:49","guid":{"rendered":"https:\/\/crees.org.do\/?p=25003"},"modified":"2023-06-02T14:10:07","modified_gmt":"2023-06-02T14:10:07","slug":"que-tan-rapido-reaccionan-los-bancos-dominicanos-cuando-varia-la-tasa-de-politica-monetaria","status":"publish","type":"post","link":"https:\/\/crees.org.do\/?p=25003","title":{"rendered":"\u00bfQu\u00e9 tan r\u00e1pido reaccionan los bancos dominicanos cuando var\u00eda la tasa de pol\u00edtica monetaria?"},"content":{"rendered":"<p>Autor: Massiel de Jes\u00fas<\/p>\n<p>Fecha: 1 de junio del 2023<\/p>\n<p>Extra\u00eddo de: El Dinero<\/p>\n<p style=\"text-align: justify;\">En Rep\u00fablica Dominicana la tasa de pol\u00edtica monetaria (TPM) llevaba seis meses sin variaci\u00f3n. El Banco Central, en su reuni\u00f3n de pol\u00edtica monetaria de mayo de 2023, decidi\u00f3 reducir su tasa de inter\u00e9s de pol\u00edtica monetaria en 50 puntos b\u00e1sicos, de 8.50% a 8.00% anual.<\/p>\n<p style=\"text-align: justify;\">La presi\u00f3n inflacionaria est\u00e1 relativamente controlada, por ello la autoridad monetaria ha empezado a flexibilizar las pol\u00edticas restrictivas y adoptar medidas de expansi\u00f3n para dinamizar la econom\u00eda local.<\/p>\n<p style=\"text-align: justify;\">Los clientes del sistema financiero esperan que con la reducci\u00f3n de la tasa de pol\u00edtica monetaria, los bancos comerciales tambi\u00e9n ajusten sus tasas de inter\u00e9s. Sin embargo, existe la idea de que cuando la tasa de pol\u00edtica monetaria baja los bancos son \u201cm\u00e1s r\u00e1pidos\u201d reduciendo la tasa pasiva y \u201cm\u00e1s lentos\u201d con la tasa activa, mientras que cuando sube son m\u00e1s lentos en ajustar la pasiva (la que pagan a los clientes por sus dep\u00f3sitos) y m\u00e1s diligentes subiendo la activa (la que los clientes pagan por los pr\u00e9stamos).<\/p>\n<p style=\"text-align: justify;\">\u00bfPor qu\u00e9 sucede esto? \u00bfEs una estrategia de los bancos? \u00bfSolo afecta a los clientes? \u00bfTodos ejecutan el mismo plan? \u00bfInfluye el tiempo? Los economistas Roberto Despradel y Miguel Collado Di Franco coinciden, por separado, en que esa idea \u201cse cae de la mata\u201d al observar el comportamiento de ambas tasas durante los \u00faltimos a\u00f1os.<\/p>\n<p style=\"text-align: justify;\">Por tanto entienden que se trata m\u00e1s de una percepci\u00f3n, ya que las estad\u00edsticas evidencian otra realidad. En tanto, sus hom\u00f3logos Antonio Ciriaco y Haivanjoe Ng Corti\u00f1as, fueron m\u00e1s cautelosos al opinar, debido a que el movimiento de una tasa u otra depende de varios factores.<\/p>\n<p style=\"text-align: justify;\">Ciriaco, decano de la Facultad de Econom\u00eda de la Universidad Aut\u00f3noma de Santo Domingo (UASD), explic\u00f3 que las tasas de inter\u00e9s pueden variar r\u00e1pido de un lado y de otro no, porque los bancos mantienen un margen de intermediaci\u00f3n (ganancia) que debe darles resultados.<\/p>\n<p style=\"text-align: justify;\">La tasa de inter\u00e9s activa es el porcentaje que los clientes pagan a los bancos cuando reciben un pr\u00e9stamo, mientras con la tasa pasiva sucede lo contrario (los bancos pagan a los ahorrantes por mantener sus fondos en instrumentos financieros).<\/p>\n<p style=\"text-align: justify;\">En t\u00e9rminos llanos, cuando la tasa activa baja las personas se motivan a tomar m\u00e1s pr\u00e9stamos. En cambio, cuando sube los clientes van a tomar menos dinero prestado. Entonces, ese menor dinero financiado indica menos consumo e inversi\u00f3n. Esto implica desaceleraci\u00f3n econ\u00f3mica y quiz\u00e1s p\u00e9rdida de empleo, pero tambi\u00e9n supone control de la inflaci\u00f3n.<\/p>\n<p style=\"text-align: justify;\">Justamente, parte de la estrategia que viene ejecutando el Banco Central. El economista Ng Corti\u00f1as declar\u00f3 a elDinero que las entidades de intermediaci\u00f3n financiera (EIF), adem\u00e1s de la TPM, toman en cuenta varios factores antes de hacer cambios en su tasa activa o pasiva.<\/p>\n<p style=\"text-align: justify;\">\u201cLa composici\u00f3n de la cartera de los bancos, el \u00edndice de morosidad, la solvencia, la liquidez, la competencia y las condiciones macroecon\u00f3micas son aspectos que un banco examina para tomar postura de tasas\u201d, especific\u00f3 el exsuperintendente de Bancos.<\/p>\n<h2 style=\"text-align: left;\">Resultados<\/h2>\n<p style=\"text-align: justify;\">De acuerdo con las estad\u00edsticas del Banco Central, en enero de 2023 la tasa de inter\u00e9s activa marcaba un promedio ponderado de 13.9% en los bancos m\u00faltiples y subi\u00f3 a 15.8% a abril de este a\u00f1o. El promedio ponderado indica que hay financiamientos con tasas de inter\u00e9s m\u00e1s altas, especialmente las de pr\u00e9stamos de consumo, mientras que otras tienen niveles m\u00e1s bajos como los cr\u00e9ditos para compra de veh\u00edculos nuevos y de viviendas.<\/p>\n<p style=\"text-align: justify;\">En tanto, la tasa pasiva promedio ponderada pas\u00f3 de 9.7% en enero de este a\u00f1o a 9.9% a abril. Seg\u00fan un informe del Centro Regional de Estrategias Econ\u00f3micas Sostenibles (CREES), entre noviembre de 2021 y octubre de 2022, el BC increment\u00f3 la TPM en 550 puntos b\u00e1sicos, pasando de 3.00% a 8.50%. Desde el incremento de la TPM hasta la fecha la tasa de inter\u00e9s activa se ha incrementado 5.5 puntos porcentuales, mientras que la tasa de inter\u00e9s pasiva se ha incrementado 8.2 puntos porcentuales.<\/p>\n<p style=\"text-align: justify;\">Al respecto, Collado Di Franco, vicepresidente ejecutivo del CREES, sostiene que el ritmo que han mostrado ambas tasas es se\u00f1al clara de que \u201csi sube la TPM los bancos en realidad no quieren subir r\u00e1pido la tasa activa porque no quieren penalizar a sus clientes\u201d. Agreg\u00f3 \u201cy m\u00e1s en una situaci\u00f3n de cambio de pol\u00edtica, en donde la econom\u00eda se reciente y en consecuencia los clientes podr\u00edan tener menos ingresos disponible\u201d.<\/p>\n<p style=\"text-align: justify;\">En tanto, Despradel detall\u00f3 que el mercado financiero se ajusta a la alza y a la baja dependiendo el mercado y el BC.<\/p>\n<div class=\"pvc_clear\"><\/div>\n<p class=\"pvc_stats all \" data-element-id=\"25003\" style=\"\"><i class=\"pvc-stats-icon medium\" aria-hidden=\"true\"><svg aria-hidden=\"true\" focusable=\"false\" data-prefix=\"far\" data-icon=\"chart-bar\" role=\"img\" xmlns=\"http:\/\/www.w3.org\/2000\/svg\" viewBox=\"0 0 512 512\" class=\"svg-inline--fa fa-chart-bar fa-w-16 fa-2x\"><path fill=\"currentColor\" d=\"M396.8 352h22.4c6.4 0 12.8-6.4 12.8-12.8V108.8c0-6.4-6.4-12.8-12.8-12.8h-22.4c-6.4 0-12.8 6.4-12.8 12.8v230.4c0 6.4 6.4 12.8 12.8 12.8zm-192 0h22.4c6.4 0 12.8-6.4 12.8-12.8V140.8c0-6.4-6.4-12.8-12.8-12.8h-22.4c-6.4 0-12.8 6.4-12.8 12.8v198.4c0 6.4 6.4 12.8 12.8 12.8zm96 0h22.4c6.4 0 12.8-6.4 12.8-12.8V204.8c0-6.4-6.4-12.8-12.8-12.8h-22.4c-6.4 0-12.8 6.4-12.8 12.8v134.4c0 6.4 6.4 12.8 12.8 12.8zM496 400H48V80c0-8.84-7.16-16-16-16H16C7.16 64 0 71.16 0 80v336c0 17.67 14.33 32 32 32h464c8.84 0 16-7.16 16-16v-16c0-8.84-7.16-16-16-16zm-387.2-48h22.4c6.4 0 12.8-6.4 12.8-12.8v-70.4c0-6.4-6.4-12.8-12.8-12.8h-22.4c-6.4 0-12.8 6.4-12.8 12.8v70.4c0 6.4 6.4 12.8 12.8 12.8z\" class=\"\"><\/path><\/svg><\/i> Vistas Totales&nbsp;1,298&nbsp;, Vistas Hoy&nbsp;4&nbsp;<\/p>\n<div class=\"pvc_clear\"><\/div>\n","protected":false},"excerpt":{"rendered":"<p>Autor: Massiel de Jes\u00fas Fecha: 1 de junio del 2023 Extra\u00eddo de: El Dinero En Rep\u00fablica Dominicana la tasa de pol\u00edtica monetaria (TPM) llevaba seis meses sin variaci\u00f3n. El Banco Central, en su reuni\u00f3n de pol\u00edtica monetaria de mayo de 2023, decidi\u00f3 reducir su tasa de inter\u00e9s de pol\u00edtica monetaria en 50 puntos b\u00e1sicos, de&#8230;<\/p>\n<div class=\"pvc_clear\"><\/div>\n<p class=\"pvc_stats all \" data-element-id=\"25003\" style=\"\"><i class=\"pvc-stats-icon medium\" aria-hidden=\"true\"><svg aria-hidden=\"true\" focusable=\"false\" data-prefix=\"far\" data-icon=\"chart-bar\" role=\"img\" xmlns=\"http:\/\/www.w3.org\/2000\/svg\" viewBox=\"0 0 512 512\" class=\"svg-inline--fa fa-chart-bar fa-w-16 fa-2x\"><path fill=\"currentColor\" d=\"M396.8 352h22.4c6.4 0 12.8-6.4 12.8-12.8V108.8c0-6.4-6.4-12.8-12.8-12.8h-22.4c-6.4 0-12.8 6.4-12.8 12.8v230.4c0 6.4 6.4 12.8 12.8 12.8zm-192 0h22.4c6.4 0 12.8-6.4 12.8-12.8V140.8c0-6.4-6.4-12.8-12.8-12.8h-22.4c-6.4 0-12.8 6.4-12.8 12.8v198.4c0 6.4 6.4 12.8 12.8 12.8zm96 0h22.4c6.4 0 12.8-6.4 12.8-12.8V204.8c0-6.4-6.4-12.8-12.8-12.8h-22.4c-6.4 0-12.8 6.4-12.8 12.8v134.4c0 6.4 6.4 12.8 12.8 12.8zM496 400H48V80c0-8.84-7.16-16-16-16H16C7.16 64 0 71.16 0 80v336c0 17.67 14.33 32 32 32h464c8.84 0 16-7.16 16-16v-16c0-8.84-7.16-16-16-16zm-387.2-48h22.4c6.4 0 12.8-6.4 12.8-12.8v-70.4c0-6.4-6.4-12.8-12.8-12.8h-22.4c-6.4 0-12.8 6.4-12.8 12.8v70.4c0 6.4 6.4 12.8 12.8 12.8z\" class=\"\"><\/path><\/svg><\/i> Vistas Totales&nbsp;1,298&nbsp;, Vistas Hoy&nbsp;4&nbsp;<\/p>\n<div class=\"pvc_clear\"><\/div>\n","protected":false},"author":2,"featured_media":25004,"comment_status":"closed","ping_status":"closed","sticky":false,"template":"","format":"standard","meta":{"footnotes":""},"categories":[19],"tags":[],"class_list":["post-25003","post","type-post","status-publish","format-standard","has-post-thumbnail","hentry","category-actualidad"],"yoast_head":"<!-- This site is optimized with the Yoast SEO plugin v25.2 - https:\/\/yoast.com\/wordpress\/plugins\/seo\/ -->\n<title>\u00bfQu\u00e9 tan r\u00e1pido reaccionan los bancos dominicanos cuando var\u00eda la tasa de pol\u00edtica monetaria? | CREES<\/title>\n<meta name=\"robots\" content=\"index, follow, max-snippet:-1, max-image-preview:large, max-video-preview:-1\" \/>\n<link rel=\"canonical\" href=\"https:\/\/crees.org.do\/?p=25003\" \/>\n<meta property=\"og:locale\" content=\"es_ES\" \/>\n<meta property=\"og:type\" content=\"article\" \/>\n<meta property=\"og:title\" content=\"\u00bfQu\u00e9 tan r\u00e1pido reaccionan los bancos dominicanos cuando var\u00eda la tasa de pol\u00edtica monetaria? | CREES\" \/>\n<meta property=\"og:description\" content=\"Autor: Massiel de Jes\u00fas Fecha: 1 de junio del 2023 Extra\u00eddo de: El Dinero En Rep\u00fablica Dominicana la tasa de pol\u00edtica monetaria (TPM) llevaba seis meses sin variaci\u00f3n. El Banco Central, en su reuni\u00f3n de pol\u00edtica monetaria de mayo de 2023, decidi\u00f3 reducir su tasa de inter\u00e9s de pol\u00edtica monetaria en 50 puntos b\u00e1sicos, de...\" \/>\n<meta property=\"og:url\" content=\"https:\/\/crees.org.do\/?p=25003\" \/>\n<meta property=\"og:site_name\" content=\"CREES\" \/>\n<meta property=\"article:publisher\" content=\"https:\/\/www.facebook.com\/CREESRD\/\" \/>\n<meta property=\"article:published_time\" content=\"2023-06-01T14:09:49+00:00\" \/>\n<meta property=\"article:modified_time\" content=\"2023-06-02T14:10:07+00:00\" \/>\n<meta property=\"og:image\" content=\"https:\/\/crees.org.do\/wp-content\/uploads\/2023\/06\/bancos-multiples-dominicanos-750x536-1.jpg\" \/>\n\t<meta property=\"og:image:width\" content=\"750\" \/>\n\t<meta property=\"og:image:height\" content=\"536\" \/>\n\t<meta property=\"og:image:type\" content=\"image\/jpeg\" \/>\n<meta name=\"author\" content=\"Crees\" \/>\n<meta name=\"twitter:card\" content=\"summary_large_image\" \/>\n<meta name=\"twitter:creator\" content=\"@CREESRD\" \/>\n<meta name=\"twitter:site\" content=\"@CREESRD\" \/>\n<meta name=\"twitter:label1\" content=\"Escrito por\" \/>\n\t<meta name=\"twitter:data1\" content=\"Crees\" \/>\n\t<meta name=\"twitter:label2\" content=\"Tiempo de lectura\" \/>\n\t<meta name=\"twitter:data2\" content=\"4 minutos\" \/>\n<script type=\"application\/ld+json\" class=\"yoast-schema-graph\">{\"@context\":\"https:\/\/schema.org\",\"@graph\":[{\"@type\":\"Article\",\"@id\":\"https:\/\/crees.org.do\/?p=25003#article\",\"isPartOf\":{\"@id\":\"https:\/\/crees.org.do\/?p=25003\"},\"author\":{\"name\":\"Crees\",\"@id\":\"https:\/\/crees.org.do\/#\/schema\/person\/e7f97cd94d7bf9cd0e0ce30acb7d56b8\"},\"headline\":\"\u00bfQu\u00e9 tan r\u00e1pido reaccionan los bancos dominicanos cuando var\u00eda la tasa de pol\u00edtica monetaria?\",\"datePublished\":\"2023-06-01T14:09:49+00:00\",\"dateModified\":\"2023-06-02T14:10:07+00:00\",\"mainEntityOfPage\":{\"@id\":\"https:\/\/crees.org.do\/?p=25003\"},\"wordCount\":827,\"publisher\":{\"@id\":\"https:\/\/crees.org.do\/#organization\"},\"image\":{\"@id\":\"https:\/\/crees.org.do\/?p=25003#primaryimage\"},\"thumbnailUrl\":\"https:\/\/crees.org.do\/wp-content\/uploads\/2023\/06\/bancos-multiples-dominicanos-750x536-1.jpg\",\"articleSection\":[\"Actualidad\"],\"inLanguage\":\"es\"},{\"@type\":\"WebPage\",\"@id\":\"https:\/\/crees.org.do\/?p=25003\",\"url\":\"https:\/\/crees.org.do\/?p=25003\",\"name\":\"\u00bfQu\u00e9 tan r\u00e1pido reaccionan los bancos dominicanos cuando var\u00eda la tasa de pol\u00edtica monetaria? | CREES\",\"isPartOf\":{\"@id\":\"https:\/\/crees.org.do\/#website\"},\"primaryImageOfPage\":{\"@id\":\"https:\/\/crees.org.do\/?p=25003#primaryimage\"},\"image\":{\"@id\":\"https:\/\/crees.org.do\/?p=25003#primaryimage\"},\"thumbnailUrl\":\"https:\/\/crees.org.do\/wp-content\/uploads\/2023\/06\/bancos-multiples-dominicanos-750x536-1.jpg\",\"datePublished\":\"2023-06-01T14:09:49+00:00\",\"dateModified\":\"2023-06-02T14:10:07+00:00\",\"breadcrumb\":{\"@id\":\"https:\/\/crees.org.do\/?p=25003#breadcrumb\"},\"inLanguage\":\"es\",\"potentialAction\":[{\"@type\":\"ReadAction\",\"target\":[\"https:\/\/crees.org.do\/?p=25003\"]}]},{\"@type\":\"ImageObject\",\"inLanguage\":\"es\",\"@id\":\"https:\/\/crees.org.do\/?p=25003#primaryimage\",\"url\":\"https:\/\/crees.org.do\/wp-content\/uploads\/2023\/06\/bancos-multiples-dominicanos-750x536-1.jpg\",\"contentUrl\":\"https:\/\/crees.org.do\/wp-content\/uploads\/2023\/06\/bancos-multiples-dominicanos-750x536-1.jpg\",\"width\":750,\"height\":536},{\"@type\":\"BreadcrumbList\",\"@id\":\"https:\/\/crees.org.do\/?p=25003#breadcrumb\",\"itemListElement\":[{\"@type\":\"ListItem\",\"position\":1,\"name\":\"Portada\",\"item\":\"https:\/\/crees.org.do\/\"},{\"@type\":\"ListItem\",\"position\":2,\"name\":\"\u00bfQu\u00e9 tan r\u00e1pido reaccionan los bancos dominicanos cuando var\u00eda la tasa de pol\u00edtica monetaria?\"}]},{\"@type\":\"WebSite\",\"@id\":\"https:\/\/crees.org.do\/#website\",\"url\":\"https:\/\/crees.org.do\/\",\"name\":\"CREES\",\"description\":\"Centro Regional de Estrategias Econ\u00f3micas Sostenibles\",\"publisher\":{\"@id\":\"https:\/\/crees.org.do\/#organization\"},\"potentialAction\":[{\"@type\":\"SearchAction\",\"target\":{\"@type\":\"EntryPoint\",\"urlTemplate\":\"https:\/\/crees.org.do\/?s={search_term_string}\"},\"query-input\":{\"@type\":\"PropertyValueSpecification\",\"valueRequired\":true,\"valueName\":\"search_term_string\"}}],\"inLanguage\":\"es\"},{\"@type\":\"Organization\",\"@id\":\"https:\/\/crees.org.do\/#organization\",\"name\":\"CREES | Centro Regional de Estrategias Econ\u00f3micas Sostenibles\",\"url\":\"https:\/\/crees.org.do\/\",\"logo\":{\"@type\":\"ImageObject\",\"inLanguage\":\"es\",\"@id\":\"https:\/\/crees.org.do\/#\/schema\/logo\/image\/\",\"url\":\"https:\/\/crees.org.do\/wp-content\/uploads\/2022\/03\/crees-logo-1.jpg\",\"contentUrl\":\"https:\/\/crees.org.do\/wp-content\/uploads\/2022\/03\/crees-logo-1.jpg\",\"width\":244,\"height\":71,\"caption\":\"CREES | Centro Regional de Estrategias Econ\u00f3micas Sostenibles\"},\"image\":{\"@id\":\"https:\/\/crees.org.do\/#\/schema\/logo\/image\/\"},\"sameAs\":[\"https:\/\/www.facebook.com\/CREESRD\/\",\"https:\/\/x.com\/CREESRD\"]},{\"@type\":\"Person\",\"@id\":\"https:\/\/crees.org.do\/#\/schema\/person\/e7f97cd94d7bf9cd0e0ce30acb7d56b8\",\"name\":\"Crees\",\"image\":{\"@type\":\"ImageObject\",\"inLanguage\":\"es\",\"@id\":\"https:\/\/crees.org.do\/#\/schema\/person\/image\/\",\"url\":\"https:\/\/secure.gravatar.com\/avatar\/390ac8f0be5d9aa046152553e2dd7011b59a512d89c150f5e5f28bb8d9a0b165?s=96&d=mm&r=g\",\"contentUrl\":\"https:\/\/secure.gravatar.com\/avatar\/390ac8f0be5d9aa046152553e2dd7011b59a512d89c150f5e5f28bb8d9a0b165?s=96&d=mm&r=g\",\"caption\":\"Crees\"},\"url\":\"https:\/\/crees.org.do\/?author=2\"}]}<\/script>\n<!-- \/ Yoast SEO plugin. -->","yoast_head_json":{"title":"\u00bfQu\u00e9 tan r\u00e1pido reaccionan los bancos dominicanos cuando var\u00eda la tasa de pol\u00edtica monetaria? | CREES","robots":{"index":"index","follow":"follow","max-snippet":"max-snippet:-1","max-image-preview":"max-image-preview:large","max-video-preview":"max-video-preview:-1"},"canonical":"https:\/\/crees.org.do\/?p=25003","og_locale":"es_ES","og_type":"article","og_title":"\u00bfQu\u00e9 tan r\u00e1pido reaccionan los bancos dominicanos cuando var\u00eda la tasa de pol\u00edtica monetaria? | CREES","og_description":"Autor: Massiel de Jes\u00fas Fecha: 1 de junio del 2023 Extra\u00eddo de: El Dinero En Rep\u00fablica Dominicana la tasa de pol\u00edtica monetaria (TPM) llevaba seis meses sin variaci\u00f3n. El Banco Central, en su reuni\u00f3n de pol\u00edtica monetaria de mayo de 2023, decidi\u00f3 reducir su tasa de inter\u00e9s de pol\u00edtica monetaria en 50 puntos b\u00e1sicos, de...","og_url":"https:\/\/crees.org.do\/?p=25003","og_site_name":"CREES","article_publisher":"https:\/\/www.facebook.com\/CREESRD\/","article_published_time":"2023-06-01T14:09:49+00:00","article_modified_time":"2023-06-02T14:10:07+00:00","og_image":[{"width":750,"height":536,"url":"https:\/\/crees.org.do\/wp-content\/uploads\/2023\/06\/bancos-multiples-dominicanos-750x536-1.jpg","type":"image\/jpeg"}],"author":"Crees","twitter_card":"summary_large_image","twitter_creator":"@CREESRD","twitter_site":"@CREESRD","twitter_misc":{"Escrito por":"Crees","Tiempo de lectura":"4 minutos"},"schema":{"@context":"https:\/\/schema.org","@graph":[{"@type":"Article","@id":"https:\/\/crees.org.do\/?p=25003#article","isPartOf":{"@id":"https:\/\/crees.org.do\/?p=25003"},"author":{"name":"Crees","@id":"https:\/\/crees.org.do\/#\/schema\/person\/e7f97cd94d7bf9cd0e0ce30acb7d56b8"},"headline":"\u00bfQu\u00e9 tan r\u00e1pido reaccionan los bancos dominicanos cuando var\u00eda la tasa de pol\u00edtica monetaria?","datePublished":"2023-06-01T14:09:49+00:00","dateModified":"2023-06-02T14:10:07+00:00","mainEntityOfPage":{"@id":"https:\/\/crees.org.do\/?p=25003"},"wordCount":827,"publisher":{"@id":"https:\/\/crees.org.do\/#organization"},"image":{"@id":"https:\/\/crees.org.do\/?p=25003#primaryimage"},"thumbnailUrl":"https:\/\/crees.org.do\/wp-content\/uploads\/2023\/06\/bancos-multiples-dominicanos-750x536-1.jpg","articleSection":["Actualidad"],"inLanguage":"es"},{"@type":"WebPage","@id":"https:\/\/crees.org.do\/?p=25003","url":"https:\/\/crees.org.do\/?p=25003","name":"\u00bfQu\u00e9 tan r\u00e1pido reaccionan los bancos dominicanos cuando var\u00eda la tasa de pol\u00edtica monetaria? | CREES","isPartOf":{"@id":"https:\/\/crees.org.do\/#website"},"primaryImageOfPage":{"@id":"https:\/\/crees.org.do\/?p=25003#primaryimage"},"image":{"@id":"https:\/\/crees.org.do\/?p=25003#primaryimage"},"thumbnailUrl":"https:\/\/crees.org.do\/wp-content\/uploads\/2023\/06\/bancos-multiples-dominicanos-750x536-1.jpg","datePublished":"2023-06-01T14:09:49+00:00","dateModified":"2023-06-02T14:10:07+00:00","breadcrumb":{"@id":"https:\/\/crees.org.do\/?p=25003#breadcrumb"},"inLanguage":"es","potentialAction":[{"@type":"ReadAction","target":["https:\/\/crees.org.do\/?p=25003"]}]},{"@type":"ImageObject","inLanguage":"es","@id":"https:\/\/crees.org.do\/?p=25003#primaryimage","url":"https:\/\/crees.org.do\/wp-content\/uploads\/2023\/06\/bancos-multiples-dominicanos-750x536-1.jpg","contentUrl":"https:\/\/crees.org.do\/wp-content\/uploads\/2023\/06\/bancos-multiples-dominicanos-750x536-1.jpg","width":750,"height":536},{"@type":"BreadcrumbList","@id":"https:\/\/crees.org.do\/?p=25003#breadcrumb","itemListElement":[{"@type":"ListItem","position":1,"name":"Portada","item":"https:\/\/crees.org.do\/"},{"@type":"ListItem","position":2,"name":"\u00bfQu\u00e9 tan r\u00e1pido reaccionan los bancos dominicanos cuando var\u00eda la tasa de pol\u00edtica monetaria?"}]},{"@type":"WebSite","@id":"https:\/\/crees.org.do\/#website","url":"https:\/\/crees.org.do\/","name":"CREES","description":"Centro Regional de Estrategias Econ\u00f3micas Sostenibles","publisher":{"@id":"https:\/\/crees.org.do\/#organization"},"potentialAction":[{"@type":"SearchAction","target":{"@type":"EntryPoint","urlTemplate":"https:\/\/crees.org.do\/?s={search_term_string}"},"query-input":{"@type":"PropertyValueSpecification","valueRequired":true,"valueName":"search_term_string"}}],"inLanguage":"es"},{"@type":"Organization","@id":"https:\/\/crees.org.do\/#organization","name":"CREES | Centro Regional de Estrategias Econ\u00f3micas Sostenibles","url":"https:\/\/crees.org.do\/","logo":{"@type":"ImageObject","inLanguage":"es","@id":"https:\/\/crees.org.do\/#\/schema\/logo\/image\/","url":"https:\/\/crees.org.do\/wp-content\/uploads\/2022\/03\/crees-logo-1.jpg","contentUrl":"https:\/\/crees.org.do\/wp-content\/uploads\/2022\/03\/crees-logo-1.jpg","width":244,"height":71,"caption":"CREES | Centro Regional de Estrategias Econ\u00f3micas Sostenibles"},"image":{"@id":"https:\/\/crees.org.do\/#\/schema\/logo\/image\/"},"sameAs":["https:\/\/www.facebook.com\/CREESRD\/","https:\/\/x.com\/CREESRD"]},{"@type":"Person","@id":"https:\/\/crees.org.do\/#\/schema\/person\/e7f97cd94d7bf9cd0e0ce30acb7d56b8","name":"Crees","image":{"@type":"ImageObject","inLanguage":"es","@id":"https:\/\/crees.org.do\/#\/schema\/person\/image\/","url":"https:\/\/secure.gravatar.com\/avatar\/390ac8f0be5d9aa046152553e2dd7011b59a512d89c150f5e5f28bb8d9a0b165?s=96&d=mm&r=g","contentUrl":"https:\/\/secure.gravatar.com\/avatar\/390ac8f0be5d9aa046152553e2dd7011b59a512d89c150f5e5f28bb8d9a0b165?s=96&d=mm&r=g","caption":"Crees"},"url":"https:\/\/crees.org.do\/?author=2"}]}},"_links":{"self":[{"href":"https:\/\/crees.org.do\/index.php?rest_route=\/wp\/v2\/posts\/25003","targetHints":{"allow":["GET"]}}],"collection":[{"href":"https:\/\/crees.org.do\/index.php?rest_route=\/wp\/v2\/posts"}],"about":[{"href":"https:\/\/crees.org.do\/index.php?rest_route=\/wp\/v2\/types\/post"}],"author":[{"embeddable":true,"href":"https:\/\/crees.org.do\/index.php?rest_route=\/wp\/v2\/users\/2"}],"replies":[{"embeddable":true,"href":"https:\/\/crees.org.do\/index.php?rest_route=%2Fwp%2Fv2%2Fcomments&post=25003"}],"version-history":[{"count":1,"href":"https:\/\/crees.org.do\/index.php?rest_route=\/wp\/v2\/posts\/25003\/revisions"}],"predecessor-version":[{"id":25005,"href":"https:\/\/crees.org.do\/index.php?rest_route=\/wp\/v2\/posts\/25003\/revisions\/25005"}],"wp:featuredmedia":[{"embeddable":true,"href":"https:\/\/crees.org.do\/index.php?rest_route=\/wp\/v2\/media\/25004"}],"wp:attachment":[{"href":"https:\/\/crees.org.do\/index.php?rest_route=%2Fwp%2Fv2%2Fmedia&parent=25003"}],"wp:term":[{"taxonomy":"category","embeddable":true,"href":"https:\/\/crees.org.do\/index.php?rest_route=%2Fwp%2Fv2%2Fcategories&post=25003"},{"taxonomy":"post_tag","embeddable":true,"href":"https:\/\/crees.org.do\/index.php?rest_route=%2Fwp%2Fv2%2Ftags&post=25003"}],"curies":[{"name":"wp","href":"https:\/\/api.w.org\/{rel}","templated":true}]}}