{"id":25006,"date":"2023-06-05T14:59:25","date_gmt":"2023-06-05T14:59:25","guid":{"rendered":"https:\/\/crees.org.do\/?p=25006"},"modified":"2023-06-05T16:39:39","modified_gmt":"2023-06-05T16:39:39","slug":"proyecto-de-ley-amerita-mas-reglas-claras-y-explicitas","status":"publish","type":"post","link":"https:\/\/crees.org.do\/?p=25006","title":{"rendered":"Proyecto de ley amerita m\u00e1s reglas claras y expl\u00edcitas"},"content":{"rendered":"<p>Autor: Mayelin Acosta Guzm\u00e1n<\/p>\n<p>Fecha: 5 de junio del 2023<\/p>\n<p>Extra\u00eddo de: HOY<\/p>\n<p style=\"text-align: justify;\">El\u00a0<strong>Centro Regional de Estrategias Econ\u00f3micas Sostenibles (CREES)<\/strong>\u00a0valor\u00f3 como positivo que desde el Gobierno se introdujera al Congreso Nacional un proyecto de Ley de Responsabilidad Fiscal con consecuencias para las infracciones y que se plantee el establecimiento de un compromiso para reducir la deuda y limitar el crecimiento del gasto.<\/p>\n<p style=\"text-align: justify;\">Sin embargo, la entidad destac\u00f3 que en este proyecto solo se limita el gasto primario del Gobierno y en la misma deber\u00edan establecerse una\u00a0<strong>serie de reglas claras y expl\u00edcitas<\/strong>\u00a0que lleven a una reducci\u00f3n m\u00e1s r\u00e1pida de la deuda, dada la situaci\u00f3n actual del endeudamiento consolidado del Estado dominicano, respecto a su costo como porcentaje de los ingresos tributarios y, adem\u00e1s, a los riesgos de insostenibilidad que podr\u00eda crear.<\/p>\n<p style=\"text-align: justify;\">Sugiere que en el proyecto de ley se adopte un compromiso expl\u00edcito para crear super\u00e1vits fiscales, ya que estos excedentes entre los ingresos y los gastos totales permitir\u00edan la reducci\u00f3n de la deuda p\u00fablica; no solo en\u00a0<strong>t\u00e9rminos relativos del PIB<\/strong>, como se plantea en el proyecto de ley.<\/p>\n<p style=\"text-align: justify;\">El pasado jueves primero de junio el Poder Ejecutivo, a trav\u00e9s del Ministerio de Hacienda, someti\u00f3 al Congreso Nacional v\u00eda el Senado el proyecto de Ley de Responsabilidad Fiscal para fortalecer el marco fiscal de Rep\u00fablica Dominicana y garantizar la sostenibilidad de sus finanzas p\u00fablicas. Y detall\u00f3 que la misma limitar\u00eda el crecimiento del gasto primario para que no supere la inflaci\u00f3n esperada en m\u00e1s de tres puntos porcentuales, con el objetivo de que la deuda p\u00fablica, como porcentaje del producto interno bruto (PIB), no sobrepase el 40% al cierre del ejercicio fiscal del 2035.<\/p>\n<p style=\"text-align: justify;\">El vicepresidente ejecutivo del CREES,\u00a0<strong>Miguel Collado Di Franco<\/strong>, resalt\u00f3 que desde el a\u00f1o 2013 la entidad ha abogado por la aprobaci\u00f3n de una Ley de Responsabilidad y Transparencia Fiscal, junto a la Fundaci\u00f3n Institucionalidad y Justicia (FINJUS).<\/p>\n<p style=\"text-align: justify;\">\u201cTal como lo plasmamos desde la primera versi\u00f3n del proyecto de CREES, hace 10 a\u00f1os, el pa\u00eds se beneficiar\u00eda de una ley que contenga reglas fiscales que, de forma expl\u00edcita, propongan una reducci\u00f3n mayor del endeudamiento p\u00fablico en un plazo m\u00e1s r\u00e1pido. Incluso, permitiendo la creaci\u00f3n de un fondo de estabilidad fiscal (fondo soberano)\u201d, expres\u00f3.<\/p>\n<p style=\"text-align: justify;\">Indic\u00f3 que una\u00a0<strong>Ley de Responsabilidad Fiscal<\/strong>\u00a0debe contener m\u00e1s de una regla fiscal, no solo una regla de gasto primario. Cit\u00f3 entre estas la inclusi\u00f3n, en conjunto, de reglas relacionadas con el balance fiscal para controlar los d\u00e9ficits y de una regla que limite la deuda como porcentaje del PIB. As\u00ed permitir\u00edan tener mayor certeza a los agentes econ\u00f3micos sobre el compromiso de las distintas administraciones que se sucedan en la direcci\u00f3n del sector p\u00fablico del pa\u00eds. Adem\u00e1s insta a agregar un objetivo de deuda de mediano plazo; que el porcentaje de reducci\u00f3n de la deuda p\u00fablica no se limite solo al 40% y que el \u00f3rgano supervisor de la ley sea independiente y no sea designado por Hacienda.<\/p>\n<div class=\"pvc_clear\"><\/div>\n<p class=\"pvc_stats all \" data-element-id=\"25006\" style=\"\"><i class=\"pvc-stats-icon medium\" aria-hidden=\"true\"><svg aria-hidden=\"true\" focusable=\"false\" data-prefix=\"far\" data-icon=\"chart-bar\" role=\"img\" xmlns=\"http:\/\/www.w3.org\/2000\/svg\" viewBox=\"0 0 512 512\" class=\"svg-inline--fa fa-chart-bar fa-w-16 fa-2x\"><path fill=\"currentColor\" d=\"M396.8 352h22.4c6.4 0 12.8-6.4 12.8-12.8V108.8c0-6.4-6.4-12.8-12.8-12.8h-22.4c-6.4 0-12.8 6.4-12.8 12.8v230.4c0 6.4 6.4 12.8 12.8 12.8zm-192 0h22.4c6.4 0 12.8-6.4 12.8-12.8V140.8c0-6.4-6.4-12.8-12.8-12.8h-22.4c-6.4 0-12.8 6.4-12.8 12.8v198.4c0 6.4 6.4 12.8 12.8 12.8zm96 0h22.4c6.4 0 12.8-6.4 12.8-12.8V204.8c0-6.4-6.4-12.8-12.8-12.8h-22.4c-6.4 0-12.8 6.4-12.8 12.8v134.4c0 6.4 6.4 12.8 12.8 12.8zM496 400H48V80c0-8.84-7.16-16-16-16H16C7.16 64 0 71.16 0 80v336c0 17.67 14.33 32 32 32h464c8.84 0 16-7.16 16-16v-16c0-8.84-7.16-16-16-16zm-387.2-48h22.4c6.4 0 12.8-6.4 12.8-12.8v-70.4c0-6.4-6.4-12.8-12.8-12.8h-22.4c-6.4 0-12.8 6.4-12.8 12.8v70.4c0 6.4 6.4 12.8 12.8 12.8z\" class=\"\"><\/path><\/svg><\/i> Vistas Totales&nbsp;1,162&nbsp;, Vistas Hoy&nbsp;4&nbsp;<\/p>\n<div class=\"pvc_clear\"><\/div>\n","protected":false},"excerpt":{"rendered":"<p>Autor: Mayelin Acosta Guzm\u00e1n Fecha: 5 de junio del 2023 Extra\u00eddo de: HOY El\u00a0Centro Regional de Estrategias Econ\u00f3micas Sostenibles (CREES)\u00a0valor\u00f3 como positivo que desde el Gobierno se introdujera al Congreso Nacional un proyecto de Ley de Responsabilidad Fiscal con consecuencias para las infracciones y que se plantee el establecimiento de un compromiso para reducir la&#8230;<\/p>\n<div class=\"pvc_clear\"><\/div>\n<p class=\"pvc_stats all \" data-element-id=\"25006\" style=\"\"><i class=\"pvc-stats-icon medium\" aria-hidden=\"true\"><svg aria-hidden=\"true\" focusable=\"false\" data-prefix=\"far\" data-icon=\"chart-bar\" role=\"img\" xmlns=\"http:\/\/www.w3.org\/2000\/svg\" viewBox=\"0 0 512 512\" class=\"svg-inline--fa fa-chart-bar fa-w-16 fa-2x\"><path fill=\"currentColor\" d=\"M396.8 352h22.4c6.4 0 12.8-6.4 12.8-12.8V108.8c0-6.4-6.4-12.8-12.8-12.8h-22.4c-6.4 0-12.8 6.4-12.8 12.8v230.4c0 6.4 6.4 12.8 12.8 12.8zm-192 0h22.4c6.4 0 12.8-6.4 12.8-12.8V140.8c0-6.4-6.4-12.8-12.8-12.8h-22.4c-6.4 0-12.8 6.4-12.8 12.8v198.4c0 6.4 6.4 12.8 12.8 12.8zm96 0h22.4c6.4 0 12.8-6.4 12.8-12.8V204.8c0-6.4-6.4-12.8-12.8-12.8h-22.4c-6.4 0-12.8 6.4-12.8 12.8v134.4c0 6.4 6.4 12.8 12.8 12.8zM496 400H48V80c0-8.84-7.16-16-16-16H16C7.16 64 0 71.16 0 80v336c0 17.67 14.33 32 32 32h464c8.84 0 16-7.16 16-16v-16c0-8.84-7.16-16-16-16zm-387.2-48h22.4c6.4 0 12.8-6.4 12.8-12.8v-70.4c0-6.4-6.4-12.8-12.8-12.8h-22.4c-6.4 0-12.8 6.4-12.8 12.8v70.4c0 6.4 6.4 12.8 12.8 12.8z\" class=\"\"><\/path><\/svg><\/i> Vistas Totales&nbsp;1,162&nbsp;, Vistas Hoy&nbsp;4&nbsp;<\/p>\n<div class=\"pvc_clear\"><\/div>\n","protected":false},"author":2,"featured_media":25007,"comment_status":"closed","ping_status":"closed","sticky":false,"template":"","format":"standard","meta":{"footnotes":""},"categories":[19],"tags":[],"class_list":["post-25006","post","type-post","status-publish","format-standard","has-post-thumbnail","hentry","category-actualidad"],"yoast_head":"<!-- This site is optimized with the Yoast SEO plugin v25.2 - https:\/\/yoast.com\/wordpress\/plugins\/seo\/ -->\n<title>Proyecto de ley amerita m\u00e1s reglas claras y expl\u00edcitas | CREES<\/title>\n<meta name=\"robots\" content=\"index, follow, max-snippet:-1, max-image-preview:large, max-video-preview:-1\" \/>\n<link rel=\"canonical\" href=\"https:\/\/crees.org.do\/?p=25006\" \/>\n<meta property=\"og:locale\" content=\"es_ES\" \/>\n<meta property=\"og:type\" content=\"article\" \/>\n<meta property=\"og:title\" content=\"Proyecto de ley amerita m\u00e1s reglas claras y expl\u00edcitas | CREES\" \/>\n<meta property=\"og:description\" content=\"Autor: Mayelin Acosta Guzm\u00e1n Fecha: 5 de junio del 2023 Extra\u00eddo de: HOY El\u00a0Centro Regional de Estrategias Econ\u00f3micas Sostenibles (CREES)\u00a0valor\u00f3 como positivo que desde el Gobierno se introdujera al Congreso Nacional un proyecto de Ley de Responsabilidad Fiscal con consecuencias para las infracciones y que se plantee el establecimiento de un compromiso para reducir la...\" \/>\n<meta property=\"og:url\" content=\"https:\/\/crees.org.do\/?p=25006\" \/>\n<meta property=\"og:site_name\" content=\"CREES\" \/>\n<meta property=\"article:publisher\" content=\"https:\/\/www.facebook.com\/CREESRD\/\" \/>\n<meta property=\"article:published_time\" content=\"2023-06-05T14:59:25+00:00\" \/>\n<meta property=\"article:modified_time\" content=\"2023-06-05T16:39:39+00:00\" \/>\n<meta property=\"og:image\" content=\"https:\/\/crees.org.do\/wp-content\/uploads\/2023\/06\/10_El-Pais_05_1p01.jpg\" \/>\n\t<meta property=\"og:image:width\" content=\"495\" \/>\n\t<meta property=\"og:image:height\" content=\"348\" \/>\n\t<meta property=\"og:image:type\" content=\"image\/jpeg\" \/>\n<meta name=\"author\" content=\"Crees\" \/>\n<meta name=\"twitter:card\" content=\"summary_large_image\" \/>\n<meta name=\"twitter:creator\" content=\"@CREESRD\" \/>\n<meta name=\"twitter:site\" content=\"@CREESRD\" \/>\n<meta name=\"twitter:label1\" content=\"Escrito por\" \/>\n\t<meta name=\"twitter:data1\" content=\"Crees\" \/>\n\t<meta name=\"twitter:label2\" content=\"Tiempo de lectura\" \/>\n\t<meta name=\"twitter:data2\" content=\"3 minutos\" \/>\n<script type=\"application\/ld+json\" class=\"yoast-schema-graph\">{\"@context\":\"https:\/\/schema.org\",\"@graph\":[{\"@type\":\"Article\",\"@id\":\"https:\/\/crees.org.do\/?p=25006#article\",\"isPartOf\":{\"@id\":\"https:\/\/crees.org.do\/?p=25006\"},\"author\":{\"name\":\"Crees\",\"@id\":\"https:\/\/crees.org.do\/#\/schema\/person\/e7f97cd94d7bf9cd0e0ce30acb7d56b8\"},\"headline\":\"Proyecto de ley amerita m\u00e1s reglas claras y expl\u00edcitas\",\"datePublished\":\"2023-06-05T14:59:25+00:00\",\"dateModified\":\"2023-06-05T16:39:39+00:00\",\"mainEntityOfPage\":{\"@id\":\"https:\/\/crees.org.do\/?p=25006\"},\"wordCount\":544,\"publisher\":{\"@id\":\"https:\/\/crees.org.do\/#organization\"},\"image\":{\"@id\":\"https:\/\/crees.org.do\/?p=25006#primaryimage\"},\"thumbnailUrl\":\"https:\/\/crees.org.do\/wp-content\/uploads\/2023\/06\/10_El-Pais_05_1p01.jpg\",\"articleSection\":[\"Actualidad\"],\"inLanguage\":\"es\"},{\"@type\":\"WebPage\",\"@id\":\"https:\/\/crees.org.do\/?p=25006\",\"url\":\"https:\/\/crees.org.do\/?p=25006\",\"name\":\"Proyecto de ley amerita m\u00e1s reglas claras y expl\u00edcitas | CREES\",\"isPartOf\":{\"@id\":\"https:\/\/crees.org.do\/#website\"},\"primaryImageOfPage\":{\"@id\":\"https:\/\/crees.org.do\/?p=25006#primaryimage\"},\"image\":{\"@id\":\"https:\/\/crees.org.do\/?p=25006#primaryimage\"},\"thumbnailUrl\":\"https:\/\/crees.org.do\/wp-content\/uploads\/2023\/06\/10_El-Pais_05_1p01.jpg\",\"datePublished\":\"2023-06-05T14:59:25+00:00\",\"dateModified\":\"2023-06-05T16:39:39+00:00\",\"breadcrumb\":{\"@id\":\"https:\/\/crees.org.do\/?p=25006#breadcrumb\"},\"inLanguage\":\"es\",\"potentialAction\":[{\"@type\":\"ReadAction\",\"target\":[\"https:\/\/crees.org.do\/?p=25006\"]}]},{\"@type\":\"ImageObject\",\"inLanguage\":\"es\",\"@id\":\"https:\/\/crees.org.do\/?p=25006#primaryimage\",\"url\":\"https:\/\/crees.org.do\/wp-content\/uploads\/2023\/06\/10_El-Pais_05_1p01.jpg\",\"contentUrl\":\"https:\/\/crees.org.do\/wp-content\/uploads\/2023\/06\/10_El-Pais_05_1p01.jpg\",\"width\":495,\"height\":348},{\"@type\":\"BreadcrumbList\",\"@id\":\"https:\/\/crees.org.do\/?p=25006#breadcrumb\",\"itemListElement\":[{\"@type\":\"ListItem\",\"position\":1,\"name\":\"Portada\",\"item\":\"https:\/\/crees.org.do\/\"},{\"@type\":\"ListItem\",\"position\":2,\"name\":\"Proyecto de ley amerita m\u00e1s reglas claras y expl\u00edcitas\"}]},{\"@type\":\"WebSite\",\"@id\":\"https:\/\/crees.org.do\/#website\",\"url\":\"https:\/\/crees.org.do\/\",\"name\":\"CREES\",\"description\":\"Centro Regional de Estrategias Econ\u00f3micas Sostenibles\",\"publisher\":{\"@id\":\"https:\/\/crees.org.do\/#organization\"},\"potentialAction\":[{\"@type\":\"SearchAction\",\"target\":{\"@type\":\"EntryPoint\",\"urlTemplate\":\"https:\/\/crees.org.do\/?s={search_term_string}\"},\"query-input\":{\"@type\":\"PropertyValueSpecification\",\"valueRequired\":true,\"valueName\":\"search_term_string\"}}],\"inLanguage\":\"es\"},{\"@type\":\"Organization\",\"@id\":\"https:\/\/crees.org.do\/#organization\",\"name\":\"CREES | Centro Regional de Estrategias Econ\u00f3micas Sostenibles\",\"url\":\"https:\/\/crees.org.do\/\",\"logo\":{\"@type\":\"ImageObject\",\"inLanguage\":\"es\",\"@id\":\"https:\/\/crees.org.do\/#\/schema\/logo\/image\/\",\"url\":\"https:\/\/crees.org.do\/wp-content\/uploads\/2022\/03\/crees-logo-1.jpg\",\"contentUrl\":\"https:\/\/crees.org.do\/wp-content\/uploads\/2022\/03\/crees-logo-1.jpg\",\"width\":244,\"height\":71,\"caption\":\"CREES | Centro Regional de Estrategias Econ\u00f3micas Sostenibles\"},\"image\":{\"@id\":\"https:\/\/crees.org.do\/#\/schema\/logo\/image\/\"},\"sameAs\":[\"https:\/\/www.facebook.com\/CREESRD\/\",\"https:\/\/x.com\/CREESRD\"]},{\"@type\":\"Person\",\"@id\":\"https:\/\/crees.org.do\/#\/schema\/person\/e7f97cd94d7bf9cd0e0ce30acb7d56b8\",\"name\":\"Crees\",\"image\":{\"@type\":\"ImageObject\",\"inLanguage\":\"es\",\"@id\":\"https:\/\/crees.org.do\/#\/schema\/person\/image\/\",\"url\":\"https:\/\/secure.gravatar.com\/avatar\/390ac8f0be5d9aa046152553e2dd7011b59a512d89c150f5e5f28bb8d9a0b165?s=96&d=mm&r=g\",\"contentUrl\":\"https:\/\/secure.gravatar.com\/avatar\/390ac8f0be5d9aa046152553e2dd7011b59a512d89c150f5e5f28bb8d9a0b165?s=96&d=mm&r=g\",\"caption\":\"Crees\"},\"url\":\"https:\/\/crees.org.do\/?author=2\"}]}<\/script>\n<!-- \/ Yoast SEO plugin. -->","yoast_head_json":{"title":"Proyecto de ley amerita m\u00e1s reglas claras y expl\u00edcitas | CREES","robots":{"index":"index","follow":"follow","max-snippet":"max-snippet:-1","max-image-preview":"max-image-preview:large","max-video-preview":"max-video-preview:-1"},"canonical":"https:\/\/crees.org.do\/?p=25006","og_locale":"es_ES","og_type":"article","og_title":"Proyecto de ley amerita m\u00e1s reglas claras y expl\u00edcitas | CREES","og_description":"Autor: Mayelin Acosta Guzm\u00e1n Fecha: 5 de junio del 2023 Extra\u00eddo de: HOY El\u00a0Centro Regional de Estrategias Econ\u00f3micas Sostenibles (CREES)\u00a0valor\u00f3 como positivo que desde el Gobierno se introdujera al Congreso Nacional un proyecto de Ley de Responsabilidad Fiscal con consecuencias para las infracciones y que se plantee el establecimiento de un compromiso para reducir la...","og_url":"https:\/\/crees.org.do\/?p=25006","og_site_name":"CREES","article_publisher":"https:\/\/www.facebook.com\/CREESRD\/","article_published_time":"2023-06-05T14:59:25+00:00","article_modified_time":"2023-06-05T16:39:39+00:00","og_image":[{"width":495,"height":348,"url":"https:\/\/crees.org.do\/wp-content\/uploads\/2023\/06\/10_El-Pais_05_1p01.jpg","type":"image\/jpeg"}],"author":"Crees","twitter_card":"summary_large_image","twitter_creator":"@CREESRD","twitter_site":"@CREESRD","twitter_misc":{"Escrito por":"Crees","Tiempo de lectura":"3 minutos"},"schema":{"@context":"https:\/\/schema.org","@graph":[{"@type":"Article","@id":"https:\/\/crees.org.do\/?p=25006#article","isPartOf":{"@id":"https:\/\/crees.org.do\/?p=25006"},"author":{"name":"Crees","@id":"https:\/\/crees.org.do\/#\/schema\/person\/e7f97cd94d7bf9cd0e0ce30acb7d56b8"},"headline":"Proyecto de ley amerita m\u00e1s reglas claras y expl\u00edcitas","datePublished":"2023-06-05T14:59:25+00:00","dateModified":"2023-06-05T16:39:39+00:00","mainEntityOfPage":{"@id":"https:\/\/crees.org.do\/?p=25006"},"wordCount":544,"publisher":{"@id":"https:\/\/crees.org.do\/#organization"},"image":{"@id":"https:\/\/crees.org.do\/?p=25006#primaryimage"},"thumbnailUrl":"https:\/\/crees.org.do\/wp-content\/uploads\/2023\/06\/10_El-Pais_05_1p01.jpg","articleSection":["Actualidad"],"inLanguage":"es"},{"@type":"WebPage","@id":"https:\/\/crees.org.do\/?p=25006","url":"https:\/\/crees.org.do\/?p=25006","name":"Proyecto de ley amerita m\u00e1s reglas claras y expl\u00edcitas | CREES","isPartOf":{"@id":"https:\/\/crees.org.do\/#website"},"primaryImageOfPage":{"@id":"https:\/\/crees.org.do\/?p=25006#primaryimage"},"image":{"@id":"https:\/\/crees.org.do\/?p=25006#primaryimage"},"thumbnailUrl":"https:\/\/crees.org.do\/wp-content\/uploads\/2023\/06\/10_El-Pais_05_1p01.jpg","datePublished":"2023-06-05T14:59:25+00:00","dateModified":"2023-06-05T16:39:39+00:00","breadcrumb":{"@id":"https:\/\/crees.org.do\/?p=25006#breadcrumb"},"inLanguage":"es","potentialAction":[{"@type":"ReadAction","target":["https:\/\/crees.org.do\/?p=25006"]}]},{"@type":"ImageObject","inLanguage":"es","@id":"https:\/\/crees.org.do\/?p=25006#primaryimage","url":"https:\/\/crees.org.do\/wp-content\/uploads\/2023\/06\/10_El-Pais_05_1p01.jpg","contentUrl":"https:\/\/crees.org.do\/wp-content\/uploads\/2023\/06\/10_El-Pais_05_1p01.jpg","width":495,"height":348},{"@type":"BreadcrumbList","@id":"https:\/\/crees.org.do\/?p=25006#breadcrumb","itemListElement":[{"@type":"ListItem","position":1,"name":"Portada","item":"https:\/\/crees.org.do\/"},{"@type":"ListItem","position":2,"name":"Proyecto de ley amerita m\u00e1s reglas claras y expl\u00edcitas"}]},{"@type":"WebSite","@id":"https:\/\/crees.org.do\/#website","url":"https:\/\/crees.org.do\/","name":"CREES","description":"Centro Regional de Estrategias Econ\u00f3micas Sostenibles","publisher":{"@id":"https:\/\/crees.org.do\/#organization"},"potentialAction":[{"@type":"SearchAction","target":{"@type":"EntryPoint","urlTemplate":"https:\/\/crees.org.do\/?s={search_term_string}"},"query-input":{"@type":"PropertyValueSpecification","valueRequired":true,"valueName":"search_term_string"}}],"inLanguage":"es"},{"@type":"Organization","@id":"https:\/\/crees.org.do\/#organization","name":"CREES | Centro Regional de Estrategias Econ\u00f3micas Sostenibles","url":"https:\/\/crees.org.do\/","logo":{"@type":"ImageObject","inLanguage":"es","@id":"https:\/\/crees.org.do\/#\/schema\/logo\/image\/","url":"https:\/\/crees.org.do\/wp-content\/uploads\/2022\/03\/crees-logo-1.jpg","contentUrl":"https:\/\/crees.org.do\/wp-content\/uploads\/2022\/03\/crees-logo-1.jpg","width":244,"height":71,"caption":"CREES | Centro Regional de Estrategias Econ\u00f3micas Sostenibles"},"image":{"@id":"https:\/\/crees.org.do\/#\/schema\/logo\/image\/"},"sameAs":["https:\/\/www.facebook.com\/CREESRD\/","https:\/\/x.com\/CREESRD"]},{"@type":"Person","@id":"https:\/\/crees.org.do\/#\/schema\/person\/e7f97cd94d7bf9cd0e0ce30acb7d56b8","name":"Crees","image":{"@type":"ImageObject","inLanguage":"es","@id":"https:\/\/crees.org.do\/#\/schema\/person\/image\/","url":"https:\/\/secure.gravatar.com\/avatar\/390ac8f0be5d9aa046152553e2dd7011b59a512d89c150f5e5f28bb8d9a0b165?s=96&d=mm&r=g","contentUrl":"https:\/\/secure.gravatar.com\/avatar\/390ac8f0be5d9aa046152553e2dd7011b59a512d89c150f5e5f28bb8d9a0b165?s=96&d=mm&r=g","caption":"Crees"},"url":"https:\/\/crees.org.do\/?author=2"}]}},"_links":{"self":[{"href":"https:\/\/crees.org.do\/index.php?rest_route=\/wp\/v2\/posts\/25006","targetHints":{"allow":["GET"]}}],"collection":[{"href":"https:\/\/crees.org.do\/index.php?rest_route=\/wp\/v2\/posts"}],"about":[{"href":"https:\/\/crees.org.do\/index.php?rest_route=\/wp\/v2\/types\/post"}],"author":[{"embeddable":true,"href":"https:\/\/crees.org.do\/index.php?rest_route=\/wp\/v2\/users\/2"}],"replies":[{"embeddable":true,"href":"https:\/\/crees.org.do\/index.php?rest_route=%2Fwp%2Fv2%2Fcomments&post=25006"}],"version-history":[{"count":1,"href":"https:\/\/crees.org.do\/index.php?rest_route=\/wp\/v2\/posts\/25006\/revisions"}],"predecessor-version":[{"id":25008,"href":"https:\/\/crees.org.do\/index.php?rest_route=\/wp\/v2\/posts\/25006\/revisions\/25008"}],"wp:featuredmedia":[{"embeddable":true,"href":"https:\/\/crees.org.do\/index.php?rest_route=\/wp\/v2\/media\/25007"}],"wp:attachment":[{"href":"https:\/\/crees.org.do\/index.php?rest_route=%2Fwp%2Fv2%2Fmedia&parent=25006"}],"wp:term":[{"taxonomy":"category","embeddable":true,"href":"https:\/\/crees.org.do\/index.php?rest_route=%2Fwp%2Fv2%2Fcategories&post=25006"},{"taxonomy":"post_tag","embeddable":true,"href":"https:\/\/crees.org.do\/index.php?rest_route=%2Fwp%2Fv2%2Ftags&post=25006"}],"curies":[{"name":"wp","href":"https:\/\/api.w.org\/{rel}","templated":true}]}}