{"id":25022,"date":"2023-06-06T13:47:47","date_gmt":"2023-06-06T13:47:47","guid":{"rendered":"https:\/\/crees.org.do\/?p=25022"},"modified":"2023-06-06T13:47:47","modified_gmt":"2023-06-06T13:47:47","slug":"a-abril-la-deuda-publica-es-un-60-7-del-pib","status":"publish","type":"post","link":"https:\/\/crees.org.do\/?p=25022","title":{"rendered":"A abril, la deuda p\u00fablica es un 60.7% del PIB"},"content":{"rendered":"<p>Autor: Mayelin Acosta Guzm\u00e1n<\/p>\n<p>Fecha: 6 de junio del 2023<\/p>\n<p>Extra\u00eddo de: HOY<\/p>\n<p>La\u00a0<strong>deuda del p\u00fablica consolidada<\/strong>\u00a0(incluyendo deuda intergubernamental) a abril de 2023 ascendi\u00f3 a US$74,282.6 millones. La misma est\u00e1 compuesta por la deuda del sector p\u00fablico no financiero (SPNF) cuyo monto fue US$54,721.2 millones y la deuda del\u00a0<strong>Banco Central de la Rep\u00fablica Dominicana (BCRD)<\/strong>\u00a0cuyo monto represent\u00f3 US$19,561.4 millones.<\/p>\n<p>Al mes de abril de 2023 la deuda p\u00fablica consolidada\u00a0<strong>se ubic\u00f3 en 60.7%\u00a0<\/strong>del PIB; de los cuales un 44.7% correspond\u00edan a la deuda del SPNF y los restantes 16.0% a la deuda del BCRD.<\/p>\n<p>Al comparar la deuda p\u00fablica consolidada con el balance a diciembre de 2019, antes de que se incrementara el gasto p\u00fablico a partir de la\u00a0<strong>pandemia de COVID-19<\/strong>, el saldo de la deuda se ha incrementado en US$26,422.1 millones, equivalente a un 55.2%, a abril de 2023, de acuerdo a estad\u00edsticas de la Direcci\u00f3n General de Cr\u00e9dito P\u00fablico y el Banco Central de la Rep\u00fablica Dominicana.<\/p>\n<p>Entre diciembre de 2019 y abril de 2023 la deuda del SPNF registr\u00f3 un incremento neto de US$18,778.7 millones; equivalente a un 52.2%, seg\u00fan un an\u00e1lisis del Centro Regional de Estrategias Econ\u00f3micas Sostenibles (CREES).<\/p>\n<p>El economista del CREES,\u00a0<strong>Rolando Mart\u00ednez Ag\u00fcero<\/strong>\u00a0explic\u00f3 que la deuda representa una carga importante para los contribuyentes, tanto por el pago de su costo como por el capital de la misma.<\/p>\n<p>Expres\u00f3 que para este a\u00f1o, el monto del gasto en intereses del gobierno central como porcentaje de los ingresos tributarios est\u00e1 presupuestado en 26.3%. Cabe se\u00f1alar que en el periodo enero-abril del 2023 el gasto en intereses represent\u00f3 un 29.3% de los ingresos tributarios.<\/p>\n<p>\u201cEl importante peso que representa la deuda p\u00fablica amerita una reducci\u00f3n de la misma de forma sostenible. La mejor forma de lograr este objetivo es iniciando un proceso de consolidaci\u00f3n fiscal\u201d, dijo.<\/p>\n<p>Destac\u00f3 que est\u00e1\u00a0<strong>consolidaci\u00f3n fiscal<\/strong>\u00a0debe estar basado en primer lugar: el establecimiento de reglas fiscales que reduzcan el d\u00e9ficit y, en consecuencia, la deuda p\u00fablica (esto mediante una Ley de Responsabilidad Fiscal).<\/p>\n<p>Y en segundo lugar una reforma tributaria que simplifique el c\u00f3digo tributario, elimine los impuestos m\u00e1s distorsionadores, reduzca las tasas de los existentes y ampl\u00ede sus bases. Acompa\u00f1ado de la implementaci\u00f3n de reformas estructurales que permitan incrementar la productividad promedio en la econom\u00eda y elevar los ingresos de los ciudadanos.<\/p>\n<div class=\"pvc_clear\"><\/div>\n<p class=\"pvc_stats all \" data-element-id=\"25022\" style=\"\"><i class=\"pvc-stats-icon medium\" aria-hidden=\"true\"><svg aria-hidden=\"true\" focusable=\"false\" data-prefix=\"far\" data-icon=\"chart-bar\" role=\"img\" xmlns=\"http:\/\/www.w3.org\/2000\/svg\" viewBox=\"0 0 512 512\" class=\"svg-inline--fa fa-chart-bar fa-w-16 fa-2x\"><path fill=\"currentColor\" d=\"M396.8 352h22.4c6.4 0 12.8-6.4 12.8-12.8V108.8c0-6.4-6.4-12.8-12.8-12.8h-22.4c-6.4 0-12.8 6.4-12.8 12.8v230.4c0 6.4 6.4 12.8 12.8 12.8zm-192 0h22.4c6.4 0 12.8-6.4 12.8-12.8V140.8c0-6.4-6.4-12.8-12.8-12.8h-22.4c-6.4 0-12.8 6.4-12.8 12.8v198.4c0 6.4 6.4 12.8 12.8 12.8zm96 0h22.4c6.4 0 12.8-6.4 12.8-12.8V204.8c0-6.4-6.4-12.8-12.8-12.8h-22.4c-6.4 0-12.8 6.4-12.8 12.8v134.4c0 6.4 6.4 12.8 12.8 12.8zM496 400H48V80c0-8.84-7.16-16-16-16H16C7.16 64 0 71.16 0 80v336c0 17.67 14.33 32 32 32h464c8.84 0 16-7.16 16-16v-16c0-8.84-7.16-16-16-16zm-387.2-48h22.4c6.4 0 12.8-6.4 12.8-12.8v-70.4c0-6.4-6.4-12.8-12.8-12.8h-22.4c-6.4 0-12.8 6.4-12.8 12.8v70.4c0 6.4 6.4 12.8 12.8 12.8z\" class=\"\"><\/path><\/svg><\/i> Vistas Totales&nbsp;1,328&nbsp;<\/p>\n<div class=\"pvc_clear\"><\/div>\n","protected":false},"excerpt":{"rendered":"<p>Autor: Mayelin Acosta Guzm\u00e1n Fecha: 6 de junio del 2023 Extra\u00eddo de: HOY La\u00a0deuda del p\u00fablica consolidada\u00a0(incluyendo deuda intergubernamental) a abril de 2023 ascendi\u00f3 a US$74,282.6 millones. La misma est\u00e1 compuesta por la deuda del sector p\u00fablico no financiero (SPNF) cuyo monto fue US$54,721.2 millones y la deuda del\u00a0Banco Central de la Rep\u00fablica Dominicana (BCRD)\u00a0cuyo&#8230;<\/p>\n<div class=\"pvc_clear\"><\/div>\n<p class=\"pvc_stats all \" data-element-id=\"25022\" style=\"\"><i class=\"pvc-stats-icon medium\" aria-hidden=\"true\"><svg aria-hidden=\"true\" focusable=\"false\" data-prefix=\"far\" data-icon=\"chart-bar\" role=\"img\" xmlns=\"http:\/\/www.w3.org\/2000\/svg\" viewBox=\"0 0 512 512\" class=\"svg-inline--fa fa-chart-bar fa-w-16 fa-2x\"><path fill=\"currentColor\" d=\"M396.8 352h22.4c6.4 0 12.8-6.4 12.8-12.8V108.8c0-6.4-6.4-12.8-12.8-12.8h-22.4c-6.4 0-12.8 6.4-12.8 12.8v230.4c0 6.4 6.4 12.8 12.8 12.8zm-192 0h22.4c6.4 0 12.8-6.4 12.8-12.8V140.8c0-6.4-6.4-12.8-12.8-12.8h-22.4c-6.4 0-12.8 6.4-12.8 12.8v198.4c0 6.4 6.4 12.8 12.8 12.8zm96 0h22.4c6.4 0 12.8-6.4 12.8-12.8V204.8c0-6.4-6.4-12.8-12.8-12.8h-22.4c-6.4 0-12.8 6.4-12.8 12.8v134.4c0 6.4 6.4 12.8 12.8 12.8zM496 400H48V80c0-8.84-7.16-16-16-16H16C7.16 64 0 71.16 0 80v336c0 17.67 14.33 32 32 32h464c8.84 0 16-7.16 16-16v-16c0-8.84-7.16-16-16-16zm-387.2-48h22.4c6.4 0 12.8-6.4 12.8-12.8v-70.4c0-6.4-6.4-12.8-12.8-12.8h-22.4c-6.4 0-12.8 6.4-12.8 12.8v70.4c0 6.4 6.4 12.8 12.8 12.8z\" class=\"\"><\/path><\/svg><\/i> Vistas Totales&nbsp;1,328&nbsp;<\/p>\n<div class=\"pvc_clear\"><\/div>\n","protected":false},"author":2,"featured_media":25023,"comment_status":"closed","ping_status":"closed","sticky":false,"template":"","format":"standard","meta":{"footnotes":""},"categories":[19],"tags":[],"class_list":["post-25022","post","type-post","status-publish","format-standard","has-post-thumbnail","hentry","category-actualidad"],"yoast_head":"<!-- This site is optimized with the Yoast SEO plugin v25.2 - https:\/\/yoast.com\/wordpress\/plugins\/seo\/ -->\n<title>A abril, la deuda p\u00fablica es un 60.7% del PIB | CREES<\/title>\n<meta name=\"robots\" content=\"index, follow, max-snippet:-1, max-image-preview:large, max-video-preview:-1\" \/>\n<link rel=\"canonical\" href=\"https:\/\/crees.org.do\/?p=25022\" \/>\n<meta property=\"og:locale\" content=\"es_ES\" \/>\n<meta property=\"og:type\" content=\"article\" \/>\n<meta property=\"og:title\" content=\"A abril, la deuda p\u00fablica es un 60.7% del PIB | CREES\" \/>\n<meta property=\"og:description\" content=\"Autor: Mayelin Acosta Guzm\u00e1n Fecha: 6 de junio del 2023 Extra\u00eddo de: HOY La\u00a0deuda del p\u00fablica consolidada\u00a0(incluyendo deuda intergubernamental) a abril de 2023 ascendi\u00f3 a US$74,282.6 millones. La misma est\u00e1 compuesta por la deuda del sector p\u00fablico no financiero (SPNF) cuyo monto fue US$54,721.2 millones y la deuda del\u00a0Banco Central de la Rep\u00fablica Dominicana (BCRD)\u00a0cuyo...\" \/>\n<meta property=\"og:url\" content=\"https:\/\/crees.org.do\/?p=25022\" \/>\n<meta property=\"og:site_name\" content=\"CREES\" \/>\n<meta property=\"article:publisher\" content=\"https:\/\/www.facebook.com\/CREESRD\/\" \/>\n<meta property=\"article:published_time\" content=\"2023-06-06T13:47:47+00:00\" \/>\n<meta property=\"og:image\" content=\"https:\/\/crees.org.do\/wp-content\/uploads\/2023\/06\/8_El-Pais_06_1p01.jpg\" \/>\n\t<meta property=\"og:image:width\" content=\"487\" \/>\n\t<meta property=\"og:image:height\" content=\"348\" \/>\n\t<meta property=\"og:image:type\" content=\"image\/jpeg\" \/>\n<meta name=\"author\" content=\"Crees\" \/>\n<meta name=\"twitter:card\" content=\"summary_large_image\" \/>\n<meta name=\"twitter:creator\" content=\"@CREESRD\" \/>\n<meta name=\"twitter:site\" content=\"@CREESRD\" \/>\n<meta name=\"twitter:label1\" content=\"Escrito por\" \/>\n\t<meta name=\"twitter:data1\" content=\"Crees\" \/>\n\t<meta name=\"twitter:label2\" content=\"Tiempo de lectura\" \/>\n\t<meta name=\"twitter:data2\" content=\"2 minutos\" \/>\n<script type=\"application\/ld+json\" class=\"yoast-schema-graph\">{\"@context\":\"https:\/\/schema.org\",\"@graph\":[{\"@type\":\"Article\",\"@id\":\"https:\/\/crees.org.do\/?p=25022#article\",\"isPartOf\":{\"@id\":\"https:\/\/crees.org.do\/?p=25022\"},\"author\":{\"name\":\"Crees\",\"@id\":\"https:\/\/crees.org.do\/#\/schema\/person\/e7f97cd94d7bf9cd0e0ce30acb7d56b8\"},\"headline\":\"A abril, la deuda p\u00fablica es un 60.7% del PIB\",\"datePublished\":\"2023-06-06T13:47:47+00:00\",\"mainEntityOfPage\":{\"@id\":\"https:\/\/crees.org.do\/?p=25022\"},\"wordCount\":417,\"publisher\":{\"@id\":\"https:\/\/crees.org.do\/#organization\"},\"image\":{\"@id\":\"https:\/\/crees.org.do\/?p=25022#primaryimage\"},\"thumbnailUrl\":\"https:\/\/crees.org.do\/wp-content\/uploads\/2023\/06\/8_El-Pais_06_1p01.jpg\",\"articleSection\":[\"Actualidad\"],\"inLanguage\":\"es\"},{\"@type\":\"WebPage\",\"@id\":\"https:\/\/crees.org.do\/?p=25022\",\"url\":\"https:\/\/crees.org.do\/?p=25022\",\"name\":\"A abril, la deuda p\u00fablica es un 60.7% del PIB | CREES\",\"isPartOf\":{\"@id\":\"https:\/\/crees.org.do\/#website\"},\"primaryImageOfPage\":{\"@id\":\"https:\/\/crees.org.do\/?p=25022#primaryimage\"},\"image\":{\"@id\":\"https:\/\/crees.org.do\/?p=25022#primaryimage\"},\"thumbnailUrl\":\"https:\/\/crees.org.do\/wp-content\/uploads\/2023\/06\/8_El-Pais_06_1p01.jpg\",\"datePublished\":\"2023-06-06T13:47:47+00:00\",\"breadcrumb\":{\"@id\":\"https:\/\/crees.org.do\/?p=25022#breadcrumb\"},\"inLanguage\":\"es\",\"potentialAction\":[{\"@type\":\"ReadAction\",\"target\":[\"https:\/\/crees.org.do\/?p=25022\"]}]},{\"@type\":\"ImageObject\",\"inLanguage\":\"es\",\"@id\":\"https:\/\/crees.org.do\/?p=25022#primaryimage\",\"url\":\"https:\/\/crees.org.do\/wp-content\/uploads\/2023\/06\/8_El-Pais_06_1p01.jpg\",\"contentUrl\":\"https:\/\/crees.org.do\/wp-content\/uploads\/2023\/06\/8_El-Pais_06_1p01.jpg\",\"width\":487,\"height\":348},{\"@type\":\"BreadcrumbList\",\"@id\":\"https:\/\/crees.org.do\/?p=25022#breadcrumb\",\"itemListElement\":[{\"@type\":\"ListItem\",\"position\":1,\"name\":\"Portada\",\"item\":\"https:\/\/crees.org.do\/\"},{\"@type\":\"ListItem\",\"position\":2,\"name\":\"A abril, la deuda p\u00fablica es un 60.7% del PIB\"}]},{\"@type\":\"WebSite\",\"@id\":\"https:\/\/crees.org.do\/#website\",\"url\":\"https:\/\/crees.org.do\/\",\"name\":\"CREES\",\"description\":\"Centro Regional de Estrategias Econ\u00f3micas Sostenibles\",\"publisher\":{\"@id\":\"https:\/\/crees.org.do\/#organization\"},\"potentialAction\":[{\"@type\":\"SearchAction\",\"target\":{\"@type\":\"EntryPoint\",\"urlTemplate\":\"https:\/\/crees.org.do\/?s={search_term_string}\"},\"query-input\":{\"@type\":\"PropertyValueSpecification\",\"valueRequired\":true,\"valueName\":\"search_term_string\"}}],\"inLanguage\":\"es\"},{\"@type\":\"Organization\",\"@id\":\"https:\/\/crees.org.do\/#organization\",\"name\":\"CREES | Centro Regional de Estrategias Econ\u00f3micas Sostenibles\",\"url\":\"https:\/\/crees.org.do\/\",\"logo\":{\"@type\":\"ImageObject\",\"inLanguage\":\"es\",\"@id\":\"https:\/\/crees.org.do\/#\/schema\/logo\/image\/\",\"url\":\"https:\/\/crees.org.do\/wp-content\/uploads\/2022\/03\/crees-logo-1.jpg\",\"contentUrl\":\"https:\/\/crees.org.do\/wp-content\/uploads\/2022\/03\/crees-logo-1.jpg\",\"width\":244,\"height\":71,\"caption\":\"CREES | Centro Regional de Estrategias Econ\u00f3micas Sostenibles\"},\"image\":{\"@id\":\"https:\/\/crees.org.do\/#\/schema\/logo\/image\/\"},\"sameAs\":[\"https:\/\/www.facebook.com\/CREESRD\/\",\"https:\/\/x.com\/CREESRD\"]},{\"@type\":\"Person\",\"@id\":\"https:\/\/crees.org.do\/#\/schema\/person\/e7f97cd94d7bf9cd0e0ce30acb7d56b8\",\"name\":\"Crees\",\"image\":{\"@type\":\"ImageObject\",\"inLanguage\":\"es\",\"@id\":\"https:\/\/crees.org.do\/#\/schema\/person\/image\/\",\"url\":\"https:\/\/secure.gravatar.com\/avatar\/390ac8f0be5d9aa046152553e2dd7011b59a512d89c150f5e5f28bb8d9a0b165?s=96&d=mm&r=g\",\"contentUrl\":\"https:\/\/secure.gravatar.com\/avatar\/390ac8f0be5d9aa046152553e2dd7011b59a512d89c150f5e5f28bb8d9a0b165?s=96&d=mm&r=g\",\"caption\":\"Crees\"},\"url\":\"https:\/\/crees.org.do\/?author=2\"}]}<\/script>\n<!-- \/ Yoast SEO plugin. -->","yoast_head_json":{"title":"A abril, la deuda p\u00fablica es un 60.7% del PIB | CREES","robots":{"index":"index","follow":"follow","max-snippet":"max-snippet:-1","max-image-preview":"max-image-preview:large","max-video-preview":"max-video-preview:-1"},"canonical":"https:\/\/crees.org.do\/?p=25022","og_locale":"es_ES","og_type":"article","og_title":"A abril, la deuda p\u00fablica es un 60.7% del PIB | CREES","og_description":"Autor: Mayelin Acosta Guzm\u00e1n Fecha: 6 de junio del 2023 Extra\u00eddo de: HOY La\u00a0deuda del p\u00fablica consolidada\u00a0(incluyendo deuda intergubernamental) a abril de 2023 ascendi\u00f3 a US$74,282.6 millones. La misma est\u00e1 compuesta por la deuda del sector p\u00fablico no financiero (SPNF) cuyo monto fue US$54,721.2 millones y la deuda del\u00a0Banco Central de la Rep\u00fablica Dominicana (BCRD)\u00a0cuyo...","og_url":"https:\/\/crees.org.do\/?p=25022","og_site_name":"CREES","article_publisher":"https:\/\/www.facebook.com\/CREESRD\/","article_published_time":"2023-06-06T13:47:47+00:00","og_image":[{"width":487,"height":348,"url":"https:\/\/crees.org.do\/wp-content\/uploads\/2023\/06\/8_El-Pais_06_1p01.jpg","type":"image\/jpeg"}],"author":"Crees","twitter_card":"summary_large_image","twitter_creator":"@CREESRD","twitter_site":"@CREESRD","twitter_misc":{"Escrito por":"Crees","Tiempo de lectura":"2 minutos"},"schema":{"@context":"https:\/\/schema.org","@graph":[{"@type":"Article","@id":"https:\/\/crees.org.do\/?p=25022#article","isPartOf":{"@id":"https:\/\/crees.org.do\/?p=25022"},"author":{"name":"Crees","@id":"https:\/\/crees.org.do\/#\/schema\/person\/e7f97cd94d7bf9cd0e0ce30acb7d56b8"},"headline":"A abril, la deuda p\u00fablica es un 60.7% del PIB","datePublished":"2023-06-06T13:47:47+00:00","mainEntityOfPage":{"@id":"https:\/\/crees.org.do\/?p=25022"},"wordCount":417,"publisher":{"@id":"https:\/\/crees.org.do\/#organization"},"image":{"@id":"https:\/\/crees.org.do\/?p=25022#primaryimage"},"thumbnailUrl":"https:\/\/crees.org.do\/wp-content\/uploads\/2023\/06\/8_El-Pais_06_1p01.jpg","articleSection":["Actualidad"],"inLanguage":"es"},{"@type":"WebPage","@id":"https:\/\/crees.org.do\/?p=25022","url":"https:\/\/crees.org.do\/?p=25022","name":"A abril, la deuda p\u00fablica es un 60.7% del PIB | CREES","isPartOf":{"@id":"https:\/\/crees.org.do\/#website"},"primaryImageOfPage":{"@id":"https:\/\/crees.org.do\/?p=25022#primaryimage"},"image":{"@id":"https:\/\/crees.org.do\/?p=25022#primaryimage"},"thumbnailUrl":"https:\/\/crees.org.do\/wp-content\/uploads\/2023\/06\/8_El-Pais_06_1p01.jpg","datePublished":"2023-06-06T13:47:47+00:00","breadcrumb":{"@id":"https:\/\/crees.org.do\/?p=25022#breadcrumb"},"inLanguage":"es","potentialAction":[{"@type":"ReadAction","target":["https:\/\/crees.org.do\/?p=25022"]}]},{"@type":"ImageObject","inLanguage":"es","@id":"https:\/\/crees.org.do\/?p=25022#primaryimage","url":"https:\/\/crees.org.do\/wp-content\/uploads\/2023\/06\/8_El-Pais_06_1p01.jpg","contentUrl":"https:\/\/crees.org.do\/wp-content\/uploads\/2023\/06\/8_El-Pais_06_1p01.jpg","width":487,"height":348},{"@type":"BreadcrumbList","@id":"https:\/\/crees.org.do\/?p=25022#breadcrumb","itemListElement":[{"@type":"ListItem","position":1,"name":"Portada","item":"https:\/\/crees.org.do\/"},{"@type":"ListItem","position":2,"name":"A abril, la deuda p\u00fablica es un 60.7% del PIB"}]},{"@type":"WebSite","@id":"https:\/\/crees.org.do\/#website","url":"https:\/\/crees.org.do\/","name":"CREES","description":"Centro Regional de Estrategias Econ\u00f3micas Sostenibles","publisher":{"@id":"https:\/\/crees.org.do\/#organization"},"potentialAction":[{"@type":"SearchAction","target":{"@type":"EntryPoint","urlTemplate":"https:\/\/crees.org.do\/?s={search_term_string}"},"query-input":{"@type":"PropertyValueSpecification","valueRequired":true,"valueName":"search_term_string"}}],"inLanguage":"es"},{"@type":"Organization","@id":"https:\/\/crees.org.do\/#organization","name":"CREES | Centro Regional de Estrategias Econ\u00f3micas Sostenibles","url":"https:\/\/crees.org.do\/","logo":{"@type":"ImageObject","inLanguage":"es","@id":"https:\/\/crees.org.do\/#\/schema\/logo\/image\/","url":"https:\/\/crees.org.do\/wp-content\/uploads\/2022\/03\/crees-logo-1.jpg","contentUrl":"https:\/\/crees.org.do\/wp-content\/uploads\/2022\/03\/crees-logo-1.jpg","width":244,"height":71,"caption":"CREES | Centro Regional de Estrategias Econ\u00f3micas Sostenibles"},"image":{"@id":"https:\/\/crees.org.do\/#\/schema\/logo\/image\/"},"sameAs":["https:\/\/www.facebook.com\/CREESRD\/","https:\/\/x.com\/CREESRD"]},{"@type":"Person","@id":"https:\/\/crees.org.do\/#\/schema\/person\/e7f97cd94d7bf9cd0e0ce30acb7d56b8","name":"Crees","image":{"@type":"ImageObject","inLanguage":"es","@id":"https:\/\/crees.org.do\/#\/schema\/person\/image\/","url":"https:\/\/secure.gravatar.com\/avatar\/390ac8f0be5d9aa046152553e2dd7011b59a512d89c150f5e5f28bb8d9a0b165?s=96&d=mm&r=g","contentUrl":"https:\/\/secure.gravatar.com\/avatar\/390ac8f0be5d9aa046152553e2dd7011b59a512d89c150f5e5f28bb8d9a0b165?s=96&d=mm&r=g","caption":"Crees"},"url":"https:\/\/crees.org.do\/?author=2"}]}},"_links":{"self":[{"href":"https:\/\/crees.org.do\/index.php?rest_route=\/wp\/v2\/posts\/25022","targetHints":{"allow":["GET"]}}],"collection":[{"href":"https:\/\/crees.org.do\/index.php?rest_route=\/wp\/v2\/posts"}],"about":[{"href":"https:\/\/crees.org.do\/index.php?rest_route=\/wp\/v2\/types\/post"}],"author":[{"embeddable":true,"href":"https:\/\/crees.org.do\/index.php?rest_route=\/wp\/v2\/users\/2"}],"replies":[{"embeddable":true,"href":"https:\/\/crees.org.do\/index.php?rest_route=%2Fwp%2Fv2%2Fcomments&post=25022"}],"version-history":[{"count":1,"href":"https:\/\/crees.org.do\/index.php?rest_route=\/wp\/v2\/posts\/25022\/revisions"}],"predecessor-version":[{"id":25024,"href":"https:\/\/crees.org.do\/index.php?rest_route=\/wp\/v2\/posts\/25022\/revisions\/25024"}],"wp:featuredmedia":[{"embeddable":true,"href":"https:\/\/crees.org.do\/index.php?rest_route=\/wp\/v2\/media\/25023"}],"wp:attachment":[{"href":"https:\/\/crees.org.do\/index.php?rest_route=%2Fwp%2Fv2%2Fmedia&parent=25022"}],"wp:term":[{"taxonomy":"category","embeddable":true,"href":"https:\/\/crees.org.do\/index.php?rest_route=%2Fwp%2Fv2%2Fcategories&post=25022"},{"taxonomy":"post_tag","embeddable":true,"href":"https:\/\/crees.org.do\/index.php?rest_route=%2Fwp%2Fv2%2Ftags&post=25022"}],"curies":[{"name":"wp","href":"https:\/\/api.w.org\/{rel}","templated":true}]}}