{"id":25026,"date":"2023-06-06T16:11:52","date_gmt":"2023-06-06T16:11:52","guid":{"rendered":"https:\/\/crees.org.do\/?p=25026"},"modified":"2023-06-06T18:25:42","modified_gmt":"2023-06-06T18:25:42","slug":"evolucion-de-la-deuda-publica-de-la-republica-dominicana-a-abril-del-2023","status":"publish","type":"post","link":"https:\/\/crees.org.do\/?p=25026","title":{"rendered":"Evoluci\u00f3n de la deuda p\u00fablica de la Rep\u00fablica Dominicana, a abril del 2023"},"content":{"rendered":"<h1><img fetchpriority=\"high\" decoding=\"async\" class=\"aligncenter wp-image-25050\" src=\"https:\/\/crees.org.do\/wp-content\/uploads\/2023\/06\/Title.png\" alt=\"\" width=\"630\" height=\"443\" srcset=\"https:\/\/crees.org.do\/wp-content\/uploads\/2023\/06\/Title.png 1066w, https:\/\/crees.org.do\/wp-content\/uploads\/2023\/06\/Title-450x317.png 450w, https:\/\/crees.org.do\/wp-content\/uploads\/2023\/06\/Title-768x540.png 768w, https:\/\/crees.org.do\/wp-content\/uploads\/2023\/06\/Title-600x422.png 600w\" sizes=\"(max-width: 630px) 100vw, 630px\" \/><\/h1>\n<h1>Evoluci\u00f3n de la deuda p\u00fablica de la Rep\u00fablica Dominicana, a abril del 2023<\/h1>\n<p style=\"text-align: justify;\">En las gr\u00e1ficas que se presentan a continuaci\u00f3n se puede apreciar la evoluci\u00f3n de la deuda p\u00fablica de la Rep\u00fablica Dominicana y sus componentes. Los gobiernos financian sus d\u00e9ficits fiscales con endeudamiento. Cuando se registra un resultado financiero negativo, es decir, cuando se genera un d\u00e9ficit fiscal porque se verific\u00f3 un gasto p\u00fablico mayor comparado con los ingresos, los gobiernos asumen deuda p\u00fablica para financiar ese d\u00e9ficit. A\u00f1o tras a\u00f1o, para cubrir los d\u00e9ficits del Sector P\u00fablico No Financiero (SPNF) y del Banco Central de la Rep\u00fablica Dominicana (BCRD), la deuda p\u00fablica consolidada contratada ha ido en aumento.<\/p>\n<p style=\"text-align: justify;\">A abril de 2023 la deuda p\u00fablica consolidada de Rep\u00fablica Dominicana (incluyendo deuda intergubernamental) ascendi\u00f3 a US$74,282.6 millones, de los cuales US$54,721.2 millones correspond\u00edan a la deuda del SPNF y los restantes US$19,561.4 millones proven\u00edan de los pasivos del BCRD. Como porcentaje del PIB, la deuda del SPNF represent\u00f3 un 44.7% y la del BCRD represent\u00f3 un 16.0%; ubicando as\u00ed la deuda p\u00fablica consolidada en 60.7% del PIB en abril de 2023.<\/p>\n<p style=\"text-align: justify;\">Si bien es com\u00fan analizar la deuda como porcentaje del producto interno bruto, lo cierto es que la deuda no se paga con el PIB; la deuda se paga con los ingresos del gobierno por medio de las recaudaciones de los impuestos. Es por esta raz\u00f3n que entre los gr\u00e1ficos mostrados se encuentra la evoluci\u00f3n del gasto en intereses como porcentaje de los ingresos tributarios (GIIT) de Rep\u00fablica Dominicana. El GIIT es un indicador que refleja la liquidez del gobierno para hacer frente a los compromisos de la deuda. Un incremento en el gasto en intereses, independientemente de la relaci\u00f3n deuda\/PIB, coloca a todo estado en una situaci\u00f3n en la cual es m\u00e1s dif\u00edcil hacer frente a sus compromisos financieros. A partir de los datos del presupuesto de 2023, el GIIT equivaldr\u00eda a 26.3% para el a\u00f1o completo; en el primer cuatrimestre, el cociente se situ\u00f3 en 29.3%, lo que equivale a que 29 de cada 100 pesos se destinaron a intereses.<\/p>\n<p style=\"text-align: justify;\">El costo de la deuda, y los riesgos que puede presentar en un entorno internacional de mayores costos de financiamiento, son elementos a tener en cuenta y realizar un proceso de consolidaci\u00f3n fiscal. Ante cambios en la pol\u00edtica monetaria, principalmente por parte de la Reserva Federal de los Estados Unidos, los costos de nuevas emisiones son superiores a los prevalecientes en a\u00f1os anteriores. Esto se refleja en el servicio de la deuda, a pesar de los esfuerzos recientes por abaratar este costo con reestructuraciones internacionales de pasivos llevadas a efecto por el gobierno. El impacto del entorno internacional en las finanzas p\u00fablicas de la Rep\u00fablica Dominicana pone en evidencia la necesidad de iniciar de implementar un proceso de consolidaci\u00f3n fiscal.<\/p>\n<p style=\"text-align: justify;\">Tres elementos deber\u00edan ser los pilares sobre los cuales descanse la consolidaci\u00f3n fiscal:<\/p>\n<ol style=\"text-align: justify;\">\n<li>El establecimiento de reglas fiscales que reduzcan el d\u00e9ficit y, en consecuencia, la deuda p\u00fablica, mediante una Ley de Responsabilidad Fiscal,<\/li>\n<li>La implementaci\u00f3n de una reforma tributaria que simplifique el c\u00f3digo tributario, elimine los impuestos m\u00e1s distorsionadores, reduzca las tasas de los existentes y ampl\u00ede sus bases; y<\/li>\n<li>Reformas estructurales que permitan incrementar la productividad promedio en la econom\u00eda y eleven los ingresos de los ciudadanos.<\/li>\n<\/ol>\n<p><img decoding=\"async\" class=\"size-full wp-image-25029 aligncenter\" src=\"https:\/\/crees.org.do\/wp-content\/uploads\/2023\/06\/3-new-block-copy-1.png\" alt=\"\" width=\"810\" height=\"620\" srcset=\"https:\/\/crees.org.do\/wp-content\/uploads\/2023\/06\/3-new-block-copy-1.png 810w, https:\/\/crees.org.do\/wp-content\/uploads\/2023\/06\/3-new-block-copy-1-450x344.png 450w, https:\/\/crees.org.do\/wp-content\/uploads\/2023\/06\/3-new-block-copy-1-768x588.png 768w, https:\/\/crees.org.do\/wp-content\/uploads\/2023\/06\/3-new-block-copy-1-600x459.png 600w\" sizes=\"(max-width: 810px) 100vw, 810px\" \/> <img decoding=\"async\" class=\"size-full wp-image-25030 aligncenter\" src=\"https:\/\/crees.org.do\/wp-content\/uploads\/2023\/06\/4-Untitled-copy-1.png\" alt=\"\" width=\"810\" height=\"715\" srcset=\"https:\/\/crees.org.do\/wp-content\/uploads\/2023\/06\/4-Untitled-copy-1.png 810w, https:\/\/crees.org.do\/wp-content\/uploads\/2023\/06\/4-Untitled-copy-1-450x397.png 450w, https:\/\/crees.org.do\/wp-content\/uploads\/2023\/06\/4-Untitled-copy-1-768x678.png 768w, https:\/\/crees.org.do\/wp-content\/uploads\/2023\/06\/4-Untitled-copy-1-600x530.png 600w\" sizes=\"(max-width: 810px) 100vw, 810px\" \/> <img loading=\"lazy\" decoding=\"async\" class=\"size-full wp-image-25031 aligncenter\" src=\"https:\/\/crees.org.do\/wp-content\/uploads\/2023\/06\/5-new-block.png\" alt=\"\" width=\"810\" height=\"768\" srcset=\"https:\/\/crees.org.do\/wp-content\/uploads\/2023\/06\/5-new-block.png 810w, https:\/\/crees.org.do\/wp-content\/uploads\/2023\/06\/5-new-block-450x427.png 450w, https:\/\/crees.org.do\/wp-content\/uploads\/2023\/06\/5-new-block-768x728.png 768w, https:\/\/crees.org.do\/wp-content\/uploads\/2023\/06\/5-new-block-600x569.png 600w\" sizes=\"(max-width: 810px) 100vw, 810px\" \/> <img loading=\"lazy\" decoding=\"async\" class=\"size-full wp-image-25032 aligncenter\" src=\"https:\/\/crees.org.do\/wp-content\/uploads\/2023\/06\/6-Untitled.png\" alt=\"\" width=\"810\" height=\"792\" srcset=\"https:\/\/crees.org.do\/wp-content\/uploads\/2023\/06\/6-Untitled.png 810w, https:\/\/crees.org.do\/wp-content\/uploads\/2023\/06\/6-Untitled-450x440.png 450w, https:\/\/crees.org.do\/wp-content\/uploads\/2023\/06\/6-Untitled-768x751.png 768w, https:\/\/crees.org.do\/wp-content\/uploads\/2023\/06\/6-Untitled-600x587.png 600w\" sizes=\"(max-width: 810px) 100vw, 810px\" \/> <img loading=\"lazy\" decoding=\"async\" class=\"size-full wp-image-25033 aligncenter\" src=\"https:\/\/crees.org.do\/wp-content\/uploads\/2023\/06\/7-Untitled-copy-4.png\" alt=\"\" width=\"810\" height=\"791\" srcset=\"https:\/\/crees.org.do\/wp-content\/uploads\/2023\/06\/7-Untitled-copy-4.png 810w, https:\/\/crees.org.do\/wp-content\/uploads\/2023\/06\/7-Untitled-copy-4-450x439.png 450w, https:\/\/crees.org.do\/wp-content\/uploads\/2023\/06\/7-Untitled-copy-4-768x750.png 768w, https:\/\/crees.org.do\/wp-content\/uploads\/2023\/06\/7-Untitled-copy-4-600x586.png 600w\" sizes=\"(max-width: 810px) 100vw, 810px\" \/> <img loading=\"lazy\" decoding=\"async\" class=\"size-full wp-image-25034 aligncenter\" src=\"https:\/\/crees.org.do\/wp-content\/uploads\/2023\/06\/8-Untitled-copy-2.png\" alt=\"\" width=\"810\" height=\"782\" srcset=\"https:\/\/crees.org.do\/wp-content\/uploads\/2023\/06\/8-Untitled-copy-2.png 810w, https:\/\/crees.org.do\/wp-content\/uploads\/2023\/06\/8-Untitled-copy-2-450x434.png 450w, https:\/\/crees.org.do\/wp-content\/uploads\/2023\/06\/8-Untitled-copy-2-768x741.png 768w, https:\/\/crees.org.do\/wp-content\/uploads\/2023\/06\/8-Untitled-copy-2-600x579.png 600w\" sizes=\"(max-width: 810px) 100vw, 810px\" \/> <img loading=\"lazy\" decoding=\"async\" class=\"size-full wp-image-25035 aligncenter\" src=\"https:\/\/crees.org.do\/wp-content\/uploads\/2023\/06\/9-Untitled-copy-3.png\" alt=\"\" width=\"810\" height=\"781\" srcset=\"https:\/\/crees.org.do\/wp-content\/uploads\/2023\/06\/9-Untitled-copy-3.png 810w, https:\/\/crees.org.do\/wp-content\/uploads\/2023\/06\/9-Untitled-copy-3-450x434.png 450w, https:\/\/crees.org.do\/wp-content\/uploads\/2023\/06\/9-Untitled-copy-3-768x741.png 768w, https:\/\/crees.org.do\/wp-content\/uploads\/2023\/06\/9-Untitled-copy-3-600x579.png 600w\" sizes=\"(max-width: 810px) 100vw, 810px\" \/> <img loading=\"lazy\" decoding=\"async\" class=\"size-full wp-image-25036 aligncenter\" src=\"https:\/\/crees.org.do\/wp-content\/uploads\/2023\/06\/10-Untitled-copy-8.png\" alt=\"\" width=\"810\" height=\"760\" srcset=\"https:\/\/crees.org.do\/wp-content\/uploads\/2023\/06\/10-Untitled-copy-8.png 810w, https:\/\/crees.org.do\/wp-content\/uploads\/2023\/06\/10-Untitled-copy-8-450x422.png 450w, https:\/\/crees.org.do\/wp-content\/uploads\/2023\/06\/10-Untitled-copy-8-768x721.png 768w, https:\/\/crees.org.do\/wp-content\/uploads\/2023\/06\/10-Untitled-copy-8-600x563.png 600w\" sizes=\"(max-width: 810px) 100vw, 810px\" \/> <img loading=\"lazy\" decoding=\"async\" class=\"size-full wp-image-25037 aligncenter\" src=\"https:\/\/crees.org.do\/wp-content\/uploads\/2023\/06\/11-Untitled-copy-7.png\" alt=\"\" width=\"810\" height=\"718\" srcset=\"https:\/\/crees.org.do\/wp-content\/uploads\/2023\/06\/11-Untitled-copy-7.png 810w, https:\/\/crees.org.do\/wp-content\/uploads\/2023\/06\/11-Untitled-copy-7-450x399.png 450w, https:\/\/crees.org.do\/wp-content\/uploads\/2023\/06\/11-Untitled-copy-7-768x681.png 768w, https:\/\/crees.org.do\/wp-content\/uploads\/2023\/06\/11-Untitled-copy-7-600x532.png 600w\" sizes=\"(max-width: 810px) 100vw, 810px\" \/> <img loading=\"lazy\" decoding=\"async\" class=\"size-full wp-image-25038 aligncenter\" src=\"https:\/\/crees.org.do\/wp-content\/uploads\/2023\/06\/12-new-block.png\" alt=\"\" width=\"810\" height=\"210\" srcset=\"https:\/\/crees.org.do\/wp-content\/uploads\/2023\/06\/12-new-block.png 810w, https:\/\/crees.org.do\/wp-content\/uploads\/2023\/06\/12-new-block-450x117.png 450w, https:\/\/crees.org.do\/wp-content\/uploads\/2023\/06\/12-new-block-768x199.png 768w, https:\/\/crees.org.do\/wp-content\/uploads\/2023\/06\/12-new-block-600x156.png 600w\" sizes=\"(max-width: 810px) 100vw, 810px\" \/><\/p>\n<h2>Descarga aqu\u00ed:<\/h2>\n<div class='w3eden'><!-- WPDM Link Template: Default Template -->\n\n<div class=\"link-template-default card mb-2\">\n    <div class=\"card-body\">\n        <div class=\"media\">\n            <div class=\"mr-3 img-48\"><img decoding=\"async\" class=\"wpdm_icon\" alt=\"Icono\"   src=\"https:\/\/crees.org.do\/wp-content\/plugins\/download-manager\/assets\/file-type-icons\/pdf.svg\" \/><\/div>\n            <div class=\"media-body\">\n                <h3 class=\"package-title\"><a href='https:\/\/crees.org.do\/?wpdmpro=evolucion-de-la-deuda-publica-de-la-republica-dominicana-a-abril-del-2023'>Evoluci\u00f3n de la deuda p\u00fablica de la Rep\u00fablica Dominicana, a abril del 2023<\/a><\/h3>\n                <div class=\"text-muted text-small\"><i class=\"fas fa-copy\"><\/i> 1 archivo(s) <i class=\"fas fa-hdd ml-3\"><\/i> 576.07 KB<\/div>\n            <\/div>\n            <div class=\"ml-3\">\n                <a class='wpdm-download-link download-on-click btn btn-primary ' rel='nofollow' href='#' data-downloadurl=\"https:\/\/crees.org.do\/?wpdmpro=evolucion-de-la-deuda-publica-de-la-republica-dominicana-a-abril-del-2023&wpdmdl=25042&refresh=69f5585e418691777686622\">Descargar<\/a>\n            <\/div>\n        <\/div>\n    <\/div>\n<\/div>\n\n<\/div>\n<div class=\"pvc_clear\"><\/div>\n<p class=\"pvc_stats all \" data-element-id=\"25026\" style=\"\"><i class=\"pvc-stats-icon medium\" aria-hidden=\"true\"><svg aria-hidden=\"true\" focusable=\"false\" data-prefix=\"far\" data-icon=\"chart-bar\" role=\"img\" xmlns=\"http:\/\/www.w3.org\/2000\/svg\" viewBox=\"0 0 512 512\" class=\"svg-inline--fa fa-chart-bar fa-w-16 fa-2x\"><path fill=\"currentColor\" d=\"M396.8 352h22.4c6.4 0 12.8-6.4 12.8-12.8V108.8c0-6.4-6.4-12.8-12.8-12.8h-22.4c-6.4 0-12.8 6.4-12.8 12.8v230.4c0 6.4 6.4 12.8 12.8 12.8zm-192 0h22.4c6.4 0 12.8-6.4 12.8-12.8V140.8c0-6.4-6.4-12.8-12.8-12.8h-22.4c-6.4 0-12.8 6.4-12.8 12.8v198.4c0 6.4 6.4 12.8 12.8 12.8zm96 0h22.4c6.4 0 12.8-6.4 12.8-12.8V204.8c0-6.4-6.4-12.8-12.8-12.8h-22.4c-6.4 0-12.8 6.4-12.8 12.8v134.4c0 6.4 6.4 12.8 12.8 12.8zM496 400H48V80c0-8.84-7.16-16-16-16H16C7.16 64 0 71.16 0 80v336c0 17.67 14.33 32 32 32h464c8.84 0 16-7.16 16-16v-16c0-8.84-7.16-16-16-16zm-387.2-48h22.4c6.4 0 12.8-6.4 12.8-12.8v-70.4c0-6.4-6.4-12.8-12.8-12.8h-22.4c-6.4 0-12.8 6.4-12.8 12.8v70.4c0 6.4 6.4 12.8 12.8 12.8z\" class=\"\"><\/path><\/svg><\/i> Vistas Totales&nbsp;5,261&nbsp;, Vistas Hoy&nbsp;2&nbsp;<\/p>\n<div class=\"pvc_clear\"><\/div>\n","protected":false},"excerpt":{"rendered":"<p>Evoluci\u00f3n de la deuda p\u00fablica de la Rep\u00fablica Dominicana, a abril del 2023 En las gr\u00e1ficas que se presentan a continuaci\u00f3n se puede apreciar la evoluci\u00f3n de la deuda p\u00fablica de la Rep\u00fablica Dominicana y sus componentes. Los gobiernos financian sus d\u00e9ficits fiscales con endeudamiento. Cuando se registra un resultado financiero negativo, es decir, cuando&#8230;<\/p>\n<div class=\"pvc_clear\"><\/div>\n<p class=\"pvc_stats all \" data-element-id=\"25026\" style=\"\"><i class=\"pvc-stats-icon medium\" aria-hidden=\"true\"><svg aria-hidden=\"true\" focusable=\"false\" data-prefix=\"far\" data-icon=\"chart-bar\" role=\"img\" xmlns=\"http:\/\/www.w3.org\/2000\/svg\" viewBox=\"0 0 512 512\" class=\"svg-inline--fa fa-chart-bar fa-w-16 fa-2x\"><path fill=\"currentColor\" d=\"M396.8 352h22.4c6.4 0 12.8-6.4 12.8-12.8V108.8c0-6.4-6.4-12.8-12.8-12.8h-22.4c-6.4 0-12.8 6.4-12.8 12.8v230.4c0 6.4 6.4 12.8 12.8 12.8zm-192 0h22.4c6.4 0 12.8-6.4 12.8-12.8V140.8c0-6.4-6.4-12.8-12.8-12.8h-22.4c-6.4 0-12.8 6.4-12.8 12.8v198.4c0 6.4 6.4 12.8 12.8 12.8zm96 0h22.4c6.4 0 12.8-6.4 12.8-12.8V204.8c0-6.4-6.4-12.8-12.8-12.8h-22.4c-6.4 0-12.8 6.4-12.8 12.8v134.4c0 6.4 6.4 12.8 12.8 12.8zM496 400H48V80c0-8.84-7.16-16-16-16H16C7.16 64 0 71.16 0 80v336c0 17.67 14.33 32 32 32h464c8.84 0 16-7.16 16-16v-16c0-8.84-7.16-16-16-16zm-387.2-48h22.4c6.4 0 12.8-6.4 12.8-12.8v-70.4c0-6.4-6.4-12.8-12.8-12.8h-22.4c-6.4 0-12.8 6.4-12.8 12.8v70.4c0 6.4 6.4 12.8 12.8 12.8z\" class=\"\"><\/path><\/svg><\/i> Vistas Totales&nbsp;5,261&nbsp;, Vistas Hoy&nbsp;2&nbsp;<\/p>\n<div class=\"pvc_clear\"><\/div>\n","protected":false},"author":2,"featured_media":25050,"comment_status":"closed","ping_status":"closed","sticky":false,"template":"","format":"standard","meta":{"footnotes":""},"categories":[22],"tags":[],"class_list":["post-25026","post","type-post","status-publish","format-standard","has-post-thumbnail","hentry","category-articulos"],"yoast_head":"<!-- This site is optimized with the Yoast SEO plugin v25.2 - https:\/\/yoast.com\/wordpress\/plugins\/seo\/ -->\n<title>Evoluci\u00f3n de la deuda p\u00fablica de la Rep\u00fablica Dominicana, a abril del 2023 | CREES<\/title>\n<meta name=\"robots\" content=\"index, follow, max-snippet:-1, max-image-preview:large, max-video-preview:-1\" \/>\n<link rel=\"canonical\" href=\"https:\/\/crees.org.do\/?p=25026\" \/>\n<meta property=\"og:locale\" content=\"es_ES\" \/>\n<meta property=\"og:type\" content=\"article\" \/>\n<meta property=\"og:title\" content=\"Evoluci\u00f3n de la deuda p\u00fablica de la Rep\u00fablica Dominicana, a abril del 2023 | CREES\" \/>\n<meta property=\"og:description\" content=\"Evoluci\u00f3n de la deuda p\u00fablica de la Rep\u00fablica Dominicana, a abril del 2023 En las gr\u00e1ficas que se presentan a continuaci\u00f3n se puede apreciar la evoluci\u00f3n de la deuda p\u00fablica de la Rep\u00fablica Dominicana y sus componentes. Los gobiernos financian sus d\u00e9ficits fiscales con endeudamiento. Cuando se registra un resultado financiero negativo, es decir, cuando...\" \/>\n<meta property=\"og:url\" content=\"https:\/\/crees.org.do\/?p=25026\" \/>\n<meta property=\"og:site_name\" content=\"CREES\" \/>\n<meta property=\"article:publisher\" content=\"https:\/\/www.facebook.com\/CREESRD\/\" \/>\n<meta property=\"article:published_time\" content=\"2023-06-06T16:11:52+00:00\" \/>\n<meta property=\"article:modified_time\" content=\"2023-06-06T18:25:42+00:00\" \/>\n<meta property=\"og:image\" content=\"https:\/\/crees.org.do\/wp-content\/uploads\/2023\/06\/Title.png\" \/>\n\t<meta property=\"og:image:width\" content=\"1066\" \/>\n\t<meta property=\"og:image:height\" content=\"750\" \/>\n\t<meta property=\"og:image:type\" content=\"image\/png\" \/>\n<meta name=\"author\" content=\"Crees\" \/>\n<meta name=\"twitter:card\" content=\"summary_large_image\" \/>\n<meta name=\"twitter:creator\" content=\"@CREESRD\" \/>\n<meta name=\"twitter:site\" content=\"@CREESRD\" \/>\n<meta name=\"twitter:label1\" content=\"Escrito por\" \/>\n\t<meta name=\"twitter:data1\" content=\"Crees\" \/>\n\t<meta name=\"twitter:label2\" content=\"Tiempo de lectura\" \/>\n\t<meta name=\"twitter:data2\" content=\"3 minutos\" \/>\n<script type=\"application\/ld+json\" class=\"yoast-schema-graph\">{\"@context\":\"https:\/\/schema.org\",\"@graph\":[{\"@type\":\"Article\",\"@id\":\"https:\/\/crees.org.do\/?p=25026#article\",\"isPartOf\":{\"@id\":\"https:\/\/crees.org.do\/?p=25026\"},\"author\":{\"name\":\"Crees\",\"@id\":\"https:\/\/crees.org.do\/#\/schema\/person\/e7f97cd94d7bf9cd0e0ce30acb7d56b8\"},\"headline\":\"Evoluci\u00f3n de la deuda p\u00fablica de la Rep\u00fablica Dominicana, a abril del 2023\",\"datePublished\":\"2023-06-06T16:11:52+00:00\",\"dateModified\":\"2023-06-06T18:25:42+00:00\",\"mainEntityOfPage\":{\"@id\":\"https:\/\/crees.org.do\/?p=25026\"},\"wordCount\":604,\"publisher\":{\"@id\":\"https:\/\/crees.org.do\/#organization\"},\"image\":{\"@id\":\"https:\/\/crees.org.do\/?p=25026#primaryimage\"},\"thumbnailUrl\":\"https:\/\/crees.org.do\/wp-content\/uploads\/2023\/06\/Title.png\",\"articleSection\":[\"Art\u00edculos\"],\"inLanguage\":\"es\"},{\"@type\":\"WebPage\",\"@id\":\"https:\/\/crees.org.do\/?p=25026\",\"url\":\"https:\/\/crees.org.do\/?p=25026\",\"name\":\"Evoluci\u00f3n de la deuda p\u00fablica de la Rep\u00fablica Dominicana, a abril del 2023 | CREES\",\"isPartOf\":{\"@id\":\"https:\/\/crees.org.do\/#website\"},\"primaryImageOfPage\":{\"@id\":\"https:\/\/crees.org.do\/?p=25026#primaryimage\"},\"image\":{\"@id\":\"https:\/\/crees.org.do\/?p=25026#primaryimage\"},\"thumbnailUrl\":\"https:\/\/crees.org.do\/wp-content\/uploads\/2023\/06\/Title.png\",\"datePublished\":\"2023-06-06T16:11:52+00:00\",\"dateModified\":\"2023-06-06T18:25:42+00:00\",\"breadcrumb\":{\"@id\":\"https:\/\/crees.org.do\/?p=25026#breadcrumb\"},\"inLanguage\":\"es\",\"potentialAction\":[{\"@type\":\"ReadAction\",\"target\":[\"https:\/\/crees.org.do\/?p=25026\"]}]},{\"@type\":\"ImageObject\",\"inLanguage\":\"es\",\"@id\":\"https:\/\/crees.org.do\/?p=25026#primaryimage\",\"url\":\"https:\/\/crees.org.do\/wp-content\/uploads\/2023\/06\/Title.png\",\"contentUrl\":\"https:\/\/crees.org.do\/wp-content\/uploads\/2023\/06\/Title.png\",\"width\":1066,\"height\":750},{\"@type\":\"BreadcrumbList\",\"@id\":\"https:\/\/crees.org.do\/?p=25026#breadcrumb\",\"itemListElement\":[{\"@type\":\"ListItem\",\"position\":1,\"name\":\"Portada\",\"item\":\"https:\/\/crees.org.do\/\"},{\"@type\":\"ListItem\",\"position\":2,\"name\":\"Evoluci\u00f3n de la deuda p\u00fablica de la Rep\u00fablica Dominicana, a abril del 2023\"}]},{\"@type\":\"WebSite\",\"@id\":\"https:\/\/crees.org.do\/#website\",\"url\":\"https:\/\/crees.org.do\/\",\"name\":\"CREES\",\"description\":\"Centro Regional de Estrategias Econ\u00f3micas Sostenibles\",\"publisher\":{\"@id\":\"https:\/\/crees.org.do\/#organization\"},\"potentialAction\":[{\"@type\":\"SearchAction\",\"target\":{\"@type\":\"EntryPoint\",\"urlTemplate\":\"https:\/\/crees.org.do\/?s={search_term_string}\"},\"query-input\":{\"@type\":\"PropertyValueSpecification\",\"valueRequired\":true,\"valueName\":\"search_term_string\"}}],\"inLanguage\":\"es\"},{\"@type\":\"Organization\",\"@id\":\"https:\/\/crees.org.do\/#organization\",\"name\":\"CREES | Centro Regional de Estrategias Econ\u00f3micas Sostenibles\",\"url\":\"https:\/\/crees.org.do\/\",\"logo\":{\"@type\":\"ImageObject\",\"inLanguage\":\"es\",\"@id\":\"https:\/\/crees.org.do\/#\/schema\/logo\/image\/\",\"url\":\"https:\/\/crees.org.do\/wp-content\/uploads\/2022\/03\/crees-logo-1.jpg\",\"contentUrl\":\"https:\/\/crees.org.do\/wp-content\/uploads\/2022\/03\/crees-logo-1.jpg\",\"width\":244,\"height\":71,\"caption\":\"CREES | Centro Regional de Estrategias Econ\u00f3micas Sostenibles\"},\"image\":{\"@id\":\"https:\/\/crees.org.do\/#\/schema\/logo\/image\/\"},\"sameAs\":[\"https:\/\/www.facebook.com\/CREESRD\/\",\"https:\/\/x.com\/CREESRD\"]},{\"@type\":\"Person\",\"@id\":\"https:\/\/crees.org.do\/#\/schema\/person\/e7f97cd94d7bf9cd0e0ce30acb7d56b8\",\"name\":\"Crees\",\"image\":{\"@type\":\"ImageObject\",\"inLanguage\":\"es\",\"@id\":\"https:\/\/crees.org.do\/#\/schema\/person\/image\/\",\"url\":\"https:\/\/secure.gravatar.com\/avatar\/390ac8f0be5d9aa046152553e2dd7011b59a512d89c150f5e5f28bb8d9a0b165?s=96&d=mm&r=g\",\"contentUrl\":\"https:\/\/secure.gravatar.com\/avatar\/390ac8f0be5d9aa046152553e2dd7011b59a512d89c150f5e5f28bb8d9a0b165?s=96&d=mm&r=g\",\"caption\":\"Crees\"},\"url\":\"https:\/\/crees.org.do\/?author=2\"}]}<\/script>\n<!-- \/ Yoast SEO plugin. -->","yoast_head_json":{"title":"Evoluci\u00f3n de la deuda p\u00fablica de la Rep\u00fablica Dominicana, a abril del 2023 | CREES","robots":{"index":"index","follow":"follow","max-snippet":"max-snippet:-1","max-image-preview":"max-image-preview:large","max-video-preview":"max-video-preview:-1"},"canonical":"https:\/\/crees.org.do\/?p=25026","og_locale":"es_ES","og_type":"article","og_title":"Evoluci\u00f3n de la deuda p\u00fablica de la Rep\u00fablica Dominicana, a abril del 2023 | CREES","og_description":"Evoluci\u00f3n de la deuda p\u00fablica de la Rep\u00fablica Dominicana, a abril del 2023 En las gr\u00e1ficas que se presentan a continuaci\u00f3n se puede apreciar la evoluci\u00f3n de la deuda p\u00fablica de la Rep\u00fablica Dominicana y sus componentes. Los gobiernos financian sus d\u00e9ficits fiscales con endeudamiento. Cuando se registra un resultado financiero negativo, es decir, cuando...","og_url":"https:\/\/crees.org.do\/?p=25026","og_site_name":"CREES","article_publisher":"https:\/\/www.facebook.com\/CREESRD\/","article_published_time":"2023-06-06T16:11:52+00:00","article_modified_time":"2023-06-06T18:25:42+00:00","og_image":[{"width":1066,"height":750,"url":"https:\/\/crees.org.do\/wp-content\/uploads\/2023\/06\/Title.png","type":"image\/png"}],"author":"Crees","twitter_card":"summary_large_image","twitter_creator":"@CREESRD","twitter_site":"@CREESRD","twitter_misc":{"Escrito por":"Crees","Tiempo de lectura":"3 minutos"},"schema":{"@context":"https:\/\/schema.org","@graph":[{"@type":"Article","@id":"https:\/\/crees.org.do\/?p=25026#article","isPartOf":{"@id":"https:\/\/crees.org.do\/?p=25026"},"author":{"name":"Crees","@id":"https:\/\/crees.org.do\/#\/schema\/person\/e7f97cd94d7bf9cd0e0ce30acb7d56b8"},"headline":"Evoluci\u00f3n de la deuda p\u00fablica de la Rep\u00fablica Dominicana, a abril del 2023","datePublished":"2023-06-06T16:11:52+00:00","dateModified":"2023-06-06T18:25:42+00:00","mainEntityOfPage":{"@id":"https:\/\/crees.org.do\/?p=25026"},"wordCount":604,"publisher":{"@id":"https:\/\/crees.org.do\/#organization"},"image":{"@id":"https:\/\/crees.org.do\/?p=25026#primaryimage"},"thumbnailUrl":"https:\/\/crees.org.do\/wp-content\/uploads\/2023\/06\/Title.png","articleSection":["Art\u00edculos"],"inLanguage":"es"},{"@type":"WebPage","@id":"https:\/\/crees.org.do\/?p=25026","url":"https:\/\/crees.org.do\/?p=25026","name":"Evoluci\u00f3n de la deuda p\u00fablica de la Rep\u00fablica Dominicana, a abril del 2023 | CREES","isPartOf":{"@id":"https:\/\/crees.org.do\/#website"},"primaryImageOfPage":{"@id":"https:\/\/crees.org.do\/?p=25026#primaryimage"},"image":{"@id":"https:\/\/crees.org.do\/?p=25026#primaryimage"},"thumbnailUrl":"https:\/\/crees.org.do\/wp-content\/uploads\/2023\/06\/Title.png","datePublished":"2023-06-06T16:11:52+00:00","dateModified":"2023-06-06T18:25:42+00:00","breadcrumb":{"@id":"https:\/\/crees.org.do\/?p=25026#breadcrumb"},"inLanguage":"es","potentialAction":[{"@type":"ReadAction","target":["https:\/\/crees.org.do\/?p=25026"]}]},{"@type":"ImageObject","inLanguage":"es","@id":"https:\/\/crees.org.do\/?p=25026#primaryimage","url":"https:\/\/crees.org.do\/wp-content\/uploads\/2023\/06\/Title.png","contentUrl":"https:\/\/crees.org.do\/wp-content\/uploads\/2023\/06\/Title.png","width":1066,"height":750},{"@type":"BreadcrumbList","@id":"https:\/\/crees.org.do\/?p=25026#breadcrumb","itemListElement":[{"@type":"ListItem","position":1,"name":"Portada","item":"https:\/\/crees.org.do\/"},{"@type":"ListItem","position":2,"name":"Evoluci\u00f3n de la deuda p\u00fablica de la Rep\u00fablica Dominicana, a abril del 2023"}]},{"@type":"WebSite","@id":"https:\/\/crees.org.do\/#website","url":"https:\/\/crees.org.do\/","name":"CREES","description":"Centro Regional de Estrategias Econ\u00f3micas Sostenibles","publisher":{"@id":"https:\/\/crees.org.do\/#organization"},"potentialAction":[{"@type":"SearchAction","target":{"@type":"EntryPoint","urlTemplate":"https:\/\/crees.org.do\/?s={search_term_string}"},"query-input":{"@type":"PropertyValueSpecification","valueRequired":true,"valueName":"search_term_string"}}],"inLanguage":"es"},{"@type":"Organization","@id":"https:\/\/crees.org.do\/#organization","name":"CREES | Centro Regional de Estrategias Econ\u00f3micas Sostenibles","url":"https:\/\/crees.org.do\/","logo":{"@type":"ImageObject","inLanguage":"es","@id":"https:\/\/crees.org.do\/#\/schema\/logo\/image\/","url":"https:\/\/crees.org.do\/wp-content\/uploads\/2022\/03\/crees-logo-1.jpg","contentUrl":"https:\/\/crees.org.do\/wp-content\/uploads\/2022\/03\/crees-logo-1.jpg","width":244,"height":71,"caption":"CREES | Centro Regional de Estrategias Econ\u00f3micas Sostenibles"},"image":{"@id":"https:\/\/crees.org.do\/#\/schema\/logo\/image\/"},"sameAs":["https:\/\/www.facebook.com\/CREESRD\/","https:\/\/x.com\/CREESRD"]},{"@type":"Person","@id":"https:\/\/crees.org.do\/#\/schema\/person\/e7f97cd94d7bf9cd0e0ce30acb7d56b8","name":"Crees","image":{"@type":"ImageObject","inLanguage":"es","@id":"https:\/\/crees.org.do\/#\/schema\/person\/image\/","url":"https:\/\/secure.gravatar.com\/avatar\/390ac8f0be5d9aa046152553e2dd7011b59a512d89c150f5e5f28bb8d9a0b165?s=96&d=mm&r=g","contentUrl":"https:\/\/secure.gravatar.com\/avatar\/390ac8f0be5d9aa046152553e2dd7011b59a512d89c150f5e5f28bb8d9a0b165?s=96&d=mm&r=g","caption":"Crees"},"url":"https:\/\/crees.org.do\/?author=2"}]}},"_links":{"self":[{"href":"https:\/\/crees.org.do\/index.php?rest_route=\/wp\/v2\/posts\/25026","targetHints":{"allow":["GET"]}}],"collection":[{"href":"https:\/\/crees.org.do\/index.php?rest_route=\/wp\/v2\/posts"}],"about":[{"href":"https:\/\/crees.org.do\/index.php?rest_route=\/wp\/v2\/types\/post"}],"author":[{"embeddable":true,"href":"https:\/\/crees.org.do\/index.php?rest_route=\/wp\/v2\/users\/2"}],"replies":[{"embeddable":true,"href":"https:\/\/crees.org.do\/index.php?rest_route=%2Fwp%2Fv2%2Fcomments&post=25026"}],"version-history":[{"count":6,"href":"https:\/\/crees.org.do\/index.php?rest_route=\/wp\/v2\/posts\/25026\/revisions"}],"predecessor-version":[{"id":25051,"href":"https:\/\/crees.org.do\/index.php?rest_route=\/wp\/v2\/posts\/25026\/revisions\/25051"}],"wp:featuredmedia":[{"embeddable":true,"href":"https:\/\/crees.org.do\/index.php?rest_route=\/wp\/v2\/media\/25050"}],"wp:attachment":[{"href":"https:\/\/crees.org.do\/index.php?rest_route=%2Fwp%2Fv2%2Fmedia&parent=25026"}],"wp:term":[{"taxonomy":"category","embeddable":true,"href":"https:\/\/crees.org.do\/index.php?rest_route=%2Fwp%2Fv2%2Fcategories&post=25026"},{"taxonomy":"post_tag","embeddable":true,"href":"https:\/\/crees.org.do\/index.php?rest_route=%2Fwp%2Fv2%2Ftags&post=25026"}],"curies":[{"name":"wp","href":"https:\/\/api.w.org\/{rel}","templated":true}]}}