{"id":25077,"date":"2023-06-07T19:32:10","date_gmt":"2023-06-07T19:32:10","guid":{"rendered":"https:\/\/crees.org.do\/?p=25077"},"modified":"2023-06-13T19:41:29","modified_gmt":"2023-06-13T19:41:29","slug":"crees-rd-se-beneficiaria-mas-de-una-ley-con-reglas-fiscales-que-propongan-una-reduccion-mayor-de-la-deuda-publica","status":"publish","type":"post","link":"https:\/\/crees.org.do\/?p=25077","title":{"rendered":"Crees: RD se beneficiaria m\u00e1s de una ley con reglas fiscales que propongan una reducci\u00f3n mayor de la deuda p\u00fablica"},"content":{"rendered":"<p>Autor: Acento<\/p>\n<p>Fecha: 7 de junio del 2023<\/p>\n<p>Extra\u00eddo de: Acento<\/p>\n<h2 class=\"bajada\" style=\"text-align: justify;\">Collado Di Franco dijo que saluda el proyecto de ley sometido al Congreso pero que la situaci\u00f3n actual del endeudamiento consolidado del Estado dominicano amerita una reducci\u00f3n m\u00e1s r\u00e1pida de la deuda<\/h2>\n<p style=\"text-align: justify;\">El vicepresidente ejecutivo del Centro Regional de Estrategias Econ\u00f3micas Sostenibles\u00a0<strong>(Crees),<\/strong>\u00a0<strong>Miguel Collado Di Franco<\/strong>, salud\u00f3 la introducci\u00f3n al Congreso Nacional de la\u00a0<strong>Ley de Responsabilidad Fiscal<\/strong>, sin embargo, consider\u00f3 que el pa\u00eds se beneficiar\u00eda de una pieza que contenga\u00a0<strong>reglas fiscales<\/strong>\u00a0que, de forma expl\u00edcita, propongan una reducci\u00f3n mayor del\u00a0<strong>endeudamiento p\u00fablico<\/strong>\u00a0en un plazo m\u00e1s r\u00e1pido.<\/p>\n<p style=\"text-align: justify;\">Plante\u00f3 que podr\u00eda permitir incluso la creaci\u00f3n de un fondo de\u00a0 estabilidad fiscal (fondo soberano).<\/p>\n<p style=\"text-align: justify;\">Record\u00f3 que desde el\u00a0<strong>Crees<\/strong>\u00a0se ha estado abogando por la aprobaci\u00f3n de una ley de Responsabilidad y Transparencia Fiscal desde el a\u00f1o 2013, y que en ese a\u00f1o cinco diputados sometieron un proyecto de ley elaborado por esa instituci\u00f3n y la Fundaci\u00f3n Institucionalidad y Justicia\u00a0<strong>(Finjus).<\/strong><\/p>\n<p style=\"text-align: justify;\">&#8220;Vemos de forma positiva que desde las autoridades se plantee el establecimiento de un compromiso para reducir la deuda y para limitar el crecimiento del gasto. De igual forma, que en el proyecto se contemple que las iniciativas de ley para ampliar las funciones del Estado, o que impliquen el aumento del gasto, deban identificar las fuentes del financiamiento de las nuevas erogaciones&#8221;, puntualiz\u00f3 el economista.<\/p>\n<p style=\"text-align: justify;\"><strong>Collado Di Franco<\/strong>\u00a0dijo, adem\u00e1s, que entiende que la situaci\u00f3n actual del endeudamiento consolidado del Estado dominicano, respecto a su costo como porcentaje de los ingresos tributarios, y a los riesgos de insostenibilidad que podr\u00eda crear, amerita una reducci\u00f3n m\u00e1s r\u00e1pida de la deuda.<\/p>\n<p style=\"text-align: justify;\">Consider\u00f3 que con el fin de lograr dicha reducci\u00f3n de la deuda deber\u00eda adoptarse un compromiso expl\u00edcito para crear super\u00e1vits fiscales en una ley que emane del\u00a0<strong>Congreso Nacional<\/strong>. Estos excedentes entre los ingresos y los gastos totales permitir\u00edan la reducci\u00f3n de la deuda p\u00fablica; no solo en t\u00e9rminos relativos del\u00a0<strong>PIB,<\/strong>\u00a0como se plantea en el proyecto de ley recientemente depositado en el Congreso Nacional, sino de forma absoluta.<\/p>\n<p style=\"text-align: justify;\">&#8220;La principal consecuencia positiva de obtener excedentes fiscales ser\u00eda que el peso del pago del servicio de la deuda se podr\u00eda reducir de manera m\u00e1s r\u00e1pida a la vez que se obtendr\u00edan mejores calificaciones por riesgo crediticio. Esto \u00faltimo abaratar\u00eda el costo de las emisiones de deuda y, en sentido general, propiciar\u00eda una reducci\u00f3n de los costos de financiamiento en la econom\u00eda dominicana.&#8221;<\/p>\n<p style=\"text-align: justify;\">Una ley de responsabilidad fiscal se beneficiar\u00eda de tener m\u00e1s de una regla fiscal, sostuvo,\u00a0 no solo una regla de gasto primario, como en el proyecto de ley depositado recientemente por las autoridades dominicanas. Indic\u00f3 que la inclusi\u00f3n, en conjunto, de reglas relacionadas con el balance fiscal para controlar los d\u00e9ficits, y de una regla que limite la deuda como porcentaje del producto interno bruto, permitir\u00edan tener mayor certeza a los agentes econ\u00f3micos sobre el compromiso de las distintas administraciones que se sucedan en la direcci\u00f3n del sector p\u00fablico de\u00a0<strong>Rep\u00fablica Dominicana<\/strong>.<\/p>\n<p style=\"text-align: justify;\">El vicepresidente ejecutivo del\u00a0<strong>Crees,<\/strong>\u00a0plante\u00f3 que un compromiso de reducci\u00f3n de la deuda en el mediano plazo, como el que muy bien se desea establecer mediante una ley, se ver\u00eda favorecido con la inclusi\u00f3n de una regla de endeudamiento expl\u00edcita. En tal sentido, el objetivo de deuda de mediano plazo podr\u00eda ser considerado como una regla adicional en una revisi\u00f3n de la redacci\u00f3n del proyecto.<\/p>\n<p style=\"text-align: justify;\">&#8220;Entendemos que solo con excedentes fiscales el gobierno central podr\u00eda contribuir con la capitalizaci\u00f3n del Banco Central de la Rep\u00fablica Dominicana\u00a0<strong>(BCRD).<\/strong>\u00a0Este compromiso deber\u00eda estar presente en un proyecto de ley que aborde la deuda p\u00fablica; al final, es el gobierno central el que deber\u00e1 responder por la deuda del ente emisor de moneda&#8221;, indic\u00f3<\/p>\n<p style=\"text-align: justify;\">Sostuvo que la reducci\u00f3n de la deuda del\u00a0<strong>BCRD<\/strong>\u00a0es uno de los objetivos del Fondo de Sostenibilidad y Estabilidad Fiscal introducido en el proyecto elaborado por Crees. Reglas que propicien los super\u00e1vits fiscales se complementar\u00edan con un fondo soberano de este tipo.<\/p>\n<p>&#8220;El fondo se alimentar\u00eda de los recursos de los excedentes de las ejecuciones presupuestarias, de los ingresos fiscales provenientes de las explotaciones mineras, de las ventas de activos y de cualquier ingreso extraordinario. Un fondo soberano podr\u00eda suplir recursos en momentos en los cuales las recaudaciones sean afectadas por un imprevisto, como podr\u00eda ser el caso de una cat\u00e1strofe natural o un evento de salud p\u00fablica similar a la pasada pandemia de COVID-19.&#8221;<\/p>\n<p style=\"text-align: justify;\">En vista de que las normas que tienen car\u00e1cter permanente poseen la ventaja de la previsibilidad y la claridad, dijo que entiende que se deber\u00eda ponderar si es necesario que la \u00fanica regla que contiene el proyecto, la de gasto primario, pueda ser modificada ante cambios estructurales y permanentes en las recaudaciones.<\/p>\n<p style=\"text-align: justify;\">&#8220;Desde un punto de vista de compromiso con la reducci\u00f3n del endeudamiento p\u00fablico, de producirse incrementos de ingresos tributarios estos deber\u00edan aprovecharse para acelerar el desmonte de la deuda p\u00fablica consolidada&#8221;, indic\u00f3.<\/p>\n<p style=\"text-align: justify;\">Consider\u00f3 que el compromiso con la reducci\u00f3n deber\u00eda ir m\u00e1s all\u00e1 de llevar la deuda del Gobierno General Nacional al 40% del producto interno bruto. El porcentaje no tendr\u00eda por qu\u00e9 limitarse solo al 40% y el alcance podr\u00eda extenderse, de manera que se reduzca la deuda estatal consolidada.<\/p>\n<p style=\"text-align: justify;\">Asimismo, dijo que para el beneficio de la credibilidad por parte de la poblaci\u00f3n, ser\u00eda pertinente que el \u00f3rgano supervisor sea independiente, por\u00a0 lo que su nombramiento no deber\u00eda ser designado por el Ministerio de Hacienda, como se contempla en el proyecto de ley.<\/p>\n<p style=\"text-align: justify;\">&#8220;En sentido general, es positivo que se discuta una ley de responsabilidad fiscal, la cual deber\u00eda tener car\u00e1cter de org\u00e1nica. Esta es una oportunidad para los congresistas dotar a la Rep\u00fablica Dominicana de reglas que contribuyan a la reducci\u00f3n del monto absoluto de la deuda consolidada, a la creaci\u00f3n de un fondo soberano y a la reducci\u00f3n del riesgo crediticio del pa\u00eds&#8221;, concluy\u00f3<\/p>\n<div class=\"pvc_clear\"><\/div>\n<p class=\"pvc_stats all \" data-element-id=\"25077\" style=\"\"><i class=\"pvc-stats-icon medium\" aria-hidden=\"true\"><svg aria-hidden=\"true\" focusable=\"false\" data-prefix=\"far\" data-icon=\"chart-bar\" role=\"img\" xmlns=\"http:\/\/www.w3.org\/2000\/svg\" viewBox=\"0 0 512 512\" class=\"svg-inline--fa fa-chart-bar fa-w-16 fa-2x\"><path fill=\"currentColor\" d=\"M396.8 352h22.4c6.4 0 12.8-6.4 12.8-12.8V108.8c0-6.4-6.4-12.8-12.8-12.8h-22.4c-6.4 0-12.8 6.4-12.8 12.8v230.4c0 6.4 6.4 12.8 12.8 12.8zm-192 0h22.4c6.4 0 12.8-6.4 12.8-12.8V140.8c0-6.4-6.4-12.8-12.8-12.8h-22.4c-6.4 0-12.8 6.4-12.8 12.8v198.4c0 6.4 6.4 12.8 12.8 12.8zm96 0h22.4c6.4 0 12.8-6.4 12.8-12.8V204.8c0-6.4-6.4-12.8-12.8-12.8h-22.4c-6.4 0-12.8 6.4-12.8 12.8v134.4c0 6.4 6.4 12.8 12.8 12.8zM496 400H48V80c0-8.84-7.16-16-16-16H16C7.16 64 0 71.16 0 80v336c0 17.67 14.33 32 32 32h464c8.84 0 16-7.16 16-16v-16c0-8.84-7.16-16-16-16zm-387.2-48h22.4c6.4 0 12.8-6.4 12.8-12.8v-70.4c0-6.4-6.4-12.8-12.8-12.8h-22.4c-6.4 0-12.8 6.4-12.8 12.8v70.4c0 6.4 6.4 12.8 12.8 12.8z\" class=\"\"><\/path><\/svg><\/i> Vistas Totales&nbsp;1,223&nbsp;, Vistas Hoy&nbsp;2&nbsp;<\/p>\n<div class=\"pvc_clear\"><\/div>\n","protected":false},"excerpt":{"rendered":"<p>Autor: Acento Fecha: 7 de junio del 2023 Extra\u00eddo de: Acento Collado Di Franco dijo que saluda el proyecto de ley sometido al Congreso pero que la situaci\u00f3n actual del endeudamiento consolidado del Estado dominicano amerita una reducci\u00f3n m\u00e1s r\u00e1pida de la deuda El vicepresidente ejecutivo del Centro Regional de Estrategias Econ\u00f3micas Sostenibles\u00a0(Crees),\u00a0Miguel Collado Di&#8230;<\/p>\n<div class=\"pvc_clear\"><\/div>\n<p class=\"pvc_stats all \" data-element-id=\"25077\" style=\"\"><i class=\"pvc-stats-icon medium\" aria-hidden=\"true\"><svg aria-hidden=\"true\" focusable=\"false\" data-prefix=\"far\" data-icon=\"chart-bar\" role=\"img\" xmlns=\"http:\/\/www.w3.org\/2000\/svg\" viewBox=\"0 0 512 512\" class=\"svg-inline--fa fa-chart-bar fa-w-16 fa-2x\"><path fill=\"currentColor\" d=\"M396.8 352h22.4c6.4 0 12.8-6.4 12.8-12.8V108.8c0-6.4-6.4-12.8-12.8-12.8h-22.4c-6.4 0-12.8 6.4-12.8 12.8v230.4c0 6.4 6.4 12.8 12.8 12.8zm-192 0h22.4c6.4 0 12.8-6.4 12.8-12.8V140.8c0-6.4-6.4-12.8-12.8-12.8h-22.4c-6.4 0-12.8 6.4-12.8 12.8v198.4c0 6.4 6.4 12.8 12.8 12.8zm96 0h22.4c6.4 0 12.8-6.4 12.8-12.8V204.8c0-6.4-6.4-12.8-12.8-12.8h-22.4c-6.4 0-12.8 6.4-12.8 12.8v134.4c0 6.4 6.4 12.8 12.8 12.8zM496 400H48V80c0-8.84-7.16-16-16-16H16C7.16 64 0 71.16 0 80v336c0 17.67 14.33 32 32 32h464c8.84 0 16-7.16 16-16v-16c0-8.84-7.16-16-16-16zm-387.2-48h22.4c6.4 0 12.8-6.4 12.8-12.8v-70.4c0-6.4-6.4-12.8-12.8-12.8h-22.4c-6.4 0-12.8 6.4-12.8 12.8v70.4c0 6.4 6.4 12.8 12.8 12.8z\" class=\"\"><\/path><\/svg><\/i> Vistas Totales&nbsp;1,223&nbsp;, Vistas Hoy&nbsp;2&nbsp;<\/p>\n<div class=\"pvc_clear\"><\/div>\n","protected":false},"author":2,"featured_media":25079,"comment_status":"closed","ping_status":"closed","sticky":false,"template":"","format":"standard","meta":{"footnotes":""},"categories":[19],"tags":[147],"class_list":["post-25077","post","type-post","status-publish","format-standard","has-post-thumbnail","hentry","category-actualidad","tag-crees-rd-se-beneficiaria-mas-de-una-ley-con-reglas-fiscales-que-propongan-una-reduccion-mayor-de-la-deuda-publica"],"yoast_head":"<!-- This site is optimized with the Yoast SEO plugin v25.2 - https:\/\/yoast.com\/wordpress\/plugins\/seo\/ -->\n<title>Crees: RD se beneficiaria m\u00e1s de una ley con reglas fiscales que propongan una reducci\u00f3n mayor de la deuda p\u00fablica | CREES<\/title>\n<meta name=\"robots\" content=\"index, follow, max-snippet:-1, max-image-preview:large, max-video-preview:-1\" \/>\n<link rel=\"canonical\" href=\"https:\/\/crees.org.do\/?p=25077\" \/>\n<meta property=\"og:locale\" content=\"es_ES\" \/>\n<meta property=\"og:type\" content=\"article\" \/>\n<meta property=\"og:title\" content=\"Crees: RD se beneficiaria m\u00e1s de una ley con reglas fiscales que propongan una reducci\u00f3n mayor de la deuda p\u00fablica | CREES\" \/>\n<meta property=\"og:description\" content=\"Autor: Acento Fecha: 7 de junio del 2023 Extra\u00eddo de: Acento Collado Di Franco dijo que saluda el proyecto de ley sometido al Congreso pero que la situaci\u00f3n actual del endeudamiento consolidado del Estado dominicano amerita una reducci\u00f3n m\u00e1s r\u00e1pida de la deuda El vicepresidente ejecutivo del Centro Regional de Estrategias Econ\u00f3micas Sostenibles\u00a0(Crees),\u00a0Miguel Collado Di...\" \/>\n<meta property=\"og:url\" content=\"https:\/\/crees.org.do\/?p=25077\" \/>\n<meta property=\"og:site_name\" content=\"CREES\" \/>\n<meta property=\"article:publisher\" content=\"https:\/\/www.facebook.com\/CREESRD\/\" \/>\n<meta property=\"article:published_time\" content=\"2023-06-07T19:32:10+00:00\" \/>\n<meta property=\"article:modified_time\" content=\"2023-06-13T19:41:29+00:00\" \/>\n<meta property=\"og:image\" content=\"https:\/\/crees.org.do\/wp-content\/uploads\/2023\/06\/miguel-collado-di-franco-2-03-23-2018-728x410-1.jpeg\" \/>\n\t<meta property=\"og:image:width\" content=\"728\" \/>\n\t<meta property=\"og:image:height\" content=\"410\" \/>\n\t<meta property=\"og:image:type\" content=\"image\/jpeg\" \/>\n<meta name=\"author\" content=\"Crees\" \/>\n<meta name=\"twitter:card\" content=\"summary_large_image\" \/>\n<meta name=\"twitter:creator\" content=\"@CREESRD\" \/>\n<meta name=\"twitter:site\" content=\"@CREESRD\" \/>\n<meta name=\"twitter:label1\" content=\"Escrito por\" \/>\n\t<meta name=\"twitter:data1\" content=\"Crees\" \/>\n\t<meta name=\"twitter:label2\" content=\"Tiempo de lectura\" \/>\n\t<meta name=\"twitter:data2\" content=\"5 minutos\" \/>\n<script type=\"application\/ld+json\" class=\"yoast-schema-graph\">{\"@context\":\"https:\/\/schema.org\",\"@graph\":[{\"@type\":\"Article\",\"@id\":\"https:\/\/crees.org.do\/?p=25077#article\",\"isPartOf\":{\"@id\":\"https:\/\/crees.org.do\/?p=25077\"},\"author\":{\"name\":\"Crees\",\"@id\":\"https:\/\/crees.org.do\/#\/schema\/person\/e7f97cd94d7bf9cd0e0ce30acb7d56b8\"},\"headline\":\"Crees: RD se beneficiaria m\u00e1s de una ley con reglas fiscales que propongan una reducci\u00f3n mayor de la deuda p\u00fablica\",\"datePublished\":\"2023-06-07T19:32:10+00:00\",\"dateModified\":\"2023-06-13T19:41:29+00:00\",\"mainEntityOfPage\":{\"@id\":\"https:\/\/crees.org.do\/?p=25077\"},\"wordCount\":1089,\"publisher\":{\"@id\":\"https:\/\/crees.org.do\/#organization\"},\"image\":{\"@id\":\"https:\/\/crees.org.do\/?p=25077#primaryimage\"},\"thumbnailUrl\":\"https:\/\/crees.org.do\/wp-content\/uploads\/2023\/06\/miguel-collado-di-franco-2-03-23-2018-728x410-1.jpeg\",\"keywords\":[\"Crees: RD se beneficiaria m\u00e1s de una ley con reglas fiscales que propongan una reducci\u00f3n mayor de la deuda p\u00fablica\"],\"articleSection\":[\"Actualidad\"],\"inLanguage\":\"es\"},{\"@type\":\"WebPage\",\"@id\":\"https:\/\/crees.org.do\/?p=25077\",\"url\":\"https:\/\/crees.org.do\/?p=25077\",\"name\":\"Crees: RD se beneficiaria m\u00e1s de una ley con reglas fiscales que propongan una reducci\u00f3n mayor de la deuda p\u00fablica | CREES\",\"isPartOf\":{\"@id\":\"https:\/\/crees.org.do\/#website\"},\"primaryImageOfPage\":{\"@id\":\"https:\/\/crees.org.do\/?p=25077#primaryimage\"},\"image\":{\"@id\":\"https:\/\/crees.org.do\/?p=25077#primaryimage\"},\"thumbnailUrl\":\"https:\/\/crees.org.do\/wp-content\/uploads\/2023\/06\/miguel-collado-di-franco-2-03-23-2018-728x410-1.jpeg\",\"datePublished\":\"2023-06-07T19:32:10+00:00\",\"dateModified\":\"2023-06-13T19:41:29+00:00\",\"breadcrumb\":{\"@id\":\"https:\/\/crees.org.do\/?p=25077#breadcrumb\"},\"inLanguage\":\"es\",\"potentialAction\":[{\"@type\":\"ReadAction\",\"target\":[\"https:\/\/crees.org.do\/?p=25077\"]}]},{\"@type\":\"ImageObject\",\"inLanguage\":\"es\",\"@id\":\"https:\/\/crees.org.do\/?p=25077#primaryimage\",\"url\":\"https:\/\/crees.org.do\/wp-content\/uploads\/2023\/06\/miguel-collado-di-franco-2-03-23-2018-728x410-1.jpeg\",\"contentUrl\":\"https:\/\/crees.org.do\/wp-content\/uploads\/2023\/06\/miguel-collado-di-franco-2-03-23-2018-728x410-1.jpeg\",\"width\":728,\"height\":410},{\"@type\":\"BreadcrumbList\",\"@id\":\"https:\/\/crees.org.do\/?p=25077#breadcrumb\",\"itemListElement\":[{\"@type\":\"ListItem\",\"position\":1,\"name\":\"Portada\",\"item\":\"https:\/\/crees.org.do\/\"},{\"@type\":\"ListItem\",\"position\":2,\"name\":\"Crees: RD se beneficiaria m\u00e1s de una ley con reglas fiscales que propongan una reducci\u00f3n mayor de la deuda p\u00fablica\"}]},{\"@type\":\"WebSite\",\"@id\":\"https:\/\/crees.org.do\/#website\",\"url\":\"https:\/\/crees.org.do\/\",\"name\":\"CREES\",\"description\":\"Centro Regional de Estrategias Econ\u00f3micas Sostenibles\",\"publisher\":{\"@id\":\"https:\/\/crees.org.do\/#organization\"},\"potentialAction\":[{\"@type\":\"SearchAction\",\"target\":{\"@type\":\"EntryPoint\",\"urlTemplate\":\"https:\/\/crees.org.do\/?s={search_term_string}\"},\"query-input\":{\"@type\":\"PropertyValueSpecification\",\"valueRequired\":true,\"valueName\":\"search_term_string\"}}],\"inLanguage\":\"es\"},{\"@type\":\"Organization\",\"@id\":\"https:\/\/crees.org.do\/#organization\",\"name\":\"CREES | Centro Regional de Estrategias Econ\u00f3micas Sostenibles\",\"url\":\"https:\/\/crees.org.do\/\",\"logo\":{\"@type\":\"ImageObject\",\"inLanguage\":\"es\",\"@id\":\"https:\/\/crees.org.do\/#\/schema\/logo\/image\/\",\"url\":\"https:\/\/crees.org.do\/wp-content\/uploads\/2022\/03\/crees-logo-1.jpg\",\"contentUrl\":\"https:\/\/crees.org.do\/wp-content\/uploads\/2022\/03\/crees-logo-1.jpg\",\"width\":244,\"height\":71,\"caption\":\"CREES | Centro Regional de Estrategias Econ\u00f3micas Sostenibles\"},\"image\":{\"@id\":\"https:\/\/crees.org.do\/#\/schema\/logo\/image\/\"},\"sameAs\":[\"https:\/\/www.facebook.com\/CREESRD\/\",\"https:\/\/x.com\/CREESRD\"]},{\"@type\":\"Person\",\"@id\":\"https:\/\/crees.org.do\/#\/schema\/person\/e7f97cd94d7bf9cd0e0ce30acb7d56b8\",\"name\":\"Crees\",\"image\":{\"@type\":\"ImageObject\",\"inLanguage\":\"es\",\"@id\":\"https:\/\/crees.org.do\/#\/schema\/person\/image\/\",\"url\":\"https:\/\/secure.gravatar.com\/avatar\/390ac8f0be5d9aa046152553e2dd7011b59a512d89c150f5e5f28bb8d9a0b165?s=96&d=mm&r=g\",\"contentUrl\":\"https:\/\/secure.gravatar.com\/avatar\/390ac8f0be5d9aa046152553e2dd7011b59a512d89c150f5e5f28bb8d9a0b165?s=96&d=mm&r=g\",\"caption\":\"Crees\"},\"url\":\"https:\/\/crees.org.do\/?author=2\"}]}<\/script>\n<!-- \/ Yoast SEO plugin. -->","yoast_head_json":{"title":"Crees: RD se beneficiaria m\u00e1s de una ley con reglas fiscales que propongan una reducci\u00f3n mayor de la deuda p\u00fablica | CREES","robots":{"index":"index","follow":"follow","max-snippet":"max-snippet:-1","max-image-preview":"max-image-preview:large","max-video-preview":"max-video-preview:-1"},"canonical":"https:\/\/crees.org.do\/?p=25077","og_locale":"es_ES","og_type":"article","og_title":"Crees: RD se beneficiaria m\u00e1s de una ley con reglas fiscales que propongan una reducci\u00f3n mayor de la deuda p\u00fablica | CREES","og_description":"Autor: Acento Fecha: 7 de junio del 2023 Extra\u00eddo de: Acento Collado Di Franco dijo que saluda el proyecto de ley sometido al Congreso pero que la situaci\u00f3n actual del endeudamiento consolidado del Estado dominicano amerita una reducci\u00f3n m\u00e1s r\u00e1pida de la deuda El vicepresidente ejecutivo del Centro Regional de Estrategias Econ\u00f3micas Sostenibles\u00a0(Crees),\u00a0Miguel Collado Di...","og_url":"https:\/\/crees.org.do\/?p=25077","og_site_name":"CREES","article_publisher":"https:\/\/www.facebook.com\/CREESRD\/","article_published_time":"2023-06-07T19:32:10+00:00","article_modified_time":"2023-06-13T19:41:29+00:00","og_image":[{"width":728,"height":410,"url":"https:\/\/crees.org.do\/wp-content\/uploads\/2023\/06\/miguel-collado-di-franco-2-03-23-2018-728x410-1.jpeg","type":"image\/jpeg"}],"author":"Crees","twitter_card":"summary_large_image","twitter_creator":"@CREESRD","twitter_site":"@CREESRD","twitter_misc":{"Escrito por":"Crees","Tiempo de lectura":"5 minutos"},"schema":{"@context":"https:\/\/schema.org","@graph":[{"@type":"Article","@id":"https:\/\/crees.org.do\/?p=25077#article","isPartOf":{"@id":"https:\/\/crees.org.do\/?p=25077"},"author":{"name":"Crees","@id":"https:\/\/crees.org.do\/#\/schema\/person\/e7f97cd94d7bf9cd0e0ce30acb7d56b8"},"headline":"Crees: RD se beneficiaria m\u00e1s de una ley con reglas fiscales que propongan una reducci\u00f3n mayor de la deuda p\u00fablica","datePublished":"2023-06-07T19:32:10+00:00","dateModified":"2023-06-13T19:41:29+00:00","mainEntityOfPage":{"@id":"https:\/\/crees.org.do\/?p=25077"},"wordCount":1089,"publisher":{"@id":"https:\/\/crees.org.do\/#organization"},"image":{"@id":"https:\/\/crees.org.do\/?p=25077#primaryimage"},"thumbnailUrl":"https:\/\/crees.org.do\/wp-content\/uploads\/2023\/06\/miguel-collado-di-franco-2-03-23-2018-728x410-1.jpeg","keywords":["Crees: RD se beneficiaria m\u00e1s de una ley con reglas fiscales que propongan una reducci\u00f3n mayor de la deuda p\u00fablica"],"articleSection":["Actualidad"],"inLanguage":"es"},{"@type":"WebPage","@id":"https:\/\/crees.org.do\/?p=25077","url":"https:\/\/crees.org.do\/?p=25077","name":"Crees: RD se beneficiaria m\u00e1s de una ley con reglas fiscales que propongan una reducci\u00f3n mayor de la deuda p\u00fablica | CREES","isPartOf":{"@id":"https:\/\/crees.org.do\/#website"},"primaryImageOfPage":{"@id":"https:\/\/crees.org.do\/?p=25077#primaryimage"},"image":{"@id":"https:\/\/crees.org.do\/?p=25077#primaryimage"},"thumbnailUrl":"https:\/\/crees.org.do\/wp-content\/uploads\/2023\/06\/miguel-collado-di-franco-2-03-23-2018-728x410-1.jpeg","datePublished":"2023-06-07T19:32:10+00:00","dateModified":"2023-06-13T19:41:29+00:00","breadcrumb":{"@id":"https:\/\/crees.org.do\/?p=25077#breadcrumb"},"inLanguage":"es","potentialAction":[{"@type":"ReadAction","target":["https:\/\/crees.org.do\/?p=25077"]}]},{"@type":"ImageObject","inLanguage":"es","@id":"https:\/\/crees.org.do\/?p=25077#primaryimage","url":"https:\/\/crees.org.do\/wp-content\/uploads\/2023\/06\/miguel-collado-di-franco-2-03-23-2018-728x410-1.jpeg","contentUrl":"https:\/\/crees.org.do\/wp-content\/uploads\/2023\/06\/miguel-collado-di-franco-2-03-23-2018-728x410-1.jpeg","width":728,"height":410},{"@type":"BreadcrumbList","@id":"https:\/\/crees.org.do\/?p=25077#breadcrumb","itemListElement":[{"@type":"ListItem","position":1,"name":"Portada","item":"https:\/\/crees.org.do\/"},{"@type":"ListItem","position":2,"name":"Crees: RD se beneficiaria m\u00e1s de una ley con reglas fiscales que propongan una reducci\u00f3n mayor de la deuda p\u00fablica"}]},{"@type":"WebSite","@id":"https:\/\/crees.org.do\/#website","url":"https:\/\/crees.org.do\/","name":"CREES","description":"Centro Regional de Estrategias Econ\u00f3micas Sostenibles","publisher":{"@id":"https:\/\/crees.org.do\/#organization"},"potentialAction":[{"@type":"SearchAction","target":{"@type":"EntryPoint","urlTemplate":"https:\/\/crees.org.do\/?s={search_term_string}"},"query-input":{"@type":"PropertyValueSpecification","valueRequired":true,"valueName":"search_term_string"}}],"inLanguage":"es"},{"@type":"Organization","@id":"https:\/\/crees.org.do\/#organization","name":"CREES | Centro Regional de Estrategias Econ\u00f3micas Sostenibles","url":"https:\/\/crees.org.do\/","logo":{"@type":"ImageObject","inLanguage":"es","@id":"https:\/\/crees.org.do\/#\/schema\/logo\/image\/","url":"https:\/\/crees.org.do\/wp-content\/uploads\/2022\/03\/crees-logo-1.jpg","contentUrl":"https:\/\/crees.org.do\/wp-content\/uploads\/2022\/03\/crees-logo-1.jpg","width":244,"height":71,"caption":"CREES | Centro Regional de Estrategias Econ\u00f3micas Sostenibles"},"image":{"@id":"https:\/\/crees.org.do\/#\/schema\/logo\/image\/"},"sameAs":["https:\/\/www.facebook.com\/CREESRD\/","https:\/\/x.com\/CREESRD"]},{"@type":"Person","@id":"https:\/\/crees.org.do\/#\/schema\/person\/e7f97cd94d7bf9cd0e0ce30acb7d56b8","name":"Crees","image":{"@type":"ImageObject","inLanguage":"es","@id":"https:\/\/crees.org.do\/#\/schema\/person\/image\/","url":"https:\/\/secure.gravatar.com\/avatar\/390ac8f0be5d9aa046152553e2dd7011b59a512d89c150f5e5f28bb8d9a0b165?s=96&d=mm&r=g","contentUrl":"https:\/\/secure.gravatar.com\/avatar\/390ac8f0be5d9aa046152553e2dd7011b59a512d89c150f5e5f28bb8d9a0b165?s=96&d=mm&r=g","caption":"Crees"},"url":"https:\/\/crees.org.do\/?author=2"}]}},"_links":{"self":[{"href":"https:\/\/crees.org.do\/index.php?rest_route=\/wp\/v2\/posts\/25077","targetHints":{"allow":["GET"]}}],"collection":[{"href":"https:\/\/crees.org.do\/index.php?rest_route=\/wp\/v2\/posts"}],"about":[{"href":"https:\/\/crees.org.do\/index.php?rest_route=\/wp\/v2\/types\/post"}],"author":[{"embeddable":true,"href":"https:\/\/crees.org.do\/index.php?rest_route=\/wp\/v2\/users\/2"}],"replies":[{"embeddable":true,"href":"https:\/\/crees.org.do\/index.php?rest_route=%2Fwp%2Fv2%2Fcomments&post=25077"}],"version-history":[{"count":1,"href":"https:\/\/crees.org.do\/index.php?rest_route=\/wp\/v2\/posts\/25077\/revisions"}],"predecessor-version":[{"id":25080,"href":"https:\/\/crees.org.do\/index.php?rest_route=\/wp\/v2\/posts\/25077\/revisions\/25080"}],"wp:featuredmedia":[{"embeddable":true,"href":"https:\/\/crees.org.do\/index.php?rest_route=\/wp\/v2\/media\/25079"}],"wp:attachment":[{"href":"https:\/\/crees.org.do\/index.php?rest_route=%2Fwp%2Fv2%2Fmedia&parent=25077"}],"wp:term":[{"taxonomy":"category","embeddable":true,"href":"https:\/\/crees.org.do\/index.php?rest_route=%2Fwp%2Fv2%2Fcategories&post=25077"},{"taxonomy":"post_tag","embeddable":true,"href":"https:\/\/crees.org.do\/index.php?rest_route=%2Fwp%2Fv2%2Ftags&post=25077"}],"curies":[{"name":"wp","href":"https:\/\/api.w.org\/{rel}","templated":true}]}}