{"id":25082,"date":"2023-06-14T13:19:28","date_gmt":"2023-06-14T13:19:28","guid":{"rendered":"https:\/\/crees.org.do\/?p=25082"},"modified":"2023-06-16T14:00:25","modified_gmt":"2023-06-16T14:00:25","slug":"precios-bienes-y-servicios-subieron-27-6-del-2019-al-2023","status":"publish","type":"post","link":"https:\/\/crees.org.do\/?p=25082","title":{"rendered":"Precios bienes y servicios subieron 27.6% del 2019 al 2023"},"content":{"rendered":"<p>Autor: Ubaldo Guzm\u00e1n Molina<\/p>\n<p>Fecha: 14 de junio del 2023<\/p>\n<p>Extra\u00eddo de: Hoy<\/p>\n<p style=\"text-align: justify;\">Los precios de los bienes y servicios \u2013en promedio, medidos por el \u00edndice de precios al consumidor (IPC)\u2013 se han incrementado en 27.6% entre mayo de 2019 y mayo de este a\u00f1o, seg\u00fan el Centro Regional de Estrategias Econ\u00f3micas Sostenibles (CREES).<\/p>\n<p style=\"text-align: justify;\">De acuerdo con los datos del\u00a0<strong>Banco Central,<\/strong>\u00a0entre mayo de 2019 y mayo de 2023 los grupos de bienes y servicios que han registrado mayor incremento en sus precios son alimentos y bebidas no alcoh\u00f3licas (39.3%), transporte (33.1%), bebidas alcoh\u00f3licas y tabaco (32.8%), y restaurantes y hoteles (31.7%).<\/p>\n<div class=\"teads-adCall\" style=\"text-align: justify;\"><\/div>\n<p style=\"text-align: justify;\">Mientras que comunicaciones y prendas de vestir y calzado disminuyeron en sus precios (de -5.2% y -0.9%, respectivamente).<\/p>\n<p style=\"text-align: justify;\">El incremento del IPC en el periodo mayo 2019 \u2013 mayo 2023 equivale a una reducci\u00f3n del poder de compra del peso dominicano de 2.1.6% en los \u00faltimos cuatro a\u00f1os.<\/p>\n<p style=\"text-align: justify;\">En otras palabras, 100 pesos de mayo de 2019 tienen un poder de compra de 78.4 pesos en la actualidad.<\/p>\n<p style=\"text-align: justify;\">El vicepresidente ejecutivo del CREES afirm\u00f3 que ahora es m\u00e1s caro que antes para que el consumidor promedio comprar bienes y servicios en el pa\u00eds y eso representa una p\u00e9rdida del poder adquisitivo del peso.<\/p>\n<p style=\"text-align: justify;\">Consider\u00f3 importante que la pol\u00edtica monetaria est\u00e9 enfocada en la estabilidad de precios para mantener el poder de compra del peso dominicano, plantea.<\/p>\n<p style=\"text-align: justify;\">Se\u00f1al\u00f3, sin embargo, que los recientes cambios en la pol\u00edtica monetaria del Banco Central dan se\u00f1ales de que se le dar\u00e1 prioridad en el est\u00edmulo del crecimiento econ\u00f3mico y no a mantener el poder de compra del peso.<\/p>\n<p style=\"text-align: justify;\">A pesar de menores cifras de inflaci\u00f3n en los \u00faltimos meses, los precios contin\u00faan subiendo, resalt\u00f3. En mayo, el IPC fue de 123.4, con una inflaci\u00f3n interanual alcanz\u00f3 el 4.4 por ciento.<\/p>\n<div class=\"pvc_clear\"><\/div>\n<p class=\"pvc_stats all \" data-element-id=\"25082\" style=\"\"><i class=\"pvc-stats-icon medium\" aria-hidden=\"true\"><svg aria-hidden=\"true\" focusable=\"false\" data-prefix=\"far\" data-icon=\"chart-bar\" role=\"img\" xmlns=\"http:\/\/www.w3.org\/2000\/svg\" viewBox=\"0 0 512 512\" class=\"svg-inline--fa fa-chart-bar fa-w-16 fa-2x\"><path fill=\"currentColor\" d=\"M396.8 352h22.4c6.4 0 12.8-6.4 12.8-12.8V108.8c0-6.4-6.4-12.8-12.8-12.8h-22.4c-6.4 0-12.8 6.4-12.8 12.8v230.4c0 6.4 6.4 12.8 12.8 12.8zm-192 0h22.4c6.4 0 12.8-6.4 12.8-12.8V140.8c0-6.4-6.4-12.8-12.8-12.8h-22.4c-6.4 0-12.8 6.4-12.8 12.8v198.4c0 6.4 6.4 12.8 12.8 12.8zm96 0h22.4c6.4 0 12.8-6.4 12.8-12.8V204.8c0-6.4-6.4-12.8-12.8-12.8h-22.4c-6.4 0-12.8 6.4-12.8 12.8v134.4c0 6.4 6.4 12.8 12.8 12.8zM496 400H48V80c0-8.84-7.16-16-16-16H16C7.16 64 0 71.16 0 80v336c0 17.67 14.33 32 32 32h464c8.84 0 16-7.16 16-16v-16c0-8.84-7.16-16-16-16zm-387.2-48h22.4c6.4 0 12.8-6.4 12.8-12.8v-70.4c0-6.4-6.4-12.8-12.8-12.8h-22.4c-6.4 0-12.8 6.4-12.8 12.8v70.4c0 6.4 6.4 12.8 12.8 12.8z\" class=\"\"><\/path><\/svg><\/i> Vistas Totales&nbsp;1,143&nbsp;, Vistas Hoy&nbsp;2&nbsp;<\/p>\n<div class=\"pvc_clear\"><\/div>\n","protected":false},"excerpt":{"rendered":"<p>Autor: Ubaldo Guzm\u00e1n Molina Fecha: 14 de junio del 2023 Extra\u00eddo de: Hoy Los precios de los bienes y servicios \u2013en promedio, medidos por el \u00edndice de precios al consumidor (IPC)\u2013 se han incrementado en 27.6% entre mayo de 2019 y mayo de este a\u00f1o, seg\u00fan el Centro Regional de Estrategias Econ\u00f3micas Sostenibles (CREES). De&#8230;<\/p>\n<div class=\"pvc_clear\"><\/div>\n<p class=\"pvc_stats all \" data-element-id=\"25082\" style=\"\"><i class=\"pvc-stats-icon medium\" aria-hidden=\"true\"><svg aria-hidden=\"true\" focusable=\"false\" data-prefix=\"far\" data-icon=\"chart-bar\" role=\"img\" xmlns=\"http:\/\/www.w3.org\/2000\/svg\" viewBox=\"0 0 512 512\" class=\"svg-inline--fa fa-chart-bar fa-w-16 fa-2x\"><path fill=\"currentColor\" d=\"M396.8 352h22.4c6.4 0 12.8-6.4 12.8-12.8V108.8c0-6.4-6.4-12.8-12.8-12.8h-22.4c-6.4 0-12.8 6.4-12.8 12.8v230.4c0 6.4 6.4 12.8 12.8 12.8zm-192 0h22.4c6.4 0 12.8-6.4 12.8-12.8V140.8c0-6.4-6.4-12.8-12.8-12.8h-22.4c-6.4 0-12.8 6.4-12.8 12.8v198.4c0 6.4 6.4 12.8 12.8 12.8zm96 0h22.4c6.4 0 12.8-6.4 12.8-12.8V204.8c0-6.4-6.4-12.8-12.8-12.8h-22.4c-6.4 0-12.8 6.4-12.8 12.8v134.4c0 6.4 6.4 12.8 12.8 12.8zM496 400H48V80c0-8.84-7.16-16-16-16H16C7.16 64 0 71.16 0 80v336c0 17.67 14.33 32 32 32h464c8.84 0 16-7.16 16-16v-16c0-8.84-7.16-16-16-16zm-387.2-48h22.4c6.4 0 12.8-6.4 12.8-12.8v-70.4c0-6.4-6.4-12.8-12.8-12.8h-22.4c-6.4 0-12.8 6.4-12.8 12.8v70.4c0 6.4 6.4 12.8 12.8 12.8z\" class=\"\"><\/path><\/svg><\/i> Vistas Totales&nbsp;1,143&nbsp;, Vistas Hoy&nbsp;2&nbsp;<\/p>\n<div class=\"pvc_clear\"><\/div>\n","protected":false},"author":2,"featured_media":24794,"comment_status":"closed","ping_status":"closed","sticky":false,"template":"","format":"standard","meta":{"footnotes":""},"categories":[19],"tags":[],"class_list":["post-25082","post","type-post","status-publish","format-standard","has-post-thumbnail","hentry","category-actualidad"],"yoast_head":"<!-- This site is optimized with the Yoast SEO plugin v25.2 - https:\/\/yoast.com\/wordpress\/plugins\/seo\/ -->\n<title>Precios bienes y servicios subieron 27.6% del 2019 al 2023 | CREES<\/title>\n<meta name=\"robots\" content=\"index, follow, max-snippet:-1, max-image-preview:large, max-video-preview:-1\" \/>\n<link rel=\"canonical\" href=\"https:\/\/crees.org.do\/?p=25082\" \/>\n<meta property=\"og:locale\" content=\"es_ES\" \/>\n<meta property=\"og:type\" content=\"article\" \/>\n<meta property=\"og:title\" content=\"Precios bienes y servicios subieron 27.6% del 2019 al 2023 | CREES\" \/>\n<meta property=\"og:description\" content=\"Autor: Ubaldo Guzm\u00e1n Molina Fecha: 14 de junio del 2023 Extra\u00eddo de: Hoy Los precios de los bienes y servicios \u2013en promedio, medidos por el \u00edndice de precios al consumidor (IPC)\u2013 se han incrementado en 27.6% entre mayo de 2019 y mayo de este a\u00f1o, seg\u00fan el Centro Regional de Estrategias Econ\u00f3micas Sostenibles (CREES). De...\" \/>\n<meta property=\"og:url\" content=\"https:\/\/crees.org.do\/?p=25082\" \/>\n<meta property=\"og:site_name\" content=\"CREES\" \/>\n<meta property=\"article:publisher\" content=\"https:\/\/www.facebook.com\/CREESRD\/\" \/>\n<meta property=\"article:published_time\" content=\"2023-06-14T13:19:28+00:00\" \/>\n<meta property=\"article:modified_time\" content=\"2023-06-16T14:00:25+00:00\" \/>\n<meta property=\"og:image\" content=\"https:\/\/crees.org.do\/wp-content\/uploads\/2023\/04\/Miguel-Collado-Di-Franco-1.jpg\" \/>\n\t<meta property=\"og:image:width\" content=\"522\" \/>\n\t<meta property=\"og:image:height\" content=\"348\" \/>\n\t<meta property=\"og:image:type\" content=\"image\/jpeg\" \/>\n<meta name=\"author\" content=\"Crees\" \/>\n<meta name=\"twitter:card\" content=\"summary_large_image\" \/>\n<meta name=\"twitter:creator\" content=\"@CREESRD\" \/>\n<meta name=\"twitter:site\" content=\"@CREESRD\" \/>\n<meta name=\"twitter:label1\" content=\"Escrito por\" \/>\n\t<meta name=\"twitter:data1\" content=\"Crees\" \/>\n\t<meta name=\"twitter:label2\" content=\"Tiempo de lectura\" \/>\n\t<meta name=\"twitter:data2\" content=\"2 minutos\" \/>\n<script type=\"application\/ld+json\" class=\"yoast-schema-graph\">{\"@context\":\"https:\/\/schema.org\",\"@graph\":[{\"@type\":\"Article\",\"@id\":\"https:\/\/crees.org.do\/?p=25082#article\",\"isPartOf\":{\"@id\":\"https:\/\/crees.org.do\/?p=25082\"},\"author\":{\"name\":\"Crees\",\"@id\":\"https:\/\/crees.org.do\/#\/schema\/person\/e7f97cd94d7bf9cd0e0ce30acb7d56b8\"},\"headline\":\"Precios bienes y servicios subieron 27.6% del 2019 al 2023\",\"datePublished\":\"2023-06-14T13:19:28+00:00\",\"dateModified\":\"2023-06-16T14:00:25+00:00\",\"mainEntityOfPage\":{\"@id\":\"https:\/\/crees.org.do\/?p=25082\"},\"wordCount\":308,\"publisher\":{\"@id\":\"https:\/\/crees.org.do\/#organization\"},\"image\":{\"@id\":\"https:\/\/crees.org.do\/?p=25082#primaryimage\"},\"thumbnailUrl\":\"https:\/\/crees.org.do\/wp-content\/uploads\/2023\/04\/Miguel-Collado-Di-Franco-1.jpg\",\"articleSection\":[\"Actualidad\"],\"inLanguage\":\"es\"},{\"@type\":\"WebPage\",\"@id\":\"https:\/\/crees.org.do\/?p=25082\",\"url\":\"https:\/\/crees.org.do\/?p=25082\",\"name\":\"Precios bienes y servicios subieron 27.6% del 2019 al 2023 | CREES\",\"isPartOf\":{\"@id\":\"https:\/\/crees.org.do\/#website\"},\"primaryImageOfPage\":{\"@id\":\"https:\/\/crees.org.do\/?p=25082#primaryimage\"},\"image\":{\"@id\":\"https:\/\/crees.org.do\/?p=25082#primaryimage\"},\"thumbnailUrl\":\"https:\/\/crees.org.do\/wp-content\/uploads\/2023\/04\/Miguel-Collado-Di-Franco-1.jpg\",\"datePublished\":\"2023-06-14T13:19:28+00:00\",\"dateModified\":\"2023-06-16T14:00:25+00:00\",\"breadcrumb\":{\"@id\":\"https:\/\/crees.org.do\/?p=25082#breadcrumb\"},\"inLanguage\":\"es\",\"potentialAction\":[{\"@type\":\"ReadAction\",\"target\":[\"https:\/\/crees.org.do\/?p=25082\"]}]},{\"@type\":\"ImageObject\",\"inLanguage\":\"es\",\"@id\":\"https:\/\/crees.org.do\/?p=25082#primaryimage\",\"url\":\"https:\/\/crees.org.do\/wp-content\/uploads\/2023\/04\/Miguel-Collado-Di-Franco-1.jpg\",\"contentUrl\":\"https:\/\/crees.org.do\/wp-content\/uploads\/2023\/04\/Miguel-Collado-Di-Franco-1.jpg\",\"width\":522,\"height\":348},{\"@type\":\"BreadcrumbList\",\"@id\":\"https:\/\/crees.org.do\/?p=25082#breadcrumb\",\"itemListElement\":[{\"@type\":\"ListItem\",\"position\":1,\"name\":\"Portada\",\"item\":\"https:\/\/crees.org.do\/\"},{\"@type\":\"ListItem\",\"position\":2,\"name\":\"Precios bienes y servicios subieron 27.6% del 2019 al 2023\"}]},{\"@type\":\"WebSite\",\"@id\":\"https:\/\/crees.org.do\/#website\",\"url\":\"https:\/\/crees.org.do\/\",\"name\":\"CREES\",\"description\":\"Centro Regional de Estrategias Econ\u00f3micas Sostenibles\",\"publisher\":{\"@id\":\"https:\/\/crees.org.do\/#organization\"},\"potentialAction\":[{\"@type\":\"SearchAction\",\"target\":{\"@type\":\"EntryPoint\",\"urlTemplate\":\"https:\/\/crees.org.do\/?s={search_term_string}\"},\"query-input\":{\"@type\":\"PropertyValueSpecification\",\"valueRequired\":true,\"valueName\":\"search_term_string\"}}],\"inLanguage\":\"es\"},{\"@type\":\"Organization\",\"@id\":\"https:\/\/crees.org.do\/#organization\",\"name\":\"CREES | Centro Regional de Estrategias Econ\u00f3micas Sostenibles\",\"url\":\"https:\/\/crees.org.do\/\",\"logo\":{\"@type\":\"ImageObject\",\"inLanguage\":\"es\",\"@id\":\"https:\/\/crees.org.do\/#\/schema\/logo\/image\/\",\"url\":\"https:\/\/crees.org.do\/wp-content\/uploads\/2022\/03\/crees-logo-1.jpg\",\"contentUrl\":\"https:\/\/crees.org.do\/wp-content\/uploads\/2022\/03\/crees-logo-1.jpg\",\"width\":244,\"height\":71,\"caption\":\"CREES | Centro Regional de Estrategias Econ\u00f3micas Sostenibles\"},\"image\":{\"@id\":\"https:\/\/crees.org.do\/#\/schema\/logo\/image\/\"},\"sameAs\":[\"https:\/\/www.facebook.com\/CREESRD\/\",\"https:\/\/x.com\/CREESRD\"]},{\"@type\":\"Person\",\"@id\":\"https:\/\/crees.org.do\/#\/schema\/person\/e7f97cd94d7bf9cd0e0ce30acb7d56b8\",\"name\":\"Crees\",\"image\":{\"@type\":\"ImageObject\",\"inLanguage\":\"es\",\"@id\":\"https:\/\/crees.org.do\/#\/schema\/person\/image\/\",\"url\":\"https:\/\/secure.gravatar.com\/avatar\/390ac8f0be5d9aa046152553e2dd7011b59a512d89c150f5e5f28bb8d9a0b165?s=96&d=mm&r=g\",\"contentUrl\":\"https:\/\/secure.gravatar.com\/avatar\/390ac8f0be5d9aa046152553e2dd7011b59a512d89c150f5e5f28bb8d9a0b165?s=96&d=mm&r=g\",\"caption\":\"Crees\"},\"url\":\"https:\/\/crees.org.do\/?author=2\"}]}<\/script>\n<!-- \/ Yoast SEO plugin. -->","yoast_head_json":{"title":"Precios bienes y servicios subieron 27.6% del 2019 al 2023 | CREES","robots":{"index":"index","follow":"follow","max-snippet":"max-snippet:-1","max-image-preview":"max-image-preview:large","max-video-preview":"max-video-preview:-1"},"canonical":"https:\/\/crees.org.do\/?p=25082","og_locale":"es_ES","og_type":"article","og_title":"Precios bienes y servicios subieron 27.6% del 2019 al 2023 | CREES","og_description":"Autor: Ubaldo Guzm\u00e1n Molina Fecha: 14 de junio del 2023 Extra\u00eddo de: Hoy Los precios de los bienes y servicios \u2013en promedio, medidos por el \u00edndice de precios al consumidor (IPC)\u2013 se han incrementado en 27.6% entre mayo de 2019 y mayo de este a\u00f1o, seg\u00fan el Centro Regional de Estrategias Econ\u00f3micas Sostenibles (CREES). De...","og_url":"https:\/\/crees.org.do\/?p=25082","og_site_name":"CREES","article_publisher":"https:\/\/www.facebook.com\/CREESRD\/","article_published_time":"2023-06-14T13:19:28+00:00","article_modified_time":"2023-06-16T14:00:25+00:00","og_image":[{"width":522,"height":348,"url":"https:\/\/crees.org.do\/wp-content\/uploads\/2023\/04\/Miguel-Collado-Di-Franco-1.jpg","type":"image\/jpeg"}],"author":"Crees","twitter_card":"summary_large_image","twitter_creator":"@CREESRD","twitter_site":"@CREESRD","twitter_misc":{"Escrito por":"Crees","Tiempo de lectura":"2 minutos"},"schema":{"@context":"https:\/\/schema.org","@graph":[{"@type":"Article","@id":"https:\/\/crees.org.do\/?p=25082#article","isPartOf":{"@id":"https:\/\/crees.org.do\/?p=25082"},"author":{"name":"Crees","@id":"https:\/\/crees.org.do\/#\/schema\/person\/e7f97cd94d7bf9cd0e0ce30acb7d56b8"},"headline":"Precios bienes y servicios subieron 27.6% del 2019 al 2023","datePublished":"2023-06-14T13:19:28+00:00","dateModified":"2023-06-16T14:00:25+00:00","mainEntityOfPage":{"@id":"https:\/\/crees.org.do\/?p=25082"},"wordCount":308,"publisher":{"@id":"https:\/\/crees.org.do\/#organization"},"image":{"@id":"https:\/\/crees.org.do\/?p=25082#primaryimage"},"thumbnailUrl":"https:\/\/crees.org.do\/wp-content\/uploads\/2023\/04\/Miguel-Collado-Di-Franco-1.jpg","articleSection":["Actualidad"],"inLanguage":"es"},{"@type":"WebPage","@id":"https:\/\/crees.org.do\/?p=25082","url":"https:\/\/crees.org.do\/?p=25082","name":"Precios bienes y servicios subieron 27.6% del 2019 al 2023 | CREES","isPartOf":{"@id":"https:\/\/crees.org.do\/#website"},"primaryImageOfPage":{"@id":"https:\/\/crees.org.do\/?p=25082#primaryimage"},"image":{"@id":"https:\/\/crees.org.do\/?p=25082#primaryimage"},"thumbnailUrl":"https:\/\/crees.org.do\/wp-content\/uploads\/2023\/04\/Miguel-Collado-Di-Franco-1.jpg","datePublished":"2023-06-14T13:19:28+00:00","dateModified":"2023-06-16T14:00:25+00:00","breadcrumb":{"@id":"https:\/\/crees.org.do\/?p=25082#breadcrumb"},"inLanguage":"es","potentialAction":[{"@type":"ReadAction","target":["https:\/\/crees.org.do\/?p=25082"]}]},{"@type":"ImageObject","inLanguage":"es","@id":"https:\/\/crees.org.do\/?p=25082#primaryimage","url":"https:\/\/crees.org.do\/wp-content\/uploads\/2023\/04\/Miguel-Collado-Di-Franco-1.jpg","contentUrl":"https:\/\/crees.org.do\/wp-content\/uploads\/2023\/04\/Miguel-Collado-Di-Franco-1.jpg","width":522,"height":348},{"@type":"BreadcrumbList","@id":"https:\/\/crees.org.do\/?p=25082#breadcrumb","itemListElement":[{"@type":"ListItem","position":1,"name":"Portada","item":"https:\/\/crees.org.do\/"},{"@type":"ListItem","position":2,"name":"Precios bienes y servicios subieron 27.6% del 2019 al 2023"}]},{"@type":"WebSite","@id":"https:\/\/crees.org.do\/#website","url":"https:\/\/crees.org.do\/","name":"CREES","description":"Centro Regional de Estrategias Econ\u00f3micas Sostenibles","publisher":{"@id":"https:\/\/crees.org.do\/#organization"},"potentialAction":[{"@type":"SearchAction","target":{"@type":"EntryPoint","urlTemplate":"https:\/\/crees.org.do\/?s={search_term_string}"},"query-input":{"@type":"PropertyValueSpecification","valueRequired":true,"valueName":"search_term_string"}}],"inLanguage":"es"},{"@type":"Organization","@id":"https:\/\/crees.org.do\/#organization","name":"CREES | Centro Regional de Estrategias Econ\u00f3micas Sostenibles","url":"https:\/\/crees.org.do\/","logo":{"@type":"ImageObject","inLanguage":"es","@id":"https:\/\/crees.org.do\/#\/schema\/logo\/image\/","url":"https:\/\/crees.org.do\/wp-content\/uploads\/2022\/03\/crees-logo-1.jpg","contentUrl":"https:\/\/crees.org.do\/wp-content\/uploads\/2022\/03\/crees-logo-1.jpg","width":244,"height":71,"caption":"CREES | Centro Regional de Estrategias Econ\u00f3micas Sostenibles"},"image":{"@id":"https:\/\/crees.org.do\/#\/schema\/logo\/image\/"},"sameAs":["https:\/\/www.facebook.com\/CREESRD\/","https:\/\/x.com\/CREESRD"]},{"@type":"Person","@id":"https:\/\/crees.org.do\/#\/schema\/person\/e7f97cd94d7bf9cd0e0ce30acb7d56b8","name":"Crees","image":{"@type":"ImageObject","inLanguage":"es","@id":"https:\/\/crees.org.do\/#\/schema\/person\/image\/","url":"https:\/\/secure.gravatar.com\/avatar\/390ac8f0be5d9aa046152553e2dd7011b59a512d89c150f5e5f28bb8d9a0b165?s=96&d=mm&r=g","contentUrl":"https:\/\/secure.gravatar.com\/avatar\/390ac8f0be5d9aa046152553e2dd7011b59a512d89c150f5e5f28bb8d9a0b165?s=96&d=mm&r=g","caption":"Crees"},"url":"https:\/\/crees.org.do\/?author=2"}]}},"_links":{"self":[{"href":"https:\/\/crees.org.do\/index.php?rest_route=\/wp\/v2\/posts\/25082","targetHints":{"allow":["GET"]}}],"collection":[{"href":"https:\/\/crees.org.do\/index.php?rest_route=\/wp\/v2\/posts"}],"about":[{"href":"https:\/\/crees.org.do\/index.php?rest_route=\/wp\/v2\/types\/post"}],"author":[{"embeddable":true,"href":"https:\/\/crees.org.do\/index.php?rest_route=\/wp\/v2\/users\/2"}],"replies":[{"embeddable":true,"href":"https:\/\/crees.org.do\/index.php?rest_route=%2Fwp%2Fv2%2Fcomments&post=25082"}],"version-history":[{"count":2,"href":"https:\/\/crees.org.do\/index.php?rest_route=\/wp\/v2\/posts\/25082\/revisions"}],"predecessor-version":[{"id":25090,"href":"https:\/\/crees.org.do\/index.php?rest_route=\/wp\/v2\/posts\/25082\/revisions\/25090"}],"wp:featuredmedia":[{"embeddable":true,"href":"https:\/\/crees.org.do\/index.php?rest_route=\/wp\/v2\/media\/24794"}],"wp:attachment":[{"href":"https:\/\/crees.org.do\/index.php?rest_route=%2Fwp%2Fv2%2Fmedia&parent=25082"}],"wp:term":[{"taxonomy":"category","embeddable":true,"href":"https:\/\/crees.org.do\/index.php?rest_route=%2Fwp%2Fv2%2Fcategories&post=25082"},{"taxonomy":"post_tag","embeddable":true,"href":"https:\/\/crees.org.do\/index.php?rest_route=%2Fwp%2Fv2%2Ftags&post=25082"}],"curies":[{"name":"wp","href":"https:\/\/api.w.org\/{rel}","templated":true}]}}