{"id":25084,"date":"2023-06-14T17:16:51","date_gmt":"2023-06-14T17:16:51","guid":{"rendered":"https:\/\/crees.org.do\/?p=25084"},"modified":"2023-06-16T14:19:40","modified_gmt":"2023-06-16T14:19:40","slug":"las-perdidas-totales-de-energia-ascendieron-a-un-37-1-de-la-energia-comprada-en-el-primer-trimestre-de-2023","status":"publish","type":"post","link":"https:\/\/crees.org.do\/?p=25084","title":{"rendered":"Las p\u00e9rdidas totales de energ\u00eda ascendieron a un 37.1% de la energ\u00eda comprada en el primer trimestre de 2023"},"content":{"rendered":"<p><img fetchpriority=\"high\" decoding=\"async\" class=\"aligncenter wp-image-25092\" src=\"https:\/\/crees.org.do\/wp-content\/uploads\/2023\/06\/Untitled-copy-1.png\" alt=\"\" width=\"896\" height=\"896\" srcset=\"https:\/\/crees.org.do\/wp-content\/uploads\/2023\/06\/Untitled-copy-1.png 3121w, https:\/\/crees.org.do\/wp-content\/uploads\/2023\/06\/Untitled-copy-1-450x450.png 450w, https:\/\/crees.org.do\/wp-content\/uploads\/2023\/06\/Untitled-copy-1-2000x2000.png 2000w, https:\/\/crees.org.do\/wp-content\/uploads\/2023\/06\/Untitled-copy-1-150x150.png 150w, https:\/\/crees.org.do\/wp-content\/uploads\/2023\/06\/Untitled-copy-1-768x768.png 768w, https:\/\/crees.org.do\/wp-content\/uploads\/2023\/06\/Untitled-copy-1-1536x1536.png 1536w, https:\/\/crees.org.do\/wp-content\/uploads\/2023\/06\/Untitled-copy-1-2048x2048.png 2048w, https:\/\/crees.org.do\/wp-content\/uploads\/2023\/06\/Untitled-copy-1-300x300.png 300w, https:\/\/crees.org.do\/wp-content\/uploads\/2023\/06\/Untitled-copy-1-600x600.png 600w, https:\/\/crees.org.do\/wp-content\/uploads\/2023\/06\/Untitled-copy-1-100x100.png 100w\" sizes=\"(max-width: 896px) 100vw, 896px\" \/><\/p>\n<h1>Las p\u00e9rdidas totales de energ\u00eda ascendieron a un 37.1% de la energ\u00eda comprada en el primer trimestre de 2023<\/h1>\n<p style=\"text-align: justify;\">En el primer trimestre del 2023 las p\u00e9rdidas totales acumuladas de las empresas distribuidoras de electricidad (EDE) alcanzaron el 37.1%. Es decir, por cada 100 pesos de energ\u00eda comprada las EDE perdieron el equivalente a 37 pesos, seg\u00fan los datos del \u00faltimo informe de desempe\u00f1o elaborado por el Ministerio de Energ\u00eda y Minas.<\/p>\n<p style=\"text-align: justify;\">A marzo de 2023, la energ\u00eda comprada pero no facturada, ascendi\u00f3 a 1,297.6 GWh. Con relaci\u00f3n a la energ\u00eda comprada en este mismo periodo, ascendente a 3,947.6 GWh, dicho monto equivale a una p\u00e9rdida de 32.9%. Por otro lado, en este periodo las EDE cobraron 2,538.3 GWh de los 2,650.0 GWh facturados, lo que arroja una diferencia de 111.6 GWh de energ\u00eda no cobrada, equivalente a un 4.2%. La suma de ambos porcentajes componen el 37.1% de las p\u00e9rdidas totales acumuladas en este periodo.<\/p>\n<p style=\"text-align: justify;\">En la gr\u00e1fica se puede apreciar una disminuci\u00f3n en el porcentaje de la energ\u00eda no cobrada, debido a un aumento de los cobros de energ\u00eda de EDESUR y EDENORTE en el mes de marzo.<\/p>\n<p style=\"text-align: justify;\">En comparaci\u00f3n con el cierre del a\u00f1o 2022, el acumulado a marzo de 2023 de p\u00e9rdidas de energ\u00eda de las distribuidoras muestra una tendencia de disminuci\u00f3n. Sin embargo, a\u00fan se encuentra por encima de los niveles del 2019 (30.5%).<\/p>\n<p style=\"text-align: justify;\">Mantener la distribuci\u00f3n de electricidad dentro del \u00e1mbito pol\u00edtico impide que se creen los incentivos para que las EDE consigan operar con eficiencia sin demandar subsidios del gobierno central. El principal objetivo de pol\u00edtica p\u00fablica en el \u00e1rea energ\u00e9tica deber\u00eda ser la reforma del sistema de distribuci\u00f3n con el fin de reducir la carga que representan para las finanzas p\u00fablicas las transferencias corrientes destinadas a cubrir el subsidio de las EDE. Lo anterior contribuir\u00eda a disminuir la necesidad de recursos que son cubiertos por los ciudadanos en el presente con impuestos, o en el futuro en forma de deuda p\u00fablica<\/p>\n<div class=\"pvc_clear\"><\/div>\n<p class=\"pvc_stats all \" data-element-id=\"25084\" style=\"\"><i class=\"pvc-stats-icon medium\" aria-hidden=\"true\"><svg aria-hidden=\"true\" focusable=\"false\" data-prefix=\"far\" data-icon=\"chart-bar\" role=\"img\" xmlns=\"http:\/\/www.w3.org\/2000\/svg\" viewBox=\"0 0 512 512\" class=\"svg-inline--fa fa-chart-bar fa-w-16 fa-2x\"><path fill=\"currentColor\" d=\"M396.8 352h22.4c6.4 0 12.8-6.4 12.8-12.8V108.8c0-6.4-6.4-12.8-12.8-12.8h-22.4c-6.4 0-12.8 6.4-12.8 12.8v230.4c0 6.4 6.4 12.8 12.8 12.8zm-192 0h22.4c6.4 0 12.8-6.4 12.8-12.8V140.8c0-6.4-6.4-12.8-12.8-12.8h-22.4c-6.4 0-12.8 6.4-12.8 12.8v198.4c0 6.4 6.4 12.8 12.8 12.8zm96 0h22.4c6.4 0 12.8-6.4 12.8-12.8V204.8c0-6.4-6.4-12.8-12.8-12.8h-22.4c-6.4 0-12.8 6.4-12.8 12.8v134.4c0 6.4 6.4 12.8 12.8 12.8zM496 400H48V80c0-8.84-7.16-16-16-16H16C7.16 64 0 71.16 0 80v336c0 17.67 14.33 32 32 32h464c8.84 0 16-7.16 16-16v-16c0-8.84-7.16-16-16-16zm-387.2-48h22.4c6.4 0 12.8-6.4 12.8-12.8v-70.4c0-6.4-6.4-12.8-12.8-12.8h-22.4c-6.4 0-12.8 6.4-12.8 12.8v70.4c0 6.4 6.4 12.8 12.8 12.8z\" class=\"\"><\/path><\/svg><\/i> Vistas Totales&nbsp;1,446&nbsp;<\/p>\n<div class=\"pvc_clear\"><\/div>\n","protected":false},"excerpt":{"rendered":"<p>Las p\u00e9rdidas totales de energ\u00eda ascendieron a un 37.1% de la energ\u00eda comprada en el primer trimestre de 2023 En el primer trimestre del 2023 las p\u00e9rdidas totales acumuladas de las empresas distribuidoras de electricidad (EDE) alcanzaron el 37.1%. Es decir, por cada 100 pesos de energ\u00eda comprada las EDE perdieron el equivalente a 37&#8230;<\/p>\n<div class=\"pvc_clear\"><\/div>\n<p class=\"pvc_stats all \" data-element-id=\"25084\" style=\"\"><i class=\"pvc-stats-icon medium\" aria-hidden=\"true\"><svg aria-hidden=\"true\" focusable=\"false\" data-prefix=\"far\" data-icon=\"chart-bar\" role=\"img\" xmlns=\"http:\/\/www.w3.org\/2000\/svg\" viewBox=\"0 0 512 512\" class=\"svg-inline--fa fa-chart-bar fa-w-16 fa-2x\"><path fill=\"currentColor\" d=\"M396.8 352h22.4c6.4 0 12.8-6.4 12.8-12.8V108.8c0-6.4-6.4-12.8-12.8-12.8h-22.4c-6.4 0-12.8 6.4-12.8 12.8v230.4c0 6.4 6.4 12.8 12.8 12.8zm-192 0h22.4c6.4 0 12.8-6.4 12.8-12.8V140.8c0-6.4-6.4-12.8-12.8-12.8h-22.4c-6.4 0-12.8 6.4-12.8 12.8v198.4c0 6.4 6.4 12.8 12.8 12.8zm96 0h22.4c6.4 0 12.8-6.4 12.8-12.8V204.8c0-6.4-6.4-12.8-12.8-12.8h-22.4c-6.4 0-12.8 6.4-12.8 12.8v134.4c0 6.4 6.4 12.8 12.8 12.8zM496 400H48V80c0-8.84-7.16-16-16-16H16C7.16 64 0 71.16 0 80v336c0 17.67 14.33 32 32 32h464c8.84 0 16-7.16 16-16v-16c0-8.84-7.16-16-16-16zm-387.2-48h22.4c6.4 0 12.8-6.4 12.8-12.8v-70.4c0-6.4-6.4-12.8-12.8-12.8h-22.4c-6.4 0-12.8 6.4-12.8 12.8v70.4c0 6.4 6.4 12.8 12.8 12.8z\" class=\"\"><\/path><\/svg><\/i> Vistas Totales&nbsp;1,446&nbsp;<\/p>\n<div class=\"pvc_clear\"><\/div>\n","protected":false},"author":2,"featured_media":25085,"comment_status":"closed","ping_status":"closed","sticky":false,"template":"","format":"standard","meta":{"footnotes":""},"categories":[21],"tags":[],"class_list":["post-25084","post","type-post","status-publish","format-standard","has-post-thumbnail","hentry","category-blog"],"yoast_head":"<!-- This site is optimized with the Yoast SEO plugin v25.2 - https:\/\/yoast.com\/wordpress\/plugins\/seo\/ -->\n<title>Las p\u00e9rdidas totales de energ\u00eda ascendieron a un 37.1% de la energ\u00eda comprada en el primer trimestre de 2023 | CREES<\/title>\n<meta name=\"robots\" content=\"index, follow, max-snippet:-1, max-image-preview:large, max-video-preview:-1\" \/>\n<link rel=\"canonical\" href=\"https:\/\/crees.org.do\/?p=25084\" \/>\n<meta property=\"og:locale\" content=\"es_ES\" \/>\n<meta property=\"og:type\" content=\"article\" \/>\n<meta property=\"og:title\" content=\"Las p\u00e9rdidas totales de energ\u00eda ascendieron a un 37.1% de la energ\u00eda comprada en el primer trimestre de 2023 | CREES\" \/>\n<meta property=\"og:description\" content=\"Las p\u00e9rdidas totales de energ\u00eda ascendieron a un 37.1% de la energ\u00eda comprada en el primer trimestre de 2023 En el primer trimestre del 2023 las p\u00e9rdidas totales acumuladas de las empresas distribuidoras de electricidad (EDE) alcanzaron el 37.1%. Es decir, por cada 100 pesos de energ\u00eda comprada las EDE perdieron el equivalente a 37...\" \/>\n<meta property=\"og:url\" content=\"https:\/\/crees.org.do\/?p=25084\" \/>\n<meta property=\"og:site_name\" content=\"CREES\" \/>\n<meta property=\"article:publisher\" content=\"https:\/\/www.facebook.com\/CREESRD\/\" \/>\n<meta property=\"article:published_time\" content=\"2023-06-14T17:16:51+00:00\" \/>\n<meta property=\"article:modified_time\" content=\"2023-06-16T14:19:40+00:00\" \/>\n<meta property=\"og:image\" content=\"https:\/\/crees.org.do\/wp-content\/uploads\/2023\/06\/Untitled-copy-1-2.png\" \/>\n\t<meta property=\"og:image:width\" content=\"3121\" \/>\n\t<meta property=\"og:image:height\" content=\"3121\" \/>\n\t<meta property=\"og:image:type\" content=\"image\/png\" \/>\n<meta name=\"author\" content=\"Crees\" \/>\n<meta name=\"twitter:card\" content=\"summary_large_image\" \/>\n<meta name=\"twitter:creator\" content=\"@CREESRD\" \/>\n<meta name=\"twitter:site\" content=\"@CREESRD\" \/>\n<meta name=\"twitter:label1\" content=\"Escrito por\" \/>\n\t<meta name=\"twitter:data1\" content=\"Crees\" \/>\n\t<meta name=\"twitter:label2\" content=\"Tiempo de lectura\" \/>\n\t<meta name=\"twitter:data2\" content=\"2 minutos\" \/>\n<script type=\"application\/ld+json\" class=\"yoast-schema-graph\">{\"@context\":\"https:\/\/schema.org\",\"@graph\":[{\"@type\":\"Article\",\"@id\":\"https:\/\/crees.org.do\/?p=25084#article\",\"isPartOf\":{\"@id\":\"https:\/\/crees.org.do\/?p=25084\"},\"author\":{\"name\":\"Crees\",\"@id\":\"https:\/\/crees.org.do\/#\/schema\/person\/e7f97cd94d7bf9cd0e0ce30acb7d56b8\"},\"headline\":\"Las p\u00e9rdidas totales de energ\u00eda ascendieron a un 37.1% de la energ\u00eda comprada en el primer trimestre de 2023\",\"datePublished\":\"2023-06-14T17:16:51+00:00\",\"dateModified\":\"2023-06-16T14:19:40+00:00\",\"mainEntityOfPage\":{\"@id\":\"https:\/\/crees.org.do\/?p=25084\"},\"wordCount\":364,\"publisher\":{\"@id\":\"https:\/\/crees.org.do\/#organization\"},\"image\":{\"@id\":\"https:\/\/crees.org.do\/?p=25084#primaryimage\"},\"thumbnailUrl\":\"https:\/\/crees.org.do\/wp-content\/uploads\/2023\/06\/Untitled-copy-1-2.png\",\"articleSection\":[\"Blog\"],\"inLanguage\":\"es\"},{\"@type\":\"WebPage\",\"@id\":\"https:\/\/crees.org.do\/?p=25084\",\"url\":\"https:\/\/crees.org.do\/?p=25084\",\"name\":\"Las p\u00e9rdidas totales de energ\u00eda ascendieron a un 37.1% de la energ\u00eda comprada en el primer trimestre de 2023 | CREES\",\"isPartOf\":{\"@id\":\"https:\/\/crees.org.do\/#website\"},\"primaryImageOfPage\":{\"@id\":\"https:\/\/crees.org.do\/?p=25084#primaryimage\"},\"image\":{\"@id\":\"https:\/\/crees.org.do\/?p=25084#primaryimage\"},\"thumbnailUrl\":\"https:\/\/crees.org.do\/wp-content\/uploads\/2023\/06\/Untitled-copy-1-2.png\",\"datePublished\":\"2023-06-14T17:16:51+00:00\",\"dateModified\":\"2023-06-16T14:19:40+00:00\",\"breadcrumb\":{\"@id\":\"https:\/\/crees.org.do\/?p=25084#breadcrumb\"},\"inLanguage\":\"es\",\"potentialAction\":[{\"@type\":\"ReadAction\",\"target\":[\"https:\/\/crees.org.do\/?p=25084\"]}]},{\"@type\":\"ImageObject\",\"inLanguage\":\"es\",\"@id\":\"https:\/\/crees.org.do\/?p=25084#primaryimage\",\"url\":\"https:\/\/crees.org.do\/wp-content\/uploads\/2023\/06\/Untitled-copy-1-2.png\",\"contentUrl\":\"https:\/\/crees.org.do\/wp-content\/uploads\/2023\/06\/Untitled-copy-1-2.png\",\"width\":3121,\"height\":3121},{\"@type\":\"BreadcrumbList\",\"@id\":\"https:\/\/crees.org.do\/?p=25084#breadcrumb\",\"itemListElement\":[{\"@type\":\"ListItem\",\"position\":1,\"name\":\"Portada\",\"item\":\"https:\/\/crees.org.do\/\"},{\"@type\":\"ListItem\",\"position\":2,\"name\":\"Las p\u00e9rdidas totales de energ\u00eda ascendieron a un 37.1% de la energ\u00eda comprada en el primer trimestre de 2023\"}]},{\"@type\":\"WebSite\",\"@id\":\"https:\/\/crees.org.do\/#website\",\"url\":\"https:\/\/crees.org.do\/\",\"name\":\"CREES\",\"description\":\"Centro Regional de Estrategias Econ\u00f3micas Sostenibles\",\"publisher\":{\"@id\":\"https:\/\/crees.org.do\/#organization\"},\"potentialAction\":[{\"@type\":\"SearchAction\",\"target\":{\"@type\":\"EntryPoint\",\"urlTemplate\":\"https:\/\/crees.org.do\/?s={search_term_string}\"},\"query-input\":{\"@type\":\"PropertyValueSpecification\",\"valueRequired\":true,\"valueName\":\"search_term_string\"}}],\"inLanguage\":\"es\"},{\"@type\":\"Organization\",\"@id\":\"https:\/\/crees.org.do\/#organization\",\"name\":\"CREES | Centro Regional de Estrategias Econ\u00f3micas Sostenibles\",\"url\":\"https:\/\/crees.org.do\/\",\"logo\":{\"@type\":\"ImageObject\",\"inLanguage\":\"es\",\"@id\":\"https:\/\/crees.org.do\/#\/schema\/logo\/image\/\",\"url\":\"https:\/\/crees.org.do\/wp-content\/uploads\/2022\/03\/crees-logo-1.jpg\",\"contentUrl\":\"https:\/\/crees.org.do\/wp-content\/uploads\/2022\/03\/crees-logo-1.jpg\",\"width\":244,\"height\":71,\"caption\":\"CREES | Centro Regional de Estrategias Econ\u00f3micas Sostenibles\"},\"image\":{\"@id\":\"https:\/\/crees.org.do\/#\/schema\/logo\/image\/\"},\"sameAs\":[\"https:\/\/www.facebook.com\/CREESRD\/\",\"https:\/\/x.com\/CREESRD\"]},{\"@type\":\"Person\",\"@id\":\"https:\/\/crees.org.do\/#\/schema\/person\/e7f97cd94d7bf9cd0e0ce30acb7d56b8\",\"name\":\"Crees\",\"image\":{\"@type\":\"ImageObject\",\"inLanguage\":\"es\",\"@id\":\"https:\/\/crees.org.do\/#\/schema\/person\/image\/\",\"url\":\"https:\/\/secure.gravatar.com\/avatar\/390ac8f0be5d9aa046152553e2dd7011b59a512d89c150f5e5f28bb8d9a0b165?s=96&d=mm&r=g\",\"contentUrl\":\"https:\/\/secure.gravatar.com\/avatar\/390ac8f0be5d9aa046152553e2dd7011b59a512d89c150f5e5f28bb8d9a0b165?s=96&d=mm&r=g\",\"caption\":\"Crees\"},\"url\":\"https:\/\/crees.org.do\/?author=2\"}]}<\/script>\n<!-- \/ Yoast SEO plugin. -->","yoast_head_json":{"title":"Las p\u00e9rdidas totales de energ\u00eda ascendieron a un 37.1% de la energ\u00eda comprada en el primer trimestre de 2023 | CREES","robots":{"index":"index","follow":"follow","max-snippet":"max-snippet:-1","max-image-preview":"max-image-preview:large","max-video-preview":"max-video-preview:-1"},"canonical":"https:\/\/crees.org.do\/?p=25084","og_locale":"es_ES","og_type":"article","og_title":"Las p\u00e9rdidas totales de energ\u00eda ascendieron a un 37.1% de la energ\u00eda comprada en el primer trimestre de 2023 | CREES","og_description":"Las p\u00e9rdidas totales de energ\u00eda ascendieron a un 37.1% de la energ\u00eda comprada en el primer trimestre de 2023 En el primer trimestre del 2023 las p\u00e9rdidas totales acumuladas de las empresas distribuidoras de electricidad (EDE) alcanzaron el 37.1%. Es decir, por cada 100 pesos de energ\u00eda comprada las EDE perdieron el equivalente a 37...","og_url":"https:\/\/crees.org.do\/?p=25084","og_site_name":"CREES","article_publisher":"https:\/\/www.facebook.com\/CREESRD\/","article_published_time":"2023-06-14T17:16:51+00:00","article_modified_time":"2023-06-16T14:19:40+00:00","og_image":[{"width":3121,"height":3121,"url":"https:\/\/crees.org.do\/wp-content\/uploads\/2023\/06\/Untitled-copy-1-2.png","type":"image\/png"}],"author":"Crees","twitter_card":"summary_large_image","twitter_creator":"@CREESRD","twitter_site":"@CREESRD","twitter_misc":{"Escrito por":"Crees","Tiempo de lectura":"2 minutos"},"schema":{"@context":"https:\/\/schema.org","@graph":[{"@type":"Article","@id":"https:\/\/crees.org.do\/?p=25084#article","isPartOf":{"@id":"https:\/\/crees.org.do\/?p=25084"},"author":{"name":"Crees","@id":"https:\/\/crees.org.do\/#\/schema\/person\/e7f97cd94d7bf9cd0e0ce30acb7d56b8"},"headline":"Las p\u00e9rdidas totales de energ\u00eda ascendieron a un 37.1% de la energ\u00eda comprada en el primer trimestre de 2023","datePublished":"2023-06-14T17:16:51+00:00","dateModified":"2023-06-16T14:19:40+00:00","mainEntityOfPage":{"@id":"https:\/\/crees.org.do\/?p=25084"},"wordCount":364,"publisher":{"@id":"https:\/\/crees.org.do\/#organization"},"image":{"@id":"https:\/\/crees.org.do\/?p=25084#primaryimage"},"thumbnailUrl":"https:\/\/crees.org.do\/wp-content\/uploads\/2023\/06\/Untitled-copy-1-2.png","articleSection":["Blog"],"inLanguage":"es"},{"@type":"WebPage","@id":"https:\/\/crees.org.do\/?p=25084","url":"https:\/\/crees.org.do\/?p=25084","name":"Las p\u00e9rdidas totales de energ\u00eda ascendieron a un 37.1% de la energ\u00eda comprada en el primer trimestre de 2023 | CREES","isPartOf":{"@id":"https:\/\/crees.org.do\/#website"},"primaryImageOfPage":{"@id":"https:\/\/crees.org.do\/?p=25084#primaryimage"},"image":{"@id":"https:\/\/crees.org.do\/?p=25084#primaryimage"},"thumbnailUrl":"https:\/\/crees.org.do\/wp-content\/uploads\/2023\/06\/Untitled-copy-1-2.png","datePublished":"2023-06-14T17:16:51+00:00","dateModified":"2023-06-16T14:19:40+00:00","breadcrumb":{"@id":"https:\/\/crees.org.do\/?p=25084#breadcrumb"},"inLanguage":"es","potentialAction":[{"@type":"ReadAction","target":["https:\/\/crees.org.do\/?p=25084"]}]},{"@type":"ImageObject","inLanguage":"es","@id":"https:\/\/crees.org.do\/?p=25084#primaryimage","url":"https:\/\/crees.org.do\/wp-content\/uploads\/2023\/06\/Untitled-copy-1-2.png","contentUrl":"https:\/\/crees.org.do\/wp-content\/uploads\/2023\/06\/Untitled-copy-1-2.png","width":3121,"height":3121},{"@type":"BreadcrumbList","@id":"https:\/\/crees.org.do\/?p=25084#breadcrumb","itemListElement":[{"@type":"ListItem","position":1,"name":"Portada","item":"https:\/\/crees.org.do\/"},{"@type":"ListItem","position":2,"name":"Las p\u00e9rdidas totales de energ\u00eda ascendieron a un 37.1% de la energ\u00eda comprada en el primer trimestre de 2023"}]},{"@type":"WebSite","@id":"https:\/\/crees.org.do\/#website","url":"https:\/\/crees.org.do\/","name":"CREES","description":"Centro Regional de Estrategias Econ\u00f3micas Sostenibles","publisher":{"@id":"https:\/\/crees.org.do\/#organization"},"potentialAction":[{"@type":"SearchAction","target":{"@type":"EntryPoint","urlTemplate":"https:\/\/crees.org.do\/?s={search_term_string}"},"query-input":{"@type":"PropertyValueSpecification","valueRequired":true,"valueName":"search_term_string"}}],"inLanguage":"es"},{"@type":"Organization","@id":"https:\/\/crees.org.do\/#organization","name":"CREES | Centro Regional de Estrategias Econ\u00f3micas Sostenibles","url":"https:\/\/crees.org.do\/","logo":{"@type":"ImageObject","inLanguage":"es","@id":"https:\/\/crees.org.do\/#\/schema\/logo\/image\/","url":"https:\/\/crees.org.do\/wp-content\/uploads\/2022\/03\/crees-logo-1.jpg","contentUrl":"https:\/\/crees.org.do\/wp-content\/uploads\/2022\/03\/crees-logo-1.jpg","width":244,"height":71,"caption":"CREES | Centro Regional de Estrategias Econ\u00f3micas Sostenibles"},"image":{"@id":"https:\/\/crees.org.do\/#\/schema\/logo\/image\/"},"sameAs":["https:\/\/www.facebook.com\/CREESRD\/","https:\/\/x.com\/CREESRD"]},{"@type":"Person","@id":"https:\/\/crees.org.do\/#\/schema\/person\/e7f97cd94d7bf9cd0e0ce30acb7d56b8","name":"Crees","image":{"@type":"ImageObject","inLanguage":"es","@id":"https:\/\/crees.org.do\/#\/schema\/person\/image\/","url":"https:\/\/secure.gravatar.com\/avatar\/390ac8f0be5d9aa046152553e2dd7011b59a512d89c150f5e5f28bb8d9a0b165?s=96&d=mm&r=g","contentUrl":"https:\/\/secure.gravatar.com\/avatar\/390ac8f0be5d9aa046152553e2dd7011b59a512d89c150f5e5f28bb8d9a0b165?s=96&d=mm&r=g","caption":"Crees"},"url":"https:\/\/crees.org.do\/?author=2"}]}},"_links":{"self":[{"href":"https:\/\/crees.org.do\/index.php?rest_route=\/wp\/v2\/posts\/25084","targetHints":{"allow":["GET"]}}],"collection":[{"href":"https:\/\/crees.org.do\/index.php?rest_route=\/wp\/v2\/posts"}],"about":[{"href":"https:\/\/crees.org.do\/index.php?rest_route=\/wp\/v2\/types\/post"}],"author":[{"embeddable":true,"href":"https:\/\/crees.org.do\/index.php?rest_route=\/wp\/v2\/users\/2"}],"replies":[{"embeddable":true,"href":"https:\/\/crees.org.do\/index.php?rest_route=%2Fwp%2Fv2%2Fcomments&post=25084"}],"version-history":[{"count":3,"href":"https:\/\/crees.org.do\/index.php?rest_route=\/wp\/v2\/posts\/25084\/revisions"}],"predecessor-version":[{"id":25094,"href":"https:\/\/crees.org.do\/index.php?rest_route=\/wp\/v2\/posts\/25084\/revisions\/25094"}],"wp:featuredmedia":[{"embeddable":true,"href":"https:\/\/crees.org.do\/index.php?rest_route=\/wp\/v2\/media\/25085"}],"wp:attachment":[{"href":"https:\/\/crees.org.do\/index.php?rest_route=%2Fwp%2Fv2%2Fmedia&parent=25084"}],"wp:term":[{"taxonomy":"category","embeddable":true,"href":"https:\/\/crees.org.do\/index.php?rest_route=%2Fwp%2Fv2%2Fcategories&post=25084"},{"taxonomy":"post_tag","embeddable":true,"href":"https:\/\/crees.org.do\/index.php?rest_route=%2Fwp%2Fv2%2Ftags&post=25084"}],"curies":[{"name":"wp","href":"https:\/\/api.w.org\/{rel}","templated":true}]}}