{"id":25097,"date":"2023-06-16T15:59:01","date_gmt":"2023-06-16T15:59:01","guid":{"rendered":"https:\/\/crees.org.do\/?p=25097"},"modified":"2023-06-19T16:01:51","modified_gmt":"2023-06-19T16:01:51","slug":"precios-de-bienes-y-servicios-son-un-27-6-mas-caros-que-hace-cuatro-anos","status":"publish","type":"post","link":"https:\/\/crees.org.do\/?p=25097","title":{"rendered":"Precios de bienes y servicios son un 27.6 % m\u00e1s caros que hace cuatro a\u00f1os"},"content":{"rendered":"<p>Autor: Acento<\/p>\n<p>Fecha: 19 de junio del 2023<\/p>\n<p>Extra\u00eddo de: Acento<\/p>\n<p style=\"text-align: justify;\">Los precios de los bienes y servicios est\u00e1n hoy un\u00a0<strong>27.6 % m\u00e1s caros<\/strong>\u00a0que hace cuatro a\u00f1os, al comprarse mayo 2019 con mayo 2023.<\/p>\n<p style=\"text-align: justify;\">El Centro Regional de Estrategias Econ\u00f3micas Sostenibles\u00a0<strong>(CREES),<\/strong>\u00a0dijo que este incremento de los bienes y servicios, en promedio, es de acuerdo a la medici\u00f3n del \u00cdndice de Precios al Consumidor\u00a0<strong>(IPC)<\/strong>\u00a0del\u00a0<strong>Banco Central.<\/strong><\/p>\n<p style=\"text-align: justify;\">El incremento del IPC en el periodo mayo 2019 \u2013 mayo 2023 equivale a una\u00a0<strong>reducci\u00f3n del poder de compra del peso dominicano de 21.6 % en los \u00faltimos cuatro a\u00f1os.<\/strong>\u00a0En otras palabras,\u00a0<strong>100 pesos de mayo de 2019 tienen un poder de compra de 78.4 pesos en la actualidad.<\/strong><\/p>\n<p style=\"text-align: justify;\">En consecuencia, seg\u00fan\u00a0<strong>CREES<\/strong>\u00a0es importante que la pol\u00edtica monetaria est\u00e9 enfocada en la estabilidad de precios para mantener el poder de compra del peso dominicano.<\/p>\n<p style=\"text-align: justify;\">Record\u00f3 que seg\u00fan los datos del\u00a0<strong>Banco Central<\/strong>\u00a0en mayo de 2023 el\u00a0<strong>IPC<\/strong>\u00a0fue de 123.4, reflejando una inflaci\u00f3n interanual de 4.4 %; la menor registrada desde julio de 2020. Sin embargo, a pesar de que se han registrados menores cifras de inflaci\u00f3n en lo \u00faltimos meses, los precios contin\u00faan subiendo.<\/p>\n<p style=\"text-align: justify;\">&#8220;En comparaci\u00f3n con mayo de 2019 los precios de los bienes y servicios \u2013en promedio, medidos por el IPC\u2013 se han incrementado en 27.6 % en mayo de 2023. Es decir que, en promedio, los bienes y servicios son un 27.6 % m\u00e1s caros que en el a\u00f1o 2019.&#8221;<\/p>\n<p style=\"text-align: justify;\">Seg\u00fan los datos del\u00a0<strong>BCRD,<\/strong>\u00a0entre mayo de 2019 y mayo de 2023 los grupos de bienes y servicios que han verificado un mayor incremento en sus precios son alimentos y bebidas no alcoh\u00f3licas (39.3 %); transporte (33.1 %); bebidas alcoh\u00f3licas y tabaco (32.8 %); y restaurantes y hoteles (31.7 %).<\/p>\n<div class=\"banner-box\">\n<div id=\"div-gpt-news-middle-2-1\" style=\"text-align: justify;\" data-google-query-id=\"CNab56G4z_8CFUUuswAdoHELMw\">Mientras que comunicaciones y prendas de vestir y calzado han registrado una disminuci\u00f3n en sus precios (de -5.2 % y -0.9 %, respectivamente).<\/div>\n<\/div>\n<div class=\"pvc_clear\"><\/div>\n<p class=\"pvc_stats all \" data-element-id=\"25097\" style=\"\"><i class=\"pvc-stats-icon medium\" aria-hidden=\"true\"><svg aria-hidden=\"true\" focusable=\"false\" data-prefix=\"far\" data-icon=\"chart-bar\" role=\"img\" xmlns=\"http:\/\/www.w3.org\/2000\/svg\" viewBox=\"0 0 512 512\" class=\"svg-inline--fa fa-chart-bar fa-w-16 fa-2x\"><path fill=\"currentColor\" d=\"M396.8 352h22.4c6.4 0 12.8-6.4 12.8-12.8V108.8c0-6.4-6.4-12.8-12.8-12.8h-22.4c-6.4 0-12.8 6.4-12.8 12.8v230.4c0 6.4 6.4 12.8 12.8 12.8zm-192 0h22.4c6.4 0 12.8-6.4 12.8-12.8V140.8c0-6.4-6.4-12.8-12.8-12.8h-22.4c-6.4 0-12.8 6.4-12.8 12.8v198.4c0 6.4 6.4 12.8 12.8 12.8zm96 0h22.4c6.4 0 12.8-6.4 12.8-12.8V204.8c0-6.4-6.4-12.8-12.8-12.8h-22.4c-6.4 0-12.8 6.4-12.8 12.8v134.4c0 6.4 6.4 12.8 12.8 12.8zM496 400H48V80c0-8.84-7.16-16-16-16H16C7.16 64 0 71.16 0 80v336c0 17.67 14.33 32 32 32h464c8.84 0 16-7.16 16-16v-16c0-8.84-7.16-16-16-16zm-387.2-48h22.4c6.4 0 12.8-6.4 12.8-12.8v-70.4c0-6.4-6.4-12.8-12.8-12.8h-22.4c-6.4 0-12.8 6.4-12.8 12.8v70.4c0 6.4 6.4 12.8 12.8 12.8z\" class=\"\"><\/path><\/svg><\/i> Vistas Totales&nbsp;1,132&nbsp;, Vistas Hoy&nbsp;2&nbsp;<\/p>\n<div class=\"pvc_clear\"><\/div>\n","protected":false},"excerpt":{"rendered":"<p>Autor: Acento Fecha: 19 de junio del 2023 Extra\u00eddo de: Acento Los precios de los bienes y servicios est\u00e1n hoy un\u00a027.6 % m\u00e1s caros\u00a0que hace cuatro a\u00f1os, al comprarse mayo 2019 con mayo 2023. El Centro Regional de Estrategias Econ\u00f3micas Sostenibles\u00a0(CREES),\u00a0dijo que este incremento de los bienes y servicios, en promedio, es de acuerdo a&#8230;<\/p>\n<div class=\"pvc_clear\"><\/div>\n<p class=\"pvc_stats all \" data-element-id=\"25097\" style=\"\"><i class=\"pvc-stats-icon medium\" aria-hidden=\"true\"><svg aria-hidden=\"true\" focusable=\"false\" data-prefix=\"far\" data-icon=\"chart-bar\" role=\"img\" xmlns=\"http:\/\/www.w3.org\/2000\/svg\" viewBox=\"0 0 512 512\" class=\"svg-inline--fa fa-chart-bar fa-w-16 fa-2x\"><path fill=\"currentColor\" d=\"M396.8 352h22.4c6.4 0 12.8-6.4 12.8-12.8V108.8c0-6.4-6.4-12.8-12.8-12.8h-22.4c-6.4 0-12.8 6.4-12.8 12.8v230.4c0 6.4 6.4 12.8 12.8 12.8zm-192 0h22.4c6.4 0 12.8-6.4 12.8-12.8V140.8c0-6.4-6.4-12.8-12.8-12.8h-22.4c-6.4 0-12.8 6.4-12.8 12.8v198.4c0 6.4 6.4 12.8 12.8 12.8zm96 0h22.4c6.4 0 12.8-6.4 12.8-12.8V204.8c0-6.4-6.4-12.8-12.8-12.8h-22.4c-6.4 0-12.8 6.4-12.8 12.8v134.4c0 6.4 6.4 12.8 12.8 12.8zM496 400H48V80c0-8.84-7.16-16-16-16H16C7.16 64 0 71.16 0 80v336c0 17.67 14.33 32 32 32h464c8.84 0 16-7.16 16-16v-16c0-8.84-7.16-16-16-16zm-387.2-48h22.4c6.4 0 12.8-6.4 12.8-12.8v-70.4c0-6.4-6.4-12.8-12.8-12.8h-22.4c-6.4 0-12.8 6.4-12.8 12.8v70.4c0 6.4 6.4 12.8 12.8 12.8z\" class=\"\"><\/path><\/svg><\/i> Vistas Totales&nbsp;1,132&nbsp;, Vistas Hoy&nbsp;2&nbsp;<\/p>\n<div class=\"pvc_clear\"><\/div>\n","protected":false},"author":2,"featured_media":25098,"comment_status":"closed","ping_status":"closed","sticky":false,"template":"","format":"standard","meta":{"footnotes":""},"categories":[19],"tags":[149],"class_list":["post-25097","post","type-post","status-publish","format-standard","has-post-thumbnail","hentry","category-actualidad","tag-precios-de-bienes-y-servicios-son-un-27-6-mas-caros-que-hace-cuatro-anos"],"yoast_head":"<!-- This site is optimized with the Yoast SEO plugin v25.2 - https:\/\/yoast.com\/wordpress\/plugins\/seo\/ -->\n<title>Precios de bienes y servicios son un 27.6 % m\u00e1s caros que hace cuatro a\u00f1os | CREES<\/title>\n<meta name=\"robots\" content=\"index, follow, max-snippet:-1, max-image-preview:large, max-video-preview:-1\" \/>\n<link rel=\"canonical\" href=\"https:\/\/crees.org.do\/?p=25097\" \/>\n<meta property=\"og:locale\" content=\"es_ES\" \/>\n<meta property=\"og:type\" content=\"article\" \/>\n<meta property=\"og:title\" content=\"Precios de bienes y servicios son un 27.6 % m\u00e1s caros que hace cuatro a\u00f1os | CREES\" \/>\n<meta property=\"og:description\" content=\"Autor: Acento Fecha: 19 de junio del 2023 Extra\u00eddo de: Acento Los precios de los bienes y servicios est\u00e1n hoy un\u00a027.6 % m\u00e1s caros\u00a0que hace cuatro a\u00f1os, al comprarse mayo 2019 con mayo 2023. El Centro Regional de Estrategias Econ\u00f3micas Sostenibles\u00a0(CREES),\u00a0dijo que este incremento de los bienes y servicios, en promedio, es de acuerdo a...\" \/>\n<meta property=\"og:url\" content=\"https:\/\/crees.org.do\/?p=25097\" \/>\n<meta property=\"og:site_name\" content=\"CREES\" \/>\n<meta property=\"article:publisher\" content=\"https:\/\/www.facebook.com\/CREESRD\/\" \/>\n<meta property=\"article:published_time\" content=\"2023-06-16T15:59:01+00:00\" \/>\n<meta property=\"article:modified_time\" content=\"2023-06-19T16:01:51+00:00\" \/>\n<meta property=\"og:image\" content=\"https:\/\/crees.org.do\/wp-content\/uploads\/2023\/06\/refrigerator-with-food-728x546-1.jpeg\" \/>\n\t<meta property=\"og:image:width\" content=\"728\" \/>\n\t<meta property=\"og:image:height\" content=\"546\" \/>\n\t<meta property=\"og:image:type\" content=\"image\/jpeg\" \/>\n<meta name=\"author\" content=\"Crees\" \/>\n<meta name=\"twitter:card\" content=\"summary_large_image\" \/>\n<meta name=\"twitter:creator\" content=\"@CREESRD\" \/>\n<meta name=\"twitter:site\" content=\"@CREESRD\" \/>\n<meta name=\"twitter:label1\" content=\"Escrito por\" \/>\n\t<meta name=\"twitter:data1\" content=\"Crees\" \/>\n\t<meta name=\"twitter:label2\" content=\"Tiempo de lectura\" \/>\n\t<meta name=\"twitter:data2\" content=\"2 minutos\" \/>\n<script type=\"application\/ld+json\" class=\"yoast-schema-graph\">{\"@context\":\"https:\/\/schema.org\",\"@graph\":[{\"@type\":\"Article\",\"@id\":\"https:\/\/crees.org.do\/?p=25097#article\",\"isPartOf\":{\"@id\":\"https:\/\/crees.org.do\/?p=25097\"},\"author\":{\"name\":\"Crees\",\"@id\":\"https:\/\/crees.org.do\/#\/schema\/person\/e7f97cd94d7bf9cd0e0ce30acb7d56b8\"},\"headline\":\"Precios de bienes y servicios son un 27.6 % m\u00e1s caros que hace cuatro a\u00f1os\",\"datePublished\":\"2023-06-16T15:59:01+00:00\",\"dateModified\":\"2023-06-19T16:01:51+00:00\",\"mainEntityOfPage\":{\"@id\":\"https:\/\/crees.org.do\/?p=25097\"},\"wordCount\":321,\"publisher\":{\"@id\":\"https:\/\/crees.org.do\/#organization\"},\"image\":{\"@id\":\"https:\/\/crees.org.do\/?p=25097#primaryimage\"},\"thumbnailUrl\":\"https:\/\/crees.org.do\/wp-content\/uploads\/2023\/06\/refrigerator-with-food-728x546-1.jpeg\",\"keywords\":[\"Precios de bienes y servicios son un 27.6 % m\u00e1s caros que hace cuatro a\u00f1os\"],\"articleSection\":[\"Actualidad\"],\"inLanguage\":\"es\"},{\"@type\":\"WebPage\",\"@id\":\"https:\/\/crees.org.do\/?p=25097\",\"url\":\"https:\/\/crees.org.do\/?p=25097\",\"name\":\"Precios de bienes y servicios son un 27.6 % m\u00e1s caros que hace cuatro a\u00f1os | CREES\",\"isPartOf\":{\"@id\":\"https:\/\/crees.org.do\/#website\"},\"primaryImageOfPage\":{\"@id\":\"https:\/\/crees.org.do\/?p=25097#primaryimage\"},\"image\":{\"@id\":\"https:\/\/crees.org.do\/?p=25097#primaryimage\"},\"thumbnailUrl\":\"https:\/\/crees.org.do\/wp-content\/uploads\/2023\/06\/refrigerator-with-food-728x546-1.jpeg\",\"datePublished\":\"2023-06-16T15:59:01+00:00\",\"dateModified\":\"2023-06-19T16:01:51+00:00\",\"breadcrumb\":{\"@id\":\"https:\/\/crees.org.do\/?p=25097#breadcrumb\"},\"inLanguage\":\"es\",\"potentialAction\":[{\"@type\":\"ReadAction\",\"target\":[\"https:\/\/crees.org.do\/?p=25097\"]}]},{\"@type\":\"ImageObject\",\"inLanguage\":\"es\",\"@id\":\"https:\/\/crees.org.do\/?p=25097#primaryimage\",\"url\":\"https:\/\/crees.org.do\/wp-content\/uploads\/2023\/06\/refrigerator-with-food-728x546-1.jpeg\",\"contentUrl\":\"https:\/\/crees.org.do\/wp-content\/uploads\/2023\/06\/refrigerator-with-food-728x546-1.jpeg\",\"width\":728,\"height\":546},{\"@type\":\"BreadcrumbList\",\"@id\":\"https:\/\/crees.org.do\/?p=25097#breadcrumb\",\"itemListElement\":[{\"@type\":\"ListItem\",\"position\":1,\"name\":\"Portada\",\"item\":\"https:\/\/crees.org.do\/\"},{\"@type\":\"ListItem\",\"position\":2,\"name\":\"Precios de bienes y servicios son un 27.6 % m\u00e1s caros que hace cuatro a\u00f1os\"}]},{\"@type\":\"WebSite\",\"@id\":\"https:\/\/crees.org.do\/#website\",\"url\":\"https:\/\/crees.org.do\/\",\"name\":\"CREES\",\"description\":\"Centro Regional de Estrategias Econ\u00f3micas Sostenibles\",\"publisher\":{\"@id\":\"https:\/\/crees.org.do\/#organization\"},\"potentialAction\":[{\"@type\":\"SearchAction\",\"target\":{\"@type\":\"EntryPoint\",\"urlTemplate\":\"https:\/\/crees.org.do\/?s={search_term_string}\"},\"query-input\":{\"@type\":\"PropertyValueSpecification\",\"valueRequired\":true,\"valueName\":\"search_term_string\"}}],\"inLanguage\":\"es\"},{\"@type\":\"Organization\",\"@id\":\"https:\/\/crees.org.do\/#organization\",\"name\":\"CREES | Centro Regional de Estrategias Econ\u00f3micas Sostenibles\",\"url\":\"https:\/\/crees.org.do\/\",\"logo\":{\"@type\":\"ImageObject\",\"inLanguage\":\"es\",\"@id\":\"https:\/\/crees.org.do\/#\/schema\/logo\/image\/\",\"url\":\"https:\/\/crees.org.do\/wp-content\/uploads\/2022\/03\/crees-logo-1.jpg\",\"contentUrl\":\"https:\/\/crees.org.do\/wp-content\/uploads\/2022\/03\/crees-logo-1.jpg\",\"width\":244,\"height\":71,\"caption\":\"CREES | Centro Regional de Estrategias Econ\u00f3micas Sostenibles\"},\"image\":{\"@id\":\"https:\/\/crees.org.do\/#\/schema\/logo\/image\/\"},\"sameAs\":[\"https:\/\/www.facebook.com\/CREESRD\/\",\"https:\/\/x.com\/CREESRD\"]},{\"@type\":\"Person\",\"@id\":\"https:\/\/crees.org.do\/#\/schema\/person\/e7f97cd94d7bf9cd0e0ce30acb7d56b8\",\"name\":\"Crees\",\"image\":{\"@type\":\"ImageObject\",\"inLanguage\":\"es\",\"@id\":\"https:\/\/crees.org.do\/#\/schema\/person\/image\/\",\"url\":\"https:\/\/secure.gravatar.com\/avatar\/390ac8f0be5d9aa046152553e2dd7011b59a512d89c150f5e5f28bb8d9a0b165?s=96&d=mm&r=g\",\"contentUrl\":\"https:\/\/secure.gravatar.com\/avatar\/390ac8f0be5d9aa046152553e2dd7011b59a512d89c150f5e5f28bb8d9a0b165?s=96&d=mm&r=g\",\"caption\":\"Crees\"},\"url\":\"https:\/\/crees.org.do\/?author=2\"}]}<\/script>\n<!-- \/ Yoast SEO plugin. -->","yoast_head_json":{"title":"Precios de bienes y servicios son un 27.6 % m\u00e1s caros que hace cuatro a\u00f1os | CREES","robots":{"index":"index","follow":"follow","max-snippet":"max-snippet:-1","max-image-preview":"max-image-preview:large","max-video-preview":"max-video-preview:-1"},"canonical":"https:\/\/crees.org.do\/?p=25097","og_locale":"es_ES","og_type":"article","og_title":"Precios de bienes y servicios son un 27.6 % m\u00e1s caros que hace cuatro a\u00f1os | CREES","og_description":"Autor: Acento Fecha: 19 de junio del 2023 Extra\u00eddo de: Acento Los precios de los bienes y servicios est\u00e1n hoy un\u00a027.6 % m\u00e1s caros\u00a0que hace cuatro a\u00f1os, al comprarse mayo 2019 con mayo 2023. El Centro Regional de Estrategias Econ\u00f3micas Sostenibles\u00a0(CREES),\u00a0dijo que este incremento de los bienes y servicios, en promedio, es de acuerdo a...","og_url":"https:\/\/crees.org.do\/?p=25097","og_site_name":"CREES","article_publisher":"https:\/\/www.facebook.com\/CREESRD\/","article_published_time":"2023-06-16T15:59:01+00:00","article_modified_time":"2023-06-19T16:01:51+00:00","og_image":[{"width":728,"height":546,"url":"https:\/\/crees.org.do\/wp-content\/uploads\/2023\/06\/refrigerator-with-food-728x546-1.jpeg","type":"image\/jpeg"}],"author":"Crees","twitter_card":"summary_large_image","twitter_creator":"@CREESRD","twitter_site":"@CREESRD","twitter_misc":{"Escrito por":"Crees","Tiempo de lectura":"2 minutos"},"schema":{"@context":"https:\/\/schema.org","@graph":[{"@type":"Article","@id":"https:\/\/crees.org.do\/?p=25097#article","isPartOf":{"@id":"https:\/\/crees.org.do\/?p=25097"},"author":{"name":"Crees","@id":"https:\/\/crees.org.do\/#\/schema\/person\/e7f97cd94d7bf9cd0e0ce30acb7d56b8"},"headline":"Precios de bienes y servicios son un 27.6 % m\u00e1s caros que hace cuatro a\u00f1os","datePublished":"2023-06-16T15:59:01+00:00","dateModified":"2023-06-19T16:01:51+00:00","mainEntityOfPage":{"@id":"https:\/\/crees.org.do\/?p=25097"},"wordCount":321,"publisher":{"@id":"https:\/\/crees.org.do\/#organization"},"image":{"@id":"https:\/\/crees.org.do\/?p=25097#primaryimage"},"thumbnailUrl":"https:\/\/crees.org.do\/wp-content\/uploads\/2023\/06\/refrigerator-with-food-728x546-1.jpeg","keywords":["Precios de bienes y servicios son un 27.6 % m\u00e1s caros que hace cuatro a\u00f1os"],"articleSection":["Actualidad"],"inLanguage":"es"},{"@type":"WebPage","@id":"https:\/\/crees.org.do\/?p=25097","url":"https:\/\/crees.org.do\/?p=25097","name":"Precios de bienes y servicios son un 27.6 % m\u00e1s caros que hace cuatro a\u00f1os | CREES","isPartOf":{"@id":"https:\/\/crees.org.do\/#website"},"primaryImageOfPage":{"@id":"https:\/\/crees.org.do\/?p=25097#primaryimage"},"image":{"@id":"https:\/\/crees.org.do\/?p=25097#primaryimage"},"thumbnailUrl":"https:\/\/crees.org.do\/wp-content\/uploads\/2023\/06\/refrigerator-with-food-728x546-1.jpeg","datePublished":"2023-06-16T15:59:01+00:00","dateModified":"2023-06-19T16:01:51+00:00","breadcrumb":{"@id":"https:\/\/crees.org.do\/?p=25097#breadcrumb"},"inLanguage":"es","potentialAction":[{"@type":"ReadAction","target":["https:\/\/crees.org.do\/?p=25097"]}]},{"@type":"ImageObject","inLanguage":"es","@id":"https:\/\/crees.org.do\/?p=25097#primaryimage","url":"https:\/\/crees.org.do\/wp-content\/uploads\/2023\/06\/refrigerator-with-food-728x546-1.jpeg","contentUrl":"https:\/\/crees.org.do\/wp-content\/uploads\/2023\/06\/refrigerator-with-food-728x546-1.jpeg","width":728,"height":546},{"@type":"BreadcrumbList","@id":"https:\/\/crees.org.do\/?p=25097#breadcrumb","itemListElement":[{"@type":"ListItem","position":1,"name":"Portada","item":"https:\/\/crees.org.do\/"},{"@type":"ListItem","position":2,"name":"Precios de bienes y servicios son un 27.6 % m\u00e1s caros que hace cuatro a\u00f1os"}]},{"@type":"WebSite","@id":"https:\/\/crees.org.do\/#website","url":"https:\/\/crees.org.do\/","name":"CREES","description":"Centro Regional de Estrategias Econ\u00f3micas Sostenibles","publisher":{"@id":"https:\/\/crees.org.do\/#organization"},"potentialAction":[{"@type":"SearchAction","target":{"@type":"EntryPoint","urlTemplate":"https:\/\/crees.org.do\/?s={search_term_string}"},"query-input":{"@type":"PropertyValueSpecification","valueRequired":true,"valueName":"search_term_string"}}],"inLanguage":"es"},{"@type":"Organization","@id":"https:\/\/crees.org.do\/#organization","name":"CREES | Centro Regional de Estrategias Econ\u00f3micas Sostenibles","url":"https:\/\/crees.org.do\/","logo":{"@type":"ImageObject","inLanguage":"es","@id":"https:\/\/crees.org.do\/#\/schema\/logo\/image\/","url":"https:\/\/crees.org.do\/wp-content\/uploads\/2022\/03\/crees-logo-1.jpg","contentUrl":"https:\/\/crees.org.do\/wp-content\/uploads\/2022\/03\/crees-logo-1.jpg","width":244,"height":71,"caption":"CREES | Centro Regional de Estrategias Econ\u00f3micas Sostenibles"},"image":{"@id":"https:\/\/crees.org.do\/#\/schema\/logo\/image\/"},"sameAs":["https:\/\/www.facebook.com\/CREESRD\/","https:\/\/x.com\/CREESRD"]},{"@type":"Person","@id":"https:\/\/crees.org.do\/#\/schema\/person\/e7f97cd94d7bf9cd0e0ce30acb7d56b8","name":"Crees","image":{"@type":"ImageObject","inLanguage":"es","@id":"https:\/\/crees.org.do\/#\/schema\/person\/image\/","url":"https:\/\/secure.gravatar.com\/avatar\/390ac8f0be5d9aa046152553e2dd7011b59a512d89c150f5e5f28bb8d9a0b165?s=96&d=mm&r=g","contentUrl":"https:\/\/secure.gravatar.com\/avatar\/390ac8f0be5d9aa046152553e2dd7011b59a512d89c150f5e5f28bb8d9a0b165?s=96&d=mm&r=g","caption":"Crees"},"url":"https:\/\/crees.org.do\/?author=2"}]}},"_links":{"self":[{"href":"https:\/\/crees.org.do\/index.php?rest_route=\/wp\/v2\/posts\/25097","targetHints":{"allow":["GET"]}}],"collection":[{"href":"https:\/\/crees.org.do\/index.php?rest_route=\/wp\/v2\/posts"}],"about":[{"href":"https:\/\/crees.org.do\/index.php?rest_route=\/wp\/v2\/types\/post"}],"author":[{"embeddable":true,"href":"https:\/\/crees.org.do\/index.php?rest_route=\/wp\/v2\/users\/2"}],"replies":[{"embeddable":true,"href":"https:\/\/crees.org.do\/index.php?rest_route=%2Fwp%2Fv2%2Fcomments&post=25097"}],"version-history":[{"count":1,"href":"https:\/\/crees.org.do\/index.php?rest_route=\/wp\/v2\/posts\/25097\/revisions"}],"predecessor-version":[{"id":25099,"href":"https:\/\/crees.org.do\/index.php?rest_route=\/wp\/v2\/posts\/25097\/revisions\/25099"}],"wp:featuredmedia":[{"embeddable":true,"href":"https:\/\/crees.org.do\/index.php?rest_route=\/wp\/v2\/media\/25098"}],"wp:attachment":[{"href":"https:\/\/crees.org.do\/index.php?rest_route=%2Fwp%2Fv2%2Fmedia&parent=25097"}],"wp:term":[{"taxonomy":"category","embeddable":true,"href":"https:\/\/crees.org.do\/index.php?rest_route=%2Fwp%2Fv2%2Fcategories&post=25097"},{"taxonomy":"post_tag","embeddable":true,"href":"https:\/\/crees.org.do\/index.php?rest_route=%2Fwp%2Fv2%2Ftags&post=25097"}],"curies":[{"name":"wp","href":"https:\/\/api.w.org\/{rel}","templated":true}]}}