{"id":25100,"date":"2023-06-19T16:36:35","date_gmt":"2023-06-19T16:36:35","guid":{"rendered":"https:\/\/crees.org.do\/?p=25100"},"modified":"2023-06-19T16:36:35","modified_gmt":"2023-06-19T16:36:35","slug":"transferencias-de-fondos-al-sector-electrico-aumentan-36-en-los-primeros-cincos-meses-del-ano","status":"publish","type":"post","link":"https:\/\/crees.org.do\/?p=25100","title":{"rendered":"Transferencias de fondos al sector el\u00e9ctrico aumentan 36 % en los primeros cincos meses del a\u00f1o"},"content":{"rendered":"<p>Autor: Mariela Mej\u00eda<\/p>\n<p>Fecha: 19 de junio del 2023<\/p>\n<p>Extra\u00eddo de: <a href=\"https:\/\/www.diariolibre.com\/economia\/energia\/2023\/06\/18\/transferencias-de-fondos-al-sector-electrico-aumentan-36-\/2348884\">Diario Libre<\/a><\/p>\n<div id=\"extra-blueconic\">\n<div class=\"mb-5 newsletter-article\">\n<p class=\"\" style=\"text-align: justify;\">El gobierno\u00a0<strong>transfiri\u00f3 al sector el\u00e9ctrico<\/strong>\u00a026,741.5 millones de pesos en los primeros cinco meses del a\u00f1o pasado. Y en ese mismo periodo del presente a\u00f1o la cifra aument\u00f3 a\u00a0<strong>35,979.5 millones de pesos<\/strong>, un monto que representa el\u00a0<strong>51 % de lo presupuestado<\/strong>\u00a0para esa partida en todo el a\u00f1o y abarca el aporte para cubrir el d\u00e9ficit operacional de las empresas distribuidoras de electricidad (EDE).<\/p>\n<p style=\"text-align: justify;\">Lo traspasado al\u00a0<strong>sector el\u00e9ctrico<\/strong>\u00a0es el\u00a0<strong>mayor de un paquete de transferencias y subvenciones<\/strong>\u00a0corrientes otorgadas por el gobierno, al menos entre enero y mayo de los a\u00f1os 2022 y 2023, de acuerdo a datos entregados desde el Ministerio de Hacienda a solicitud de\u00a0<em>Diario Libre<\/em>.<\/p>\n<p class=\"\" style=\"text-align: justify;\">A marzo del presente a\u00f1o, las EDE ten\u00edan\u00a0<strong>3,046,555 clientes activos<\/strong>, concentrando\u00a0<strong>Edenorte el 41 %, Edesur el 33 % y Edeeste el 26 %<\/strong>. A esta \u00faltima se le aprob\u00f3 recientemente una inyecci\u00f3n adicional de recursos para aumentar en 300 % su capacidad de atender los actuales problemas de suministro de energ\u00eda en su \u00e1rea de concesi\u00f3n.<\/p>\n<p class=\"\" style=\"text-align: justify;\">&#8220;Las EDE han estado\u00a0<strong>adquiriendo mayor cantidad de energ\u00eda\u00a0<\/strong>a un precio promedio por kilovatio hora\u00a0<strong>superior al del pasado a\u00f1o<\/strong>\u00a0(16.5 centavos de d\u00f3lar\/kWH vs 15.0)&#8221;, notifica el economista Miguel Collado Di Franco, tras analizar los datos del \u00faltimo informe de desempe\u00f1o de las empresas el\u00e9ctricas estatales publicado en marzo por el Ministerio de Energ\u00eda y Minas.<\/p>\n<p class=\"\" style=\"text-align: justify;\">&#8220;El precio de la energ\u00eda cobrada fue superior medido en centavos de d\u00f3lares por kilovatio-hora. En efecto, el precio cobrado pas\u00f3 de\u00a0<strong>15.5 centavos a 17.7<\/strong>; lo cual representa un<strong>\u00a0incremento de 14 %<\/strong>. Sin embargo, la\u00a0<strong>capacidad de recuperar la energ\u00eda comprada<\/strong>\u00a0por las EDE sigue siendo la\u00a0<strong>principal debilidad<\/strong>\u00a0de estas empresas estatales&#8221;, comenta Collado, quien es el vicepresidente ejecutivo del Centro Regional de Estrategias Econ\u00f3micas Sostenibles (Crees).<\/p>\n<p style=\"text-align: justify;\"><img fetchpriority=\"high\" decoding=\"async\" class=\"aligncenter wp-image-25102 \" src=\"https:\/\/crees.org.do\/wp-content\/uploads\/2023\/06\/Screenshot-2023-06-19-at-12.30.48-PM.png\" alt=\"\" width=\"747\" height=\"1178\" srcset=\"https:\/\/crees.org.do\/wp-content\/uploads\/2023\/06\/Screenshot-2023-06-19-at-12.30.48-PM.png 920w, https:\/\/crees.org.do\/wp-content\/uploads\/2023\/06\/Screenshot-2023-06-19-at-12.30.48-PM-286x450.png 286w, https:\/\/crees.org.do\/wp-content\/uploads\/2023\/06\/Screenshot-2023-06-19-at-12.30.48-PM-768x1210.png 768w, https:\/\/crees.org.do\/wp-content\/uploads\/2023\/06\/Screenshot-2023-06-19-at-12.30.48-PM-600x946.png 600w\" sizes=\"(max-width: 747px) 100vw, 747px\" \/><\/p>\n<h2 style=\"text-align: justify;\">Las p\u00e9rdidas no ceden<\/h2>\n<p style=\"text-align: justify;\">El incremento de las transferencias al\u00a0<strong>sector el\u00e9ctrico<\/strong>\u00a0se da en un a\u00f1o en el que las\u00a0<strong>empresas distribuidoras de electricidad<\/strong>\u00a0no han disminuido su\u00a0<strong>nivel de p\u00e9rdidas<\/strong>\u00a0de energ\u00eda.<\/p>\n<p style=\"text-align: justify;\">A marzo, las\u00a0<strong>p\u00e9rdidas acumuladas<\/strong>\u00a0se situaron en<strong>\u00a033.3 %<\/strong>, para un\u00a0<strong>incremento de 1.7\u00a0<\/strong>puntos porcentuales en comparaci\u00f3n con el primer trimestre del 2022.<\/p>\n<p style=\"text-align: justify;\">Las p\u00e9rdidas son\u00a0<strong>pagadas por los contribuyentes\u00a0<\/strong>con sus impuestos. Estas pueden ser:<\/p>\n<ul class=\"list-text\" style=\"text-align: justify;\">\n<li><strong>no t\u00e9cnicas<\/strong>, que representan la energ\u00eda tomada ilegalmente del sistema, es decir, el robo de la energ\u00eda, manipulaci\u00f3n indebida de equipos o de sistemas de facturaci\u00f3n para disminuir registros de consumo, entre otros. Otro tipo son las p\u00e9rdidas\u00a0<strong>t\u00e9cnicas<\/strong>, causadas por el calor que se produce cuando la electricidad pasa por las l\u00edneas de transmisi\u00f3n y transformadores. Y las p\u00e9rdidas<strong>\u00a0totales<\/strong>\u00a0equivalen a la diferencia entre la energ\u00eda comprada y la facturada.<\/li>\n<\/ul>\n<p style=\"text-align: justify;\"><img decoding=\"async\" class=\"aligncenter wp-image-25103 \" src=\"https:\/\/crees.org.do\/wp-content\/uploads\/2023\/06\/Screenshot-2023-06-19-at-12.33.12-PM.png\" alt=\"\" width=\"892\" height=\"458\" srcset=\"https:\/\/crees.org.do\/wp-content\/uploads\/2023\/06\/Screenshot-2023-06-19-at-12.33.12-PM.png 1438w, https:\/\/crees.org.do\/wp-content\/uploads\/2023\/06\/Screenshot-2023-06-19-at-12.33.12-PM-450x231.png 450w, https:\/\/crees.org.do\/wp-content\/uploads\/2023\/06\/Screenshot-2023-06-19-at-12.33.12-PM-768x394.png 768w, https:\/\/crees.org.do\/wp-content\/uploads\/2023\/06\/Screenshot-2023-06-19-at-12.33.12-PM-600x308.png 600w\" sizes=\"(max-width: 892px) 100vw, 892px\" \/><\/p>\n<p style=\"text-align: justify;\"><i>&#8220;La capacidad de recuperar la energ\u00eda comprada por las EDE sigue siendo la principal debilidad de estas empresas estatales&#8221;<\/i><span class=\"author\"><strong>Miguel Collado Di Franco<\/strong><\/span><span class=\"status\">Vicepresidente ejecutivo del Crees<\/span><\/p>\n<p>Para este 2023, el gobierno presupuest\u00f3 de manera inicial<strong>\u00a070,425.2 millones de pesos\u00a0<\/strong>para transferirlos al\u00a0<strong>sector el\u00e9ctrico<\/strong>.<\/p>\n<p>Esto es superior a los\u00a0<strong>45,895.2 millones de pesos<\/strong>\u00a0aprobados para el a\u00f1o pasado, que luego se aumentaron a 87,950.3 millones cuando se reformul\u00f3 el\u00a0<strong>presupuesto nacional<\/strong>\u00a0en el segundo semestre de ese a\u00f1o, seg\u00fan los datos de Hacienda.<\/p>\n<p>&#8220;Las EDE\u00a0<strong>pudieron recuperar menos energ\u00eda comprada<\/strong>, en consecuencia, muestran un deterioro en sus \u00edndices de recuperaci\u00f3n de energ\u00eda y de CRI o\u00a0<em>Cash Recovery Index<\/em>\u00a0(64.3 % en 2023 vs 65 % en el primer trimestre de 2022)&#8221;, analiza Collado.<\/p>\n<p>&#8220;Esto quiere decir -explica- que han comprado m\u00e1s energ\u00eda, que han perdido una proporci\u00f3n mayor de la energ\u00eda comprada y, en consecuencia,\u00a0<strong>han facturado y cobrado una proporci\u00f3n inferior<\/strong>\u00a0a la del primer trimestre de 2022&#8243;.<\/p>\n<p>Destaca que, al inferior desempe\u00f1o en la capacidad de recuperar los costos de la energ\u00eda que han comprado, se unen\u00a0<strong>mayores gastos de operaci\u00f3n<\/strong>.<\/p>\n<ul class=\"list-text\">\n<li>&#8220;La\u00a0<strong>n\u00f3mina creci\u00f3 en 510 empleados<\/strong>, un aumento de 6.7 %. El indicador de clientes facturados\/empleados, de acuerdo con los c\u00e1lculos del mismo ministerio, pas\u00f3 de 369 a 353. Dicha disminuci\u00f3n presenta un deterioro en la eficiencia operativa de las EDE&#8221;, agrega.<\/li>\n<\/ul>\n<p>El propio administrador general de la Empresa Distribuidora de Electricidad del Sur (Edesur), Milton Morrison, reconoci\u00f3 recientemente en una entrevista con\u00a0<em>Diario Libre<\/em>\u00a0que, por la\u00a0<strong>poca inversi\u00f3n p\u00fablica<\/strong>\u00a0<strong>del actual gobierno en el sector el\u00e9ctrico<\/strong>, las EDE enfrentan un mayor desaf\u00edo para disminuir las p\u00e9rdidas por distribuci\u00f3n.<\/p>\n<p>&#8220;<strong>No hemos podido invertir ni la mitad\u00a0<\/strong>de lo que invert\u00edan los gobiernos pasados en proyectos y dem\u00e1s. Hemos estado administrando una crisis, pobreza y presupuesto bajo&#8221;, dijo.<\/p>\n<\/div>\n<\/div>\n<div class=\"pvc_clear\"><\/div>\n<p class=\"pvc_stats all \" data-element-id=\"25100\" style=\"\"><i class=\"pvc-stats-icon medium\" aria-hidden=\"true\"><svg aria-hidden=\"true\" focusable=\"false\" data-prefix=\"far\" data-icon=\"chart-bar\" role=\"img\" xmlns=\"http:\/\/www.w3.org\/2000\/svg\" viewBox=\"0 0 512 512\" class=\"svg-inline--fa fa-chart-bar fa-w-16 fa-2x\"><path fill=\"currentColor\" d=\"M396.8 352h22.4c6.4 0 12.8-6.4 12.8-12.8V108.8c0-6.4-6.4-12.8-12.8-12.8h-22.4c-6.4 0-12.8 6.4-12.8 12.8v230.4c0 6.4 6.4 12.8 12.8 12.8zm-192 0h22.4c6.4 0 12.8-6.4 12.8-12.8V140.8c0-6.4-6.4-12.8-12.8-12.8h-22.4c-6.4 0-12.8 6.4-12.8 12.8v198.4c0 6.4 6.4 12.8 12.8 12.8zm96 0h22.4c6.4 0 12.8-6.4 12.8-12.8V204.8c0-6.4-6.4-12.8-12.8-12.8h-22.4c-6.4 0-12.8 6.4-12.8 12.8v134.4c0 6.4 6.4 12.8 12.8 12.8zM496 400H48V80c0-8.84-7.16-16-16-16H16C7.16 64 0 71.16 0 80v336c0 17.67 14.33 32 32 32h464c8.84 0 16-7.16 16-16v-16c0-8.84-7.16-16-16-16zm-387.2-48h22.4c6.4 0 12.8-6.4 12.8-12.8v-70.4c0-6.4-6.4-12.8-12.8-12.8h-22.4c-6.4 0-12.8 6.4-12.8 12.8v70.4c0 6.4 6.4 12.8 12.8 12.8z\" class=\"\"><\/path><\/svg><\/i> Vistas Totales&nbsp;1,327&nbsp;<\/p>\n<div class=\"pvc_clear\"><\/div>\n","protected":false},"excerpt":{"rendered":"<p>Autor: Mariela Mej\u00eda Fecha: 19 de junio del 2023 Extra\u00eddo de: Diario Libre El gobierno\u00a0transfiri\u00f3 al sector el\u00e9ctrico\u00a026,741.5 millones de pesos en los primeros cinco meses del a\u00f1o pasado. Y en ese mismo periodo del presente a\u00f1o la cifra aument\u00f3 a\u00a035,979.5 millones de pesos, un monto que representa el\u00a051 % de lo presupuestado\u00a0para esa partida&#8230;<\/p>\n<div class=\"pvc_clear\"><\/div>\n<p class=\"pvc_stats all \" data-element-id=\"25100\" style=\"\"><i class=\"pvc-stats-icon medium\" aria-hidden=\"true\"><svg aria-hidden=\"true\" focusable=\"false\" data-prefix=\"far\" data-icon=\"chart-bar\" role=\"img\" xmlns=\"http:\/\/www.w3.org\/2000\/svg\" viewBox=\"0 0 512 512\" class=\"svg-inline--fa fa-chart-bar fa-w-16 fa-2x\"><path fill=\"currentColor\" d=\"M396.8 352h22.4c6.4 0 12.8-6.4 12.8-12.8V108.8c0-6.4-6.4-12.8-12.8-12.8h-22.4c-6.4 0-12.8 6.4-12.8 12.8v230.4c0 6.4 6.4 12.8 12.8 12.8zm-192 0h22.4c6.4 0 12.8-6.4 12.8-12.8V140.8c0-6.4-6.4-12.8-12.8-12.8h-22.4c-6.4 0-12.8 6.4-12.8 12.8v198.4c0 6.4 6.4 12.8 12.8 12.8zm96 0h22.4c6.4 0 12.8-6.4 12.8-12.8V204.8c0-6.4-6.4-12.8-12.8-12.8h-22.4c-6.4 0-12.8 6.4-12.8 12.8v134.4c0 6.4 6.4 12.8 12.8 12.8zM496 400H48V80c0-8.84-7.16-16-16-16H16C7.16 64 0 71.16 0 80v336c0 17.67 14.33 32 32 32h464c8.84 0 16-7.16 16-16v-16c0-8.84-7.16-16-16-16zm-387.2-48h22.4c6.4 0 12.8-6.4 12.8-12.8v-70.4c0-6.4-6.4-12.8-12.8-12.8h-22.4c-6.4 0-12.8 6.4-12.8 12.8v70.4c0 6.4 6.4 12.8 12.8 12.8z\" class=\"\"><\/path><\/svg><\/i> Vistas Totales&nbsp;1,327&nbsp;<\/p>\n<div class=\"pvc_clear\"><\/div>\n","protected":false},"author":2,"featured_media":25101,"comment_status":"closed","ping_status":"closed","sticky":false,"template":"","format":"standard","meta":{"footnotes":""},"categories":[19],"tags":[150],"class_list":["post-25100","post","type-post","status-publish","format-standard","has-post-thumbnail","hentry","category-actualidad","tag-transferencias-de-fondos-al-sector-electrico-aumentan-36-en-los-primeros-cincos-meses-del-ano"],"yoast_head":"<!-- This site is optimized with the Yoast SEO plugin v25.2 - https:\/\/yoast.com\/wordpress\/plugins\/seo\/ -->\n<title>Transferencias de fondos al sector el\u00e9ctrico aumentan 36 % en los primeros cincos meses del a\u00f1o | CREES<\/title>\n<meta name=\"robots\" content=\"index, follow, max-snippet:-1, max-image-preview:large, max-video-preview:-1\" \/>\n<link rel=\"canonical\" href=\"https:\/\/crees.org.do\/?p=25100\" \/>\n<meta property=\"og:locale\" content=\"es_ES\" \/>\n<meta property=\"og:type\" content=\"article\" \/>\n<meta property=\"og:title\" content=\"Transferencias de fondos al sector el\u00e9ctrico aumentan 36 % en los primeros cincos meses del a\u00f1o | CREES\" \/>\n<meta property=\"og:description\" content=\"Autor: Mariela Mej\u00eda Fecha: 19 de junio del 2023 Extra\u00eddo de: Diario Libre El gobierno\u00a0transfiri\u00f3 al sector el\u00e9ctrico\u00a026,741.5 millones de pesos en los primeros cinco meses del a\u00f1o pasado. Y en ese mismo periodo del presente a\u00f1o la cifra aument\u00f3 a\u00a035,979.5 millones de pesos, un monto que representa el\u00a051 % de lo presupuestado\u00a0para esa partida...\" \/>\n<meta property=\"og:url\" content=\"https:\/\/crees.org.do\/?p=25100\" \/>\n<meta property=\"og:site_name\" content=\"CREES\" \/>\n<meta property=\"article:publisher\" content=\"https:\/\/www.facebook.com\/CREESRD\/\" \/>\n<meta property=\"article:published_time\" content=\"2023-06-19T16:36:35+00:00\" \/>\n<meta property=\"og:image\" content=\"https:\/\/crees.org.do\/wp-content\/uploads\/2023\/06\/obreros-de-la-electrici-937865-b798009c-focus-min0.16-0.56-896-504.jpg\" \/>\n\t<meta property=\"og:image:width\" content=\"896\" \/>\n\t<meta property=\"og:image:height\" content=\"504\" \/>\n\t<meta property=\"og:image:type\" content=\"image\/jpeg\" \/>\n<meta name=\"author\" content=\"Crees\" \/>\n<meta name=\"twitter:card\" content=\"summary_large_image\" \/>\n<meta name=\"twitter:creator\" content=\"@CREESRD\" \/>\n<meta name=\"twitter:site\" content=\"@CREESRD\" \/>\n<meta name=\"twitter:label1\" content=\"Escrito por\" \/>\n\t<meta name=\"twitter:data1\" content=\"Crees\" \/>\n\t<meta name=\"twitter:label2\" content=\"Tiempo de lectura\" \/>\n\t<meta name=\"twitter:data2\" content=\"4 minutos\" \/>\n<script type=\"application\/ld+json\" class=\"yoast-schema-graph\">{\"@context\":\"https:\/\/schema.org\",\"@graph\":[{\"@type\":\"Article\",\"@id\":\"https:\/\/crees.org.do\/?p=25100#article\",\"isPartOf\":{\"@id\":\"https:\/\/crees.org.do\/?p=25100\"},\"author\":{\"name\":\"Crees\",\"@id\":\"https:\/\/crees.org.do\/#\/schema\/person\/e7f97cd94d7bf9cd0e0ce30acb7d56b8\"},\"headline\":\"Transferencias de fondos al sector el\u00e9ctrico aumentan 36 % en los primeros cincos meses del a\u00f1o\",\"datePublished\":\"2023-06-19T16:36:35+00:00\",\"mainEntityOfPage\":{\"@id\":\"https:\/\/crees.org.do\/?p=25100\"},\"wordCount\":805,\"publisher\":{\"@id\":\"https:\/\/crees.org.do\/#organization\"},\"image\":{\"@id\":\"https:\/\/crees.org.do\/?p=25100#primaryimage\"},\"thumbnailUrl\":\"https:\/\/crees.org.do\/wp-content\/uploads\/2023\/06\/obreros-de-la-electrici-937865-b798009c-focus-min0.16-0.56-896-504.jpg\",\"keywords\":[\"Transferencias de fondos al sector el\u00e9ctrico aumentan 36 % en los primeros cincos meses del a\u00f1o\"],\"articleSection\":[\"Actualidad\"],\"inLanguage\":\"es\"},{\"@type\":\"WebPage\",\"@id\":\"https:\/\/crees.org.do\/?p=25100\",\"url\":\"https:\/\/crees.org.do\/?p=25100\",\"name\":\"Transferencias de fondos al sector el\u00e9ctrico aumentan 36 % en los primeros cincos meses del a\u00f1o | CREES\",\"isPartOf\":{\"@id\":\"https:\/\/crees.org.do\/#website\"},\"primaryImageOfPage\":{\"@id\":\"https:\/\/crees.org.do\/?p=25100#primaryimage\"},\"image\":{\"@id\":\"https:\/\/crees.org.do\/?p=25100#primaryimage\"},\"thumbnailUrl\":\"https:\/\/crees.org.do\/wp-content\/uploads\/2023\/06\/obreros-de-la-electrici-937865-b798009c-focus-min0.16-0.56-896-504.jpg\",\"datePublished\":\"2023-06-19T16:36:35+00:00\",\"breadcrumb\":{\"@id\":\"https:\/\/crees.org.do\/?p=25100#breadcrumb\"},\"inLanguage\":\"es\",\"potentialAction\":[{\"@type\":\"ReadAction\",\"target\":[\"https:\/\/crees.org.do\/?p=25100\"]}]},{\"@type\":\"ImageObject\",\"inLanguage\":\"es\",\"@id\":\"https:\/\/crees.org.do\/?p=25100#primaryimage\",\"url\":\"https:\/\/crees.org.do\/wp-content\/uploads\/2023\/06\/obreros-de-la-electrici-937865-b798009c-focus-min0.16-0.56-896-504.jpg\",\"contentUrl\":\"https:\/\/crees.org.do\/wp-content\/uploads\/2023\/06\/obreros-de-la-electrici-937865-b798009c-focus-min0.16-0.56-896-504.jpg\",\"width\":896,\"height\":504},{\"@type\":\"BreadcrumbList\",\"@id\":\"https:\/\/crees.org.do\/?p=25100#breadcrumb\",\"itemListElement\":[{\"@type\":\"ListItem\",\"position\":1,\"name\":\"Portada\",\"item\":\"https:\/\/crees.org.do\/\"},{\"@type\":\"ListItem\",\"position\":2,\"name\":\"Transferencias de fondos al sector el\u00e9ctrico aumentan 36 % en los primeros cincos meses del a\u00f1o\"}]},{\"@type\":\"WebSite\",\"@id\":\"https:\/\/crees.org.do\/#website\",\"url\":\"https:\/\/crees.org.do\/\",\"name\":\"CREES\",\"description\":\"Centro Regional de Estrategias Econ\u00f3micas Sostenibles\",\"publisher\":{\"@id\":\"https:\/\/crees.org.do\/#organization\"},\"potentialAction\":[{\"@type\":\"SearchAction\",\"target\":{\"@type\":\"EntryPoint\",\"urlTemplate\":\"https:\/\/crees.org.do\/?s={search_term_string}\"},\"query-input\":{\"@type\":\"PropertyValueSpecification\",\"valueRequired\":true,\"valueName\":\"search_term_string\"}}],\"inLanguage\":\"es\"},{\"@type\":\"Organization\",\"@id\":\"https:\/\/crees.org.do\/#organization\",\"name\":\"CREES | Centro Regional de Estrategias Econ\u00f3micas Sostenibles\",\"url\":\"https:\/\/crees.org.do\/\",\"logo\":{\"@type\":\"ImageObject\",\"inLanguage\":\"es\",\"@id\":\"https:\/\/crees.org.do\/#\/schema\/logo\/image\/\",\"url\":\"https:\/\/crees.org.do\/wp-content\/uploads\/2022\/03\/crees-logo-1.jpg\",\"contentUrl\":\"https:\/\/crees.org.do\/wp-content\/uploads\/2022\/03\/crees-logo-1.jpg\",\"width\":244,\"height\":71,\"caption\":\"CREES | Centro Regional de Estrategias Econ\u00f3micas Sostenibles\"},\"image\":{\"@id\":\"https:\/\/crees.org.do\/#\/schema\/logo\/image\/\"},\"sameAs\":[\"https:\/\/www.facebook.com\/CREESRD\/\",\"https:\/\/x.com\/CREESRD\"]},{\"@type\":\"Person\",\"@id\":\"https:\/\/crees.org.do\/#\/schema\/person\/e7f97cd94d7bf9cd0e0ce30acb7d56b8\",\"name\":\"Crees\",\"image\":{\"@type\":\"ImageObject\",\"inLanguage\":\"es\",\"@id\":\"https:\/\/crees.org.do\/#\/schema\/person\/image\/\",\"url\":\"https:\/\/secure.gravatar.com\/avatar\/390ac8f0be5d9aa046152553e2dd7011b59a512d89c150f5e5f28bb8d9a0b165?s=96&d=mm&r=g\",\"contentUrl\":\"https:\/\/secure.gravatar.com\/avatar\/390ac8f0be5d9aa046152553e2dd7011b59a512d89c150f5e5f28bb8d9a0b165?s=96&d=mm&r=g\",\"caption\":\"Crees\"},\"url\":\"https:\/\/crees.org.do\/?author=2\"}]}<\/script>\n<!-- \/ Yoast SEO plugin. -->","yoast_head_json":{"title":"Transferencias de fondos al sector el\u00e9ctrico aumentan 36 % en los primeros cincos meses del a\u00f1o | CREES","robots":{"index":"index","follow":"follow","max-snippet":"max-snippet:-1","max-image-preview":"max-image-preview:large","max-video-preview":"max-video-preview:-1"},"canonical":"https:\/\/crees.org.do\/?p=25100","og_locale":"es_ES","og_type":"article","og_title":"Transferencias de fondos al sector el\u00e9ctrico aumentan 36 % en los primeros cincos meses del a\u00f1o | CREES","og_description":"Autor: Mariela Mej\u00eda Fecha: 19 de junio del 2023 Extra\u00eddo de: Diario Libre El gobierno\u00a0transfiri\u00f3 al sector el\u00e9ctrico\u00a026,741.5 millones de pesos en los primeros cinco meses del a\u00f1o pasado. Y en ese mismo periodo del presente a\u00f1o la cifra aument\u00f3 a\u00a035,979.5 millones de pesos, un monto que representa el\u00a051 % de lo presupuestado\u00a0para esa partida...","og_url":"https:\/\/crees.org.do\/?p=25100","og_site_name":"CREES","article_publisher":"https:\/\/www.facebook.com\/CREESRD\/","article_published_time":"2023-06-19T16:36:35+00:00","og_image":[{"width":896,"height":504,"url":"https:\/\/crees.org.do\/wp-content\/uploads\/2023\/06\/obreros-de-la-electrici-937865-b798009c-focus-min0.16-0.56-896-504.jpg","type":"image\/jpeg"}],"author":"Crees","twitter_card":"summary_large_image","twitter_creator":"@CREESRD","twitter_site":"@CREESRD","twitter_misc":{"Escrito por":"Crees","Tiempo de lectura":"4 minutos"},"schema":{"@context":"https:\/\/schema.org","@graph":[{"@type":"Article","@id":"https:\/\/crees.org.do\/?p=25100#article","isPartOf":{"@id":"https:\/\/crees.org.do\/?p=25100"},"author":{"name":"Crees","@id":"https:\/\/crees.org.do\/#\/schema\/person\/e7f97cd94d7bf9cd0e0ce30acb7d56b8"},"headline":"Transferencias de fondos al sector el\u00e9ctrico aumentan 36 % en los primeros cincos meses del a\u00f1o","datePublished":"2023-06-19T16:36:35+00:00","mainEntityOfPage":{"@id":"https:\/\/crees.org.do\/?p=25100"},"wordCount":805,"publisher":{"@id":"https:\/\/crees.org.do\/#organization"},"image":{"@id":"https:\/\/crees.org.do\/?p=25100#primaryimage"},"thumbnailUrl":"https:\/\/crees.org.do\/wp-content\/uploads\/2023\/06\/obreros-de-la-electrici-937865-b798009c-focus-min0.16-0.56-896-504.jpg","keywords":["Transferencias de fondos al sector el\u00e9ctrico aumentan 36 % en los primeros cincos meses del a\u00f1o"],"articleSection":["Actualidad"],"inLanguage":"es"},{"@type":"WebPage","@id":"https:\/\/crees.org.do\/?p=25100","url":"https:\/\/crees.org.do\/?p=25100","name":"Transferencias de fondos al sector el\u00e9ctrico aumentan 36 % en los primeros cincos meses del a\u00f1o | CREES","isPartOf":{"@id":"https:\/\/crees.org.do\/#website"},"primaryImageOfPage":{"@id":"https:\/\/crees.org.do\/?p=25100#primaryimage"},"image":{"@id":"https:\/\/crees.org.do\/?p=25100#primaryimage"},"thumbnailUrl":"https:\/\/crees.org.do\/wp-content\/uploads\/2023\/06\/obreros-de-la-electrici-937865-b798009c-focus-min0.16-0.56-896-504.jpg","datePublished":"2023-06-19T16:36:35+00:00","breadcrumb":{"@id":"https:\/\/crees.org.do\/?p=25100#breadcrumb"},"inLanguage":"es","potentialAction":[{"@type":"ReadAction","target":["https:\/\/crees.org.do\/?p=25100"]}]},{"@type":"ImageObject","inLanguage":"es","@id":"https:\/\/crees.org.do\/?p=25100#primaryimage","url":"https:\/\/crees.org.do\/wp-content\/uploads\/2023\/06\/obreros-de-la-electrici-937865-b798009c-focus-min0.16-0.56-896-504.jpg","contentUrl":"https:\/\/crees.org.do\/wp-content\/uploads\/2023\/06\/obreros-de-la-electrici-937865-b798009c-focus-min0.16-0.56-896-504.jpg","width":896,"height":504},{"@type":"BreadcrumbList","@id":"https:\/\/crees.org.do\/?p=25100#breadcrumb","itemListElement":[{"@type":"ListItem","position":1,"name":"Portada","item":"https:\/\/crees.org.do\/"},{"@type":"ListItem","position":2,"name":"Transferencias de fondos al sector el\u00e9ctrico aumentan 36 % en los primeros cincos meses del a\u00f1o"}]},{"@type":"WebSite","@id":"https:\/\/crees.org.do\/#website","url":"https:\/\/crees.org.do\/","name":"CREES","description":"Centro Regional de Estrategias Econ\u00f3micas Sostenibles","publisher":{"@id":"https:\/\/crees.org.do\/#organization"},"potentialAction":[{"@type":"SearchAction","target":{"@type":"EntryPoint","urlTemplate":"https:\/\/crees.org.do\/?s={search_term_string}"},"query-input":{"@type":"PropertyValueSpecification","valueRequired":true,"valueName":"search_term_string"}}],"inLanguage":"es"},{"@type":"Organization","@id":"https:\/\/crees.org.do\/#organization","name":"CREES | Centro Regional de Estrategias Econ\u00f3micas Sostenibles","url":"https:\/\/crees.org.do\/","logo":{"@type":"ImageObject","inLanguage":"es","@id":"https:\/\/crees.org.do\/#\/schema\/logo\/image\/","url":"https:\/\/crees.org.do\/wp-content\/uploads\/2022\/03\/crees-logo-1.jpg","contentUrl":"https:\/\/crees.org.do\/wp-content\/uploads\/2022\/03\/crees-logo-1.jpg","width":244,"height":71,"caption":"CREES | Centro Regional de Estrategias Econ\u00f3micas Sostenibles"},"image":{"@id":"https:\/\/crees.org.do\/#\/schema\/logo\/image\/"},"sameAs":["https:\/\/www.facebook.com\/CREESRD\/","https:\/\/x.com\/CREESRD"]},{"@type":"Person","@id":"https:\/\/crees.org.do\/#\/schema\/person\/e7f97cd94d7bf9cd0e0ce30acb7d56b8","name":"Crees","image":{"@type":"ImageObject","inLanguage":"es","@id":"https:\/\/crees.org.do\/#\/schema\/person\/image\/","url":"https:\/\/secure.gravatar.com\/avatar\/390ac8f0be5d9aa046152553e2dd7011b59a512d89c150f5e5f28bb8d9a0b165?s=96&d=mm&r=g","contentUrl":"https:\/\/secure.gravatar.com\/avatar\/390ac8f0be5d9aa046152553e2dd7011b59a512d89c150f5e5f28bb8d9a0b165?s=96&d=mm&r=g","caption":"Crees"},"url":"https:\/\/crees.org.do\/?author=2"}]}},"_links":{"self":[{"href":"https:\/\/crees.org.do\/index.php?rest_route=\/wp\/v2\/posts\/25100","targetHints":{"allow":["GET"]}}],"collection":[{"href":"https:\/\/crees.org.do\/index.php?rest_route=\/wp\/v2\/posts"}],"about":[{"href":"https:\/\/crees.org.do\/index.php?rest_route=\/wp\/v2\/types\/post"}],"author":[{"embeddable":true,"href":"https:\/\/crees.org.do\/index.php?rest_route=\/wp\/v2\/users\/2"}],"replies":[{"embeddable":true,"href":"https:\/\/crees.org.do\/index.php?rest_route=%2Fwp%2Fv2%2Fcomments&post=25100"}],"version-history":[{"count":1,"href":"https:\/\/crees.org.do\/index.php?rest_route=\/wp\/v2\/posts\/25100\/revisions"}],"predecessor-version":[{"id":25104,"href":"https:\/\/crees.org.do\/index.php?rest_route=\/wp\/v2\/posts\/25100\/revisions\/25104"}],"wp:featuredmedia":[{"embeddable":true,"href":"https:\/\/crees.org.do\/index.php?rest_route=\/wp\/v2\/media\/25101"}],"wp:attachment":[{"href":"https:\/\/crees.org.do\/index.php?rest_route=%2Fwp%2Fv2%2Fmedia&parent=25100"}],"wp:term":[{"taxonomy":"category","embeddable":true,"href":"https:\/\/crees.org.do\/index.php?rest_route=%2Fwp%2Fv2%2Fcategories&post=25100"},{"taxonomy":"post_tag","embeddable":true,"href":"https:\/\/crees.org.do\/index.php?rest_route=%2Fwp%2Fv2%2Ftags&post=25100"}],"curies":[{"name":"wp","href":"https:\/\/api.w.org\/{rel}","templated":true}]}}