{"id":25116,"date":"2023-06-22T16:47:41","date_gmt":"2023-06-22T16:47:41","guid":{"rendered":"https:\/\/crees.org.do\/?p=25116"},"modified":"2023-06-23T13:22:14","modified_gmt":"2023-06-23T13:22:14","slug":"crecimiento-del-sector-publico-vs-la-economia-en-republica-dominicana","status":"publish","type":"post","link":"https:\/\/crees.org.do\/?p=25116","title":{"rendered":"Crecimiento del sector p\u00fablico vs la econom\u00eda en Rep\u00fablica Dominicana"},"content":{"rendered":"<p><img fetchpriority=\"high\" decoding=\"async\" class=\"aligncenter wp-image-25117\" src=\"https:\/\/crees.org.do\/wp-content\/uploads\/2023\/06\/Blank-Template-Instagram-11.png\" alt=\"Crecimiento del sector p\u00fablico vs la econom\u00eda en Rep\u00fablica Dominicana \" width=\"896\" height=\"896\" srcset=\"https:\/\/crees.org.do\/wp-content\/uploads\/2023\/06\/Blank-Template-Instagram-11.png 1080w, https:\/\/crees.org.do\/wp-content\/uploads\/2023\/06\/Blank-Template-Instagram-11-450x450.png 450w, https:\/\/crees.org.do\/wp-content\/uploads\/2023\/06\/Blank-Template-Instagram-11-150x150.png 150w, https:\/\/crees.org.do\/wp-content\/uploads\/2023\/06\/Blank-Template-Instagram-11-768x768.png 768w, https:\/\/crees.org.do\/wp-content\/uploads\/2023\/06\/Blank-Template-Instagram-11-300x300.png 300w, https:\/\/crees.org.do\/wp-content\/uploads\/2023\/06\/Blank-Template-Instagram-11-600x600.png 600w, https:\/\/crees.org.do\/wp-content\/uploads\/2023\/06\/Blank-Template-Instagram-11-100x100.png 100w\" sizes=\"(max-width: 896px) 100vw, 896px\" \/><\/p>\n<h1>Crecimiento del sector p\u00fablico vs la econom\u00eda en Rep\u00fablica Dominicana<\/h1>\n<p style=\"text-align: justify;\">Como se puede apreciar en la gr\u00e1fica, en los \u00faltimos 31 a\u00f1os, el sector p\u00fablico, medido por el gasto real del Gobierno Central, creci\u00f3 12.1 veces su valor, mientras que el Producto Interno Bruto (PIB) creci\u00f3 4.9 veces. Es decir, el sector p\u00fablico dominicano creci\u00f3 2.5 veces m\u00e1s que el total de la econom\u00eda.La tendencia de crecimiento del gasto p\u00fablico, superior al de la econom\u00eda y a las recaudaciones tributarias, resulta en d\u00e9ficits fiscales que luego tienen que ser financiados con endeudamiento p\u00fablico.<\/p>\n<p style=\"text-align: justify;\">A pesar de los intentos de reducir los d\u00e9ficits fiscales mediante modificaciones al C\u00f3digo Tributario, como en los a\u00f1os 2000, 2004 y 2005, la ausencia de control en el gasto p\u00fablico mantuvo los d\u00e9ficits fiscales y las necesidades de endeudamiento p\u00fablico. Por ejemplo, en el a\u00f1o 2001 el gasto p\u00fablico creci\u00f3 en 24.0%, en el 2004 creci\u00f3 en 17.2% y en el 2006 creci\u00f3 en 13.4%.<\/p>\n<p style=\"text-align: justify;\">Pese a que en el 2012 se produjo la reforma tributaria de mayor dimensi\u00f3n del presente milenio, la ausencia de control en el gasto p\u00fablico propici\u00f3 m\u00e1s d\u00e9ficits fiscales y, en consiguiente, incrementos en la deuda p\u00fablica.<\/p>\n<p style=\"text-align: justify;\">Rep\u00fablica Dominicana necesita que se establezca un marco fiscal basado en normas que mejoren el desempe\u00f1o y la administraci\u00f3n de las finanzas p\u00fablicas. Desde el a\u00f1o 2013 el CREES ha venido abogando por la aprobaci\u00f3n de una ley de Responsabilidad y Transparencia Fiscal que establezca reglas y condiciones para el logro de una prudente, responsable y transparente gesti\u00f3n financiera del Estado. El hecho de que este tema sea discutido en la actualidad, luego de la introducci\u00f3n al congreso de un proyecto de ley de responsabilidad fiscal, es un avance muy importante. Sin embargo, el pa\u00eds se beneficiar\u00eda de tener una ley con m\u00e1s de una regla fiscal, no solo una regla de gasto primario, como lo contemplado en dicho proyecto de ley.<\/p>\n<p style=\"text-align: justify;\">El problema principal de la Rep\u00fablica Dominicana es el gasto p\u00fablico, hasta que no tengamos un control del mismo lo gobiernos seguir\u00e1n transitando la v\u00eda m\u00e1s f\u00e1cil: aumentar los impuestos a los contribuyentes y elevar la deuda p\u00fablica.<\/p>\n<div class=\"pvc_clear\"><\/div>\n<p class=\"pvc_stats all \" data-element-id=\"25116\" style=\"\"><i class=\"pvc-stats-icon medium\" aria-hidden=\"true\"><svg aria-hidden=\"true\" focusable=\"false\" data-prefix=\"far\" data-icon=\"chart-bar\" role=\"img\" xmlns=\"http:\/\/www.w3.org\/2000\/svg\" viewBox=\"0 0 512 512\" class=\"svg-inline--fa fa-chart-bar fa-w-16 fa-2x\"><path fill=\"currentColor\" d=\"M396.8 352h22.4c6.4 0 12.8-6.4 12.8-12.8V108.8c0-6.4-6.4-12.8-12.8-12.8h-22.4c-6.4 0-12.8 6.4-12.8 12.8v230.4c0 6.4 6.4 12.8 12.8 12.8zm-192 0h22.4c6.4 0 12.8-6.4 12.8-12.8V140.8c0-6.4-6.4-12.8-12.8-12.8h-22.4c-6.4 0-12.8 6.4-12.8 12.8v198.4c0 6.4 6.4 12.8 12.8 12.8zm96 0h22.4c6.4 0 12.8-6.4 12.8-12.8V204.8c0-6.4-6.4-12.8-12.8-12.8h-22.4c-6.4 0-12.8 6.4-12.8 12.8v134.4c0 6.4 6.4 12.8 12.8 12.8zM496 400H48V80c0-8.84-7.16-16-16-16H16C7.16 64 0 71.16 0 80v336c0 17.67 14.33 32 32 32h464c8.84 0 16-7.16 16-16v-16c0-8.84-7.16-16-16-16zm-387.2-48h22.4c6.4 0 12.8-6.4 12.8-12.8v-70.4c0-6.4-6.4-12.8-12.8-12.8h-22.4c-6.4 0-12.8 6.4-12.8 12.8v70.4c0 6.4 6.4 12.8 12.8 12.8z\" class=\"\"><\/path><\/svg><\/i> Vistas Totales&nbsp;2,860&nbsp;, Vistas Hoy&nbsp;4&nbsp;<\/p>\n<div class=\"pvc_clear\"><\/div>\n","protected":false},"excerpt":{"rendered":"<p>Crecimiento del sector p\u00fablico vs la econom\u00eda en Rep\u00fablica Dominicana Como se puede apreciar en la gr\u00e1fica, en los \u00faltimos 31 a\u00f1os, el sector p\u00fablico, medido por el gasto real del Gobierno Central, creci\u00f3 12.1 veces su valor, mientras que el Producto Interno Bruto (PIB) creci\u00f3 4.9 veces. Es decir, el sector p\u00fablico dominicano creci\u00f3&#8230;<\/p>\n<div class=\"pvc_clear\"><\/div>\n<p class=\"pvc_stats all \" data-element-id=\"25116\" style=\"\"><i class=\"pvc-stats-icon medium\" aria-hidden=\"true\"><svg aria-hidden=\"true\" focusable=\"false\" data-prefix=\"far\" data-icon=\"chart-bar\" role=\"img\" xmlns=\"http:\/\/www.w3.org\/2000\/svg\" viewBox=\"0 0 512 512\" class=\"svg-inline--fa fa-chart-bar fa-w-16 fa-2x\"><path fill=\"currentColor\" d=\"M396.8 352h22.4c6.4 0 12.8-6.4 12.8-12.8V108.8c0-6.4-6.4-12.8-12.8-12.8h-22.4c-6.4 0-12.8 6.4-12.8 12.8v230.4c0 6.4 6.4 12.8 12.8 12.8zm-192 0h22.4c6.4 0 12.8-6.4 12.8-12.8V140.8c0-6.4-6.4-12.8-12.8-12.8h-22.4c-6.4 0-12.8 6.4-12.8 12.8v198.4c0 6.4 6.4 12.8 12.8 12.8zm96 0h22.4c6.4 0 12.8-6.4 12.8-12.8V204.8c0-6.4-6.4-12.8-12.8-12.8h-22.4c-6.4 0-12.8 6.4-12.8 12.8v134.4c0 6.4 6.4 12.8 12.8 12.8zM496 400H48V80c0-8.84-7.16-16-16-16H16C7.16 64 0 71.16 0 80v336c0 17.67 14.33 32 32 32h464c8.84 0 16-7.16 16-16v-16c0-8.84-7.16-16-16-16zm-387.2-48h22.4c6.4 0 12.8-6.4 12.8-12.8v-70.4c0-6.4-6.4-12.8-12.8-12.8h-22.4c-6.4 0-12.8 6.4-12.8 12.8v70.4c0 6.4 6.4 12.8 12.8 12.8z\" class=\"\"><\/path><\/svg><\/i> Vistas Totales&nbsp;2,860&nbsp;, Vistas Hoy&nbsp;4&nbsp;<\/p>\n<div class=\"pvc_clear\"><\/div>\n","protected":false},"author":2,"featured_media":25117,"comment_status":"closed","ping_status":"closed","sticky":false,"template":"","format":"standard","meta":{"footnotes":""},"categories":[21],"tags":[],"class_list":["post-25116","post","type-post","status-publish","format-standard","has-post-thumbnail","hentry","category-blog"],"yoast_head":"<!-- This site is optimized with the Yoast SEO plugin v25.2 - https:\/\/yoast.com\/wordpress\/plugins\/seo\/ -->\n<title>Crecimiento del sector p\u00fablico vs la econom\u00eda en Rep\u00fablica Dominicana | CREES<\/title>\n<meta name=\"robots\" content=\"index, follow, max-snippet:-1, max-image-preview:large, max-video-preview:-1\" \/>\n<link rel=\"canonical\" href=\"https:\/\/crees.org.do\/?p=25116\" \/>\n<meta property=\"og:locale\" content=\"es_ES\" \/>\n<meta property=\"og:type\" content=\"article\" \/>\n<meta property=\"og:title\" content=\"Crecimiento del sector p\u00fablico vs la econom\u00eda en Rep\u00fablica Dominicana | CREES\" \/>\n<meta property=\"og:description\" content=\"Crecimiento del sector p\u00fablico vs la econom\u00eda en Rep\u00fablica Dominicana Como se puede apreciar en la gr\u00e1fica, en los \u00faltimos 31 a\u00f1os, el sector p\u00fablico, medido por el gasto real del Gobierno Central, creci\u00f3 12.1 veces su valor, mientras que el Producto Interno Bruto (PIB) creci\u00f3 4.9 veces. Es decir, el sector p\u00fablico dominicano creci\u00f3...\" \/>\n<meta property=\"og:url\" content=\"https:\/\/crees.org.do\/?p=25116\" \/>\n<meta property=\"og:site_name\" content=\"CREES\" \/>\n<meta property=\"article:publisher\" content=\"https:\/\/www.facebook.com\/CREESRD\/\" \/>\n<meta property=\"article:published_time\" content=\"2023-06-22T16:47:41+00:00\" \/>\n<meta property=\"article:modified_time\" content=\"2023-06-23T13:22:14+00:00\" \/>\n<meta property=\"og:image\" content=\"https:\/\/crees.org.do\/wp-content\/uploads\/2023\/06\/Blank-Template-Instagram-11.png\" \/>\n\t<meta property=\"og:image:width\" content=\"1080\" \/>\n\t<meta property=\"og:image:height\" content=\"1080\" \/>\n\t<meta property=\"og:image:type\" content=\"image\/png\" \/>\n<meta name=\"author\" content=\"Crees\" \/>\n<meta name=\"twitter:card\" content=\"summary_large_image\" \/>\n<meta name=\"twitter:creator\" content=\"@CREESRD\" \/>\n<meta name=\"twitter:site\" content=\"@CREESRD\" \/>\n<meta name=\"twitter:label1\" content=\"Escrito por\" \/>\n\t<meta name=\"twitter:data1\" content=\"Crees\" \/>\n\t<meta name=\"twitter:label2\" content=\"Tiempo de lectura\" \/>\n\t<meta name=\"twitter:data2\" content=\"2 minutos\" \/>\n<script type=\"application\/ld+json\" class=\"yoast-schema-graph\">{\"@context\":\"https:\/\/schema.org\",\"@graph\":[{\"@type\":\"Article\",\"@id\":\"https:\/\/crees.org.do\/?p=25116#article\",\"isPartOf\":{\"@id\":\"https:\/\/crees.org.do\/?p=25116\"},\"author\":{\"name\":\"Crees\",\"@id\":\"https:\/\/crees.org.do\/#\/schema\/person\/e7f97cd94d7bf9cd0e0ce30acb7d56b8\"},\"headline\":\"Crecimiento del sector p\u00fablico vs la econom\u00eda en Rep\u00fablica Dominicana\",\"datePublished\":\"2023-06-22T16:47:41+00:00\",\"dateModified\":\"2023-06-23T13:22:14+00:00\",\"mainEntityOfPage\":{\"@id\":\"https:\/\/crees.org.do\/?p=25116\"},\"wordCount\":399,\"publisher\":{\"@id\":\"https:\/\/crees.org.do\/#organization\"},\"image\":{\"@id\":\"https:\/\/crees.org.do\/?p=25116#primaryimage\"},\"thumbnailUrl\":\"https:\/\/crees.org.do\/wp-content\/uploads\/2023\/06\/Blank-Template-Instagram-11.png\",\"articleSection\":[\"Blog\"],\"inLanguage\":\"es\"},{\"@type\":\"WebPage\",\"@id\":\"https:\/\/crees.org.do\/?p=25116\",\"url\":\"https:\/\/crees.org.do\/?p=25116\",\"name\":\"Crecimiento del sector p\u00fablico vs la econom\u00eda en Rep\u00fablica Dominicana | CREES\",\"isPartOf\":{\"@id\":\"https:\/\/crees.org.do\/#website\"},\"primaryImageOfPage\":{\"@id\":\"https:\/\/crees.org.do\/?p=25116#primaryimage\"},\"image\":{\"@id\":\"https:\/\/crees.org.do\/?p=25116#primaryimage\"},\"thumbnailUrl\":\"https:\/\/crees.org.do\/wp-content\/uploads\/2023\/06\/Blank-Template-Instagram-11.png\",\"datePublished\":\"2023-06-22T16:47:41+00:00\",\"dateModified\":\"2023-06-23T13:22:14+00:00\",\"breadcrumb\":{\"@id\":\"https:\/\/crees.org.do\/?p=25116#breadcrumb\"},\"inLanguage\":\"es\",\"potentialAction\":[{\"@type\":\"ReadAction\",\"target\":[\"https:\/\/crees.org.do\/?p=25116\"]}]},{\"@type\":\"ImageObject\",\"inLanguage\":\"es\",\"@id\":\"https:\/\/crees.org.do\/?p=25116#primaryimage\",\"url\":\"https:\/\/crees.org.do\/wp-content\/uploads\/2023\/06\/Blank-Template-Instagram-11.png\",\"contentUrl\":\"https:\/\/crees.org.do\/wp-content\/uploads\/2023\/06\/Blank-Template-Instagram-11.png\",\"width\":1080,\"height\":1080,\"caption\":\"Crecimiento del sector p\u00fablico vs la econom\u00eda en Rep\u00fablica Dominicana\"},{\"@type\":\"BreadcrumbList\",\"@id\":\"https:\/\/crees.org.do\/?p=25116#breadcrumb\",\"itemListElement\":[{\"@type\":\"ListItem\",\"position\":1,\"name\":\"Portada\",\"item\":\"https:\/\/crees.org.do\/\"},{\"@type\":\"ListItem\",\"position\":2,\"name\":\"Crecimiento del sector p\u00fablico vs la econom\u00eda en Rep\u00fablica Dominicana\"}]},{\"@type\":\"WebSite\",\"@id\":\"https:\/\/crees.org.do\/#website\",\"url\":\"https:\/\/crees.org.do\/\",\"name\":\"CREES\",\"description\":\"Centro Regional de Estrategias Econ\u00f3micas Sostenibles\",\"publisher\":{\"@id\":\"https:\/\/crees.org.do\/#organization\"},\"potentialAction\":[{\"@type\":\"SearchAction\",\"target\":{\"@type\":\"EntryPoint\",\"urlTemplate\":\"https:\/\/crees.org.do\/?s={search_term_string}\"},\"query-input\":{\"@type\":\"PropertyValueSpecification\",\"valueRequired\":true,\"valueName\":\"search_term_string\"}}],\"inLanguage\":\"es\"},{\"@type\":\"Organization\",\"@id\":\"https:\/\/crees.org.do\/#organization\",\"name\":\"CREES | Centro Regional de Estrategias Econ\u00f3micas Sostenibles\",\"url\":\"https:\/\/crees.org.do\/\",\"logo\":{\"@type\":\"ImageObject\",\"inLanguage\":\"es\",\"@id\":\"https:\/\/crees.org.do\/#\/schema\/logo\/image\/\",\"url\":\"https:\/\/crees.org.do\/wp-content\/uploads\/2022\/03\/crees-logo-1.jpg\",\"contentUrl\":\"https:\/\/crees.org.do\/wp-content\/uploads\/2022\/03\/crees-logo-1.jpg\",\"width\":244,\"height\":71,\"caption\":\"CREES | Centro Regional de Estrategias Econ\u00f3micas Sostenibles\"},\"image\":{\"@id\":\"https:\/\/crees.org.do\/#\/schema\/logo\/image\/\"},\"sameAs\":[\"https:\/\/www.facebook.com\/CREESRD\/\",\"https:\/\/x.com\/CREESRD\"]},{\"@type\":\"Person\",\"@id\":\"https:\/\/crees.org.do\/#\/schema\/person\/e7f97cd94d7bf9cd0e0ce30acb7d56b8\",\"name\":\"Crees\",\"image\":{\"@type\":\"ImageObject\",\"inLanguage\":\"es\",\"@id\":\"https:\/\/crees.org.do\/#\/schema\/person\/image\/\",\"url\":\"https:\/\/secure.gravatar.com\/avatar\/390ac8f0be5d9aa046152553e2dd7011b59a512d89c150f5e5f28bb8d9a0b165?s=96&d=mm&r=g\",\"contentUrl\":\"https:\/\/secure.gravatar.com\/avatar\/390ac8f0be5d9aa046152553e2dd7011b59a512d89c150f5e5f28bb8d9a0b165?s=96&d=mm&r=g\",\"caption\":\"Crees\"},\"url\":\"https:\/\/crees.org.do\/?author=2\"}]}<\/script>\n<!-- \/ Yoast SEO plugin. -->","yoast_head_json":{"title":"Crecimiento del sector p\u00fablico vs la econom\u00eda en Rep\u00fablica Dominicana | CREES","robots":{"index":"index","follow":"follow","max-snippet":"max-snippet:-1","max-image-preview":"max-image-preview:large","max-video-preview":"max-video-preview:-1"},"canonical":"https:\/\/crees.org.do\/?p=25116","og_locale":"es_ES","og_type":"article","og_title":"Crecimiento del sector p\u00fablico vs la econom\u00eda en Rep\u00fablica Dominicana | CREES","og_description":"Crecimiento del sector p\u00fablico vs la econom\u00eda en Rep\u00fablica Dominicana Como se puede apreciar en la gr\u00e1fica, en los \u00faltimos 31 a\u00f1os, el sector p\u00fablico, medido por el gasto real del Gobierno Central, creci\u00f3 12.1 veces su valor, mientras que el Producto Interno Bruto (PIB) creci\u00f3 4.9 veces. Es decir, el sector p\u00fablico dominicano creci\u00f3...","og_url":"https:\/\/crees.org.do\/?p=25116","og_site_name":"CREES","article_publisher":"https:\/\/www.facebook.com\/CREESRD\/","article_published_time":"2023-06-22T16:47:41+00:00","article_modified_time":"2023-06-23T13:22:14+00:00","og_image":[{"width":1080,"height":1080,"url":"https:\/\/crees.org.do\/wp-content\/uploads\/2023\/06\/Blank-Template-Instagram-11.png","type":"image\/png"}],"author":"Crees","twitter_card":"summary_large_image","twitter_creator":"@CREESRD","twitter_site":"@CREESRD","twitter_misc":{"Escrito por":"Crees","Tiempo de lectura":"2 minutos"},"schema":{"@context":"https:\/\/schema.org","@graph":[{"@type":"Article","@id":"https:\/\/crees.org.do\/?p=25116#article","isPartOf":{"@id":"https:\/\/crees.org.do\/?p=25116"},"author":{"name":"Crees","@id":"https:\/\/crees.org.do\/#\/schema\/person\/e7f97cd94d7bf9cd0e0ce30acb7d56b8"},"headline":"Crecimiento del sector p\u00fablico vs la econom\u00eda en Rep\u00fablica Dominicana","datePublished":"2023-06-22T16:47:41+00:00","dateModified":"2023-06-23T13:22:14+00:00","mainEntityOfPage":{"@id":"https:\/\/crees.org.do\/?p=25116"},"wordCount":399,"publisher":{"@id":"https:\/\/crees.org.do\/#organization"},"image":{"@id":"https:\/\/crees.org.do\/?p=25116#primaryimage"},"thumbnailUrl":"https:\/\/crees.org.do\/wp-content\/uploads\/2023\/06\/Blank-Template-Instagram-11.png","articleSection":["Blog"],"inLanguage":"es"},{"@type":"WebPage","@id":"https:\/\/crees.org.do\/?p=25116","url":"https:\/\/crees.org.do\/?p=25116","name":"Crecimiento del sector p\u00fablico vs la econom\u00eda en Rep\u00fablica Dominicana | CREES","isPartOf":{"@id":"https:\/\/crees.org.do\/#website"},"primaryImageOfPage":{"@id":"https:\/\/crees.org.do\/?p=25116#primaryimage"},"image":{"@id":"https:\/\/crees.org.do\/?p=25116#primaryimage"},"thumbnailUrl":"https:\/\/crees.org.do\/wp-content\/uploads\/2023\/06\/Blank-Template-Instagram-11.png","datePublished":"2023-06-22T16:47:41+00:00","dateModified":"2023-06-23T13:22:14+00:00","breadcrumb":{"@id":"https:\/\/crees.org.do\/?p=25116#breadcrumb"},"inLanguage":"es","potentialAction":[{"@type":"ReadAction","target":["https:\/\/crees.org.do\/?p=25116"]}]},{"@type":"ImageObject","inLanguage":"es","@id":"https:\/\/crees.org.do\/?p=25116#primaryimage","url":"https:\/\/crees.org.do\/wp-content\/uploads\/2023\/06\/Blank-Template-Instagram-11.png","contentUrl":"https:\/\/crees.org.do\/wp-content\/uploads\/2023\/06\/Blank-Template-Instagram-11.png","width":1080,"height":1080,"caption":"Crecimiento del sector p\u00fablico vs la econom\u00eda en Rep\u00fablica Dominicana"},{"@type":"BreadcrumbList","@id":"https:\/\/crees.org.do\/?p=25116#breadcrumb","itemListElement":[{"@type":"ListItem","position":1,"name":"Portada","item":"https:\/\/crees.org.do\/"},{"@type":"ListItem","position":2,"name":"Crecimiento del sector p\u00fablico vs la econom\u00eda en Rep\u00fablica Dominicana"}]},{"@type":"WebSite","@id":"https:\/\/crees.org.do\/#website","url":"https:\/\/crees.org.do\/","name":"CREES","description":"Centro Regional de Estrategias Econ\u00f3micas Sostenibles","publisher":{"@id":"https:\/\/crees.org.do\/#organization"},"potentialAction":[{"@type":"SearchAction","target":{"@type":"EntryPoint","urlTemplate":"https:\/\/crees.org.do\/?s={search_term_string}"},"query-input":{"@type":"PropertyValueSpecification","valueRequired":true,"valueName":"search_term_string"}}],"inLanguage":"es"},{"@type":"Organization","@id":"https:\/\/crees.org.do\/#organization","name":"CREES | Centro Regional de Estrategias Econ\u00f3micas Sostenibles","url":"https:\/\/crees.org.do\/","logo":{"@type":"ImageObject","inLanguage":"es","@id":"https:\/\/crees.org.do\/#\/schema\/logo\/image\/","url":"https:\/\/crees.org.do\/wp-content\/uploads\/2022\/03\/crees-logo-1.jpg","contentUrl":"https:\/\/crees.org.do\/wp-content\/uploads\/2022\/03\/crees-logo-1.jpg","width":244,"height":71,"caption":"CREES | Centro Regional de Estrategias Econ\u00f3micas Sostenibles"},"image":{"@id":"https:\/\/crees.org.do\/#\/schema\/logo\/image\/"},"sameAs":["https:\/\/www.facebook.com\/CREESRD\/","https:\/\/x.com\/CREESRD"]},{"@type":"Person","@id":"https:\/\/crees.org.do\/#\/schema\/person\/e7f97cd94d7bf9cd0e0ce30acb7d56b8","name":"Crees","image":{"@type":"ImageObject","inLanguage":"es","@id":"https:\/\/crees.org.do\/#\/schema\/person\/image\/","url":"https:\/\/secure.gravatar.com\/avatar\/390ac8f0be5d9aa046152553e2dd7011b59a512d89c150f5e5f28bb8d9a0b165?s=96&d=mm&r=g","contentUrl":"https:\/\/secure.gravatar.com\/avatar\/390ac8f0be5d9aa046152553e2dd7011b59a512d89c150f5e5f28bb8d9a0b165?s=96&d=mm&r=g","caption":"Crees"},"url":"https:\/\/crees.org.do\/?author=2"}]}},"_links":{"self":[{"href":"https:\/\/crees.org.do\/index.php?rest_route=\/wp\/v2\/posts\/25116","targetHints":{"allow":["GET"]}}],"collection":[{"href":"https:\/\/crees.org.do\/index.php?rest_route=\/wp\/v2\/posts"}],"about":[{"href":"https:\/\/crees.org.do\/index.php?rest_route=\/wp\/v2\/types\/post"}],"author":[{"embeddable":true,"href":"https:\/\/crees.org.do\/index.php?rest_route=\/wp\/v2\/users\/2"}],"replies":[{"embeddable":true,"href":"https:\/\/crees.org.do\/index.php?rest_route=%2Fwp%2Fv2%2Fcomments&post=25116"}],"version-history":[{"count":3,"href":"https:\/\/crees.org.do\/index.php?rest_route=\/wp\/v2\/posts\/25116\/revisions"}],"predecessor-version":[{"id":25125,"href":"https:\/\/crees.org.do\/index.php?rest_route=\/wp\/v2\/posts\/25116\/revisions\/25125"}],"wp:featuredmedia":[{"embeddable":true,"href":"https:\/\/crees.org.do\/index.php?rest_route=\/wp\/v2\/media\/25117"}],"wp:attachment":[{"href":"https:\/\/crees.org.do\/index.php?rest_route=%2Fwp%2Fv2%2Fmedia&parent=25116"}],"wp:term":[{"taxonomy":"category","embeddable":true,"href":"https:\/\/crees.org.do\/index.php?rest_route=%2Fwp%2Fv2%2Fcategories&post=25116"},{"taxonomy":"post_tag","embeddable":true,"href":"https:\/\/crees.org.do\/index.php?rest_route=%2Fwp%2Fv2%2Ftags&post=25116"}],"curies":[{"name":"wp","href":"https:\/\/api.w.org\/{rel}","templated":true}]}}