{"id":25128,"date":"2023-06-23T14:38:00","date_gmt":"2023-06-23T14:38:00","guid":{"rendered":"https:\/\/crees.org.do\/?p=25128"},"modified":"2023-06-23T14:38:28","modified_gmt":"2023-06-23T14:38:28","slug":"crees-ve-necesario-que-en-rd-haya-ley-de-responsabilidad-fiscal-que-contemple-mas-de-una-regla-estatal","status":"publish","type":"post","link":"https:\/\/crees.org.do\/?p=25128","title":{"rendered":"CREES ve necesario que en RD haya ley de Responsabilidad Fiscal que contemple m\u00e1s de una regla estatal"},"content":{"rendered":"<p>Autor: Noticias SIN<\/p>\n<p>Fecha: 19 de junio del 2023<\/p>\n<p>Extra\u00eddo de: <a href=\"https:\/\/noticiassin.com\/economia\/crees-ve-necesario-que-en-rd-haya-ley-de-responsabilidad-fiscal-que-contemple-mas-de-una-regla-estatal-1444735\/\">Noticias SIN<\/a><\/p>\n<h3 class=\"single-exceprt\" style=\"text-align: justify;\">Se\u00f1ala que \u201cel problema principal de la Rep\u00fablica Dominicana es el gasto p\u00fablico, hasta que no tengamos un control del mismo los gobiernos seguir\u00e1n transitando la v\u00eda m\u00e1s f\u00e1cil: aumentar los impuestos a los contribuyentes y elevar la deuda p\u00fablica\u201d.<\/h3>\n<p style=\"text-align: justify;\">A trav\u00e9s de un an\u00e1lisis sobre el gasto p\u00fablico en el pa\u00eds, rese\u00f1a que desde el a\u00f1o 2013 el CREES ha venido abogando por la aprobaci\u00f3n de una ley de Responsabilidad y Transparencia Fiscal que establezca reglas y condiciones para el logro de una prudente, responsable y transparente gesti\u00f3n financiera del Estado.<\/p>\n<p style=\"text-align: justify;\"><strong>\u201cEl hecho de que este tema sea discutido en la actualidad, luego de la introducci\u00f3n al congreso de un proyecto de ley de responsabilidad fiscal, es un avance muy importante. Sin embargo, el pa\u00eds se beneficiar\u00eda de tener una ley con m\u00e1s de una regla fiscal, no solo una regla de gasto primario, como lo contemplado en dicho proyecto de ley\u201d, sostiene el centro. Se\u00f1ala que \u201cel problema principal de la Rep\u00fablica Dominicana es el gasto p\u00fablico, hasta que no tengamos un control del mismo los gobiernos seguir\u00e1n transitando la v\u00eda m\u00e1s f\u00e1cil: aumentar los impuestos a los contribuyentes y elevar la deuda p\u00fablica\u201d.<\/strong><\/p>\n<p style=\"text-align: justify;\">Sostiene que el gasto gubernamental es la principal fuente del endeudamiento p\u00fablico de Rep\u00fablica Dominicana. Como se puede apreciar en la gr\u00e1fica, en los \u00faltimos 31 a\u00f1os, el sector p\u00fablico, medido por el gasto real del Gobierno Central, creci\u00f3 12.1 veces su valor, mientras que el Producto Interno Bruto (PIB) creci\u00f3 4.9 veces. Es decir, el sector p\u00fablico dominicano creci\u00f3 2.5 veces m\u00e1s que el total de la econom\u00eda.<\/p>\n<p style=\"text-align: justify;\">La tendencia de crecimiento del gasto p\u00fablico, superior al de la econom\u00eda y a las recaudaciones tributarias, resulta en d\u00e9ficits fiscales que luego tienen que ser financiados con endeudamiento p\u00fablico.<\/p>\n<p style=\"text-align: justify;\">A pesar de los intentos de reducir los d\u00e9ficits fiscales mediante modificaciones al C\u00f3digo Tributario, como en los a\u00f1os 2000, 2004 y 2005, la ausencia de control en el gasto p\u00fablico mantuvo los d\u00e9ficits fiscales y las necesidades de endeudamiento p\u00fablico. Por ejemplo, en el a\u00f1o 2001 el gasto p\u00fablico creci\u00f3 en 24.0%, en el 2004 creci\u00f3 en 17.2% y en el 2006 creci\u00f3 en 13.4%.<\/p>\n<p style=\"text-align: justify;\">Pese a que en el 2012 se produjo la reforma tributaria de mayor dimensi\u00f3n del presente milenio, la ausencia de control en el gasto p\u00fablico propici\u00f3 m\u00e1s d\u00e9ficits fiscales y, en consiguiente, incrementos en la deuda p\u00fablica.<\/p>\n<div class=\"pvc_clear\"><\/div>\n<p class=\"pvc_stats all \" data-element-id=\"25128\" style=\"\"><i class=\"pvc-stats-icon medium\" aria-hidden=\"true\"><svg aria-hidden=\"true\" focusable=\"false\" data-prefix=\"far\" data-icon=\"chart-bar\" role=\"img\" xmlns=\"http:\/\/www.w3.org\/2000\/svg\" viewBox=\"0 0 512 512\" class=\"svg-inline--fa fa-chart-bar fa-w-16 fa-2x\"><path fill=\"currentColor\" d=\"M396.8 352h22.4c6.4 0 12.8-6.4 12.8-12.8V108.8c0-6.4-6.4-12.8-12.8-12.8h-22.4c-6.4 0-12.8 6.4-12.8 12.8v230.4c0 6.4 6.4 12.8 12.8 12.8zm-192 0h22.4c6.4 0 12.8-6.4 12.8-12.8V140.8c0-6.4-6.4-12.8-12.8-12.8h-22.4c-6.4 0-12.8 6.4-12.8 12.8v198.4c0 6.4 6.4 12.8 12.8 12.8zm96 0h22.4c6.4 0 12.8-6.4 12.8-12.8V204.8c0-6.4-6.4-12.8-12.8-12.8h-22.4c-6.4 0-12.8 6.4-12.8 12.8v134.4c0 6.4 6.4 12.8 12.8 12.8zM496 400H48V80c0-8.84-7.16-16-16-16H16C7.16 64 0 71.16 0 80v336c0 17.67 14.33 32 32 32h464c8.84 0 16-7.16 16-16v-16c0-8.84-7.16-16-16-16zm-387.2-48h22.4c6.4 0 12.8-6.4 12.8-12.8v-70.4c0-6.4-6.4-12.8-12.8-12.8h-22.4c-6.4 0-12.8 6.4-12.8 12.8v70.4c0 6.4 6.4 12.8 12.8 12.8z\" class=\"\"><\/path><\/svg><\/i> Vistas Totales&nbsp;1,137&nbsp;<\/p>\n<div class=\"pvc_clear\"><\/div>\n","protected":false},"excerpt":{"rendered":"<p>Autor: Noticias SIN Fecha: 19 de junio del 2023 Extra\u00eddo de: Noticias SIN Se\u00f1ala que \u201cel problema principal de la Rep\u00fablica Dominicana es el gasto p\u00fablico, hasta que no tengamos un control del mismo los gobiernos seguir\u00e1n transitando la v\u00eda m\u00e1s f\u00e1cil: aumentar los impuestos a los contribuyentes y elevar la deuda p\u00fablica\u201d. A trav\u00e9s&#8230;<\/p>\n<div class=\"pvc_clear\"><\/div>\n<p class=\"pvc_stats all \" data-element-id=\"25128\" style=\"\"><i class=\"pvc-stats-icon medium\" aria-hidden=\"true\"><svg aria-hidden=\"true\" focusable=\"false\" data-prefix=\"far\" data-icon=\"chart-bar\" role=\"img\" xmlns=\"http:\/\/www.w3.org\/2000\/svg\" viewBox=\"0 0 512 512\" class=\"svg-inline--fa fa-chart-bar fa-w-16 fa-2x\"><path fill=\"currentColor\" d=\"M396.8 352h22.4c6.4 0 12.8-6.4 12.8-12.8V108.8c0-6.4-6.4-12.8-12.8-12.8h-22.4c-6.4 0-12.8 6.4-12.8 12.8v230.4c0 6.4 6.4 12.8 12.8 12.8zm-192 0h22.4c6.4 0 12.8-6.4 12.8-12.8V140.8c0-6.4-6.4-12.8-12.8-12.8h-22.4c-6.4 0-12.8 6.4-12.8 12.8v198.4c0 6.4 6.4 12.8 12.8 12.8zm96 0h22.4c6.4 0 12.8-6.4 12.8-12.8V204.8c0-6.4-6.4-12.8-12.8-12.8h-22.4c-6.4 0-12.8 6.4-12.8 12.8v134.4c0 6.4 6.4 12.8 12.8 12.8zM496 400H48V80c0-8.84-7.16-16-16-16H16C7.16 64 0 71.16 0 80v336c0 17.67 14.33 32 32 32h464c8.84 0 16-7.16 16-16v-16c0-8.84-7.16-16-16-16zm-387.2-48h22.4c6.4 0 12.8-6.4 12.8-12.8v-70.4c0-6.4-6.4-12.8-12.8-12.8h-22.4c-6.4 0-12.8 6.4-12.8 12.8v70.4c0 6.4 6.4 12.8 12.8 12.8z\" class=\"\"><\/path><\/svg><\/i> Vistas Totales&nbsp;1,137&nbsp;<\/p>\n<div class=\"pvc_clear\"><\/div>\n","protected":false},"author":2,"featured_media":25131,"comment_status":"closed","ping_status":"closed","sticky":false,"template":"","format":"standard","meta":{"footnotes":""},"categories":[19],"tags":[],"class_list":["post-25128","post","type-post","status-publish","format-standard","has-post-thumbnail","hentry","category-actualidad"],"yoast_head":"<!-- This site is optimized with the Yoast SEO plugin v25.2 - https:\/\/yoast.com\/wordpress\/plugins\/seo\/ -->\n<title>CREES ve necesario que en RD haya ley de Responsabilidad Fiscal que contemple m\u00e1s de una regla estatal | CREES<\/title>\n<meta name=\"robots\" content=\"index, follow, max-snippet:-1, max-image-preview:large, max-video-preview:-1\" \/>\n<link rel=\"canonical\" href=\"https:\/\/crees.org.do\/?p=25128\" \/>\n<meta property=\"og:locale\" content=\"es_ES\" \/>\n<meta property=\"og:type\" content=\"article\" \/>\n<meta property=\"og:title\" content=\"CREES ve necesario que en RD haya ley de Responsabilidad Fiscal que contemple m\u00e1s de una regla estatal | CREES\" \/>\n<meta property=\"og:description\" content=\"Autor: Noticias SIN Fecha: 19 de junio del 2023 Extra\u00eddo de: Noticias SIN Se\u00f1ala que \u201cel problema principal de la Rep\u00fablica Dominicana es el gasto p\u00fablico, hasta que no tengamos un control del mismo los gobiernos seguir\u00e1n transitando la v\u00eda m\u00e1s f\u00e1cil: aumentar los impuestos a los contribuyentes y elevar la deuda p\u00fablica\u201d. A trav\u00e9s...\" \/>\n<meta property=\"og:url\" content=\"https:\/\/crees.org.do\/?p=25128\" \/>\n<meta property=\"og:site_name\" content=\"CREES\" \/>\n<meta property=\"article:publisher\" content=\"https:\/\/www.facebook.com\/CREESRD\/\" \/>\n<meta property=\"article:published_time\" content=\"2023-06-23T14:38:00+00:00\" \/>\n<meta property=\"article:modified_time\" content=\"2023-06-23T14:38:28+00:00\" \/>\n<meta property=\"og:image\" content=\"https:\/\/crees.org.do\/wp-content\/uploads\/2023\/06\/DJ32Q24NWBFKZNLDMDODL2A2LE-scaled-1-scaled.jpeg\" \/>\n\t<meta property=\"og:image:width\" content=\"1200\" \/>\n\t<meta property=\"og:image:height\" content=\"800\" \/>\n\t<meta property=\"og:image:type\" content=\"image\/jpeg\" \/>\n<meta name=\"author\" content=\"Crees\" \/>\n<meta name=\"twitter:card\" content=\"summary_large_image\" \/>\n<meta name=\"twitter:creator\" content=\"@CREESRD\" \/>\n<meta name=\"twitter:site\" content=\"@CREESRD\" \/>\n<meta name=\"twitter:label1\" content=\"Escrito por\" \/>\n\t<meta name=\"twitter:data1\" content=\"Crees\" \/>\n\t<meta name=\"twitter:label2\" content=\"Tiempo de lectura\" \/>\n\t<meta name=\"twitter:data2\" content=\"2 minutos\" \/>\n<script type=\"application\/ld+json\" class=\"yoast-schema-graph\">{\"@context\":\"https:\/\/schema.org\",\"@graph\":[{\"@type\":\"Article\",\"@id\":\"https:\/\/crees.org.do\/?p=25128#article\",\"isPartOf\":{\"@id\":\"https:\/\/crees.org.do\/?p=25128\"},\"author\":{\"name\":\"Crees\",\"@id\":\"https:\/\/crees.org.do\/#\/schema\/person\/e7f97cd94d7bf9cd0e0ce30acb7d56b8\"},\"headline\":\"CREES ve necesario que en RD haya ley de Responsabilidad Fiscal que contemple m\u00e1s de una regla estatal\",\"datePublished\":\"2023-06-23T14:38:00+00:00\",\"dateModified\":\"2023-06-23T14:38:28+00:00\",\"mainEntityOfPage\":{\"@id\":\"https:\/\/crees.org.do\/?p=25128\"},\"wordCount\":467,\"publisher\":{\"@id\":\"https:\/\/crees.org.do\/#organization\"},\"image\":{\"@id\":\"https:\/\/crees.org.do\/?p=25128#primaryimage\"},\"thumbnailUrl\":\"https:\/\/crees.org.do\/wp-content\/uploads\/2023\/06\/DJ32Q24NWBFKZNLDMDODL2A2LE-scaled-1-scaled.jpeg\",\"articleSection\":[\"Actualidad\"],\"inLanguage\":\"es\"},{\"@type\":\"WebPage\",\"@id\":\"https:\/\/crees.org.do\/?p=25128\",\"url\":\"https:\/\/crees.org.do\/?p=25128\",\"name\":\"CREES ve necesario que en RD haya ley de Responsabilidad Fiscal que contemple m\u00e1s de una regla estatal | CREES\",\"isPartOf\":{\"@id\":\"https:\/\/crees.org.do\/#website\"},\"primaryImageOfPage\":{\"@id\":\"https:\/\/crees.org.do\/?p=25128#primaryimage\"},\"image\":{\"@id\":\"https:\/\/crees.org.do\/?p=25128#primaryimage\"},\"thumbnailUrl\":\"https:\/\/crees.org.do\/wp-content\/uploads\/2023\/06\/DJ32Q24NWBFKZNLDMDODL2A2LE-scaled-1-scaled.jpeg\",\"datePublished\":\"2023-06-23T14:38:00+00:00\",\"dateModified\":\"2023-06-23T14:38:28+00:00\",\"breadcrumb\":{\"@id\":\"https:\/\/crees.org.do\/?p=25128#breadcrumb\"},\"inLanguage\":\"es\",\"potentialAction\":[{\"@type\":\"ReadAction\",\"target\":[\"https:\/\/crees.org.do\/?p=25128\"]}]},{\"@type\":\"ImageObject\",\"inLanguage\":\"es\",\"@id\":\"https:\/\/crees.org.do\/?p=25128#primaryimage\",\"url\":\"https:\/\/crees.org.do\/wp-content\/uploads\/2023\/06\/DJ32Q24NWBFKZNLDMDODL2A2LE-scaled-1-scaled.jpeg\",\"contentUrl\":\"https:\/\/crees.org.do\/wp-content\/uploads\/2023\/06\/DJ32Q24NWBFKZNLDMDODL2A2LE-scaled-1-scaled.jpeg\",\"width\":1200,\"height\":800},{\"@type\":\"BreadcrumbList\",\"@id\":\"https:\/\/crees.org.do\/?p=25128#breadcrumb\",\"itemListElement\":[{\"@type\":\"ListItem\",\"position\":1,\"name\":\"Portada\",\"item\":\"https:\/\/crees.org.do\/\"},{\"@type\":\"ListItem\",\"position\":2,\"name\":\"CREES ve necesario que en RD haya ley de Responsabilidad Fiscal que contemple m\u00e1s de una regla estatal\"}]},{\"@type\":\"WebSite\",\"@id\":\"https:\/\/crees.org.do\/#website\",\"url\":\"https:\/\/crees.org.do\/\",\"name\":\"CREES\",\"description\":\"Centro Regional de Estrategias Econ\u00f3micas Sostenibles\",\"publisher\":{\"@id\":\"https:\/\/crees.org.do\/#organization\"},\"potentialAction\":[{\"@type\":\"SearchAction\",\"target\":{\"@type\":\"EntryPoint\",\"urlTemplate\":\"https:\/\/crees.org.do\/?s={search_term_string}\"},\"query-input\":{\"@type\":\"PropertyValueSpecification\",\"valueRequired\":true,\"valueName\":\"search_term_string\"}}],\"inLanguage\":\"es\"},{\"@type\":\"Organization\",\"@id\":\"https:\/\/crees.org.do\/#organization\",\"name\":\"CREES | Centro Regional de Estrategias Econ\u00f3micas Sostenibles\",\"url\":\"https:\/\/crees.org.do\/\",\"logo\":{\"@type\":\"ImageObject\",\"inLanguage\":\"es\",\"@id\":\"https:\/\/crees.org.do\/#\/schema\/logo\/image\/\",\"url\":\"https:\/\/crees.org.do\/wp-content\/uploads\/2022\/03\/crees-logo-1.jpg\",\"contentUrl\":\"https:\/\/crees.org.do\/wp-content\/uploads\/2022\/03\/crees-logo-1.jpg\",\"width\":244,\"height\":71,\"caption\":\"CREES | Centro Regional de Estrategias Econ\u00f3micas Sostenibles\"},\"image\":{\"@id\":\"https:\/\/crees.org.do\/#\/schema\/logo\/image\/\"},\"sameAs\":[\"https:\/\/www.facebook.com\/CREESRD\/\",\"https:\/\/x.com\/CREESRD\"]},{\"@type\":\"Person\",\"@id\":\"https:\/\/crees.org.do\/#\/schema\/person\/e7f97cd94d7bf9cd0e0ce30acb7d56b8\",\"name\":\"Crees\",\"image\":{\"@type\":\"ImageObject\",\"inLanguage\":\"es\",\"@id\":\"https:\/\/crees.org.do\/#\/schema\/person\/image\/\",\"url\":\"https:\/\/secure.gravatar.com\/avatar\/390ac8f0be5d9aa046152553e2dd7011b59a512d89c150f5e5f28bb8d9a0b165?s=96&d=mm&r=g\",\"contentUrl\":\"https:\/\/secure.gravatar.com\/avatar\/390ac8f0be5d9aa046152553e2dd7011b59a512d89c150f5e5f28bb8d9a0b165?s=96&d=mm&r=g\",\"caption\":\"Crees\"},\"url\":\"https:\/\/crees.org.do\/?author=2\"}]}<\/script>\n<!-- \/ Yoast SEO plugin. -->","yoast_head_json":{"title":"CREES ve necesario que en RD haya ley de Responsabilidad Fiscal que contemple m\u00e1s de una regla estatal | CREES","robots":{"index":"index","follow":"follow","max-snippet":"max-snippet:-1","max-image-preview":"max-image-preview:large","max-video-preview":"max-video-preview:-1"},"canonical":"https:\/\/crees.org.do\/?p=25128","og_locale":"es_ES","og_type":"article","og_title":"CREES ve necesario que en RD haya ley de Responsabilidad Fiscal que contemple m\u00e1s de una regla estatal | CREES","og_description":"Autor: Noticias SIN Fecha: 19 de junio del 2023 Extra\u00eddo de: Noticias SIN Se\u00f1ala que \u201cel problema principal de la Rep\u00fablica Dominicana es el gasto p\u00fablico, hasta que no tengamos un control del mismo los gobiernos seguir\u00e1n transitando la v\u00eda m\u00e1s f\u00e1cil: aumentar los impuestos a los contribuyentes y elevar la deuda p\u00fablica\u201d. A trav\u00e9s...","og_url":"https:\/\/crees.org.do\/?p=25128","og_site_name":"CREES","article_publisher":"https:\/\/www.facebook.com\/CREESRD\/","article_published_time":"2023-06-23T14:38:00+00:00","article_modified_time":"2023-06-23T14:38:28+00:00","og_image":[{"width":1200,"height":800,"url":"https:\/\/crees.org.do\/wp-content\/uploads\/2023\/06\/DJ32Q24NWBFKZNLDMDODL2A2LE-scaled-1-scaled.jpeg","type":"image\/jpeg"}],"author":"Crees","twitter_card":"summary_large_image","twitter_creator":"@CREESRD","twitter_site":"@CREESRD","twitter_misc":{"Escrito por":"Crees","Tiempo de lectura":"2 minutos"},"schema":{"@context":"https:\/\/schema.org","@graph":[{"@type":"Article","@id":"https:\/\/crees.org.do\/?p=25128#article","isPartOf":{"@id":"https:\/\/crees.org.do\/?p=25128"},"author":{"name":"Crees","@id":"https:\/\/crees.org.do\/#\/schema\/person\/e7f97cd94d7bf9cd0e0ce30acb7d56b8"},"headline":"CREES ve necesario que en RD haya ley de Responsabilidad Fiscal que contemple m\u00e1s de una regla estatal","datePublished":"2023-06-23T14:38:00+00:00","dateModified":"2023-06-23T14:38:28+00:00","mainEntityOfPage":{"@id":"https:\/\/crees.org.do\/?p=25128"},"wordCount":467,"publisher":{"@id":"https:\/\/crees.org.do\/#organization"},"image":{"@id":"https:\/\/crees.org.do\/?p=25128#primaryimage"},"thumbnailUrl":"https:\/\/crees.org.do\/wp-content\/uploads\/2023\/06\/DJ32Q24NWBFKZNLDMDODL2A2LE-scaled-1-scaled.jpeg","articleSection":["Actualidad"],"inLanguage":"es"},{"@type":"WebPage","@id":"https:\/\/crees.org.do\/?p=25128","url":"https:\/\/crees.org.do\/?p=25128","name":"CREES ve necesario que en RD haya ley de Responsabilidad Fiscal que contemple m\u00e1s de una regla estatal | CREES","isPartOf":{"@id":"https:\/\/crees.org.do\/#website"},"primaryImageOfPage":{"@id":"https:\/\/crees.org.do\/?p=25128#primaryimage"},"image":{"@id":"https:\/\/crees.org.do\/?p=25128#primaryimage"},"thumbnailUrl":"https:\/\/crees.org.do\/wp-content\/uploads\/2023\/06\/DJ32Q24NWBFKZNLDMDODL2A2LE-scaled-1-scaled.jpeg","datePublished":"2023-06-23T14:38:00+00:00","dateModified":"2023-06-23T14:38:28+00:00","breadcrumb":{"@id":"https:\/\/crees.org.do\/?p=25128#breadcrumb"},"inLanguage":"es","potentialAction":[{"@type":"ReadAction","target":["https:\/\/crees.org.do\/?p=25128"]}]},{"@type":"ImageObject","inLanguage":"es","@id":"https:\/\/crees.org.do\/?p=25128#primaryimage","url":"https:\/\/crees.org.do\/wp-content\/uploads\/2023\/06\/DJ32Q24NWBFKZNLDMDODL2A2LE-scaled-1-scaled.jpeg","contentUrl":"https:\/\/crees.org.do\/wp-content\/uploads\/2023\/06\/DJ32Q24NWBFKZNLDMDODL2A2LE-scaled-1-scaled.jpeg","width":1200,"height":800},{"@type":"BreadcrumbList","@id":"https:\/\/crees.org.do\/?p=25128#breadcrumb","itemListElement":[{"@type":"ListItem","position":1,"name":"Portada","item":"https:\/\/crees.org.do\/"},{"@type":"ListItem","position":2,"name":"CREES ve necesario que en RD haya ley de Responsabilidad Fiscal que contemple m\u00e1s de una regla estatal"}]},{"@type":"WebSite","@id":"https:\/\/crees.org.do\/#website","url":"https:\/\/crees.org.do\/","name":"CREES","description":"Centro Regional de Estrategias Econ\u00f3micas Sostenibles","publisher":{"@id":"https:\/\/crees.org.do\/#organization"},"potentialAction":[{"@type":"SearchAction","target":{"@type":"EntryPoint","urlTemplate":"https:\/\/crees.org.do\/?s={search_term_string}"},"query-input":{"@type":"PropertyValueSpecification","valueRequired":true,"valueName":"search_term_string"}}],"inLanguage":"es"},{"@type":"Organization","@id":"https:\/\/crees.org.do\/#organization","name":"CREES | Centro Regional de Estrategias Econ\u00f3micas Sostenibles","url":"https:\/\/crees.org.do\/","logo":{"@type":"ImageObject","inLanguage":"es","@id":"https:\/\/crees.org.do\/#\/schema\/logo\/image\/","url":"https:\/\/crees.org.do\/wp-content\/uploads\/2022\/03\/crees-logo-1.jpg","contentUrl":"https:\/\/crees.org.do\/wp-content\/uploads\/2022\/03\/crees-logo-1.jpg","width":244,"height":71,"caption":"CREES | Centro Regional de Estrategias Econ\u00f3micas Sostenibles"},"image":{"@id":"https:\/\/crees.org.do\/#\/schema\/logo\/image\/"},"sameAs":["https:\/\/www.facebook.com\/CREESRD\/","https:\/\/x.com\/CREESRD"]},{"@type":"Person","@id":"https:\/\/crees.org.do\/#\/schema\/person\/e7f97cd94d7bf9cd0e0ce30acb7d56b8","name":"Crees","image":{"@type":"ImageObject","inLanguage":"es","@id":"https:\/\/crees.org.do\/#\/schema\/person\/image\/","url":"https:\/\/secure.gravatar.com\/avatar\/390ac8f0be5d9aa046152553e2dd7011b59a512d89c150f5e5f28bb8d9a0b165?s=96&d=mm&r=g","contentUrl":"https:\/\/secure.gravatar.com\/avatar\/390ac8f0be5d9aa046152553e2dd7011b59a512d89c150f5e5f28bb8d9a0b165?s=96&d=mm&r=g","caption":"Crees"},"url":"https:\/\/crees.org.do\/?author=2"}]}},"_links":{"self":[{"href":"https:\/\/crees.org.do\/index.php?rest_route=\/wp\/v2\/posts\/25128","targetHints":{"allow":["GET"]}}],"collection":[{"href":"https:\/\/crees.org.do\/index.php?rest_route=\/wp\/v2\/posts"}],"about":[{"href":"https:\/\/crees.org.do\/index.php?rest_route=\/wp\/v2\/types\/post"}],"author":[{"embeddable":true,"href":"https:\/\/crees.org.do\/index.php?rest_route=\/wp\/v2\/users\/2"}],"replies":[{"embeddable":true,"href":"https:\/\/crees.org.do\/index.php?rest_route=%2Fwp%2Fv2%2Fcomments&post=25128"}],"version-history":[{"count":1,"href":"https:\/\/crees.org.do\/index.php?rest_route=\/wp\/v2\/posts\/25128\/revisions"}],"predecessor-version":[{"id":25130,"href":"https:\/\/crees.org.do\/index.php?rest_route=\/wp\/v2\/posts\/25128\/revisions\/25130"}],"wp:featuredmedia":[{"embeddable":true,"href":"https:\/\/crees.org.do\/index.php?rest_route=\/wp\/v2\/media\/25131"}],"wp:attachment":[{"href":"https:\/\/crees.org.do\/index.php?rest_route=%2Fwp%2Fv2%2Fmedia&parent=25128"}],"wp:term":[{"taxonomy":"category","embeddable":true,"href":"https:\/\/crees.org.do\/index.php?rest_route=%2Fwp%2Fv2%2Fcategories&post=25128"},{"taxonomy":"post_tag","embeddable":true,"href":"https:\/\/crees.org.do\/index.php?rest_route=%2Fwp%2Fv2%2Ftags&post=25128"}],"curies":[{"name":"wp","href":"https:\/\/api.w.org\/{rel}","templated":true}]}}