{"id":25144,"date":"2023-06-29T16:06:23","date_gmt":"2023-06-29T16:06:23","guid":{"rendered":"https:\/\/crees.org.do\/?p=25144"},"modified":"2023-06-29T16:06:23","modified_gmt":"2023-06-29T16:06:23","slug":"tasa-de-ocupacion-hotelera-ascendio-a-77-7-en-el-periodo-enero-mayo-2023","status":"publish","type":"post","link":"https:\/\/crees.org.do\/?p=25144","title":{"rendered":"Tasa de ocupaci\u00f3n hotelera ascendi\u00f3 a 77.7 en el periodo enero-mayo 2023"},"content":{"rendered":"<p><img fetchpriority=\"high\" decoding=\"async\" class=\"aligncenter wp-image-25145\" src=\"https:\/\/crees.org.do\/wp-content\/uploads\/2023\/06\/Slide-1-copy-1-5.png\" alt=\"\" width=\"896\" height=\"896\" srcset=\"https:\/\/crees.org.do\/wp-content\/uploads\/2023\/06\/Slide-1-copy-1-5.png 3121w, https:\/\/crees.org.do\/wp-content\/uploads\/2023\/06\/Slide-1-copy-1-5-450x450.png 450w, https:\/\/crees.org.do\/wp-content\/uploads\/2023\/06\/Slide-1-copy-1-5-2000x2000.png 2000w, https:\/\/crees.org.do\/wp-content\/uploads\/2023\/06\/Slide-1-copy-1-5-150x150.png 150w, https:\/\/crees.org.do\/wp-content\/uploads\/2023\/06\/Slide-1-copy-1-5-768x768.png 768w, https:\/\/crees.org.do\/wp-content\/uploads\/2023\/06\/Slide-1-copy-1-5-1536x1536.png 1536w, https:\/\/crees.org.do\/wp-content\/uploads\/2023\/06\/Slide-1-copy-1-5-2048x2048.png 2048w, https:\/\/crees.org.do\/wp-content\/uploads\/2023\/06\/Slide-1-copy-1-5-300x300.png 300w, https:\/\/crees.org.do\/wp-content\/uploads\/2023\/06\/Slide-1-copy-1-5-600x600.png 600w, https:\/\/crees.org.do\/wp-content\/uploads\/2023\/06\/Slide-1-copy-1-5-100x100.png 100w\" sizes=\"(max-width: 896px) 100vw, 896px\" \/><\/p>\n<h2>Tasa de ocupaci\u00f3n hotelera ascendi\u00f3 a 77.7 en el periodo enero-mayo 2023<\/h2>\n<p style=\"text-align: justify;\">En el periodo enero-mayo del 2023 la tasa de ocupaci\u00f3n hotelera promedio fue de 77.7%. Esto significa que la ocupaci\u00f3n hotelera estuvo 8.3 puntos porcentuales por encima de la tasa promedio anual de los \u00faltimos 40 a\u00f1os previos a la pandemia (1980-2019) de 69.4%.<\/p>\n<p style=\"text-align: justify;\">La tasa de ocupaci\u00f3n hotelera muestra el promedio de acogida de hu\u00e9spedes de todos los hoteles de la Rep\u00fablica Dominicana con relaci\u00f3n a la capacidad de acogida total.<\/p>\n<p style=\"text-align: justify;\">En el a\u00f1o 2008, luego de la crisis financiera internacional, la tasa de ocupaci\u00f3n hotelera disminuy\u00f3 de 70.4% en 2008 a 66.0% en 2009. Sin embargo, durante los siguientes diez a\u00f1os la tasa logr\u00f3 recuperarse y sobrepasar los niveles del 2008. Lo anterior fue hasta finales del 2019 cuando hubo una campa\u00f1a medi\u00e1tica en contra del turismo dominicano que provoc\u00f3 una disminuci\u00f3n en la recepci\u00f3n de turistas y que, en consecuencia, se reflejo en una menor tasa de ocupaci\u00f3n anual promedio en ese a\u00f1o.<\/p>\n<p style=\"text-align: justify;\">En el 2020, con el impacto de la pandemia, la ca\u00edda del turismo internacional, las restricciones de movilidad y el cambio en las decisiones de viajes de las personas la tasa promedio anual de ocupaci\u00f3n hotelera fue de 40.5%, lo que significa que estuvo 28.9 puntos porcentuales por debajo de la tasa promedio del periodo 1980-2019.<\/p>\n<p style=\"text-align: justify;\">Luego, con la reapertura de la industria tur\u00edstica, la ocupaci\u00f3n hotelera empez\u00f3 a recuperase; tomando fuerza a partir de marzo de 2021 en la medida en que fueron flexibiliz\u00e1ndose las medidas y fue avanzando la inmunizaci\u00f3n de la poblaci\u00f3n en todo el mundo. En el a\u00f1o 2022 la tasa de ocupaci\u00f3n hotelera super\u00f3 el nivel promedio previo a la pandemia en 2.0 puntos porcentuales, ubic\u00e1ndose en 71.4%.<\/p>\n<p>&nbsp;<\/p>\n<div class=\"pvc_clear\"><\/div>\n<p class=\"pvc_stats all \" data-element-id=\"25144\" style=\"\"><i class=\"pvc-stats-icon medium\" aria-hidden=\"true\"><svg aria-hidden=\"true\" focusable=\"false\" data-prefix=\"far\" data-icon=\"chart-bar\" role=\"img\" xmlns=\"http:\/\/www.w3.org\/2000\/svg\" viewBox=\"0 0 512 512\" class=\"svg-inline--fa fa-chart-bar fa-w-16 fa-2x\"><path fill=\"currentColor\" d=\"M396.8 352h22.4c6.4 0 12.8-6.4 12.8-12.8V108.8c0-6.4-6.4-12.8-12.8-12.8h-22.4c-6.4 0-12.8 6.4-12.8 12.8v230.4c0 6.4 6.4 12.8 12.8 12.8zm-192 0h22.4c6.4 0 12.8-6.4 12.8-12.8V140.8c0-6.4-6.4-12.8-12.8-12.8h-22.4c-6.4 0-12.8 6.4-12.8 12.8v198.4c0 6.4 6.4 12.8 12.8 12.8zm96 0h22.4c6.4 0 12.8-6.4 12.8-12.8V204.8c0-6.4-6.4-12.8-12.8-12.8h-22.4c-6.4 0-12.8 6.4-12.8 12.8v134.4c0 6.4 6.4 12.8 12.8 12.8zM496 400H48V80c0-8.84-7.16-16-16-16H16C7.16 64 0 71.16 0 80v336c0 17.67 14.33 32 32 32h464c8.84 0 16-7.16 16-16v-16c0-8.84-7.16-16-16-16zm-387.2-48h22.4c6.4 0 12.8-6.4 12.8-12.8v-70.4c0-6.4-6.4-12.8-12.8-12.8h-22.4c-6.4 0-12.8 6.4-12.8 12.8v70.4c0 6.4 6.4 12.8 12.8 12.8z\" class=\"\"><\/path><\/svg><\/i> Vistas Totales&nbsp;1,631&nbsp;<\/p>\n<div class=\"pvc_clear\"><\/div>\n","protected":false},"excerpt":{"rendered":"<p>Tasa de ocupaci\u00f3n hotelera ascendi\u00f3 a 77.7 en el periodo enero-mayo 2023 En el periodo enero-mayo del 2023 la tasa de ocupaci\u00f3n hotelera promedio fue de 77.7%. Esto significa que la ocupaci\u00f3n hotelera estuvo 8.3 puntos porcentuales por encima de la tasa promedio anual de los \u00faltimos 40 a\u00f1os previos a la pandemia (1980-2019) de&#8230;<\/p>\n<div class=\"pvc_clear\"><\/div>\n<p class=\"pvc_stats all \" data-element-id=\"25144\" style=\"\"><i class=\"pvc-stats-icon medium\" aria-hidden=\"true\"><svg aria-hidden=\"true\" focusable=\"false\" data-prefix=\"far\" data-icon=\"chart-bar\" role=\"img\" xmlns=\"http:\/\/www.w3.org\/2000\/svg\" viewBox=\"0 0 512 512\" class=\"svg-inline--fa fa-chart-bar fa-w-16 fa-2x\"><path fill=\"currentColor\" d=\"M396.8 352h22.4c6.4 0 12.8-6.4 12.8-12.8V108.8c0-6.4-6.4-12.8-12.8-12.8h-22.4c-6.4 0-12.8 6.4-12.8 12.8v230.4c0 6.4 6.4 12.8 12.8 12.8zm-192 0h22.4c6.4 0 12.8-6.4 12.8-12.8V140.8c0-6.4-6.4-12.8-12.8-12.8h-22.4c-6.4 0-12.8 6.4-12.8 12.8v198.4c0 6.4 6.4 12.8 12.8 12.8zm96 0h22.4c6.4 0 12.8-6.4 12.8-12.8V204.8c0-6.4-6.4-12.8-12.8-12.8h-22.4c-6.4 0-12.8 6.4-12.8 12.8v134.4c0 6.4 6.4 12.8 12.8 12.8zM496 400H48V80c0-8.84-7.16-16-16-16H16C7.16 64 0 71.16 0 80v336c0 17.67 14.33 32 32 32h464c8.84 0 16-7.16 16-16v-16c0-8.84-7.16-16-16-16zm-387.2-48h22.4c6.4 0 12.8-6.4 12.8-12.8v-70.4c0-6.4-6.4-12.8-12.8-12.8h-22.4c-6.4 0-12.8 6.4-12.8 12.8v70.4c0 6.4 6.4 12.8 12.8 12.8z\" class=\"\"><\/path><\/svg><\/i> Vistas Totales&nbsp;1,631&nbsp;<\/p>\n<div class=\"pvc_clear\"><\/div>\n","protected":false},"author":2,"featured_media":25145,"comment_status":"closed","ping_status":"closed","sticky":false,"template":"","format":"standard","meta":{"footnotes":""},"categories":[21],"tags":[153],"class_list":["post-25144","post","type-post","status-publish","format-standard","has-post-thumbnail","hentry","category-blog","tag-tasa-de-ocupacion-hotelera-ascendio-a-77-7-en-el-periodo-enero-mayo-2023"],"yoast_head":"<!-- This site is optimized with the Yoast SEO plugin v25.2 - https:\/\/yoast.com\/wordpress\/plugins\/seo\/ -->\n<title>Tasa de ocupaci\u00f3n hotelera ascendi\u00f3 a 77.7 en el periodo enero-mayo 2023 | CREES<\/title>\n<meta name=\"robots\" content=\"index, follow, max-snippet:-1, max-image-preview:large, max-video-preview:-1\" \/>\n<link rel=\"canonical\" href=\"https:\/\/crees.org.do\/?p=25144\" \/>\n<meta property=\"og:locale\" content=\"es_ES\" \/>\n<meta property=\"og:type\" content=\"article\" \/>\n<meta property=\"og:title\" content=\"Tasa de ocupaci\u00f3n hotelera ascendi\u00f3 a 77.7 en el periodo enero-mayo 2023 | CREES\" \/>\n<meta property=\"og:description\" content=\"Tasa de ocupaci\u00f3n hotelera ascendi\u00f3 a 77.7 en el periodo enero-mayo 2023 En el periodo enero-mayo del 2023 la tasa de ocupaci\u00f3n hotelera promedio fue de 77.7%. Esto significa que la ocupaci\u00f3n hotelera estuvo 8.3 puntos porcentuales por encima de la tasa promedio anual de los \u00faltimos 40 a\u00f1os previos a la pandemia (1980-2019) de...\" \/>\n<meta property=\"og:url\" content=\"https:\/\/crees.org.do\/?p=25144\" \/>\n<meta property=\"og:site_name\" content=\"CREES\" \/>\n<meta property=\"article:publisher\" content=\"https:\/\/www.facebook.com\/CREESRD\/\" \/>\n<meta property=\"article:published_time\" content=\"2023-06-29T16:06:23+00:00\" \/>\n<meta property=\"og:image\" content=\"https:\/\/crees.org.do\/wp-content\/uploads\/2023\/06\/Slide-1-copy-1-5.png\" \/>\n\t<meta property=\"og:image:width\" content=\"3121\" \/>\n\t<meta property=\"og:image:height\" content=\"3121\" \/>\n\t<meta property=\"og:image:type\" content=\"image\/png\" \/>\n<meta name=\"author\" content=\"Crees\" \/>\n<meta name=\"twitter:card\" content=\"summary_large_image\" \/>\n<meta name=\"twitter:creator\" content=\"@CREESRD\" \/>\n<meta name=\"twitter:site\" content=\"@CREESRD\" \/>\n<meta name=\"twitter:label1\" content=\"Escrito por\" \/>\n\t<meta name=\"twitter:data1\" content=\"Crees\" \/>\n\t<meta name=\"twitter:label2\" content=\"Tiempo de lectura\" \/>\n\t<meta name=\"twitter:data2\" content=\"1 minuto\" \/>\n<script type=\"application\/ld+json\" class=\"yoast-schema-graph\">{\"@context\":\"https:\/\/schema.org\",\"@graph\":[{\"@type\":\"Article\",\"@id\":\"https:\/\/crees.org.do\/?p=25144#article\",\"isPartOf\":{\"@id\":\"https:\/\/crees.org.do\/?p=25144\"},\"author\":{\"name\":\"Crees\",\"@id\":\"https:\/\/crees.org.do\/#\/schema\/person\/e7f97cd94d7bf9cd0e0ce30acb7d56b8\"},\"headline\":\"Tasa de ocupaci\u00f3n hotelera ascendi\u00f3 a 77.7 en el periodo enero-mayo 2023\",\"datePublished\":\"2023-06-29T16:06:23+00:00\",\"mainEntityOfPage\":{\"@id\":\"https:\/\/crees.org.do\/?p=25144\"},\"wordCount\":309,\"publisher\":{\"@id\":\"https:\/\/crees.org.do\/#organization\"},\"image\":{\"@id\":\"https:\/\/crees.org.do\/?p=25144#primaryimage\"},\"thumbnailUrl\":\"https:\/\/crees.org.do\/wp-content\/uploads\/2023\/06\/Slide-1-copy-1-5.png\",\"keywords\":[\"Tasa de ocupaci\u00f3n hotelera ascendi\u00f3 a 77.7 en el periodo enero-mayo 2023\"],\"articleSection\":[\"Blog\"],\"inLanguage\":\"es\"},{\"@type\":\"WebPage\",\"@id\":\"https:\/\/crees.org.do\/?p=25144\",\"url\":\"https:\/\/crees.org.do\/?p=25144\",\"name\":\"Tasa de ocupaci\u00f3n hotelera ascendi\u00f3 a 77.7 en el periodo enero-mayo 2023 | CREES\",\"isPartOf\":{\"@id\":\"https:\/\/crees.org.do\/#website\"},\"primaryImageOfPage\":{\"@id\":\"https:\/\/crees.org.do\/?p=25144#primaryimage\"},\"image\":{\"@id\":\"https:\/\/crees.org.do\/?p=25144#primaryimage\"},\"thumbnailUrl\":\"https:\/\/crees.org.do\/wp-content\/uploads\/2023\/06\/Slide-1-copy-1-5.png\",\"datePublished\":\"2023-06-29T16:06:23+00:00\",\"breadcrumb\":{\"@id\":\"https:\/\/crees.org.do\/?p=25144#breadcrumb\"},\"inLanguage\":\"es\",\"potentialAction\":[{\"@type\":\"ReadAction\",\"target\":[\"https:\/\/crees.org.do\/?p=25144\"]}]},{\"@type\":\"ImageObject\",\"inLanguage\":\"es\",\"@id\":\"https:\/\/crees.org.do\/?p=25144#primaryimage\",\"url\":\"https:\/\/crees.org.do\/wp-content\/uploads\/2023\/06\/Slide-1-copy-1-5.png\",\"contentUrl\":\"https:\/\/crees.org.do\/wp-content\/uploads\/2023\/06\/Slide-1-copy-1-5.png\",\"width\":3121,\"height\":3121},{\"@type\":\"BreadcrumbList\",\"@id\":\"https:\/\/crees.org.do\/?p=25144#breadcrumb\",\"itemListElement\":[{\"@type\":\"ListItem\",\"position\":1,\"name\":\"Portada\",\"item\":\"https:\/\/crees.org.do\/\"},{\"@type\":\"ListItem\",\"position\":2,\"name\":\"Tasa de ocupaci\u00f3n hotelera ascendi\u00f3 a 77.7 en el periodo enero-mayo 2023\"}]},{\"@type\":\"WebSite\",\"@id\":\"https:\/\/crees.org.do\/#website\",\"url\":\"https:\/\/crees.org.do\/\",\"name\":\"CREES\",\"description\":\"Centro Regional de Estrategias Econ\u00f3micas Sostenibles\",\"publisher\":{\"@id\":\"https:\/\/crees.org.do\/#organization\"},\"potentialAction\":[{\"@type\":\"SearchAction\",\"target\":{\"@type\":\"EntryPoint\",\"urlTemplate\":\"https:\/\/crees.org.do\/?s={search_term_string}\"},\"query-input\":{\"@type\":\"PropertyValueSpecification\",\"valueRequired\":true,\"valueName\":\"search_term_string\"}}],\"inLanguage\":\"es\"},{\"@type\":\"Organization\",\"@id\":\"https:\/\/crees.org.do\/#organization\",\"name\":\"CREES | Centro Regional de Estrategias Econ\u00f3micas Sostenibles\",\"url\":\"https:\/\/crees.org.do\/\",\"logo\":{\"@type\":\"ImageObject\",\"inLanguage\":\"es\",\"@id\":\"https:\/\/crees.org.do\/#\/schema\/logo\/image\/\",\"url\":\"https:\/\/crees.org.do\/wp-content\/uploads\/2022\/03\/crees-logo-1.jpg\",\"contentUrl\":\"https:\/\/crees.org.do\/wp-content\/uploads\/2022\/03\/crees-logo-1.jpg\",\"width\":244,\"height\":71,\"caption\":\"CREES | Centro Regional de Estrategias Econ\u00f3micas Sostenibles\"},\"image\":{\"@id\":\"https:\/\/crees.org.do\/#\/schema\/logo\/image\/\"},\"sameAs\":[\"https:\/\/www.facebook.com\/CREESRD\/\",\"https:\/\/x.com\/CREESRD\"]},{\"@type\":\"Person\",\"@id\":\"https:\/\/crees.org.do\/#\/schema\/person\/e7f97cd94d7bf9cd0e0ce30acb7d56b8\",\"name\":\"Crees\",\"image\":{\"@type\":\"ImageObject\",\"inLanguage\":\"es\",\"@id\":\"https:\/\/crees.org.do\/#\/schema\/person\/image\/\",\"url\":\"https:\/\/secure.gravatar.com\/avatar\/390ac8f0be5d9aa046152553e2dd7011b59a512d89c150f5e5f28bb8d9a0b165?s=96&d=mm&r=g\",\"contentUrl\":\"https:\/\/secure.gravatar.com\/avatar\/390ac8f0be5d9aa046152553e2dd7011b59a512d89c150f5e5f28bb8d9a0b165?s=96&d=mm&r=g\",\"caption\":\"Crees\"},\"url\":\"https:\/\/crees.org.do\/?author=2\"}]}<\/script>\n<!-- \/ Yoast SEO plugin. -->","yoast_head_json":{"title":"Tasa de ocupaci\u00f3n hotelera ascendi\u00f3 a 77.7 en el periodo enero-mayo 2023 | CREES","robots":{"index":"index","follow":"follow","max-snippet":"max-snippet:-1","max-image-preview":"max-image-preview:large","max-video-preview":"max-video-preview:-1"},"canonical":"https:\/\/crees.org.do\/?p=25144","og_locale":"es_ES","og_type":"article","og_title":"Tasa de ocupaci\u00f3n hotelera ascendi\u00f3 a 77.7 en el periodo enero-mayo 2023 | CREES","og_description":"Tasa de ocupaci\u00f3n hotelera ascendi\u00f3 a 77.7 en el periodo enero-mayo 2023 En el periodo enero-mayo del 2023 la tasa de ocupaci\u00f3n hotelera promedio fue de 77.7%. Esto significa que la ocupaci\u00f3n hotelera estuvo 8.3 puntos porcentuales por encima de la tasa promedio anual de los \u00faltimos 40 a\u00f1os previos a la pandemia (1980-2019) de...","og_url":"https:\/\/crees.org.do\/?p=25144","og_site_name":"CREES","article_publisher":"https:\/\/www.facebook.com\/CREESRD\/","article_published_time":"2023-06-29T16:06:23+00:00","og_image":[{"width":3121,"height":3121,"url":"https:\/\/crees.org.do\/wp-content\/uploads\/2023\/06\/Slide-1-copy-1-5.png","type":"image\/png"}],"author":"Crees","twitter_card":"summary_large_image","twitter_creator":"@CREESRD","twitter_site":"@CREESRD","twitter_misc":{"Escrito por":"Crees","Tiempo de lectura":"1 minuto"},"schema":{"@context":"https:\/\/schema.org","@graph":[{"@type":"Article","@id":"https:\/\/crees.org.do\/?p=25144#article","isPartOf":{"@id":"https:\/\/crees.org.do\/?p=25144"},"author":{"name":"Crees","@id":"https:\/\/crees.org.do\/#\/schema\/person\/e7f97cd94d7bf9cd0e0ce30acb7d56b8"},"headline":"Tasa de ocupaci\u00f3n hotelera ascendi\u00f3 a 77.7 en el periodo enero-mayo 2023","datePublished":"2023-06-29T16:06:23+00:00","mainEntityOfPage":{"@id":"https:\/\/crees.org.do\/?p=25144"},"wordCount":309,"publisher":{"@id":"https:\/\/crees.org.do\/#organization"},"image":{"@id":"https:\/\/crees.org.do\/?p=25144#primaryimage"},"thumbnailUrl":"https:\/\/crees.org.do\/wp-content\/uploads\/2023\/06\/Slide-1-copy-1-5.png","keywords":["Tasa de ocupaci\u00f3n hotelera ascendi\u00f3 a 77.7 en el periodo enero-mayo 2023"],"articleSection":["Blog"],"inLanguage":"es"},{"@type":"WebPage","@id":"https:\/\/crees.org.do\/?p=25144","url":"https:\/\/crees.org.do\/?p=25144","name":"Tasa de ocupaci\u00f3n hotelera ascendi\u00f3 a 77.7 en el periodo enero-mayo 2023 | CREES","isPartOf":{"@id":"https:\/\/crees.org.do\/#website"},"primaryImageOfPage":{"@id":"https:\/\/crees.org.do\/?p=25144#primaryimage"},"image":{"@id":"https:\/\/crees.org.do\/?p=25144#primaryimage"},"thumbnailUrl":"https:\/\/crees.org.do\/wp-content\/uploads\/2023\/06\/Slide-1-copy-1-5.png","datePublished":"2023-06-29T16:06:23+00:00","breadcrumb":{"@id":"https:\/\/crees.org.do\/?p=25144#breadcrumb"},"inLanguage":"es","potentialAction":[{"@type":"ReadAction","target":["https:\/\/crees.org.do\/?p=25144"]}]},{"@type":"ImageObject","inLanguage":"es","@id":"https:\/\/crees.org.do\/?p=25144#primaryimage","url":"https:\/\/crees.org.do\/wp-content\/uploads\/2023\/06\/Slide-1-copy-1-5.png","contentUrl":"https:\/\/crees.org.do\/wp-content\/uploads\/2023\/06\/Slide-1-copy-1-5.png","width":3121,"height":3121},{"@type":"BreadcrumbList","@id":"https:\/\/crees.org.do\/?p=25144#breadcrumb","itemListElement":[{"@type":"ListItem","position":1,"name":"Portada","item":"https:\/\/crees.org.do\/"},{"@type":"ListItem","position":2,"name":"Tasa de ocupaci\u00f3n hotelera ascendi\u00f3 a 77.7 en el periodo enero-mayo 2023"}]},{"@type":"WebSite","@id":"https:\/\/crees.org.do\/#website","url":"https:\/\/crees.org.do\/","name":"CREES","description":"Centro Regional de Estrategias Econ\u00f3micas Sostenibles","publisher":{"@id":"https:\/\/crees.org.do\/#organization"},"potentialAction":[{"@type":"SearchAction","target":{"@type":"EntryPoint","urlTemplate":"https:\/\/crees.org.do\/?s={search_term_string}"},"query-input":{"@type":"PropertyValueSpecification","valueRequired":true,"valueName":"search_term_string"}}],"inLanguage":"es"},{"@type":"Organization","@id":"https:\/\/crees.org.do\/#organization","name":"CREES | Centro Regional de Estrategias Econ\u00f3micas Sostenibles","url":"https:\/\/crees.org.do\/","logo":{"@type":"ImageObject","inLanguage":"es","@id":"https:\/\/crees.org.do\/#\/schema\/logo\/image\/","url":"https:\/\/crees.org.do\/wp-content\/uploads\/2022\/03\/crees-logo-1.jpg","contentUrl":"https:\/\/crees.org.do\/wp-content\/uploads\/2022\/03\/crees-logo-1.jpg","width":244,"height":71,"caption":"CREES | Centro Regional de Estrategias Econ\u00f3micas Sostenibles"},"image":{"@id":"https:\/\/crees.org.do\/#\/schema\/logo\/image\/"},"sameAs":["https:\/\/www.facebook.com\/CREESRD\/","https:\/\/x.com\/CREESRD"]},{"@type":"Person","@id":"https:\/\/crees.org.do\/#\/schema\/person\/e7f97cd94d7bf9cd0e0ce30acb7d56b8","name":"Crees","image":{"@type":"ImageObject","inLanguage":"es","@id":"https:\/\/crees.org.do\/#\/schema\/person\/image\/","url":"https:\/\/secure.gravatar.com\/avatar\/390ac8f0be5d9aa046152553e2dd7011b59a512d89c150f5e5f28bb8d9a0b165?s=96&d=mm&r=g","contentUrl":"https:\/\/secure.gravatar.com\/avatar\/390ac8f0be5d9aa046152553e2dd7011b59a512d89c150f5e5f28bb8d9a0b165?s=96&d=mm&r=g","caption":"Crees"},"url":"https:\/\/crees.org.do\/?author=2"}]}},"_links":{"self":[{"href":"https:\/\/crees.org.do\/index.php?rest_route=\/wp\/v2\/posts\/25144","targetHints":{"allow":["GET"]}}],"collection":[{"href":"https:\/\/crees.org.do\/index.php?rest_route=\/wp\/v2\/posts"}],"about":[{"href":"https:\/\/crees.org.do\/index.php?rest_route=\/wp\/v2\/types\/post"}],"author":[{"embeddable":true,"href":"https:\/\/crees.org.do\/index.php?rest_route=\/wp\/v2\/users\/2"}],"replies":[{"embeddable":true,"href":"https:\/\/crees.org.do\/index.php?rest_route=%2Fwp%2Fv2%2Fcomments&post=25144"}],"version-history":[{"count":1,"href":"https:\/\/crees.org.do\/index.php?rest_route=\/wp\/v2\/posts\/25144\/revisions"}],"predecessor-version":[{"id":25146,"href":"https:\/\/crees.org.do\/index.php?rest_route=\/wp\/v2\/posts\/25144\/revisions\/25146"}],"wp:featuredmedia":[{"embeddable":true,"href":"https:\/\/crees.org.do\/index.php?rest_route=\/wp\/v2\/media\/25145"}],"wp:attachment":[{"href":"https:\/\/crees.org.do\/index.php?rest_route=%2Fwp%2Fv2%2Fmedia&parent=25144"}],"wp:term":[{"taxonomy":"category","embeddable":true,"href":"https:\/\/crees.org.do\/index.php?rest_route=%2Fwp%2Fv2%2Fcategories&post=25144"},{"taxonomy":"post_tag","embeddable":true,"href":"https:\/\/crees.org.do\/index.php?rest_route=%2Fwp%2Fv2%2Ftags&post=25144"}],"curies":[{"name":"wp","href":"https:\/\/api.w.org\/{rel}","templated":true}]}}