{"id":25159,"date":"2023-07-03T16:47:37","date_gmt":"2023-07-03T16:47:37","guid":{"rendered":"https:\/\/crees.org.do\/?p=25159"},"modified":"2023-07-07T13:59:17","modified_gmt":"2023-07-07T13:59:17","slug":"la-tasa-de-interes-activa-promedio-fue-de-12-3-mientras-que-la-pasiva-promedio-fue-de-9-5-en-junio-de-2023","status":"publish","type":"post","link":"https:\/\/crees.org.do\/?p=25159","title":{"rendered":"Tasa de inter\u00e9s activa y pasiva promedio ponderado a junio de 2023"},"content":{"rendered":"<p><img fetchpriority=\"high\" decoding=\"async\" class=\"aligncenter wp-image-25160\" src=\"https:\/\/crees.org.do\/wp-content\/uploads\/2023\/07\/Screen-Shot-2023-07-03-at-12.21.17-PM.png\" alt=\"\" width=\"869\" height=\"869\" srcset=\"https:\/\/crees.org.do\/wp-content\/uploads\/2023\/07\/Screen-Shot-2023-07-03-at-12.21.17-PM.png 1484w, https:\/\/crees.org.do\/wp-content\/uploads\/2023\/07\/Screen-Shot-2023-07-03-at-12.21.17-PM-450x450.png 450w, https:\/\/crees.org.do\/wp-content\/uploads\/2023\/07\/Screen-Shot-2023-07-03-at-12.21.17-PM-150x150.png 150w, https:\/\/crees.org.do\/wp-content\/uploads\/2023\/07\/Screen-Shot-2023-07-03-at-12.21.17-PM-768x768.png 768w, https:\/\/crees.org.do\/wp-content\/uploads\/2023\/07\/Screen-Shot-2023-07-03-at-12.21.17-PM-300x300.png 300w, https:\/\/crees.org.do\/wp-content\/uploads\/2023\/07\/Screen-Shot-2023-07-03-at-12.21.17-PM-600x600.png 600w, https:\/\/crees.org.do\/wp-content\/uploads\/2023\/07\/Screen-Shot-2023-07-03-at-12.21.17-PM-100x100.png 100w\" sizes=\"(max-width: 869px) 100vw, 869px\" \/><\/p>\n<h2>La tasa de inter\u00e9s activa promedio fue de 12.3%, mientras que la pasiva promedio fue de 9.5%, en junio de 2023<\/h2>\n<p style=\"text-align: justify;\">En junio de 2023, la tasa de inter\u00e9s activa promedio ponderada de los Bancos M\u00faltiples fue de 12.3%, mientras que la tasa de inter\u00e9s pasiva promedio ponderada de los Bancos M\u00faltiples fue de 9.4%, lo que equivale a un margen de intermediaci\u00f3n promedio de 2.9 puntos porcentuales.<\/p>\n<p style=\"text-align: justify;\">Se entiende como tasa de inter\u00e9s activa al porcentaje cobrado por las entidades financieras sobre el dinero que prestan y como tasa de inter\u00e9s pasiva al porcentaje que pagan las entidades financieras a los ahorrantes por mantener sus fondos en las cuentas del banco.<\/p>\n<p style=\"text-align: justify;\">Con respecto a junio del 2022, las tasas de inter\u00e9s activa y pasiva promedio se ubicaron 0.6 y 3.6 puntos porcentuales por encima, respectivamente.<\/p>\n<p style=\"text-align: justify;\">Entre noviembre de 2021 y octubre de 2022, el Banco Central de la Rep\u00fablica Dominicana (BCRD) increment\u00f3 la tasa de pol\u00edtica monetaria (TPM) en 550 puntos b\u00e1sicos, pasando de 3.00% a 8.50%. La TPM se mantuvo en este nivel hasta mayo de 2023, cuando el BCRD decidi\u00f3 comenzar a normalizar su postura de pol\u00edtica monetaria y redujo la TPM en 50 puntos b\u00e1sicos, pasando de 8.50% a 8.00%. Desde el incremento de la TPM en noviembre de 2022 hasta mayo de 2023 la tasa de inter\u00e9s activa se increment\u00f3 en 6.0 puntos porcentuales, mientras que la tasa de inter\u00e9s pasiva se increment\u00f3 en 8.2 puntos porcentuales.<\/p>\n<p style=\"text-align: justify;\">En junio de 2023 las tasas de inter\u00e9s de la banca m\u00faltiple han reflejado la disminuci\u00f3n de la tasa de inter\u00e9s de referencia. De igual forma, las medidas adicionales de provisi\u00f3n de liquidez adoptadas por el BCRD contribuyeron a la reducci\u00f3n de las tasas de inter\u00e9s promedio en este mes. En comparaci\u00f3n con el mes anterior, la tasas de inter\u00e9s activa y pasiva que se redujeron en unos 3.6 y 0.9 puntos porcentuales, respectivamente.<\/p>\n<p style=\"text-align: justify;\">Cabe mencionar que en su reuni\u00f3n de pol\u00edtica monetaria de junio, el BCRD redujo la TPM en 25 puntos b\u00e1sicos, pasando de 8.00% a 7.75%, lo que continuar\u00e1 traduci\u00e9ndose en reducciones de las tasas de inter\u00e9s bancaria, as\u00ed como la de otras entidades de intermediaci\u00f3n financiera.<\/p>\n<div class=\"pvc_clear\"><\/div>\n<p class=\"pvc_stats all \" data-element-id=\"25159\" style=\"\"><i class=\"pvc-stats-icon medium\" aria-hidden=\"true\"><svg aria-hidden=\"true\" focusable=\"false\" data-prefix=\"far\" data-icon=\"chart-bar\" role=\"img\" xmlns=\"http:\/\/www.w3.org\/2000\/svg\" viewBox=\"0 0 512 512\" class=\"svg-inline--fa fa-chart-bar fa-w-16 fa-2x\"><path fill=\"currentColor\" d=\"M396.8 352h22.4c6.4 0 12.8-6.4 12.8-12.8V108.8c0-6.4-6.4-12.8-12.8-12.8h-22.4c-6.4 0-12.8 6.4-12.8 12.8v230.4c0 6.4 6.4 12.8 12.8 12.8zm-192 0h22.4c6.4 0 12.8-6.4 12.8-12.8V140.8c0-6.4-6.4-12.8-12.8-12.8h-22.4c-6.4 0-12.8 6.4-12.8 12.8v198.4c0 6.4 6.4 12.8 12.8 12.8zm96 0h22.4c6.4 0 12.8-6.4 12.8-12.8V204.8c0-6.4-6.4-12.8-12.8-12.8h-22.4c-6.4 0-12.8 6.4-12.8 12.8v134.4c0 6.4 6.4 12.8 12.8 12.8zM496 400H48V80c0-8.84-7.16-16-16-16H16C7.16 64 0 71.16 0 80v336c0 17.67 14.33 32 32 32h464c8.84 0 16-7.16 16-16v-16c0-8.84-7.16-16-16-16zm-387.2-48h22.4c6.4 0 12.8-6.4 12.8-12.8v-70.4c0-6.4-6.4-12.8-12.8-12.8h-22.4c-6.4 0-12.8 6.4-12.8 12.8v70.4c0 6.4 6.4 12.8 12.8 12.8z\" class=\"\"><\/path><\/svg><\/i> Vistas Totales&nbsp;1,459&nbsp;, Vistas Hoy&nbsp;2&nbsp;<\/p>\n<div class=\"pvc_clear\"><\/div>\n","protected":false},"excerpt":{"rendered":"<p>La tasa de inter\u00e9s activa promedio fue de 12.3%, mientras que la pasiva promedio fue de 9.5%, en junio de 2023 En junio de 2023, la tasa de inter\u00e9s activa promedio ponderada de los Bancos M\u00faltiples fue de 12.3%, mientras que la tasa de inter\u00e9s pasiva promedio ponderada de los Bancos M\u00faltiples fue de 9.4%,&#8230;<\/p>\n<div class=\"pvc_clear\"><\/div>\n<p class=\"pvc_stats all \" data-element-id=\"25159\" style=\"\"><i class=\"pvc-stats-icon medium\" aria-hidden=\"true\"><svg aria-hidden=\"true\" focusable=\"false\" data-prefix=\"far\" data-icon=\"chart-bar\" role=\"img\" xmlns=\"http:\/\/www.w3.org\/2000\/svg\" viewBox=\"0 0 512 512\" class=\"svg-inline--fa fa-chart-bar fa-w-16 fa-2x\"><path fill=\"currentColor\" d=\"M396.8 352h22.4c6.4 0 12.8-6.4 12.8-12.8V108.8c0-6.4-6.4-12.8-12.8-12.8h-22.4c-6.4 0-12.8 6.4-12.8 12.8v230.4c0 6.4 6.4 12.8 12.8 12.8zm-192 0h22.4c6.4 0 12.8-6.4 12.8-12.8V140.8c0-6.4-6.4-12.8-12.8-12.8h-22.4c-6.4 0-12.8 6.4-12.8 12.8v198.4c0 6.4 6.4 12.8 12.8 12.8zm96 0h22.4c6.4 0 12.8-6.4 12.8-12.8V204.8c0-6.4-6.4-12.8-12.8-12.8h-22.4c-6.4 0-12.8 6.4-12.8 12.8v134.4c0 6.4 6.4 12.8 12.8 12.8zM496 400H48V80c0-8.84-7.16-16-16-16H16C7.16 64 0 71.16 0 80v336c0 17.67 14.33 32 32 32h464c8.84 0 16-7.16 16-16v-16c0-8.84-7.16-16-16-16zm-387.2-48h22.4c6.4 0 12.8-6.4 12.8-12.8v-70.4c0-6.4-6.4-12.8-12.8-12.8h-22.4c-6.4 0-12.8 6.4-12.8 12.8v70.4c0 6.4 6.4 12.8 12.8 12.8z\" class=\"\"><\/path><\/svg><\/i> Vistas Totales&nbsp;1,459&nbsp;, Vistas Hoy&nbsp;2&nbsp;<\/p>\n<div class=\"pvc_clear\"><\/div>\n","protected":false},"author":2,"featured_media":25160,"comment_status":"closed","ping_status":"closed","sticky":false,"template":"","format":"standard","meta":{"footnotes":""},"categories":[21],"tags":[158,156,157],"class_list":["post-25159","post","type-post","status-publish","format-standard","has-post-thumbnail","hentry","category-blog","tag-en-junio-de-2023","tag-la-tasa-de-interes-activa-promedio-fue-de-12-3","tag-mientras-que-la-pasiva-promedio-fue-de-9-5"],"yoast_head":"<!-- This site is optimized with the Yoast SEO plugin v25.2 - https:\/\/yoast.com\/wordpress\/plugins\/seo\/ -->\n<title>Tasa de inter\u00e9s activa y pasiva promedio ponderado a junio de 2023 | CREES<\/title>\n<meta name=\"robots\" content=\"index, follow, max-snippet:-1, max-image-preview:large, max-video-preview:-1\" \/>\n<link rel=\"canonical\" href=\"https:\/\/crees.org.do\/?p=25159\" \/>\n<meta property=\"og:locale\" content=\"es_ES\" \/>\n<meta property=\"og:type\" content=\"article\" \/>\n<meta property=\"og:title\" content=\"Tasa de inter\u00e9s activa y pasiva promedio ponderado a junio de 2023 | CREES\" \/>\n<meta property=\"og:description\" content=\"La tasa de inter\u00e9s activa promedio fue de 12.3%, mientras que la pasiva promedio fue de 9.5%, en junio de 2023 En junio de 2023, la tasa de inter\u00e9s activa promedio ponderada de los Bancos M\u00faltiples fue de 12.3%, mientras que la tasa de inter\u00e9s pasiva promedio ponderada de los Bancos M\u00faltiples fue de 9.4%,...\" \/>\n<meta property=\"og:url\" content=\"https:\/\/crees.org.do\/?p=25159\" \/>\n<meta property=\"og:site_name\" content=\"CREES\" \/>\n<meta property=\"article:publisher\" content=\"https:\/\/www.facebook.com\/CREESRD\/\" \/>\n<meta property=\"article:published_time\" content=\"2023-07-03T16:47:37+00:00\" \/>\n<meta property=\"article:modified_time\" content=\"2023-07-07T13:59:17+00:00\" \/>\n<meta property=\"og:image\" content=\"https:\/\/crees.org.do\/wp-content\/uploads\/2023\/07\/Screen-Shot-2023-07-03-at-12.21.17-PM.png\" \/>\n\t<meta property=\"og:image:width\" content=\"1484\" \/>\n\t<meta property=\"og:image:height\" content=\"1484\" \/>\n\t<meta property=\"og:image:type\" content=\"image\/png\" \/>\n<meta name=\"author\" content=\"Crees\" \/>\n<meta name=\"twitter:card\" content=\"summary_large_image\" \/>\n<meta name=\"twitter:creator\" content=\"@CREESRD\" \/>\n<meta name=\"twitter:site\" content=\"@CREESRD\" \/>\n<meta name=\"twitter:label1\" content=\"Escrito por\" \/>\n\t<meta name=\"twitter:data1\" content=\"Crees\" \/>\n\t<meta name=\"twitter:label2\" content=\"Tiempo de lectura\" \/>\n\t<meta name=\"twitter:data2\" content=\"2 minutos\" \/>\n<script type=\"application\/ld+json\" class=\"yoast-schema-graph\">{\"@context\":\"https:\/\/schema.org\",\"@graph\":[{\"@type\":\"Article\",\"@id\":\"https:\/\/crees.org.do\/?p=25159#article\",\"isPartOf\":{\"@id\":\"https:\/\/crees.org.do\/?p=25159\"},\"author\":{\"name\":\"Crees\",\"@id\":\"https:\/\/crees.org.do\/#\/schema\/person\/e7f97cd94d7bf9cd0e0ce30acb7d56b8\"},\"headline\":\"Tasa de inter\u00e9s activa y pasiva promedio ponderado a junio de 2023\",\"datePublished\":\"2023-07-03T16:47:37+00:00\",\"dateModified\":\"2023-07-07T13:59:17+00:00\",\"mainEntityOfPage\":{\"@id\":\"https:\/\/crees.org.do\/?p=25159\"},\"wordCount\":376,\"publisher\":{\"@id\":\"https:\/\/crees.org.do\/#organization\"},\"image\":{\"@id\":\"https:\/\/crees.org.do\/?p=25159#primaryimage\"},\"thumbnailUrl\":\"https:\/\/crees.org.do\/wp-content\/uploads\/2023\/07\/Screen-Shot-2023-07-03-at-12.21.17-PM.png\",\"keywords\":[\"en junio de 2023\",\"La tasa de inter\u00e9s activa promedio fue de 12.3%\",\"mientras que la pasiva promedio fue de 9.5%\"],\"articleSection\":[\"Blog\"],\"inLanguage\":\"es\"},{\"@type\":\"WebPage\",\"@id\":\"https:\/\/crees.org.do\/?p=25159\",\"url\":\"https:\/\/crees.org.do\/?p=25159\",\"name\":\"Tasa de inter\u00e9s activa y pasiva promedio ponderado a junio de 2023 | CREES\",\"isPartOf\":{\"@id\":\"https:\/\/crees.org.do\/#website\"},\"primaryImageOfPage\":{\"@id\":\"https:\/\/crees.org.do\/?p=25159#primaryimage\"},\"image\":{\"@id\":\"https:\/\/crees.org.do\/?p=25159#primaryimage\"},\"thumbnailUrl\":\"https:\/\/crees.org.do\/wp-content\/uploads\/2023\/07\/Screen-Shot-2023-07-03-at-12.21.17-PM.png\",\"datePublished\":\"2023-07-03T16:47:37+00:00\",\"dateModified\":\"2023-07-07T13:59:17+00:00\",\"breadcrumb\":{\"@id\":\"https:\/\/crees.org.do\/?p=25159#breadcrumb\"},\"inLanguage\":\"es\",\"potentialAction\":[{\"@type\":\"ReadAction\",\"target\":[\"https:\/\/crees.org.do\/?p=25159\"]}]},{\"@type\":\"ImageObject\",\"inLanguage\":\"es\",\"@id\":\"https:\/\/crees.org.do\/?p=25159#primaryimage\",\"url\":\"https:\/\/crees.org.do\/wp-content\/uploads\/2023\/07\/Screen-Shot-2023-07-03-at-12.21.17-PM.png\",\"contentUrl\":\"https:\/\/crees.org.do\/wp-content\/uploads\/2023\/07\/Screen-Shot-2023-07-03-at-12.21.17-PM.png\",\"width\":1484,\"height\":1484},{\"@type\":\"BreadcrumbList\",\"@id\":\"https:\/\/crees.org.do\/?p=25159#breadcrumb\",\"itemListElement\":[{\"@type\":\"ListItem\",\"position\":1,\"name\":\"Portada\",\"item\":\"https:\/\/crees.org.do\/\"},{\"@type\":\"ListItem\",\"position\":2,\"name\":\"Tasa de inter\u00e9s activa y pasiva promedio ponderado a junio de 2023\"}]},{\"@type\":\"WebSite\",\"@id\":\"https:\/\/crees.org.do\/#website\",\"url\":\"https:\/\/crees.org.do\/\",\"name\":\"CREES\",\"description\":\"Centro Regional de Estrategias Econ\u00f3micas Sostenibles\",\"publisher\":{\"@id\":\"https:\/\/crees.org.do\/#organization\"},\"potentialAction\":[{\"@type\":\"SearchAction\",\"target\":{\"@type\":\"EntryPoint\",\"urlTemplate\":\"https:\/\/crees.org.do\/?s={search_term_string}\"},\"query-input\":{\"@type\":\"PropertyValueSpecification\",\"valueRequired\":true,\"valueName\":\"search_term_string\"}}],\"inLanguage\":\"es\"},{\"@type\":\"Organization\",\"@id\":\"https:\/\/crees.org.do\/#organization\",\"name\":\"CREES | Centro Regional de Estrategias Econ\u00f3micas Sostenibles\",\"url\":\"https:\/\/crees.org.do\/\",\"logo\":{\"@type\":\"ImageObject\",\"inLanguage\":\"es\",\"@id\":\"https:\/\/crees.org.do\/#\/schema\/logo\/image\/\",\"url\":\"https:\/\/crees.org.do\/wp-content\/uploads\/2022\/03\/crees-logo-1.jpg\",\"contentUrl\":\"https:\/\/crees.org.do\/wp-content\/uploads\/2022\/03\/crees-logo-1.jpg\",\"width\":244,\"height\":71,\"caption\":\"CREES | Centro Regional de Estrategias Econ\u00f3micas Sostenibles\"},\"image\":{\"@id\":\"https:\/\/crees.org.do\/#\/schema\/logo\/image\/\"},\"sameAs\":[\"https:\/\/www.facebook.com\/CREESRD\/\",\"https:\/\/x.com\/CREESRD\"]},{\"@type\":\"Person\",\"@id\":\"https:\/\/crees.org.do\/#\/schema\/person\/e7f97cd94d7bf9cd0e0ce30acb7d56b8\",\"name\":\"Crees\",\"image\":{\"@type\":\"ImageObject\",\"inLanguage\":\"es\",\"@id\":\"https:\/\/crees.org.do\/#\/schema\/person\/image\/\",\"url\":\"https:\/\/secure.gravatar.com\/avatar\/390ac8f0be5d9aa046152553e2dd7011b59a512d89c150f5e5f28bb8d9a0b165?s=96&d=mm&r=g\",\"contentUrl\":\"https:\/\/secure.gravatar.com\/avatar\/390ac8f0be5d9aa046152553e2dd7011b59a512d89c150f5e5f28bb8d9a0b165?s=96&d=mm&r=g\",\"caption\":\"Crees\"},\"url\":\"https:\/\/crees.org.do\/?author=2\"}]}<\/script>\n<!-- \/ Yoast SEO plugin. -->","yoast_head_json":{"title":"Tasa de inter\u00e9s activa y pasiva promedio ponderado a junio de 2023 | CREES","robots":{"index":"index","follow":"follow","max-snippet":"max-snippet:-1","max-image-preview":"max-image-preview:large","max-video-preview":"max-video-preview:-1"},"canonical":"https:\/\/crees.org.do\/?p=25159","og_locale":"es_ES","og_type":"article","og_title":"Tasa de inter\u00e9s activa y pasiva promedio ponderado a junio de 2023 | CREES","og_description":"La tasa de inter\u00e9s activa promedio fue de 12.3%, mientras que la pasiva promedio fue de 9.5%, en junio de 2023 En junio de 2023, la tasa de inter\u00e9s activa promedio ponderada de los Bancos M\u00faltiples fue de 12.3%, mientras que la tasa de inter\u00e9s pasiva promedio ponderada de los Bancos M\u00faltiples fue de 9.4%,...","og_url":"https:\/\/crees.org.do\/?p=25159","og_site_name":"CREES","article_publisher":"https:\/\/www.facebook.com\/CREESRD\/","article_published_time":"2023-07-03T16:47:37+00:00","article_modified_time":"2023-07-07T13:59:17+00:00","og_image":[{"width":1484,"height":1484,"url":"https:\/\/crees.org.do\/wp-content\/uploads\/2023\/07\/Screen-Shot-2023-07-03-at-12.21.17-PM.png","type":"image\/png"}],"author":"Crees","twitter_card":"summary_large_image","twitter_creator":"@CREESRD","twitter_site":"@CREESRD","twitter_misc":{"Escrito por":"Crees","Tiempo de lectura":"2 minutos"},"schema":{"@context":"https:\/\/schema.org","@graph":[{"@type":"Article","@id":"https:\/\/crees.org.do\/?p=25159#article","isPartOf":{"@id":"https:\/\/crees.org.do\/?p=25159"},"author":{"name":"Crees","@id":"https:\/\/crees.org.do\/#\/schema\/person\/e7f97cd94d7bf9cd0e0ce30acb7d56b8"},"headline":"Tasa de inter\u00e9s activa y pasiva promedio ponderado a junio de 2023","datePublished":"2023-07-03T16:47:37+00:00","dateModified":"2023-07-07T13:59:17+00:00","mainEntityOfPage":{"@id":"https:\/\/crees.org.do\/?p=25159"},"wordCount":376,"publisher":{"@id":"https:\/\/crees.org.do\/#organization"},"image":{"@id":"https:\/\/crees.org.do\/?p=25159#primaryimage"},"thumbnailUrl":"https:\/\/crees.org.do\/wp-content\/uploads\/2023\/07\/Screen-Shot-2023-07-03-at-12.21.17-PM.png","keywords":["en junio de 2023","La tasa de inter\u00e9s activa promedio fue de 12.3%","mientras que la pasiva promedio fue de 9.5%"],"articleSection":["Blog"],"inLanguage":"es"},{"@type":"WebPage","@id":"https:\/\/crees.org.do\/?p=25159","url":"https:\/\/crees.org.do\/?p=25159","name":"Tasa de inter\u00e9s activa y pasiva promedio ponderado a junio de 2023 | CREES","isPartOf":{"@id":"https:\/\/crees.org.do\/#website"},"primaryImageOfPage":{"@id":"https:\/\/crees.org.do\/?p=25159#primaryimage"},"image":{"@id":"https:\/\/crees.org.do\/?p=25159#primaryimage"},"thumbnailUrl":"https:\/\/crees.org.do\/wp-content\/uploads\/2023\/07\/Screen-Shot-2023-07-03-at-12.21.17-PM.png","datePublished":"2023-07-03T16:47:37+00:00","dateModified":"2023-07-07T13:59:17+00:00","breadcrumb":{"@id":"https:\/\/crees.org.do\/?p=25159#breadcrumb"},"inLanguage":"es","potentialAction":[{"@type":"ReadAction","target":["https:\/\/crees.org.do\/?p=25159"]}]},{"@type":"ImageObject","inLanguage":"es","@id":"https:\/\/crees.org.do\/?p=25159#primaryimage","url":"https:\/\/crees.org.do\/wp-content\/uploads\/2023\/07\/Screen-Shot-2023-07-03-at-12.21.17-PM.png","contentUrl":"https:\/\/crees.org.do\/wp-content\/uploads\/2023\/07\/Screen-Shot-2023-07-03-at-12.21.17-PM.png","width":1484,"height":1484},{"@type":"BreadcrumbList","@id":"https:\/\/crees.org.do\/?p=25159#breadcrumb","itemListElement":[{"@type":"ListItem","position":1,"name":"Portada","item":"https:\/\/crees.org.do\/"},{"@type":"ListItem","position":2,"name":"Tasa de inter\u00e9s activa y pasiva promedio ponderado a junio de 2023"}]},{"@type":"WebSite","@id":"https:\/\/crees.org.do\/#website","url":"https:\/\/crees.org.do\/","name":"CREES","description":"Centro Regional de Estrategias Econ\u00f3micas Sostenibles","publisher":{"@id":"https:\/\/crees.org.do\/#organization"},"potentialAction":[{"@type":"SearchAction","target":{"@type":"EntryPoint","urlTemplate":"https:\/\/crees.org.do\/?s={search_term_string}"},"query-input":{"@type":"PropertyValueSpecification","valueRequired":true,"valueName":"search_term_string"}}],"inLanguage":"es"},{"@type":"Organization","@id":"https:\/\/crees.org.do\/#organization","name":"CREES | Centro Regional de Estrategias Econ\u00f3micas Sostenibles","url":"https:\/\/crees.org.do\/","logo":{"@type":"ImageObject","inLanguage":"es","@id":"https:\/\/crees.org.do\/#\/schema\/logo\/image\/","url":"https:\/\/crees.org.do\/wp-content\/uploads\/2022\/03\/crees-logo-1.jpg","contentUrl":"https:\/\/crees.org.do\/wp-content\/uploads\/2022\/03\/crees-logo-1.jpg","width":244,"height":71,"caption":"CREES | Centro Regional de Estrategias Econ\u00f3micas Sostenibles"},"image":{"@id":"https:\/\/crees.org.do\/#\/schema\/logo\/image\/"},"sameAs":["https:\/\/www.facebook.com\/CREESRD\/","https:\/\/x.com\/CREESRD"]},{"@type":"Person","@id":"https:\/\/crees.org.do\/#\/schema\/person\/e7f97cd94d7bf9cd0e0ce30acb7d56b8","name":"Crees","image":{"@type":"ImageObject","inLanguage":"es","@id":"https:\/\/crees.org.do\/#\/schema\/person\/image\/","url":"https:\/\/secure.gravatar.com\/avatar\/390ac8f0be5d9aa046152553e2dd7011b59a512d89c150f5e5f28bb8d9a0b165?s=96&d=mm&r=g","contentUrl":"https:\/\/secure.gravatar.com\/avatar\/390ac8f0be5d9aa046152553e2dd7011b59a512d89c150f5e5f28bb8d9a0b165?s=96&d=mm&r=g","caption":"Crees"},"url":"https:\/\/crees.org.do\/?author=2"}]}},"_links":{"self":[{"href":"https:\/\/crees.org.do\/index.php?rest_route=\/wp\/v2\/posts\/25159","targetHints":{"allow":["GET"]}}],"collection":[{"href":"https:\/\/crees.org.do\/index.php?rest_route=\/wp\/v2\/posts"}],"about":[{"href":"https:\/\/crees.org.do\/index.php?rest_route=\/wp\/v2\/types\/post"}],"author":[{"embeddable":true,"href":"https:\/\/crees.org.do\/index.php?rest_route=\/wp\/v2\/users\/2"}],"replies":[{"embeddable":true,"href":"https:\/\/crees.org.do\/index.php?rest_route=%2Fwp%2Fv2%2Fcomments&post=25159"}],"version-history":[{"count":2,"href":"https:\/\/crees.org.do\/index.php?rest_route=\/wp\/v2\/posts\/25159\/revisions"}],"predecessor-version":[{"id":25164,"href":"https:\/\/crees.org.do\/index.php?rest_route=\/wp\/v2\/posts\/25159\/revisions\/25164"}],"wp:featuredmedia":[{"embeddable":true,"href":"https:\/\/crees.org.do\/index.php?rest_route=\/wp\/v2\/media\/25160"}],"wp:attachment":[{"href":"https:\/\/crees.org.do\/index.php?rest_route=%2Fwp%2Fv2%2Fmedia&parent=25159"}],"wp:term":[{"taxonomy":"category","embeddable":true,"href":"https:\/\/crees.org.do\/index.php?rest_route=%2Fwp%2Fv2%2Fcategories&post=25159"},{"taxonomy":"post_tag","embeddable":true,"href":"https:\/\/crees.org.do\/index.php?rest_route=%2Fwp%2Fv2%2Ftags&post=25159"}],"curies":[{"name":"wp","href":"https:\/\/api.w.org\/{rel}","templated":true}]}}