{"id":25178,"date":"2023-06-30T13:24:58","date_gmt":"2023-06-30T13:24:58","guid":{"rendered":"https:\/\/crees.org.do\/?p=25178"},"modified":"2023-07-06T13:30:02","modified_gmt":"2023-07-06T13:30:02","slug":"deuda-publica-consolidada-aumenta-us5479-1-millones-en-enero-mayo-2023","status":"publish","type":"post","link":"https:\/\/crees.org.do\/?p=25178","title":{"rendered":"Deuda p\u00fablica consolidada aumenta US$5,479.1 millones en enero-mayo 2023"},"content":{"rendered":"<p>Autor: Jairon Severino<\/p>\n<p>Fecha: 30 de junio del 2023<\/p>\n<p>Extra\u00eddo de: <a href=\"https:\/\/eldinero.com.do\/236337\/deuda-publica-consolidada-aumenta-us5479-1-millones-en-enero-mayo-2023\/\">El Dinero<\/a><\/p>\n<p style=\"text-align: justify;\">La\u00a0<strong>deuda p\u00fablica<\/strong>\u00a0ha pisado el acelerador. En lo que va de 2023 ha aumentado en US$5,479.1 millones, lo que significa un aumento relativo de un 7.95% cuando se compara con diciembre. En este per\u00edodo paso de US$68,882.7 millones a US$74,362.4 millones.<\/p>\n<p style=\"text-align: justify;\">De manera particular, la deuda del sector p\u00fablico no financiero (SPNF) aument\u00f3 en US$2,866.2 millones, un 5.52%, mientras que la del\u00a0<strong>Banco Central dominicano<\/strong>\u00a0(BCRD) creci\u00f3 en US$2,613.5 millones, un 15.3%, al pasar de US$17,028.2 a US$19,641.7 millones.<\/p>\n<p style=\"text-align: justify;\">La deuda del p\u00fablica consolidada (incluyendo deuda intergubernamental) a mayo de 2023, que est\u00e1 compuesta por la SPNF (US$54,720.7 millones) y la deuda del BCRD (US$19,641.7 millones), se ubic\u00f3 en 60.8% del\u00a0<strong>producto interno bruto<\/strong>\u00a0(PIB), de los cuales un 44.7% correspond\u00edan a la deuda del SPNF y los restantes 16.1% a la deuda del BCRD.<\/p>\n<p style=\"text-align: justify;\">Al comparar la deuda p\u00fablica consolidada con el balance a diciembre de 2019, antes de que se incrementara el gasto p\u00fablico a partir de la pandemia de covid-19, el CREES analiza que el saldo de la deuda se ha incrementado en US$26,501.8 millones, equivalente a un 55.4%, a mayo de 2023.<\/p>\n<p style=\"text-align: justify;\">Entre diciembre de 2019 y mayo de 2023 la deuda del SPNF registr\u00f3 un incremento neto de US$18,778.2 millones, equivalente a un 52.2%. La deuda representa una carga importante para los contribuyentes, tanto por el pago de su costo como por el capital. Para este a\u00f1o, el monto del gasto en intereses del gobierno central como porcentaje de los ingresos tributarios est\u00e1 presupuestado en 26.3%.<\/p>\n<div class=\"jeg_ad jeg_ad_article jnews_content_inline_ads  \">\n<div class=\"ads-wrapper align-center \">\n<div class=\"ads_code\">\n<p style=\"text-align: justify;\">El\u00a0<strong>Centro de Regional de Estrategias Econ\u00f3micas Sostenibles<\/strong>\u00a0(CREES) considera que el importante peso que representa la deuda p\u00fablica amerita una reducci\u00f3n de forma sostenible. A su entender, la mejor forma de lograr este objetivo es iniciando un proceso de consolidaci\u00f3n fiscal basado en: 1) el establecimiento de reglas fiscales que reduzcan el d\u00e9ficit y, en consecuencia, la deuda p\u00fablica (esto mediante una Ley de Responsabilidad Fiscal); y 2) una reforma tributaria que simplifique el c\u00f3digo tributario que elimine los impuestos m\u00e1s distorsionadores, reduzca las tasas de los existentes y ampl\u00ede sus bases.<\/p>\n<p style=\"text-align: justify;\">Todo esto, sugiere el CREES, acompa\u00f1ado de la implementaci\u00f3n de reformas estructurales que permitan incrementar la productividad promedio en la econom\u00eda y elevar los ingresos de los ciudadanos.<\/p>\n<\/div>\n<\/div>\n<\/div>\n<div class=\"pvc_clear\"><\/div>\n<p class=\"pvc_stats all \" data-element-id=\"25178\" style=\"\"><i class=\"pvc-stats-icon medium\" aria-hidden=\"true\"><svg aria-hidden=\"true\" focusable=\"false\" data-prefix=\"far\" data-icon=\"chart-bar\" role=\"img\" xmlns=\"http:\/\/www.w3.org\/2000\/svg\" viewBox=\"0 0 512 512\" class=\"svg-inline--fa fa-chart-bar fa-w-16 fa-2x\"><path fill=\"currentColor\" d=\"M396.8 352h22.4c6.4 0 12.8-6.4 12.8-12.8V108.8c0-6.4-6.4-12.8-12.8-12.8h-22.4c-6.4 0-12.8 6.4-12.8 12.8v230.4c0 6.4 6.4 12.8 12.8 12.8zm-192 0h22.4c6.4 0 12.8-6.4 12.8-12.8V140.8c0-6.4-6.4-12.8-12.8-12.8h-22.4c-6.4 0-12.8 6.4-12.8 12.8v198.4c0 6.4 6.4 12.8 12.8 12.8zm96 0h22.4c6.4 0 12.8-6.4 12.8-12.8V204.8c0-6.4-6.4-12.8-12.8-12.8h-22.4c-6.4 0-12.8 6.4-12.8 12.8v134.4c0 6.4 6.4 12.8 12.8 12.8zM496 400H48V80c0-8.84-7.16-16-16-16H16C7.16 64 0 71.16 0 80v336c0 17.67 14.33 32 32 32h464c8.84 0 16-7.16 16-16v-16c0-8.84-7.16-16-16-16zm-387.2-48h22.4c6.4 0 12.8-6.4 12.8-12.8v-70.4c0-6.4-6.4-12.8-12.8-12.8h-22.4c-6.4 0-12.8 6.4-12.8 12.8v70.4c0 6.4 6.4 12.8 12.8 12.8z\" class=\"\"><\/path><\/svg><\/i> Vistas Totales&nbsp;1,317&nbsp;, Vistas Hoy&nbsp;2&nbsp;<\/p>\n<div class=\"pvc_clear\"><\/div>\n","protected":false},"excerpt":{"rendered":"<p>Autor: Jairon Severino Fecha: 30 de junio del 2023 Extra\u00eddo de: El Dinero La\u00a0deuda p\u00fablica\u00a0ha pisado el acelerador. En lo que va de 2023 ha aumentado en US$5,479.1 millones, lo que significa un aumento relativo de un 7.95% cuando se compara con diciembre. En este per\u00edodo paso de US$68,882.7 millones a US$74,362.4 millones. De manera&#8230;<\/p>\n<div class=\"pvc_clear\"><\/div>\n<p class=\"pvc_stats all \" data-element-id=\"25178\" style=\"\"><i class=\"pvc-stats-icon medium\" aria-hidden=\"true\"><svg aria-hidden=\"true\" focusable=\"false\" data-prefix=\"far\" data-icon=\"chart-bar\" role=\"img\" xmlns=\"http:\/\/www.w3.org\/2000\/svg\" viewBox=\"0 0 512 512\" class=\"svg-inline--fa fa-chart-bar fa-w-16 fa-2x\"><path fill=\"currentColor\" d=\"M396.8 352h22.4c6.4 0 12.8-6.4 12.8-12.8V108.8c0-6.4-6.4-12.8-12.8-12.8h-22.4c-6.4 0-12.8 6.4-12.8 12.8v230.4c0 6.4 6.4 12.8 12.8 12.8zm-192 0h22.4c6.4 0 12.8-6.4 12.8-12.8V140.8c0-6.4-6.4-12.8-12.8-12.8h-22.4c-6.4 0-12.8 6.4-12.8 12.8v198.4c0 6.4 6.4 12.8 12.8 12.8zm96 0h22.4c6.4 0 12.8-6.4 12.8-12.8V204.8c0-6.4-6.4-12.8-12.8-12.8h-22.4c-6.4 0-12.8 6.4-12.8 12.8v134.4c0 6.4 6.4 12.8 12.8 12.8zM496 400H48V80c0-8.84-7.16-16-16-16H16C7.16 64 0 71.16 0 80v336c0 17.67 14.33 32 32 32h464c8.84 0 16-7.16 16-16v-16c0-8.84-7.16-16-16-16zm-387.2-48h22.4c6.4 0 12.8-6.4 12.8-12.8v-70.4c0-6.4-6.4-12.8-12.8-12.8h-22.4c-6.4 0-12.8 6.4-12.8 12.8v70.4c0 6.4 6.4 12.8 12.8 12.8z\" class=\"\"><\/path><\/svg><\/i> Vistas Totales&nbsp;1,317&nbsp;, Vistas Hoy&nbsp;2&nbsp;<\/p>\n<div class=\"pvc_clear\"><\/div>\n","protected":false},"author":2,"featured_media":24701,"comment_status":"closed","ping_status":"closed","sticky":false,"template":"","format":"standard","meta":{"footnotes":""},"categories":[19],"tags":[160,159],"class_list":["post-25178","post","type-post","status-publish","format-standard","has-post-thumbnail","hentry","category-actualidad","tag-479-1-millones-en-enero-mayo-2023","tag-deuda-publica-consolidada-aumenta-us5"],"yoast_head":"<!-- This site is optimized with the Yoast SEO plugin v25.2 - https:\/\/yoast.com\/wordpress\/plugins\/seo\/ -->\n<title>Deuda p\u00fablica consolidada aumenta US$5,479.1 millones en enero-mayo 2023 | CREES<\/title>\n<meta name=\"robots\" content=\"index, follow, max-snippet:-1, max-image-preview:large, max-video-preview:-1\" \/>\n<link rel=\"canonical\" href=\"https:\/\/crees.org.do\/?p=25178\" \/>\n<meta property=\"og:locale\" content=\"es_ES\" \/>\n<meta property=\"og:type\" content=\"article\" \/>\n<meta property=\"og:title\" content=\"Deuda p\u00fablica consolidada aumenta US$5,479.1 millones en enero-mayo 2023 | CREES\" \/>\n<meta property=\"og:description\" content=\"Autor: Jairon Severino Fecha: 30 de junio del 2023 Extra\u00eddo de: El Dinero La\u00a0deuda p\u00fablica\u00a0ha pisado el acelerador. En lo que va de 2023 ha aumentado en US$5,479.1 millones, lo que significa un aumento relativo de un 7.95% cuando se compara con diciembre. En este per\u00edodo paso de US$68,882.7 millones a US$74,362.4 millones. De manera...\" \/>\n<meta property=\"og:url\" content=\"https:\/\/crees.org.do\/?p=25178\" \/>\n<meta property=\"og:site_name\" content=\"CREES\" \/>\n<meta property=\"article:publisher\" content=\"https:\/\/www.facebook.com\/CREESRD\/\" \/>\n<meta property=\"article:published_time\" content=\"2023-06-30T13:24:58+00:00\" \/>\n<meta property=\"article:modified_time\" content=\"2023-07-06T13:30:02+00:00\" \/>\n<meta property=\"og:image\" content=\"https:\/\/crees.org.do\/wp-content\/uploads\/2023\/04\/deuda-publica-con-la-banca-1140x570-1.jpeg\" \/>\n\t<meta property=\"og:image:width\" content=\"1140\" \/>\n\t<meta property=\"og:image:height\" content=\"570\" \/>\n\t<meta property=\"og:image:type\" content=\"image\/jpeg\" \/>\n<meta name=\"author\" content=\"Crees\" \/>\n<meta name=\"twitter:card\" content=\"summary_large_image\" \/>\n<meta name=\"twitter:creator\" content=\"@CREESRD\" \/>\n<meta name=\"twitter:site\" content=\"@CREESRD\" \/>\n<meta name=\"twitter:label1\" content=\"Escrito por\" \/>\n\t<meta name=\"twitter:data1\" content=\"Crees\" \/>\n\t<meta name=\"twitter:label2\" content=\"Tiempo de lectura\" \/>\n\t<meta name=\"twitter:data2\" content=\"2 minutos\" \/>\n<script type=\"application\/ld+json\" class=\"yoast-schema-graph\">{\"@context\":\"https:\/\/schema.org\",\"@graph\":[{\"@type\":\"Article\",\"@id\":\"https:\/\/crees.org.do\/?p=25178#article\",\"isPartOf\":{\"@id\":\"https:\/\/crees.org.do\/?p=25178\"},\"author\":{\"name\":\"Crees\",\"@id\":\"https:\/\/crees.org.do\/#\/schema\/person\/e7f97cd94d7bf9cd0e0ce30acb7d56b8\"},\"headline\":\"Deuda p\u00fablica consolidada aumenta US$5,479.1 millones en enero-mayo 2023\",\"datePublished\":\"2023-06-30T13:24:58+00:00\",\"dateModified\":\"2023-07-06T13:30:02+00:00\",\"mainEntityOfPage\":{\"@id\":\"https:\/\/crees.org.do\/?p=25178\"},\"wordCount\":397,\"publisher\":{\"@id\":\"https:\/\/crees.org.do\/#organization\"},\"image\":{\"@id\":\"https:\/\/crees.org.do\/?p=25178#primaryimage\"},\"thumbnailUrl\":\"https:\/\/crees.org.do\/wp-content\/uploads\/2023\/04\/deuda-publica-con-la-banca-1140x570-1.jpeg\",\"keywords\":[\"479.1 millones en enero-mayo 2023\",\"Deuda p\u00fablica consolidada aumenta US$5\"],\"articleSection\":[\"Actualidad\"],\"inLanguage\":\"es\"},{\"@type\":\"WebPage\",\"@id\":\"https:\/\/crees.org.do\/?p=25178\",\"url\":\"https:\/\/crees.org.do\/?p=25178\",\"name\":\"Deuda p\u00fablica consolidada aumenta US$5,479.1 millones en enero-mayo 2023 | CREES\",\"isPartOf\":{\"@id\":\"https:\/\/crees.org.do\/#website\"},\"primaryImageOfPage\":{\"@id\":\"https:\/\/crees.org.do\/?p=25178#primaryimage\"},\"image\":{\"@id\":\"https:\/\/crees.org.do\/?p=25178#primaryimage\"},\"thumbnailUrl\":\"https:\/\/crees.org.do\/wp-content\/uploads\/2023\/04\/deuda-publica-con-la-banca-1140x570-1.jpeg\",\"datePublished\":\"2023-06-30T13:24:58+00:00\",\"dateModified\":\"2023-07-06T13:30:02+00:00\",\"breadcrumb\":{\"@id\":\"https:\/\/crees.org.do\/?p=25178#breadcrumb\"},\"inLanguage\":\"es\",\"potentialAction\":[{\"@type\":\"ReadAction\",\"target\":[\"https:\/\/crees.org.do\/?p=25178\"]}]},{\"@type\":\"ImageObject\",\"inLanguage\":\"es\",\"@id\":\"https:\/\/crees.org.do\/?p=25178#primaryimage\",\"url\":\"https:\/\/crees.org.do\/wp-content\/uploads\/2023\/04\/deuda-publica-con-la-banca-1140x570-1.jpeg\",\"contentUrl\":\"https:\/\/crees.org.do\/wp-content\/uploads\/2023\/04\/deuda-publica-con-la-banca-1140x570-1.jpeg\",\"width\":1140,\"height\":570},{\"@type\":\"BreadcrumbList\",\"@id\":\"https:\/\/crees.org.do\/?p=25178#breadcrumb\",\"itemListElement\":[{\"@type\":\"ListItem\",\"position\":1,\"name\":\"Portada\",\"item\":\"https:\/\/crees.org.do\/\"},{\"@type\":\"ListItem\",\"position\":2,\"name\":\"Deuda p\u00fablica consolidada aumenta US$5,479.1 millones en enero-mayo 2023\"}]},{\"@type\":\"WebSite\",\"@id\":\"https:\/\/crees.org.do\/#website\",\"url\":\"https:\/\/crees.org.do\/\",\"name\":\"CREES\",\"description\":\"Centro Regional de Estrategias Econ\u00f3micas Sostenibles\",\"publisher\":{\"@id\":\"https:\/\/crees.org.do\/#organization\"},\"potentialAction\":[{\"@type\":\"SearchAction\",\"target\":{\"@type\":\"EntryPoint\",\"urlTemplate\":\"https:\/\/crees.org.do\/?s={search_term_string}\"},\"query-input\":{\"@type\":\"PropertyValueSpecification\",\"valueRequired\":true,\"valueName\":\"search_term_string\"}}],\"inLanguage\":\"es\"},{\"@type\":\"Organization\",\"@id\":\"https:\/\/crees.org.do\/#organization\",\"name\":\"CREES | Centro Regional de Estrategias Econ\u00f3micas Sostenibles\",\"url\":\"https:\/\/crees.org.do\/\",\"logo\":{\"@type\":\"ImageObject\",\"inLanguage\":\"es\",\"@id\":\"https:\/\/crees.org.do\/#\/schema\/logo\/image\/\",\"url\":\"https:\/\/crees.org.do\/wp-content\/uploads\/2022\/03\/crees-logo-1.jpg\",\"contentUrl\":\"https:\/\/crees.org.do\/wp-content\/uploads\/2022\/03\/crees-logo-1.jpg\",\"width\":244,\"height\":71,\"caption\":\"CREES | Centro Regional de Estrategias Econ\u00f3micas Sostenibles\"},\"image\":{\"@id\":\"https:\/\/crees.org.do\/#\/schema\/logo\/image\/\"},\"sameAs\":[\"https:\/\/www.facebook.com\/CREESRD\/\",\"https:\/\/x.com\/CREESRD\"]},{\"@type\":\"Person\",\"@id\":\"https:\/\/crees.org.do\/#\/schema\/person\/e7f97cd94d7bf9cd0e0ce30acb7d56b8\",\"name\":\"Crees\",\"image\":{\"@type\":\"ImageObject\",\"inLanguage\":\"es\",\"@id\":\"https:\/\/crees.org.do\/#\/schema\/person\/image\/\",\"url\":\"https:\/\/secure.gravatar.com\/avatar\/390ac8f0be5d9aa046152553e2dd7011b59a512d89c150f5e5f28bb8d9a0b165?s=96&d=mm&r=g\",\"contentUrl\":\"https:\/\/secure.gravatar.com\/avatar\/390ac8f0be5d9aa046152553e2dd7011b59a512d89c150f5e5f28bb8d9a0b165?s=96&d=mm&r=g\",\"caption\":\"Crees\"},\"url\":\"https:\/\/crees.org.do\/?author=2\"}]}<\/script>\n<!-- \/ Yoast SEO plugin. -->","yoast_head_json":{"title":"Deuda p\u00fablica consolidada aumenta US$5,479.1 millones en enero-mayo 2023 | CREES","robots":{"index":"index","follow":"follow","max-snippet":"max-snippet:-1","max-image-preview":"max-image-preview:large","max-video-preview":"max-video-preview:-1"},"canonical":"https:\/\/crees.org.do\/?p=25178","og_locale":"es_ES","og_type":"article","og_title":"Deuda p\u00fablica consolidada aumenta US$5,479.1 millones en enero-mayo 2023 | CREES","og_description":"Autor: Jairon Severino Fecha: 30 de junio del 2023 Extra\u00eddo de: El Dinero La\u00a0deuda p\u00fablica\u00a0ha pisado el acelerador. En lo que va de 2023 ha aumentado en US$5,479.1 millones, lo que significa un aumento relativo de un 7.95% cuando se compara con diciembre. En este per\u00edodo paso de US$68,882.7 millones a US$74,362.4 millones. De manera...","og_url":"https:\/\/crees.org.do\/?p=25178","og_site_name":"CREES","article_publisher":"https:\/\/www.facebook.com\/CREESRD\/","article_published_time":"2023-06-30T13:24:58+00:00","article_modified_time":"2023-07-06T13:30:02+00:00","og_image":[{"width":1140,"height":570,"url":"https:\/\/crees.org.do\/wp-content\/uploads\/2023\/04\/deuda-publica-con-la-banca-1140x570-1.jpeg","type":"image\/jpeg"}],"author":"Crees","twitter_card":"summary_large_image","twitter_creator":"@CREESRD","twitter_site":"@CREESRD","twitter_misc":{"Escrito por":"Crees","Tiempo de lectura":"2 minutos"},"schema":{"@context":"https:\/\/schema.org","@graph":[{"@type":"Article","@id":"https:\/\/crees.org.do\/?p=25178#article","isPartOf":{"@id":"https:\/\/crees.org.do\/?p=25178"},"author":{"name":"Crees","@id":"https:\/\/crees.org.do\/#\/schema\/person\/e7f97cd94d7bf9cd0e0ce30acb7d56b8"},"headline":"Deuda p\u00fablica consolidada aumenta US$5,479.1 millones en enero-mayo 2023","datePublished":"2023-06-30T13:24:58+00:00","dateModified":"2023-07-06T13:30:02+00:00","mainEntityOfPage":{"@id":"https:\/\/crees.org.do\/?p=25178"},"wordCount":397,"publisher":{"@id":"https:\/\/crees.org.do\/#organization"},"image":{"@id":"https:\/\/crees.org.do\/?p=25178#primaryimage"},"thumbnailUrl":"https:\/\/crees.org.do\/wp-content\/uploads\/2023\/04\/deuda-publica-con-la-banca-1140x570-1.jpeg","keywords":["479.1 millones en enero-mayo 2023","Deuda p\u00fablica consolidada aumenta US$5"],"articleSection":["Actualidad"],"inLanguage":"es"},{"@type":"WebPage","@id":"https:\/\/crees.org.do\/?p=25178","url":"https:\/\/crees.org.do\/?p=25178","name":"Deuda p\u00fablica consolidada aumenta US$5,479.1 millones en enero-mayo 2023 | CREES","isPartOf":{"@id":"https:\/\/crees.org.do\/#website"},"primaryImageOfPage":{"@id":"https:\/\/crees.org.do\/?p=25178#primaryimage"},"image":{"@id":"https:\/\/crees.org.do\/?p=25178#primaryimage"},"thumbnailUrl":"https:\/\/crees.org.do\/wp-content\/uploads\/2023\/04\/deuda-publica-con-la-banca-1140x570-1.jpeg","datePublished":"2023-06-30T13:24:58+00:00","dateModified":"2023-07-06T13:30:02+00:00","breadcrumb":{"@id":"https:\/\/crees.org.do\/?p=25178#breadcrumb"},"inLanguage":"es","potentialAction":[{"@type":"ReadAction","target":["https:\/\/crees.org.do\/?p=25178"]}]},{"@type":"ImageObject","inLanguage":"es","@id":"https:\/\/crees.org.do\/?p=25178#primaryimage","url":"https:\/\/crees.org.do\/wp-content\/uploads\/2023\/04\/deuda-publica-con-la-banca-1140x570-1.jpeg","contentUrl":"https:\/\/crees.org.do\/wp-content\/uploads\/2023\/04\/deuda-publica-con-la-banca-1140x570-1.jpeg","width":1140,"height":570},{"@type":"BreadcrumbList","@id":"https:\/\/crees.org.do\/?p=25178#breadcrumb","itemListElement":[{"@type":"ListItem","position":1,"name":"Portada","item":"https:\/\/crees.org.do\/"},{"@type":"ListItem","position":2,"name":"Deuda p\u00fablica consolidada aumenta US$5,479.1 millones en enero-mayo 2023"}]},{"@type":"WebSite","@id":"https:\/\/crees.org.do\/#website","url":"https:\/\/crees.org.do\/","name":"CREES","description":"Centro Regional de Estrategias Econ\u00f3micas Sostenibles","publisher":{"@id":"https:\/\/crees.org.do\/#organization"},"potentialAction":[{"@type":"SearchAction","target":{"@type":"EntryPoint","urlTemplate":"https:\/\/crees.org.do\/?s={search_term_string}"},"query-input":{"@type":"PropertyValueSpecification","valueRequired":true,"valueName":"search_term_string"}}],"inLanguage":"es"},{"@type":"Organization","@id":"https:\/\/crees.org.do\/#organization","name":"CREES | Centro Regional de Estrategias Econ\u00f3micas Sostenibles","url":"https:\/\/crees.org.do\/","logo":{"@type":"ImageObject","inLanguage":"es","@id":"https:\/\/crees.org.do\/#\/schema\/logo\/image\/","url":"https:\/\/crees.org.do\/wp-content\/uploads\/2022\/03\/crees-logo-1.jpg","contentUrl":"https:\/\/crees.org.do\/wp-content\/uploads\/2022\/03\/crees-logo-1.jpg","width":244,"height":71,"caption":"CREES | Centro Regional de Estrategias Econ\u00f3micas Sostenibles"},"image":{"@id":"https:\/\/crees.org.do\/#\/schema\/logo\/image\/"},"sameAs":["https:\/\/www.facebook.com\/CREESRD\/","https:\/\/x.com\/CREESRD"]},{"@type":"Person","@id":"https:\/\/crees.org.do\/#\/schema\/person\/e7f97cd94d7bf9cd0e0ce30acb7d56b8","name":"Crees","image":{"@type":"ImageObject","inLanguage":"es","@id":"https:\/\/crees.org.do\/#\/schema\/person\/image\/","url":"https:\/\/secure.gravatar.com\/avatar\/390ac8f0be5d9aa046152553e2dd7011b59a512d89c150f5e5f28bb8d9a0b165?s=96&d=mm&r=g","contentUrl":"https:\/\/secure.gravatar.com\/avatar\/390ac8f0be5d9aa046152553e2dd7011b59a512d89c150f5e5f28bb8d9a0b165?s=96&d=mm&r=g","caption":"Crees"},"url":"https:\/\/crees.org.do\/?author=2"}]}},"_links":{"self":[{"href":"https:\/\/crees.org.do\/index.php?rest_route=\/wp\/v2\/posts\/25178","targetHints":{"allow":["GET"]}}],"collection":[{"href":"https:\/\/crees.org.do\/index.php?rest_route=\/wp\/v2\/posts"}],"about":[{"href":"https:\/\/crees.org.do\/index.php?rest_route=\/wp\/v2\/types\/post"}],"author":[{"embeddable":true,"href":"https:\/\/crees.org.do\/index.php?rest_route=\/wp\/v2\/users\/2"}],"replies":[{"embeddable":true,"href":"https:\/\/crees.org.do\/index.php?rest_route=%2Fwp%2Fv2%2Fcomments&post=25178"}],"version-history":[{"count":1,"href":"https:\/\/crees.org.do\/index.php?rest_route=\/wp\/v2\/posts\/25178\/revisions"}],"predecessor-version":[{"id":25179,"href":"https:\/\/crees.org.do\/index.php?rest_route=\/wp\/v2\/posts\/25178\/revisions\/25179"}],"wp:featuredmedia":[{"embeddable":true,"href":"https:\/\/crees.org.do\/index.php?rest_route=\/wp\/v2\/media\/24701"}],"wp:attachment":[{"href":"https:\/\/crees.org.do\/index.php?rest_route=%2Fwp%2Fv2%2Fmedia&parent=25178"}],"wp:term":[{"taxonomy":"category","embeddable":true,"href":"https:\/\/crees.org.do\/index.php?rest_route=%2Fwp%2Fv2%2Fcategories&post=25178"},{"taxonomy":"post_tag","embeddable":true,"href":"https:\/\/crees.org.do\/index.php?rest_route=%2Fwp%2Fv2%2Ftags&post=25178"}],"curies":[{"name":"wp","href":"https:\/\/api.w.org\/{rel}","templated":true}]}}