{"id":25183,"date":"2023-07-06T17:59:29","date_gmt":"2023-07-06T17:59:29","guid":{"rendered":"https:\/\/crees.org.do\/?p=25183"},"modified":"2023-07-07T13:51:32","modified_gmt":"2023-07-07T13:51:32","slug":"llegada-acumulada-de-pasajeros-extranjeros-a-mayo-de-2023","status":"publish","type":"post","link":"https:\/\/crees.org.do\/?p=25183","title":{"rendered":"Llegada acumulada de pasajeros extranjeros a mayo de 2023"},"content":{"rendered":"<p><img fetchpriority=\"high\" decoding=\"async\" class=\"aligncenter wp-image-25184\" src=\"https:\/\/crees.org.do\/wp-content\/uploads\/2023\/07\/Slide-1-copy-9-6.png\" alt=\"\" width=\"986\" height=\"986\" srcset=\"https:\/\/crees.org.do\/wp-content\/uploads\/2023\/07\/Slide-1-copy-9-6.png 3121w, https:\/\/crees.org.do\/wp-content\/uploads\/2023\/07\/Slide-1-copy-9-6-450x450.png 450w, https:\/\/crees.org.do\/wp-content\/uploads\/2023\/07\/Slide-1-copy-9-6-2000x2000.png 2000w, https:\/\/crees.org.do\/wp-content\/uploads\/2023\/07\/Slide-1-copy-9-6-150x150.png 150w, https:\/\/crees.org.do\/wp-content\/uploads\/2023\/07\/Slide-1-copy-9-6-768x768.png 768w, https:\/\/crees.org.do\/wp-content\/uploads\/2023\/07\/Slide-1-copy-9-6-1536x1536.png 1536w, https:\/\/crees.org.do\/wp-content\/uploads\/2023\/07\/Slide-1-copy-9-6-2048x2048.png 2048w, https:\/\/crees.org.do\/wp-content\/uploads\/2023\/07\/Slide-1-copy-9-6-300x300.png 300w, https:\/\/crees.org.do\/wp-content\/uploads\/2023\/07\/Slide-1-copy-9-6-600x600.png 600w, https:\/\/crees.org.do\/wp-content\/uploads\/2023\/07\/Slide-1-copy-9-6-100x100.png 100w\" sizes=\"(max-width: 986px) 100vw, 986px\" \/><\/p>\n<h2 style=\"text-align: justify;\">Llegada acumulada de pasajeros extranjeros a mayo de 2023<\/h2>\n<p style=\"text-align: justify;\">En el periodo enero-mayo de 2023 la llegada acumulada de pasajeros extranjeros no residentes fue de 2,883,503. Esto en comparaci\u00f3n con los 2,396,864 de 2022 representa un crecimiento interanual de 20.3%. Es decir, 486,639 visitantes m\u00e1s con respecto al mismo periodo del a\u00f1o 2022. En comparaci\u00f3n con el 2021, periodo en el cual todav\u00eda estaba limitada la movilidad internacional por la pandemia de Covid-19, la llegada acumulada de pasajeros represent\u00f3 un aumento de 198.9% equivalente a 1,918,907 visitantes m\u00e1s.<\/p>\n<p style=\"text-align: justify;\">La mayor cantidad de turistas a mayo de 2023 vinieron desde Am\u00e9rica del Norte. Solo desde Estados Unidos han entrado al pa\u00eds 1,086,687 visitantes, lo que representa un 37.7% del total de extranjeros. Esto significa un incremento de 31.4% con respecto al mismo periodo del a\u00f1o pasado, equivalente a unos 259,536 turistas m\u00e1s.<\/p>\n<p style=\"text-align: justify;\">Por otro lado, la llegada de turistas europeos, que representa el 17.2% del total de visitantes extranjeros, disminuy\u00f3 27.0% en comparaci\u00f3n con el mismo periodo del a\u00f1o pasado, lo que representa 183,390 turistas memos.<\/p>\n<p style=\"text-align: justify;\">A mayo de 2023 se registr\u00f3 un total de 3,748,044 visitantes no residentes, es decir, tanto extranjeros como dominicanos que ingresaron al pa\u00eds por los diferentes aeropuertos internacionales. Esta cifra significa una diferencia de 477,109 visitantes m\u00e1s con respecto al mismo periodo del 2022 y una diferencia de 1,944,285 m\u00e1s con respecto al 2021.<\/p>\n<p style=\"text-align: justify;\">La industria tur\u00edstica dominicana ha contribuido de manera significativa a la actividad econ\u00f3mica del pa\u00eds durante los primeros cinco meses del a\u00f1o en los cuales la mayor\u00eda de los sectores han mostrado ralentizaci\u00f3n o contracci\u00f3n de su crecimiento.<\/p>\n<div class=\"pvc_clear\"><\/div>\n<p class=\"pvc_stats all \" data-element-id=\"25183\" style=\"\"><i class=\"pvc-stats-icon medium\" aria-hidden=\"true\"><svg aria-hidden=\"true\" focusable=\"false\" data-prefix=\"far\" data-icon=\"chart-bar\" role=\"img\" xmlns=\"http:\/\/www.w3.org\/2000\/svg\" viewBox=\"0 0 512 512\" class=\"svg-inline--fa fa-chart-bar fa-w-16 fa-2x\"><path fill=\"currentColor\" d=\"M396.8 352h22.4c6.4 0 12.8-6.4 12.8-12.8V108.8c0-6.4-6.4-12.8-12.8-12.8h-22.4c-6.4 0-12.8 6.4-12.8 12.8v230.4c0 6.4 6.4 12.8 12.8 12.8zm-192 0h22.4c6.4 0 12.8-6.4 12.8-12.8V140.8c0-6.4-6.4-12.8-12.8-12.8h-22.4c-6.4 0-12.8 6.4-12.8 12.8v198.4c0 6.4 6.4 12.8 12.8 12.8zm96 0h22.4c6.4 0 12.8-6.4 12.8-12.8V204.8c0-6.4-6.4-12.8-12.8-12.8h-22.4c-6.4 0-12.8 6.4-12.8 12.8v134.4c0 6.4 6.4 12.8 12.8 12.8zM496 400H48V80c0-8.84-7.16-16-16-16H16C7.16 64 0 71.16 0 80v336c0 17.67 14.33 32 32 32h464c8.84 0 16-7.16 16-16v-16c0-8.84-7.16-16-16-16zm-387.2-48h22.4c6.4 0 12.8-6.4 12.8-12.8v-70.4c0-6.4-6.4-12.8-12.8-12.8h-22.4c-6.4 0-12.8 6.4-12.8 12.8v70.4c0 6.4 6.4 12.8 12.8 12.8z\" class=\"\"><\/path><\/svg><\/i> Vistas Totales&nbsp;1,225&nbsp;, Vistas Hoy&nbsp;2&nbsp;<\/p>\n<div class=\"pvc_clear\"><\/div>\n","protected":false},"excerpt":{"rendered":"<p>Llegada acumulada de pasajeros extranjeros a mayo de 2023 En el periodo enero-mayo de 2023 la llegada acumulada de pasajeros extranjeros no residentes fue de 2,883,503. Esto en comparaci\u00f3n con los 2,396,864 de 2022 representa un crecimiento interanual de 20.3%. Es decir, 486,639 visitantes m\u00e1s con respecto al mismo periodo del a\u00f1o 2022. En comparaci\u00f3n&#8230;<\/p>\n<div class=\"pvc_clear\"><\/div>\n<p class=\"pvc_stats all \" data-element-id=\"25183\" style=\"\"><i class=\"pvc-stats-icon medium\" aria-hidden=\"true\"><svg aria-hidden=\"true\" focusable=\"false\" data-prefix=\"far\" data-icon=\"chart-bar\" role=\"img\" xmlns=\"http:\/\/www.w3.org\/2000\/svg\" viewBox=\"0 0 512 512\" class=\"svg-inline--fa fa-chart-bar fa-w-16 fa-2x\"><path fill=\"currentColor\" d=\"M396.8 352h22.4c6.4 0 12.8-6.4 12.8-12.8V108.8c0-6.4-6.4-12.8-12.8-12.8h-22.4c-6.4 0-12.8 6.4-12.8 12.8v230.4c0 6.4 6.4 12.8 12.8 12.8zm-192 0h22.4c6.4 0 12.8-6.4 12.8-12.8V140.8c0-6.4-6.4-12.8-12.8-12.8h-22.4c-6.4 0-12.8 6.4-12.8 12.8v198.4c0 6.4 6.4 12.8 12.8 12.8zm96 0h22.4c6.4 0 12.8-6.4 12.8-12.8V204.8c0-6.4-6.4-12.8-12.8-12.8h-22.4c-6.4 0-12.8 6.4-12.8 12.8v134.4c0 6.4 6.4 12.8 12.8 12.8zM496 400H48V80c0-8.84-7.16-16-16-16H16C7.16 64 0 71.16 0 80v336c0 17.67 14.33 32 32 32h464c8.84 0 16-7.16 16-16v-16c0-8.84-7.16-16-16-16zm-387.2-48h22.4c6.4 0 12.8-6.4 12.8-12.8v-70.4c0-6.4-6.4-12.8-12.8-12.8h-22.4c-6.4 0-12.8 6.4-12.8 12.8v70.4c0 6.4 6.4 12.8 12.8 12.8z\" class=\"\"><\/path><\/svg><\/i> Vistas Totales&nbsp;1,225&nbsp;, Vistas Hoy&nbsp;2&nbsp;<\/p>\n<div class=\"pvc_clear\"><\/div>\n","protected":false},"author":2,"featured_media":25184,"comment_status":"closed","ping_status":"closed","sticky":false,"template":"","format":"standard","meta":{"footnotes":""},"categories":[21],"tags":[161],"class_list":["post-25183","post","type-post","status-publish","format-standard","has-post-thumbnail","hentry","category-blog","tag-llegada-acumulada-de-pasajeros-extranjeros-a-mayo-de-2023"],"yoast_head":"<!-- This site is optimized with the Yoast SEO plugin v25.2 - https:\/\/yoast.com\/wordpress\/plugins\/seo\/ -->\n<title>Llegada acumulada de pasajeros extranjeros a mayo de 2023 | CREES<\/title>\n<meta name=\"robots\" content=\"index, follow, max-snippet:-1, max-image-preview:large, max-video-preview:-1\" \/>\n<link rel=\"canonical\" href=\"https:\/\/crees.org.do\/?p=25183\" \/>\n<meta property=\"og:locale\" content=\"es_ES\" \/>\n<meta property=\"og:type\" content=\"article\" \/>\n<meta property=\"og:title\" content=\"Llegada acumulada de pasajeros extranjeros a mayo de 2023 | CREES\" \/>\n<meta property=\"og:description\" content=\"Llegada acumulada de pasajeros extranjeros a mayo de 2023 En el periodo enero-mayo de 2023 la llegada acumulada de pasajeros extranjeros no residentes fue de 2,883,503. Esto en comparaci\u00f3n con los 2,396,864 de 2022 representa un crecimiento interanual de 20.3%. Es decir, 486,639 visitantes m\u00e1s con respecto al mismo periodo del a\u00f1o 2022. En comparaci\u00f3n...\" \/>\n<meta property=\"og:url\" content=\"https:\/\/crees.org.do\/?p=25183\" \/>\n<meta property=\"og:site_name\" content=\"CREES\" \/>\n<meta property=\"article:publisher\" content=\"https:\/\/www.facebook.com\/CREESRD\/\" \/>\n<meta property=\"article:published_time\" content=\"2023-07-06T17:59:29+00:00\" \/>\n<meta property=\"article:modified_time\" content=\"2023-07-07T13:51:32+00:00\" \/>\n<meta property=\"og:image\" content=\"https:\/\/crees.org.do\/wp-content\/uploads\/2023\/07\/Slide-1-copy-9-6.png\" \/>\n\t<meta property=\"og:image:width\" content=\"3121\" \/>\n\t<meta property=\"og:image:height\" content=\"3121\" \/>\n\t<meta property=\"og:image:type\" content=\"image\/png\" \/>\n<meta name=\"author\" content=\"Crees\" \/>\n<meta name=\"twitter:card\" content=\"summary_large_image\" \/>\n<meta name=\"twitter:creator\" content=\"@CREESRD\" \/>\n<meta name=\"twitter:site\" content=\"@CREESRD\" \/>\n<meta name=\"twitter:label1\" content=\"Escrito por\" \/>\n\t<meta name=\"twitter:data1\" content=\"Crees\" \/>\n\t<meta name=\"twitter:label2\" content=\"Tiempo de lectura\" \/>\n\t<meta name=\"twitter:data2\" content=\"1 minuto\" \/>\n<script type=\"application\/ld+json\" class=\"yoast-schema-graph\">{\"@context\":\"https:\/\/schema.org\",\"@graph\":[{\"@type\":\"Article\",\"@id\":\"https:\/\/crees.org.do\/?p=25183#article\",\"isPartOf\":{\"@id\":\"https:\/\/crees.org.do\/?p=25183\"},\"author\":{\"name\":\"Crees\",\"@id\":\"https:\/\/crees.org.do\/#\/schema\/person\/e7f97cd94d7bf9cd0e0ce30acb7d56b8\"},\"headline\":\"Llegada acumulada de pasajeros extranjeros a mayo de 2023\",\"datePublished\":\"2023-07-06T17:59:29+00:00\",\"dateModified\":\"2023-07-07T13:51:32+00:00\",\"mainEntityOfPage\":{\"@id\":\"https:\/\/crees.org.do\/?p=25183\"},\"wordCount\":272,\"publisher\":{\"@id\":\"https:\/\/crees.org.do\/#organization\"},\"image\":{\"@id\":\"https:\/\/crees.org.do\/?p=25183#primaryimage\"},\"thumbnailUrl\":\"https:\/\/crees.org.do\/wp-content\/uploads\/2023\/07\/Slide-1-copy-9-6.png\",\"keywords\":[\"Llegada acumulada de pasajeros extranjeros a mayo de 2023\"],\"articleSection\":[\"Blog\"],\"inLanguage\":\"es\"},{\"@type\":\"WebPage\",\"@id\":\"https:\/\/crees.org.do\/?p=25183\",\"url\":\"https:\/\/crees.org.do\/?p=25183\",\"name\":\"Llegada acumulada de pasajeros extranjeros a mayo de 2023 | CREES\",\"isPartOf\":{\"@id\":\"https:\/\/crees.org.do\/#website\"},\"primaryImageOfPage\":{\"@id\":\"https:\/\/crees.org.do\/?p=25183#primaryimage\"},\"image\":{\"@id\":\"https:\/\/crees.org.do\/?p=25183#primaryimage\"},\"thumbnailUrl\":\"https:\/\/crees.org.do\/wp-content\/uploads\/2023\/07\/Slide-1-copy-9-6.png\",\"datePublished\":\"2023-07-06T17:59:29+00:00\",\"dateModified\":\"2023-07-07T13:51:32+00:00\",\"breadcrumb\":{\"@id\":\"https:\/\/crees.org.do\/?p=25183#breadcrumb\"},\"inLanguage\":\"es\",\"potentialAction\":[{\"@type\":\"ReadAction\",\"target\":[\"https:\/\/crees.org.do\/?p=25183\"]}]},{\"@type\":\"ImageObject\",\"inLanguage\":\"es\",\"@id\":\"https:\/\/crees.org.do\/?p=25183#primaryimage\",\"url\":\"https:\/\/crees.org.do\/wp-content\/uploads\/2023\/07\/Slide-1-copy-9-6.png\",\"contentUrl\":\"https:\/\/crees.org.do\/wp-content\/uploads\/2023\/07\/Slide-1-copy-9-6.png\",\"width\":3121,\"height\":3121},{\"@type\":\"BreadcrumbList\",\"@id\":\"https:\/\/crees.org.do\/?p=25183#breadcrumb\",\"itemListElement\":[{\"@type\":\"ListItem\",\"position\":1,\"name\":\"Portada\",\"item\":\"https:\/\/crees.org.do\/\"},{\"@type\":\"ListItem\",\"position\":2,\"name\":\"Llegada acumulada de pasajeros extranjeros a mayo de 2023\"}]},{\"@type\":\"WebSite\",\"@id\":\"https:\/\/crees.org.do\/#website\",\"url\":\"https:\/\/crees.org.do\/\",\"name\":\"CREES\",\"description\":\"Centro Regional de Estrategias Econ\u00f3micas Sostenibles\",\"publisher\":{\"@id\":\"https:\/\/crees.org.do\/#organization\"},\"potentialAction\":[{\"@type\":\"SearchAction\",\"target\":{\"@type\":\"EntryPoint\",\"urlTemplate\":\"https:\/\/crees.org.do\/?s={search_term_string}\"},\"query-input\":{\"@type\":\"PropertyValueSpecification\",\"valueRequired\":true,\"valueName\":\"search_term_string\"}}],\"inLanguage\":\"es\"},{\"@type\":\"Organization\",\"@id\":\"https:\/\/crees.org.do\/#organization\",\"name\":\"CREES | Centro Regional de Estrategias Econ\u00f3micas Sostenibles\",\"url\":\"https:\/\/crees.org.do\/\",\"logo\":{\"@type\":\"ImageObject\",\"inLanguage\":\"es\",\"@id\":\"https:\/\/crees.org.do\/#\/schema\/logo\/image\/\",\"url\":\"https:\/\/crees.org.do\/wp-content\/uploads\/2022\/03\/crees-logo-1.jpg\",\"contentUrl\":\"https:\/\/crees.org.do\/wp-content\/uploads\/2022\/03\/crees-logo-1.jpg\",\"width\":244,\"height\":71,\"caption\":\"CREES | Centro Regional de Estrategias Econ\u00f3micas Sostenibles\"},\"image\":{\"@id\":\"https:\/\/crees.org.do\/#\/schema\/logo\/image\/\"},\"sameAs\":[\"https:\/\/www.facebook.com\/CREESRD\/\",\"https:\/\/x.com\/CREESRD\"]},{\"@type\":\"Person\",\"@id\":\"https:\/\/crees.org.do\/#\/schema\/person\/e7f97cd94d7bf9cd0e0ce30acb7d56b8\",\"name\":\"Crees\",\"image\":{\"@type\":\"ImageObject\",\"inLanguage\":\"es\",\"@id\":\"https:\/\/crees.org.do\/#\/schema\/person\/image\/\",\"url\":\"https:\/\/secure.gravatar.com\/avatar\/390ac8f0be5d9aa046152553e2dd7011b59a512d89c150f5e5f28bb8d9a0b165?s=96&d=mm&r=g\",\"contentUrl\":\"https:\/\/secure.gravatar.com\/avatar\/390ac8f0be5d9aa046152553e2dd7011b59a512d89c150f5e5f28bb8d9a0b165?s=96&d=mm&r=g\",\"caption\":\"Crees\"},\"url\":\"https:\/\/crees.org.do\/?author=2\"}]}<\/script>\n<!-- \/ Yoast SEO plugin. -->","yoast_head_json":{"title":"Llegada acumulada de pasajeros extranjeros a mayo de 2023 | CREES","robots":{"index":"index","follow":"follow","max-snippet":"max-snippet:-1","max-image-preview":"max-image-preview:large","max-video-preview":"max-video-preview:-1"},"canonical":"https:\/\/crees.org.do\/?p=25183","og_locale":"es_ES","og_type":"article","og_title":"Llegada acumulada de pasajeros extranjeros a mayo de 2023 | CREES","og_description":"Llegada acumulada de pasajeros extranjeros a mayo de 2023 En el periodo enero-mayo de 2023 la llegada acumulada de pasajeros extranjeros no residentes fue de 2,883,503. Esto en comparaci\u00f3n con los 2,396,864 de 2022 representa un crecimiento interanual de 20.3%. Es decir, 486,639 visitantes m\u00e1s con respecto al mismo periodo del a\u00f1o 2022. En comparaci\u00f3n...","og_url":"https:\/\/crees.org.do\/?p=25183","og_site_name":"CREES","article_publisher":"https:\/\/www.facebook.com\/CREESRD\/","article_published_time":"2023-07-06T17:59:29+00:00","article_modified_time":"2023-07-07T13:51:32+00:00","og_image":[{"width":3121,"height":3121,"url":"https:\/\/crees.org.do\/wp-content\/uploads\/2023\/07\/Slide-1-copy-9-6.png","type":"image\/png"}],"author":"Crees","twitter_card":"summary_large_image","twitter_creator":"@CREESRD","twitter_site":"@CREESRD","twitter_misc":{"Escrito por":"Crees","Tiempo de lectura":"1 minuto"},"schema":{"@context":"https:\/\/schema.org","@graph":[{"@type":"Article","@id":"https:\/\/crees.org.do\/?p=25183#article","isPartOf":{"@id":"https:\/\/crees.org.do\/?p=25183"},"author":{"name":"Crees","@id":"https:\/\/crees.org.do\/#\/schema\/person\/e7f97cd94d7bf9cd0e0ce30acb7d56b8"},"headline":"Llegada acumulada de pasajeros extranjeros a mayo de 2023","datePublished":"2023-07-06T17:59:29+00:00","dateModified":"2023-07-07T13:51:32+00:00","mainEntityOfPage":{"@id":"https:\/\/crees.org.do\/?p=25183"},"wordCount":272,"publisher":{"@id":"https:\/\/crees.org.do\/#organization"},"image":{"@id":"https:\/\/crees.org.do\/?p=25183#primaryimage"},"thumbnailUrl":"https:\/\/crees.org.do\/wp-content\/uploads\/2023\/07\/Slide-1-copy-9-6.png","keywords":["Llegada acumulada de pasajeros extranjeros a mayo de 2023"],"articleSection":["Blog"],"inLanguage":"es"},{"@type":"WebPage","@id":"https:\/\/crees.org.do\/?p=25183","url":"https:\/\/crees.org.do\/?p=25183","name":"Llegada acumulada de pasajeros extranjeros a mayo de 2023 | CREES","isPartOf":{"@id":"https:\/\/crees.org.do\/#website"},"primaryImageOfPage":{"@id":"https:\/\/crees.org.do\/?p=25183#primaryimage"},"image":{"@id":"https:\/\/crees.org.do\/?p=25183#primaryimage"},"thumbnailUrl":"https:\/\/crees.org.do\/wp-content\/uploads\/2023\/07\/Slide-1-copy-9-6.png","datePublished":"2023-07-06T17:59:29+00:00","dateModified":"2023-07-07T13:51:32+00:00","breadcrumb":{"@id":"https:\/\/crees.org.do\/?p=25183#breadcrumb"},"inLanguage":"es","potentialAction":[{"@type":"ReadAction","target":["https:\/\/crees.org.do\/?p=25183"]}]},{"@type":"ImageObject","inLanguage":"es","@id":"https:\/\/crees.org.do\/?p=25183#primaryimage","url":"https:\/\/crees.org.do\/wp-content\/uploads\/2023\/07\/Slide-1-copy-9-6.png","contentUrl":"https:\/\/crees.org.do\/wp-content\/uploads\/2023\/07\/Slide-1-copy-9-6.png","width":3121,"height":3121},{"@type":"BreadcrumbList","@id":"https:\/\/crees.org.do\/?p=25183#breadcrumb","itemListElement":[{"@type":"ListItem","position":1,"name":"Portada","item":"https:\/\/crees.org.do\/"},{"@type":"ListItem","position":2,"name":"Llegada acumulada de pasajeros extranjeros a mayo de 2023"}]},{"@type":"WebSite","@id":"https:\/\/crees.org.do\/#website","url":"https:\/\/crees.org.do\/","name":"CREES","description":"Centro Regional de Estrategias Econ\u00f3micas Sostenibles","publisher":{"@id":"https:\/\/crees.org.do\/#organization"},"potentialAction":[{"@type":"SearchAction","target":{"@type":"EntryPoint","urlTemplate":"https:\/\/crees.org.do\/?s={search_term_string}"},"query-input":{"@type":"PropertyValueSpecification","valueRequired":true,"valueName":"search_term_string"}}],"inLanguage":"es"},{"@type":"Organization","@id":"https:\/\/crees.org.do\/#organization","name":"CREES | Centro Regional de Estrategias Econ\u00f3micas Sostenibles","url":"https:\/\/crees.org.do\/","logo":{"@type":"ImageObject","inLanguage":"es","@id":"https:\/\/crees.org.do\/#\/schema\/logo\/image\/","url":"https:\/\/crees.org.do\/wp-content\/uploads\/2022\/03\/crees-logo-1.jpg","contentUrl":"https:\/\/crees.org.do\/wp-content\/uploads\/2022\/03\/crees-logo-1.jpg","width":244,"height":71,"caption":"CREES | Centro Regional de Estrategias Econ\u00f3micas Sostenibles"},"image":{"@id":"https:\/\/crees.org.do\/#\/schema\/logo\/image\/"},"sameAs":["https:\/\/www.facebook.com\/CREESRD\/","https:\/\/x.com\/CREESRD"]},{"@type":"Person","@id":"https:\/\/crees.org.do\/#\/schema\/person\/e7f97cd94d7bf9cd0e0ce30acb7d56b8","name":"Crees","image":{"@type":"ImageObject","inLanguage":"es","@id":"https:\/\/crees.org.do\/#\/schema\/person\/image\/","url":"https:\/\/secure.gravatar.com\/avatar\/390ac8f0be5d9aa046152553e2dd7011b59a512d89c150f5e5f28bb8d9a0b165?s=96&d=mm&r=g","contentUrl":"https:\/\/secure.gravatar.com\/avatar\/390ac8f0be5d9aa046152553e2dd7011b59a512d89c150f5e5f28bb8d9a0b165?s=96&d=mm&r=g","caption":"Crees"},"url":"https:\/\/crees.org.do\/?author=2"}]}},"_links":{"self":[{"href":"https:\/\/crees.org.do\/index.php?rest_route=\/wp\/v2\/posts\/25183","targetHints":{"allow":["GET"]}}],"collection":[{"href":"https:\/\/crees.org.do\/index.php?rest_route=\/wp\/v2\/posts"}],"about":[{"href":"https:\/\/crees.org.do\/index.php?rest_route=\/wp\/v2\/types\/post"}],"author":[{"embeddable":true,"href":"https:\/\/crees.org.do\/index.php?rest_route=\/wp\/v2\/users\/2"}],"replies":[{"embeddable":true,"href":"https:\/\/crees.org.do\/index.php?rest_route=%2Fwp%2Fv2%2Fcomments&post=25183"}],"version-history":[{"count":2,"href":"https:\/\/crees.org.do\/index.php?rest_route=\/wp\/v2\/posts\/25183\/revisions"}],"predecessor-version":[{"id":25186,"href":"https:\/\/crees.org.do\/index.php?rest_route=\/wp\/v2\/posts\/25183\/revisions\/25186"}],"wp:featuredmedia":[{"embeddable":true,"href":"https:\/\/crees.org.do\/index.php?rest_route=\/wp\/v2\/media\/25184"}],"wp:attachment":[{"href":"https:\/\/crees.org.do\/index.php?rest_route=%2Fwp%2Fv2%2Fmedia&parent=25183"}],"wp:term":[{"taxonomy":"category","embeddable":true,"href":"https:\/\/crees.org.do\/index.php?rest_route=%2Fwp%2Fv2%2Fcategories&post=25183"},{"taxonomy":"post_tag","embeddable":true,"href":"https:\/\/crees.org.do\/index.php?rest_route=%2Fwp%2Fv2%2Ftags&post=25183"}],"curies":[{"name":"wp","href":"https:\/\/api.w.org\/{rel}","templated":true}]}}