{"id":25187,"date":"2023-07-07T13:33:20","date_gmt":"2023-07-07T13:33:20","guid":{"rendered":"https:\/\/crees.org.do\/?p=25187"},"modified":"2023-07-07T13:48:03","modified_gmt":"2023-07-07T13:48:03","slug":"el-gobierno-estima-recaudar-hasta-rd10000-millones-con-amnistia-fiscal","status":"publish","type":"post","link":"https:\/\/crees.org.do\/?p=25187","title":{"rendered":"El gobierno estima recaudar hasta RD$10,000 millones con amnist\u00eda fiscal"},"content":{"rendered":"<div class=\"subtitle text-xl mb-4\">\n<p>Autor: Mariela Mej\u00eda<\/p>\n<p>Fecha: 7 de julio del 2023<\/p>\n<p>Extra\u00eddo de: <a href=\"https:\/\/www.diariolibre.com\/economia\/finanzas\/2023\/07\/06\/gobierno-recaudaria-rd10-mil-mm-con-amnistia-fiscal\/2396673\">Diario Libre<\/a><\/p>\n<ul>\n<li class=\"flex mb-2\">La deuda de los contribuyentes asciende a RD$36,000 millones<\/li>\n<li class=\"flex mb-2\">Mipymes, entre los que se les ha dificultado cumplir con el fisco<\/li>\n<\/ul>\n<p>La cantidad estimada de contribuyentes que se pueden acoger a la\u00a0<strong>propuesta de ley de amnist\u00eda fiscal<\/strong>\u00a0y otras facilidades tributarias sometida por el Poder Ejecutivo tiene deudas con la Direcci\u00f3n General de\u00a0<strong>Impuestos<\/strong>\u00a0Internos (DGII) ascendentes a\u00a0<strong>36,000 millones de pesos<\/strong>. De este total, el impuesto adeudado es solo 12,900 millones y el resto son intereses y recargos.<\/p>\n<p>As\u00ed lo inform\u00f3 ayer a Diario Libre el ministro de Hacienda, Jos\u00e9 Manuel -Jochi- Vicente. En ese sentido, precis\u00f3 que el gobierno estima que se recaudar\u00e1n entre 6,000 y 10,000 millones de pesos -si se aprueba el proyecto-, dependiendo de la cantidad de contribuyentes aplicables.<\/p>\n<p>El pasado 30 de junio, el<strong>\u00a0Poder Ejecutivo<\/strong>, representado por el presidente Luis Abinader, present\u00f3 al titular de la C\u00e1mara de Diputados, Alfredo Pacheco, el\u00a0<a title=\"Proyecto de ley que instaura un tratamiento especial transitorio de fiscalizaci\u00f3n, gesti\u00f3n y recuperaci\u00f3n de deuda tributaria\" href=\"https:\/\/s-sil.camaradediputados.gob.do:8095\/ReportesGenerales\/VerDocumento?documentoId=181545\" target=\"_blank\" rel=\"nofollow noopener noreferrer\">Proyecto de ley que instaura un tratamiento especial transitorio de fiscalizaci\u00f3n, gesti\u00f3n y recuperaci\u00f3n de deuda tributaria<\/a>.<\/p>\n<div id=\"dl_300x250_inread\" data-google-query-id=\"CL3nwMrY_P8CFXODgwgdvT8OOA\">\n<p>Con este se busca establecer un tratamiento especial transitorio con el fin de conceder una\u00a0<strong>amnist\u00eda fiscal<\/strong>\u00a0y otras facilidades tributarias a entes p\u00fablicos y privados.<\/p>\n<p>&#8220;En la actualidad existe una cantidad significativa de contribuyentes que presentan deudas importantes, en donde los recargos e intereses superan con creces el monto del impuesto adeudado&#8221;, dijo Vicente. &#8220;Como el contribuyente no ha ejercido su derecho a la prescripci\u00f3n la deuda se mantiene y dificulta el pago de\u00a0<strong>impuestos<\/strong>\u00a0corrientes. Esto se ha convertido en una dificultad importante para el cumplimiento voluntario de muchos contribuyentes, especialmente mipymes&#8221;.<\/p>\n<p>En el pa\u00eds ya se han aplicado otras\u00a0<strong>cuatro amnist\u00edas fiscales<\/strong>\u00a0entre el 2001 y 2021. Con la nueva propuesta se busca establecer un tratamiento especial transitorio hasta el 20 de diciembre de 2023, que permita declarar prescritas de oficio las deudas tributarias que cumplan con determinados requisitos, al tiempo de instaurar un procedimiento abreviado de fiscalizaci\u00f3n, facilidades de pago y amnistiar deudas tributarias estatales.<\/p>\n<p><img fetchpriority=\"high\" decoding=\"async\" class=\"aligncenter wp-image-25189\" src=\"https:\/\/crees.org.do\/wp-content\/uploads\/2023\/07\/Screenshot-2023-07-07-at-9.29.18-AM.png\" alt=\"\" width=\"896\" height=\"825\" srcset=\"https:\/\/crees.org.do\/wp-content\/uploads\/2023\/07\/Screenshot-2023-07-07-at-9.29.18-AM.png 1358w, https:\/\/crees.org.do\/wp-content\/uploads\/2023\/07\/Screenshot-2023-07-07-at-9.29.18-AM-450x414.png 450w, https:\/\/crees.org.do\/wp-content\/uploads\/2023\/07\/Screenshot-2023-07-07-at-9.29.18-AM-768x707.png 768w, https:\/\/crees.org.do\/wp-content\/uploads\/2023\/07\/Screenshot-2023-07-07-at-9.29.18-AM-600x552.png 600w\" sizes=\"(max-width: 896px) 100vw, 896px\" \/><\/p>\n<div class=\"social-embed mb-4\">\n<p><span class=\"text-xl block my-3 component-title glosa\"><strong>Recaudados con otras cuatro amnist\u00edas<\/strong><\/span><\/p>\n<p class=\"insert-subtitle\">Anterior al reci\u00e9n proyecto propuesto, se han aplicado cuatro leyes que incluyen amnist\u00edas fiscales, abarcando la m\u00e1s reciente los a\u00f1os 2020 y 2021.<\/p>\n<p>Datos publicados por la Direcci\u00f3n General de Impuestos Internos (DGII), detallan los resultados de la siguiente manera:<\/p>\n<ul class=\"list-text\">\n<li>Con la Ley 11-01 sobre Amnist\u00eda Fiscal, del 2001, se recaudaron 1,714.7 millones de pesos.<\/li>\n<li>A trav\u00e9s de la Ley 183-07 de Amnist\u00eda Fiscal, del 2007, se recaudaron 3,529.5 millones de pesos.<\/li>\n<li>Con la Ley 309-12, de Amnist\u00eda para el Fortalecimiento de la Capacidad Tributaria del Estado, Sostenibilidad Fiscal y Desarrollo Sostenible, del 2012, se recaudaron 5,586.0 millones de pesos durante cuatro a\u00f1os.<\/li>\n<li>Mediante la Ley 46-20, sobre Transparencia y Revalorizaci\u00f3n Patrimonial, del 2020, se recaudaron 35,269.4 millones de pesos. Un total de 43,955 contribuyentes se vieron beneficiados al acogerse a las facilidades de dicha ley entre el 5 de marzo de 2020 y el 30 de noviembre de 2021. El 57.3 % de los ingresos correspondi\u00f3 a facilidades de pago, mayormente para los impuestos sobre transferencias de bienes industrializados y servicios (ITBIS), sobre la renta a personas f\u00edsicas y jur\u00eddicas y activos; 16 % a declaraciones de impuesto patrimonial revalorizado y 26.7 % por concepto de amnist\u00eda.<\/li>\n<\/ul>\n<h2>Cuestionan la amnist\u00eda<\/h2>\n<p>Para el\u00a0<strong>Centro Regional de Estrategias Econ\u00f3micas Sostenibles (Crees)<\/strong>\u00a0las amnist\u00edas no deben verse como un premio, &#8220;sino como un fracaso del sistema tributario imperante&#8221;. &#8220;Las amnist\u00edas tratan de corregir, de forma temporal, el mal dise\u00f1o del sistema tributario&#8221;, asegur\u00f3 a Diario Libre, Miguel Collado Di Franco, su vicepresidente ejecutivo.<\/p>\n<p>En tanto que el\u00a0<strong>exministro de Energ\u00eda y Minas, y exasesor en Pol\u00edticas de Desarrollo del Poder Ejecutivo, Antonio Isa Conde<\/strong>, considera que las amnist\u00edas fiscales &#8220;son un instrumento usado con frecuencia por las administraciones tributarias con debilidades para recaudar adecuadamente y \u00a0hacer cumplir los compromisos \u00a0fiscales de los contribuyentes&#8221;, objetivos que considera que persigue el proyecto sometido.<\/p>\n<p>Extern\u00f3 su preocupaci\u00f3n porque &#8220;desde hace a\u00f1os ser mala paga es un negocio rentable&#8221;. &#8220;Esto no puede ser y el gobierno no debe propiciarlo. Hay que detenerse a pensar y no actuar bajo la presi\u00f3n de la urgencia recaudatoria&#8221;.<\/p>\n<p>En el pa\u00eds ya se han aplicado otras cuatro amnist\u00edas fiscales entre el 2001 y 2021. Con la nueva propuesta se busca establecer un tratamiento especial transitorio hasta el 20 de diciembre de 2023, que permita declarar prescritas de oficio las deudas tributarias que cumplan con determinados requisitos, al tiempo de instaurar un procedimiento abreviado de fiscalizaci\u00f3n, facilidades de pago y amnistiar deudas tributarias estatales.<\/p>\n<h2>Los beneficios<\/h2>\n<p>Quedar\u00edan sujetos a la aplicaci\u00f3n de dicha ley las personas f\u00edsicas y jur\u00eddicas, los entes estatales, aquellos sin personer\u00eda jur\u00eddica y las sucesiones indivisas que presenten situaciones particulares. Entre los acuerdos de pagos que podr\u00eda arribar la DGII, se proponen las deudas existentes que pesan sobre los propietarios, f\u00edsicos o jur\u00eddicos de bancas de loter\u00edas.<\/p>\n<p>En el proyecto tambi\u00e9n se propone declarar prescritas todas las deudas por concepto de obligaciones tributarias declarativas que est\u00e9n transparentadas en la cuenta corriente del contribuyente al momento de la publicaci\u00f3n de dicha ley, correspondientes a los ejercicios y periodos fiscales anteriores al 2015, inclusive, respecto a una serie de\u00a0<strong>impuestos<\/strong>. Asimismo, facilidades de pago para deudas tributarias correspondiente a ejercicios y periodos fiscales posteriores al 2016 hasta el 2021.<\/p>\n<p>El proyecto podr\u00eda ser conocido en la sesi\u00f3n de la C\u00e1mara de Diputados que se efectuar\u00e1 el pr\u00f3ximo martes a la 1 de la tarde. La Comisi\u00f3n de Hacienda del \u00f3rgano legislativo, que preside el diputado Jos\u00e9 Santana, estar\u00eda encargada de estudiar la pieza -si se env\u00eda a dicha comisi\u00f3n- para luego rendir un informe ante el hemiciclo.<\/p>\n<h2>Pide reformar sistema<\/h2>\n<p>Ante la propuesta, Collado se va m\u00e1s all\u00e1. Analiza las causas posibles que llevaron a que se produjeran las deudas, como en este caso, que se proceder\u00e1n a amnistiar.<\/p>\n<p>&#8220;Desde el Crees hemos venido proponiendo por una reforma tributaria que simplifique el sistema tributario de Rep\u00fablica Dominicana. Un sistema m\u00e1s simple, de menos figuras y menos procesos, es m\u00e1s f\u00e1cil para su cumplimiento por parte de los contribuyentes, y para la Administraci\u00f3n Tributaria poderlo fiscalizar&#8221;, dijo.<\/p>\n<p>Se\u00f1al\u00f3 que la experiencia con las reformas tributarias y arancelarias de la d\u00e9cada de los a\u00f1os 1990 en Rep\u00fablica Dominicana, demostr\u00f3 que &#8220;tasas m\u00e1s bajas de tributaci\u00f3n reducen el incentivo a la evasi\u00f3n y a la elusi\u00f3n fiscal&#8221;.<\/p>\n<p>El economista reflexion\u00f3 en que la necesidad de nuevas amnist\u00edas disminuir\u00edan en el tiempo &#8220;si el sistema tributario dominicano fuera visto como parte de un entorno habilitador o entorno favorable para el desarrollo&#8221;.<\/p>\n<h2><\/h2>\n<\/div>\n<\/div>\n<\/div>\n<div class=\"border-b-2 pb-3 byline text-lg\">\n<address class=\"author not-italic inline mr-2 block\">\u00a0<\/address>\n<\/div>\n<div class=\"pvc_clear\"><\/div>\n<p class=\"pvc_stats all \" data-element-id=\"25187\" style=\"\"><i class=\"pvc-stats-icon medium\" aria-hidden=\"true\"><svg aria-hidden=\"true\" focusable=\"false\" data-prefix=\"far\" data-icon=\"chart-bar\" role=\"img\" xmlns=\"http:\/\/www.w3.org\/2000\/svg\" viewBox=\"0 0 512 512\" class=\"svg-inline--fa fa-chart-bar fa-w-16 fa-2x\"><path fill=\"currentColor\" d=\"M396.8 352h22.4c6.4 0 12.8-6.4 12.8-12.8V108.8c0-6.4-6.4-12.8-12.8-12.8h-22.4c-6.4 0-12.8 6.4-12.8 12.8v230.4c0 6.4 6.4 12.8 12.8 12.8zm-192 0h22.4c6.4 0 12.8-6.4 12.8-12.8V140.8c0-6.4-6.4-12.8-12.8-12.8h-22.4c-6.4 0-12.8 6.4-12.8 12.8v198.4c0 6.4 6.4 12.8 12.8 12.8zm96 0h22.4c6.4 0 12.8-6.4 12.8-12.8V204.8c0-6.4-6.4-12.8-12.8-12.8h-22.4c-6.4 0-12.8 6.4-12.8 12.8v134.4c0 6.4 6.4 12.8 12.8 12.8zM496 400H48V80c0-8.84-7.16-16-16-16H16C7.16 64 0 71.16 0 80v336c0 17.67 14.33 32 32 32h464c8.84 0 16-7.16 16-16v-16c0-8.84-7.16-16-16-16zm-387.2-48h22.4c6.4 0 12.8-6.4 12.8-12.8v-70.4c0-6.4-6.4-12.8-12.8-12.8h-22.4c-6.4 0-12.8 6.4-12.8 12.8v70.4c0 6.4 6.4 12.8 12.8 12.8z\" class=\"\"><\/path><\/svg><\/i> Vistas Totales&nbsp;1,653&nbsp;<\/p>\n<div class=\"pvc_clear\"><\/div>\n","protected":false},"excerpt":{"rendered":"<p>Autor: Mariela Mej\u00eda Fecha: 7 de julio del 2023 Extra\u00eddo de: Diario Libre La deuda de los contribuyentes asciende a RD$36,000 millones Mipymes, entre los que se les ha dificultado cumplir con el fisco La cantidad estimada de contribuyentes que se pueden acoger a la\u00a0propuesta de ley de amnist\u00eda fiscal\u00a0y otras facilidades tributarias sometida por&#8230;<\/p>\n<div class=\"pvc_clear\"><\/div>\n<p class=\"pvc_stats all \" data-element-id=\"25187\" style=\"\"><i class=\"pvc-stats-icon medium\" aria-hidden=\"true\"><svg aria-hidden=\"true\" focusable=\"false\" data-prefix=\"far\" data-icon=\"chart-bar\" role=\"img\" xmlns=\"http:\/\/www.w3.org\/2000\/svg\" viewBox=\"0 0 512 512\" class=\"svg-inline--fa fa-chart-bar fa-w-16 fa-2x\"><path fill=\"currentColor\" d=\"M396.8 352h22.4c6.4 0 12.8-6.4 12.8-12.8V108.8c0-6.4-6.4-12.8-12.8-12.8h-22.4c-6.4 0-12.8 6.4-12.8 12.8v230.4c0 6.4 6.4 12.8 12.8 12.8zm-192 0h22.4c6.4 0 12.8-6.4 12.8-12.8V140.8c0-6.4-6.4-12.8-12.8-12.8h-22.4c-6.4 0-12.8 6.4-12.8 12.8v198.4c0 6.4 6.4 12.8 12.8 12.8zm96 0h22.4c6.4 0 12.8-6.4 12.8-12.8V204.8c0-6.4-6.4-12.8-12.8-12.8h-22.4c-6.4 0-12.8 6.4-12.8 12.8v134.4c0 6.4 6.4 12.8 12.8 12.8zM496 400H48V80c0-8.84-7.16-16-16-16H16C7.16 64 0 71.16 0 80v336c0 17.67 14.33 32 32 32h464c8.84 0 16-7.16 16-16v-16c0-8.84-7.16-16-16-16zm-387.2-48h22.4c6.4 0 12.8-6.4 12.8-12.8v-70.4c0-6.4-6.4-12.8-12.8-12.8h-22.4c-6.4 0-12.8 6.4-12.8 12.8v70.4c0 6.4 6.4 12.8 12.8 12.8z\" class=\"\"><\/path><\/svg><\/i> Vistas Totales&nbsp;1,653&nbsp;<\/p>\n<div class=\"pvc_clear\"><\/div>\n","protected":false},"author":2,"featured_media":25188,"comment_status":"closed","ping_status":"closed","sticky":false,"template":"","format":"standard","meta":{"footnotes":""},"categories":[19],"tags":[],"class_list":["post-25187","post","type-post","status-publish","format-standard","has-post-thumbnail","hentry","category-actualidad"],"yoast_head":"<!-- This site is optimized with the Yoast SEO plugin v25.2 - https:\/\/yoast.com\/wordpress\/plugins\/seo\/ -->\n<title>El gobierno estima recaudar hasta RD$10,000 millones con amnist\u00eda fiscal | CREES<\/title>\n<meta name=\"robots\" content=\"index, follow, max-snippet:-1, max-image-preview:large, max-video-preview:-1\" \/>\n<link rel=\"canonical\" href=\"https:\/\/crees.org.do\/?p=25187\" \/>\n<meta property=\"og:locale\" content=\"es_ES\" \/>\n<meta property=\"og:type\" content=\"article\" \/>\n<meta property=\"og:title\" content=\"El gobierno estima recaudar hasta RD$10,000 millones con amnist\u00eda fiscal | CREES\" \/>\n<meta property=\"og:description\" content=\"Autor: Mariela Mej\u00eda Fecha: 7 de julio del 2023 Extra\u00eddo de: Diario Libre La deuda de los contribuyentes asciende a RD$36,000 millones Mipymes, entre los que se les ha dificultado cumplir con el fisco La cantidad estimada de contribuyentes que se pueden acoger a la\u00a0propuesta de ley de amnist\u00eda fiscal\u00a0y otras facilidades tributarias sometida por...\" \/>\n<meta property=\"og:url\" content=\"https:\/\/crees.org.do\/?p=25187\" \/>\n<meta property=\"og:site_name\" content=\"CREES\" \/>\n<meta property=\"article:publisher\" content=\"https:\/\/www.facebook.com\/CREESRD\/\" \/>\n<meta property=\"article:published_time\" content=\"2023-07-07T13:33:20+00:00\" \/>\n<meta property=\"article:modified_time\" content=\"2023-07-07T13:48:03+00:00\" \/>\n<meta property=\"og:image\" content=\"https:\/\/crees.org.do\/wp-content\/uploads\/2023\/07\/shutterstock2178133729-c1591f6f-focus-0-0-896-504.jpg\" \/>\n\t<meta property=\"og:image:width\" content=\"896\" \/>\n\t<meta property=\"og:image:height\" content=\"504\" \/>\n\t<meta property=\"og:image:type\" content=\"image\/jpeg\" \/>\n<meta name=\"author\" content=\"Crees\" \/>\n<meta name=\"twitter:card\" content=\"summary_large_image\" \/>\n<meta name=\"twitter:creator\" content=\"@CREESRD\" \/>\n<meta name=\"twitter:site\" content=\"@CREESRD\" \/>\n<meta name=\"twitter:label1\" content=\"Escrito por\" \/>\n\t<meta name=\"twitter:data1\" content=\"Crees\" \/>\n\t<meta name=\"twitter:label2\" content=\"Tiempo de lectura\" \/>\n\t<meta name=\"twitter:data2\" content=\"6 minutos\" \/>\n<script type=\"application\/ld+json\" class=\"yoast-schema-graph\">{\"@context\":\"https:\/\/schema.org\",\"@graph\":[{\"@type\":\"Article\",\"@id\":\"https:\/\/crees.org.do\/?p=25187#article\",\"isPartOf\":{\"@id\":\"https:\/\/crees.org.do\/?p=25187\"},\"author\":{\"name\":\"Crees\",\"@id\":\"https:\/\/crees.org.do\/#\/schema\/person\/e7f97cd94d7bf9cd0e0ce30acb7d56b8\"},\"headline\":\"El gobierno estima recaudar hasta RD$10,000 millones con amnist\u00eda fiscal\",\"datePublished\":\"2023-07-07T13:33:20+00:00\",\"dateModified\":\"2023-07-07T13:48:03+00:00\",\"mainEntityOfPage\":{\"@id\":\"https:\/\/crees.org.do\/?p=25187\"},\"wordCount\":1144,\"publisher\":{\"@id\":\"https:\/\/crees.org.do\/#organization\"},\"image\":{\"@id\":\"https:\/\/crees.org.do\/?p=25187#primaryimage\"},\"thumbnailUrl\":\"https:\/\/crees.org.do\/wp-content\/uploads\/2023\/07\/shutterstock2178133729-c1591f6f-focus-0-0-896-504.jpg\",\"articleSection\":[\"Actualidad\"],\"inLanguage\":\"es\"},{\"@type\":\"WebPage\",\"@id\":\"https:\/\/crees.org.do\/?p=25187\",\"url\":\"https:\/\/crees.org.do\/?p=25187\",\"name\":\"El gobierno estima recaudar hasta RD$10,000 millones con amnist\u00eda fiscal | CREES\",\"isPartOf\":{\"@id\":\"https:\/\/crees.org.do\/#website\"},\"primaryImageOfPage\":{\"@id\":\"https:\/\/crees.org.do\/?p=25187#primaryimage\"},\"image\":{\"@id\":\"https:\/\/crees.org.do\/?p=25187#primaryimage\"},\"thumbnailUrl\":\"https:\/\/crees.org.do\/wp-content\/uploads\/2023\/07\/shutterstock2178133729-c1591f6f-focus-0-0-896-504.jpg\",\"datePublished\":\"2023-07-07T13:33:20+00:00\",\"dateModified\":\"2023-07-07T13:48:03+00:00\",\"breadcrumb\":{\"@id\":\"https:\/\/crees.org.do\/?p=25187#breadcrumb\"},\"inLanguage\":\"es\",\"potentialAction\":[{\"@type\":\"ReadAction\",\"target\":[\"https:\/\/crees.org.do\/?p=25187\"]}]},{\"@type\":\"ImageObject\",\"inLanguage\":\"es\",\"@id\":\"https:\/\/crees.org.do\/?p=25187#primaryimage\",\"url\":\"https:\/\/crees.org.do\/wp-content\/uploads\/2023\/07\/shutterstock2178133729-c1591f6f-focus-0-0-896-504.jpg\",\"contentUrl\":\"https:\/\/crees.org.do\/wp-content\/uploads\/2023\/07\/shutterstock2178133729-c1591f6f-focus-0-0-896-504.jpg\",\"width\":896,\"height\":504},{\"@type\":\"BreadcrumbList\",\"@id\":\"https:\/\/crees.org.do\/?p=25187#breadcrumb\",\"itemListElement\":[{\"@type\":\"ListItem\",\"position\":1,\"name\":\"Portada\",\"item\":\"https:\/\/crees.org.do\/\"},{\"@type\":\"ListItem\",\"position\":2,\"name\":\"El gobierno estima recaudar hasta RD$10,000 millones con amnist\u00eda fiscal\"}]},{\"@type\":\"WebSite\",\"@id\":\"https:\/\/crees.org.do\/#website\",\"url\":\"https:\/\/crees.org.do\/\",\"name\":\"CREES\",\"description\":\"Centro Regional de Estrategias Econ\u00f3micas Sostenibles\",\"publisher\":{\"@id\":\"https:\/\/crees.org.do\/#organization\"},\"potentialAction\":[{\"@type\":\"SearchAction\",\"target\":{\"@type\":\"EntryPoint\",\"urlTemplate\":\"https:\/\/crees.org.do\/?s={search_term_string}\"},\"query-input\":{\"@type\":\"PropertyValueSpecification\",\"valueRequired\":true,\"valueName\":\"search_term_string\"}}],\"inLanguage\":\"es\"},{\"@type\":\"Organization\",\"@id\":\"https:\/\/crees.org.do\/#organization\",\"name\":\"CREES | Centro Regional de Estrategias Econ\u00f3micas Sostenibles\",\"url\":\"https:\/\/crees.org.do\/\",\"logo\":{\"@type\":\"ImageObject\",\"inLanguage\":\"es\",\"@id\":\"https:\/\/crees.org.do\/#\/schema\/logo\/image\/\",\"url\":\"https:\/\/crees.org.do\/wp-content\/uploads\/2022\/03\/crees-logo-1.jpg\",\"contentUrl\":\"https:\/\/crees.org.do\/wp-content\/uploads\/2022\/03\/crees-logo-1.jpg\",\"width\":244,\"height\":71,\"caption\":\"CREES | Centro Regional de Estrategias Econ\u00f3micas Sostenibles\"},\"image\":{\"@id\":\"https:\/\/crees.org.do\/#\/schema\/logo\/image\/\"},\"sameAs\":[\"https:\/\/www.facebook.com\/CREESRD\/\",\"https:\/\/x.com\/CREESRD\"]},{\"@type\":\"Person\",\"@id\":\"https:\/\/crees.org.do\/#\/schema\/person\/e7f97cd94d7bf9cd0e0ce30acb7d56b8\",\"name\":\"Crees\",\"image\":{\"@type\":\"ImageObject\",\"inLanguage\":\"es\",\"@id\":\"https:\/\/crees.org.do\/#\/schema\/person\/image\/\",\"url\":\"https:\/\/secure.gravatar.com\/avatar\/390ac8f0be5d9aa046152553e2dd7011b59a512d89c150f5e5f28bb8d9a0b165?s=96&d=mm&r=g\",\"contentUrl\":\"https:\/\/secure.gravatar.com\/avatar\/390ac8f0be5d9aa046152553e2dd7011b59a512d89c150f5e5f28bb8d9a0b165?s=96&d=mm&r=g\",\"caption\":\"Crees\"},\"url\":\"https:\/\/crees.org.do\/?author=2\"}]}<\/script>\n<!-- \/ Yoast SEO plugin. -->","yoast_head_json":{"title":"El gobierno estima recaudar hasta RD$10,000 millones con amnist\u00eda fiscal | CREES","robots":{"index":"index","follow":"follow","max-snippet":"max-snippet:-1","max-image-preview":"max-image-preview:large","max-video-preview":"max-video-preview:-1"},"canonical":"https:\/\/crees.org.do\/?p=25187","og_locale":"es_ES","og_type":"article","og_title":"El gobierno estima recaudar hasta RD$10,000 millones con amnist\u00eda fiscal | CREES","og_description":"Autor: Mariela Mej\u00eda Fecha: 7 de julio del 2023 Extra\u00eddo de: Diario Libre La deuda de los contribuyentes asciende a RD$36,000 millones Mipymes, entre los que se les ha dificultado cumplir con el fisco La cantidad estimada de contribuyentes que se pueden acoger a la\u00a0propuesta de ley de amnist\u00eda fiscal\u00a0y otras facilidades tributarias sometida por...","og_url":"https:\/\/crees.org.do\/?p=25187","og_site_name":"CREES","article_publisher":"https:\/\/www.facebook.com\/CREESRD\/","article_published_time":"2023-07-07T13:33:20+00:00","article_modified_time":"2023-07-07T13:48:03+00:00","og_image":[{"width":896,"height":504,"url":"https:\/\/crees.org.do\/wp-content\/uploads\/2023\/07\/shutterstock2178133729-c1591f6f-focus-0-0-896-504.jpg","type":"image\/jpeg"}],"author":"Crees","twitter_card":"summary_large_image","twitter_creator":"@CREESRD","twitter_site":"@CREESRD","twitter_misc":{"Escrito por":"Crees","Tiempo de lectura":"6 minutos"},"schema":{"@context":"https:\/\/schema.org","@graph":[{"@type":"Article","@id":"https:\/\/crees.org.do\/?p=25187#article","isPartOf":{"@id":"https:\/\/crees.org.do\/?p=25187"},"author":{"name":"Crees","@id":"https:\/\/crees.org.do\/#\/schema\/person\/e7f97cd94d7bf9cd0e0ce30acb7d56b8"},"headline":"El gobierno estima recaudar hasta RD$10,000 millones con amnist\u00eda fiscal","datePublished":"2023-07-07T13:33:20+00:00","dateModified":"2023-07-07T13:48:03+00:00","mainEntityOfPage":{"@id":"https:\/\/crees.org.do\/?p=25187"},"wordCount":1144,"publisher":{"@id":"https:\/\/crees.org.do\/#organization"},"image":{"@id":"https:\/\/crees.org.do\/?p=25187#primaryimage"},"thumbnailUrl":"https:\/\/crees.org.do\/wp-content\/uploads\/2023\/07\/shutterstock2178133729-c1591f6f-focus-0-0-896-504.jpg","articleSection":["Actualidad"],"inLanguage":"es"},{"@type":"WebPage","@id":"https:\/\/crees.org.do\/?p=25187","url":"https:\/\/crees.org.do\/?p=25187","name":"El gobierno estima recaudar hasta RD$10,000 millones con amnist\u00eda fiscal | CREES","isPartOf":{"@id":"https:\/\/crees.org.do\/#website"},"primaryImageOfPage":{"@id":"https:\/\/crees.org.do\/?p=25187#primaryimage"},"image":{"@id":"https:\/\/crees.org.do\/?p=25187#primaryimage"},"thumbnailUrl":"https:\/\/crees.org.do\/wp-content\/uploads\/2023\/07\/shutterstock2178133729-c1591f6f-focus-0-0-896-504.jpg","datePublished":"2023-07-07T13:33:20+00:00","dateModified":"2023-07-07T13:48:03+00:00","breadcrumb":{"@id":"https:\/\/crees.org.do\/?p=25187#breadcrumb"},"inLanguage":"es","potentialAction":[{"@type":"ReadAction","target":["https:\/\/crees.org.do\/?p=25187"]}]},{"@type":"ImageObject","inLanguage":"es","@id":"https:\/\/crees.org.do\/?p=25187#primaryimage","url":"https:\/\/crees.org.do\/wp-content\/uploads\/2023\/07\/shutterstock2178133729-c1591f6f-focus-0-0-896-504.jpg","contentUrl":"https:\/\/crees.org.do\/wp-content\/uploads\/2023\/07\/shutterstock2178133729-c1591f6f-focus-0-0-896-504.jpg","width":896,"height":504},{"@type":"BreadcrumbList","@id":"https:\/\/crees.org.do\/?p=25187#breadcrumb","itemListElement":[{"@type":"ListItem","position":1,"name":"Portada","item":"https:\/\/crees.org.do\/"},{"@type":"ListItem","position":2,"name":"El gobierno estima recaudar hasta RD$10,000 millones con amnist\u00eda fiscal"}]},{"@type":"WebSite","@id":"https:\/\/crees.org.do\/#website","url":"https:\/\/crees.org.do\/","name":"CREES","description":"Centro Regional de Estrategias Econ\u00f3micas Sostenibles","publisher":{"@id":"https:\/\/crees.org.do\/#organization"},"potentialAction":[{"@type":"SearchAction","target":{"@type":"EntryPoint","urlTemplate":"https:\/\/crees.org.do\/?s={search_term_string}"},"query-input":{"@type":"PropertyValueSpecification","valueRequired":true,"valueName":"search_term_string"}}],"inLanguage":"es"},{"@type":"Organization","@id":"https:\/\/crees.org.do\/#organization","name":"CREES | Centro Regional de Estrategias Econ\u00f3micas Sostenibles","url":"https:\/\/crees.org.do\/","logo":{"@type":"ImageObject","inLanguage":"es","@id":"https:\/\/crees.org.do\/#\/schema\/logo\/image\/","url":"https:\/\/crees.org.do\/wp-content\/uploads\/2022\/03\/crees-logo-1.jpg","contentUrl":"https:\/\/crees.org.do\/wp-content\/uploads\/2022\/03\/crees-logo-1.jpg","width":244,"height":71,"caption":"CREES | Centro Regional de Estrategias Econ\u00f3micas Sostenibles"},"image":{"@id":"https:\/\/crees.org.do\/#\/schema\/logo\/image\/"},"sameAs":["https:\/\/www.facebook.com\/CREESRD\/","https:\/\/x.com\/CREESRD"]},{"@type":"Person","@id":"https:\/\/crees.org.do\/#\/schema\/person\/e7f97cd94d7bf9cd0e0ce30acb7d56b8","name":"Crees","image":{"@type":"ImageObject","inLanguage":"es","@id":"https:\/\/crees.org.do\/#\/schema\/person\/image\/","url":"https:\/\/secure.gravatar.com\/avatar\/390ac8f0be5d9aa046152553e2dd7011b59a512d89c150f5e5f28bb8d9a0b165?s=96&d=mm&r=g","contentUrl":"https:\/\/secure.gravatar.com\/avatar\/390ac8f0be5d9aa046152553e2dd7011b59a512d89c150f5e5f28bb8d9a0b165?s=96&d=mm&r=g","caption":"Crees"},"url":"https:\/\/crees.org.do\/?author=2"}]}},"_links":{"self":[{"href":"https:\/\/crees.org.do\/index.php?rest_route=\/wp\/v2\/posts\/25187","targetHints":{"allow":["GET"]}}],"collection":[{"href":"https:\/\/crees.org.do\/index.php?rest_route=\/wp\/v2\/posts"}],"about":[{"href":"https:\/\/crees.org.do\/index.php?rest_route=\/wp\/v2\/types\/post"}],"author":[{"embeddable":true,"href":"https:\/\/crees.org.do\/index.php?rest_route=\/wp\/v2\/users\/2"}],"replies":[{"embeddable":true,"href":"https:\/\/crees.org.do\/index.php?rest_route=%2Fwp%2Fv2%2Fcomments&post=25187"}],"version-history":[{"count":3,"href":"https:\/\/crees.org.do\/index.php?rest_route=\/wp\/v2\/posts\/25187\/revisions"}],"predecessor-version":[{"id":25192,"href":"https:\/\/crees.org.do\/index.php?rest_route=\/wp\/v2\/posts\/25187\/revisions\/25192"}],"wp:featuredmedia":[{"embeddable":true,"href":"https:\/\/crees.org.do\/index.php?rest_route=\/wp\/v2\/media\/25188"}],"wp:attachment":[{"href":"https:\/\/crees.org.do\/index.php?rest_route=%2Fwp%2Fv2%2Fmedia&parent=25187"}],"wp:term":[{"taxonomy":"category","embeddable":true,"href":"https:\/\/crees.org.do\/index.php?rest_route=%2Fwp%2Fv2%2Fcategories&post=25187"},{"taxonomy":"post_tag","embeddable":true,"href":"https:\/\/crees.org.do\/index.php?rest_route=%2Fwp%2Fv2%2Ftags&post=25187"}],"curies":[{"name":"wp","href":"https:\/\/api.w.org\/{rel}","templated":true}]}}