{"id":25194,"date":"2023-07-10T18:24:55","date_gmt":"2023-07-10T18:24:55","guid":{"rendered":"https:\/\/crees.org.do\/?p=25194"},"modified":"2023-07-10T18:36:30","modified_gmt":"2023-07-10T18:36:30","slug":"ingresos-por-hora-de-la-poblacion-ocupada-2","status":"publish","type":"post","link":"https:\/\/crees.org.do\/?p=25194","title":{"rendered":"Ingresos por hora de la poblaci\u00f3n ocupada"},"content":{"rendered":"<p><img fetchpriority=\"high\" decoding=\"async\" class=\"aligncenter wp-image-25195\" src=\"https:\/\/crees.org.do\/wp-content\/uploads\/2023\/07\/Untitled-copy-11.png\" alt=\"\" width=\"896\" height=\"896\" srcset=\"https:\/\/crees.org.do\/wp-content\/uploads\/2023\/07\/Untitled-copy-11.png 3121w, https:\/\/crees.org.do\/wp-content\/uploads\/2023\/07\/Untitled-copy-11-450x450.png 450w, https:\/\/crees.org.do\/wp-content\/uploads\/2023\/07\/Untitled-copy-11-2000x2000.png 2000w, https:\/\/crees.org.do\/wp-content\/uploads\/2023\/07\/Untitled-copy-11-150x150.png 150w, https:\/\/crees.org.do\/wp-content\/uploads\/2023\/07\/Untitled-copy-11-768x768.png 768w, https:\/\/crees.org.do\/wp-content\/uploads\/2023\/07\/Untitled-copy-11-1536x1536.png 1536w, https:\/\/crees.org.do\/wp-content\/uploads\/2023\/07\/Untitled-copy-11-2048x2048.png 2048w, https:\/\/crees.org.do\/wp-content\/uploads\/2023\/07\/Untitled-copy-11-300x300.png 300w, https:\/\/crees.org.do\/wp-content\/uploads\/2023\/07\/Untitled-copy-11-600x600.png 600w, https:\/\/crees.org.do\/wp-content\/uploads\/2023\/07\/Untitled-copy-11-100x100.png 100w\" sizes=\"(max-width: 896px) 100vw, 896px\" \/><\/p>\n<h2>Ingresos por hora de la poblaci\u00f3n ocupada<\/h2>\n<p style=\"text-align: justify;\">Luego del inicio de la pandemia de Covid-19, y las limitaciones de movilidad que llegaron con esta, se verific\u00f3 una reducci\u00f3n de los salarios nominales y reales al segundo trimestre del 2020.<\/p>\n<p style=\"text-align: justify;\">El ingreso nominal de los ocupados, luego de este periodo, ha registrado un incremento de un 31.9%, al pasar de RD$98.8 por hora a RD$130.3 por hora. A pesar de este incremento, la inflaci\u00f3n de precios ha deprimido el incremento en t\u00e9rminos reales. Al ajustar el ingreso por hora por el efecto de la inflaci\u00f3n este solo se ha incrementado en 6.3% desde el segundo trimestre del 2020 hasta el primer trimestre del 2023.<\/p>\n<p style=\"text-align: justify;\">Los ingresos demandados por los miembros de la fuerza laboral ocupada han experimentado aumentos, tal como lo han hecho los precios de bienes y servicios en la econom\u00eda. El salario es un precio, que tambi\u00e9n tiende a responder con los episodios de inflaci\u00f3n monetaria. Sin embargo, los incrementos promedios en los precios de la econom\u00eda tienden a deprimir los ingresos en t\u00e9rminos reales o a limitar su crecimiento. En otras palabras, el poder de compra de los ocupados se ve afectado por las pol\u00edticas monetarias expansivas, que son las causantes de los procesos inflacionarios.<\/p>\n<div class=\"pvc_clear\"><\/div>\n<p class=\"pvc_stats all \" data-element-id=\"25194\" style=\"\"><i class=\"pvc-stats-icon medium\" aria-hidden=\"true\"><svg aria-hidden=\"true\" focusable=\"false\" data-prefix=\"far\" data-icon=\"chart-bar\" role=\"img\" xmlns=\"http:\/\/www.w3.org\/2000\/svg\" viewBox=\"0 0 512 512\" class=\"svg-inline--fa fa-chart-bar fa-w-16 fa-2x\"><path fill=\"currentColor\" d=\"M396.8 352h22.4c6.4 0 12.8-6.4 12.8-12.8V108.8c0-6.4-6.4-12.8-12.8-12.8h-22.4c-6.4 0-12.8 6.4-12.8 12.8v230.4c0 6.4 6.4 12.8 12.8 12.8zm-192 0h22.4c6.4 0 12.8-6.4 12.8-12.8V140.8c0-6.4-6.4-12.8-12.8-12.8h-22.4c-6.4 0-12.8 6.4-12.8 12.8v198.4c0 6.4 6.4 12.8 12.8 12.8zm96 0h22.4c6.4 0 12.8-6.4 12.8-12.8V204.8c0-6.4-6.4-12.8-12.8-12.8h-22.4c-6.4 0-12.8 6.4-12.8 12.8v134.4c0 6.4 6.4 12.8 12.8 12.8zM496 400H48V80c0-8.84-7.16-16-16-16H16C7.16 64 0 71.16 0 80v336c0 17.67 14.33 32 32 32h464c8.84 0 16-7.16 16-16v-16c0-8.84-7.16-16-16-16zm-387.2-48h22.4c6.4 0 12.8-6.4 12.8-12.8v-70.4c0-6.4-6.4-12.8-12.8-12.8h-22.4c-6.4 0-12.8 6.4-12.8 12.8v70.4c0 6.4 6.4 12.8 12.8 12.8z\" class=\"\"><\/path><\/svg><\/i> Vistas Totales&nbsp;1,283&nbsp;, Vistas Hoy&nbsp;2&nbsp;<\/p>\n<div class=\"pvc_clear\"><\/div>\n","protected":false},"excerpt":{"rendered":"<p>Ingresos por hora de la poblaci\u00f3n ocupada Luego del inicio de la pandemia de Covid-19, y las limitaciones de movilidad que llegaron con esta, se verific\u00f3 una reducci\u00f3n de los salarios nominales y reales al segundo trimestre del 2020. El ingreso nominal de los ocupados, luego de este periodo, ha registrado un incremento de un&#8230;<\/p>\n<div class=\"pvc_clear\"><\/div>\n<p class=\"pvc_stats all \" data-element-id=\"25194\" style=\"\"><i class=\"pvc-stats-icon medium\" aria-hidden=\"true\"><svg aria-hidden=\"true\" focusable=\"false\" data-prefix=\"far\" data-icon=\"chart-bar\" role=\"img\" xmlns=\"http:\/\/www.w3.org\/2000\/svg\" viewBox=\"0 0 512 512\" class=\"svg-inline--fa fa-chart-bar fa-w-16 fa-2x\"><path fill=\"currentColor\" d=\"M396.8 352h22.4c6.4 0 12.8-6.4 12.8-12.8V108.8c0-6.4-6.4-12.8-12.8-12.8h-22.4c-6.4 0-12.8 6.4-12.8 12.8v230.4c0 6.4 6.4 12.8 12.8 12.8zm-192 0h22.4c6.4 0 12.8-6.4 12.8-12.8V140.8c0-6.4-6.4-12.8-12.8-12.8h-22.4c-6.4 0-12.8 6.4-12.8 12.8v198.4c0 6.4 6.4 12.8 12.8 12.8zm96 0h22.4c6.4 0 12.8-6.4 12.8-12.8V204.8c0-6.4-6.4-12.8-12.8-12.8h-22.4c-6.4 0-12.8 6.4-12.8 12.8v134.4c0 6.4 6.4 12.8 12.8 12.8zM496 400H48V80c0-8.84-7.16-16-16-16H16C7.16 64 0 71.16 0 80v336c0 17.67 14.33 32 32 32h464c8.84 0 16-7.16 16-16v-16c0-8.84-7.16-16-16-16zm-387.2-48h22.4c6.4 0 12.8-6.4 12.8-12.8v-70.4c0-6.4-6.4-12.8-12.8-12.8h-22.4c-6.4 0-12.8 6.4-12.8 12.8v70.4c0 6.4 6.4 12.8 12.8 12.8z\" class=\"\"><\/path><\/svg><\/i> Vistas Totales&nbsp;1,283&nbsp;, Vistas Hoy&nbsp;2&nbsp;<\/p>\n<div class=\"pvc_clear\"><\/div>\n","protected":false},"author":2,"featured_media":25195,"comment_status":"closed","ping_status":"closed","sticky":false,"template":"","format":"standard","meta":{"footnotes":""},"categories":[21],"tags":[137],"class_list":["post-25194","post","type-post","status-publish","format-standard","has-post-thumbnail","hentry","category-blog","tag-ingresos-por-hora-de-la-poblacion-ocupada"],"yoast_head":"<!-- This site is optimized with the Yoast SEO plugin v25.2 - https:\/\/yoast.com\/wordpress\/plugins\/seo\/ -->\n<title>Ingresos por hora de la poblaci\u00f3n ocupada | CREES<\/title>\n<meta name=\"robots\" content=\"index, follow, max-snippet:-1, max-image-preview:large, max-video-preview:-1\" \/>\n<link rel=\"canonical\" href=\"https:\/\/crees.org.do\/?p=25194\" \/>\n<meta property=\"og:locale\" content=\"es_ES\" \/>\n<meta property=\"og:type\" content=\"article\" \/>\n<meta property=\"og:title\" content=\"Ingresos por hora de la poblaci\u00f3n ocupada | CREES\" \/>\n<meta property=\"og:description\" content=\"Ingresos por hora de la poblaci\u00f3n ocupada Luego del inicio de la pandemia de Covid-19, y las limitaciones de movilidad que llegaron con esta, se verific\u00f3 una reducci\u00f3n de los salarios nominales y reales al segundo trimestre del 2020. El ingreso nominal de los ocupados, luego de este periodo, ha registrado un incremento de un...\" \/>\n<meta property=\"og:url\" content=\"https:\/\/crees.org.do\/?p=25194\" \/>\n<meta property=\"og:site_name\" content=\"CREES\" \/>\n<meta property=\"article:publisher\" content=\"https:\/\/www.facebook.com\/CREESRD\/\" \/>\n<meta property=\"article:published_time\" content=\"2023-07-10T18:24:55+00:00\" \/>\n<meta property=\"article:modified_time\" content=\"2023-07-10T18:36:30+00:00\" \/>\n<meta property=\"og:image\" content=\"https:\/\/crees.org.do\/wp-content\/uploads\/2023\/07\/Untitled-copy-11.png\" \/>\n\t<meta property=\"og:image:width\" content=\"3121\" \/>\n\t<meta property=\"og:image:height\" content=\"3121\" \/>\n\t<meta property=\"og:image:type\" content=\"image\/png\" \/>\n<meta name=\"author\" content=\"Crees\" \/>\n<meta name=\"twitter:card\" content=\"summary_large_image\" \/>\n<meta name=\"twitter:creator\" content=\"@CREESRD\" \/>\n<meta name=\"twitter:site\" content=\"@CREESRD\" \/>\n<meta name=\"twitter:label1\" content=\"Escrito por\" \/>\n\t<meta name=\"twitter:data1\" content=\"Crees\" \/>\n\t<meta name=\"twitter:label2\" content=\"Tiempo de lectura\" \/>\n\t<meta name=\"twitter:data2\" content=\"1 minuto\" \/>\n<script type=\"application\/ld+json\" class=\"yoast-schema-graph\">{\"@context\":\"https:\/\/schema.org\",\"@graph\":[{\"@type\":\"Article\",\"@id\":\"https:\/\/crees.org.do\/?p=25194#article\",\"isPartOf\":{\"@id\":\"https:\/\/crees.org.do\/?p=25194\"},\"author\":{\"name\":\"Crees\",\"@id\":\"https:\/\/crees.org.do\/#\/schema\/person\/e7f97cd94d7bf9cd0e0ce30acb7d56b8\"},\"headline\":\"Ingresos por hora de la poblaci\u00f3n ocupada\",\"datePublished\":\"2023-07-10T18:24:55+00:00\",\"dateModified\":\"2023-07-10T18:36:30+00:00\",\"mainEntityOfPage\":{\"@id\":\"https:\/\/crees.org.do\/?p=25194\"},\"wordCount\":221,\"publisher\":{\"@id\":\"https:\/\/crees.org.do\/#organization\"},\"image\":{\"@id\":\"https:\/\/crees.org.do\/?p=25194#primaryimage\"},\"thumbnailUrl\":\"https:\/\/crees.org.do\/wp-content\/uploads\/2023\/07\/Untitled-copy-11.png\",\"keywords\":[\"Ingresos por hora de la poblaci\u00f3n ocupada\"],\"articleSection\":[\"Blog\"],\"inLanguage\":\"es\"},{\"@type\":\"WebPage\",\"@id\":\"https:\/\/crees.org.do\/?p=25194\",\"url\":\"https:\/\/crees.org.do\/?p=25194\",\"name\":\"Ingresos por hora de la poblaci\u00f3n ocupada | CREES\",\"isPartOf\":{\"@id\":\"https:\/\/crees.org.do\/#website\"},\"primaryImageOfPage\":{\"@id\":\"https:\/\/crees.org.do\/?p=25194#primaryimage\"},\"image\":{\"@id\":\"https:\/\/crees.org.do\/?p=25194#primaryimage\"},\"thumbnailUrl\":\"https:\/\/crees.org.do\/wp-content\/uploads\/2023\/07\/Untitled-copy-11.png\",\"datePublished\":\"2023-07-10T18:24:55+00:00\",\"dateModified\":\"2023-07-10T18:36:30+00:00\",\"breadcrumb\":{\"@id\":\"https:\/\/crees.org.do\/?p=25194#breadcrumb\"},\"inLanguage\":\"es\",\"potentialAction\":[{\"@type\":\"ReadAction\",\"target\":[\"https:\/\/crees.org.do\/?p=25194\"]}]},{\"@type\":\"ImageObject\",\"inLanguage\":\"es\",\"@id\":\"https:\/\/crees.org.do\/?p=25194#primaryimage\",\"url\":\"https:\/\/crees.org.do\/wp-content\/uploads\/2023\/07\/Untitled-copy-11.png\",\"contentUrl\":\"https:\/\/crees.org.do\/wp-content\/uploads\/2023\/07\/Untitled-copy-11.png\",\"width\":3121,\"height\":3121},{\"@type\":\"BreadcrumbList\",\"@id\":\"https:\/\/crees.org.do\/?p=25194#breadcrumb\",\"itemListElement\":[{\"@type\":\"ListItem\",\"position\":1,\"name\":\"Portada\",\"item\":\"https:\/\/crees.org.do\/\"},{\"@type\":\"ListItem\",\"position\":2,\"name\":\"Ingresos por hora de la poblaci\u00f3n ocupada\"}]},{\"@type\":\"WebSite\",\"@id\":\"https:\/\/crees.org.do\/#website\",\"url\":\"https:\/\/crees.org.do\/\",\"name\":\"CREES\",\"description\":\"Centro Regional de Estrategias Econ\u00f3micas Sostenibles\",\"publisher\":{\"@id\":\"https:\/\/crees.org.do\/#organization\"},\"potentialAction\":[{\"@type\":\"SearchAction\",\"target\":{\"@type\":\"EntryPoint\",\"urlTemplate\":\"https:\/\/crees.org.do\/?s={search_term_string}\"},\"query-input\":{\"@type\":\"PropertyValueSpecification\",\"valueRequired\":true,\"valueName\":\"search_term_string\"}}],\"inLanguage\":\"es\"},{\"@type\":\"Organization\",\"@id\":\"https:\/\/crees.org.do\/#organization\",\"name\":\"CREES | Centro Regional de Estrategias Econ\u00f3micas Sostenibles\",\"url\":\"https:\/\/crees.org.do\/\",\"logo\":{\"@type\":\"ImageObject\",\"inLanguage\":\"es\",\"@id\":\"https:\/\/crees.org.do\/#\/schema\/logo\/image\/\",\"url\":\"https:\/\/crees.org.do\/wp-content\/uploads\/2022\/03\/crees-logo-1.jpg\",\"contentUrl\":\"https:\/\/crees.org.do\/wp-content\/uploads\/2022\/03\/crees-logo-1.jpg\",\"width\":244,\"height\":71,\"caption\":\"CREES | Centro Regional de Estrategias Econ\u00f3micas Sostenibles\"},\"image\":{\"@id\":\"https:\/\/crees.org.do\/#\/schema\/logo\/image\/\"},\"sameAs\":[\"https:\/\/www.facebook.com\/CREESRD\/\",\"https:\/\/x.com\/CREESRD\"]},{\"@type\":\"Person\",\"@id\":\"https:\/\/crees.org.do\/#\/schema\/person\/e7f97cd94d7bf9cd0e0ce30acb7d56b8\",\"name\":\"Crees\",\"image\":{\"@type\":\"ImageObject\",\"inLanguage\":\"es\",\"@id\":\"https:\/\/crees.org.do\/#\/schema\/person\/image\/\",\"url\":\"https:\/\/secure.gravatar.com\/avatar\/390ac8f0be5d9aa046152553e2dd7011b59a512d89c150f5e5f28bb8d9a0b165?s=96&d=mm&r=g\",\"contentUrl\":\"https:\/\/secure.gravatar.com\/avatar\/390ac8f0be5d9aa046152553e2dd7011b59a512d89c150f5e5f28bb8d9a0b165?s=96&d=mm&r=g\",\"caption\":\"Crees\"},\"url\":\"https:\/\/crees.org.do\/?author=2\"}]}<\/script>\n<!-- \/ Yoast SEO plugin. -->","yoast_head_json":{"title":"Ingresos por hora de la poblaci\u00f3n ocupada | CREES","robots":{"index":"index","follow":"follow","max-snippet":"max-snippet:-1","max-image-preview":"max-image-preview:large","max-video-preview":"max-video-preview:-1"},"canonical":"https:\/\/crees.org.do\/?p=25194","og_locale":"es_ES","og_type":"article","og_title":"Ingresos por hora de la poblaci\u00f3n ocupada | CREES","og_description":"Ingresos por hora de la poblaci\u00f3n ocupada Luego del inicio de la pandemia de Covid-19, y las limitaciones de movilidad que llegaron con esta, se verific\u00f3 una reducci\u00f3n de los salarios nominales y reales al segundo trimestre del 2020. El ingreso nominal de los ocupados, luego de este periodo, ha registrado un incremento de un...","og_url":"https:\/\/crees.org.do\/?p=25194","og_site_name":"CREES","article_publisher":"https:\/\/www.facebook.com\/CREESRD\/","article_published_time":"2023-07-10T18:24:55+00:00","article_modified_time":"2023-07-10T18:36:30+00:00","og_image":[{"width":3121,"height":3121,"url":"https:\/\/crees.org.do\/wp-content\/uploads\/2023\/07\/Untitled-copy-11.png","type":"image\/png"}],"author":"Crees","twitter_card":"summary_large_image","twitter_creator":"@CREESRD","twitter_site":"@CREESRD","twitter_misc":{"Escrito por":"Crees","Tiempo de lectura":"1 minuto"},"schema":{"@context":"https:\/\/schema.org","@graph":[{"@type":"Article","@id":"https:\/\/crees.org.do\/?p=25194#article","isPartOf":{"@id":"https:\/\/crees.org.do\/?p=25194"},"author":{"name":"Crees","@id":"https:\/\/crees.org.do\/#\/schema\/person\/e7f97cd94d7bf9cd0e0ce30acb7d56b8"},"headline":"Ingresos por hora de la poblaci\u00f3n ocupada","datePublished":"2023-07-10T18:24:55+00:00","dateModified":"2023-07-10T18:36:30+00:00","mainEntityOfPage":{"@id":"https:\/\/crees.org.do\/?p=25194"},"wordCount":221,"publisher":{"@id":"https:\/\/crees.org.do\/#organization"},"image":{"@id":"https:\/\/crees.org.do\/?p=25194#primaryimage"},"thumbnailUrl":"https:\/\/crees.org.do\/wp-content\/uploads\/2023\/07\/Untitled-copy-11.png","keywords":["Ingresos por hora de la poblaci\u00f3n ocupada"],"articleSection":["Blog"],"inLanguage":"es"},{"@type":"WebPage","@id":"https:\/\/crees.org.do\/?p=25194","url":"https:\/\/crees.org.do\/?p=25194","name":"Ingresos por hora de la poblaci\u00f3n ocupada | CREES","isPartOf":{"@id":"https:\/\/crees.org.do\/#website"},"primaryImageOfPage":{"@id":"https:\/\/crees.org.do\/?p=25194#primaryimage"},"image":{"@id":"https:\/\/crees.org.do\/?p=25194#primaryimage"},"thumbnailUrl":"https:\/\/crees.org.do\/wp-content\/uploads\/2023\/07\/Untitled-copy-11.png","datePublished":"2023-07-10T18:24:55+00:00","dateModified":"2023-07-10T18:36:30+00:00","breadcrumb":{"@id":"https:\/\/crees.org.do\/?p=25194#breadcrumb"},"inLanguage":"es","potentialAction":[{"@type":"ReadAction","target":["https:\/\/crees.org.do\/?p=25194"]}]},{"@type":"ImageObject","inLanguage":"es","@id":"https:\/\/crees.org.do\/?p=25194#primaryimage","url":"https:\/\/crees.org.do\/wp-content\/uploads\/2023\/07\/Untitled-copy-11.png","contentUrl":"https:\/\/crees.org.do\/wp-content\/uploads\/2023\/07\/Untitled-copy-11.png","width":3121,"height":3121},{"@type":"BreadcrumbList","@id":"https:\/\/crees.org.do\/?p=25194#breadcrumb","itemListElement":[{"@type":"ListItem","position":1,"name":"Portada","item":"https:\/\/crees.org.do\/"},{"@type":"ListItem","position":2,"name":"Ingresos por hora de la poblaci\u00f3n ocupada"}]},{"@type":"WebSite","@id":"https:\/\/crees.org.do\/#website","url":"https:\/\/crees.org.do\/","name":"CREES","description":"Centro Regional de Estrategias Econ\u00f3micas Sostenibles","publisher":{"@id":"https:\/\/crees.org.do\/#organization"},"potentialAction":[{"@type":"SearchAction","target":{"@type":"EntryPoint","urlTemplate":"https:\/\/crees.org.do\/?s={search_term_string}"},"query-input":{"@type":"PropertyValueSpecification","valueRequired":true,"valueName":"search_term_string"}}],"inLanguage":"es"},{"@type":"Organization","@id":"https:\/\/crees.org.do\/#organization","name":"CREES | Centro Regional de Estrategias Econ\u00f3micas Sostenibles","url":"https:\/\/crees.org.do\/","logo":{"@type":"ImageObject","inLanguage":"es","@id":"https:\/\/crees.org.do\/#\/schema\/logo\/image\/","url":"https:\/\/crees.org.do\/wp-content\/uploads\/2022\/03\/crees-logo-1.jpg","contentUrl":"https:\/\/crees.org.do\/wp-content\/uploads\/2022\/03\/crees-logo-1.jpg","width":244,"height":71,"caption":"CREES | Centro Regional de Estrategias Econ\u00f3micas Sostenibles"},"image":{"@id":"https:\/\/crees.org.do\/#\/schema\/logo\/image\/"},"sameAs":["https:\/\/www.facebook.com\/CREESRD\/","https:\/\/x.com\/CREESRD"]},{"@type":"Person","@id":"https:\/\/crees.org.do\/#\/schema\/person\/e7f97cd94d7bf9cd0e0ce30acb7d56b8","name":"Crees","image":{"@type":"ImageObject","inLanguage":"es","@id":"https:\/\/crees.org.do\/#\/schema\/person\/image\/","url":"https:\/\/secure.gravatar.com\/avatar\/390ac8f0be5d9aa046152553e2dd7011b59a512d89c150f5e5f28bb8d9a0b165?s=96&d=mm&r=g","contentUrl":"https:\/\/secure.gravatar.com\/avatar\/390ac8f0be5d9aa046152553e2dd7011b59a512d89c150f5e5f28bb8d9a0b165?s=96&d=mm&r=g","caption":"Crees"},"url":"https:\/\/crees.org.do\/?author=2"}]}},"_links":{"self":[{"href":"https:\/\/crees.org.do\/index.php?rest_route=\/wp\/v2\/posts\/25194","targetHints":{"allow":["GET"]}}],"collection":[{"href":"https:\/\/crees.org.do\/index.php?rest_route=\/wp\/v2\/posts"}],"about":[{"href":"https:\/\/crees.org.do\/index.php?rest_route=\/wp\/v2\/types\/post"}],"author":[{"embeddable":true,"href":"https:\/\/crees.org.do\/index.php?rest_route=\/wp\/v2\/users\/2"}],"replies":[{"embeddable":true,"href":"https:\/\/crees.org.do\/index.php?rest_route=%2Fwp%2Fv2%2Fcomments&post=25194"}],"version-history":[{"count":3,"href":"https:\/\/crees.org.do\/index.php?rest_route=\/wp\/v2\/posts\/25194\/revisions"}],"predecessor-version":[{"id":25198,"href":"https:\/\/crees.org.do\/index.php?rest_route=\/wp\/v2\/posts\/25194\/revisions\/25198"}],"wp:featuredmedia":[{"embeddable":true,"href":"https:\/\/crees.org.do\/index.php?rest_route=\/wp\/v2\/media\/25195"}],"wp:attachment":[{"href":"https:\/\/crees.org.do\/index.php?rest_route=%2Fwp%2Fv2%2Fmedia&parent=25194"}],"wp:term":[{"taxonomy":"category","embeddable":true,"href":"https:\/\/crees.org.do\/index.php?rest_route=%2Fwp%2Fv2%2Fcategories&post=25194"},{"taxonomy":"post_tag","embeddable":true,"href":"https:\/\/crees.org.do\/index.php?rest_route=%2Fwp%2Fv2%2Ftags&post=25194"}],"curies":[{"name":"wp","href":"https:\/\/api.w.org\/{rel}","templated":true}]}}