{"id":25227,"date":"2023-07-18T16:46:33","date_gmt":"2023-07-18T16:46:33","guid":{"rendered":"https:\/\/crees.org.do\/?p=25227"},"modified":"2023-07-21T13:56:35","modified_gmt":"2023-07-21T13:56:35","slug":"poco-crecimiento-de-la-inversion-extranjera-directa-en-republica-dominicana","status":"publish","type":"post","link":"https:\/\/crees.org.do\/?p=25227","title":{"rendered":"Poco crecimiento de la inversi\u00f3n extranjera directa en Rep\u00fablica Dominicana"},"content":{"rendered":"<p><img fetchpriority=\"high\" decoding=\"async\" class=\"aligncenter wp-image-25225\" src=\"https:\/\/crees.org.do\/wp-content\/uploads\/2023\/07\/Slide-1-copy-8-5.png\" alt=\"\" width=\"896\" height=\"896\" srcset=\"https:\/\/crees.org.do\/wp-content\/uploads\/2023\/07\/Slide-1-copy-8-5.png 3121w, https:\/\/crees.org.do\/wp-content\/uploads\/2023\/07\/Slide-1-copy-8-5-450x450.png 450w, https:\/\/crees.org.do\/wp-content\/uploads\/2023\/07\/Slide-1-copy-8-5-2000x2000.png 2000w, https:\/\/crees.org.do\/wp-content\/uploads\/2023\/07\/Slide-1-copy-8-5-150x150.png 150w, https:\/\/crees.org.do\/wp-content\/uploads\/2023\/07\/Slide-1-copy-8-5-768x768.png 768w, https:\/\/crees.org.do\/wp-content\/uploads\/2023\/07\/Slide-1-copy-8-5-1536x1536.png 1536w, https:\/\/crees.org.do\/wp-content\/uploads\/2023\/07\/Slide-1-copy-8-5-2048x2048.png 2048w, https:\/\/crees.org.do\/wp-content\/uploads\/2023\/07\/Slide-1-copy-8-5-300x300.png 300w, https:\/\/crees.org.do\/wp-content\/uploads\/2023\/07\/Slide-1-copy-8-5-600x600.png 600w, https:\/\/crees.org.do\/wp-content\/uploads\/2023\/07\/Slide-1-copy-8-5-100x100.png 100w\" sizes=\"(max-width: 896px) 100vw, 896px\" \/><\/p>\n<h2 style=\"font-weight: 400;\">Poco crecimiento de la inversi\u00f3n extranjera directa en Rep\u00fablica Dominicana<\/h2>\n<p style=\"font-weight: 400; text-align: justify;\">La inversi\u00f3n extranjera directa (IED) de Rep\u00fablica Dominicana se mantiene en niveles similares a los que prevalec\u00edan antes de la pandemia, cuando se mide en porcentaje del PIB.<\/p>\n<p style=\"font-weight: 400; text-align: justify;\">Los flujos de IED crecieron en 2021 y 2022 luego de la ca\u00edda del 2020. Sin embargo, de igual forma ha crecido el producto interno bruto del pa\u00eds. En d\u00f3lares, tanto la IED como el PIB presentan montos mayores. En consecuencia, entendiendo que el PIB no ha sufrido variaciones en su c\u00e1lculo, usarlo como base de comparaci\u00f3n proporciona un mejor entendimiento del comportamiento de la inversi\u00f3n externa que se registra en el pa\u00eds. Inversi\u00f3n que procede de nuevos flujos o de reinversi\u00f3n de las ganancias de empresas extranjeras que operan en el pa\u00eds.<\/p>\n<p style=\"font-weight: 400; text-align: justify;\">Es muy poco el cambio registrado entre el 2013 y el 2022. Los picos de los a\u00f1os 2012 y 2017 encuentran su explicaci\u00f3n en las compras de acciones de la empresa Cervecer\u00eda Nacional Dominicana por parte de la empresa Ambev, y en inversiones en miner\u00eda en el primero de esos a\u00f1os. Si se observan los dem\u00e1s periodos, el promedio de la IED se ha mantenido en 3.3% del PIB.<\/p>\n<p style=\"font-weight: 400; text-align: justify;\">La pregunta relevante ser\u00eda: \u00bfC\u00f3mo hacer que Rep\u00fablica Dominicana pueda atraer m\u00e1s inversi\u00f3n extranjera directa para que represente un cambio notable?<\/p>\n<p style=\"font-weight: 400; text-align: justify;\">La respuesta se encuentra en que en el pa\u00eds es necesario crear un entorno favorable para mejorar el clima de negocios. El ambiente favorable a los capitales y a la innovaci\u00f3n necesita reformas estructurales que reduzcan costos y establezcan reglas de juego estables e iguales para todos los actores, sin importar el tama\u00f1o de sus emprendimientos. Son \u00e1reas que necesitan reformas o tienen que mejorar para poder convertir al pa\u00eds en un mejor destino de inversi\u00f3n: el sistema tributario, el mercado laboral, el sector energ\u00e9tico, el mercado de hidrocarburos, la permisolog\u00eda o burocracia estatal, y el mejor cumplimiento de las leyes y la resoluci\u00f3n de conflictos de forma m\u00e1s r\u00e1pida.<\/p>\n<p style=\"font-weight: 400; text-align: justify;\">Mientras estas reformas no se realicen, Rep\u00fablica Dominicana estar\u00e1 manejando el statu quo y la IED no tendr\u00e1n un impacto profundo sobre el empleo y los ingresos, en los diferentes sectores de la econom\u00eda; y su importancia relativa dentro de la econom\u00eda se mantendr\u00e1 en niveles similares a los de los \u00faltimos 10 a\u00f1os.<\/p>\n<p style=\"text-align: justify;\">\n<div class=\"pvc_clear\"><\/div>\n<p class=\"pvc_stats all \" data-element-id=\"25227\" style=\"\"><i class=\"pvc-stats-icon medium\" aria-hidden=\"true\"><svg aria-hidden=\"true\" focusable=\"false\" data-prefix=\"far\" data-icon=\"chart-bar\" role=\"img\" xmlns=\"http:\/\/www.w3.org\/2000\/svg\" viewBox=\"0 0 512 512\" class=\"svg-inline--fa fa-chart-bar fa-w-16 fa-2x\"><path fill=\"currentColor\" d=\"M396.8 352h22.4c6.4 0 12.8-6.4 12.8-12.8V108.8c0-6.4-6.4-12.8-12.8-12.8h-22.4c-6.4 0-12.8 6.4-12.8 12.8v230.4c0 6.4 6.4 12.8 12.8 12.8zm-192 0h22.4c6.4 0 12.8-6.4 12.8-12.8V140.8c0-6.4-6.4-12.8-12.8-12.8h-22.4c-6.4 0-12.8 6.4-12.8 12.8v198.4c0 6.4 6.4 12.8 12.8 12.8zm96 0h22.4c6.4 0 12.8-6.4 12.8-12.8V204.8c0-6.4-6.4-12.8-12.8-12.8h-22.4c-6.4 0-12.8 6.4-12.8 12.8v134.4c0 6.4 6.4 12.8 12.8 12.8zM496 400H48V80c0-8.84-7.16-16-16-16H16C7.16 64 0 71.16 0 80v336c0 17.67 14.33 32 32 32h464c8.84 0 16-7.16 16-16v-16c0-8.84-7.16-16-16-16zm-387.2-48h22.4c6.4 0 12.8-6.4 12.8-12.8v-70.4c0-6.4-6.4-12.8-12.8-12.8h-22.4c-6.4 0-12.8 6.4-12.8 12.8v70.4c0 6.4 6.4 12.8 12.8 12.8z\" class=\"\"><\/path><\/svg><\/i> Vistas Totales&nbsp;2,097&nbsp;, Vistas Hoy&nbsp;2&nbsp;<\/p>\n<div class=\"pvc_clear\"><\/div>\n","protected":false},"excerpt":{"rendered":"<p>Poco crecimiento de la inversi\u00f3n extranjera directa en Rep\u00fablica Dominicana La inversi\u00f3n extranjera directa (IED) de Rep\u00fablica Dominicana se mantiene en niveles similares a los que prevalec\u00edan antes de la pandemia, cuando se mide en porcentaje del PIB. Los flujos de IED crecieron en 2021 y 2022 luego de la ca\u00edda del 2020. Sin embargo,&#8230;<\/p>\n<div class=\"pvc_clear\"><\/div>\n<p class=\"pvc_stats all \" data-element-id=\"25227\" style=\"\"><i class=\"pvc-stats-icon medium\" aria-hidden=\"true\"><svg aria-hidden=\"true\" focusable=\"false\" data-prefix=\"far\" data-icon=\"chart-bar\" role=\"img\" xmlns=\"http:\/\/www.w3.org\/2000\/svg\" viewBox=\"0 0 512 512\" class=\"svg-inline--fa fa-chart-bar fa-w-16 fa-2x\"><path fill=\"currentColor\" d=\"M396.8 352h22.4c6.4 0 12.8-6.4 12.8-12.8V108.8c0-6.4-6.4-12.8-12.8-12.8h-22.4c-6.4 0-12.8 6.4-12.8 12.8v230.4c0 6.4 6.4 12.8 12.8 12.8zm-192 0h22.4c6.4 0 12.8-6.4 12.8-12.8V140.8c0-6.4-6.4-12.8-12.8-12.8h-22.4c-6.4 0-12.8 6.4-12.8 12.8v198.4c0 6.4 6.4 12.8 12.8 12.8zm96 0h22.4c6.4 0 12.8-6.4 12.8-12.8V204.8c0-6.4-6.4-12.8-12.8-12.8h-22.4c-6.4 0-12.8 6.4-12.8 12.8v134.4c0 6.4 6.4 12.8 12.8 12.8zM496 400H48V80c0-8.84-7.16-16-16-16H16C7.16 64 0 71.16 0 80v336c0 17.67 14.33 32 32 32h464c8.84 0 16-7.16 16-16v-16c0-8.84-7.16-16-16-16zm-387.2-48h22.4c6.4 0 12.8-6.4 12.8-12.8v-70.4c0-6.4-6.4-12.8-12.8-12.8h-22.4c-6.4 0-12.8 6.4-12.8 12.8v70.4c0 6.4 6.4 12.8 12.8 12.8z\" class=\"\"><\/path><\/svg><\/i> Vistas Totales&nbsp;2,097&nbsp;, Vistas Hoy&nbsp;2&nbsp;<\/p>\n<div class=\"pvc_clear\"><\/div>\n","protected":false},"author":2,"featured_media":25225,"comment_status":"closed","ping_status":"closed","sticky":false,"template":"","format":"standard","meta":{"footnotes":""},"categories":[21],"tags":[],"class_list":["post-25227","post","type-post","status-publish","format-standard","has-post-thumbnail","hentry","category-blog"],"yoast_head":"<!-- This site is optimized with the Yoast SEO plugin v25.2 - https:\/\/yoast.com\/wordpress\/plugins\/seo\/ -->\n<title>Poco crecimiento de la inversi\u00f3n extranjera directa en Rep\u00fablica Dominicana | CREES<\/title>\n<meta name=\"robots\" content=\"index, follow, max-snippet:-1, max-image-preview:large, max-video-preview:-1\" \/>\n<link rel=\"canonical\" href=\"https:\/\/crees.org.do\/?p=25227\" \/>\n<meta property=\"og:locale\" content=\"es_ES\" \/>\n<meta property=\"og:type\" content=\"article\" \/>\n<meta property=\"og:title\" content=\"Poco crecimiento de la inversi\u00f3n extranjera directa en Rep\u00fablica Dominicana | CREES\" \/>\n<meta property=\"og:description\" content=\"Poco crecimiento de la inversi\u00f3n extranjera directa en Rep\u00fablica Dominicana La inversi\u00f3n extranjera directa (IED) de Rep\u00fablica Dominicana se mantiene en niveles similares a los que prevalec\u00edan antes de la pandemia, cuando se mide en porcentaje del PIB. Los flujos de IED crecieron en 2021 y 2022 luego de la ca\u00edda del 2020. Sin embargo,...\" \/>\n<meta property=\"og:url\" content=\"https:\/\/crees.org.do\/?p=25227\" \/>\n<meta property=\"og:site_name\" content=\"CREES\" \/>\n<meta property=\"article:publisher\" content=\"https:\/\/www.facebook.com\/CREESRD\/\" \/>\n<meta property=\"article:published_time\" content=\"2023-07-18T16:46:33+00:00\" \/>\n<meta property=\"article:modified_time\" content=\"2023-07-21T13:56:35+00:00\" \/>\n<meta property=\"og:image\" content=\"https:\/\/crees.org.do\/wp-content\/uploads\/2023\/07\/Slide-1-copy-8-5.png\" \/>\n\t<meta property=\"og:image:width\" content=\"3121\" \/>\n\t<meta property=\"og:image:height\" content=\"3121\" \/>\n\t<meta property=\"og:image:type\" content=\"image\/png\" \/>\n<meta name=\"author\" content=\"Crees\" \/>\n<meta name=\"twitter:card\" content=\"summary_large_image\" \/>\n<meta name=\"twitter:creator\" content=\"@CREESRD\" \/>\n<meta name=\"twitter:site\" content=\"@CREESRD\" \/>\n<meta name=\"twitter:label1\" content=\"Escrito por\" \/>\n\t<meta name=\"twitter:data1\" content=\"Crees\" \/>\n\t<meta name=\"twitter:label2\" content=\"Tiempo de lectura\" \/>\n\t<meta name=\"twitter:data2\" content=\"2 minutos\" \/>\n<script type=\"application\/ld+json\" class=\"yoast-schema-graph\">{\"@context\":\"https:\/\/schema.org\",\"@graph\":[{\"@type\":\"Article\",\"@id\":\"https:\/\/crees.org.do\/?p=25227#article\",\"isPartOf\":{\"@id\":\"https:\/\/crees.org.do\/?p=25227\"},\"author\":{\"name\":\"Crees\",\"@id\":\"https:\/\/crees.org.do\/#\/schema\/person\/e7f97cd94d7bf9cd0e0ce30acb7d56b8\"},\"headline\":\"Poco crecimiento de la inversi\u00f3n extranjera directa en Rep\u00fablica Dominicana\",\"datePublished\":\"2023-07-18T16:46:33+00:00\",\"dateModified\":\"2023-07-21T13:56:35+00:00\",\"mainEntityOfPage\":{\"@id\":\"https:\/\/crees.org.do\/?p=25227\"},\"wordCount\":429,\"publisher\":{\"@id\":\"https:\/\/crees.org.do\/#organization\"},\"image\":{\"@id\":\"https:\/\/crees.org.do\/?p=25227#primaryimage\"},\"thumbnailUrl\":\"https:\/\/crees.org.do\/wp-content\/uploads\/2023\/07\/Slide-1-copy-8-5.png\",\"articleSection\":[\"Blog\"],\"inLanguage\":\"es\"},{\"@type\":\"WebPage\",\"@id\":\"https:\/\/crees.org.do\/?p=25227\",\"url\":\"https:\/\/crees.org.do\/?p=25227\",\"name\":\"Poco crecimiento de la inversi\u00f3n extranjera directa en Rep\u00fablica Dominicana | CREES\",\"isPartOf\":{\"@id\":\"https:\/\/crees.org.do\/#website\"},\"primaryImageOfPage\":{\"@id\":\"https:\/\/crees.org.do\/?p=25227#primaryimage\"},\"image\":{\"@id\":\"https:\/\/crees.org.do\/?p=25227#primaryimage\"},\"thumbnailUrl\":\"https:\/\/crees.org.do\/wp-content\/uploads\/2023\/07\/Slide-1-copy-8-5.png\",\"datePublished\":\"2023-07-18T16:46:33+00:00\",\"dateModified\":\"2023-07-21T13:56:35+00:00\",\"breadcrumb\":{\"@id\":\"https:\/\/crees.org.do\/?p=25227#breadcrumb\"},\"inLanguage\":\"es\",\"potentialAction\":[{\"@type\":\"ReadAction\",\"target\":[\"https:\/\/crees.org.do\/?p=25227\"]}]},{\"@type\":\"ImageObject\",\"inLanguage\":\"es\",\"@id\":\"https:\/\/crees.org.do\/?p=25227#primaryimage\",\"url\":\"https:\/\/crees.org.do\/wp-content\/uploads\/2023\/07\/Slide-1-copy-8-5.png\",\"contentUrl\":\"https:\/\/crees.org.do\/wp-content\/uploads\/2023\/07\/Slide-1-copy-8-5.png\",\"width\":3121,\"height\":3121},{\"@type\":\"BreadcrumbList\",\"@id\":\"https:\/\/crees.org.do\/?p=25227#breadcrumb\",\"itemListElement\":[{\"@type\":\"ListItem\",\"position\":1,\"name\":\"Portada\",\"item\":\"https:\/\/crees.org.do\/\"},{\"@type\":\"ListItem\",\"position\":2,\"name\":\"Poco crecimiento de la inversi\u00f3n extranjera directa en Rep\u00fablica Dominicana\"}]},{\"@type\":\"WebSite\",\"@id\":\"https:\/\/crees.org.do\/#website\",\"url\":\"https:\/\/crees.org.do\/\",\"name\":\"CREES\",\"description\":\"Centro Regional de Estrategias Econ\u00f3micas Sostenibles\",\"publisher\":{\"@id\":\"https:\/\/crees.org.do\/#organization\"},\"potentialAction\":[{\"@type\":\"SearchAction\",\"target\":{\"@type\":\"EntryPoint\",\"urlTemplate\":\"https:\/\/crees.org.do\/?s={search_term_string}\"},\"query-input\":{\"@type\":\"PropertyValueSpecification\",\"valueRequired\":true,\"valueName\":\"search_term_string\"}}],\"inLanguage\":\"es\"},{\"@type\":\"Organization\",\"@id\":\"https:\/\/crees.org.do\/#organization\",\"name\":\"CREES | Centro Regional de Estrategias Econ\u00f3micas Sostenibles\",\"url\":\"https:\/\/crees.org.do\/\",\"logo\":{\"@type\":\"ImageObject\",\"inLanguage\":\"es\",\"@id\":\"https:\/\/crees.org.do\/#\/schema\/logo\/image\/\",\"url\":\"https:\/\/crees.org.do\/wp-content\/uploads\/2022\/03\/crees-logo-1.jpg\",\"contentUrl\":\"https:\/\/crees.org.do\/wp-content\/uploads\/2022\/03\/crees-logo-1.jpg\",\"width\":244,\"height\":71,\"caption\":\"CREES | Centro Regional de Estrategias Econ\u00f3micas Sostenibles\"},\"image\":{\"@id\":\"https:\/\/crees.org.do\/#\/schema\/logo\/image\/\"},\"sameAs\":[\"https:\/\/www.facebook.com\/CREESRD\/\",\"https:\/\/x.com\/CREESRD\"]},{\"@type\":\"Person\",\"@id\":\"https:\/\/crees.org.do\/#\/schema\/person\/e7f97cd94d7bf9cd0e0ce30acb7d56b8\",\"name\":\"Crees\",\"image\":{\"@type\":\"ImageObject\",\"inLanguage\":\"es\",\"@id\":\"https:\/\/crees.org.do\/#\/schema\/person\/image\/\",\"url\":\"https:\/\/secure.gravatar.com\/avatar\/390ac8f0be5d9aa046152553e2dd7011b59a512d89c150f5e5f28bb8d9a0b165?s=96&d=mm&r=g\",\"contentUrl\":\"https:\/\/secure.gravatar.com\/avatar\/390ac8f0be5d9aa046152553e2dd7011b59a512d89c150f5e5f28bb8d9a0b165?s=96&d=mm&r=g\",\"caption\":\"Crees\"},\"url\":\"https:\/\/crees.org.do\/?author=2\"}]}<\/script>\n<!-- \/ Yoast SEO plugin. -->","yoast_head_json":{"title":"Poco crecimiento de la inversi\u00f3n extranjera directa en Rep\u00fablica Dominicana | CREES","robots":{"index":"index","follow":"follow","max-snippet":"max-snippet:-1","max-image-preview":"max-image-preview:large","max-video-preview":"max-video-preview:-1"},"canonical":"https:\/\/crees.org.do\/?p=25227","og_locale":"es_ES","og_type":"article","og_title":"Poco crecimiento de la inversi\u00f3n extranjera directa en Rep\u00fablica Dominicana | CREES","og_description":"Poco crecimiento de la inversi\u00f3n extranjera directa en Rep\u00fablica Dominicana La inversi\u00f3n extranjera directa (IED) de Rep\u00fablica Dominicana se mantiene en niveles similares a los que prevalec\u00edan antes de la pandemia, cuando se mide en porcentaje del PIB. Los flujos de IED crecieron en 2021 y 2022 luego de la ca\u00edda del 2020. Sin embargo,...","og_url":"https:\/\/crees.org.do\/?p=25227","og_site_name":"CREES","article_publisher":"https:\/\/www.facebook.com\/CREESRD\/","article_published_time":"2023-07-18T16:46:33+00:00","article_modified_time":"2023-07-21T13:56:35+00:00","og_image":[{"width":3121,"height":3121,"url":"https:\/\/crees.org.do\/wp-content\/uploads\/2023\/07\/Slide-1-copy-8-5.png","type":"image\/png"}],"author":"Crees","twitter_card":"summary_large_image","twitter_creator":"@CREESRD","twitter_site":"@CREESRD","twitter_misc":{"Escrito por":"Crees","Tiempo de lectura":"2 minutos"},"schema":{"@context":"https:\/\/schema.org","@graph":[{"@type":"Article","@id":"https:\/\/crees.org.do\/?p=25227#article","isPartOf":{"@id":"https:\/\/crees.org.do\/?p=25227"},"author":{"name":"Crees","@id":"https:\/\/crees.org.do\/#\/schema\/person\/e7f97cd94d7bf9cd0e0ce30acb7d56b8"},"headline":"Poco crecimiento de la inversi\u00f3n extranjera directa en Rep\u00fablica Dominicana","datePublished":"2023-07-18T16:46:33+00:00","dateModified":"2023-07-21T13:56:35+00:00","mainEntityOfPage":{"@id":"https:\/\/crees.org.do\/?p=25227"},"wordCount":429,"publisher":{"@id":"https:\/\/crees.org.do\/#organization"},"image":{"@id":"https:\/\/crees.org.do\/?p=25227#primaryimage"},"thumbnailUrl":"https:\/\/crees.org.do\/wp-content\/uploads\/2023\/07\/Slide-1-copy-8-5.png","articleSection":["Blog"],"inLanguage":"es"},{"@type":"WebPage","@id":"https:\/\/crees.org.do\/?p=25227","url":"https:\/\/crees.org.do\/?p=25227","name":"Poco crecimiento de la inversi\u00f3n extranjera directa en Rep\u00fablica Dominicana | CREES","isPartOf":{"@id":"https:\/\/crees.org.do\/#website"},"primaryImageOfPage":{"@id":"https:\/\/crees.org.do\/?p=25227#primaryimage"},"image":{"@id":"https:\/\/crees.org.do\/?p=25227#primaryimage"},"thumbnailUrl":"https:\/\/crees.org.do\/wp-content\/uploads\/2023\/07\/Slide-1-copy-8-5.png","datePublished":"2023-07-18T16:46:33+00:00","dateModified":"2023-07-21T13:56:35+00:00","breadcrumb":{"@id":"https:\/\/crees.org.do\/?p=25227#breadcrumb"},"inLanguage":"es","potentialAction":[{"@type":"ReadAction","target":["https:\/\/crees.org.do\/?p=25227"]}]},{"@type":"ImageObject","inLanguage":"es","@id":"https:\/\/crees.org.do\/?p=25227#primaryimage","url":"https:\/\/crees.org.do\/wp-content\/uploads\/2023\/07\/Slide-1-copy-8-5.png","contentUrl":"https:\/\/crees.org.do\/wp-content\/uploads\/2023\/07\/Slide-1-copy-8-5.png","width":3121,"height":3121},{"@type":"BreadcrumbList","@id":"https:\/\/crees.org.do\/?p=25227#breadcrumb","itemListElement":[{"@type":"ListItem","position":1,"name":"Portada","item":"https:\/\/crees.org.do\/"},{"@type":"ListItem","position":2,"name":"Poco crecimiento de la inversi\u00f3n extranjera directa en Rep\u00fablica Dominicana"}]},{"@type":"WebSite","@id":"https:\/\/crees.org.do\/#website","url":"https:\/\/crees.org.do\/","name":"CREES","description":"Centro Regional de Estrategias Econ\u00f3micas Sostenibles","publisher":{"@id":"https:\/\/crees.org.do\/#organization"},"potentialAction":[{"@type":"SearchAction","target":{"@type":"EntryPoint","urlTemplate":"https:\/\/crees.org.do\/?s={search_term_string}"},"query-input":{"@type":"PropertyValueSpecification","valueRequired":true,"valueName":"search_term_string"}}],"inLanguage":"es"},{"@type":"Organization","@id":"https:\/\/crees.org.do\/#organization","name":"CREES | Centro Regional de Estrategias Econ\u00f3micas Sostenibles","url":"https:\/\/crees.org.do\/","logo":{"@type":"ImageObject","inLanguage":"es","@id":"https:\/\/crees.org.do\/#\/schema\/logo\/image\/","url":"https:\/\/crees.org.do\/wp-content\/uploads\/2022\/03\/crees-logo-1.jpg","contentUrl":"https:\/\/crees.org.do\/wp-content\/uploads\/2022\/03\/crees-logo-1.jpg","width":244,"height":71,"caption":"CREES | Centro Regional de Estrategias Econ\u00f3micas Sostenibles"},"image":{"@id":"https:\/\/crees.org.do\/#\/schema\/logo\/image\/"},"sameAs":["https:\/\/www.facebook.com\/CREESRD\/","https:\/\/x.com\/CREESRD"]},{"@type":"Person","@id":"https:\/\/crees.org.do\/#\/schema\/person\/e7f97cd94d7bf9cd0e0ce30acb7d56b8","name":"Crees","image":{"@type":"ImageObject","inLanguage":"es","@id":"https:\/\/crees.org.do\/#\/schema\/person\/image\/","url":"https:\/\/secure.gravatar.com\/avatar\/390ac8f0be5d9aa046152553e2dd7011b59a512d89c150f5e5f28bb8d9a0b165?s=96&d=mm&r=g","contentUrl":"https:\/\/secure.gravatar.com\/avatar\/390ac8f0be5d9aa046152553e2dd7011b59a512d89c150f5e5f28bb8d9a0b165?s=96&d=mm&r=g","caption":"Crees"},"url":"https:\/\/crees.org.do\/?author=2"}]}},"_links":{"self":[{"href":"https:\/\/crees.org.do\/index.php?rest_route=\/wp\/v2\/posts\/25227","targetHints":{"allow":["GET"]}}],"collection":[{"href":"https:\/\/crees.org.do\/index.php?rest_route=\/wp\/v2\/posts"}],"about":[{"href":"https:\/\/crees.org.do\/index.php?rest_route=\/wp\/v2\/types\/post"}],"author":[{"embeddable":true,"href":"https:\/\/crees.org.do\/index.php?rest_route=\/wp\/v2\/users\/2"}],"replies":[{"embeddable":true,"href":"https:\/\/crees.org.do\/index.php?rest_route=%2Fwp%2Fv2%2Fcomments&post=25227"}],"version-history":[{"count":2,"href":"https:\/\/crees.org.do\/index.php?rest_route=\/wp\/v2\/posts\/25227\/revisions"}],"predecessor-version":[{"id":25246,"href":"https:\/\/crees.org.do\/index.php?rest_route=\/wp\/v2\/posts\/25227\/revisions\/25246"}],"wp:featuredmedia":[{"embeddable":true,"href":"https:\/\/crees.org.do\/index.php?rest_route=\/wp\/v2\/media\/25225"}],"wp:attachment":[{"href":"https:\/\/crees.org.do\/index.php?rest_route=%2Fwp%2Fv2%2Fmedia&parent=25227"}],"wp:term":[{"taxonomy":"category","embeddable":true,"href":"https:\/\/crees.org.do\/index.php?rest_route=%2Fwp%2Fv2%2Fcategories&post=25227"},{"taxonomy":"post_tag","embeddable":true,"href":"https:\/\/crees.org.do\/index.php?rest_route=%2Fwp%2Fv2%2Ftags&post=25227"}],"curies":[{"name":"wp","href":"https:\/\/api.w.org\/{rel}","templated":true}]}}