{"id":25230,"date":"2023-07-19T18:30:42","date_gmt":"2023-07-19T18:30:42","guid":{"rendered":"https:\/\/crees.org.do\/?p=25230"},"modified":"2023-07-19T18:30:42","modified_gmt":"2023-07-19T18:30:42","slug":"alta-informalidad-laboral-en-republica-dominicana","status":"publish","type":"post","link":"https:\/\/crees.org.do\/?p=25230","title":{"rendered":"Alta informalidad laboral en Rep\u00fablica Dominicana"},"content":{"rendered":"<p><img fetchpriority=\"high\" decoding=\"async\" class=\"aligncenter wp-image-25231\" src=\"https:\/\/crees.org.do\/wp-content\/uploads\/2023\/07\/Untitled-copy-12-4.png\" alt=\"\" width=\"896\" height=\"896\" srcset=\"https:\/\/crees.org.do\/wp-content\/uploads\/2023\/07\/Untitled-copy-12-4.png 3121w, https:\/\/crees.org.do\/wp-content\/uploads\/2023\/07\/Untitled-copy-12-4-450x450.png 450w, https:\/\/crees.org.do\/wp-content\/uploads\/2023\/07\/Untitled-copy-12-4-2000x2000.png 2000w, https:\/\/crees.org.do\/wp-content\/uploads\/2023\/07\/Untitled-copy-12-4-150x150.png 150w, https:\/\/crees.org.do\/wp-content\/uploads\/2023\/07\/Untitled-copy-12-4-768x768.png 768w, https:\/\/crees.org.do\/wp-content\/uploads\/2023\/07\/Untitled-copy-12-4-1536x1536.png 1536w, https:\/\/crees.org.do\/wp-content\/uploads\/2023\/07\/Untitled-copy-12-4-2048x2048.png 2048w, https:\/\/crees.org.do\/wp-content\/uploads\/2023\/07\/Untitled-copy-12-4-300x300.png 300w, https:\/\/crees.org.do\/wp-content\/uploads\/2023\/07\/Untitled-copy-12-4-600x600.png 600w, https:\/\/crees.org.do\/wp-content\/uploads\/2023\/07\/Untitled-copy-12-4-100x100.png 100w\" sizes=\"(max-width: 896px) 100vw, 896px\" \/><\/p>\n<h2>Alta informalidad laboral en Rep\u00fablica Dominicana<\/h2>\n<p style=\"text-align: justify;\">De acuerdo con las cifras oficiales sobre el mercado laboral dominicano, en el primer trimestre de 2023 la informalidad rondaba el 57%. Esta es una cifra superior al 55% de antes de la pandemia de Covid-19, y no muy diferente del promedio hist\u00f3rico.<\/p>\n<p style=\"text-align: justify;\">En econom\u00eda, como en cualquier ciencia, es importante estudiar las causas de los fen\u00f3menos. Es preciso entender los or\u00edgenes de la informalidad laboral. <strong>La informalidad es el reflejo de las legislaciones, las normas y las instituciones que conforman el sistema formal en Rep\u00fablica Dominicana<\/strong>. Para empleadores y empleados resulta costoso cumplir con los requisitos de la formalidad, por lo que el 57% opta por realizar transacciones fuera del sistema formal. Cumplir con todas las normas enviar\u00eda a miles de personas al desempleo y limitar\u00eda las actividades productivas.<\/p>\n<p style=\"text-align: justify;\">Los ingresos en la informalidad tienden a ser inferiores a los que perciben los asalariados formales, empresas que pagan impuestos pueden ser afectadas por acciones de las que no reportan tributos y menos personas est\u00e1n en capacidad de cotizar en la seguridad social. Son algunas consecuencias de la informalidad.<\/p>\n<p style=\"text-align: justify;\">\u00bfQu\u00e9 hacer en Rep\u00fablica Dominicana para propiciar una reducci\u00f3n de los niveles de informalidad? Reformar las reglas de juego impositivas y laborales, y simplificar los largos y complejos procesos burocr\u00e1ticos. Mientras el sistema impositivo dominicano sea visto \u00fanicamente con un <strong>prop\u00f3sito fiscalista<\/strong>, sin tomar en consideraci\u00f3n sus efectos sobre las actividades econ\u00f3micas, continuar\u00e1 el incentivo a la informalidad, en todos los \u00e1mbitos; incluyendo la misma evasi\u00f3n tributaria. De igual forma, mientras la legislaci\u00f3n laboral dominicana tenga un sesgo a favorecer a quienes tienen un empleo formal, la mayor\u00eda de las personas dentro del mercado laboral no podr\u00e1n acceder a los mismos beneficios de los primeros; y permanecer\u00e1n en la informalidad. Para reducir la distorsi\u00f3n de la legislaci\u00f3n laboral, ser\u00e1 necesario abordar el tema del seguro de desempleo y los dem\u00e1s costos laborales no salariales. Mantener el statu quo en materia laboral y tributaria son dos elementos que perjudican a los trabajadores dominicanos, y las cifras lo se\u00f1alan<\/p>\n<p style=\"text-align: justify;\">\n<div class=\"pvc_clear\"><\/div>\n<p class=\"pvc_stats all \" data-element-id=\"25230\" style=\"\"><i class=\"pvc-stats-icon medium\" aria-hidden=\"true\"><svg aria-hidden=\"true\" focusable=\"false\" data-prefix=\"far\" data-icon=\"chart-bar\" role=\"img\" xmlns=\"http:\/\/www.w3.org\/2000\/svg\" viewBox=\"0 0 512 512\" class=\"svg-inline--fa fa-chart-bar fa-w-16 fa-2x\"><path fill=\"currentColor\" d=\"M396.8 352h22.4c6.4 0 12.8-6.4 12.8-12.8V108.8c0-6.4-6.4-12.8-12.8-12.8h-22.4c-6.4 0-12.8 6.4-12.8 12.8v230.4c0 6.4 6.4 12.8 12.8 12.8zm-192 0h22.4c6.4 0 12.8-6.4 12.8-12.8V140.8c0-6.4-6.4-12.8-12.8-12.8h-22.4c-6.4 0-12.8 6.4-12.8 12.8v198.4c0 6.4 6.4 12.8 12.8 12.8zm96 0h22.4c6.4 0 12.8-6.4 12.8-12.8V204.8c0-6.4-6.4-12.8-12.8-12.8h-22.4c-6.4 0-12.8 6.4-12.8 12.8v134.4c0 6.4 6.4 12.8 12.8 12.8zM496 400H48V80c0-8.84-7.16-16-16-16H16C7.16 64 0 71.16 0 80v336c0 17.67 14.33 32 32 32h464c8.84 0 16-7.16 16-16v-16c0-8.84-7.16-16-16-16zm-387.2-48h22.4c6.4 0 12.8-6.4 12.8-12.8v-70.4c0-6.4-6.4-12.8-12.8-12.8h-22.4c-6.4 0-12.8 6.4-12.8 12.8v70.4c0 6.4 6.4 12.8 12.8 12.8z\" class=\"\"><\/path><\/svg><\/i> Vistas Totales&nbsp;1,895&nbsp;, Vistas Hoy&nbsp;6&nbsp;<\/p>\n<div class=\"pvc_clear\"><\/div>\n","protected":false},"excerpt":{"rendered":"<p>Alta informalidad laboral en Rep\u00fablica Dominicana De acuerdo con las cifras oficiales sobre el mercado laboral dominicano, en el primer trimestre de 2023 la informalidad rondaba el 57%. Esta es una cifra superior al 55% de antes de la pandemia de Covid-19, y no muy diferente del promedio hist\u00f3rico. En econom\u00eda, como en cualquier ciencia,&#8230;<\/p>\n<div class=\"pvc_clear\"><\/div>\n<p class=\"pvc_stats all \" data-element-id=\"25230\" style=\"\"><i class=\"pvc-stats-icon medium\" aria-hidden=\"true\"><svg aria-hidden=\"true\" focusable=\"false\" data-prefix=\"far\" data-icon=\"chart-bar\" role=\"img\" xmlns=\"http:\/\/www.w3.org\/2000\/svg\" viewBox=\"0 0 512 512\" class=\"svg-inline--fa fa-chart-bar fa-w-16 fa-2x\"><path fill=\"currentColor\" d=\"M396.8 352h22.4c6.4 0 12.8-6.4 12.8-12.8V108.8c0-6.4-6.4-12.8-12.8-12.8h-22.4c-6.4 0-12.8 6.4-12.8 12.8v230.4c0 6.4 6.4 12.8 12.8 12.8zm-192 0h22.4c6.4 0 12.8-6.4 12.8-12.8V140.8c0-6.4-6.4-12.8-12.8-12.8h-22.4c-6.4 0-12.8 6.4-12.8 12.8v198.4c0 6.4 6.4 12.8 12.8 12.8zm96 0h22.4c6.4 0 12.8-6.4 12.8-12.8V204.8c0-6.4-6.4-12.8-12.8-12.8h-22.4c-6.4 0-12.8 6.4-12.8 12.8v134.4c0 6.4 6.4 12.8 12.8 12.8zM496 400H48V80c0-8.84-7.16-16-16-16H16C7.16 64 0 71.16 0 80v336c0 17.67 14.33 32 32 32h464c8.84 0 16-7.16 16-16v-16c0-8.84-7.16-16-16-16zm-387.2-48h22.4c6.4 0 12.8-6.4 12.8-12.8v-70.4c0-6.4-6.4-12.8-12.8-12.8h-22.4c-6.4 0-12.8 6.4-12.8 12.8v70.4c0 6.4 6.4 12.8 12.8 12.8z\" class=\"\"><\/path><\/svg><\/i> Vistas Totales&nbsp;1,895&nbsp;, Vistas Hoy&nbsp;6&nbsp;<\/p>\n<div class=\"pvc_clear\"><\/div>\n","protected":false},"author":2,"featured_media":25231,"comment_status":"closed","ping_status":"closed","sticky":false,"template":"","format":"standard","meta":{"footnotes":""},"categories":[21],"tags":[164,163],"class_list":["post-25230","post","type-post","status-publish","format-standard","has-post-thumbnail","hentry","category-blog","tag-alta-informalidad-laboral-en-republica-dominicana","tag-trabajadores-dominicanos"],"yoast_head":"<!-- This site is optimized with the Yoast SEO plugin v25.2 - https:\/\/yoast.com\/wordpress\/plugins\/seo\/ -->\n<title>Alta informalidad laboral en Rep\u00fablica Dominicana | CREES<\/title>\n<meta name=\"robots\" content=\"index, follow, max-snippet:-1, max-image-preview:large, max-video-preview:-1\" \/>\n<link rel=\"canonical\" href=\"https:\/\/crees.org.do\/?p=25230\" \/>\n<meta property=\"og:locale\" content=\"es_ES\" \/>\n<meta property=\"og:type\" content=\"article\" \/>\n<meta property=\"og:title\" content=\"Alta informalidad laboral en Rep\u00fablica Dominicana | CREES\" \/>\n<meta property=\"og:description\" content=\"Alta informalidad laboral en Rep\u00fablica Dominicana De acuerdo con las cifras oficiales sobre el mercado laboral dominicano, en el primer trimestre de 2023 la informalidad rondaba el 57%. Esta es una cifra superior al 55% de antes de la pandemia de Covid-19, y no muy diferente del promedio hist\u00f3rico. En econom\u00eda, como en cualquier ciencia,...\" \/>\n<meta property=\"og:url\" content=\"https:\/\/crees.org.do\/?p=25230\" \/>\n<meta property=\"og:site_name\" content=\"CREES\" \/>\n<meta property=\"article:publisher\" content=\"https:\/\/www.facebook.com\/CREESRD\/\" \/>\n<meta property=\"article:published_time\" content=\"2023-07-19T18:30:42+00:00\" \/>\n<meta property=\"og:image\" content=\"https:\/\/crees.org.do\/wp-content\/uploads\/2023\/07\/Untitled-copy-12-4.png\" \/>\n\t<meta property=\"og:image:width\" content=\"3121\" \/>\n\t<meta property=\"og:image:height\" content=\"3121\" \/>\n\t<meta property=\"og:image:type\" content=\"image\/png\" \/>\n<meta name=\"author\" content=\"Crees\" \/>\n<meta name=\"twitter:card\" content=\"summary_large_image\" \/>\n<meta name=\"twitter:creator\" content=\"@CREESRD\" \/>\n<meta name=\"twitter:site\" content=\"@CREESRD\" \/>\n<meta name=\"twitter:label1\" content=\"Escrito por\" \/>\n\t<meta name=\"twitter:data1\" content=\"Crees\" \/>\n\t<meta name=\"twitter:label2\" content=\"Tiempo de lectura\" \/>\n\t<meta name=\"twitter:data2\" content=\"2 minutos\" \/>\n<script type=\"application\/ld+json\" class=\"yoast-schema-graph\">{\"@context\":\"https:\/\/schema.org\",\"@graph\":[{\"@type\":\"Article\",\"@id\":\"https:\/\/crees.org.do\/?p=25230#article\",\"isPartOf\":{\"@id\":\"https:\/\/crees.org.do\/?p=25230\"},\"author\":{\"name\":\"Crees\",\"@id\":\"https:\/\/crees.org.do\/#\/schema\/person\/e7f97cd94d7bf9cd0e0ce30acb7d56b8\"},\"headline\":\"Alta informalidad laboral en Rep\u00fablica Dominicana\",\"datePublished\":\"2023-07-19T18:30:42+00:00\",\"mainEntityOfPage\":{\"@id\":\"https:\/\/crees.org.do\/?p=25230\"},\"wordCount\":369,\"publisher\":{\"@id\":\"https:\/\/crees.org.do\/#organization\"},\"image\":{\"@id\":\"https:\/\/crees.org.do\/?p=25230#primaryimage\"},\"thumbnailUrl\":\"https:\/\/crees.org.do\/wp-content\/uploads\/2023\/07\/Untitled-copy-12-4.png\",\"keywords\":[\"Alta informalidad laboral en Rep\u00fablica Dominicana\",\"trabajadores dominicanos\"],\"articleSection\":[\"Blog\"],\"inLanguage\":\"es\"},{\"@type\":\"WebPage\",\"@id\":\"https:\/\/crees.org.do\/?p=25230\",\"url\":\"https:\/\/crees.org.do\/?p=25230\",\"name\":\"Alta informalidad laboral en Rep\u00fablica Dominicana | CREES\",\"isPartOf\":{\"@id\":\"https:\/\/crees.org.do\/#website\"},\"primaryImageOfPage\":{\"@id\":\"https:\/\/crees.org.do\/?p=25230#primaryimage\"},\"image\":{\"@id\":\"https:\/\/crees.org.do\/?p=25230#primaryimage\"},\"thumbnailUrl\":\"https:\/\/crees.org.do\/wp-content\/uploads\/2023\/07\/Untitled-copy-12-4.png\",\"datePublished\":\"2023-07-19T18:30:42+00:00\",\"breadcrumb\":{\"@id\":\"https:\/\/crees.org.do\/?p=25230#breadcrumb\"},\"inLanguage\":\"es\",\"potentialAction\":[{\"@type\":\"ReadAction\",\"target\":[\"https:\/\/crees.org.do\/?p=25230\"]}]},{\"@type\":\"ImageObject\",\"inLanguage\":\"es\",\"@id\":\"https:\/\/crees.org.do\/?p=25230#primaryimage\",\"url\":\"https:\/\/crees.org.do\/wp-content\/uploads\/2023\/07\/Untitled-copy-12-4.png\",\"contentUrl\":\"https:\/\/crees.org.do\/wp-content\/uploads\/2023\/07\/Untitled-copy-12-4.png\",\"width\":3121,\"height\":3121},{\"@type\":\"BreadcrumbList\",\"@id\":\"https:\/\/crees.org.do\/?p=25230#breadcrumb\",\"itemListElement\":[{\"@type\":\"ListItem\",\"position\":1,\"name\":\"Portada\",\"item\":\"https:\/\/crees.org.do\/\"},{\"@type\":\"ListItem\",\"position\":2,\"name\":\"Alta informalidad laboral en Rep\u00fablica Dominicana\"}]},{\"@type\":\"WebSite\",\"@id\":\"https:\/\/crees.org.do\/#website\",\"url\":\"https:\/\/crees.org.do\/\",\"name\":\"CREES\",\"description\":\"Centro Regional de Estrategias Econ\u00f3micas Sostenibles\",\"publisher\":{\"@id\":\"https:\/\/crees.org.do\/#organization\"},\"potentialAction\":[{\"@type\":\"SearchAction\",\"target\":{\"@type\":\"EntryPoint\",\"urlTemplate\":\"https:\/\/crees.org.do\/?s={search_term_string}\"},\"query-input\":{\"@type\":\"PropertyValueSpecification\",\"valueRequired\":true,\"valueName\":\"search_term_string\"}}],\"inLanguage\":\"es\"},{\"@type\":\"Organization\",\"@id\":\"https:\/\/crees.org.do\/#organization\",\"name\":\"CREES | Centro Regional de Estrategias Econ\u00f3micas Sostenibles\",\"url\":\"https:\/\/crees.org.do\/\",\"logo\":{\"@type\":\"ImageObject\",\"inLanguage\":\"es\",\"@id\":\"https:\/\/crees.org.do\/#\/schema\/logo\/image\/\",\"url\":\"https:\/\/crees.org.do\/wp-content\/uploads\/2022\/03\/crees-logo-1.jpg\",\"contentUrl\":\"https:\/\/crees.org.do\/wp-content\/uploads\/2022\/03\/crees-logo-1.jpg\",\"width\":244,\"height\":71,\"caption\":\"CREES | Centro Regional de Estrategias Econ\u00f3micas Sostenibles\"},\"image\":{\"@id\":\"https:\/\/crees.org.do\/#\/schema\/logo\/image\/\"},\"sameAs\":[\"https:\/\/www.facebook.com\/CREESRD\/\",\"https:\/\/x.com\/CREESRD\"]},{\"@type\":\"Person\",\"@id\":\"https:\/\/crees.org.do\/#\/schema\/person\/e7f97cd94d7bf9cd0e0ce30acb7d56b8\",\"name\":\"Crees\",\"image\":{\"@type\":\"ImageObject\",\"inLanguage\":\"es\",\"@id\":\"https:\/\/crees.org.do\/#\/schema\/person\/image\/\",\"url\":\"https:\/\/secure.gravatar.com\/avatar\/390ac8f0be5d9aa046152553e2dd7011b59a512d89c150f5e5f28bb8d9a0b165?s=96&d=mm&r=g\",\"contentUrl\":\"https:\/\/secure.gravatar.com\/avatar\/390ac8f0be5d9aa046152553e2dd7011b59a512d89c150f5e5f28bb8d9a0b165?s=96&d=mm&r=g\",\"caption\":\"Crees\"},\"url\":\"https:\/\/crees.org.do\/?author=2\"}]}<\/script>\n<!-- \/ Yoast SEO plugin. -->","yoast_head_json":{"title":"Alta informalidad laboral en Rep\u00fablica Dominicana | CREES","robots":{"index":"index","follow":"follow","max-snippet":"max-snippet:-1","max-image-preview":"max-image-preview:large","max-video-preview":"max-video-preview:-1"},"canonical":"https:\/\/crees.org.do\/?p=25230","og_locale":"es_ES","og_type":"article","og_title":"Alta informalidad laboral en Rep\u00fablica Dominicana | CREES","og_description":"Alta informalidad laboral en Rep\u00fablica Dominicana De acuerdo con las cifras oficiales sobre el mercado laboral dominicano, en el primer trimestre de 2023 la informalidad rondaba el 57%. Esta es una cifra superior al 55% de antes de la pandemia de Covid-19, y no muy diferente del promedio hist\u00f3rico. En econom\u00eda, como en cualquier ciencia,...","og_url":"https:\/\/crees.org.do\/?p=25230","og_site_name":"CREES","article_publisher":"https:\/\/www.facebook.com\/CREESRD\/","article_published_time":"2023-07-19T18:30:42+00:00","og_image":[{"width":3121,"height":3121,"url":"https:\/\/crees.org.do\/wp-content\/uploads\/2023\/07\/Untitled-copy-12-4.png","type":"image\/png"}],"author":"Crees","twitter_card":"summary_large_image","twitter_creator":"@CREESRD","twitter_site":"@CREESRD","twitter_misc":{"Escrito por":"Crees","Tiempo de lectura":"2 minutos"},"schema":{"@context":"https:\/\/schema.org","@graph":[{"@type":"Article","@id":"https:\/\/crees.org.do\/?p=25230#article","isPartOf":{"@id":"https:\/\/crees.org.do\/?p=25230"},"author":{"name":"Crees","@id":"https:\/\/crees.org.do\/#\/schema\/person\/e7f97cd94d7bf9cd0e0ce30acb7d56b8"},"headline":"Alta informalidad laboral en Rep\u00fablica Dominicana","datePublished":"2023-07-19T18:30:42+00:00","mainEntityOfPage":{"@id":"https:\/\/crees.org.do\/?p=25230"},"wordCount":369,"publisher":{"@id":"https:\/\/crees.org.do\/#organization"},"image":{"@id":"https:\/\/crees.org.do\/?p=25230#primaryimage"},"thumbnailUrl":"https:\/\/crees.org.do\/wp-content\/uploads\/2023\/07\/Untitled-copy-12-4.png","keywords":["Alta informalidad laboral en Rep\u00fablica Dominicana","trabajadores dominicanos"],"articleSection":["Blog"],"inLanguage":"es"},{"@type":"WebPage","@id":"https:\/\/crees.org.do\/?p=25230","url":"https:\/\/crees.org.do\/?p=25230","name":"Alta informalidad laboral en Rep\u00fablica Dominicana | CREES","isPartOf":{"@id":"https:\/\/crees.org.do\/#website"},"primaryImageOfPage":{"@id":"https:\/\/crees.org.do\/?p=25230#primaryimage"},"image":{"@id":"https:\/\/crees.org.do\/?p=25230#primaryimage"},"thumbnailUrl":"https:\/\/crees.org.do\/wp-content\/uploads\/2023\/07\/Untitled-copy-12-4.png","datePublished":"2023-07-19T18:30:42+00:00","breadcrumb":{"@id":"https:\/\/crees.org.do\/?p=25230#breadcrumb"},"inLanguage":"es","potentialAction":[{"@type":"ReadAction","target":["https:\/\/crees.org.do\/?p=25230"]}]},{"@type":"ImageObject","inLanguage":"es","@id":"https:\/\/crees.org.do\/?p=25230#primaryimage","url":"https:\/\/crees.org.do\/wp-content\/uploads\/2023\/07\/Untitled-copy-12-4.png","contentUrl":"https:\/\/crees.org.do\/wp-content\/uploads\/2023\/07\/Untitled-copy-12-4.png","width":3121,"height":3121},{"@type":"BreadcrumbList","@id":"https:\/\/crees.org.do\/?p=25230#breadcrumb","itemListElement":[{"@type":"ListItem","position":1,"name":"Portada","item":"https:\/\/crees.org.do\/"},{"@type":"ListItem","position":2,"name":"Alta informalidad laboral en Rep\u00fablica Dominicana"}]},{"@type":"WebSite","@id":"https:\/\/crees.org.do\/#website","url":"https:\/\/crees.org.do\/","name":"CREES","description":"Centro Regional de Estrategias Econ\u00f3micas Sostenibles","publisher":{"@id":"https:\/\/crees.org.do\/#organization"},"potentialAction":[{"@type":"SearchAction","target":{"@type":"EntryPoint","urlTemplate":"https:\/\/crees.org.do\/?s={search_term_string}"},"query-input":{"@type":"PropertyValueSpecification","valueRequired":true,"valueName":"search_term_string"}}],"inLanguage":"es"},{"@type":"Organization","@id":"https:\/\/crees.org.do\/#organization","name":"CREES | Centro Regional de Estrategias Econ\u00f3micas Sostenibles","url":"https:\/\/crees.org.do\/","logo":{"@type":"ImageObject","inLanguage":"es","@id":"https:\/\/crees.org.do\/#\/schema\/logo\/image\/","url":"https:\/\/crees.org.do\/wp-content\/uploads\/2022\/03\/crees-logo-1.jpg","contentUrl":"https:\/\/crees.org.do\/wp-content\/uploads\/2022\/03\/crees-logo-1.jpg","width":244,"height":71,"caption":"CREES | Centro Regional de Estrategias Econ\u00f3micas Sostenibles"},"image":{"@id":"https:\/\/crees.org.do\/#\/schema\/logo\/image\/"},"sameAs":["https:\/\/www.facebook.com\/CREESRD\/","https:\/\/x.com\/CREESRD"]},{"@type":"Person","@id":"https:\/\/crees.org.do\/#\/schema\/person\/e7f97cd94d7bf9cd0e0ce30acb7d56b8","name":"Crees","image":{"@type":"ImageObject","inLanguage":"es","@id":"https:\/\/crees.org.do\/#\/schema\/person\/image\/","url":"https:\/\/secure.gravatar.com\/avatar\/390ac8f0be5d9aa046152553e2dd7011b59a512d89c150f5e5f28bb8d9a0b165?s=96&d=mm&r=g","contentUrl":"https:\/\/secure.gravatar.com\/avatar\/390ac8f0be5d9aa046152553e2dd7011b59a512d89c150f5e5f28bb8d9a0b165?s=96&d=mm&r=g","caption":"Crees"},"url":"https:\/\/crees.org.do\/?author=2"}]}},"_links":{"self":[{"href":"https:\/\/crees.org.do\/index.php?rest_route=\/wp\/v2\/posts\/25230","targetHints":{"allow":["GET"]}}],"collection":[{"href":"https:\/\/crees.org.do\/index.php?rest_route=\/wp\/v2\/posts"}],"about":[{"href":"https:\/\/crees.org.do\/index.php?rest_route=\/wp\/v2\/types\/post"}],"author":[{"embeddable":true,"href":"https:\/\/crees.org.do\/index.php?rest_route=\/wp\/v2\/users\/2"}],"replies":[{"embeddable":true,"href":"https:\/\/crees.org.do\/index.php?rest_route=%2Fwp%2Fv2%2Fcomments&post=25230"}],"version-history":[{"count":1,"href":"https:\/\/crees.org.do\/index.php?rest_route=\/wp\/v2\/posts\/25230\/revisions"}],"predecessor-version":[{"id":25232,"href":"https:\/\/crees.org.do\/index.php?rest_route=\/wp\/v2\/posts\/25230\/revisions\/25232"}],"wp:featuredmedia":[{"embeddable":true,"href":"https:\/\/crees.org.do\/index.php?rest_route=\/wp\/v2\/media\/25231"}],"wp:attachment":[{"href":"https:\/\/crees.org.do\/index.php?rest_route=%2Fwp%2Fv2%2Fmedia&parent=25230"}],"wp:term":[{"taxonomy":"category","embeddable":true,"href":"https:\/\/crees.org.do\/index.php?rest_route=%2Fwp%2Fv2%2Fcategories&post=25230"},{"taxonomy":"post_tag","embeddable":true,"href":"https:\/\/crees.org.do\/index.php?rest_route=%2Fwp%2Fv2%2Ftags&post=25230"}],"curies":[{"name":"wp","href":"https:\/\/api.w.org\/{rel}","templated":true}]}}