{"id":25247,"date":"2023-07-21T14:27:44","date_gmt":"2023-07-21T14:27:44","guid":{"rendered":"https:\/\/crees.org.do\/?p=25247"},"modified":"2023-07-21T14:27:44","modified_gmt":"2023-07-21T14:27:44","slug":"capitalizacion-o-reparto-el-problema-de-la-demografia-y-el-gasto-en-los-sistemas-de-pensiones","status":"publish","type":"post","link":"https:\/\/crees.org.do\/?p=25247","title":{"rendered":"\u00bfCapitalizaci\u00f3n o reparto? El problema de la demograf\u00eda y el gasto en los sistemas de pensiones"},"content":{"rendered":"<p>Autor: Rub\u00e9n Folguera Agra<\/p>\n<p>Fecha: 20 de julio del 2023<\/p>\n<p>Extra\u00eddo de: Libre Mercado<\/p>\n<p style=\"text-align: justify;\"><strong>Holanda acaba de dar luz verde a un nuevo sistema de pensiones basado en la capitalizaci\u00f3n.\u00a0<\/strong>Como informaba\u00a0<a href=\"https:\/\/www.libremercado.com\/2023-07-05\/bombazo-holanda-adopta-el-sistema-chileno-de-pensiones-7030442\/?_ga=2.40884066.1774858155.1688133529-471543744.1686557466&amp;_gl=1*5lo6db*_ga*NDcxNTQzNzQ0LjE2ODY1NTc0NjY.*_ga_69R48LF3TL*MTY4OTIzNTkzMS40MS4wLjE2ODkyMzU5MzEuNjAuMC4w\"><strong>Diego S\u00e1nchez de la Cruz en Libre Mercado<\/strong><\/a>, comienza ahora un proceso de transici\u00f3n en el pa\u00eds que durar\u00e1 cinco a\u00f1os. De esta forma, los trabajadores holandeses comenzar\u00e1n a capitalizar sus cotizaciones, que ser\u00e1n depositadas cada mes en sus cuentas para la jubilaci\u00f3n, por lo que se convertir\u00e1n en un verdadero ahorro personal.<\/p>\n<p style=\"text-align: justify;\">El hecho de que una de las principales econom\u00edas europeas haya adoptado un sistema de pensiones de capitalizaci\u00f3n, a imagen del modelo chileno, puede reabrir el debate acerca de qu\u00e9 alternativa es preferible.<\/p>\n<h3>Dos alternativas<\/h3>\n<p style=\"text-align: justify;\">Seg\u00fan la forma en que se canalizan los pagos y se estructuran las contribuciones al sistema de pensiones,<strong>\u00a0podemos diferenciar dos grandes alternativas: de capitalizaci\u00f3n y de reparto.<\/strong>\u00a0En la medida en que ambos pueden ser p\u00fablicos (y no necesariamente identificarse con ning\u00fan modelo econ\u00f3mico \u2018extremo\u2019) no caben las estigmatizaciones habituales del populismo de los diferentes grupos ideol\u00f3gicos.<\/p>\n<p style=\"text-align: justify;\">En realidad, la diferencia fundamental radica en que mientras que en un sistema de pensiones de reparto\u00a0<strong>las cotizaciones de los trabajadores actuales se destinan para pagar las pensiones de los jubilados actuales<\/strong>, en uno de capitalizaci\u00f3n<strong>\u00a0cada contribuci\u00f3n va a parar a una cuenta de ahorro individual<\/strong>. De este modo, en el primero solamente se devenga un derecho a recibir una pensi\u00f3n tras la jubilaci\u00f3n, pero en ning\u00fan caso se destinan de facto las aportaciones realizadas peri\u00f3dicamente a un fondo donde quedan guardadas para el futuro. En uno de capitalizaci\u00f3n, sin embargo, s\u00ed se aporta una proporci\u00f3n determinada del salario a una \u2018hucha\u2019 en la que esos ahorros quedan guardados de forma personalizada. Por tanto, a simple vista podemos comprobar que uno de los modelos,<strong>\u00a0el de reparto, presenta una dependencia considerablemente mayor de la pir\u00e1mide demogr\u00e1fica que el otro<\/strong>.<\/p>\n<h3>Un an\u00e1lisis comparado<\/h3>\n<p style=\"text-align: justify;\">Una<a href=\"https:\/\/www.fiapinternacional.org\/wp-content\/uploads\/2022\/01\/Nota-de-pensiones-59-Ene-2022-ESP.pdf\" target=\"_blank\" rel=\"nofollow noreferrer noopener\">\u00a0<strong>nota de enero de 2022<\/strong><\/a>\u00a0publicada por la\u00a0<strong><a href=\"https:\/\/www.fiapinternacional.org\/\" target=\"_blank\" rel=\"nofollow noreferrer noopener\">FIAP\u00a0<\/a><\/strong>(la Federaci\u00f3n Internacional de Administradoras de Fondos de Pensiones) recog\u00eda las aportaciones de dos economista respecto a este asunto. Por un lado, Santiago Montenegro &#8220;sostiene que\u00a0<strong>los sistemas de capitalizaci\u00f3n son superiores a los de reparto<\/strong>&#8221; debido a que &#8220;<strong>los sistemas de reparto son esquemas piramidales insostenibles en el tiempo<\/strong>&#8221; y a que &#8220;<strong>los retornos del sistema de capitalizaci\u00f3n son superiores a los del sistema de reparto<\/strong>&#8221; porque &#8220;el retorno de los sistemas de capitalizaci\u00f3n se da por la rentabilidad de las inversiones, mientras que en el reparto es igual al crecimiento de la masa salarial&#8221;. Por otra parte, Rafael Dom\u00e9nech, en referencia a la evoluci\u00f3n de las pol\u00edticas de los pa\u00edses europeos en relaci\u00f3n con las pensiones, se\u00f1ala que est\u00e1n &#8220;aumentando la edad de jubilaci\u00f3n&#8221;, &#8220;reduciendo la generosidad del sistema de pensiones&#8221; y &#8220;aumentando la masa salarial&#8221;.<\/p>\n<p style=\"text-align: justify;\"><strong><a href=\"https:\/\/www.libremercado.com\/2023-07-05\/bombazo-holanda-adopta-el-sistema-chileno-de-pensiones-7030442\/\">Diego S\u00e1nchez de la Cruz<\/a><\/strong>\u00a0destacaba que los sistemas de capitalizaci\u00f3n presentan<strong>\u00a0tres ventajas<\/strong>: &#8220;(1)\u00a0<strong>la rebaja de la &#8220;cu\u00f1a fiscal&#8221; del empleo<\/strong>, con el consecuente aumento del salario neto de los trabajadores, (2)\u00a0<strong>la plena sostenibilidad financiera de la Seguridad Social<\/strong>, con independencia de la evoluci\u00f3n demogr\u00e1fica, o (3)\u00a0<strong>el aumento de la inversi\u00f3n<\/strong>, con su consecuente efecto sobre el crecimiento y el empleo&#8221;.<\/p>\n<p style=\"text-align: justify;\">Por su parte,\u00a0<a href=\"https:\/\/www.clublibertaddigital.com\/ilustracion-liberal\/56-57\/historia-de-dos-vecinos-el-sistema-publico-de-pensiones-y-los-pobres-domingo-soriano.html\"><strong>Domingo Soriano explicaba en La Ilustraci\u00f3n Liberal<\/strong><\/a>\u00a0que\u00a0<strong>la superioridad de los sistemas de capitalizaci\u00f3n no se reduce simplemente a su rentabilidad<\/strong>, sino que adem\u00e1s<strong>\u00a0&#8220;ofrece una alternativa m\u00e1s segura y justa tambi\u00e9n a este modesto empleado<\/strong>&#8220;, por lo que &#8220;es m\u00e1s sorprendente a\u00fan que no sean precisamente las clases bajas las que se rebelen ante un modelo de reparto que no s\u00f3lo no les devuelve lo que aportaron, sino que las deja indefensas ante el menor golpe de mala fortuna&#8221;.<\/p>\n<h3 style=\"text-align: left;\">Mayor generosidad; menor sostenibilidad<\/h3>\n<p style=\"text-align: justify;\"><strong>Una de las principales debilidades del sistema de reparto es que est\u00e1 sujeto a los cambios demogr\u00e1ficos<\/strong>. De esta forma, un modelo de estas caracter\u00edsticas ser\u00e1 sostenible en la medida en que se puedan distribuir los recursos eficientemente desde la base de cotizantes hacia el conjunto de pensionistas y que, adem\u00e1s, este flujo sea suficiente. Es decir, la cantidad de pensiones y la cuant\u00eda de las mismas depende en buena medida de la proporci\u00f3n existente de trabajadores respecto de jubilados. Es cierto que otras formas de financiar el pago de las pensiones, no obstante, ser\u00eda el reajuste presupuestario de los recursos del Estado y el recurso a la deuda p\u00fablica. Sin embargo, estas medidas son solamente adecuadas en el medio plazo, porque en el largo no resultan suficientes. En este sentido, el mismo informe de la FIAP refleja c\u00f3mo a lo largo de las pr\u00f3ximas d\u00e9cadas se ir\u00e1 reduciendo el n\u00famero de trabajadores por cada jubilado en diferentes pa\u00edses, indistintamente de su sistema de pensiones.<\/p>\n<p><img fetchpriority=\"high\" decoding=\"async\" class=\"aligncenter wp-image-25249 size-full\" src=\"https:\/\/crees.org.do\/wp-content\/uploads\/2023\/07\/2023-07-14-2.jpg\" alt=\"\" width=\"975\" height=\"532\" srcset=\"https:\/\/crees.org.do\/wp-content\/uploads\/2023\/07\/2023-07-14-2.jpg 975w, https:\/\/crees.org.do\/wp-content\/uploads\/2023\/07\/2023-07-14-2-450x246.jpg 450w, https:\/\/crees.org.do\/wp-content\/uploads\/2023\/07\/2023-07-14-2-768x419.jpg 768w, https:\/\/crees.org.do\/wp-content\/uploads\/2023\/07\/2023-07-14-2-600x327.jpg 600w\" sizes=\"(max-width: 975px) 100vw, 975px\" \/><\/p>\n<p style=\"text-align: justify;\">Relacionado con lo anterior, asimismo podemos comprobar cu\u00e1l ser\u00e1 &#8220;el aumento en el gasto en pensiones sobre el PIB en las pr\u00f3ximas tres d\u00e9cadas (2019-2050), para cada uno de los pa\u00edses europeos, para las tasas de Dependencia, Cobertura, Prestaci\u00f3n y Empleo y, en un c\u00edrculo, el total&#8221;.<\/p>\n<p><img decoding=\"async\" class=\"aligncenter wp-image-25250\" src=\"https:\/\/crees.org.do\/wp-content\/uploads\/2023\/07\/2023-07-14-4.jpg\" alt=\"\" width=\"975\" height=\"718\" srcset=\"https:\/\/crees.org.do\/wp-content\/uploads\/2023\/07\/2023-07-14-4.jpg 975w, https:\/\/crees.org.do\/wp-content\/uploads\/2023\/07\/2023-07-14-4-450x331.jpg 450w, https:\/\/crees.org.do\/wp-content\/uploads\/2023\/07\/2023-07-14-4-768x566.jpg 768w, https:\/\/crees.org.do\/wp-content\/uploads\/2023\/07\/2023-07-14-4-600x442.jpg 600w\" sizes=\"(max-width: 975px) 100vw, 975px\" \/><\/p>\n<p style=\"text-align: justify;\">Con todo, de acuerdo con dicho informe, debido a que cada vez vivimos m\u00e1s tiempo y a que comenzar\u00e1n a jubilarse generaciones muy numerosas, como las del\u00a0<em>baby boom<\/em>, &#8220;<strong>los pa\u00edses europeos van a tener que hacer un esfuerzo muy importante durante los pr\u00f3ximos a\u00f1os para hacer frente al aumento del gasto en pensiones&#8221;<\/strong>, a lo que ser\u00e1 necesario a\u00f1adir &#8220;m\u00e1s ahorro complementario, porque aun aplicando los cambios que requiere el sistema de reparto, entregar\u00e1n a futuro menores tasas de reemplazo y para compensar esta ca\u00edda, no queda m\u00e1s remedio que aumentar el ahorro complementario sea en el segundo pilar (planes de empresa) o en el tercero (planes individuales)&#8221;.<\/p>\n<p style=\"text-align: justify;\"><strong>En Espa\u00f1a<\/strong>, que cuenta con un sistema de reparto, con\u00a0<a href=\"https:\/\/www.seg-social.es\/wps\/portal\/wss\/internet\/EstadisticasPresupuestosEstudios\/Estadisticas\/EST23\/EST24\" target=\"_blank\" rel=\"nofollow noreferrer noopener\">datos proporcionado por la Seguridad Social<\/a>, a 1 de junio de 2023, si consultamos el apartado de\u00a0<a href=\"http:\/\/www.seg-social.es\/wps\/wcm\/connect\/wss\/bd279979-09d6-4596-8f73-7e6e9f265b9d\/REG202306.pdf?MOD=AJPERES&amp;CONVERT_TO=linktext&amp;CACHEID=ROOTWORKSPACE.Z18_2G50H38209D640QTQ57OVB2000-bd279979-09d6-4596-8f73-7e6e9f265b9d-oAbkg2D\" target=\"_blank\" rel=\"nofollow noreferrer noopener\">Pensiones en vigor a 1 de junio de 2023 por r\u00e9gimen de Seguridad Social y clase de pensi\u00f3n<\/a>, podemos comprobar que\u00a0<strong>la pensi\u00f3n media por jubilaci\u00f3n de todo el sistema es de 1.374,88 euros.<\/strong><\/p>\n<p><img decoding=\"async\" class=\"aligncenter wp-image-25251 size-full\" src=\"https:\/\/crees.org.do\/wp-content\/uploads\/2023\/07\/pension-espana-ss.jpg\" alt=\"\" width=\"975\" height=\"463\" srcset=\"https:\/\/crees.org.do\/wp-content\/uploads\/2023\/07\/pension-espana-ss.jpg 975w, https:\/\/crees.org.do\/wp-content\/uploads\/2023\/07\/pension-espana-ss-450x214.jpg 450w, https:\/\/crees.org.do\/wp-content\/uploads\/2023\/07\/pension-espana-ss-768x365.jpg 768w, https:\/\/crees.org.do\/wp-content\/uploads\/2023\/07\/pension-espana-ss-600x285.jpg 600w\" sizes=\"(max-width: 975px) 100vw, 975px\" \/><\/p>\n<p style=\"text-align: justify;\">Estas cantidades son muy generosas, especialmente si las comparamos con el sistema chileno (principal ejemplo del modelo de capitalizaci\u00f3n), en el que seg\u00fan\u00a0<a href=\"https:\/\/www.spensiones.cl\/apps\/centroEstadisticas\/paginaCuadrosCCEE.php?menu=sci&amp;menuN1=pensypape&amp;menuN2=penspag\" target=\"_blank\" rel=\"nofollow noreferrer noopener\">datos de la Superintendencia de Pensiones<\/a>\u00a0de mayo de 2023\u00a0<strong>la pensi\u00f3n media por vejez fue de 323,68 euros\u00a0<\/strong>(8,18 UF). Sin embargo, no podemos precipitarnos a concluir que esta mayor generosidad de sistemas como el espa\u00f1ol implique necesariamente una superioridad real, pues nuestro modelo se deber\u00e1 enfrentar a grandes retos en un futuro no muy lejano.<\/p>\n<p style=\"text-align: justify;\">Uno de los datos que conviene recordar es el de la<strong>\u00a0proporci\u00f3n de cotizantes respecto de pensionistas<\/strong>. De acuerdo con la\u00a0<a href=\"https:\/\/www.lamoncloa.gob.es\/serviciosdeprensa\/notasprensa\/inclusion\/Documents\/2023\/040723-presentacion-afiliacion-seguridad-social-junio.pdf\" target=\"_blank\" rel=\"nofollow noreferrer noopener\">Seguridad Social<\/a>, el pasado mes de junio se alcanz\u00f3 los 20.956.577 millones de afiliados, mientras que en ese mismo mes\u00a0<a href=\"http:\/\/www.seg-social.es\/wps\/wcm\/connect\/wss\/a59fc4a1-faa7-48dd-9a0e-a20302891ae3\/PTAS202306.pdf?MOD=AJPERES&amp;CONVERT_TO=linktext&amp;CACHEID=ROOTWORKSPACE.Z18_2G50H38209D640QTQ57OVB2000-a59fc4a1-faa7-48dd-9a0e-a20302891ae3-oAbkfYy\" target=\"_blank\" rel=\"nofollow noreferrer noopener\">el n\u00famero total de pensionistas<\/a>\u00a0fue de 9.092868 y se pagaron un total de 10.040.732 de pensiones. As\u00ed, obtenemos una proporci\u00f3n de 2,3 cotizantes por pensionistas (en un mes, eso s\u00ed, en el que ha habido un repunte en las altas en la Seguridad Social). Es decir, una \u00fanica pensi\u00f3n es financiada pr\u00e1cticamente s\u00f3lo por dos trabajadores. Y cuando se agraven los efectos de la crisis demogr\u00e1fica, tambi\u00e9n lo har\u00e1 a\u00fan m\u00e1s la sostenibilidad del sistema de pensiones.<\/p>\n<p><img loading=\"lazy\" decoding=\"async\" class=\"aligncenter wp-image-25252 size-full\" src=\"https:\/\/crees.org.do\/wp-content\/uploads\/2023\/07\/numero-pensiones.jpg\" alt=\"\" width=\"975\" height=\"540\" srcset=\"https:\/\/crees.org.do\/wp-content\/uploads\/2023\/07\/numero-pensiones.jpg 975w, https:\/\/crees.org.do\/wp-content\/uploads\/2023\/07\/numero-pensiones-450x249.jpg 450w, https:\/\/crees.org.do\/wp-content\/uploads\/2023\/07\/numero-pensiones-768x425.jpg 768w, https:\/\/crees.org.do\/wp-content\/uploads\/2023\/07\/numero-pensiones-600x332.jpg 600w\" sizes=\"(max-width: 975px) 100vw, 975px\" \/><\/p>\n<p><img loading=\"lazy\" decoding=\"async\" class=\"aligncenter wp-image-25253 size-full\" src=\"https:\/\/crees.org.do\/wp-content\/uploads\/2023\/07\/ss-numero-pensiones.jpg\" alt=\"\" width=\"975\" height=\"244\" srcset=\"https:\/\/crees.org.do\/wp-content\/uploads\/2023\/07\/ss-numero-pensiones.jpg 975w, https:\/\/crees.org.do\/wp-content\/uploads\/2023\/07\/ss-numero-pensiones-450x113.jpg 450w, https:\/\/crees.org.do\/wp-content\/uploads\/2023\/07\/ss-numero-pensiones-768x192.jpg 768w, https:\/\/crees.org.do\/wp-content\/uploads\/2023\/07\/ss-numero-pensiones-600x150.jpg 600w\" sizes=\"(max-width: 975px) 100vw, 975px\" \/><\/p>\n<div style=\"text-align: justify;\" data-oembed-url=\"https:\/\/www.libremercado.com\/2023-07-13\/miercoles-asistencialismo-impuestos-y-mas-gasto-las-propuestas-de-psoe-sumar-pp-y-vox-sobre-las-pensiones-7032782\/\"><a href=\"https:\/\/www.bde.es\/f\/webbe\/GAP\/Secciones\/SalaPrensa\/IntervencionesPublicas\/DirectoresGenerales\/economia\/Arc\/IIPP-2023-05-25-gavilan.pdf\" target=\"_blank\" rel=\"nofollow noreferrer noopener\"><strong>Seg\u00fan diferentes previsiones recogidas por el Banco de Espa\u00f1a<\/strong><\/a>, se prev\u00e9 que la tasa de dependencia (uno de los indicadores utilizados para conocer la sostenibilidad del sistema de pensiones, dado expresa la proporci\u00f3n entre la poblaci\u00f3n dependiente y de la que depende) aumente de forma exponencial hasta 2045-2050. En concreto,\u00a0<a href=\"https:\/\/www.airef.es\/wp-content\/uploads\/2020\/09\/PREVIS-DEMOGRAFICAS\/200928-Documento-T%C3%A9cnico-previsiones-demogr%C3%A1ficas-y-gasto-en-pensiones.pdf\" target=\"_blank\" rel=\"nofollow noreferrer noopener\">seg\u00fan la AIReF<\/a>,\u00a0<strong>la tasa de dependencia de mayores se duplicar\u00e1<\/strong>\u00a0en los pr\u00f3ximos veinticinco a\u00f1os, pasando del 26% actual al 53% en 2050.<\/div>\n<p style=\"text-align: justify;\"><img loading=\"lazy\" decoding=\"async\" class=\"size-full wp-image-25254 aligncenter\" src=\"https:\/\/crees.org.do\/wp-content\/uploads\/2023\/07\/2023-07-14-10.jpg\" alt=\"\" width=\"975\" height=\"886\" srcset=\"https:\/\/crees.org.do\/wp-content\/uploads\/2023\/07\/2023-07-14-10.jpg 975w, https:\/\/crees.org.do\/wp-content\/uploads\/2023\/07\/2023-07-14-10-450x409.jpg 450w, https:\/\/crees.org.do\/wp-content\/uploads\/2023\/07\/2023-07-14-10-768x698.jpg 768w, https:\/\/crees.org.do\/wp-content\/uploads\/2023\/07\/2023-07-14-10-600x545.jpg 600w\" sizes=\"(max-width: 975px) 100vw, 975px\" \/><\/p>\n<p>Adem\u00e1s, la\u00a0<strong><a href=\"https:\/\/www.airef.es\/es\/noticias\/la-airef-advierte-de-la-elevada-presion-del-envejecimiento-de-la-poblacion-en-las-finanzas-publicas-y-reclama-una-perspectiva-global-para-su-sostenibilidad\/\" target=\"_blank\" rel=\"nofollow noreferrer noopener\">AIReF<\/a>\u00a0<\/strong>pronostica que &#8220;<strong>el gasto en pensiones empezar\u00eda a acelerarse especialmente a partir de 2035<\/strong>, con un m\u00e1ximo del 16,3% del PIB en 2049&#8243;.<\/p>\n<p><img loading=\"lazy\" decoding=\"async\" class=\"size-full wp-image-25255 aligncenter\" src=\"https:\/\/crees.org.do\/wp-content\/uploads\/2023\/07\/2023-07-13-15.jpg\" alt=\"\" width=\"975\" height=\"663\" srcset=\"https:\/\/crees.org.do\/wp-content\/uploads\/2023\/07\/2023-07-13-15.jpg 975w, https:\/\/crees.org.do\/wp-content\/uploads\/2023\/07\/2023-07-13-15-450x306.jpg 450w, https:\/\/crees.org.do\/wp-content\/uploads\/2023\/07\/2023-07-13-15-768x522.jpg 768w, https:\/\/crees.org.do\/wp-content\/uploads\/2023\/07\/2023-07-13-15-600x408.jpg 600w\" sizes=\"(max-width: 975px) 100vw, 975px\" \/><\/p>\n<p>Y que la\u00a0<strong>tasa de cobertura<\/strong>\u00a0tambi\u00e9n caer\u00eda dr\u00e1sticamente.<\/p>\n<p><img loading=\"lazy\" decoding=\"async\" class=\"size-full wp-image-25257 aligncenter\" src=\"https:\/\/crees.org.do\/wp-content\/uploads\/2023\/07\/2023-07-13-19.jpg\" alt=\"\" width=\"975\" height=\"634\" srcset=\"https:\/\/crees.org.do\/wp-content\/uploads\/2023\/07\/2023-07-13-19.jpg 975w, https:\/\/crees.org.do\/wp-content\/uploads\/2023\/07\/2023-07-13-19-450x293.jpg 450w, https:\/\/crees.org.do\/wp-content\/uploads\/2023\/07\/2023-07-13-19-768x499.jpg 768w, https:\/\/crees.org.do\/wp-content\/uploads\/2023\/07\/2023-07-13-19-600x390.jpg 600w\" sizes=\"(max-width: 975px) 100vw, 975px\" \/><\/p>\n<p style=\"text-align: justify;\">Asimismo, para comprobar el nivel de sostenibilidad del gasto en pensiones tambi\u00e9n podemos comprobar<strong>\u00a0qu\u00e9 porcentaje supone sobre el PIB<\/strong>. Con datos de 2020 proporcionados por la\u00a0<a href=\"https:\/\/www.oecd.org\/publications\/oecd-pensions-at-a-glance-19991363.htm\" target=\"_blank\" rel=\"nofollow noreferrer noopener\"><strong>OCDE<\/strong><\/a>, vemos que\u00a0<a href=\"https:\/\/www.oecd.org\/els\/public-pensions\/PAG2021-country-profile-Spain.pdf\" target=\"_blank\" rel=\"nofollow noreferrer noopener\"><strong>en el caso de Espa\u00f1a<\/strong><\/a>\u00a0este porcentaje se elevaba hasta el<strong>\u00a010,9%<\/strong>. Frente a ello, podemos de nuevo compararlo con el caso de\u00a0<a href=\"https:\/\/www.oecd.org\/els\/public-pensions\/PAG2021-country-profile-Chile.pdf\" target=\"_blank\" rel=\"nofollow noreferrer noopener\"><strong>Chile<\/strong><\/a>, pa\u00eds para el que tan s\u00f3lo supuso un<strong>\u00a02,8%<\/strong>.<\/p>\n<p><img loading=\"lazy\" decoding=\"async\" class=\"size-full wp-image-25258 aligncenter\" src=\"https:\/\/crees.org.do\/wp-content\/uploads\/2023\/07\/ocde-espana.jpg\" alt=\"\" width=\"975\" height=\"450\" srcset=\"https:\/\/crees.org.do\/wp-content\/uploads\/2023\/07\/ocde-espana.jpg 975w, https:\/\/crees.org.do\/wp-content\/uploads\/2023\/07\/ocde-espana-450x208.jpg 450w, https:\/\/crees.org.do\/wp-content\/uploads\/2023\/07\/ocde-espana-768x354.jpg 768w, https:\/\/crees.org.do\/wp-content\/uploads\/2023\/07\/ocde-espana-600x277.jpg 600w\" sizes=\"(max-width: 975px) 100vw, 975px\" \/><\/p>\n<p><img loading=\"lazy\" decoding=\"async\" class=\"size-full wp-image-25259 aligncenter\" src=\"https:\/\/crees.org.do\/wp-content\/uploads\/2023\/07\/chile-ocde.jpg\" alt=\"\" width=\"975\" height=\"428\" srcset=\"https:\/\/crees.org.do\/wp-content\/uploads\/2023\/07\/chile-ocde.jpg 975w, https:\/\/crees.org.do\/wp-content\/uploads\/2023\/07\/chile-ocde-450x198.jpg 450w, https:\/\/crees.org.do\/wp-content\/uploads\/2023\/07\/chile-ocde-768x337.jpg 768w, https:\/\/crees.org.do\/wp-content\/uploads\/2023\/07\/chile-ocde-600x263.jpg 600w\" sizes=\"(max-width: 975px) 100vw, 975px\" \/><\/p>\n<p style=\"text-align: justify;\">A\u00fan hay m\u00e1s: en 2022\u00a0<strong>Espa\u00f1a descendi\u00f3 del puesto 22 al 26<\/strong>\u00a0&#8220;de los 44 sistemas de pensiones analizados por el\u00a0<a href=\"https:\/\/www.mercer.com\/es-es\/about\/newsroom\/global-pension-index-2022\/\" target=\"_blank\" rel=\"nofollow noreferrer noopener\"><strong>Mercer CFA Institute Global Pension Index<\/strong><\/a>&#8220;, una lista que, por otro lado, encabezaron Islandia, Holanda y Dinamarca. Este \u00edndice (que eval\u00faa los sistemas de pensiones de diferentes pa\u00edses en funci\u00f3n de la suficiencia, la sostenibilidad y la integridad del mismo) califica al espa\u00f1ol como &#8220;un sistema bueno con carencias y riesgos que deben ser abordados&#8221; y destaca que\u00a0<strong>la sostenibilidad del sistema sigue siendo el principal desaf\u00edo al que se enfrenta.<\/strong><\/p>\n<h3 style=\"text-align: left;\">No hay nada gratis<\/h3>\n<p style=\"text-align: justify;\">Lo cierto es que\u00a0<strong>nada es gratis<\/strong>, y menos unas pensiones como las espa\u00f1olas, financiadas por una Seguridad Social quebrada y, en parte, con cargo a deuda. Por ello,\u00a0<strong>no podemos dejarnos llevar por las apariencias<\/strong>. Tampoco es que otros modelos sean perfectos. Por ejemplo, en el caso de Chile, es muy probable que una cotizaci\u00f3n del 10% no sea tan suficiente como debiera. De hecho, de acuerdo a<strong>\u00a0<a href=\"https:\/\/www.libremercado.com\/2019-05-04\/pensiones-en-chile-jubilarse-con-el-78-del-sueldo-cotizando-el-10-del-sueldo-1276637684\/\">otro art\u00edculo<\/a>\u00a0de Diego S\u00e1nchez de la Cruz<\/strong>, este modelo se enfrentar\u00e1 a retos como la necesidad de &#8220;asegurar que el mercado laboral gana en flexibilidad y genera m\u00e1s empleo formal y duradero&#8221; y al &#8220;aumento de la edad de jubilaci\u00f3n&#8221; dado el aumento en la esperanza de vida. No obstante, lo que no se puede hacer es caer en juicios sesgados. Se debe tener en cuenta que aunque pueda parecer mucho m\u00e1s solidario un sistema como el espa\u00f1ol, es mucho menos sostenible a lo largo del tiempo.<\/p>\n<p style=\"text-align: justify;\">\n<div class=\"pvc_clear\"><\/div>\n<p class=\"pvc_stats all \" data-element-id=\"25247\" style=\"\"><i class=\"pvc-stats-icon medium\" aria-hidden=\"true\"><svg aria-hidden=\"true\" focusable=\"false\" data-prefix=\"far\" data-icon=\"chart-bar\" role=\"img\" xmlns=\"http:\/\/www.w3.org\/2000\/svg\" viewBox=\"0 0 512 512\" class=\"svg-inline--fa fa-chart-bar fa-w-16 fa-2x\"><path fill=\"currentColor\" d=\"M396.8 352h22.4c6.4 0 12.8-6.4 12.8-12.8V108.8c0-6.4-6.4-12.8-12.8-12.8h-22.4c-6.4 0-12.8 6.4-12.8 12.8v230.4c0 6.4 6.4 12.8 12.8 12.8zm-192 0h22.4c6.4 0 12.8-6.4 12.8-12.8V140.8c0-6.4-6.4-12.8-12.8-12.8h-22.4c-6.4 0-12.8 6.4-12.8 12.8v198.4c0 6.4 6.4 12.8 12.8 12.8zm96 0h22.4c6.4 0 12.8-6.4 12.8-12.8V204.8c0-6.4-6.4-12.8-12.8-12.8h-22.4c-6.4 0-12.8 6.4-12.8 12.8v134.4c0 6.4 6.4 12.8 12.8 12.8zM496 400H48V80c0-8.84-7.16-16-16-16H16C7.16 64 0 71.16 0 80v336c0 17.67 14.33 32 32 32h464c8.84 0 16-7.16 16-16v-16c0-8.84-7.16-16-16-16zm-387.2-48h22.4c6.4 0 12.8-6.4 12.8-12.8v-70.4c0-6.4-6.4-12.8-12.8-12.8h-22.4c-6.4 0-12.8 6.4-12.8 12.8v70.4c0 6.4 6.4 12.8 12.8 12.8z\" class=\"\"><\/path><\/svg><\/i> Vistas Totales&nbsp;1,658&nbsp;<\/p>\n<div class=\"pvc_clear\"><\/div>\n","protected":false},"excerpt":{"rendered":"<p>Autor: Rub\u00e9n Folguera Agra Fecha: 20 de julio del 2023 Extra\u00eddo de: Libre Mercado Holanda acaba de dar luz verde a un nuevo sistema de pensiones basado en la capitalizaci\u00f3n.\u00a0Como informaba\u00a0Diego S\u00e1nchez de la Cruz en Libre Mercado, comienza ahora un proceso de transici\u00f3n en el pa\u00eds que durar\u00e1 cinco a\u00f1os. De esta forma, los&#8230;<\/p>\n<div class=\"pvc_clear\"><\/div>\n<p class=\"pvc_stats all \" data-element-id=\"25247\" style=\"\"><i class=\"pvc-stats-icon medium\" aria-hidden=\"true\"><svg aria-hidden=\"true\" focusable=\"false\" data-prefix=\"far\" data-icon=\"chart-bar\" role=\"img\" xmlns=\"http:\/\/www.w3.org\/2000\/svg\" viewBox=\"0 0 512 512\" class=\"svg-inline--fa fa-chart-bar fa-w-16 fa-2x\"><path fill=\"currentColor\" d=\"M396.8 352h22.4c6.4 0 12.8-6.4 12.8-12.8V108.8c0-6.4-6.4-12.8-12.8-12.8h-22.4c-6.4 0-12.8 6.4-12.8 12.8v230.4c0 6.4 6.4 12.8 12.8 12.8zm-192 0h22.4c6.4 0 12.8-6.4 12.8-12.8V140.8c0-6.4-6.4-12.8-12.8-12.8h-22.4c-6.4 0-12.8 6.4-12.8 12.8v198.4c0 6.4 6.4 12.8 12.8 12.8zm96 0h22.4c6.4 0 12.8-6.4 12.8-12.8V204.8c0-6.4-6.4-12.8-12.8-12.8h-22.4c-6.4 0-12.8 6.4-12.8 12.8v134.4c0 6.4 6.4 12.8 12.8 12.8zM496 400H48V80c0-8.84-7.16-16-16-16H16C7.16 64 0 71.16 0 80v336c0 17.67 14.33 32 32 32h464c8.84 0 16-7.16 16-16v-16c0-8.84-7.16-16-16-16zm-387.2-48h22.4c6.4 0 12.8-6.4 12.8-12.8v-70.4c0-6.4-6.4-12.8-12.8-12.8h-22.4c-6.4 0-12.8 6.4-12.8 12.8v70.4c0 6.4 6.4 12.8 12.8 12.8z\" class=\"\"><\/path><\/svg><\/i> Vistas Totales&nbsp;1,658&nbsp;<\/p>\n<div class=\"pvc_clear\"><\/div>\n","protected":false},"author":2,"featured_media":25248,"comment_status":"closed","ping_status":"closed","sticky":false,"template":"","format":"standard","meta":{"footnotes":""},"categories":[19],"tags":[],"class_list":["post-25247","post","type-post","status-publish","format-standard","has-post-thumbnail","hentry","category-actualidad"],"yoast_head":"<!-- This site is optimized with the Yoast SEO plugin v25.2 - https:\/\/yoast.com\/wordpress\/plugins\/seo\/ -->\n<title>\u00bfCapitalizaci\u00f3n o reparto? El problema de la demograf\u00eda y el gasto en los sistemas de pensiones | CREES<\/title>\n<meta name=\"robots\" content=\"index, follow, max-snippet:-1, max-image-preview:large, max-video-preview:-1\" \/>\n<link rel=\"canonical\" href=\"https:\/\/crees.org.do\/?p=25247\" \/>\n<meta property=\"og:locale\" content=\"es_ES\" \/>\n<meta property=\"og:type\" content=\"article\" \/>\n<meta property=\"og:title\" content=\"\u00bfCapitalizaci\u00f3n o reparto? El problema de la demograf\u00eda y el gasto en los sistemas de pensiones | CREES\" \/>\n<meta property=\"og:description\" content=\"Autor: Rub\u00e9n Folguera Agra Fecha: 20 de julio del 2023 Extra\u00eddo de: Libre Mercado Holanda acaba de dar luz verde a un nuevo sistema de pensiones basado en la capitalizaci\u00f3n.\u00a0Como informaba\u00a0Diego S\u00e1nchez de la Cruz en Libre Mercado, comienza ahora un proceso de transici\u00f3n en el pa\u00eds que durar\u00e1 cinco a\u00f1os. De esta forma, los...\" \/>\n<meta property=\"og:url\" content=\"https:\/\/crees.org.do\/?p=25247\" \/>\n<meta property=\"og:site_name\" content=\"CREES\" \/>\n<meta property=\"article:publisher\" content=\"https:\/\/www.facebook.com\/CREESRD\/\" \/>\n<meta property=\"article:published_time\" content=\"2023-07-21T14:27:44+00:00\" \/>\n<meta property=\"og:image\" content=\"https:\/\/crees.org.do\/wp-content\/uploads\/2023\/07\/escriva-sordo-alvarez-15032023.jpg.webp\" \/>\n\t<meta property=\"og:image:width\" content=\"954\" \/>\n\t<meta property=\"og:image:height\" content=\"637\" \/>\n\t<meta property=\"og:image:type\" content=\"image\/webp\" \/>\n<meta name=\"author\" content=\"Crees\" \/>\n<meta name=\"twitter:card\" content=\"summary_large_image\" \/>\n<meta name=\"twitter:creator\" content=\"@CREESRD\" \/>\n<meta name=\"twitter:site\" content=\"@CREESRD\" \/>\n<meta name=\"twitter:label1\" content=\"Escrito por\" \/>\n\t<meta name=\"twitter:data1\" content=\"Crees\" \/>\n\t<meta name=\"twitter:label2\" content=\"Tiempo de lectura\" \/>\n\t<meta name=\"twitter:data2\" content=\"9 minutos\" \/>\n<script type=\"application\/ld+json\" class=\"yoast-schema-graph\">{\"@context\":\"https:\/\/schema.org\",\"@graph\":[{\"@type\":\"Article\",\"@id\":\"https:\/\/crees.org.do\/?p=25247#article\",\"isPartOf\":{\"@id\":\"https:\/\/crees.org.do\/?p=25247\"},\"author\":{\"name\":\"Crees\",\"@id\":\"https:\/\/crees.org.do\/#\/schema\/person\/e7f97cd94d7bf9cd0e0ce30acb7d56b8\"},\"headline\":\"\u00bfCapitalizaci\u00f3n o reparto? El problema de la demograf\u00eda y el gasto en los sistemas de pensiones\",\"datePublished\":\"2023-07-21T14:27:44+00:00\",\"mainEntityOfPage\":{\"@id\":\"https:\/\/crees.org.do\/?p=25247\"},\"wordCount\":1752,\"publisher\":{\"@id\":\"https:\/\/crees.org.do\/#organization\"},\"image\":{\"@id\":\"https:\/\/crees.org.do\/?p=25247#primaryimage\"},\"thumbnailUrl\":\"https:\/\/crees.org.do\/wp-content\/uploads\/2023\/07\/escriva-sordo-alvarez-15032023.jpg.webp\",\"articleSection\":[\"Actualidad\"],\"inLanguage\":\"es\"},{\"@type\":\"WebPage\",\"@id\":\"https:\/\/crees.org.do\/?p=25247\",\"url\":\"https:\/\/crees.org.do\/?p=25247\",\"name\":\"\u00bfCapitalizaci\u00f3n o reparto? El problema de la demograf\u00eda y el gasto en los sistemas de pensiones | CREES\",\"isPartOf\":{\"@id\":\"https:\/\/crees.org.do\/#website\"},\"primaryImageOfPage\":{\"@id\":\"https:\/\/crees.org.do\/?p=25247#primaryimage\"},\"image\":{\"@id\":\"https:\/\/crees.org.do\/?p=25247#primaryimage\"},\"thumbnailUrl\":\"https:\/\/crees.org.do\/wp-content\/uploads\/2023\/07\/escriva-sordo-alvarez-15032023.jpg.webp\",\"datePublished\":\"2023-07-21T14:27:44+00:00\",\"breadcrumb\":{\"@id\":\"https:\/\/crees.org.do\/?p=25247#breadcrumb\"},\"inLanguage\":\"es\",\"potentialAction\":[{\"@type\":\"ReadAction\",\"target\":[\"https:\/\/crees.org.do\/?p=25247\"]}]},{\"@type\":\"ImageObject\",\"inLanguage\":\"es\",\"@id\":\"https:\/\/crees.org.do\/?p=25247#primaryimage\",\"url\":\"https:\/\/crees.org.do\/wp-content\/uploads\/2023\/07\/escriva-sordo-alvarez-15032023.jpg.webp\",\"contentUrl\":\"https:\/\/crees.org.do\/wp-content\/uploads\/2023\/07\/escriva-sordo-alvarez-15032023.jpg.webp\",\"width\":954,\"height\":637},{\"@type\":\"BreadcrumbList\",\"@id\":\"https:\/\/crees.org.do\/?p=25247#breadcrumb\",\"itemListElement\":[{\"@type\":\"ListItem\",\"position\":1,\"name\":\"Portada\",\"item\":\"https:\/\/crees.org.do\/\"},{\"@type\":\"ListItem\",\"position\":2,\"name\":\"\u00bfCapitalizaci\u00f3n o reparto? El problema de la demograf\u00eda y el gasto en los sistemas de pensiones\"}]},{\"@type\":\"WebSite\",\"@id\":\"https:\/\/crees.org.do\/#website\",\"url\":\"https:\/\/crees.org.do\/\",\"name\":\"CREES\",\"description\":\"Centro Regional de Estrategias Econ\u00f3micas Sostenibles\",\"publisher\":{\"@id\":\"https:\/\/crees.org.do\/#organization\"},\"potentialAction\":[{\"@type\":\"SearchAction\",\"target\":{\"@type\":\"EntryPoint\",\"urlTemplate\":\"https:\/\/crees.org.do\/?s={search_term_string}\"},\"query-input\":{\"@type\":\"PropertyValueSpecification\",\"valueRequired\":true,\"valueName\":\"search_term_string\"}}],\"inLanguage\":\"es\"},{\"@type\":\"Organization\",\"@id\":\"https:\/\/crees.org.do\/#organization\",\"name\":\"CREES | Centro Regional de Estrategias Econ\u00f3micas Sostenibles\",\"url\":\"https:\/\/crees.org.do\/\",\"logo\":{\"@type\":\"ImageObject\",\"inLanguage\":\"es\",\"@id\":\"https:\/\/crees.org.do\/#\/schema\/logo\/image\/\",\"url\":\"https:\/\/crees.org.do\/wp-content\/uploads\/2022\/03\/crees-logo-1.jpg\",\"contentUrl\":\"https:\/\/crees.org.do\/wp-content\/uploads\/2022\/03\/crees-logo-1.jpg\",\"width\":244,\"height\":71,\"caption\":\"CREES | Centro Regional de Estrategias Econ\u00f3micas Sostenibles\"},\"image\":{\"@id\":\"https:\/\/crees.org.do\/#\/schema\/logo\/image\/\"},\"sameAs\":[\"https:\/\/www.facebook.com\/CREESRD\/\",\"https:\/\/x.com\/CREESRD\"]},{\"@type\":\"Person\",\"@id\":\"https:\/\/crees.org.do\/#\/schema\/person\/e7f97cd94d7bf9cd0e0ce30acb7d56b8\",\"name\":\"Crees\",\"image\":{\"@type\":\"ImageObject\",\"inLanguage\":\"es\",\"@id\":\"https:\/\/crees.org.do\/#\/schema\/person\/image\/\",\"url\":\"https:\/\/secure.gravatar.com\/avatar\/390ac8f0be5d9aa046152553e2dd7011b59a512d89c150f5e5f28bb8d9a0b165?s=96&d=mm&r=g\",\"contentUrl\":\"https:\/\/secure.gravatar.com\/avatar\/390ac8f0be5d9aa046152553e2dd7011b59a512d89c150f5e5f28bb8d9a0b165?s=96&d=mm&r=g\",\"caption\":\"Crees\"},\"url\":\"https:\/\/crees.org.do\/?author=2\"}]}<\/script>\n<!-- \/ Yoast SEO plugin. -->","yoast_head_json":{"title":"\u00bfCapitalizaci\u00f3n o reparto? El problema de la demograf\u00eda y el gasto en los sistemas de pensiones | CREES","robots":{"index":"index","follow":"follow","max-snippet":"max-snippet:-1","max-image-preview":"max-image-preview:large","max-video-preview":"max-video-preview:-1"},"canonical":"https:\/\/crees.org.do\/?p=25247","og_locale":"es_ES","og_type":"article","og_title":"\u00bfCapitalizaci\u00f3n o reparto? El problema de la demograf\u00eda y el gasto en los sistemas de pensiones | CREES","og_description":"Autor: Rub\u00e9n Folguera Agra Fecha: 20 de julio del 2023 Extra\u00eddo de: Libre Mercado Holanda acaba de dar luz verde a un nuevo sistema de pensiones basado en la capitalizaci\u00f3n.\u00a0Como informaba\u00a0Diego S\u00e1nchez de la Cruz en Libre Mercado, comienza ahora un proceso de transici\u00f3n en el pa\u00eds que durar\u00e1 cinco a\u00f1os. De esta forma, los...","og_url":"https:\/\/crees.org.do\/?p=25247","og_site_name":"CREES","article_publisher":"https:\/\/www.facebook.com\/CREESRD\/","article_published_time":"2023-07-21T14:27:44+00:00","og_image":[{"width":954,"height":637,"url":"https:\/\/crees.org.do\/wp-content\/uploads\/2023\/07\/escriva-sordo-alvarez-15032023.jpg.webp","type":"image\/webp"}],"author":"Crees","twitter_card":"summary_large_image","twitter_creator":"@CREESRD","twitter_site":"@CREESRD","twitter_misc":{"Escrito por":"Crees","Tiempo de lectura":"9 minutos"},"schema":{"@context":"https:\/\/schema.org","@graph":[{"@type":"Article","@id":"https:\/\/crees.org.do\/?p=25247#article","isPartOf":{"@id":"https:\/\/crees.org.do\/?p=25247"},"author":{"name":"Crees","@id":"https:\/\/crees.org.do\/#\/schema\/person\/e7f97cd94d7bf9cd0e0ce30acb7d56b8"},"headline":"\u00bfCapitalizaci\u00f3n o reparto? El problema de la demograf\u00eda y el gasto en los sistemas de pensiones","datePublished":"2023-07-21T14:27:44+00:00","mainEntityOfPage":{"@id":"https:\/\/crees.org.do\/?p=25247"},"wordCount":1752,"publisher":{"@id":"https:\/\/crees.org.do\/#organization"},"image":{"@id":"https:\/\/crees.org.do\/?p=25247#primaryimage"},"thumbnailUrl":"https:\/\/crees.org.do\/wp-content\/uploads\/2023\/07\/escriva-sordo-alvarez-15032023.jpg.webp","articleSection":["Actualidad"],"inLanguage":"es"},{"@type":"WebPage","@id":"https:\/\/crees.org.do\/?p=25247","url":"https:\/\/crees.org.do\/?p=25247","name":"\u00bfCapitalizaci\u00f3n o reparto? El problema de la demograf\u00eda y el gasto en los sistemas de pensiones | CREES","isPartOf":{"@id":"https:\/\/crees.org.do\/#website"},"primaryImageOfPage":{"@id":"https:\/\/crees.org.do\/?p=25247#primaryimage"},"image":{"@id":"https:\/\/crees.org.do\/?p=25247#primaryimage"},"thumbnailUrl":"https:\/\/crees.org.do\/wp-content\/uploads\/2023\/07\/escriva-sordo-alvarez-15032023.jpg.webp","datePublished":"2023-07-21T14:27:44+00:00","breadcrumb":{"@id":"https:\/\/crees.org.do\/?p=25247#breadcrumb"},"inLanguage":"es","potentialAction":[{"@type":"ReadAction","target":["https:\/\/crees.org.do\/?p=25247"]}]},{"@type":"ImageObject","inLanguage":"es","@id":"https:\/\/crees.org.do\/?p=25247#primaryimage","url":"https:\/\/crees.org.do\/wp-content\/uploads\/2023\/07\/escriva-sordo-alvarez-15032023.jpg.webp","contentUrl":"https:\/\/crees.org.do\/wp-content\/uploads\/2023\/07\/escriva-sordo-alvarez-15032023.jpg.webp","width":954,"height":637},{"@type":"BreadcrumbList","@id":"https:\/\/crees.org.do\/?p=25247#breadcrumb","itemListElement":[{"@type":"ListItem","position":1,"name":"Portada","item":"https:\/\/crees.org.do\/"},{"@type":"ListItem","position":2,"name":"\u00bfCapitalizaci\u00f3n o reparto? El problema de la demograf\u00eda y el gasto en los sistemas de pensiones"}]},{"@type":"WebSite","@id":"https:\/\/crees.org.do\/#website","url":"https:\/\/crees.org.do\/","name":"CREES","description":"Centro Regional de Estrategias Econ\u00f3micas Sostenibles","publisher":{"@id":"https:\/\/crees.org.do\/#organization"},"potentialAction":[{"@type":"SearchAction","target":{"@type":"EntryPoint","urlTemplate":"https:\/\/crees.org.do\/?s={search_term_string}"},"query-input":{"@type":"PropertyValueSpecification","valueRequired":true,"valueName":"search_term_string"}}],"inLanguage":"es"},{"@type":"Organization","@id":"https:\/\/crees.org.do\/#organization","name":"CREES | Centro Regional de Estrategias Econ\u00f3micas Sostenibles","url":"https:\/\/crees.org.do\/","logo":{"@type":"ImageObject","inLanguage":"es","@id":"https:\/\/crees.org.do\/#\/schema\/logo\/image\/","url":"https:\/\/crees.org.do\/wp-content\/uploads\/2022\/03\/crees-logo-1.jpg","contentUrl":"https:\/\/crees.org.do\/wp-content\/uploads\/2022\/03\/crees-logo-1.jpg","width":244,"height":71,"caption":"CREES | Centro Regional de Estrategias Econ\u00f3micas Sostenibles"},"image":{"@id":"https:\/\/crees.org.do\/#\/schema\/logo\/image\/"},"sameAs":["https:\/\/www.facebook.com\/CREESRD\/","https:\/\/x.com\/CREESRD"]},{"@type":"Person","@id":"https:\/\/crees.org.do\/#\/schema\/person\/e7f97cd94d7bf9cd0e0ce30acb7d56b8","name":"Crees","image":{"@type":"ImageObject","inLanguage":"es","@id":"https:\/\/crees.org.do\/#\/schema\/person\/image\/","url":"https:\/\/secure.gravatar.com\/avatar\/390ac8f0be5d9aa046152553e2dd7011b59a512d89c150f5e5f28bb8d9a0b165?s=96&d=mm&r=g","contentUrl":"https:\/\/secure.gravatar.com\/avatar\/390ac8f0be5d9aa046152553e2dd7011b59a512d89c150f5e5f28bb8d9a0b165?s=96&d=mm&r=g","caption":"Crees"},"url":"https:\/\/crees.org.do\/?author=2"}]}},"_links":{"self":[{"href":"https:\/\/crees.org.do\/index.php?rest_route=\/wp\/v2\/posts\/25247","targetHints":{"allow":["GET"]}}],"collection":[{"href":"https:\/\/crees.org.do\/index.php?rest_route=\/wp\/v2\/posts"}],"about":[{"href":"https:\/\/crees.org.do\/index.php?rest_route=\/wp\/v2\/types\/post"}],"author":[{"embeddable":true,"href":"https:\/\/crees.org.do\/index.php?rest_route=\/wp\/v2\/users\/2"}],"replies":[{"embeddable":true,"href":"https:\/\/crees.org.do\/index.php?rest_route=%2Fwp%2Fv2%2Fcomments&post=25247"}],"version-history":[{"count":1,"href":"https:\/\/crees.org.do\/index.php?rest_route=\/wp\/v2\/posts\/25247\/revisions"}],"predecessor-version":[{"id":25260,"href":"https:\/\/crees.org.do\/index.php?rest_route=\/wp\/v2\/posts\/25247\/revisions\/25260"}],"wp:featuredmedia":[{"embeddable":true,"href":"https:\/\/crees.org.do\/index.php?rest_route=\/wp\/v2\/media\/25248"}],"wp:attachment":[{"href":"https:\/\/crees.org.do\/index.php?rest_route=%2Fwp%2Fv2%2Fmedia&parent=25247"}],"wp:term":[{"taxonomy":"category","embeddable":true,"href":"https:\/\/crees.org.do\/index.php?rest_route=%2Fwp%2Fv2%2Fcategories&post=25247"},{"taxonomy":"post_tag","embeddable":true,"href":"https:\/\/crees.org.do\/index.php?rest_route=%2Fwp%2Fv2%2Ftags&post=25247"}],"curies":[{"name":"wp","href":"https:\/\/api.w.org\/{rel}","templated":true}]}}