{"id":25267,"date":"2023-07-25T18:14:53","date_gmt":"2023-07-25T18:14:53","guid":{"rendered":"https:\/\/crees.org.do\/?p=25267"},"modified":"2023-07-25T18:14:53","modified_gmt":"2023-07-25T18:14:53","slug":"evolucion-de-la-deuda-publica-consolidada-a-junio-de-2023","status":"publish","type":"post","link":"https:\/\/crees.org.do\/?p=25267","title":{"rendered":"Evoluci\u00f3n de la deuda p\u00fablica consolidada a junio de 2023"},"content":{"rendered":"<p><img fetchpriority=\"high\" decoding=\"async\" class=\"wp-image-25269 aligncenter\" src=\"https:\/\/crees.org.do\/wp-content\/uploads\/2023\/07\/1-Slide-1-copy-11.png\" alt=\"\" width=\"896\" height=\"896\" srcset=\"https:\/\/crees.org.do\/wp-content\/uploads\/2023\/07\/1-Slide-1-copy-11.png 3121w, https:\/\/crees.org.do\/wp-content\/uploads\/2023\/07\/1-Slide-1-copy-11-450x450.png 450w, https:\/\/crees.org.do\/wp-content\/uploads\/2023\/07\/1-Slide-1-copy-11-2000x2000.png 2000w, https:\/\/crees.org.do\/wp-content\/uploads\/2023\/07\/1-Slide-1-copy-11-150x150.png 150w, https:\/\/crees.org.do\/wp-content\/uploads\/2023\/07\/1-Slide-1-copy-11-768x768.png 768w, https:\/\/crees.org.do\/wp-content\/uploads\/2023\/07\/1-Slide-1-copy-11-1536x1536.png 1536w, https:\/\/crees.org.do\/wp-content\/uploads\/2023\/07\/1-Slide-1-copy-11-2048x2048.png 2048w, https:\/\/crees.org.do\/wp-content\/uploads\/2023\/07\/1-Slide-1-copy-11-300x300.png 300w, https:\/\/crees.org.do\/wp-content\/uploads\/2023\/07\/1-Slide-1-copy-11-600x600.png 600w, https:\/\/crees.org.do\/wp-content\/uploads\/2023\/07\/1-Slide-1-copy-11-100x100.png 100w\" sizes=\"(max-width: 896px) 100vw, 896px\" \/> <img decoding=\"async\" class=\"aligncenter wp-image-25270\" src=\"https:\/\/crees.org.do\/wp-content\/uploads\/2023\/07\/2-Slide-1-copy-12.png\" alt=\"\" width=\"896\" height=\"896\" srcset=\"https:\/\/crees.org.do\/wp-content\/uploads\/2023\/07\/2-Slide-1-copy-12.png 3121w, https:\/\/crees.org.do\/wp-content\/uploads\/2023\/07\/2-Slide-1-copy-12-450x450.png 450w, https:\/\/crees.org.do\/wp-content\/uploads\/2023\/07\/2-Slide-1-copy-12-2000x2000.png 2000w, https:\/\/crees.org.do\/wp-content\/uploads\/2023\/07\/2-Slide-1-copy-12-150x150.png 150w, https:\/\/crees.org.do\/wp-content\/uploads\/2023\/07\/2-Slide-1-copy-12-768x768.png 768w, https:\/\/crees.org.do\/wp-content\/uploads\/2023\/07\/2-Slide-1-copy-12-1536x1536.png 1536w, https:\/\/crees.org.do\/wp-content\/uploads\/2023\/07\/2-Slide-1-copy-12-2048x2048.png 2048w, https:\/\/crees.org.do\/wp-content\/uploads\/2023\/07\/2-Slide-1-copy-12-300x300.png 300w, https:\/\/crees.org.do\/wp-content\/uploads\/2023\/07\/2-Slide-1-copy-12-600x600.png 600w, https:\/\/crees.org.do\/wp-content\/uploads\/2023\/07\/2-Slide-1-copy-12-100x100.png 100w\" sizes=\"(max-width: 896px) 100vw, 896px\" \/><\/p>\n<h2>Evoluci\u00f3n de la deuda p\u00fablica consolidada a junio de 2023<\/h2>\n<p style=\"text-align: justify;\">La deuda del p\u00fablica consolidada (incluyendo deuda intergubernamental) a junio de 2023 ascendi\u00f3 a US$74,934.8 millones. La misma est\u00e1 compuesta por la deuda del sector p\u00fablico no financiero (SPNF) cuyo monto fue US$54,820.7 millones y la deuda del Banco Central de la Rep\u00fablica Dominicana (BCRD) cuyo monto represent\u00f3 US$19,114.1 millones.<\/p>\n<p style=\"text-align: justify;\">Al mes de junio de 2023 la deuda p\u00fablica consolidada se ubic\u00f3 en 60.4% del PIB; de los cuales un 44.8% correspond\u00edan a la deuda del SPNF y los restantes 15.6% a la deuda del BCRD.<\/p>\n<p style=\"text-align: justify;\">Al comparar la deuda p\u00fablica consolidada con el balance a diciembre de 2019, antes de que se incrementara el gasto p\u00fablico a partir de la pandemia de COVID-19, el saldo de la deuda se ha incrementado en US$26,074.3 millones, equivalente a 54.5%, a mayo de 2023.<\/p>\n<p style=\"text-align: justify;\">Entre diciembre de 2019 y junio de 2023 la deuda del SPNF registr\u00f3 un incremento neto de US$18,878.2 millones; equivalente a 52.5%.<\/p>\n<p style=\"text-align: justify;\">La deuda representa una carga importante para los contribuyentes, tanto por el pago de su costo como por el capital de la misma. Para este a\u00f1o, el monto del gasto en intereses del gobierno central como porcentaje de los ingresos tributarios est\u00e1 presupuestado en 26.3%.<\/p>\n<p style=\"text-align: justify;\">El importante peso que representa la deuda p\u00fablica amerita una reducci\u00f3n de la misma de forma sostenible. La mejor forma de lograr este objetivo es iniciando un proceso de consolidaci\u00f3n fiscal basado en: 1) el establecimiento de reglas fiscales que reduzcan el d\u00e9ficit y, en consecuencia, la deuda p\u00fablica (esto mediante una Ley de Responsabilidad Fiscal); y 2) una reforma tributaria que simplifique el c\u00f3digo tributario, elimine los impuestos m\u00e1s distorsionadores, reduzca las tasas de los existentes y ampl\u00ede sus bases. Acompa\u00f1ado de la implementaci\u00f3n de reformas estructurales que permitan incrementar la productividad promedio en la econom\u00eda y elevar los ingresos de los ciudadanos.<\/p>\n<div class=\"pvc_clear\"><\/div>\n<p class=\"pvc_stats all \" data-element-id=\"25267\" style=\"\"><i class=\"pvc-stats-icon medium\" aria-hidden=\"true\"><svg aria-hidden=\"true\" focusable=\"false\" data-prefix=\"far\" data-icon=\"chart-bar\" role=\"img\" xmlns=\"http:\/\/www.w3.org\/2000\/svg\" viewBox=\"0 0 512 512\" class=\"svg-inline--fa fa-chart-bar fa-w-16 fa-2x\"><path fill=\"currentColor\" d=\"M396.8 352h22.4c6.4 0 12.8-6.4 12.8-12.8V108.8c0-6.4-6.4-12.8-12.8-12.8h-22.4c-6.4 0-12.8 6.4-12.8 12.8v230.4c0 6.4 6.4 12.8 12.8 12.8zm-192 0h22.4c6.4 0 12.8-6.4 12.8-12.8V140.8c0-6.4-6.4-12.8-12.8-12.8h-22.4c-6.4 0-12.8 6.4-12.8 12.8v198.4c0 6.4 6.4 12.8 12.8 12.8zm96 0h22.4c6.4 0 12.8-6.4 12.8-12.8V204.8c0-6.4-6.4-12.8-12.8-12.8h-22.4c-6.4 0-12.8 6.4-12.8 12.8v134.4c0 6.4 6.4 12.8 12.8 12.8zM496 400H48V80c0-8.84-7.16-16-16-16H16C7.16 64 0 71.16 0 80v336c0 17.67 14.33 32 32 32h464c8.84 0 16-7.16 16-16v-16c0-8.84-7.16-16-16-16zm-387.2-48h22.4c6.4 0 12.8-6.4 12.8-12.8v-70.4c0-6.4-6.4-12.8-12.8-12.8h-22.4c-6.4 0-12.8 6.4-12.8 12.8v70.4c0 6.4 6.4 12.8 12.8 12.8z\" class=\"\"><\/path><\/svg><\/i> Vistas Totales&nbsp;1,521&nbsp;, Vistas Hoy&nbsp;2&nbsp;<\/p>\n<div class=\"pvc_clear\"><\/div>\n","protected":false},"excerpt":{"rendered":"<p>Evoluci\u00f3n de la deuda p\u00fablica consolidada a junio de 2023 La deuda del p\u00fablica consolidada (incluyendo deuda intergubernamental) a junio de 2023 ascendi\u00f3 a US$74,934.8 millones. La misma est\u00e1 compuesta por la deuda del sector p\u00fablico no financiero (SPNF) cuyo monto fue US$54,820.7 millones y la deuda del Banco Central de la Rep\u00fablica Dominicana (BCRD)&#8230;<\/p>\n<div class=\"pvc_clear\"><\/div>\n<p class=\"pvc_stats all \" data-element-id=\"25267\" style=\"\"><i class=\"pvc-stats-icon medium\" aria-hidden=\"true\"><svg aria-hidden=\"true\" focusable=\"false\" data-prefix=\"far\" data-icon=\"chart-bar\" role=\"img\" xmlns=\"http:\/\/www.w3.org\/2000\/svg\" viewBox=\"0 0 512 512\" class=\"svg-inline--fa fa-chart-bar fa-w-16 fa-2x\"><path fill=\"currentColor\" d=\"M396.8 352h22.4c6.4 0 12.8-6.4 12.8-12.8V108.8c0-6.4-6.4-12.8-12.8-12.8h-22.4c-6.4 0-12.8 6.4-12.8 12.8v230.4c0 6.4 6.4 12.8 12.8 12.8zm-192 0h22.4c6.4 0 12.8-6.4 12.8-12.8V140.8c0-6.4-6.4-12.8-12.8-12.8h-22.4c-6.4 0-12.8 6.4-12.8 12.8v198.4c0 6.4 6.4 12.8 12.8 12.8zm96 0h22.4c6.4 0 12.8-6.4 12.8-12.8V204.8c0-6.4-6.4-12.8-12.8-12.8h-22.4c-6.4 0-12.8 6.4-12.8 12.8v134.4c0 6.4 6.4 12.8 12.8 12.8zM496 400H48V80c0-8.84-7.16-16-16-16H16C7.16 64 0 71.16 0 80v336c0 17.67 14.33 32 32 32h464c8.84 0 16-7.16 16-16v-16c0-8.84-7.16-16-16-16zm-387.2-48h22.4c6.4 0 12.8-6.4 12.8-12.8v-70.4c0-6.4-6.4-12.8-12.8-12.8h-22.4c-6.4 0-12.8 6.4-12.8 12.8v70.4c0 6.4 6.4 12.8 12.8 12.8z\" class=\"\"><\/path><\/svg><\/i> Vistas Totales&nbsp;1,521&nbsp;, Vistas Hoy&nbsp;2&nbsp;<\/p>\n<div class=\"pvc_clear\"><\/div>\n","protected":false},"author":2,"featured_media":25269,"comment_status":"closed","ping_status":"closed","sticky":false,"template":"","format":"standard","meta":{"footnotes":""},"categories":[21],"tags":[],"class_list":["post-25267","post","type-post","status-publish","format-standard","has-post-thumbnail","hentry","category-blog"],"yoast_head":"<!-- This site is optimized with the Yoast SEO plugin v25.2 - https:\/\/yoast.com\/wordpress\/plugins\/seo\/ -->\n<title>Evoluci\u00f3n de la deuda p\u00fablica consolidada a junio de 2023 | CREES<\/title>\n<meta name=\"robots\" content=\"index, follow, max-snippet:-1, max-image-preview:large, max-video-preview:-1\" \/>\n<link rel=\"canonical\" href=\"https:\/\/crees.org.do\/?p=25267\" \/>\n<meta property=\"og:locale\" content=\"es_ES\" \/>\n<meta property=\"og:type\" content=\"article\" \/>\n<meta property=\"og:title\" content=\"Evoluci\u00f3n de la deuda p\u00fablica consolidada a junio de 2023 | CREES\" \/>\n<meta property=\"og:description\" content=\"Evoluci\u00f3n de la deuda p\u00fablica consolidada a junio de 2023 La deuda del p\u00fablica consolidada (incluyendo deuda intergubernamental) a junio de 2023 ascendi\u00f3 a US$74,934.8 millones. La misma est\u00e1 compuesta por la deuda del sector p\u00fablico no financiero (SPNF) cuyo monto fue US$54,820.7 millones y la deuda del Banco Central de la Rep\u00fablica Dominicana (BCRD)...\" \/>\n<meta property=\"og:url\" content=\"https:\/\/crees.org.do\/?p=25267\" \/>\n<meta property=\"og:site_name\" content=\"CREES\" \/>\n<meta property=\"article:publisher\" content=\"https:\/\/www.facebook.com\/CREESRD\/\" \/>\n<meta property=\"article:published_time\" content=\"2023-07-25T18:14:53+00:00\" \/>\n<meta property=\"og:image\" content=\"https:\/\/crees.org.do\/wp-content\/uploads\/2023\/07\/1-Slide-1-copy-11.png\" \/>\n\t<meta property=\"og:image:width\" content=\"3121\" \/>\n\t<meta property=\"og:image:height\" content=\"3121\" \/>\n\t<meta property=\"og:image:type\" content=\"image\/png\" \/>\n<meta name=\"author\" content=\"Crees\" \/>\n<meta name=\"twitter:card\" content=\"summary_large_image\" \/>\n<meta name=\"twitter:creator\" content=\"@CREESRD\" \/>\n<meta name=\"twitter:site\" content=\"@CREESRD\" \/>\n<meta name=\"twitter:label1\" content=\"Escrito por\" \/>\n\t<meta name=\"twitter:data1\" content=\"Crees\" \/>\n\t<meta name=\"twitter:label2\" content=\"Tiempo de lectura\" \/>\n\t<meta name=\"twitter:data2\" content=\"2 minutos\" \/>\n<script type=\"application\/ld+json\" class=\"yoast-schema-graph\">{\"@context\":\"https:\/\/schema.org\",\"@graph\":[{\"@type\":\"Article\",\"@id\":\"https:\/\/crees.org.do\/?p=25267#article\",\"isPartOf\":{\"@id\":\"https:\/\/crees.org.do\/?p=25267\"},\"author\":{\"name\":\"Crees\",\"@id\":\"https:\/\/crees.org.do\/#\/schema\/person\/e7f97cd94d7bf9cd0e0ce30acb7d56b8\"},\"headline\":\"Evoluci\u00f3n de la deuda p\u00fablica consolidada a junio de 2023\",\"datePublished\":\"2023-07-25T18:14:53+00:00\",\"mainEntityOfPage\":{\"@id\":\"https:\/\/crees.org.do\/?p=25267\"},\"wordCount\":330,\"publisher\":{\"@id\":\"https:\/\/crees.org.do\/#organization\"},\"image\":{\"@id\":\"https:\/\/crees.org.do\/?p=25267#primaryimage\"},\"thumbnailUrl\":\"https:\/\/crees.org.do\/wp-content\/uploads\/2023\/07\/1-Slide-1-copy-11.png\",\"articleSection\":[\"Blog\"],\"inLanguage\":\"es\"},{\"@type\":\"WebPage\",\"@id\":\"https:\/\/crees.org.do\/?p=25267\",\"url\":\"https:\/\/crees.org.do\/?p=25267\",\"name\":\"Evoluci\u00f3n de la deuda p\u00fablica consolidada a junio de 2023 | CREES\",\"isPartOf\":{\"@id\":\"https:\/\/crees.org.do\/#website\"},\"primaryImageOfPage\":{\"@id\":\"https:\/\/crees.org.do\/?p=25267#primaryimage\"},\"image\":{\"@id\":\"https:\/\/crees.org.do\/?p=25267#primaryimage\"},\"thumbnailUrl\":\"https:\/\/crees.org.do\/wp-content\/uploads\/2023\/07\/1-Slide-1-copy-11.png\",\"datePublished\":\"2023-07-25T18:14:53+00:00\",\"breadcrumb\":{\"@id\":\"https:\/\/crees.org.do\/?p=25267#breadcrumb\"},\"inLanguage\":\"es\",\"potentialAction\":[{\"@type\":\"ReadAction\",\"target\":[\"https:\/\/crees.org.do\/?p=25267\"]}]},{\"@type\":\"ImageObject\",\"inLanguage\":\"es\",\"@id\":\"https:\/\/crees.org.do\/?p=25267#primaryimage\",\"url\":\"https:\/\/crees.org.do\/wp-content\/uploads\/2023\/07\/1-Slide-1-copy-11.png\",\"contentUrl\":\"https:\/\/crees.org.do\/wp-content\/uploads\/2023\/07\/1-Slide-1-copy-11.png\",\"width\":3121,\"height\":3121},{\"@type\":\"BreadcrumbList\",\"@id\":\"https:\/\/crees.org.do\/?p=25267#breadcrumb\",\"itemListElement\":[{\"@type\":\"ListItem\",\"position\":1,\"name\":\"Portada\",\"item\":\"https:\/\/crees.org.do\/\"},{\"@type\":\"ListItem\",\"position\":2,\"name\":\"Evoluci\u00f3n de la deuda p\u00fablica consolidada a junio de 2023\"}]},{\"@type\":\"WebSite\",\"@id\":\"https:\/\/crees.org.do\/#website\",\"url\":\"https:\/\/crees.org.do\/\",\"name\":\"CREES\",\"description\":\"Centro Regional de Estrategias Econ\u00f3micas Sostenibles\",\"publisher\":{\"@id\":\"https:\/\/crees.org.do\/#organization\"},\"potentialAction\":[{\"@type\":\"SearchAction\",\"target\":{\"@type\":\"EntryPoint\",\"urlTemplate\":\"https:\/\/crees.org.do\/?s={search_term_string}\"},\"query-input\":{\"@type\":\"PropertyValueSpecification\",\"valueRequired\":true,\"valueName\":\"search_term_string\"}}],\"inLanguage\":\"es\"},{\"@type\":\"Organization\",\"@id\":\"https:\/\/crees.org.do\/#organization\",\"name\":\"CREES | Centro Regional de Estrategias Econ\u00f3micas Sostenibles\",\"url\":\"https:\/\/crees.org.do\/\",\"logo\":{\"@type\":\"ImageObject\",\"inLanguage\":\"es\",\"@id\":\"https:\/\/crees.org.do\/#\/schema\/logo\/image\/\",\"url\":\"https:\/\/crees.org.do\/wp-content\/uploads\/2022\/03\/crees-logo-1.jpg\",\"contentUrl\":\"https:\/\/crees.org.do\/wp-content\/uploads\/2022\/03\/crees-logo-1.jpg\",\"width\":244,\"height\":71,\"caption\":\"CREES | Centro Regional de Estrategias Econ\u00f3micas Sostenibles\"},\"image\":{\"@id\":\"https:\/\/crees.org.do\/#\/schema\/logo\/image\/\"},\"sameAs\":[\"https:\/\/www.facebook.com\/CREESRD\/\",\"https:\/\/x.com\/CREESRD\"]},{\"@type\":\"Person\",\"@id\":\"https:\/\/crees.org.do\/#\/schema\/person\/e7f97cd94d7bf9cd0e0ce30acb7d56b8\",\"name\":\"Crees\",\"image\":{\"@type\":\"ImageObject\",\"inLanguage\":\"es\",\"@id\":\"https:\/\/crees.org.do\/#\/schema\/person\/image\/\",\"url\":\"https:\/\/secure.gravatar.com\/avatar\/390ac8f0be5d9aa046152553e2dd7011b59a512d89c150f5e5f28bb8d9a0b165?s=96&d=mm&r=g\",\"contentUrl\":\"https:\/\/secure.gravatar.com\/avatar\/390ac8f0be5d9aa046152553e2dd7011b59a512d89c150f5e5f28bb8d9a0b165?s=96&d=mm&r=g\",\"caption\":\"Crees\"},\"url\":\"https:\/\/crees.org.do\/?author=2\"}]}<\/script>\n<!-- \/ Yoast SEO plugin. -->","yoast_head_json":{"title":"Evoluci\u00f3n de la deuda p\u00fablica consolidada a junio de 2023 | CREES","robots":{"index":"index","follow":"follow","max-snippet":"max-snippet:-1","max-image-preview":"max-image-preview:large","max-video-preview":"max-video-preview:-1"},"canonical":"https:\/\/crees.org.do\/?p=25267","og_locale":"es_ES","og_type":"article","og_title":"Evoluci\u00f3n de la deuda p\u00fablica consolidada a junio de 2023 | CREES","og_description":"Evoluci\u00f3n de la deuda p\u00fablica consolidada a junio de 2023 La deuda del p\u00fablica consolidada (incluyendo deuda intergubernamental) a junio de 2023 ascendi\u00f3 a US$74,934.8 millones. La misma est\u00e1 compuesta por la deuda del sector p\u00fablico no financiero (SPNF) cuyo monto fue US$54,820.7 millones y la deuda del Banco Central de la Rep\u00fablica Dominicana (BCRD)...","og_url":"https:\/\/crees.org.do\/?p=25267","og_site_name":"CREES","article_publisher":"https:\/\/www.facebook.com\/CREESRD\/","article_published_time":"2023-07-25T18:14:53+00:00","og_image":[{"width":3121,"height":3121,"url":"https:\/\/crees.org.do\/wp-content\/uploads\/2023\/07\/1-Slide-1-copy-11.png","type":"image\/png"}],"author":"Crees","twitter_card":"summary_large_image","twitter_creator":"@CREESRD","twitter_site":"@CREESRD","twitter_misc":{"Escrito por":"Crees","Tiempo de lectura":"2 minutos"},"schema":{"@context":"https:\/\/schema.org","@graph":[{"@type":"Article","@id":"https:\/\/crees.org.do\/?p=25267#article","isPartOf":{"@id":"https:\/\/crees.org.do\/?p=25267"},"author":{"name":"Crees","@id":"https:\/\/crees.org.do\/#\/schema\/person\/e7f97cd94d7bf9cd0e0ce30acb7d56b8"},"headline":"Evoluci\u00f3n de la deuda p\u00fablica consolidada a junio de 2023","datePublished":"2023-07-25T18:14:53+00:00","mainEntityOfPage":{"@id":"https:\/\/crees.org.do\/?p=25267"},"wordCount":330,"publisher":{"@id":"https:\/\/crees.org.do\/#organization"},"image":{"@id":"https:\/\/crees.org.do\/?p=25267#primaryimage"},"thumbnailUrl":"https:\/\/crees.org.do\/wp-content\/uploads\/2023\/07\/1-Slide-1-copy-11.png","articleSection":["Blog"],"inLanguage":"es"},{"@type":"WebPage","@id":"https:\/\/crees.org.do\/?p=25267","url":"https:\/\/crees.org.do\/?p=25267","name":"Evoluci\u00f3n de la deuda p\u00fablica consolidada a junio de 2023 | CREES","isPartOf":{"@id":"https:\/\/crees.org.do\/#website"},"primaryImageOfPage":{"@id":"https:\/\/crees.org.do\/?p=25267#primaryimage"},"image":{"@id":"https:\/\/crees.org.do\/?p=25267#primaryimage"},"thumbnailUrl":"https:\/\/crees.org.do\/wp-content\/uploads\/2023\/07\/1-Slide-1-copy-11.png","datePublished":"2023-07-25T18:14:53+00:00","breadcrumb":{"@id":"https:\/\/crees.org.do\/?p=25267#breadcrumb"},"inLanguage":"es","potentialAction":[{"@type":"ReadAction","target":["https:\/\/crees.org.do\/?p=25267"]}]},{"@type":"ImageObject","inLanguage":"es","@id":"https:\/\/crees.org.do\/?p=25267#primaryimage","url":"https:\/\/crees.org.do\/wp-content\/uploads\/2023\/07\/1-Slide-1-copy-11.png","contentUrl":"https:\/\/crees.org.do\/wp-content\/uploads\/2023\/07\/1-Slide-1-copy-11.png","width":3121,"height":3121},{"@type":"BreadcrumbList","@id":"https:\/\/crees.org.do\/?p=25267#breadcrumb","itemListElement":[{"@type":"ListItem","position":1,"name":"Portada","item":"https:\/\/crees.org.do\/"},{"@type":"ListItem","position":2,"name":"Evoluci\u00f3n de la deuda p\u00fablica consolidada a junio de 2023"}]},{"@type":"WebSite","@id":"https:\/\/crees.org.do\/#website","url":"https:\/\/crees.org.do\/","name":"CREES","description":"Centro Regional de Estrategias Econ\u00f3micas Sostenibles","publisher":{"@id":"https:\/\/crees.org.do\/#organization"},"potentialAction":[{"@type":"SearchAction","target":{"@type":"EntryPoint","urlTemplate":"https:\/\/crees.org.do\/?s={search_term_string}"},"query-input":{"@type":"PropertyValueSpecification","valueRequired":true,"valueName":"search_term_string"}}],"inLanguage":"es"},{"@type":"Organization","@id":"https:\/\/crees.org.do\/#organization","name":"CREES | Centro Regional de Estrategias Econ\u00f3micas Sostenibles","url":"https:\/\/crees.org.do\/","logo":{"@type":"ImageObject","inLanguage":"es","@id":"https:\/\/crees.org.do\/#\/schema\/logo\/image\/","url":"https:\/\/crees.org.do\/wp-content\/uploads\/2022\/03\/crees-logo-1.jpg","contentUrl":"https:\/\/crees.org.do\/wp-content\/uploads\/2022\/03\/crees-logo-1.jpg","width":244,"height":71,"caption":"CREES | Centro Regional de Estrategias Econ\u00f3micas Sostenibles"},"image":{"@id":"https:\/\/crees.org.do\/#\/schema\/logo\/image\/"},"sameAs":["https:\/\/www.facebook.com\/CREESRD\/","https:\/\/x.com\/CREESRD"]},{"@type":"Person","@id":"https:\/\/crees.org.do\/#\/schema\/person\/e7f97cd94d7bf9cd0e0ce30acb7d56b8","name":"Crees","image":{"@type":"ImageObject","inLanguage":"es","@id":"https:\/\/crees.org.do\/#\/schema\/person\/image\/","url":"https:\/\/secure.gravatar.com\/avatar\/390ac8f0be5d9aa046152553e2dd7011b59a512d89c150f5e5f28bb8d9a0b165?s=96&d=mm&r=g","contentUrl":"https:\/\/secure.gravatar.com\/avatar\/390ac8f0be5d9aa046152553e2dd7011b59a512d89c150f5e5f28bb8d9a0b165?s=96&d=mm&r=g","caption":"Crees"},"url":"https:\/\/crees.org.do\/?author=2"}]}},"_links":{"self":[{"href":"https:\/\/crees.org.do\/index.php?rest_route=\/wp\/v2\/posts\/25267","targetHints":{"allow":["GET"]}}],"collection":[{"href":"https:\/\/crees.org.do\/index.php?rest_route=\/wp\/v2\/posts"}],"about":[{"href":"https:\/\/crees.org.do\/index.php?rest_route=\/wp\/v2\/types\/post"}],"author":[{"embeddable":true,"href":"https:\/\/crees.org.do\/index.php?rest_route=\/wp\/v2\/users\/2"}],"replies":[{"embeddable":true,"href":"https:\/\/crees.org.do\/index.php?rest_route=%2Fwp%2Fv2%2Fcomments&post=25267"}],"version-history":[{"count":1,"href":"https:\/\/crees.org.do\/index.php?rest_route=\/wp\/v2\/posts\/25267\/revisions"}],"predecessor-version":[{"id":25271,"href":"https:\/\/crees.org.do\/index.php?rest_route=\/wp\/v2\/posts\/25267\/revisions\/25271"}],"wp:featuredmedia":[{"embeddable":true,"href":"https:\/\/crees.org.do\/index.php?rest_route=\/wp\/v2\/media\/25269"}],"wp:attachment":[{"href":"https:\/\/crees.org.do\/index.php?rest_route=%2Fwp%2Fv2%2Fmedia&parent=25267"}],"wp:term":[{"taxonomy":"category","embeddable":true,"href":"https:\/\/crees.org.do\/index.php?rest_route=%2Fwp%2Fv2%2Fcategories&post=25267"},{"taxonomy":"post_tag","embeddable":true,"href":"https:\/\/crees.org.do\/index.php?rest_route=%2Fwp%2Fv2%2Ftags&post=25267"}],"curies":[{"name":"wp","href":"https:\/\/api.w.org\/{rel}","templated":true}]}}