{"id":25297,"date":"2023-08-03T19:04:14","date_gmt":"2023-08-03T19:04:14","guid":{"rendered":"https:\/\/crees.org.do\/?p=25297"},"modified":"2023-08-03T19:04:14","modified_gmt":"2023-08-03T19:04:14","slug":"realmente-es-baja-la-presion-tributaria-en-republica-dominicana","status":"publish","type":"post","link":"https:\/\/crees.org.do\/?p=25297","title":{"rendered":"\u00bfRealmente es baja la presi\u00f3n tributaria en Rep\u00fablica Dominicana?"},"content":{"rendered":"<p><img fetchpriority=\"high\" decoding=\"async\" class=\"aligncenter wp-image-25298\" src=\"https:\/\/crees.org.do\/wp-content\/uploads\/2023\/08\/Slide-1-4.png\" alt=\"\" width=\"896\" height=\"896\" srcset=\"https:\/\/crees.org.do\/wp-content\/uploads\/2023\/08\/Slide-1-4.png 1200w, https:\/\/crees.org.do\/wp-content\/uploads\/2023\/08\/Slide-1-4-450x450.png 450w, https:\/\/crees.org.do\/wp-content\/uploads\/2023\/08\/Slide-1-4-2000x2000.png 2000w, https:\/\/crees.org.do\/wp-content\/uploads\/2023\/08\/Slide-1-4-150x150.png 150w, https:\/\/crees.org.do\/wp-content\/uploads\/2023\/08\/Slide-1-4-768x768.png 768w, https:\/\/crees.org.do\/wp-content\/uploads\/2023\/08\/Slide-1-4-1536x1536.png 1536w, https:\/\/crees.org.do\/wp-content\/uploads\/2023\/08\/Slide-1-4-2048x2048.png 2048w, https:\/\/crees.org.do\/wp-content\/uploads\/2023\/08\/Slide-1-4-300x300.png 300w, https:\/\/crees.org.do\/wp-content\/uploads\/2023\/08\/Slide-1-4-600x600.png 600w, https:\/\/crees.org.do\/wp-content\/uploads\/2023\/08\/Slide-1-4-100x100.png 100w\" sizes=\"(max-width: 896px) 100vw, 896px\" \/><\/p>\n<h3>\u00bfRealmente es baja la presi\u00f3n tributaria en Rep\u00fablica Dominicana?<\/h3>\n<p style=\"text-align: justify;\">Cuando se argumenta que la presi\u00f3n tributaria de la Rep\u00fablica Dominicana es baja y se realizan comparaciones internacionales, se debe formular la pregunta: \u00bfc\u00f3mo se efect\u00faa la comparaci\u00f3n?<\/p>\n<p style=\"text-align: justify;\">Si las comparaciones se llevan a cabo contrastando ingresos por impuestos con ingresos que no provienen de tributos, siempre ser\u00e1n dis\u00edmiles desde el punto de vista metodol\u00f3gico<\/p>\n<p style=\"text-align: justify;\">Tomemos econom\u00edas similares. Veamos el caso de los pa\u00edses de Am\u00e9rica Central y de Rep\u00fablica Dominicana.<\/p>\n<p style=\"text-align: justify;\">El promedio de la presi\u00f3n tributaria de los pa\u00edses de Centroam\u00e9rica es de 19.5% y la de nuestro pa\u00eds es 14.5%, seg\u00fan los datos de la publicaci\u00f3n Estad\u00edsticas tributarias en Am\u00e9rica Latina y el Caribe 1990-2023, de la OCDE. La diferencia entre las presiones tributarias se debe a que en la mayor\u00eda de esos pa\u00edses, como sucede en el resto de Am\u00e9rica Latina, se emplean los ingresos de la seguridad social para los c\u00e1lculos<\/p>\n<p style=\"text-align: justify;\">Cuando se deja fuera los aportes a la seguridad social la presi\u00f3n tributaria ajustada promedio disminuye a 14.9% y se acerca a la que prevalece en Rep\u00fablica Dominicana. Seg\u00fan datos de la OCDE la presi\u00f3n fiscal en Rep\u00fablica Dominicana represent\u00f3 14.5%, y luego de ajustar esta cifra extrayendo los aportes a la seguridad social disminuye en 0.1 puntos porcentuales, quedando en 14.4%. Esto se debe a que en el pa\u00eds trabajadores y empleadores aportan a las cuentas de capitalizaci\u00f3n individual de los primeros. Esos fondos son exclusivos de los trabajadores y no se pueden destinar para ser destinados a otros fines, como en los pa\u00edses de Am\u00e9rica Central.<\/p>\n<p style=\"text-align: justify;\">Este ejercicio permite comparar impuestos con impuestos. La presi\u00f3n tributaria, por definici\u00f3n, debe reflejar \u00fanicamente el peso que tiene la recaudaci\u00f3n por conceptos de impuestos sobre la econom\u00eda. De igual forma es importante realizar comparaciones realistas entre pa\u00edses, aislando los factores que puedan alterar los resultados.<\/p>\n<div class=\"pvc_clear\"><\/div>\n<p class=\"pvc_stats all \" data-element-id=\"25297\" style=\"\"><i class=\"pvc-stats-icon medium\" aria-hidden=\"true\"><svg aria-hidden=\"true\" focusable=\"false\" data-prefix=\"far\" data-icon=\"chart-bar\" role=\"img\" xmlns=\"http:\/\/www.w3.org\/2000\/svg\" viewBox=\"0 0 512 512\" class=\"svg-inline--fa fa-chart-bar fa-w-16 fa-2x\"><path fill=\"currentColor\" d=\"M396.8 352h22.4c6.4 0 12.8-6.4 12.8-12.8V108.8c0-6.4-6.4-12.8-12.8-12.8h-22.4c-6.4 0-12.8 6.4-12.8 12.8v230.4c0 6.4 6.4 12.8 12.8 12.8zm-192 0h22.4c6.4 0 12.8-6.4 12.8-12.8V140.8c0-6.4-6.4-12.8-12.8-12.8h-22.4c-6.4 0-12.8 6.4-12.8 12.8v198.4c0 6.4 6.4 12.8 12.8 12.8zm96 0h22.4c6.4 0 12.8-6.4 12.8-12.8V204.8c0-6.4-6.4-12.8-12.8-12.8h-22.4c-6.4 0-12.8 6.4-12.8 12.8v134.4c0 6.4 6.4 12.8 12.8 12.8zM496 400H48V80c0-8.84-7.16-16-16-16H16C7.16 64 0 71.16 0 80v336c0 17.67 14.33 32 32 32h464c8.84 0 16-7.16 16-16v-16c0-8.84-7.16-16-16-16zm-387.2-48h22.4c6.4 0 12.8-6.4 12.8-12.8v-70.4c0-6.4-6.4-12.8-12.8-12.8h-22.4c-6.4 0-12.8 6.4-12.8 12.8v70.4c0 6.4 6.4 12.8 12.8 12.8z\" class=\"\"><\/path><\/svg><\/i> Vistas Totales&nbsp;1,909&nbsp;, Vistas Hoy&nbsp;2&nbsp;<\/p>\n<div class=\"pvc_clear\"><\/div>\n","protected":false},"excerpt":{"rendered":"<p>\u00bfRealmente es baja la presi\u00f3n tributaria en Rep\u00fablica Dominicana? Cuando se argumenta que la presi\u00f3n tributaria de la Rep\u00fablica Dominicana es baja y se realizan comparaciones internacionales, se debe formular la pregunta: \u00bfc\u00f3mo se efect\u00faa la comparaci\u00f3n? Si las comparaciones se llevan a cabo contrastando ingresos por impuestos con ingresos que no provienen de tributos,&#8230;<\/p>\n<div class=\"pvc_clear\"><\/div>\n<p class=\"pvc_stats all \" data-element-id=\"25297\" style=\"\"><i class=\"pvc-stats-icon medium\" aria-hidden=\"true\"><svg aria-hidden=\"true\" focusable=\"false\" data-prefix=\"far\" data-icon=\"chart-bar\" role=\"img\" xmlns=\"http:\/\/www.w3.org\/2000\/svg\" viewBox=\"0 0 512 512\" class=\"svg-inline--fa fa-chart-bar fa-w-16 fa-2x\"><path fill=\"currentColor\" d=\"M396.8 352h22.4c6.4 0 12.8-6.4 12.8-12.8V108.8c0-6.4-6.4-12.8-12.8-12.8h-22.4c-6.4 0-12.8 6.4-12.8 12.8v230.4c0 6.4 6.4 12.8 12.8 12.8zm-192 0h22.4c6.4 0 12.8-6.4 12.8-12.8V140.8c0-6.4-6.4-12.8-12.8-12.8h-22.4c-6.4 0-12.8 6.4-12.8 12.8v198.4c0 6.4 6.4 12.8 12.8 12.8zm96 0h22.4c6.4 0 12.8-6.4 12.8-12.8V204.8c0-6.4-6.4-12.8-12.8-12.8h-22.4c-6.4 0-12.8 6.4-12.8 12.8v134.4c0 6.4 6.4 12.8 12.8 12.8zM496 400H48V80c0-8.84-7.16-16-16-16H16C7.16 64 0 71.16 0 80v336c0 17.67 14.33 32 32 32h464c8.84 0 16-7.16 16-16v-16c0-8.84-7.16-16-16-16zm-387.2-48h22.4c6.4 0 12.8-6.4 12.8-12.8v-70.4c0-6.4-6.4-12.8-12.8-12.8h-22.4c-6.4 0-12.8 6.4-12.8 12.8v70.4c0 6.4 6.4 12.8 12.8 12.8z\" class=\"\"><\/path><\/svg><\/i> Vistas Totales&nbsp;1,909&nbsp;, Vistas Hoy&nbsp;2&nbsp;<\/p>\n<div class=\"pvc_clear\"><\/div>\n","protected":false},"author":2,"featured_media":25298,"comment_status":"closed","ping_status":"closed","sticky":false,"template":"","format":"standard","meta":{"footnotes":""},"categories":[21],"tags":[167],"class_list":["post-25297","post","type-post","status-publish","format-standard","has-post-thumbnail","hentry","category-blog","tag-realmente-es-baja-la-presion-tributaria-en-republica-dominicana"],"yoast_head":"<!-- This site is optimized with the Yoast SEO plugin v25.2 - https:\/\/yoast.com\/wordpress\/plugins\/seo\/ -->\n<title>\u00bfRealmente es baja la presi\u00f3n tributaria en Rep\u00fablica Dominicana? | CREES<\/title>\n<meta name=\"robots\" content=\"index, follow, max-snippet:-1, max-image-preview:large, max-video-preview:-1\" \/>\n<link rel=\"canonical\" href=\"https:\/\/crees.org.do\/?p=25297\" \/>\n<meta property=\"og:locale\" content=\"es_ES\" \/>\n<meta property=\"og:type\" content=\"article\" \/>\n<meta property=\"og:title\" content=\"\u00bfRealmente es baja la presi\u00f3n tributaria en Rep\u00fablica Dominicana? | CREES\" \/>\n<meta property=\"og:description\" content=\"\u00bfRealmente es baja la presi\u00f3n tributaria en Rep\u00fablica Dominicana? Cuando se argumenta que la presi\u00f3n tributaria de la Rep\u00fablica Dominicana es baja y se realizan comparaciones internacionales, se debe formular la pregunta: \u00bfc\u00f3mo se efect\u00faa la comparaci\u00f3n? Si las comparaciones se llevan a cabo contrastando ingresos por impuestos con ingresos que no provienen de tributos,...\" \/>\n<meta property=\"og:url\" content=\"https:\/\/crees.org.do\/?p=25297\" \/>\n<meta property=\"og:site_name\" content=\"CREES\" \/>\n<meta property=\"article:publisher\" content=\"https:\/\/www.facebook.com\/CREESRD\/\" \/>\n<meta property=\"article:published_time\" content=\"2023-08-03T19:04:14+00:00\" \/>\n<meta property=\"og:image\" content=\"https:\/\/crees.org.do\/wp-content\/uploads\/2023\/08\/Slide-1-4.png\" \/>\n\t<meta property=\"og:image:width\" content=\"1200\" \/>\n\t<meta property=\"og:image:height\" content=\"1200\" \/>\n\t<meta property=\"og:image:type\" content=\"image\/png\" \/>\n<meta name=\"author\" content=\"Crees\" \/>\n<meta name=\"twitter:card\" content=\"summary_large_image\" \/>\n<meta name=\"twitter:creator\" content=\"@CREESRD\" \/>\n<meta name=\"twitter:site\" content=\"@CREESRD\" \/>\n<meta name=\"twitter:label1\" content=\"Escrito por\" \/>\n\t<meta name=\"twitter:data1\" content=\"Crees\" \/>\n\t<meta name=\"twitter:label2\" content=\"Tiempo de lectura\" \/>\n\t<meta name=\"twitter:data2\" content=\"2 minutos\" \/>\n<script type=\"application\/ld+json\" class=\"yoast-schema-graph\">{\"@context\":\"https:\/\/schema.org\",\"@graph\":[{\"@type\":\"Article\",\"@id\":\"https:\/\/crees.org.do\/?p=25297#article\",\"isPartOf\":{\"@id\":\"https:\/\/crees.org.do\/?p=25297\"},\"author\":{\"name\":\"Crees\",\"@id\":\"https:\/\/crees.org.do\/#\/schema\/person\/e7f97cd94d7bf9cd0e0ce30acb7d56b8\"},\"headline\":\"\u00bfRealmente es baja la presi\u00f3n tributaria en Rep\u00fablica Dominicana?\",\"datePublished\":\"2023-08-03T19:04:14+00:00\",\"mainEntityOfPage\":{\"@id\":\"https:\/\/crees.org.do\/?p=25297\"},\"wordCount\":353,\"publisher\":{\"@id\":\"https:\/\/crees.org.do\/#organization\"},\"image\":{\"@id\":\"https:\/\/crees.org.do\/?p=25297#primaryimage\"},\"thumbnailUrl\":\"https:\/\/crees.org.do\/wp-content\/uploads\/2023\/08\/Slide-1-4.png\",\"keywords\":[\"\u00bfRealmente es baja la presi\u00f3n tributaria en Rep\u00fablica Dominicana?\"],\"articleSection\":[\"Blog\"],\"inLanguage\":\"es\"},{\"@type\":\"WebPage\",\"@id\":\"https:\/\/crees.org.do\/?p=25297\",\"url\":\"https:\/\/crees.org.do\/?p=25297\",\"name\":\"\u00bfRealmente es baja la presi\u00f3n tributaria en Rep\u00fablica Dominicana? | CREES\",\"isPartOf\":{\"@id\":\"https:\/\/crees.org.do\/#website\"},\"primaryImageOfPage\":{\"@id\":\"https:\/\/crees.org.do\/?p=25297#primaryimage\"},\"image\":{\"@id\":\"https:\/\/crees.org.do\/?p=25297#primaryimage\"},\"thumbnailUrl\":\"https:\/\/crees.org.do\/wp-content\/uploads\/2023\/08\/Slide-1-4.png\",\"datePublished\":\"2023-08-03T19:04:14+00:00\",\"breadcrumb\":{\"@id\":\"https:\/\/crees.org.do\/?p=25297#breadcrumb\"},\"inLanguage\":\"es\",\"potentialAction\":[{\"@type\":\"ReadAction\",\"target\":[\"https:\/\/crees.org.do\/?p=25297\"]}]},{\"@type\":\"ImageObject\",\"inLanguage\":\"es\",\"@id\":\"https:\/\/crees.org.do\/?p=25297#primaryimage\",\"url\":\"https:\/\/crees.org.do\/wp-content\/uploads\/2023\/08\/Slide-1-4.png\",\"contentUrl\":\"https:\/\/crees.org.do\/wp-content\/uploads\/2023\/08\/Slide-1-4.png\",\"width\":1200,\"height\":1200},{\"@type\":\"BreadcrumbList\",\"@id\":\"https:\/\/crees.org.do\/?p=25297#breadcrumb\",\"itemListElement\":[{\"@type\":\"ListItem\",\"position\":1,\"name\":\"Portada\",\"item\":\"https:\/\/crees.org.do\/\"},{\"@type\":\"ListItem\",\"position\":2,\"name\":\"\u00bfRealmente es baja la presi\u00f3n tributaria en Rep\u00fablica Dominicana?\"}]},{\"@type\":\"WebSite\",\"@id\":\"https:\/\/crees.org.do\/#website\",\"url\":\"https:\/\/crees.org.do\/\",\"name\":\"CREES\",\"description\":\"Centro Regional de Estrategias Econ\u00f3micas Sostenibles\",\"publisher\":{\"@id\":\"https:\/\/crees.org.do\/#organization\"},\"potentialAction\":[{\"@type\":\"SearchAction\",\"target\":{\"@type\":\"EntryPoint\",\"urlTemplate\":\"https:\/\/crees.org.do\/?s={search_term_string}\"},\"query-input\":{\"@type\":\"PropertyValueSpecification\",\"valueRequired\":true,\"valueName\":\"search_term_string\"}}],\"inLanguage\":\"es\"},{\"@type\":\"Organization\",\"@id\":\"https:\/\/crees.org.do\/#organization\",\"name\":\"CREES | Centro Regional de Estrategias Econ\u00f3micas Sostenibles\",\"url\":\"https:\/\/crees.org.do\/\",\"logo\":{\"@type\":\"ImageObject\",\"inLanguage\":\"es\",\"@id\":\"https:\/\/crees.org.do\/#\/schema\/logo\/image\/\",\"url\":\"https:\/\/crees.org.do\/wp-content\/uploads\/2022\/03\/crees-logo-1.jpg\",\"contentUrl\":\"https:\/\/crees.org.do\/wp-content\/uploads\/2022\/03\/crees-logo-1.jpg\",\"width\":244,\"height\":71,\"caption\":\"CREES | Centro Regional de Estrategias Econ\u00f3micas Sostenibles\"},\"image\":{\"@id\":\"https:\/\/crees.org.do\/#\/schema\/logo\/image\/\"},\"sameAs\":[\"https:\/\/www.facebook.com\/CREESRD\/\",\"https:\/\/x.com\/CREESRD\"]},{\"@type\":\"Person\",\"@id\":\"https:\/\/crees.org.do\/#\/schema\/person\/e7f97cd94d7bf9cd0e0ce30acb7d56b8\",\"name\":\"Crees\",\"image\":{\"@type\":\"ImageObject\",\"inLanguage\":\"es\",\"@id\":\"https:\/\/crees.org.do\/#\/schema\/person\/image\/\",\"url\":\"https:\/\/secure.gravatar.com\/avatar\/390ac8f0be5d9aa046152553e2dd7011b59a512d89c150f5e5f28bb8d9a0b165?s=96&d=mm&r=g\",\"contentUrl\":\"https:\/\/secure.gravatar.com\/avatar\/390ac8f0be5d9aa046152553e2dd7011b59a512d89c150f5e5f28bb8d9a0b165?s=96&d=mm&r=g\",\"caption\":\"Crees\"},\"url\":\"https:\/\/crees.org.do\/?author=2\"}]}<\/script>\n<!-- \/ Yoast SEO plugin. -->","yoast_head_json":{"title":"\u00bfRealmente es baja la presi\u00f3n tributaria en Rep\u00fablica Dominicana? | CREES","robots":{"index":"index","follow":"follow","max-snippet":"max-snippet:-1","max-image-preview":"max-image-preview:large","max-video-preview":"max-video-preview:-1"},"canonical":"https:\/\/crees.org.do\/?p=25297","og_locale":"es_ES","og_type":"article","og_title":"\u00bfRealmente es baja la presi\u00f3n tributaria en Rep\u00fablica Dominicana? | CREES","og_description":"\u00bfRealmente es baja la presi\u00f3n tributaria en Rep\u00fablica Dominicana? Cuando se argumenta que la presi\u00f3n tributaria de la Rep\u00fablica Dominicana es baja y se realizan comparaciones internacionales, se debe formular la pregunta: \u00bfc\u00f3mo se efect\u00faa la comparaci\u00f3n? Si las comparaciones se llevan a cabo contrastando ingresos por impuestos con ingresos que no provienen de tributos,...","og_url":"https:\/\/crees.org.do\/?p=25297","og_site_name":"CREES","article_publisher":"https:\/\/www.facebook.com\/CREESRD\/","article_published_time":"2023-08-03T19:04:14+00:00","og_image":[{"width":1200,"height":1200,"url":"https:\/\/crees.org.do\/wp-content\/uploads\/2023\/08\/Slide-1-4.png","type":"image\/png"}],"author":"Crees","twitter_card":"summary_large_image","twitter_creator":"@CREESRD","twitter_site":"@CREESRD","twitter_misc":{"Escrito por":"Crees","Tiempo de lectura":"2 minutos"},"schema":{"@context":"https:\/\/schema.org","@graph":[{"@type":"Article","@id":"https:\/\/crees.org.do\/?p=25297#article","isPartOf":{"@id":"https:\/\/crees.org.do\/?p=25297"},"author":{"name":"Crees","@id":"https:\/\/crees.org.do\/#\/schema\/person\/e7f97cd94d7bf9cd0e0ce30acb7d56b8"},"headline":"\u00bfRealmente es baja la presi\u00f3n tributaria en Rep\u00fablica Dominicana?","datePublished":"2023-08-03T19:04:14+00:00","mainEntityOfPage":{"@id":"https:\/\/crees.org.do\/?p=25297"},"wordCount":353,"publisher":{"@id":"https:\/\/crees.org.do\/#organization"},"image":{"@id":"https:\/\/crees.org.do\/?p=25297#primaryimage"},"thumbnailUrl":"https:\/\/crees.org.do\/wp-content\/uploads\/2023\/08\/Slide-1-4.png","keywords":["\u00bfRealmente es baja la presi\u00f3n tributaria en Rep\u00fablica Dominicana?"],"articleSection":["Blog"],"inLanguage":"es"},{"@type":"WebPage","@id":"https:\/\/crees.org.do\/?p=25297","url":"https:\/\/crees.org.do\/?p=25297","name":"\u00bfRealmente es baja la presi\u00f3n tributaria en Rep\u00fablica Dominicana? | CREES","isPartOf":{"@id":"https:\/\/crees.org.do\/#website"},"primaryImageOfPage":{"@id":"https:\/\/crees.org.do\/?p=25297#primaryimage"},"image":{"@id":"https:\/\/crees.org.do\/?p=25297#primaryimage"},"thumbnailUrl":"https:\/\/crees.org.do\/wp-content\/uploads\/2023\/08\/Slide-1-4.png","datePublished":"2023-08-03T19:04:14+00:00","breadcrumb":{"@id":"https:\/\/crees.org.do\/?p=25297#breadcrumb"},"inLanguage":"es","potentialAction":[{"@type":"ReadAction","target":["https:\/\/crees.org.do\/?p=25297"]}]},{"@type":"ImageObject","inLanguage":"es","@id":"https:\/\/crees.org.do\/?p=25297#primaryimage","url":"https:\/\/crees.org.do\/wp-content\/uploads\/2023\/08\/Slide-1-4.png","contentUrl":"https:\/\/crees.org.do\/wp-content\/uploads\/2023\/08\/Slide-1-4.png","width":1200,"height":1200},{"@type":"BreadcrumbList","@id":"https:\/\/crees.org.do\/?p=25297#breadcrumb","itemListElement":[{"@type":"ListItem","position":1,"name":"Portada","item":"https:\/\/crees.org.do\/"},{"@type":"ListItem","position":2,"name":"\u00bfRealmente es baja la presi\u00f3n tributaria en Rep\u00fablica Dominicana?"}]},{"@type":"WebSite","@id":"https:\/\/crees.org.do\/#website","url":"https:\/\/crees.org.do\/","name":"CREES","description":"Centro Regional de Estrategias Econ\u00f3micas Sostenibles","publisher":{"@id":"https:\/\/crees.org.do\/#organization"},"potentialAction":[{"@type":"SearchAction","target":{"@type":"EntryPoint","urlTemplate":"https:\/\/crees.org.do\/?s={search_term_string}"},"query-input":{"@type":"PropertyValueSpecification","valueRequired":true,"valueName":"search_term_string"}}],"inLanguage":"es"},{"@type":"Organization","@id":"https:\/\/crees.org.do\/#organization","name":"CREES | Centro Regional de Estrategias Econ\u00f3micas Sostenibles","url":"https:\/\/crees.org.do\/","logo":{"@type":"ImageObject","inLanguage":"es","@id":"https:\/\/crees.org.do\/#\/schema\/logo\/image\/","url":"https:\/\/crees.org.do\/wp-content\/uploads\/2022\/03\/crees-logo-1.jpg","contentUrl":"https:\/\/crees.org.do\/wp-content\/uploads\/2022\/03\/crees-logo-1.jpg","width":244,"height":71,"caption":"CREES | Centro Regional de Estrategias Econ\u00f3micas Sostenibles"},"image":{"@id":"https:\/\/crees.org.do\/#\/schema\/logo\/image\/"},"sameAs":["https:\/\/www.facebook.com\/CREESRD\/","https:\/\/x.com\/CREESRD"]},{"@type":"Person","@id":"https:\/\/crees.org.do\/#\/schema\/person\/e7f97cd94d7bf9cd0e0ce30acb7d56b8","name":"Crees","image":{"@type":"ImageObject","inLanguage":"es","@id":"https:\/\/crees.org.do\/#\/schema\/person\/image\/","url":"https:\/\/secure.gravatar.com\/avatar\/390ac8f0be5d9aa046152553e2dd7011b59a512d89c150f5e5f28bb8d9a0b165?s=96&d=mm&r=g","contentUrl":"https:\/\/secure.gravatar.com\/avatar\/390ac8f0be5d9aa046152553e2dd7011b59a512d89c150f5e5f28bb8d9a0b165?s=96&d=mm&r=g","caption":"Crees"},"url":"https:\/\/crees.org.do\/?author=2"}]}},"_links":{"self":[{"href":"https:\/\/crees.org.do\/index.php?rest_route=\/wp\/v2\/posts\/25297","targetHints":{"allow":["GET"]}}],"collection":[{"href":"https:\/\/crees.org.do\/index.php?rest_route=\/wp\/v2\/posts"}],"about":[{"href":"https:\/\/crees.org.do\/index.php?rest_route=\/wp\/v2\/types\/post"}],"author":[{"embeddable":true,"href":"https:\/\/crees.org.do\/index.php?rest_route=\/wp\/v2\/users\/2"}],"replies":[{"embeddable":true,"href":"https:\/\/crees.org.do\/index.php?rest_route=%2Fwp%2Fv2%2Fcomments&post=25297"}],"version-history":[{"count":1,"href":"https:\/\/crees.org.do\/index.php?rest_route=\/wp\/v2\/posts\/25297\/revisions"}],"predecessor-version":[{"id":25299,"href":"https:\/\/crees.org.do\/index.php?rest_route=\/wp\/v2\/posts\/25297\/revisions\/25299"}],"wp:featuredmedia":[{"embeddable":true,"href":"https:\/\/crees.org.do\/index.php?rest_route=\/wp\/v2\/media\/25298"}],"wp:attachment":[{"href":"https:\/\/crees.org.do\/index.php?rest_route=%2Fwp%2Fv2%2Fmedia&parent=25297"}],"wp:term":[{"taxonomy":"category","embeddable":true,"href":"https:\/\/crees.org.do\/index.php?rest_route=%2Fwp%2Fv2%2Fcategories&post=25297"},{"taxonomy":"post_tag","embeddable":true,"href":"https:\/\/crees.org.do\/index.php?rest_route=%2Fwp%2Fv2%2Ftags&post=25297"}],"curies":[{"name":"wp","href":"https:\/\/api.w.org\/{rel}","templated":true}]}}